{"id":1336,"date":"2024-07-03T01:32:47","date_gmt":"2024-07-02T22:32:47","guid":{"rendered":"http:\/\/magyarnapok.ro\/2024\/?p=1336"},"modified":"2024-08-17T13:22:07","modified_gmt":"2024-08-17T10:22:07","slug":"tizenotodik-kiadasaval-jelentkezik-augusztus-18-25-kozott-a-kolozsvari-magyar-napok","status":"publish","type":"post","link":"https:\/\/magyarnapok.ro\/2024\/tizenotodik-kiadasaval-jelentkezik-augusztus-18-25-kozott-a-kolozsvari-magyar-napok\/","title":{"rendered":"Tizen\u00f6t\u00f6dik kiad\u00e1s\u00e1val jelentkezik augusztus 18-25. k\u00f6z\u00f6tt a Kolozsv\u00e1ri Magyar Napok"},"content":{"rendered":"\n<p><strong>Egy szerda d\u00e9lel\u0151tti sajt\u00f3t\u00e1j\u00e9koztat\u00f3n ismertette az augusztus 18-25. k\u00f6z\u00f6tt imm\u00e1r tizen\u00f6t\u00f6dik kiad\u00e1s\u00e1val jelentkez\u0151 Kolozsv\u00e1ri Magyar Napokkal kapcsolatos f\u0151bb tudnival\u00f3kat Gergely Bal\u00e1zs, a Kincses Kolozsv\u00e1r Egyes\u00fclet eln\u00f6ke, a Kolozsv\u00e1ri Magyar Napok f\u0151szervez\u0151je \u00e9s Szab\u00f3 Lilla, a Magyar Napok programigazgat\u00f3ja.<\/strong><\/p>\n\n\n\n<p>\u201eNagy \u00f6r\u00f6m, hogy imm\u00e1r 15. alkalommal l\u00e1thatunk neki rendezv\u00e9nysorozatunk megszervez\u00e9s\u00e9hez. A kor\u00e1bbi \u00e9vek tapasztalatai alapj\u00e1n elmondhat\u00f3: j\u00f3l \u00e1llunk a munk\u00e1val, a f\u0151bb programpontok m\u00e1r mind v\u00e9glegesek, \u00e9s sz\u00e9pen alakul a programk\u00edn\u00e1lat t\u00f6bbi r\u00e9sze is. Nem k\u00f6nny\u0171 ez az \u00e9v, hiszen a legt\u00f6bb ny\u00e1ri fesztiv\u00e1l k\u00e9t v\u00e1laszt\u00e1si id\u0151szak k\u00f6z\u00e9 \u00e9kel\u0151dik, szervez\u0151kk\u00e9nt azonban abban b\u00edzunk, hogy a v\u00e1laszt\u00e1si hadj\u00e1ratok k\u00f6zepette a Kolozsv\u00e1ri Magyar Napok ism\u00e9t a b\u00e9ke szigete lesz\u201d \u2013 mondta Gergely Bal\u00e1zs.<\/p>\n\n\n\n<p>A sajt\u00f3t\u00e1j\u00e9koztat\u00f3n elhangzott: a kor\u00e1bbi \u00e9vekhez hasonl\u00f3an a felvezet\u0151 programok m\u00e1r szombaton (augusztus 17-\u00e9n) elkezd\u0151dnek, ugyanakkor \u00fajra megszervezik \u2013 augusztus 16-21. k\u00f6z\u00f6tt \u00e9s imm\u00e1r m\u00e1sodik alkalommal \u2013 a Kolozsv\u00e1ri Magyar Napok t\u00e1rsrendezv\u00e9ny\u00e9t, a Magyar Egyh\u00e1zzenei F\u00f3rumot, melynek r\u00e9szleteir\u0151l a k\u00e9s\u0151bbiekben t\u00e1j\u00e9koztatj\u00e1k a nyilv\u00e1noss\u00e1got. A szervez\u0151k elmondt\u00e1k: \u201eA h\u00e9t meg a nyolc\u00e1t!\u201d mott\u00f3val megszervezend\u0151 Magyar Napok \u00f6sszes ismert \u00e9s nagy n\u00e9pszer\u0171s\u00e9gnek \u00f6rvend\u0151 programhelysz\u00edne \u00fajra v\u00e1rni fogja a kincses v\u00e1ros lak\u00f3it \u00e9s az ide \u00e9rkez\u0151 vend\u00e9geket, a rendezv\u00e9nysorozat \u00fcnnep\u00e9lyes nyit\u00f3g\u00e1l\u00e1j\u00e1t pedig augusztus 19-\u00e9n 19 \u00f3r\u00e1t\u00f3l tartj\u00e1k a Kolozsv\u00e1ri Magyar Opera nagyterm\u00e9ben. (A nyit\u00f3g\u00e1l\u00e1val kapcsolatos r\u00e9szleteket szint\u00e9n egy k\u00e9s\u0151bbi id\u0151pontban k\u00f6zlik a szervez\u0151k.) A Farkas utca ism\u00e9t fesztiv\u00e1l utcak\u00e9nt \u00fczemel majd, ahol az Erd\u00e9lyi K\u00e9zm\u0171ves C\u00e9h szervez\u00e9s\u00e9ben lesz \u00fajra k\u00e9zm\u0171ves v\u00e1s\u00e1r, a Kolozsv\u00e1ri Reform\u00e1tus Koll\u00e9gium udvar\u00e1n ism\u00e9t Folkudvar m\u0171k\u00f6dik majd (az Erd\u00e9lyi Hagyom\u00e1nyok H\u00e1za szervez\u00e9s\u00e9ben), a Romkertben a Salina Compania hagyom\u00e1ny\u0151rz\u0151i v\u00e1rj\u00e1k majd a legkisebbeket \u00e9s a csal\u00e1dosokat, a Szentegyh\u00e1za utca 4. sz\u00e1m alatt Ifj\u00fas\u00e1gi Udvar m\u0171k\u00f6dik majd, ism\u00e9t lesz M\u00fazeumok S\u00e9t\u00e1nya \u00e9s k\u00f6nyvv\u00e1s\u00e1r, augusztus 24-\u00e9n a 6. KMN Donaton Fut\u00f3versenyen m\u00e9rhetik \u00f6ssze \u00e1ll\u00f3k\u00e9pess\u00e9g\u00fcket a jelentkez\u0151k a t\u00f6r\u00f6kv\u00e1g\u00e1si Kolozsv\u00e1ri Falum\u00fazeum ter\u00fclet\u00e9n, s ugyanitt szervezik meg a hagyom\u00e1nyos \u00f6r\u00f6mf\u0151z\u00e9st is. A Fogoly utca \u00fajra Borutcak\u00e9nt v\u00e1rja majd mindazokat, akik a K\u00e1rp\u00e1t-medence bork\u00fcl\u00f6nlegess\u00e9geit szeretn\u00e9k megk\u00f3stolni, a tavalyi \u00e9vben megszervezett csal\u00e1di sportnap kib\u0151v\u00edtett form\u00e1ban v\u00e1rja majd az \u00e9rdekl\u0151d\u0151ket, a B\u00e1nffy-udvarban tal\u00e1lhat\u00f3 Pet\u0151fi-sz\u00ednpad pedig ism\u00e9t bemutatkoz\u00e1si lehet\u0151s\u00e9get biztos\u00edt majd a felt\u00f6rekv\u0151 tehets\u00e9geknek \u00e9s a m\u00e1r ismert, magyar k\u00f6nny\u0171zen\u00e9t j\u00e1tsz\u00f3 form\u00e1ci\u00f3knak. A tavalyi \u00e9vhez hasonl\u00f3an, id\u00e9n is tematikus besz\u00e9lget\u00e9sekkel \u00e9s sz\u00ednes programk\u00edn\u00e1lattal v\u00e1rja a magyarnapoz\u00f3 k\u00f6z\u00f6ns\u00e9get a Magyarorsz\u00e1g kolozsv\u00e1ri f\u0151konzul\u00e1tus\u00e1nak udvar\u00e1n m\u0171k\u00f6d\u0151 #F\u0151t\u00e9r23 elnevez\u00e9s\u0171 programhelysz\u00edn.<\/p>\n\n\n\n<p>\u201eMik\u00e9nt az elm\u00falt \u00e9vekben, \u00fagy id\u00e9n is arra t\u00f6reksz\u00fcnk \u2013 partnerszervezeteinkkel k\u00f6z\u00f6sen \u00e9s a programk\u00edn\u00e1lat kialak\u00edt\u00e1sa sor\u00e1n \u2013, hogy minden koroszt\u00e1ly megtal\u00e1lhassa a kedv\u00e9re val\u00f3 programpontot. A kolozsv\u00e1ri magyar kultur\u00e1lis-oktat\u00e1si int\u00e9zm\u00e9nyek id\u00e9n is sz\u00e9lesre t\u00e1rj\u00e1k majd kapuikat a l\u00e1togat\u00f3k el\u0151tt, v\u00e1ltozatos rendezv\u00e9nyekkel v\u00e1rva az \u00e9rdekl\u0151d\u0151ket, a Magyar Napok teljes programk\u00edn\u00e1lata pedig legk\u00e9s\u0151bb j\u00falius elej\u00e9n b\u00f6ng\u00e9szhet\u0151 lesz majd honlapunkon, melyet j\u00fanius elej\u00e9n tesz\u00fcnk el\u00e9rhet\u0151v\u00e9\u201d \u2013 mondta Szab\u00f3 Lilla. A Magyar Napok programigazgat\u00f3ja hozz\u00e1tette: hamarosan k\u00f6zz\u00e9teszik az \u00f6nk\u00e9nteseknek sz\u00f3l\u00f3 felh\u00edv\u00e1st is, hiszen id\u00e9n is v\u00e1rj\u00e1k azoknak a fiataloknak a jelentkez\u00e9s\u00e9t, akik munk\u00e1jukkal szeretn\u00e9nek hozz\u00e1j\u00e1rulni a K\u00e1rp\u00e1t-medence egyik legnagyobb kultur\u00e1lis fesztiv\u00e1lj\u00e1nak megszervez\u00e9s\u00e9hez.<\/p>\n\n\n\n<p class=\"has-text-align-left\"><strong>Koncertprogram Kolozsv\u00e1r F\u0151ter\u00e9n<\/strong><\/p>\n\n\n\n<p>A 15. Kolozsv\u00e1ri Magyar Napok ism\u00e9t v\u00e1ltozatos f\u0151t\u00e9ri koncertprogrammal v\u00e1rja a magyarnapoz\u00f3kat. Nemzeti \u00fcnnep\u00fcnk\u00f6n, augusztus 20-\u00e1n, a 26. Szent Istv\u00e1n-napi N\u00e9pt\u00e1nctal\u00e1lkoz\u00f3 g\u00e1lam\u0171sor\u00e1ra ker\u00fcl sor. Augusztus 21-\u00e9n a Zanzib\u00e1r \u00e9s a Neoton Fam\u00edlia ad koncertet, augusztus 22-\u00e9n pedig a Parno Graszt m\u0171v\u00e9szei l\u00e9pnek sz\u00ednpadra, majd \u0151ket k\u00f6vet\u0151en az Elef\u00e1nt csap a h\u00farok k\u00f6z\u00e9. Augusztus 23-\u00e1n a Vastag Tam\u00e1ssal kieg\u00e9sz\u00fclt Debrecen Big Band j\u00e1tszik hamis\u00edthatatlan, nagyzenekari jazzt, \u0151ket pedig egy kolozsv\u00e1ri koncertk\u00fcl\u00f6nlegess\u00e9g k\u00f6veti, hiszen a magyarnapos B\u00e1nffy-udvarb\u00e9li bulik legn\u00e9pszer\u0171bb produkci\u00f3ja \u2013 a kolozsv\u00e1ri git\u00e1rest \u00e9s a LetShow zenekar, megh\u00edvott el\u0151ad\u00f3kkal kieg\u00e9sz\u00fclve \u2013 lesz l\u00e1that\u00f3 a f\u0151t\u00e9ri nagysz\u00ednpadon, ahol az elm\u00falt 50 \u00e9v magyar sl\u00e1gereit elj\u00e1tszva teremtenek majd igazi, h\u00e1rom \u00f3r\u00e1n \u00e1t tart\u00f3 h\u00e1zibuli-hangulatot. Augusztus 24-\u00e9n a felt\u00f6rekv\u0151 \u00e9s egyre nagyobb n\u00e9pszer\u0171s\u00e9gnek \u00f6rvend\u0151, sepsiszentgy\u00f6rgyi Raklap zenekar ad koncertet, \u0151ket k\u00f6vet\u0151en pedig a Kowalsky meg a Vega csap a h\u00farok k\u00f6z\u00e9. A Kolozsv\u00e1ri Magyar Napok z\u00e1r\u00f3napj\u00e1n (augusztus 25-\u00e9n) \u00e9s a f\u0151t\u00e9ri sz\u00ednpadon nagyszab\u00e1s\u00fa n\u00f3tag\u00e1l\u00e1ra sz\u00e1m\u00edthatnak az \u00e9rdekl\u0151d\u0151k, majd pedig Demj\u00e9n Ferenc \u00e9s zenekara t\u00e9r vissza a kincses v\u00e1ros F\u0151ter\u00e9re.<\/p>\n\n\n\n<p>A rendezv\u00e9nysorozat k\u00f6zeledt\u00e9vel a szervez\u0151k m\u00e9g t\u00f6bb inform\u00e1ci\u00f3t k\u00f6z\u00f6lnek majd a v\u00e1ltozatosnak \u00edg\u00e9rkez\u0151 programk\u00edn\u00e1latr\u00f3l, s mindenkit arra biztatnak, hogy addig is k\u00f6vess\u00e9k a&nbsp;<a href=\"https:\/\/www.facebook.com\/magyarnapok\">Kolozsv\u00e1ri Magyar Napok Facebook-oldal\u00e1t<\/a>, ahol minden fontos tudnival\u00f3r\u00f3l t\u00e1j\u00e9koz\u00f3dhatnak.<\/p>\n","protected":false},"excerpt":{"rendered":"<p>Sajt\u00f3t\u00e1j\u00e9koztat\u00f3n ismertette az augusztus 18-25. k\u00f6z\u00f6tt imm\u00e1r tizen\u00f6t\u00f6dik kiad\u00e1s\u00e1val jelentkez\u0151 Kolozsv\u00e1ri Magyar Napokkal kapcsolatos f\u0151bb tudnival\u00f3kat Gergely Bal\u00e1zs,  \u00e9s Szab\u00f3 Lilla.<\/p>\n","protected":false},"author":1,"featured_media":452,"comment_status":"closed","ping_status":"open","sticky":false,"template":"","format":"standard","meta":{"_acf_changed":false,"footnotes":""},"categories":[1],"tags":[],"class_list":["post-1336","post","type-post","status-publish","format-standard","has-post-thumbnail","hentry","category-egyeb"],"acf":[],"yoast_head":"<!-- This site is optimized with the Yoast SEO plugin v23.0 - https:\/\/yoast.com\/wordpress\/plugins\/seo\/ -->\n<title>Tizen\u00f6t\u00f6dik kiad\u00e1s\u00e1val jelentkezik augusztus 18-25. k\u00f6z\u00f6tt a Kolozsv\u00e1ri Magyar Napok - Kolozsv\u00e1ri Magyar Napok 2024<\/title>\n<meta name=\"robots\" content=\"index, follow, max-snippet:-1, max-image-preview:large, max-video-preview:-1\" \/>\n<link rel=\"canonical\" href=\"https:\/\/magyarnapok.ro\/2024\/tizenotodik-kiadasaval-jelentkezik-augusztus-18-25-kozott-a-kolozsvari-magyar-napok\/\" \/>\n<meta property=\"og:locale\" content=\"hu_HU\" \/>\n<meta property=\"og:type\" content=\"article\" \/>\n<meta property=\"og:title\" content=\"Tizen\u00f6t\u00f6dik kiad\u00e1s\u00e1val jelentkezik augusztus 18-25. k\u00f6z\u00f6tt a Kolozsv\u00e1ri Magyar Napok - Kolozsv\u00e1ri Magyar Napok 2024\" \/>\n<meta property=\"og:description\" content=\"Sajt\u00f3t\u00e1j\u00e9koztat\u00f3n ismertette az augusztus 18-25. k\u00f6z\u00f6tt imm\u00e1r tizen\u00f6t\u00f6dik kiad\u00e1s\u00e1val jelentkez\u0151 Kolozsv\u00e1ri Magyar Napokkal kapcsolatos f\u0151bb tudnival\u00f3kat Gergely Bal\u00e1zs, \u00e9s Szab\u00f3 Lilla.\" \/>\n<meta property=\"og:url\" content=\"https:\/\/magyarnapok.ro\/2024\/tizenotodik-kiadasaval-jelentkezik-augusztus-18-25-kozott-a-kolozsvari-magyar-napok\/\" \/>\n<meta property=\"og:site_name\" content=\"Kolozsv\u00e1ri Magyar Napok 2024\" \/>\n<meta property=\"article:publisher\" content=\"https:\/\/www.facebook.com\/magyarnapok\" \/>\n<meta property=\"article:published_time\" content=\"2024-07-02T22:32:47+00:00\" \/>\n<meta property=\"article:modified_time\" content=\"2024-08-17T10:22:07+00:00\" \/>\n<meta property=\"og:image\" content=\"https:\/\/magyarnapok.ro\/2024\/wp-content\/uploads\/2024\/06\/KMN2024-www-intro-hu-01.jpg\" \/>\n\t<meta property=\"og:image:width\" content=\"1920\" \/>\n\t<meta property=\"og:image:height\" content=\"1080\" \/>\n\t<meta property=\"og:image:type\" content=\"image\/jpeg\" \/>\n<meta name=\"author\" content=\"tcsaki95\" \/>\n<meta name=\"twitter:card\" content=\"summary_large_image\" \/>\n<meta name=\"twitter:label1\" content=\"Szerz\u0151:\" \/>\n\t<meta name=\"twitter:data1\" content=\"tcsaki95\" \/>\n\t<meta name=\"twitter:label2\" content=\"Becs\u00fclt olvas\u00e1si id\u0151\" \/>\n\t<meta name=\"twitter:data2\" content=\"4 perc\" \/>\n<script type=\"application\/ld+json\" class=\"yoast-schema-graph\">{\"@context\":\"https:\/\/schema.org\",\"@graph\":[{\"@type\":\"Article\",\"@id\":\"https:\/\/magyarnapok.ro\/2024\/tizenotodik-kiadasaval-jelentkezik-augusztus-18-25-kozott-a-kolozsvari-magyar-napok\/#article\",\"isPartOf\":{\"@id\":\"https:\/\/magyarnapok.ro\/2024\/tizenotodik-kiadasaval-jelentkezik-augusztus-18-25-kozott-a-kolozsvari-magyar-napok\/\"},\"author\":{\"name\":\"tcsaki95\",\"@id\":\"https:\/\/magyarnapok.ro\/2024\/#\/schema\/person\/b15ffa9065b6dcc35d16388c8e520f8d\"},\"headline\":\"Tizen\u00f6t\u00f6dik kiad\u00e1s\u00e1val jelentkezik augusztus 18-25. k\u00f6z\u00f6tt a Kolozsv\u00e1ri Magyar Napok\",\"datePublished\":\"2024-07-02T22:32:47+00:00\",\"dateModified\":\"2024-08-17T10:22:07+00:00\",\"mainEntityOfPage\":{\"@id\":\"https:\/\/magyarnapok.ro\/2024\/tizenotodik-kiadasaval-jelentkezik-augusztus-18-25-kozott-a-kolozsvari-magyar-napok\/\"},\"wordCount\":1106,\"publisher\":{\"@id\":\"https:\/\/magyarnapok.ro\/2024\/#organization\"},\"image\":{\"@id\":\"https:\/\/magyarnapok.ro\/2024\/tizenotodik-kiadasaval-jelentkezik-augusztus-18-25-kozott-a-kolozsvari-magyar-napok\/#primaryimage\"},\"thumbnailUrl\":\"https:\/\/magyarnapok.ro\/2024\/wp-content\/uploads\/2024\/06\/KMN2024-www-intro-hu-01.jpg\",\"inLanguage\":\"hu\"},{\"@type\":\"WebPage\",\"@id\":\"https:\/\/magyarnapok.ro\/2024\/tizenotodik-kiadasaval-jelentkezik-augusztus-18-25-kozott-a-kolozsvari-magyar-napok\/\",\"url\":\"https:\/\/magyarnapok.ro\/2024\/tizenotodik-kiadasaval-jelentkezik-augusztus-18-25-kozott-a-kolozsvari-magyar-napok\/\",\"name\":\"Tizen\u00f6t\u00f6dik kiad\u00e1s\u00e1val jelentkezik augusztus 18-25. k\u00f6z\u00f6tt a Kolozsv\u00e1ri Magyar Napok - Kolozsv\u00e1ri Magyar Napok 2024\",\"isPartOf\":{\"@id\":\"https:\/\/magyarnapok.ro\/2024\/#website\"},\"primaryImageOfPage\":{\"@id\":\"https:\/\/magyarnapok.ro\/2024\/tizenotodik-kiadasaval-jelentkezik-augusztus-18-25-kozott-a-kolozsvari-magyar-napok\/#primaryimage\"},\"image\":{\"@id\":\"https:\/\/magyarnapok.ro\/2024\/tizenotodik-kiadasaval-jelentkezik-augusztus-18-25-kozott-a-kolozsvari-magyar-napok\/#primaryimage\"},\"thumbnailUrl\":\"https:\/\/magyarnapok.ro\/2024\/wp-content\/uploads\/2024\/06\/KMN2024-www-intro-hu-01.jpg\",\"datePublished\":\"2024-07-02T22:32:47+00:00\",\"dateModified\":\"2024-08-17T10:22:07+00:00\",\"breadcrumb\":{\"@id\":\"https:\/\/magyarnapok.ro\/2024\/tizenotodik-kiadasaval-jelentkezik-augusztus-18-25-kozott-a-kolozsvari-magyar-napok\/#breadcrumb\"},\"inLanguage\":\"hu\",\"potentialAction\":[{\"@type\":\"ReadAction\",\"target\":[\"https:\/\/magyarnapok.ro\/2024\/tizenotodik-kiadasaval-jelentkezik-augusztus-18-25-kozott-a-kolozsvari-magyar-napok\/\"]}]},{\"@type\":\"ImageObject\",\"inLanguage\":\"hu\",\"@id\":\"https:\/\/magyarnapok.ro\/2024\/tizenotodik-kiadasaval-jelentkezik-augusztus-18-25-kozott-a-kolozsvari-magyar-napok\/#primaryimage\",\"url\":\"https:\/\/magyarnapok.ro\/2024\/wp-content\/uploads\/2024\/06\/KMN2024-www-intro-hu-01.jpg\",\"contentUrl\":\"https:\/\/magyarnapok.ro\/2024\/wp-content\/uploads\/2024\/06\/KMN2024-www-intro-hu-01.jpg\",\"width\":1920,\"height\":1080},{\"@type\":\"BreadcrumbList\",\"@id\":\"https:\/\/magyarnapok.ro\/2024\/tizenotodik-kiadasaval-jelentkezik-augusztus-18-25-kozott-a-kolozsvari-magyar-napok\/#breadcrumb\",\"itemListElement\":[{\"@type\":\"ListItem\",\"position\":1,\"name\":\"Home\",\"item\":\"https:\/\/magyarnapok.ro\/2024\/\"},{\"@type\":\"ListItem\",\"position\":2,\"name\":\"Tizen\u00f6t\u00f6dik kiad\u00e1s\u00e1val jelentkezik augusztus 18-25. k\u00f6z\u00f6tt a Kolozsv\u00e1ri Magyar Napok\"}]},{\"@type\":\"WebSite\",\"@id\":\"https:\/\/magyarnapok.ro\/2024\/#website\",\"url\":\"https:\/\/magyarnapok.ro\/2024\/\",\"name\":\"Kolozsv\u00e1ri Magyar Napok 2024\",\"description\":\"A h\u00e9t meg a nyolc\u00e1t!\",\"publisher\":{\"@id\":\"https:\/\/magyarnapok.ro\/2024\/#organization\"},\"potentialAction\":[{\"@type\":\"SearchAction\",\"target\":{\"@type\":\"EntryPoint\",\"urlTemplate\":\"https:\/\/magyarnapok.ro\/2024\/?s={search_term_string}\"},\"query-input\":\"required name=search_term_string\"}],\"inLanguage\":\"hu\"},{\"@type\":\"Organization\",\"@id\":\"https:\/\/magyarnapok.ro\/2024\/#organization\",\"name\":\"Kolozsv\u00e1ri Magyar Napok\",\"url\":\"https:\/\/magyarnapok.ro\/2024\/\",\"logo\":{\"@type\":\"ImageObject\",\"inLanguage\":\"hu\",\"@id\":\"https:\/\/magyarnapok.ro\/2024\/#\/schema\/logo\/image\/\",\"url\":\"https:\/\/magyarnapok.ro\/2024\/wp-content\/uploads\/2024\/04\/kmn_15_logo.png\",\"contentUrl\":\"https:\/\/magyarnapok.ro\/2024\/wp-content\/uploads\/2024\/04\/kmn_15_logo.png\",\"width\":385,\"height\":362,\"caption\":\"Kolozsv\u00e1ri Magyar Napok\"},\"image\":{\"@id\":\"https:\/\/magyarnapok.ro\/2024\/#\/schema\/logo\/image\/\"},\"sameAs\":[\"https:\/\/www.facebook.com\/magyarnapok\",\"https:\/\/www.instagram.com\/magyarnapok\/\",\"https:\/\/www.youtube.com\/c\/KolozsvriMagyarNapok2015\"]},{\"@type\":\"Person\",\"@id\":\"https:\/\/magyarnapok.ro\/2024\/#\/schema\/person\/b15ffa9065b6dcc35d16388c8e520f8d\",\"name\":\"tcsaki95\",\"image\":{\"@type\":\"ImageObject\",\"inLanguage\":\"hu\",\"@id\":\"https:\/\/magyarnapok.ro\/2024\/#\/schema\/person\/image\/\",\"url\":\"https:\/\/secure.gravatar.com\/avatar\/b0578df663d19a8ea8a80a25aa23ae8cbef69003a20f8f44c9effbef71509717?s=96&d=mm&r=g\",\"contentUrl\":\"https:\/\/secure.gravatar.com\/avatar\/b0578df663d19a8ea8a80a25aa23ae8cbef69003a20f8f44c9effbef71509717?s=96&d=mm&r=g\",\"caption\":\"tcsaki95\"},\"sameAs\":[\"http:\/\/magyarnapok.ro\/2024\"],\"url\":\"https:\/\/magyarnapok.ro\/2024\/author\/tcsaki95\/\"}]}<\/script>\n<!-- \/ Yoast SEO plugin. -->","yoast_head_json":{"title":"Tizen\u00f6t\u00f6dik kiad\u00e1s\u00e1val jelentkezik augusztus 18-25. k\u00f6z\u00f6tt a Kolozsv\u00e1ri Magyar Napok - Kolozsv\u00e1ri Magyar Napok 2024","robots":{"index":"index","follow":"follow","max-snippet":"max-snippet:-1","max-image-preview":"max-image-preview:large","max-video-preview":"max-video-preview:-1"},"canonical":"https:\/\/magyarnapok.ro\/2024\/tizenotodik-kiadasaval-jelentkezik-augusztus-18-25-kozott-a-kolozsvari-magyar-napok\/","og_locale":"hu_HU","og_type":"article","og_title":"Tizen\u00f6t\u00f6dik kiad\u00e1s\u00e1val jelentkezik augusztus 18-25. k\u00f6z\u00f6tt a Kolozsv\u00e1ri Magyar Napok - Kolozsv\u00e1ri Magyar Napok 2024","og_description":"Sajt\u00f3t\u00e1j\u00e9koztat\u00f3n ismertette az augusztus 18-25. k\u00f6z\u00f6tt imm\u00e1r tizen\u00f6t\u00f6dik kiad\u00e1s\u00e1val jelentkez\u0151 Kolozsv\u00e1ri Magyar Napokkal kapcsolatos f\u0151bb tudnival\u00f3kat Gergely Bal\u00e1zs, \u00e9s Szab\u00f3 Lilla.","og_url":"https:\/\/magyarnapok.ro\/2024\/tizenotodik-kiadasaval-jelentkezik-augusztus-18-25-kozott-a-kolozsvari-magyar-napok\/","og_site_name":"Kolozsv\u00e1ri Magyar Napok 2024","article_publisher":"https:\/\/www.facebook.com\/magyarnapok","article_published_time":"2024-07-02T22:32:47+00:00","article_modified_time":"2024-08-17T10:22:07+00:00","og_image":[{"width":1920,"height":1080,"url":"https:\/\/magyarnapok.ro\/2024\/wp-content\/uploads\/2024\/06\/KMN2024-www-intro-hu-01.jpg","type":"image\/jpeg"}],"author":"tcsaki95","twitter_card":"summary_large_image","twitter_misc":{"Szerz\u0151:":"tcsaki95","Becs\u00fclt olvas\u00e1si id\u0151":"4 perc"},"schema":{"@context":"https:\/\/schema.org","@graph":[{"@type":"Article","@id":"https:\/\/magyarnapok.ro\/2024\/tizenotodik-kiadasaval-jelentkezik-augusztus-18-25-kozott-a-kolozsvari-magyar-napok\/#article","isPartOf":{"@id":"https:\/\/magyarnapok.ro\/2024\/tizenotodik-kiadasaval-jelentkezik-augusztus-18-25-kozott-a-kolozsvari-magyar-napok\/"},"author":{"name":"tcsaki95","@id":"https:\/\/magyarnapok.ro\/2024\/#\/schema\/person\/b15ffa9065b6dcc35d16388c8e520f8d"},"headline":"Tizen\u00f6t\u00f6dik kiad\u00e1s\u00e1val jelentkezik augusztus 18-25. k\u00f6z\u00f6tt a Kolozsv\u00e1ri Magyar Napok","datePublished":"2024-07-02T22:32:47+00:00","dateModified":"2024-08-17T10:22:07+00:00","mainEntityOfPage":{"@id":"https:\/\/magyarnapok.ro\/2024\/tizenotodik-kiadasaval-jelentkezik-augusztus-18-25-kozott-a-kolozsvari-magyar-napok\/"},"wordCount":1106,"publisher":{"@id":"https:\/\/magyarnapok.ro\/2024\/#organization"},"image":{"@id":"https:\/\/magyarnapok.ro\/2024\/tizenotodik-kiadasaval-jelentkezik-augusztus-18-25-kozott-a-kolozsvari-magyar-napok\/#primaryimage"},"thumbnailUrl":"https:\/\/magyarnapok.ro\/2024\/wp-content\/uploads\/2024\/06\/KMN2024-www-intro-hu-01.jpg","inLanguage":"hu"},{"@type":"WebPage","@id":"https:\/\/magyarnapok.ro\/2024\/tizenotodik-kiadasaval-jelentkezik-augusztus-18-25-kozott-a-kolozsvari-magyar-napok\/","url":"https:\/\/magyarnapok.ro\/2024\/tizenotodik-kiadasaval-jelentkezik-augusztus-18-25-kozott-a-kolozsvari-magyar-napok\/","name":"Tizen\u00f6t\u00f6dik kiad\u00e1s\u00e1val jelentkezik augusztus 18-25. k\u00f6z\u00f6tt a Kolozsv\u00e1ri Magyar Napok - Kolozsv\u00e1ri Magyar Napok 2024","isPartOf":{"@id":"https:\/\/magyarnapok.ro\/2024\/#website"},"primaryImageOfPage":{"@id":"https:\/\/magyarnapok.ro\/2024\/tizenotodik-kiadasaval-jelentkezik-augusztus-18-25-kozott-a-kolozsvari-magyar-napok\/#primaryimage"},"image":{"@id":"https:\/\/magyarnapok.ro\/2024\/tizenotodik-kiadasaval-jelentkezik-augusztus-18-25-kozott-a-kolozsvari-magyar-napok\/#primaryimage"},"thumbnailUrl":"https:\/\/magyarnapok.ro\/2024\/wp-content\/uploads\/2024\/06\/KMN2024-www-intro-hu-01.jpg","datePublished":"2024-07-02T22:32:47+00:00","dateModified":"2024-08-17T10:22:07+00:00","breadcrumb":{"@id":"https:\/\/magyarnapok.ro\/2024\/tizenotodik-kiadasaval-jelentkezik-augusztus-18-25-kozott-a-kolozsvari-magyar-napok\/#breadcrumb"},"inLanguage":"hu","potentialAction":[{"@type":"ReadAction","target":["https:\/\/magyarnapok.ro\/2024\/tizenotodik-kiadasaval-jelentkezik-augusztus-18-25-kozott-a-kolozsvari-magyar-napok\/"]}]},{"@type":"ImageObject","inLanguage":"hu","@id":"https:\/\/magyarnapok.ro\/2024\/tizenotodik-kiadasaval-jelentkezik-augusztus-18-25-kozott-a-kolozsvari-magyar-napok\/#primaryimage","url":"https:\/\/magyarnapok.ro\/2024\/wp-content\/uploads\/2024\/06\/KMN2024-www-intro-hu-01.jpg","contentUrl":"https:\/\/magyarnapok.ro\/2024\/wp-content\/uploads\/2024\/06\/KMN2024-www-intro-hu-01.jpg","width":1920,"height":1080},{"@type":"BreadcrumbList","@id":"https:\/\/magyarnapok.ro\/2024\/tizenotodik-kiadasaval-jelentkezik-augusztus-18-25-kozott-a-kolozsvari-magyar-napok\/#breadcrumb","itemListElement":[{"@type":"ListItem","position":1,"name":"Home","item":"https:\/\/magyarnapok.ro\/2024\/"},{"@type":"ListItem","position":2,"name":"Tizen\u00f6t\u00f6dik kiad\u00e1s\u00e1val jelentkezik augusztus 18-25. k\u00f6z\u00f6tt a Kolozsv\u00e1ri Magyar Napok"}]},{"@type":"WebSite","@id":"https:\/\/magyarnapok.ro\/2024\/#website","url":"https:\/\/magyarnapok.ro\/2024\/","name":"Kolozsv\u00e1ri Magyar Napok 2024","description":"A h\u00e9t meg a nyolc\u00e1t!","publisher":{"@id":"https:\/\/magyarnapok.ro\/2024\/#organization"},"potentialAction":[{"@type":"SearchAction","target":{"@type":"EntryPoint","urlTemplate":"https:\/\/magyarnapok.ro\/2024\/?s={search_term_string}"},"query-input":"required name=search_term_string"}],"inLanguage":"hu"},{"@type":"Organization","@id":"https:\/\/magyarnapok.ro\/2024\/#organization","name":"Kolozsv\u00e1ri Magyar Napok","url":"https:\/\/magyarnapok.ro\/2024\/","logo":{"@type":"ImageObject","inLanguage":"hu","@id":"https:\/\/magyarnapok.ro\/2024\/#\/schema\/logo\/image\/","url":"https:\/\/magyarnapok.ro\/2024\/wp-content\/uploads\/2024\/04\/kmn_15_logo.png","contentUrl":"https:\/\/magyarnapok.ro\/2024\/wp-content\/uploads\/2024\/04\/kmn_15_logo.png","width":385,"height":362,"caption":"Kolozsv\u00e1ri Magyar Napok"},"image":{"@id":"https:\/\/magyarnapok.ro\/2024\/#\/schema\/logo\/image\/"},"sameAs":["https:\/\/www.facebook.com\/magyarnapok","https:\/\/www.instagram.com\/magyarnapok\/","https:\/\/www.youtube.com\/c\/KolozsvriMagyarNapok2015"]},{"@type":"Person","@id":"https:\/\/magyarnapok.ro\/2024\/#\/schema\/person\/b15ffa9065b6dcc35d16388c8e520f8d","name":"tcsaki95","image":{"@type":"ImageObject","inLanguage":"hu","@id":"https:\/\/magyarnapok.ro\/2024\/#\/schema\/person\/image\/","url":"https:\/\/secure.gravatar.com\/avatar\/b0578df663d19a8ea8a80a25aa23ae8cbef69003a20f8f44c9effbef71509717?s=96&d=mm&r=g","contentUrl":"https:\/\/secure.gravatar.com\/avatar\/b0578df663d19a8ea8a80a25aa23ae8cbef69003a20f8f44c9effbef71509717?s=96&d=mm&r=g","caption":"tcsaki95"},"sameAs":["http:\/\/magyarnapok.ro\/2024"],"url":"https:\/\/magyarnapok.ro\/2024\/author\/tcsaki95\/"}]}},"_links":{"self":[{"href":"https:\/\/magyarnapok.ro\/2024\/wp-json\/wp\/v2\/posts\/1336","targetHints":{"allow":["GET"]}}],"collection":[{"href":"https:\/\/magyarnapok.ro\/2024\/wp-json\/wp\/v2\/posts"}],"about":[{"href":"https:\/\/magyarnapok.ro\/2024\/wp-json\/wp\/v2\/types\/post"}],"author":[{"embeddable":true,"href":"https:\/\/magyarnapok.ro\/2024\/wp-json\/wp\/v2\/users\/1"}],"replies":[{"embeddable":true,"href":"https:\/\/magyarnapok.ro\/2024\/wp-json\/wp\/v2\/comments?post=1336"}],"version-history":[{"count":3,"href":"https:\/\/magyarnapok.ro\/2024\/wp-json\/wp\/v2\/posts\/1336\/revisions"}],"predecessor-version":[{"id":3122,"href":"https:\/\/magyarnapok.ro\/2024\/wp-json\/wp\/v2\/posts\/1336\/revisions\/3122"}],"wp:featuredmedia":[{"embeddable":true,"href":"https:\/\/magyarnapok.ro\/2024\/wp-json\/wp\/v2\/media\/452"}],"wp:attachment":[{"href":"https:\/\/magyarnapok.ro\/2024\/wp-json\/wp\/v2\/media?parent=1336"}],"wp:term":[{"taxonomy":"category","embeddable":true,"href":"https:\/\/magyarnapok.ro\/2024\/wp-json\/wp\/v2\/categories?post=1336"},{"taxonomy":"post_tag","embeddable":true,"href":"https:\/\/magyarnapok.ro\/2024\/wp-json\/wp\/v2\/tags?post=1336"}],"curies":[{"name":"wp","href":"https:\/\/api.w.org\/{rel}","templated":true}]}}