{"id":2736,"date":"2024-08-05T16:07:55","date_gmt":"2024-08-05T13:07:55","guid":{"rendered":"https:\/\/magyarnapok.ro\/2024\/?p=2736"},"modified":"2024-08-17T13:24:30","modified_gmt":"2024-08-17T10:24:30","slug":"itt-a-15-kolozsvari-magyar-napok-teljes-koncertkinalata","status":"publish","type":"post","link":"https:\/\/magyarnapok.ro\/2024\/itt-a-15-kolozsvari-magyar-napok-teljes-koncertkinalata\/","title":{"rendered":"Itt a 15. Kolozsv\u00e1ri Magyar Napok TELJES koncertk\u00edn\u00e1lata!"},"content":{"rendered":"\n<p class=\"has-text-align-left has-medium-font-size\">Id\u00e9n is v\u00e1ltozatos zenei programmal k\u00e9sz\u00fclt\u00fcnk, ugyanakkor a f\u0151t\u00e9ri programok eset\u00e9ben felh\u00edvjuk a figyelmet, hogy az idei \u00e9vben n\u00e9h\u00e1ny kezd\u00e9si id\u0151pont elt\u00e9r a kor\u00e1bbi \u00e9vekben megszokott 19 \u00e9s 21 \u00f3rai kezd\u00e9st\u0151l, \u00edgy k\u00e9rj\u00fck a magyarnapoz\u00f3kt\u00f3l, hogy idej\u00e9ben t\u00e1j\u00e9koz\u00f3djanak ezeket illet\u0151en.&nbsp;<\/p>\n\n\n\n<p class=\"has-medium-font-size\">A f\u0151t\u00e9ri nagysz\u00ednpad programk\u00edn\u00e1lata a k\u00f6vetkez\u0151 lesz: Zanzib\u00e1r (augusztus 21., 19 \u00f3ra), Neoton Fam\u00edlia Szt\u00e1rjai (augusztus 21., 21 \u00f3ra), Parno Graszt (augusztus 22., 19 \u00f3ra), Elef\u00e1nt (augusztus 22., 21 \u00f3ra), Debrecen Big Band \u2013 szt\u00e1rvend\u00e9g: Vastag Tam\u00e1s (augusztus 23., 18:30), H\u00e1zibuli Mikl\u00f3s Gyurival \u00e9s a LetShow Zenekar (augusztus 23., 20 \u00f3ra), Raklap Zenekar (augusztus 24., 19 \u00f3ra), Kowalsky meg a Vega (augusztus 24., 21 \u00f3ra), Csend\u00fcl a n\u00f3ta Kolozsv\u00e1r F\u0151ter\u00e9n \u2013 magyar n\u00f3tag\u00e1la (augusztus 25., 19 \u00f3ra), Demj\u00e9n (augusztus 25., 20:30).<\/p>\n\n\n\n<p class=\"has-medium-font-size\">A B\u00e1nffy-udvarban tal\u00e1lhat\u00f3 Pet\u0151fi-sz\u00ednpad programk\u00edn\u00e1lata a k\u00f6vetkez\u0151: Musicalv\u00e1logat\u00e1s a Mad\u00e1ch Sz\u00ednh\u00e1z m\u0171v\u00e9szeivel: Mah\u00f3 Andrea, Serb\u00e1n Attila, Nagy Bal\u00e1zs (augusztus 20., 17 \u00f3ra), Diabolus In Musica (augusztus 20., 20 \u00f3ra), Eur\u00f3pa Kiad\u00f3 (augusztus 21., 20 \u00f3ra), Roadhouse party (augusztus 21., 23:00), Octovoice \u00c9nekegy\u00fcttes (augusztus 22., 17 \u00f3ra), A Csajod (augusztus 22., 20 \u00f3ra), K\u00e9kny\u00fal (augusztus 22., 23 \u00f3ra), Rebi \u00e9s Bori szextett (augusztus 23., 17 \u00f3ra), Koszika &amp; The HotShots (augusztus 23., 20 \u00f3ra), Al3x \u2013 Retr\u00f3party DJ Sanyival (augusztus 23., 23 \u00f3ra), Mozsik\u00e1cska interakt\u00edv gyermekkoncert (augusztus 24., 11 \u00f3ra), Sz\u00e9p v\u00e1ros Kolozsv\u00e1r \u2013 operettd\u00e9lut\u00e1n Szendy Szilvi, Peller K\u00e1roly \u00e9s Dezs\u0151 \u00c1gota k\u00f6zrem\u0171k\u00f6d\u00e9s\u00e9vel (augusztus 24., 17 \u00f3ra), Yesterdays (augusztus 24., 20 \u00f3ra), Don&#8217;t Stop The Queen (augusztus 24., 23 \u00f3ra), B\u00e1gyi Bal\u00e1zs New Quartet (augusztus 25., 19 \u00f3ra), Loose Neckties Society (augusztus 25., 23 \u00f3ra).&nbsp;<\/p>\n\n\n\n<p class=\"has-text-align-left has-medium-font-size\">Az Erd\u00e9lyi N\u00e9prajzi M\u00fazeum (Redut) \u00e9p\u00fclete id\u00e9n is komolyzenei koncertek helysz\u00edne lesz a k\u00f6vetkez\u0151k szerint: \u00c1tiratok szaxofonra \u00e9s zongor\u00e1ra \u2013 Palk\u00f3 Csan\u00e1d (szaxofon) \u00e9s Veress G\u00e1sp\u00e1r (zongora) koncertje (augusztus 24., 18 \u00f3ra), Tiberius von\u00f3sn\u00e9gyes (augusztus 25., 18 \u00f3ra).<\/p>\n","protected":false},"excerpt":{"rendered":"<p>A f\u0151t\u00e9ri programok eset\u00e9ben felh\u00edvjuk a figyelmet, hogy az idei \u00e9vben n\u00e9h\u00e1ny kezd\u00e9si id\u0151pont elt\u00e9r a kor\u00e1bbi \u00e9vekben megszokott 19 \u00e9s 21 \u00f3rai kezd\u00e9st\u0151l.<\/p>\n","protected":false},"author":2,"featured_media":2738,"comment_status":"closed","ping_status":"open","sticky":false,"template":"","format":"standard","meta":{"_acf_changed":false,"footnotes":""},"categories":[1],"tags":[],"class_list":["post-2736","post","type-post","status-publish","format-standard","has-post-thumbnail","hentry","category-egyeb"],"acf":[],"yoast_head":"<!-- This site is optimized with the Yoast SEO plugin v23.0 - https:\/\/yoast.com\/wordpress\/plugins\/seo\/ -->\n<title>Itt a 15. Kolozsv\u00e1ri Magyar Napok TELJES koncertk\u00edn\u00e1lata! - Kolozsv\u00e1ri Magyar Napok 2024<\/title>\n<meta name=\"robots\" content=\"index, follow, max-snippet:-1, max-image-preview:large, max-video-preview:-1\" \/>\n<link rel=\"canonical\" href=\"https:\/\/magyarnapok.ro\/2024\/itt-a-15-kolozsvari-magyar-napok-teljes-koncertkinalata\/\" \/>\n<meta property=\"og:locale\" content=\"hu_HU\" \/>\n<meta property=\"og:type\" content=\"article\" \/>\n<meta property=\"og:title\" content=\"Itt a 15. Kolozsv\u00e1ri Magyar Napok TELJES koncertk\u00edn\u00e1lata! - Kolozsv\u00e1ri Magyar Napok 2024\" \/>\n<meta property=\"og:description\" content=\"A f\u0151t\u00e9ri programok eset\u00e9ben felh\u00edvjuk a figyelmet, hogy az idei \u00e9vben n\u00e9h\u00e1ny kezd\u00e9si id\u0151pont elt\u00e9r a kor\u00e1bbi \u00e9vekben megszokott 19 \u00e9s 21 \u00f3rai kezd\u00e9st\u0151l.\" \/>\n<meta property=\"og:url\" content=\"https:\/\/magyarnapok.ro\/2024\/itt-a-15-kolozsvari-magyar-napok-teljes-koncertkinalata\/\" \/>\n<meta property=\"og:site_name\" content=\"Kolozsv\u00e1ri Magyar Napok 2024\" \/>\n<meta property=\"article:publisher\" content=\"https:\/\/www.facebook.com\/magyarnapok\" \/>\n<meta property=\"article:published_time\" content=\"2024-08-05T13:07:55+00:00\" \/>\n<meta property=\"article:modified_time\" content=\"2024-08-17T10:24:30+00:00\" \/>\n<meta property=\"og:image\" content=\"https:\/\/magyarnapok.ro\/2024\/wp-content\/uploads\/2024\/08\/kmn2023_Magyar_rocklegendak_foter_0818_213716_BIR_6900-scaled.jpg\" \/>\n\t<meta property=\"og:image:width\" content=\"2560\" \/>\n\t<meta property=\"og:image:height\" content=\"1709\" \/>\n\t<meta property=\"og:image:type\" content=\"image\/jpeg\" \/>\n<meta name=\"author\" content=\"Tor\u00f3 Tam\u00e1s\" \/>\n<meta name=\"twitter:card\" content=\"summary_large_image\" \/>\n<meta name=\"twitter:label1\" content=\"Szerz\u0151:\" \/>\n\t<meta name=\"twitter:data1\" content=\"Tor\u00f3 Tam\u00e1s\" \/>\n\t<meta name=\"twitter:label2\" content=\"Becs\u00fclt olvas\u00e1si id\u0151\" \/>\n\t<meta name=\"twitter:data2\" content=\"2 perc\" \/>\n<script type=\"application\/ld+json\" class=\"yoast-schema-graph\">{\"@context\":\"https:\/\/schema.org\",\"@graph\":[{\"@type\":\"Article\",\"@id\":\"https:\/\/magyarnapok.ro\/2024\/itt-a-15-kolozsvari-magyar-napok-teljes-koncertkinalata\/#article\",\"isPartOf\":{\"@id\":\"https:\/\/magyarnapok.ro\/2024\/itt-a-15-kolozsvari-magyar-napok-teljes-koncertkinalata\/\"},\"author\":{\"name\":\"Tor\u00f3 Tam\u00e1s\",\"@id\":\"https:\/\/magyarnapok.ro\/2024\/#\/schema\/person\/39759bb7df3abd349c228208b2f331ed\"},\"headline\":\"Itt a 15. Kolozsv\u00e1ri Magyar Napok TELJES koncertk\u00edn\u00e1lata!\",\"datePublished\":\"2024-08-05T13:07:55+00:00\",\"dateModified\":\"2024-08-17T10:24:30+00:00\",\"mainEntityOfPage\":{\"@id\":\"https:\/\/magyarnapok.ro\/2024\/itt-a-15-kolozsvari-magyar-napok-teljes-koncertkinalata\/\"},\"wordCount\":343,\"publisher\":{\"@id\":\"https:\/\/magyarnapok.ro\/2024\/#organization\"},\"image\":{\"@id\":\"https:\/\/magyarnapok.ro\/2024\/itt-a-15-kolozsvari-magyar-napok-teljes-koncertkinalata\/#primaryimage\"},\"thumbnailUrl\":\"https:\/\/magyarnapok.ro\/2024\/wp-content\/uploads\/2024\/08\/kmn2023_Magyar_rocklegendak_foter_0818_213716_BIR_6900-scaled.jpg\",\"inLanguage\":\"hu\"},{\"@type\":\"WebPage\",\"@id\":\"https:\/\/magyarnapok.ro\/2024\/itt-a-15-kolozsvari-magyar-napok-teljes-koncertkinalata\/\",\"url\":\"https:\/\/magyarnapok.ro\/2024\/itt-a-15-kolozsvari-magyar-napok-teljes-koncertkinalata\/\",\"name\":\"Itt a 15. Kolozsv\u00e1ri Magyar Napok TELJES koncertk\u00edn\u00e1lata! - Kolozsv\u00e1ri Magyar Napok 2024\",\"isPartOf\":{\"@id\":\"https:\/\/magyarnapok.ro\/2024\/#website\"},\"primaryImageOfPage\":{\"@id\":\"https:\/\/magyarnapok.ro\/2024\/itt-a-15-kolozsvari-magyar-napok-teljes-koncertkinalata\/#primaryimage\"},\"image\":{\"@id\":\"https:\/\/magyarnapok.ro\/2024\/itt-a-15-kolozsvari-magyar-napok-teljes-koncertkinalata\/#primaryimage\"},\"thumbnailUrl\":\"https:\/\/magyarnapok.ro\/2024\/wp-content\/uploads\/2024\/08\/kmn2023_Magyar_rocklegendak_foter_0818_213716_BIR_6900-scaled.jpg\",\"datePublished\":\"2024-08-05T13:07:55+00:00\",\"dateModified\":\"2024-08-17T10:24:30+00:00\",\"breadcrumb\":{\"@id\":\"https:\/\/magyarnapok.ro\/2024\/itt-a-15-kolozsvari-magyar-napok-teljes-koncertkinalata\/#breadcrumb\"},\"inLanguage\":\"hu\",\"potentialAction\":[{\"@type\":\"ReadAction\",\"target\":[\"https:\/\/magyarnapok.ro\/2024\/itt-a-15-kolozsvari-magyar-napok-teljes-koncertkinalata\/\"]}]},{\"@type\":\"ImageObject\",\"inLanguage\":\"hu\",\"@id\":\"https:\/\/magyarnapok.ro\/2024\/itt-a-15-kolozsvari-magyar-napok-teljes-koncertkinalata\/#primaryimage\",\"url\":\"https:\/\/magyarnapok.ro\/2024\/wp-content\/uploads\/2024\/08\/kmn2023_Magyar_rocklegendak_foter_0818_213716_BIR_6900-scaled.jpg\",\"contentUrl\":\"https:\/\/magyarnapok.ro\/2024\/wp-content\/uploads\/2024\/08\/kmn2023_Magyar_rocklegendak_foter_0818_213716_BIR_6900-scaled.jpg\",\"width\":2560,\"height\":1709},{\"@type\":\"BreadcrumbList\",\"@id\":\"https:\/\/magyarnapok.ro\/2024\/itt-a-15-kolozsvari-magyar-napok-teljes-koncertkinalata\/#breadcrumb\",\"itemListElement\":[{\"@type\":\"ListItem\",\"position\":1,\"name\":\"Home\",\"item\":\"https:\/\/magyarnapok.ro\/2024\/\"},{\"@type\":\"ListItem\",\"position\":2,\"name\":\"Itt a 15. Kolozsv\u00e1ri Magyar Napok TELJES koncertk\u00edn\u00e1lata!\"}]},{\"@type\":\"WebSite\",\"@id\":\"https:\/\/magyarnapok.ro\/2024\/#website\",\"url\":\"https:\/\/magyarnapok.ro\/2024\/\",\"name\":\"Kolozsv\u00e1ri Magyar Napok 2024\",\"description\":\"A h\u00e9t meg a nyolc\u00e1t!\",\"publisher\":{\"@id\":\"https:\/\/magyarnapok.ro\/2024\/#organization\"},\"potentialAction\":[{\"@type\":\"SearchAction\",\"target\":{\"@type\":\"EntryPoint\",\"urlTemplate\":\"https:\/\/magyarnapok.ro\/2024\/?s={search_term_string}\"},\"query-input\":\"required name=search_term_string\"}],\"inLanguage\":\"hu\"},{\"@type\":\"Organization\",\"@id\":\"https:\/\/magyarnapok.ro\/2024\/#organization\",\"name\":\"Kolozsv\u00e1ri Magyar Napok\",\"url\":\"https:\/\/magyarnapok.ro\/2024\/\",\"logo\":{\"@type\":\"ImageObject\",\"inLanguage\":\"hu\",\"@id\":\"https:\/\/magyarnapok.ro\/2024\/#\/schema\/logo\/image\/\",\"url\":\"https:\/\/magyarnapok.ro\/2024\/wp-content\/uploads\/2024\/04\/kmn_15_logo.png\",\"contentUrl\":\"https:\/\/magyarnapok.ro\/2024\/wp-content\/uploads\/2024\/04\/kmn_15_logo.png\",\"width\":385,\"height\":362,\"caption\":\"Kolozsv\u00e1ri Magyar Napok\"},\"image\":{\"@id\":\"https:\/\/magyarnapok.ro\/2024\/#\/schema\/logo\/image\/\"},\"sameAs\":[\"https:\/\/www.facebook.com\/magyarnapok\",\"https:\/\/www.instagram.com\/magyarnapok\/\",\"https:\/\/www.youtube.com\/c\/KolozsvriMagyarNapok2015\"]},{\"@type\":\"Person\",\"@id\":\"https:\/\/magyarnapok.ro\/2024\/#\/schema\/person\/39759bb7df3abd349c228208b2f331ed\",\"name\":\"Tor\u00f3 Tam\u00e1s\",\"image\":{\"@type\":\"ImageObject\",\"inLanguage\":\"hu\",\"@id\":\"https:\/\/magyarnapok.ro\/2024\/#\/schema\/person\/image\/\",\"url\":\"https:\/\/secure.gravatar.com\/avatar\/19ff2a06785e77338c55a3359901bcfac4ba2f78fa742a159b1291ba8532005a?s=96&d=mm&r=g\",\"contentUrl\":\"https:\/\/secure.gravatar.com\/avatar\/19ff2a06785e77338c55a3359901bcfac4ba2f78fa742a159b1291ba8532005a?s=96&d=mm&r=g\",\"caption\":\"Tor\u00f3 Tam\u00e1s\"},\"url\":\"https:\/\/magyarnapok.ro\/2024\/author\/ttamas\/\"}]}<\/script>\n<!-- \/ Yoast SEO plugin. -->","yoast_head_json":{"title":"Itt a 15. Kolozsv\u00e1ri Magyar Napok TELJES koncertk\u00edn\u00e1lata! - Kolozsv\u00e1ri Magyar Napok 2024","robots":{"index":"index","follow":"follow","max-snippet":"max-snippet:-1","max-image-preview":"max-image-preview:large","max-video-preview":"max-video-preview:-1"},"canonical":"https:\/\/magyarnapok.ro\/2024\/itt-a-15-kolozsvari-magyar-napok-teljes-koncertkinalata\/","og_locale":"hu_HU","og_type":"article","og_title":"Itt a 15. Kolozsv\u00e1ri Magyar Napok TELJES koncertk\u00edn\u00e1lata! - Kolozsv\u00e1ri Magyar Napok 2024","og_description":"A f\u0151t\u00e9ri programok eset\u00e9ben felh\u00edvjuk a figyelmet, hogy az idei \u00e9vben n\u00e9h\u00e1ny kezd\u00e9si id\u0151pont elt\u00e9r a kor\u00e1bbi \u00e9vekben megszokott 19 \u00e9s 21 \u00f3rai kezd\u00e9st\u0151l.","og_url":"https:\/\/magyarnapok.ro\/2024\/itt-a-15-kolozsvari-magyar-napok-teljes-koncertkinalata\/","og_site_name":"Kolozsv\u00e1ri Magyar Napok 2024","article_publisher":"https:\/\/www.facebook.com\/magyarnapok","article_published_time":"2024-08-05T13:07:55+00:00","article_modified_time":"2024-08-17T10:24:30+00:00","og_image":[{"width":2560,"height":1709,"url":"https:\/\/magyarnapok.ro\/2024\/wp-content\/uploads\/2024\/08\/kmn2023_Magyar_rocklegendak_foter_0818_213716_BIR_6900-scaled.jpg","type":"image\/jpeg"}],"author":"Tor\u00f3 Tam\u00e1s","twitter_card":"summary_large_image","twitter_misc":{"Szerz\u0151:":"Tor\u00f3 Tam\u00e1s","Becs\u00fclt olvas\u00e1si id\u0151":"2 perc"},"schema":{"@context":"https:\/\/schema.org","@graph":[{"@type":"Article","@id":"https:\/\/magyarnapok.ro\/2024\/itt-a-15-kolozsvari-magyar-napok-teljes-koncertkinalata\/#article","isPartOf":{"@id":"https:\/\/magyarnapok.ro\/2024\/itt-a-15-kolozsvari-magyar-napok-teljes-koncertkinalata\/"},"author":{"name":"Tor\u00f3 Tam\u00e1s","@id":"https:\/\/magyarnapok.ro\/2024\/#\/schema\/person\/39759bb7df3abd349c228208b2f331ed"},"headline":"Itt a 15. Kolozsv\u00e1ri Magyar Napok TELJES koncertk\u00edn\u00e1lata!","datePublished":"2024-08-05T13:07:55+00:00","dateModified":"2024-08-17T10:24:30+00:00","mainEntityOfPage":{"@id":"https:\/\/magyarnapok.ro\/2024\/itt-a-15-kolozsvari-magyar-napok-teljes-koncertkinalata\/"},"wordCount":343,"publisher":{"@id":"https:\/\/magyarnapok.ro\/2024\/#organization"},"image":{"@id":"https:\/\/magyarnapok.ro\/2024\/itt-a-15-kolozsvari-magyar-napok-teljes-koncertkinalata\/#primaryimage"},"thumbnailUrl":"https:\/\/magyarnapok.ro\/2024\/wp-content\/uploads\/2024\/08\/kmn2023_Magyar_rocklegendak_foter_0818_213716_BIR_6900-scaled.jpg","inLanguage":"hu"},{"@type":"WebPage","@id":"https:\/\/magyarnapok.ro\/2024\/itt-a-15-kolozsvari-magyar-napok-teljes-koncertkinalata\/","url":"https:\/\/magyarnapok.ro\/2024\/itt-a-15-kolozsvari-magyar-napok-teljes-koncertkinalata\/","name":"Itt a 15. Kolozsv\u00e1ri Magyar Napok TELJES koncertk\u00edn\u00e1lata! - Kolozsv\u00e1ri Magyar Napok 2024","isPartOf":{"@id":"https:\/\/magyarnapok.ro\/2024\/#website"},"primaryImageOfPage":{"@id":"https:\/\/magyarnapok.ro\/2024\/itt-a-15-kolozsvari-magyar-napok-teljes-koncertkinalata\/#primaryimage"},"image":{"@id":"https:\/\/magyarnapok.ro\/2024\/itt-a-15-kolozsvari-magyar-napok-teljes-koncertkinalata\/#primaryimage"},"thumbnailUrl":"https:\/\/magyarnapok.ro\/2024\/wp-content\/uploads\/2024\/08\/kmn2023_Magyar_rocklegendak_foter_0818_213716_BIR_6900-scaled.jpg","datePublished":"2024-08-05T13:07:55+00:00","dateModified":"2024-08-17T10:24:30+00:00","breadcrumb":{"@id":"https:\/\/magyarnapok.ro\/2024\/itt-a-15-kolozsvari-magyar-napok-teljes-koncertkinalata\/#breadcrumb"},"inLanguage":"hu","potentialAction":[{"@type":"ReadAction","target":["https:\/\/magyarnapok.ro\/2024\/itt-a-15-kolozsvari-magyar-napok-teljes-koncertkinalata\/"]}]},{"@type":"ImageObject","inLanguage":"hu","@id":"https:\/\/magyarnapok.ro\/2024\/itt-a-15-kolozsvari-magyar-napok-teljes-koncertkinalata\/#primaryimage","url":"https:\/\/magyarnapok.ro\/2024\/wp-content\/uploads\/2024\/08\/kmn2023_Magyar_rocklegendak_foter_0818_213716_BIR_6900-scaled.jpg","contentUrl":"https:\/\/magyarnapok.ro\/2024\/wp-content\/uploads\/2024\/08\/kmn2023_Magyar_rocklegendak_foter_0818_213716_BIR_6900-scaled.jpg","width":2560,"height":1709},{"@type":"BreadcrumbList","@id":"https:\/\/magyarnapok.ro\/2024\/itt-a-15-kolozsvari-magyar-napok-teljes-koncertkinalata\/#breadcrumb","itemListElement":[{"@type":"ListItem","position":1,"name":"Home","item":"https:\/\/magyarnapok.ro\/2024\/"},{"@type":"ListItem","position":2,"name":"Itt a 15. Kolozsv\u00e1ri Magyar Napok TELJES koncertk\u00edn\u00e1lata!"}]},{"@type":"WebSite","@id":"https:\/\/magyarnapok.ro\/2024\/#website","url":"https:\/\/magyarnapok.ro\/2024\/","name":"Kolozsv\u00e1ri Magyar Napok 2024","description":"A h\u00e9t meg a nyolc\u00e1t!","publisher":{"@id":"https:\/\/magyarnapok.ro\/2024\/#organization"},"potentialAction":[{"@type":"SearchAction","target":{"@type":"EntryPoint","urlTemplate":"https:\/\/magyarnapok.ro\/2024\/?s={search_term_string}"},"query-input":"required name=search_term_string"}],"inLanguage":"hu"},{"@type":"Organization","@id":"https:\/\/magyarnapok.ro\/2024\/#organization","name":"Kolozsv\u00e1ri Magyar Napok","url":"https:\/\/magyarnapok.ro\/2024\/","logo":{"@type":"ImageObject","inLanguage":"hu","@id":"https:\/\/magyarnapok.ro\/2024\/#\/schema\/logo\/image\/","url":"https:\/\/magyarnapok.ro\/2024\/wp-content\/uploads\/2024\/04\/kmn_15_logo.png","contentUrl":"https:\/\/magyarnapok.ro\/2024\/wp-content\/uploads\/2024\/04\/kmn_15_logo.png","width":385,"height":362,"caption":"Kolozsv\u00e1ri Magyar Napok"},"image":{"@id":"https:\/\/magyarnapok.ro\/2024\/#\/schema\/logo\/image\/"},"sameAs":["https:\/\/www.facebook.com\/magyarnapok","https:\/\/www.instagram.com\/magyarnapok\/","https:\/\/www.youtube.com\/c\/KolozsvriMagyarNapok2015"]},{"@type":"Person","@id":"https:\/\/magyarnapok.ro\/2024\/#\/schema\/person\/39759bb7df3abd349c228208b2f331ed","name":"Tor\u00f3 Tam\u00e1s","image":{"@type":"ImageObject","inLanguage":"hu","@id":"https:\/\/magyarnapok.ro\/2024\/#\/schema\/person\/image\/","url":"https:\/\/secure.gravatar.com\/avatar\/19ff2a06785e77338c55a3359901bcfac4ba2f78fa742a159b1291ba8532005a?s=96&d=mm&r=g","contentUrl":"https:\/\/secure.gravatar.com\/avatar\/19ff2a06785e77338c55a3359901bcfac4ba2f78fa742a159b1291ba8532005a?s=96&d=mm&r=g","caption":"Tor\u00f3 Tam\u00e1s"},"url":"https:\/\/magyarnapok.ro\/2024\/author\/ttamas\/"}]}},"_links":{"self":[{"href":"https:\/\/magyarnapok.ro\/2024\/wp-json\/wp\/v2\/posts\/2736","targetHints":{"allow":["GET"]}}],"collection":[{"href":"https:\/\/magyarnapok.ro\/2024\/wp-json\/wp\/v2\/posts"}],"about":[{"href":"https:\/\/magyarnapok.ro\/2024\/wp-json\/wp\/v2\/types\/post"}],"author":[{"embeddable":true,"href":"https:\/\/magyarnapok.ro\/2024\/wp-json\/wp\/v2\/users\/2"}],"replies":[{"embeddable":true,"href":"https:\/\/magyarnapok.ro\/2024\/wp-json\/wp\/v2\/comments?post=2736"}],"version-history":[{"count":9,"href":"https:\/\/magyarnapok.ro\/2024\/wp-json\/wp\/v2\/posts\/2736\/revisions"}],"predecessor-version":[{"id":3123,"href":"https:\/\/magyarnapok.ro\/2024\/wp-json\/wp\/v2\/posts\/2736\/revisions\/3123"}],"wp:featuredmedia":[{"embeddable":true,"href":"https:\/\/magyarnapok.ro\/2024\/wp-json\/wp\/v2\/media\/2738"}],"wp:attachment":[{"href":"https:\/\/magyarnapok.ro\/2024\/wp-json\/wp\/v2\/media?parent=2736"}],"wp:term":[{"taxonomy":"category","embeddable":true,"href":"https:\/\/magyarnapok.ro\/2024\/wp-json\/wp\/v2\/categories?post=2736"},{"taxonomy":"post_tag","embeddable":true,"href":"https:\/\/magyarnapok.ro\/2024\/wp-json\/wp\/v2\/tags?post=2736"}],"curies":[{"name":"wp","href":"https:\/\/api.w.org\/{rel}","templated":true}]}}