{"id":3100,"date":"2024-08-17T12:11:47","date_gmt":"2024-08-17T09:11:47","guid":{"rendered":"https:\/\/magyarnapok.ro\/2024\/?p=3100"},"modified":"2024-08-17T13:18:35","modified_gmt":"2024-08-17T10:18:35","slug":"emlekorzo-tarlaton-elevenedik-meg-az-orosz-csalad-multja","status":"publish","type":"post","link":"https:\/\/magyarnapok.ro\/2024\/emlekorzo-tarlaton-elevenedik-meg-az-orosz-csalad-multja\/","title":{"rendered":"Eml\u00e9k\u0151rz\u0151 t\u00e1rlaton elevenedik meg az Orosz-csal\u00e1d m\u00faltja"},"content":{"rendered":"\n<p><strong>Maier Orosz Judit k\u00e9pz\u0151m\u0171v\u00e9sz \u00e9s senior \u00fasz\u00f3 csal\u00e1dj\u00e1nak gy\u0171jtem\u00e9ny\u00e9b\u0151l \u00f6ssze\u00e1ll\u00edtott ki\u00e1ll\u00edt\u00e1s ny\u00edlt a 15. Kolozsv\u00e1ri Magyar Napok keret\u00e9n bel\u00fcl.<\/strong><\/p>\n\n\n\n<p>P\u00e9nteken tartott\u00e1k az els\u0151 t\u00e1rlatmegnyit\u00f3kat az idei Magyar Napokon. Este az Orosz Alap\u00edtv\u00e1ny \u00e9s a Kincses Kolozsv\u00e1r Egyes\u00fclet szervez\u00e9s\u00e9ben Maier Orosz Judit csal\u00e1di k\u00e9pz\u0151m\u0171v\u00e9szeti gy\u0171jtem\u00e9ny\u00e9t mutatt\u00e1k be az Ars Sacra Claudiopolitana Ki\u00e1ll\u00edt\u00f3t\u00e9rben, amelyet szeptember 6-ig tekinthetnek meg az \u00e9rdekl\u0151d\u0151k.<\/p>\n\n\n\n<p>\u201eA m\u0171gy\u0171jt\u00e9s viszonylag intim m\u0171faj, mag\u00e1n viseli alap\u00edt\u00f3inak szem\u00e9lyes meggy\u0151z\u0151d\u00e9s\u00e9t, de nem csak ett\u0151l szem\u00e9lyes a kollekci\u00f3. A gy\u0171jtem\u00e9nyben kiemelt helyet kaptak a csal\u00e1dtagok alkot\u00e1sai is, p\u00e9ld\u00e1ul a nagymama, a rajztan\u00e1ri diplom\u00e1val is rendelkez\u0151 Orosz Endr\u00e9n\u00e9 H\u00fcttner Ilona napraforg\u00f3s csend\u00e9lete, a csal\u00e1d n\u0151tagjainak portr\u00e9ja \u00e9s nem utols\u00f3 sorban Orosz Judit diplomamunk\u00e1ja\u201d \u2013 emelte ki besz\u00e9d\u00e9ben a kur\u00e1tor, Zakari\u00e1s \u00c1gota, hozz\u00e1t\u00e9ve: fontos m\u00e9rf\u00f6ldk\u0151 a gy\u0171jtem\u00e9ny t\u00f6rt\u00e9net\u00e9ben ez a ki\u00e1ll\u00edt\u00e1s \u00e9s az is, hogy a kolozsv\u00e1ri m\u0171kedvel\u0151 k\u00f6z\u00f6ns\u00e9g is megtekintheti.<\/p>\n\n\n\n<p>Maier Orosz Judit a megnyit\u00f3n megosztotta az \u00e9rdekl\u0151d\u0151kkel, hogy el\u0151dei ir\u00e1nt \u00e9rzett tisztelete \u00e9s szeretete sugallta azt neki, hogy nem szabad ezt a gy\u0171jtem\u00e9nyt veszni hagyni. \u201eA nagysz\u00fcl\u0151i h\u00e1zban a mamutfogt\u00f3l, a spirituszba tett viper\u00e1ig \u00e9s a kelta urn\u00e1kig mindent meg lehetett tal\u00e1lni. Nagyon neh\u00e9z id\u0151ket \u00e9ltek, k\u00e9t vil\u00e1g\u00e9g\u00e9st, sokszor a sz\u00e1jukt\u00f3l kellett elvonniuk a falatot ahhoz, hogy egy-egy kiszemelt t\u00e1rgyat meg tudjanak szerezni\u201d \u2013 \u00e1rulta el csal\u00e1dja szenved\u00e9ly\u00e9vel kapcsolatban a m\u0171v\u00e9szn\u0151. Elhangzott: felt\u00e9tlen\u00fcl eg\u00e9szben akarta tartani a sokr\u00e9t\u0171 anyagot, de sz\u00fcks\u00e9ge volt egy lend\u00fcletes fiatal k\u00e9zre, aki seg\u00edteni tud neki a kit\u0171z\u00f6tt feladatok megold\u00e1s\u00e1ban.<\/p>\n\n\n\n<p>Orosz Maier Judit a t\u00e1rlat kapcs\u00e1n azt is elmondta, a k\u00e9pekben nemcsak a csal\u00e1dja, hanem a v\u00e1ros \u00e9s Kolozsv\u00e1r k\u00f6z\u00f6ss\u00e9g\u00e9nek m\u00faltja is megelevenedik.<\/p>\n\n\n\n<p>Gebe Zolt\u00e1n<\/p>\n","protected":false},"excerpt":{"rendered":"<p>Maier Orosz Judit k\u00e9pz\u0151m\u0171v\u00e9sz \u00e9s senior \u00fasz\u00f3 csal\u00e1dj\u00e1nak gy\u0171jtem\u00e9ny\u00e9b\u0151l \u00f6ssze\u00e1ll\u00edtott ki\u00e1ll\u00edt\u00e1s ny\u00edlt a 15. Kolozsv\u00e1ri Magyar Napok keret\u00e9n bel\u00fcl.<\/p>\n","protected":false},"author":9,"featured_media":3104,"comment_status":"closed","ping_status":"open","sticky":false,"template":"","format":"standard","meta":{"_acf_changed":false,"footnotes":""},"categories":[1],"tags":[],"class_list":["post-3100","post","type-post","status-publish","format-standard","has-post-thumbnail","hentry","category-egyeb"],"acf":[],"yoast_head":"<!-- This site is optimized with the Yoast SEO plugin v23.0 - https:\/\/yoast.com\/wordpress\/plugins\/seo\/ -->\n<title>Eml\u00e9k\u0151rz\u0151 t\u00e1rlaton elevenedik meg az Orosz-csal\u00e1d m\u00faltja - Kolozsv\u00e1ri Magyar Napok 2024<\/title>\n<meta name=\"robots\" content=\"index, follow, max-snippet:-1, max-image-preview:large, max-video-preview:-1\" \/>\n<link rel=\"canonical\" href=\"https:\/\/magyarnapok.ro\/2024\/emlekorzo-tarlaton-elevenedik-meg-az-orosz-csalad-multja\/\" \/>\n<meta property=\"og:locale\" content=\"hu_HU\" \/>\n<meta property=\"og:type\" content=\"article\" \/>\n<meta property=\"og:title\" content=\"Eml\u00e9k\u0151rz\u0151 t\u00e1rlaton elevenedik meg az Orosz-csal\u00e1d m\u00faltja - Kolozsv\u00e1ri Magyar Napok 2024\" \/>\n<meta property=\"og:description\" content=\"Maier Orosz Judit k\u00e9pz\u0151m\u0171v\u00e9sz \u00e9s senior \u00fasz\u00f3 csal\u00e1dj\u00e1nak gy\u0171jtem\u00e9ny\u00e9b\u0151l \u00f6ssze\u00e1ll\u00edtott ki\u00e1ll\u00edt\u00e1s ny\u00edlt a 15. Kolozsv\u00e1ri Magyar Napok keret\u00e9n bel\u00fcl.\" \/>\n<meta property=\"og:url\" content=\"https:\/\/magyarnapok.ro\/2024\/emlekorzo-tarlaton-elevenedik-meg-az-orosz-csalad-multja\/\" \/>\n<meta property=\"og:site_name\" content=\"Kolozsv\u00e1ri Magyar Napok 2024\" \/>\n<meta property=\"article:publisher\" content=\"https:\/\/www.facebook.com\/magyarnapok\" \/>\n<meta property=\"article:published_time\" content=\"2024-08-17T09:11:47+00:00\" \/>\n<meta property=\"article:modified_time\" content=\"2024-08-17T10:18:35+00:00\" \/>\n<meta property=\"og:image\" content=\"https:\/\/magyarnapok.ro\/2024\/wp-content\/uploads\/2024\/08\/KMN2024_Orosz-gyujtemeny-Ars-Sacra-Claudiopolitana_20240816_182506_SZZ_2890-1-scaled.jpg\" \/>\n\t<meta property=\"og:image:width\" content=\"2560\" \/>\n\t<meta property=\"og:image:height\" content=\"1707\" \/>\n\t<meta property=\"og:image:type\" content=\"image\/jpeg\" \/>\n<meta name=\"author\" content=\"M\u00e1t\u00f3-Sz\u00e9kely Orsi\" \/>\n<meta name=\"twitter:card\" content=\"summary_large_image\" \/>\n<meta name=\"twitter:label1\" content=\"Szerz\u0151:\" \/>\n\t<meta name=\"twitter:data1\" content=\"M\u00e1t\u00f3-Sz\u00e9kely Orsi\" \/>\n\t<meta name=\"twitter:label2\" content=\"Becs\u00fclt olvas\u00e1si id\u0151\" \/>\n\t<meta name=\"twitter:data2\" content=\"2 perc\" \/>\n<script type=\"application\/ld+json\" class=\"yoast-schema-graph\">{\"@context\":\"https:\/\/schema.org\",\"@graph\":[{\"@type\":\"Article\",\"@id\":\"https:\/\/magyarnapok.ro\/2024\/emlekorzo-tarlaton-elevenedik-meg-az-orosz-csalad-multja\/#article\",\"isPartOf\":{\"@id\":\"https:\/\/magyarnapok.ro\/2024\/emlekorzo-tarlaton-elevenedik-meg-az-orosz-csalad-multja\/\"},\"author\":{\"name\":\"M\u00e1t\u00f3-Sz\u00e9kely Orsi\",\"@id\":\"https:\/\/magyarnapok.ro\/2024\/#\/schema\/person\/1b0549e510716ea57ccaffd530e4620e\"},\"headline\":\"Eml\u00e9k\u0151rz\u0151 t\u00e1rlaton elevenedik meg az Orosz-csal\u00e1d m\u00faltja\",\"datePublished\":\"2024-08-17T09:11:47+00:00\",\"dateModified\":\"2024-08-17T10:18:35+00:00\",\"mainEntityOfPage\":{\"@id\":\"https:\/\/magyarnapok.ro\/2024\/emlekorzo-tarlaton-elevenedik-meg-az-orosz-csalad-multja\/\"},\"wordCount\":413,\"publisher\":{\"@id\":\"https:\/\/magyarnapok.ro\/2024\/#organization\"},\"image\":{\"@id\":\"https:\/\/magyarnapok.ro\/2024\/emlekorzo-tarlaton-elevenedik-meg-az-orosz-csalad-multja\/#primaryimage\"},\"thumbnailUrl\":\"https:\/\/magyarnapok.ro\/2024\/wp-content\/uploads\/2024\/08\/KMN2024_Orosz-gyujtemeny-Ars-Sacra-Claudiopolitana_20240816_182506_SZZ_2890-1-scaled.jpg\",\"inLanguage\":\"hu\"},{\"@type\":\"WebPage\",\"@id\":\"https:\/\/magyarnapok.ro\/2024\/emlekorzo-tarlaton-elevenedik-meg-az-orosz-csalad-multja\/\",\"url\":\"https:\/\/magyarnapok.ro\/2024\/emlekorzo-tarlaton-elevenedik-meg-az-orosz-csalad-multja\/\",\"name\":\"Eml\u00e9k\u0151rz\u0151 t\u00e1rlaton elevenedik meg az Orosz-csal\u00e1d m\u00faltja - Kolozsv\u00e1ri Magyar Napok 2024\",\"isPartOf\":{\"@id\":\"https:\/\/magyarnapok.ro\/2024\/#website\"},\"primaryImageOfPage\":{\"@id\":\"https:\/\/magyarnapok.ro\/2024\/emlekorzo-tarlaton-elevenedik-meg-az-orosz-csalad-multja\/#primaryimage\"},\"image\":{\"@id\":\"https:\/\/magyarnapok.ro\/2024\/emlekorzo-tarlaton-elevenedik-meg-az-orosz-csalad-multja\/#primaryimage\"},\"thumbnailUrl\":\"https:\/\/magyarnapok.ro\/2024\/wp-content\/uploads\/2024\/08\/KMN2024_Orosz-gyujtemeny-Ars-Sacra-Claudiopolitana_20240816_182506_SZZ_2890-1-scaled.jpg\",\"datePublished\":\"2024-08-17T09:11:47+00:00\",\"dateModified\":\"2024-08-17T10:18:35+00:00\",\"breadcrumb\":{\"@id\":\"https:\/\/magyarnapok.ro\/2024\/emlekorzo-tarlaton-elevenedik-meg-az-orosz-csalad-multja\/#breadcrumb\"},\"inLanguage\":\"hu\",\"potentialAction\":[{\"@type\":\"ReadAction\",\"target\":[\"https:\/\/magyarnapok.ro\/2024\/emlekorzo-tarlaton-elevenedik-meg-az-orosz-csalad-multja\/\"]}]},{\"@type\":\"ImageObject\",\"inLanguage\":\"hu\",\"@id\":\"https:\/\/magyarnapok.ro\/2024\/emlekorzo-tarlaton-elevenedik-meg-az-orosz-csalad-multja\/#primaryimage\",\"url\":\"https:\/\/magyarnapok.ro\/2024\/wp-content\/uploads\/2024\/08\/KMN2024_Orosz-gyujtemeny-Ars-Sacra-Claudiopolitana_20240816_182506_SZZ_2890-1-scaled.jpg\",\"contentUrl\":\"https:\/\/magyarnapok.ro\/2024\/wp-content\/uploads\/2024\/08\/KMN2024_Orosz-gyujtemeny-Ars-Sacra-Claudiopolitana_20240816_182506_SZZ_2890-1-scaled.jpg\",\"width\":2560,\"height\":1707},{\"@type\":\"BreadcrumbList\",\"@id\":\"https:\/\/magyarnapok.ro\/2024\/emlekorzo-tarlaton-elevenedik-meg-az-orosz-csalad-multja\/#breadcrumb\",\"itemListElement\":[{\"@type\":\"ListItem\",\"position\":1,\"name\":\"Home\",\"item\":\"https:\/\/magyarnapok.ro\/2024\/\"},{\"@type\":\"ListItem\",\"position\":2,\"name\":\"Eml\u00e9k\u0151rz\u0151 t\u00e1rlaton elevenedik meg az Orosz-csal\u00e1d m\u00faltja\"}]},{\"@type\":\"WebSite\",\"@id\":\"https:\/\/magyarnapok.ro\/2024\/#website\",\"url\":\"https:\/\/magyarnapok.ro\/2024\/\",\"name\":\"Kolozsv\u00e1ri Magyar Napok 2024\",\"description\":\"A h\u00e9t meg a nyolc\u00e1t!\",\"publisher\":{\"@id\":\"https:\/\/magyarnapok.ro\/2024\/#organization\"},\"potentialAction\":[{\"@type\":\"SearchAction\",\"target\":{\"@type\":\"EntryPoint\",\"urlTemplate\":\"https:\/\/magyarnapok.ro\/2024\/?s={search_term_string}\"},\"query-input\":\"required name=search_term_string\"}],\"inLanguage\":\"hu\"},{\"@type\":\"Organization\",\"@id\":\"https:\/\/magyarnapok.ro\/2024\/#organization\",\"name\":\"Kolozsv\u00e1ri Magyar Napok\",\"url\":\"https:\/\/magyarnapok.ro\/2024\/\",\"logo\":{\"@type\":\"ImageObject\",\"inLanguage\":\"hu\",\"@id\":\"https:\/\/magyarnapok.ro\/2024\/#\/schema\/logo\/image\/\",\"url\":\"https:\/\/magyarnapok.ro\/2024\/wp-content\/uploads\/2024\/04\/kmn_15_logo.png\",\"contentUrl\":\"https:\/\/magyarnapok.ro\/2024\/wp-content\/uploads\/2024\/04\/kmn_15_logo.png\",\"width\":385,\"height\":362,\"caption\":\"Kolozsv\u00e1ri Magyar Napok\"},\"image\":{\"@id\":\"https:\/\/magyarnapok.ro\/2024\/#\/schema\/logo\/image\/\"},\"sameAs\":[\"https:\/\/www.facebook.com\/magyarnapok\",\"https:\/\/www.instagram.com\/magyarnapok\/\",\"https:\/\/www.youtube.com\/c\/KolozsvriMagyarNapok2015\"]},{\"@type\":\"Person\",\"@id\":\"https:\/\/magyarnapok.ro\/2024\/#\/schema\/person\/1b0549e510716ea57ccaffd530e4620e\",\"name\":\"M\u00e1t\u00f3-Sz\u00e9kely Orsi\",\"image\":{\"@type\":\"ImageObject\",\"inLanguage\":\"hu\",\"@id\":\"https:\/\/magyarnapok.ro\/2024\/#\/schema\/person\/image\/\",\"url\":\"https:\/\/secure.gravatar.com\/avatar\/5852b775194f0a9e509b1b6f46f068292eacfd4ad80453c7581820e563221f51?s=96&d=mm&r=g\",\"contentUrl\":\"https:\/\/secure.gravatar.com\/avatar\/5852b775194f0a9e509b1b6f46f068292eacfd4ad80453c7581820e563221f51?s=96&d=mm&r=g\",\"caption\":\"M\u00e1t\u00f3-Sz\u00e9kely Orsi\"},\"url\":\"https:\/\/magyarnapok.ro\/2024\/author\/orsi_m\/\"}]}<\/script>\n<!-- \/ Yoast SEO plugin. -->","yoast_head_json":{"title":"Eml\u00e9k\u0151rz\u0151 t\u00e1rlaton elevenedik meg az Orosz-csal\u00e1d m\u00faltja - Kolozsv\u00e1ri Magyar Napok 2024","robots":{"index":"index","follow":"follow","max-snippet":"max-snippet:-1","max-image-preview":"max-image-preview:large","max-video-preview":"max-video-preview:-1"},"canonical":"https:\/\/magyarnapok.ro\/2024\/emlekorzo-tarlaton-elevenedik-meg-az-orosz-csalad-multja\/","og_locale":"hu_HU","og_type":"article","og_title":"Eml\u00e9k\u0151rz\u0151 t\u00e1rlaton elevenedik meg az Orosz-csal\u00e1d m\u00faltja - Kolozsv\u00e1ri Magyar Napok 2024","og_description":"Maier Orosz Judit k\u00e9pz\u0151m\u0171v\u00e9sz \u00e9s senior \u00fasz\u00f3 csal\u00e1dj\u00e1nak gy\u0171jtem\u00e9ny\u00e9b\u0151l \u00f6ssze\u00e1ll\u00edtott ki\u00e1ll\u00edt\u00e1s ny\u00edlt a 15. Kolozsv\u00e1ri Magyar Napok keret\u00e9n bel\u00fcl.","og_url":"https:\/\/magyarnapok.ro\/2024\/emlekorzo-tarlaton-elevenedik-meg-az-orosz-csalad-multja\/","og_site_name":"Kolozsv\u00e1ri Magyar Napok 2024","article_publisher":"https:\/\/www.facebook.com\/magyarnapok","article_published_time":"2024-08-17T09:11:47+00:00","article_modified_time":"2024-08-17T10:18:35+00:00","og_image":[{"width":2560,"height":1707,"url":"https:\/\/magyarnapok.ro\/2024\/wp-content\/uploads\/2024\/08\/KMN2024_Orosz-gyujtemeny-Ars-Sacra-Claudiopolitana_20240816_182506_SZZ_2890-1-scaled.jpg","type":"image\/jpeg"}],"author":"M\u00e1t\u00f3-Sz\u00e9kely Orsi","twitter_card":"summary_large_image","twitter_misc":{"Szerz\u0151:":"M\u00e1t\u00f3-Sz\u00e9kely Orsi","Becs\u00fclt olvas\u00e1si id\u0151":"2 perc"},"schema":{"@context":"https:\/\/schema.org","@graph":[{"@type":"Article","@id":"https:\/\/magyarnapok.ro\/2024\/emlekorzo-tarlaton-elevenedik-meg-az-orosz-csalad-multja\/#article","isPartOf":{"@id":"https:\/\/magyarnapok.ro\/2024\/emlekorzo-tarlaton-elevenedik-meg-az-orosz-csalad-multja\/"},"author":{"name":"M\u00e1t\u00f3-Sz\u00e9kely Orsi","@id":"https:\/\/magyarnapok.ro\/2024\/#\/schema\/person\/1b0549e510716ea57ccaffd530e4620e"},"headline":"Eml\u00e9k\u0151rz\u0151 t\u00e1rlaton elevenedik meg az Orosz-csal\u00e1d m\u00faltja","datePublished":"2024-08-17T09:11:47+00:00","dateModified":"2024-08-17T10:18:35+00:00","mainEntityOfPage":{"@id":"https:\/\/magyarnapok.ro\/2024\/emlekorzo-tarlaton-elevenedik-meg-az-orosz-csalad-multja\/"},"wordCount":413,"publisher":{"@id":"https:\/\/magyarnapok.ro\/2024\/#organization"},"image":{"@id":"https:\/\/magyarnapok.ro\/2024\/emlekorzo-tarlaton-elevenedik-meg-az-orosz-csalad-multja\/#primaryimage"},"thumbnailUrl":"https:\/\/magyarnapok.ro\/2024\/wp-content\/uploads\/2024\/08\/KMN2024_Orosz-gyujtemeny-Ars-Sacra-Claudiopolitana_20240816_182506_SZZ_2890-1-scaled.jpg","inLanguage":"hu"},{"@type":"WebPage","@id":"https:\/\/magyarnapok.ro\/2024\/emlekorzo-tarlaton-elevenedik-meg-az-orosz-csalad-multja\/","url":"https:\/\/magyarnapok.ro\/2024\/emlekorzo-tarlaton-elevenedik-meg-az-orosz-csalad-multja\/","name":"Eml\u00e9k\u0151rz\u0151 t\u00e1rlaton elevenedik meg az Orosz-csal\u00e1d m\u00faltja - Kolozsv\u00e1ri Magyar Napok 2024","isPartOf":{"@id":"https:\/\/magyarnapok.ro\/2024\/#website"},"primaryImageOfPage":{"@id":"https:\/\/magyarnapok.ro\/2024\/emlekorzo-tarlaton-elevenedik-meg-az-orosz-csalad-multja\/#primaryimage"},"image":{"@id":"https:\/\/magyarnapok.ro\/2024\/emlekorzo-tarlaton-elevenedik-meg-az-orosz-csalad-multja\/#primaryimage"},"thumbnailUrl":"https:\/\/magyarnapok.ro\/2024\/wp-content\/uploads\/2024\/08\/KMN2024_Orosz-gyujtemeny-Ars-Sacra-Claudiopolitana_20240816_182506_SZZ_2890-1-scaled.jpg","datePublished":"2024-08-17T09:11:47+00:00","dateModified":"2024-08-17T10:18:35+00:00","breadcrumb":{"@id":"https:\/\/magyarnapok.ro\/2024\/emlekorzo-tarlaton-elevenedik-meg-az-orosz-csalad-multja\/#breadcrumb"},"inLanguage":"hu","potentialAction":[{"@type":"ReadAction","target":["https:\/\/magyarnapok.ro\/2024\/emlekorzo-tarlaton-elevenedik-meg-az-orosz-csalad-multja\/"]}]},{"@type":"ImageObject","inLanguage":"hu","@id":"https:\/\/magyarnapok.ro\/2024\/emlekorzo-tarlaton-elevenedik-meg-az-orosz-csalad-multja\/#primaryimage","url":"https:\/\/magyarnapok.ro\/2024\/wp-content\/uploads\/2024\/08\/KMN2024_Orosz-gyujtemeny-Ars-Sacra-Claudiopolitana_20240816_182506_SZZ_2890-1-scaled.jpg","contentUrl":"https:\/\/magyarnapok.ro\/2024\/wp-content\/uploads\/2024\/08\/KMN2024_Orosz-gyujtemeny-Ars-Sacra-Claudiopolitana_20240816_182506_SZZ_2890-1-scaled.jpg","width":2560,"height":1707},{"@type":"BreadcrumbList","@id":"https:\/\/magyarnapok.ro\/2024\/emlekorzo-tarlaton-elevenedik-meg-az-orosz-csalad-multja\/#breadcrumb","itemListElement":[{"@type":"ListItem","position":1,"name":"Home","item":"https:\/\/magyarnapok.ro\/2024\/"},{"@type":"ListItem","position":2,"name":"Eml\u00e9k\u0151rz\u0151 t\u00e1rlaton elevenedik meg az Orosz-csal\u00e1d m\u00faltja"}]},{"@type":"WebSite","@id":"https:\/\/magyarnapok.ro\/2024\/#website","url":"https:\/\/magyarnapok.ro\/2024\/","name":"Kolozsv\u00e1ri Magyar Napok 2024","description":"A h\u00e9t meg a nyolc\u00e1t!","publisher":{"@id":"https:\/\/magyarnapok.ro\/2024\/#organization"},"potentialAction":[{"@type":"SearchAction","target":{"@type":"EntryPoint","urlTemplate":"https:\/\/magyarnapok.ro\/2024\/?s={search_term_string}"},"query-input":"required name=search_term_string"}],"inLanguage":"hu"},{"@type":"Organization","@id":"https:\/\/magyarnapok.ro\/2024\/#organization","name":"Kolozsv\u00e1ri Magyar Napok","url":"https:\/\/magyarnapok.ro\/2024\/","logo":{"@type":"ImageObject","inLanguage":"hu","@id":"https:\/\/magyarnapok.ro\/2024\/#\/schema\/logo\/image\/","url":"https:\/\/magyarnapok.ro\/2024\/wp-content\/uploads\/2024\/04\/kmn_15_logo.png","contentUrl":"https:\/\/magyarnapok.ro\/2024\/wp-content\/uploads\/2024\/04\/kmn_15_logo.png","width":385,"height":362,"caption":"Kolozsv\u00e1ri Magyar Napok"},"image":{"@id":"https:\/\/magyarnapok.ro\/2024\/#\/schema\/logo\/image\/"},"sameAs":["https:\/\/www.facebook.com\/magyarnapok","https:\/\/www.instagram.com\/magyarnapok\/","https:\/\/www.youtube.com\/c\/KolozsvriMagyarNapok2015"]},{"@type":"Person","@id":"https:\/\/magyarnapok.ro\/2024\/#\/schema\/person\/1b0549e510716ea57ccaffd530e4620e","name":"M\u00e1t\u00f3-Sz\u00e9kely Orsi","image":{"@type":"ImageObject","inLanguage":"hu","@id":"https:\/\/magyarnapok.ro\/2024\/#\/schema\/person\/image\/","url":"https:\/\/secure.gravatar.com\/avatar\/5852b775194f0a9e509b1b6f46f068292eacfd4ad80453c7581820e563221f51?s=96&d=mm&r=g","contentUrl":"https:\/\/secure.gravatar.com\/avatar\/5852b775194f0a9e509b1b6f46f068292eacfd4ad80453c7581820e563221f51?s=96&d=mm&r=g","caption":"M\u00e1t\u00f3-Sz\u00e9kely Orsi"},"url":"https:\/\/magyarnapok.ro\/2024\/author\/orsi_m\/"}]}},"_links":{"self":[{"href":"https:\/\/magyarnapok.ro\/2024\/wp-json\/wp\/v2\/posts\/3100","targetHints":{"allow":["GET"]}}],"collection":[{"href":"https:\/\/magyarnapok.ro\/2024\/wp-json\/wp\/v2\/posts"}],"about":[{"href":"https:\/\/magyarnapok.ro\/2024\/wp-json\/wp\/v2\/types\/post"}],"author":[{"embeddable":true,"href":"https:\/\/magyarnapok.ro\/2024\/wp-json\/wp\/v2\/users\/9"}],"replies":[{"embeddable":true,"href":"https:\/\/magyarnapok.ro\/2024\/wp-json\/wp\/v2\/comments?post=3100"}],"version-history":[{"count":3,"href":"https:\/\/magyarnapok.ro\/2024\/wp-json\/wp\/v2\/posts\/3100\/revisions"}],"predecessor-version":[{"id":3118,"href":"https:\/\/magyarnapok.ro\/2024\/wp-json\/wp\/v2\/posts\/3100\/revisions\/3118"}],"wp:featuredmedia":[{"embeddable":true,"href":"https:\/\/magyarnapok.ro\/2024\/wp-json\/wp\/v2\/media\/3104"}],"wp:attachment":[{"href":"https:\/\/magyarnapok.ro\/2024\/wp-json\/wp\/v2\/media?parent=3100"}],"wp:term":[{"taxonomy":"category","embeddable":true,"href":"https:\/\/magyarnapok.ro\/2024\/wp-json\/wp\/v2\/categories?post=3100"},{"taxonomy":"post_tag","embeddable":true,"href":"https:\/\/magyarnapok.ro\/2024\/wp-json\/wp\/v2\/tags?post=3100"}],"curies":[{"name":"wp","href":"https:\/\/api.w.org\/{rel}","templated":true}]}}