{"id":3105,"date":"2024-08-17T12:56:37","date_gmt":"2024-08-17T09:56:37","guid":{"rendered":"https:\/\/magyarnapok.ro\/2024\/?p=3105"},"modified":"2024-08-17T13:16:57","modified_gmt":"2024-08-17T10:16:57","slug":"elkezdodott-a-magyar-egyhazzenei-biennale","status":"publish","type":"post","link":"https:\/\/magyarnapok.ro\/2024\/elkezdodott-a-magyar-egyhazzenei-biennale\/","title":{"rendered":"Elkezd\u0151d\u00f6tt a Magyar Egyh\u00e1zzenei Bienn\u00e1l\u00e9"},"content":{"rendered":"\n<p><strong>M\u00e1sodj\u00e1ra ker\u00fcl megrendez\u00e9sre Kolozsv\u00e1ron \u2013 a 2022-es Magyar Egyh\u00e1zzenei F\u00f3rumhoz k\u00e9pest \u00faj n\u00e9ven \u2013 a Magyar Egyh\u00e1zzenei Bienn\u00e1l\u00e9.<\/strong><\/p>\n\n\n\n<p>A Kolozsv\u00e1ri Magyar Napok t\u00e1rsrendezv\u00e9ny\u00e9nek megnyit\u00f3j\u00e1ra augusztus 16-\u00e1n, p\u00e9nteken ker\u00fclt sor a Vall\u00e1sszabads\u00e1g H\u00e1z\u00e1ban, amelyet egy \u00fcnnepi nyit\u00f3hangverseny k\u00f6vetett 19 \u00f3r\u00e1t\u00f3l a Piarista-templomban.&nbsp;<\/p>\n\n\n\n<p>A bienn\u00e1l\u00e9 megnyit\u00f3j\u00e1n r\u00e9szt vev\u0151 m\u0171v\u00e9szeti vezet\u0151k \u2013 S\u00f3falvi Emese, Selmeczi Gy\u00f6rgy \u00e9s Poty\u00f3 Istv\u00e1n \u2013 mellett Luk\u00e1cs Olga lelk\u00e9szasszony, L\u00e1szl\u00f3 Attila f\u0151esperes \u00e9s Selmeczi J\u00e1nos is k\u00f6sz\u00f6nt\u00f6tte az \u00e9rdekl\u0151d\u0151ket.&nbsp;<\/p>\n\n\n\n<p>Selmeczi Gy\u00f6rgy Kossuth-d\u00edjas zeneszerz\u0151, karmester, a nemzet m\u0171v\u00e9sze, a rendezv\u00e9ny egyik m\u0171v\u00e9szeti vezet\u0151je elmondta: nem titkolt c\u00e9l, hogy \u201evizsg\u00e1zzanak\u201d a kort\u00e1rs zenem\u0171vek, a szakma tegye meg a l\u00e9p\u00e9seket az egyh\u00e1zak fel\u00e9 \u00e9s a jelenleg hangversenytermekben hallhat\u00f3 egyh\u00e1zzenei m\u0171vek \u00fajra megjelenhessenek a templomokban, ahonnan a kommunista rezsim \u0171zte ki \u0151ket.<\/p>\n\n\n\n<p>\u201eA Kolozsv\u00e1ri Magyar Napok nem lenne teljes a bienn\u00e1l\u00e9 n\u00e9lk\u00fcl\u201d \u2013 jegyezte meg k\u00f6sz\u00f6nt\u0151besz\u00e9d\u00e9ben Luk\u00e1cs Olga. Elhangzott: az elm\u00falt \u00e9vtizedekben megalkotott, magas sz\u00ednvonal\u00fa egyh\u00e1zzenei m\u0171vekkel val\u00f3 kapcsol\u00f3d\u00e1s alapvet\u0151 c\u00e9lja a bienn\u00e1l\u00e9nak. Az egyh\u00e1zi zene, a templomi istentisztelet \u00e9s a m\u0171v\u00e9szet \u00f6sszefon\u00f3d\u00e1sa egy olyan spiritu\u00e1lis folyamat, amely fokozatosan beker\u00fclve a k\u00f6ztudatba, k\u00f6zelebb hozza az embert, a vall\u00e1st \u00e9s a zenem\u0171v\u00e9szetet<em>.&nbsp;<\/em><\/p>\n\n\n\n<p>L\u00e1szl\u00f3 Attila f\u0151esperes r\u00e1mutatott: \u201evannak id\u0151k, \u00f3r\u00e1k amikor nagyobbra n\u0151 a sz\u00edv\u00fcnk.\u201d A Magyar Egyh\u00e1zzenei Bienn\u00e1l\u00e9 k\u00f6z\u00f6ns\u00e9g\u00e9vel p\u00e9ntek este \u00e9pp ez t\u00f6rt\u00e9nhetett, amikor a megtelt Piarista-templomban egy\u00fctt l\u00e9legezhett\u00e9k be a kort\u00e1rs egyh\u00e1zzenei m\u0171alkot\u00e1sokat.&nbsp;<\/p>\n\n\n\n<p>A koncert sor\u00e1n \u2013 t\u00f6bbek k\u00f6z\u00f6tt \u2013 elhangzottak Csemiczky Mikl\u00f3s \u201eDue pezzi sacri\u201d, Selmeczi Gy\u00f6rgy \u201e\u00d6t latin himnusz\u201d, Orb\u00e1n Gy\u00f6rgy \u201eDominus tecum\u201d \u00e9s Vajda J\u00e1nos \u201eIl buffone di Dio\u201d c\u00edm\u0171 m\u0171vei is.&nbsp;<\/p>\n\n\n\n<p>A megnyit\u00f3n arr\u00f3l is sz\u00f3 esett, hogy a <em>Magyar zeneszerz\u0151k egyh\u00e1zi m\u0171vei II. K\u00f3rus-gy\u00fcjtem\u00e9ny<\/em> c\u00edm\u0171 antol\u00f3gia 2024-ben a nagyk\u00f6z\u00f6ns\u00e9g sz\u00e1m\u00e1ra is el\u00e9rhet\u0151v\u00e9 v\u00e1lt az Auris Kiad\u00f3nak k\u00f6sz\u00f6nhet\u0151en. Az antol\u00f3gia hivatlos bemutat\u00f3j\u00e1ra augusztus 19-\u00e9n 14 \u00f3rakor ker\u00fcl sor az Ars Sacra Claudiopolitana Ki\u00e1ll\u00edt\u00f3t\u00e9r falai k\u00f6z\u00f6tt. A gy\u0171jtem\u00e9nyben megtal\u00e1lhat\u00f3 27 kort\u00e1rs zeneszerz\u0151i saj\u00e1toss\u00e1g, 41 alkot\u00e1s \u00e9s nagyj\u00e1b\u0151l 2800 \u00fctem, amelyek pap\u00edr form\u00e1j\u00e1ban t\u00e1pl\u00e1lj\u00e1k tov\u00e1bb a magyar egyh\u00e1zzenei \u00e9letet.&nbsp;<\/p>\n\n\n\n<p>A K\u00e1rp\u00e1t-medence eg\u00e9sz\u00e9t \u00e1tfog\u00f3, magas m\u0171v\u00e9szeti \u00e9rt\u00e9kkel rendelkez\u0151 fesztiv\u00e1l-, illetve k\u00f3rustal\u00e1lkoz\u00f3 amellett, hogy a m\u0171v\u00e9szeket \u00e9s m\u0171v\u00e9szet\u00e9rt rajong\u00f3kat \u00f6sszehozza, sz\u00e1mos vall\u00e1si k\u00f6z\u00f6ss\u00e9get is mozg\u00f3s\u00edt. Az augusztus 21-ig tart\u00f3 egyh\u00e1zzenei programsorozat r\u00e9szletes m\u0171sora megtekinthet\u0151 a <a href=\"http:\/\/www.egyhazzene.magyarnapok.ro\">www.egyhazzene.magyarnapok.ro<\/a> oldalra kattintva.<\/p>\n\n\n\n<p>Kasler Viktor<\/p>\n","protected":false},"excerpt":{"rendered":"<p>M\u00e1sodj\u00e1ra ker\u00fcl megrendez\u00e9sre Kolozsv\u00e1ron \u2013 a 2022-es Magyar Egyh\u00e1zzenei F\u00f3rumhoz k\u00e9pest \u00faj n\u00e9ven \u2013 a Magyar Egyh\u00e1zzenei Bienn\u00e1l\u00e9.<\/p>\n","protected":false},"author":9,"featured_media":3111,"comment_status":"closed","ping_status":"open","sticky":false,"template":"","format":"standard","meta":{"_acf_changed":false,"footnotes":""},"categories":[1],"tags":[],"class_list":["post-3105","post","type-post","status-publish","format-standard","has-post-thumbnail","hentry","category-egyeb"],"acf":[],"yoast_head":"<!-- This site is optimized with the Yoast SEO plugin v23.0 - https:\/\/yoast.com\/wordpress\/plugins\/seo\/ -->\n<title>Elkezd\u0151d\u00f6tt a Magyar Egyh\u00e1zzenei Bienn\u00e1l\u00e9 - Kolozsv\u00e1ri Magyar Napok 2024<\/title>\n<meta name=\"robots\" content=\"index, follow, max-snippet:-1, max-image-preview:large, max-video-preview:-1\" \/>\n<link rel=\"canonical\" href=\"https:\/\/magyarnapok.ro\/2024\/elkezdodott-a-magyar-egyhazzenei-biennale\/\" \/>\n<meta property=\"og:locale\" content=\"hu_HU\" \/>\n<meta property=\"og:type\" content=\"article\" \/>\n<meta property=\"og:title\" content=\"Elkezd\u0151d\u00f6tt a Magyar Egyh\u00e1zzenei Bienn\u00e1l\u00e9 - Kolozsv\u00e1ri Magyar Napok 2024\" \/>\n<meta property=\"og:description\" content=\"M\u00e1sodj\u00e1ra ker\u00fcl megrendez\u00e9sre Kolozsv\u00e1ron \u2013 a 2022-es Magyar Egyh\u00e1zzenei F\u00f3rumhoz k\u00e9pest \u00faj n\u00e9ven \u2013 a Magyar Egyh\u00e1zzenei Bienn\u00e1l\u00e9.\" \/>\n<meta property=\"og:url\" content=\"https:\/\/magyarnapok.ro\/2024\/elkezdodott-a-magyar-egyhazzenei-biennale\/\" \/>\n<meta property=\"og:site_name\" content=\"Kolozsv\u00e1ri Magyar Napok 2024\" \/>\n<meta property=\"article:publisher\" content=\"https:\/\/www.facebook.com\/magyarnapok\" \/>\n<meta property=\"article:published_time\" content=\"2024-08-17T09:56:37+00:00\" \/>\n<meta property=\"article:modified_time\" content=\"2024-08-17T10:16:57+00:00\" \/>\n<meta property=\"og:image\" content=\"https:\/\/magyarnapok.ro\/2024\/wp-content\/uploads\/2024\/08\/kmn2024_meb_nyitokoncert_20240816_202420_VL-2-scaled.jpg\" \/>\n\t<meta property=\"og:image:width\" content=\"2560\" \/>\n\t<meta property=\"og:image:height\" content=\"1707\" \/>\n\t<meta property=\"og:image:type\" content=\"image\/jpeg\" \/>\n<meta name=\"author\" content=\"M\u00e1t\u00f3-Sz\u00e9kely Orsi\" \/>\n<meta name=\"twitter:card\" content=\"summary_large_image\" \/>\n<meta name=\"twitter:label1\" content=\"Szerz\u0151:\" \/>\n\t<meta name=\"twitter:data1\" content=\"M\u00e1t\u00f3-Sz\u00e9kely Orsi\" \/>\n\t<meta name=\"twitter:label2\" content=\"Becs\u00fclt olvas\u00e1si id\u0151\" \/>\n\t<meta name=\"twitter:data2\" content=\"3 perc\" \/>\n<script type=\"application\/ld+json\" class=\"yoast-schema-graph\">{\"@context\":\"https:\/\/schema.org\",\"@graph\":[{\"@type\":\"Article\",\"@id\":\"https:\/\/magyarnapok.ro\/2024\/elkezdodott-a-magyar-egyhazzenei-biennale\/#article\",\"isPartOf\":{\"@id\":\"https:\/\/magyarnapok.ro\/2024\/elkezdodott-a-magyar-egyhazzenei-biennale\/\"},\"author\":{\"name\":\"M\u00e1t\u00f3-Sz\u00e9kely Orsi\",\"@id\":\"https:\/\/magyarnapok.ro\/2024\/#\/schema\/person\/1b0549e510716ea57ccaffd530e4620e\"},\"headline\":\"Elkezd\u0151d\u00f6tt a Magyar Egyh\u00e1zzenei Bienn\u00e1l\u00e9\",\"datePublished\":\"2024-08-17T09:56:37+00:00\",\"dateModified\":\"2024-08-17T10:16:57+00:00\",\"mainEntityOfPage\":{\"@id\":\"https:\/\/magyarnapok.ro\/2024\/elkezdodott-a-magyar-egyhazzenei-biennale\/\"},\"wordCount\":562,\"publisher\":{\"@id\":\"https:\/\/magyarnapok.ro\/2024\/#organization\"},\"image\":{\"@id\":\"https:\/\/magyarnapok.ro\/2024\/elkezdodott-a-magyar-egyhazzenei-biennale\/#primaryimage\"},\"thumbnailUrl\":\"https:\/\/magyarnapok.ro\/2024\/wp-content\/uploads\/2024\/08\/kmn2024_meb_nyitokoncert_20240816_202420_VL-2-scaled.jpg\",\"inLanguage\":\"hu\"},{\"@type\":\"WebPage\",\"@id\":\"https:\/\/magyarnapok.ro\/2024\/elkezdodott-a-magyar-egyhazzenei-biennale\/\",\"url\":\"https:\/\/magyarnapok.ro\/2024\/elkezdodott-a-magyar-egyhazzenei-biennale\/\",\"name\":\"Elkezd\u0151d\u00f6tt a Magyar Egyh\u00e1zzenei Bienn\u00e1l\u00e9 - Kolozsv\u00e1ri Magyar Napok 2024\",\"isPartOf\":{\"@id\":\"https:\/\/magyarnapok.ro\/2024\/#website\"},\"primaryImageOfPage\":{\"@id\":\"https:\/\/magyarnapok.ro\/2024\/elkezdodott-a-magyar-egyhazzenei-biennale\/#primaryimage\"},\"image\":{\"@id\":\"https:\/\/magyarnapok.ro\/2024\/elkezdodott-a-magyar-egyhazzenei-biennale\/#primaryimage\"},\"thumbnailUrl\":\"https:\/\/magyarnapok.ro\/2024\/wp-content\/uploads\/2024\/08\/kmn2024_meb_nyitokoncert_20240816_202420_VL-2-scaled.jpg\",\"datePublished\":\"2024-08-17T09:56:37+00:00\",\"dateModified\":\"2024-08-17T10:16:57+00:00\",\"breadcrumb\":{\"@id\":\"https:\/\/magyarnapok.ro\/2024\/elkezdodott-a-magyar-egyhazzenei-biennale\/#breadcrumb\"},\"inLanguage\":\"hu\",\"potentialAction\":[{\"@type\":\"ReadAction\",\"target\":[\"https:\/\/magyarnapok.ro\/2024\/elkezdodott-a-magyar-egyhazzenei-biennale\/\"]}]},{\"@type\":\"ImageObject\",\"inLanguage\":\"hu\",\"@id\":\"https:\/\/magyarnapok.ro\/2024\/elkezdodott-a-magyar-egyhazzenei-biennale\/#primaryimage\",\"url\":\"https:\/\/magyarnapok.ro\/2024\/wp-content\/uploads\/2024\/08\/kmn2024_meb_nyitokoncert_20240816_202420_VL-2-scaled.jpg\",\"contentUrl\":\"https:\/\/magyarnapok.ro\/2024\/wp-content\/uploads\/2024\/08\/kmn2024_meb_nyitokoncert_20240816_202420_VL-2-scaled.jpg\",\"width\":2560,\"height\":1707},{\"@type\":\"BreadcrumbList\",\"@id\":\"https:\/\/magyarnapok.ro\/2024\/elkezdodott-a-magyar-egyhazzenei-biennale\/#breadcrumb\",\"itemListElement\":[{\"@type\":\"ListItem\",\"position\":1,\"name\":\"Home\",\"item\":\"https:\/\/magyarnapok.ro\/2024\/\"},{\"@type\":\"ListItem\",\"position\":2,\"name\":\"Elkezd\u0151d\u00f6tt a Magyar Egyh\u00e1zzenei Bienn\u00e1l\u00e9\"}]},{\"@type\":\"WebSite\",\"@id\":\"https:\/\/magyarnapok.ro\/2024\/#website\",\"url\":\"https:\/\/magyarnapok.ro\/2024\/\",\"name\":\"Kolozsv\u00e1ri Magyar Napok 2024\",\"description\":\"A h\u00e9t meg a nyolc\u00e1t!\",\"publisher\":{\"@id\":\"https:\/\/magyarnapok.ro\/2024\/#organization\"},\"potentialAction\":[{\"@type\":\"SearchAction\",\"target\":{\"@type\":\"EntryPoint\",\"urlTemplate\":\"https:\/\/magyarnapok.ro\/2024\/?s={search_term_string}\"},\"query-input\":\"required name=search_term_string\"}],\"inLanguage\":\"hu\"},{\"@type\":\"Organization\",\"@id\":\"https:\/\/magyarnapok.ro\/2024\/#organization\",\"name\":\"Kolozsv\u00e1ri Magyar Napok\",\"url\":\"https:\/\/magyarnapok.ro\/2024\/\",\"logo\":{\"@type\":\"ImageObject\",\"inLanguage\":\"hu\",\"@id\":\"https:\/\/magyarnapok.ro\/2024\/#\/schema\/logo\/image\/\",\"url\":\"https:\/\/magyarnapok.ro\/2024\/wp-content\/uploads\/2024\/04\/kmn_15_logo.png\",\"contentUrl\":\"https:\/\/magyarnapok.ro\/2024\/wp-content\/uploads\/2024\/04\/kmn_15_logo.png\",\"width\":385,\"height\":362,\"caption\":\"Kolozsv\u00e1ri Magyar Napok\"},\"image\":{\"@id\":\"https:\/\/magyarnapok.ro\/2024\/#\/schema\/logo\/image\/\"},\"sameAs\":[\"https:\/\/www.facebook.com\/magyarnapok\",\"https:\/\/www.instagram.com\/magyarnapok\/\",\"https:\/\/www.youtube.com\/c\/KolozsvriMagyarNapok2015\"]},{\"@type\":\"Person\",\"@id\":\"https:\/\/magyarnapok.ro\/2024\/#\/schema\/person\/1b0549e510716ea57ccaffd530e4620e\",\"name\":\"M\u00e1t\u00f3-Sz\u00e9kely Orsi\",\"image\":{\"@type\":\"ImageObject\",\"inLanguage\":\"hu\",\"@id\":\"https:\/\/magyarnapok.ro\/2024\/#\/schema\/person\/image\/\",\"url\":\"https:\/\/secure.gravatar.com\/avatar\/5852b775194f0a9e509b1b6f46f068292eacfd4ad80453c7581820e563221f51?s=96&d=mm&r=g\",\"contentUrl\":\"https:\/\/secure.gravatar.com\/avatar\/5852b775194f0a9e509b1b6f46f068292eacfd4ad80453c7581820e563221f51?s=96&d=mm&r=g\",\"caption\":\"M\u00e1t\u00f3-Sz\u00e9kely Orsi\"},\"url\":\"https:\/\/magyarnapok.ro\/2024\/author\/orsi_m\/\"}]}<\/script>\n<!-- \/ Yoast SEO plugin. -->","yoast_head_json":{"title":"Elkezd\u0151d\u00f6tt a Magyar Egyh\u00e1zzenei Bienn\u00e1l\u00e9 - Kolozsv\u00e1ri Magyar Napok 2024","robots":{"index":"index","follow":"follow","max-snippet":"max-snippet:-1","max-image-preview":"max-image-preview:large","max-video-preview":"max-video-preview:-1"},"canonical":"https:\/\/magyarnapok.ro\/2024\/elkezdodott-a-magyar-egyhazzenei-biennale\/","og_locale":"hu_HU","og_type":"article","og_title":"Elkezd\u0151d\u00f6tt a Magyar Egyh\u00e1zzenei Bienn\u00e1l\u00e9 - Kolozsv\u00e1ri Magyar Napok 2024","og_description":"M\u00e1sodj\u00e1ra ker\u00fcl megrendez\u00e9sre Kolozsv\u00e1ron \u2013 a 2022-es Magyar Egyh\u00e1zzenei F\u00f3rumhoz k\u00e9pest \u00faj n\u00e9ven \u2013 a Magyar Egyh\u00e1zzenei Bienn\u00e1l\u00e9.","og_url":"https:\/\/magyarnapok.ro\/2024\/elkezdodott-a-magyar-egyhazzenei-biennale\/","og_site_name":"Kolozsv\u00e1ri Magyar Napok 2024","article_publisher":"https:\/\/www.facebook.com\/magyarnapok","article_published_time":"2024-08-17T09:56:37+00:00","article_modified_time":"2024-08-17T10:16:57+00:00","og_image":[{"width":2560,"height":1707,"url":"https:\/\/magyarnapok.ro\/2024\/wp-content\/uploads\/2024\/08\/kmn2024_meb_nyitokoncert_20240816_202420_VL-2-scaled.jpg","type":"image\/jpeg"}],"author":"M\u00e1t\u00f3-Sz\u00e9kely Orsi","twitter_card":"summary_large_image","twitter_misc":{"Szerz\u0151:":"M\u00e1t\u00f3-Sz\u00e9kely Orsi","Becs\u00fclt olvas\u00e1si id\u0151":"3 perc"},"schema":{"@context":"https:\/\/schema.org","@graph":[{"@type":"Article","@id":"https:\/\/magyarnapok.ro\/2024\/elkezdodott-a-magyar-egyhazzenei-biennale\/#article","isPartOf":{"@id":"https:\/\/magyarnapok.ro\/2024\/elkezdodott-a-magyar-egyhazzenei-biennale\/"},"author":{"name":"M\u00e1t\u00f3-Sz\u00e9kely Orsi","@id":"https:\/\/magyarnapok.ro\/2024\/#\/schema\/person\/1b0549e510716ea57ccaffd530e4620e"},"headline":"Elkezd\u0151d\u00f6tt a Magyar Egyh\u00e1zzenei Bienn\u00e1l\u00e9","datePublished":"2024-08-17T09:56:37+00:00","dateModified":"2024-08-17T10:16:57+00:00","mainEntityOfPage":{"@id":"https:\/\/magyarnapok.ro\/2024\/elkezdodott-a-magyar-egyhazzenei-biennale\/"},"wordCount":562,"publisher":{"@id":"https:\/\/magyarnapok.ro\/2024\/#organization"},"image":{"@id":"https:\/\/magyarnapok.ro\/2024\/elkezdodott-a-magyar-egyhazzenei-biennale\/#primaryimage"},"thumbnailUrl":"https:\/\/magyarnapok.ro\/2024\/wp-content\/uploads\/2024\/08\/kmn2024_meb_nyitokoncert_20240816_202420_VL-2-scaled.jpg","inLanguage":"hu"},{"@type":"WebPage","@id":"https:\/\/magyarnapok.ro\/2024\/elkezdodott-a-magyar-egyhazzenei-biennale\/","url":"https:\/\/magyarnapok.ro\/2024\/elkezdodott-a-magyar-egyhazzenei-biennale\/","name":"Elkezd\u0151d\u00f6tt a Magyar Egyh\u00e1zzenei Bienn\u00e1l\u00e9 - Kolozsv\u00e1ri Magyar Napok 2024","isPartOf":{"@id":"https:\/\/magyarnapok.ro\/2024\/#website"},"primaryImageOfPage":{"@id":"https:\/\/magyarnapok.ro\/2024\/elkezdodott-a-magyar-egyhazzenei-biennale\/#primaryimage"},"image":{"@id":"https:\/\/magyarnapok.ro\/2024\/elkezdodott-a-magyar-egyhazzenei-biennale\/#primaryimage"},"thumbnailUrl":"https:\/\/magyarnapok.ro\/2024\/wp-content\/uploads\/2024\/08\/kmn2024_meb_nyitokoncert_20240816_202420_VL-2-scaled.jpg","datePublished":"2024-08-17T09:56:37+00:00","dateModified":"2024-08-17T10:16:57+00:00","breadcrumb":{"@id":"https:\/\/magyarnapok.ro\/2024\/elkezdodott-a-magyar-egyhazzenei-biennale\/#breadcrumb"},"inLanguage":"hu","potentialAction":[{"@type":"ReadAction","target":["https:\/\/magyarnapok.ro\/2024\/elkezdodott-a-magyar-egyhazzenei-biennale\/"]}]},{"@type":"ImageObject","inLanguage":"hu","@id":"https:\/\/magyarnapok.ro\/2024\/elkezdodott-a-magyar-egyhazzenei-biennale\/#primaryimage","url":"https:\/\/magyarnapok.ro\/2024\/wp-content\/uploads\/2024\/08\/kmn2024_meb_nyitokoncert_20240816_202420_VL-2-scaled.jpg","contentUrl":"https:\/\/magyarnapok.ro\/2024\/wp-content\/uploads\/2024\/08\/kmn2024_meb_nyitokoncert_20240816_202420_VL-2-scaled.jpg","width":2560,"height":1707},{"@type":"BreadcrumbList","@id":"https:\/\/magyarnapok.ro\/2024\/elkezdodott-a-magyar-egyhazzenei-biennale\/#breadcrumb","itemListElement":[{"@type":"ListItem","position":1,"name":"Home","item":"https:\/\/magyarnapok.ro\/2024\/"},{"@type":"ListItem","position":2,"name":"Elkezd\u0151d\u00f6tt a Magyar Egyh\u00e1zzenei Bienn\u00e1l\u00e9"}]},{"@type":"WebSite","@id":"https:\/\/magyarnapok.ro\/2024\/#website","url":"https:\/\/magyarnapok.ro\/2024\/","name":"Kolozsv\u00e1ri Magyar Napok 2024","description":"A h\u00e9t meg a nyolc\u00e1t!","publisher":{"@id":"https:\/\/magyarnapok.ro\/2024\/#organization"},"potentialAction":[{"@type":"SearchAction","target":{"@type":"EntryPoint","urlTemplate":"https:\/\/magyarnapok.ro\/2024\/?s={search_term_string}"},"query-input":"required name=search_term_string"}],"inLanguage":"hu"},{"@type":"Organization","@id":"https:\/\/magyarnapok.ro\/2024\/#organization","name":"Kolozsv\u00e1ri Magyar Napok","url":"https:\/\/magyarnapok.ro\/2024\/","logo":{"@type":"ImageObject","inLanguage":"hu","@id":"https:\/\/magyarnapok.ro\/2024\/#\/schema\/logo\/image\/","url":"https:\/\/magyarnapok.ro\/2024\/wp-content\/uploads\/2024\/04\/kmn_15_logo.png","contentUrl":"https:\/\/magyarnapok.ro\/2024\/wp-content\/uploads\/2024\/04\/kmn_15_logo.png","width":385,"height":362,"caption":"Kolozsv\u00e1ri Magyar Napok"},"image":{"@id":"https:\/\/magyarnapok.ro\/2024\/#\/schema\/logo\/image\/"},"sameAs":["https:\/\/www.facebook.com\/magyarnapok","https:\/\/www.instagram.com\/magyarnapok\/","https:\/\/www.youtube.com\/c\/KolozsvriMagyarNapok2015"]},{"@type":"Person","@id":"https:\/\/magyarnapok.ro\/2024\/#\/schema\/person\/1b0549e510716ea57ccaffd530e4620e","name":"M\u00e1t\u00f3-Sz\u00e9kely Orsi","image":{"@type":"ImageObject","inLanguage":"hu","@id":"https:\/\/magyarnapok.ro\/2024\/#\/schema\/person\/image\/","url":"https:\/\/secure.gravatar.com\/avatar\/5852b775194f0a9e509b1b6f46f068292eacfd4ad80453c7581820e563221f51?s=96&d=mm&r=g","contentUrl":"https:\/\/secure.gravatar.com\/avatar\/5852b775194f0a9e509b1b6f46f068292eacfd4ad80453c7581820e563221f51?s=96&d=mm&r=g","caption":"M\u00e1t\u00f3-Sz\u00e9kely Orsi"},"url":"https:\/\/magyarnapok.ro\/2024\/author\/orsi_m\/"}]}},"_links":{"self":[{"href":"https:\/\/magyarnapok.ro\/2024\/wp-json\/wp\/v2\/posts\/3105","targetHints":{"allow":["GET"]}}],"collection":[{"href":"https:\/\/magyarnapok.ro\/2024\/wp-json\/wp\/v2\/posts"}],"about":[{"href":"https:\/\/magyarnapok.ro\/2024\/wp-json\/wp\/v2\/types\/post"}],"author":[{"embeddable":true,"href":"https:\/\/magyarnapok.ro\/2024\/wp-json\/wp\/v2\/users\/9"}],"replies":[{"embeddable":true,"href":"https:\/\/magyarnapok.ro\/2024\/wp-json\/wp\/v2\/comments?post=3105"}],"version-history":[{"count":2,"href":"https:\/\/magyarnapok.ro\/2024\/wp-json\/wp\/v2\/posts\/3105\/revisions"}],"predecessor-version":[{"id":3115,"href":"https:\/\/magyarnapok.ro\/2024\/wp-json\/wp\/v2\/posts\/3105\/revisions\/3115"}],"wp:featuredmedia":[{"embeddable":true,"href":"https:\/\/magyarnapok.ro\/2024\/wp-json\/wp\/v2\/media\/3111"}],"wp:attachment":[{"href":"https:\/\/magyarnapok.ro\/2024\/wp-json\/wp\/v2\/media?parent=3105"}],"wp:term":[{"taxonomy":"category","embeddable":true,"href":"https:\/\/magyarnapok.ro\/2024\/wp-json\/wp\/v2\/categories?post=3105"},{"taxonomy":"post_tag","embeddable":true,"href":"https:\/\/magyarnapok.ro\/2024\/wp-json\/wp\/v2\/tags?post=3105"}],"curies":[{"name":"wp","href":"https:\/\/api.w.org\/{rel}","templated":true}]}}