{"id":3107,"date":"2024-08-17T12:57:39","date_gmt":"2024-08-17T09:57:39","guid":{"rendered":"https:\/\/magyarnapok.ro\/2024\/?p=3107"},"modified":"2024-08-17T13:17:32","modified_gmt":"2024-08-17T10:17:32","slug":"kmn-csaladi-sportnapok-iden-mar-szombaton-es-vasarnap-is","status":"publish","type":"post","link":"https:\/\/magyarnapok.ro\/2024\/kmn-csaladi-sportnapok-iden-mar-szombaton-es-vasarnap-is\/","title":{"rendered":"KMN Csal\u00e1di Sportnapok \u2013 id\u00e9n m\u00e1r szombaton \u00e9s vas\u00e1rnap is"},"content":{"rendered":"\n<p><strong>Teljes h\u00e9tv\u00e9gi programmal v\u00e1rj\u00e1k a sportolni v\u00e1gy\u00f3 csal\u00e1dokat a 15. Kolozsv\u00e1ri Magyar Napok szervez\u0151i a Iuliu Ha\u021bieganu Sportparkba. Amellett, hogy sz\u00e1mos izgalmas sport\u00e1gat kipr\u00f3b\u00e1lhatnak az \u00e9rdekl\u0151d\u0151k, a Dribli megszervezi tizedik csal\u00e1di focibajnoks\u00e1g\u00e1t is.&nbsp;<\/strong><\/p>\n\n\n\n<p>Az elm\u00falt \u00e9vekben is sokakat mozg\u00e1sra h\u00edv\u00f3 KMN Csal\u00e1di Sportnap id\u00e9n \u201esporth\u00e9tv\u00e9g\u00e9v\u00e9\u201d b\u0151v\u00fclt. Minden \u00e9rdekl\u0151d\u0151nek lehet\u0151s\u00e9ge van szombaton \u00e9s vas\u00e1rnap (augusztus 17-\u00e9n \u00e9s 18-\u00e1n) is r\u00e9szt venni a d\u00e9lel\u0151tt t\u00edz \u00f3r\u00e1t\u00f3l indul\u00f3 programsorozat tev\u00e9kenys\u00e9gein.<\/p>\n\n\n\n<p>&nbsp;A Kincses Kolozsv\u00e1r Egyes\u00fclet, az Orosz Alap\u00edtv\u00e1ny, a Tectum Egyes\u00fclet \u00e9s a Jubileum 700 Egyes\u00fclet olyan esem\u00e9nysorozatot \u00e1ll\u00edtott \u00f6ssze, amely a csapatsportok \u00e9s az egy\u00e9ni sport\u00e1gak rajong\u00f3it is egyar\u00e1nt megmozgathatja. A Iuliu Ha\u021bieganu Sportparkban a f\u0151szervez\u0151k mellett j\u00f3n\u00e9h\u00e1ny sportegyes\u00fclet gondoskodik a szervezett \u00e9s biztons\u00e1gos k\u00f6r\u00fclm\u00e9nyekr\u0151l.<\/p>\n\n\n\n<p>Sz\u00e1mos esem\u00e9nyt szervez a h\u00e9tv\u00e9ge folyam\u00e1n a SteelWoman Fitness Klub, t\u00f6bbek k\u00f6z\u00f6tt csal\u00e1di torn\u00e1t, pil\u00e1teszt \u00e9s mozg\u00e1ssal teli gyerekj\u00e1t\u00e9kokat. Id\u00e9n harcm\u0171v\u00e9szeti bemutat\u00f3val is k\u00e9sz\u00fcltek a szervez\u0151k, amelyet a Dynamic Taekwond\u00f3 klub tart.<\/p>\n\n\n\n<p>A program sor\u00e1n sz\u00e1mos szakember seg\u00edt a r\u00e9sztvev\u0151knek megismerkedni egyes sport\u00e1gakkal. T\u00f3th Ilona Ildik\u00f3 mindk\u00e9t nap tart teniszoktat\u00e1st csal\u00e1doknak, Vizi S\u00e1ndor pedig a 3&#215;3-as kos\u00e1r- \u00e9s dob\u00f3versenyeket fogja fel\u00fcgyelni.<\/p>\n\n\n\n<p>Ez\u00fattal is a Dribli Erd\u00e9lyi Gyerekfoci Klub csal\u00e1di bajnoks\u00e1ga koron\u00e1zza meg a programsorozatot. A vas\u00e1rnap 5 \u00f3r\u00e1t\u00f3l kezd\u0151d\u0151 minitorn\u00e1n n\u00e9gy f\u0151b\u0151l \u00e1ll\u00f3 csapatok j\u00e1tszanak egym\u00e1ssal a tr\u00f3fe\u00e1\u00e9rt.<\/p>\n\n\n\n<p>Egyes h\u00e9tv\u00e9gi programokon \u00e9s versenyeken val\u00f3 r\u00e9szv\u00e9telhez regisztr\u00e1lniuk kell a r\u00e9sztvev\u0151knek, amit a Magyar Napok oldal\u00e1n, a programpontok le\u00edr\u00e1sain\u00e1l tehetnek meg az \u00e9rdekl\u0151d\u0151k.<\/p>\n\n\n\n<p>Gebe Zolt\u00e1n<\/p>\n","protected":false},"excerpt":{"rendered":"<p>Teljes h\u00e9tv\u00e9gi programmal v\u00e1rj\u00e1k a sportolni v\u00e1gy\u00f3 csal\u00e1dokat a 15. Kolozsv\u00e1ri Magyar Napok szervez\u0151i a Iuliu Ha\u021bieganu Sportparkba. <\/p>\n","protected":false},"author":9,"featured_media":3112,"comment_status":"closed","ping_status":"open","sticky":false,"template":"","format":"standard","meta":{"_acf_changed":false,"footnotes":""},"categories":[1],"tags":[],"class_list":["post-3107","post","type-post","status-publish","format-standard","has-post-thumbnail","hentry","category-egyeb"],"acf":[],"yoast_head":"<!-- This site is optimized with the Yoast SEO plugin v23.0 - https:\/\/yoast.com\/wordpress\/plugins\/seo\/ -->\n<title>KMN Csal\u00e1di Sportnapok \u2013 id\u00e9n m\u00e1r szombaton \u00e9s vas\u00e1rnap is - Kolozsv\u00e1ri Magyar Napok 2024<\/title>\n<meta name=\"robots\" content=\"index, follow, max-snippet:-1, max-image-preview:large, max-video-preview:-1\" \/>\n<link rel=\"canonical\" href=\"https:\/\/magyarnapok.ro\/2024\/kmn-csaladi-sportnapok-iden-mar-szombaton-es-vasarnap-is\/\" \/>\n<meta property=\"og:locale\" content=\"hu_HU\" \/>\n<meta property=\"og:type\" content=\"article\" \/>\n<meta property=\"og:title\" content=\"KMN Csal\u00e1di Sportnapok \u2013 id\u00e9n m\u00e1r szombaton \u00e9s vas\u00e1rnap is - Kolozsv\u00e1ri Magyar Napok 2024\" \/>\n<meta property=\"og:description\" content=\"Teljes h\u00e9tv\u00e9gi programmal v\u00e1rj\u00e1k a sportolni v\u00e1gy\u00f3 csal\u00e1dokat a 15. Kolozsv\u00e1ri Magyar Napok szervez\u0151i a Iuliu Ha\u021bieganu Sportparkba.\" \/>\n<meta property=\"og:url\" content=\"https:\/\/magyarnapok.ro\/2024\/kmn-csaladi-sportnapok-iden-mar-szombaton-es-vasarnap-is\/\" \/>\n<meta property=\"og:site_name\" content=\"Kolozsv\u00e1ri Magyar Napok 2024\" \/>\n<meta property=\"article:publisher\" content=\"https:\/\/www.facebook.com\/magyarnapok\" \/>\n<meta property=\"article:published_time\" content=\"2024-08-17T09:57:39+00:00\" \/>\n<meta property=\"article:modified_time\" content=\"2024-08-17T10:17:32+00:00\" \/>\n<meta property=\"og:image\" content=\"https:\/\/magyarnapok.ro\/2024\/wp-content\/uploads\/2024\/08\/kmn2023_Dribli_0815_163621_5458_PR-scaled.jpg\" \/>\n\t<meta property=\"og:image:width\" content=\"2560\" \/>\n\t<meta property=\"og:image:height\" content=\"1709\" \/>\n\t<meta property=\"og:image:type\" content=\"image\/jpeg\" \/>\n<meta name=\"author\" content=\"M\u00e1t\u00f3-Sz\u00e9kely Orsi\" \/>\n<meta name=\"twitter:card\" content=\"summary_large_image\" \/>\n<meta name=\"twitter:label1\" content=\"Szerz\u0151:\" \/>\n\t<meta name=\"twitter:data1\" content=\"M\u00e1t\u00f3-Sz\u00e9kely Orsi\" \/>\n\t<meta name=\"twitter:label2\" content=\"Becs\u00fclt olvas\u00e1si id\u0151\" \/>\n\t<meta name=\"twitter:data2\" content=\"2 perc\" \/>\n<script type=\"application\/ld+json\" class=\"yoast-schema-graph\">{\"@context\":\"https:\/\/schema.org\",\"@graph\":[{\"@type\":\"Article\",\"@id\":\"https:\/\/magyarnapok.ro\/2024\/kmn-csaladi-sportnapok-iden-mar-szombaton-es-vasarnap-is\/#article\",\"isPartOf\":{\"@id\":\"https:\/\/magyarnapok.ro\/2024\/kmn-csaladi-sportnapok-iden-mar-szombaton-es-vasarnap-is\/\"},\"author\":{\"name\":\"M\u00e1t\u00f3-Sz\u00e9kely Orsi\",\"@id\":\"https:\/\/magyarnapok.ro\/2024\/#\/schema\/person\/1b0549e510716ea57ccaffd530e4620e\"},\"headline\":\"KMN Csal\u00e1di Sportnapok \u2013 id\u00e9n m\u00e1r szombaton \u00e9s vas\u00e1rnap is\",\"datePublished\":\"2024-08-17T09:57:39+00:00\",\"dateModified\":\"2024-08-17T10:17:32+00:00\",\"mainEntityOfPage\":{\"@id\":\"https:\/\/magyarnapok.ro\/2024\/kmn-csaladi-sportnapok-iden-mar-szombaton-es-vasarnap-is\/\"},\"wordCount\":371,\"publisher\":{\"@id\":\"https:\/\/magyarnapok.ro\/2024\/#organization\"},\"image\":{\"@id\":\"https:\/\/magyarnapok.ro\/2024\/kmn-csaladi-sportnapok-iden-mar-szombaton-es-vasarnap-is\/#primaryimage\"},\"thumbnailUrl\":\"https:\/\/magyarnapok.ro\/2024\/wp-content\/uploads\/2024\/08\/kmn2023_Dribli_0815_163621_5458_PR-scaled.jpg\",\"inLanguage\":\"hu\"},{\"@type\":\"WebPage\",\"@id\":\"https:\/\/magyarnapok.ro\/2024\/kmn-csaladi-sportnapok-iden-mar-szombaton-es-vasarnap-is\/\",\"url\":\"https:\/\/magyarnapok.ro\/2024\/kmn-csaladi-sportnapok-iden-mar-szombaton-es-vasarnap-is\/\",\"name\":\"KMN Csal\u00e1di Sportnapok \u2013 id\u00e9n m\u00e1r szombaton \u00e9s vas\u00e1rnap is - Kolozsv\u00e1ri Magyar Napok 2024\",\"isPartOf\":{\"@id\":\"https:\/\/magyarnapok.ro\/2024\/#website\"},\"primaryImageOfPage\":{\"@id\":\"https:\/\/magyarnapok.ro\/2024\/kmn-csaladi-sportnapok-iden-mar-szombaton-es-vasarnap-is\/#primaryimage\"},\"image\":{\"@id\":\"https:\/\/magyarnapok.ro\/2024\/kmn-csaladi-sportnapok-iden-mar-szombaton-es-vasarnap-is\/#primaryimage\"},\"thumbnailUrl\":\"https:\/\/magyarnapok.ro\/2024\/wp-content\/uploads\/2024\/08\/kmn2023_Dribli_0815_163621_5458_PR-scaled.jpg\",\"datePublished\":\"2024-08-17T09:57:39+00:00\",\"dateModified\":\"2024-08-17T10:17:32+00:00\",\"breadcrumb\":{\"@id\":\"https:\/\/magyarnapok.ro\/2024\/kmn-csaladi-sportnapok-iden-mar-szombaton-es-vasarnap-is\/#breadcrumb\"},\"inLanguage\":\"hu\",\"potentialAction\":[{\"@type\":\"ReadAction\",\"target\":[\"https:\/\/magyarnapok.ro\/2024\/kmn-csaladi-sportnapok-iden-mar-szombaton-es-vasarnap-is\/\"]}]},{\"@type\":\"ImageObject\",\"inLanguage\":\"hu\",\"@id\":\"https:\/\/magyarnapok.ro\/2024\/kmn-csaladi-sportnapok-iden-mar-szombaton-es-vasarnap-is\/#primaryimage\",\"url\":\"https:\/\/magyarnapok.ro\/2024\/wp-content\/uploads\/2024\/08\/kmn2023_Dribli_0815_163621_5458_PR-scaled.jpg\",\"contentUrl\":\"https:\/\/magyarnapok.ro\/2024\/wp-content\/uploads\/2024\/08\/kmn2023_Dribli_0815_163621_5458_PR-scaled.jpg\",\"width\":2560,\"height\":1709},{\"@type\":\"BreadcrumbList\",\"@id\":\"https:\/\/magyarnapok.ro\/2024\/kmn-csaladi-sportnapok-iden-mar-szombaton-es-vasarnap-is\/#breadcrumb\",\"itemListElement\":[{\"@type\":\"ListItem\",\"position\":1,\"name\":\"Home\",\"item\":\"https:\/\/magyarnapok.ro\/2024\/\"},{\"@type\":\"ListItem\",\"position\":2,\"name\":\"KMN Csal\u00e1di Sportnapok \u2013 id\u00e9n m\u00e1r szombaton \u00e9s vas\u00e1rnap is\"}]},{\"@type\":\"WebSite\",\"@id\":\"https:\/\/magyarnapok.ro\/2024\/#website\",\"url\":\"https:\/\/magyarnapok.ro\/2024\/\",\"name\":\"Kolozsv\u00e1ri Magyar Napok 2024\",\"description\":\"A h\u00e9t meg a nyolc\u00e1t!\",\"publisher\":{\"@id\":\"https:\/\/magyarnapok.ro\/2024\/#organization\"},\"potentialAction\":[{\"@type\":\"SearchAction\",\"target\":{\"@type\":\"EntryPoint\",\"urlTemplate\":\"https:\/\/magyarnapok.ro\/2024\/?s={search_term_string}\"},\"query-input\":\"required name=search_term_string\"}],\"inLanguage\":\"hu\"},{\"@type\":\"Organization\",\"@id\":\"https:\/\/magyarnapok.ro\/2024\/#organization\",\"name\":\"Kolozsv\u00e1ri Magyar Napok\",\"url\":\"https:\/\/magyarnapok.ro\/2024\/\",\"logo\":{\"@type\":\"ImageObject\",\"inLanguage\":\"hu\",\"@id\":\"https:\/\/magyarnapok.ro\/2024\/#\/schema\/logo\/image\/\",\"url\":\"https:\/\/magyarnapok.ro\/2024\/wp-content\/uploads\/2024\/04\/kmn_15_logo.png\",\"contentUrl\":\"https:\/\/magyarnapok.ro\/2024\/wp-content\/uploads\/2024\/04\/kmn_15_logo.png\",\"width\":385,\"height\":362,\"caption\":\"Kolozsv\u00e1ri Magyar Napok\"},\"image\":{\"@id\":\"https:\/\/magyarnapok.ro\/2024\/#\/schema\/logo\/image\/\"},\"sameAs\":[\"https:\/\/www.facebook.com\/magyarnapok\",\"https:\/\/www.instagram.com\/magyarnapok\/\",\"https:\/\/www.youtube.com\/c\/KolozsvriMagyarNapok2015\"]},{\"@type\":\"Person\",\"@id\":\"https:\/\/magyarnapok.ro\/2024\/#\/schema\/person\/1b0549e510716ea57ccaffd530e4620e\",\"name\":\"M\u00e1t\u00f3-Sz\u00e9kely Orsi\",\"image\":{\"@type\":\"ImageObject\",\"inLanguage\":\"hu\",\"@id\":\"https:\/\/magyarnapok.ro\/2024\/#\/schema\/person\/image\/\",\"url\":\"https:\/\/secure.gravatar.com\/avatar\/5852b775194f0a9e509b1b6f46f068292eacfd4ad80453c7581820e563221f51?s=96&d=mm&r=g\",\"contentUrl\":\"https:\/\/secure.gravatar.com\/avatar\/5852b775194f0a9e509b1b6f46f068292eacfd4ad80453c7581820e563221f51?s=96&d=mm&r=g\",\"caption\":\"M\u00e1t\u00f3-Sz\u00e9kely Orsi\"},\"url\":\"https:\/\/magyarnapok.ro\/2024\/author\/orsi_m\/\"}]}<\/script>\n<!-- \/ Yoast SEO plugin. -->","yoast_head_json":{"title":"KMN Csal\u00e1di Sportnapok \u2013 id\u00e9n m\u00e1r szombaton \u00e9s vas\u00e1rnap is - Kolozsv\u00e1ri Magyar Napok 2024","robots":{"index":"index","follow":"follow","max-snippet":"max-snippet:-1","max-image-preview":"max-image-preview:large","max-video-preview":"max-video-preview:-1"},"canonical":"https:\/\/magyarnapok.ro\/2024\/kmn-csaladi-sportnapok-iden-mar-szombaton-es-vasarnap-is\/","og_locale":"hu_HU","og_type":"article","og_title":"KMN Csal\u00e1di Sportnapok \u2013 id\u00e9n m\u00e1r szombaton \u00e9s vas\u00e1rnap is - Kolozsv\u00e1ri Magyar Napok 2024","og_description":"Teljes h\u00e9tv\u00e9gi programmal v\u00e1rj\u00e1k a sportolni v\u00e1gy\u00f3 csal\u00e1dokat a 15. Kolozsv\u00e1ri Magyar Napok szervez\u0151i a Iuliu Ha\u021bieganu Sportparkba.","og_url":"https:\/\/magyarnapok.ro\/2024\/kmn-csaladi-sportnapok-iden-mar-szombaton-es-vasarnap-is\/","og_site_name":"Kolozsv\u00e1ri Magyar Napok 2024","article_publisher":"https:\/\/www.facebook.com\/magyarnapok","article_published_time":"2024-08-17T09:57:39+00:00","article_modified_time":"2024-08-17T10:17:32+00:00","og_image":[{"width":2560,"height":1709,"url":"https:\/\/magyarnapok.ro\/2024\/wp-content\/uploads\/2024\/08\/kmn2023_Dribli_0815_163621_5458_PR-scaled.jpg","type":"image\/jpeg"}],"author":"M\u00e1t\u00f3-Sz\u00e9kely Orsi","twitter_card":"summary_large_image","twitter_misc":{"Szerz\u0151:":"M\u00e1t\u00f3-Sz\u00e9kely Orsi","Becs\u00fclt olvas\u00e1si id\u0151":"2 perc"},"schema":{"@context":"https:\/\/schema.org","@graph":[{"@type":"Article","@id":"https:\/\/magyarnapok.ro\/2024\/kmn-csaladi-sportnapok-iden-mar-szombaton-es-vasarnap-is\/#article","isPartOf":{"@id":"https:\/\/magyarnapok.ro\/2024\/kmn-csaladi-sportnapok-iden-mar-szombaton-es-vasarnap-is\/"},"author":{"name":"M\u00e1t\u00f3-Sz\u00e9kely Orsi","@id":"https:\/\/magyarnapok.ro\/2024\/#\/schema\/person\/1b0549e510716ea57ccaffd530e4620e"},"headline":"KMN Csal\u00e1di Sportnapok \u2013 id\u00e9n m\u00e1r szombaton \u00e9s vas\u00e1rnap is","datePublished":"2024-08-17T09:57:39+00:00","dateModified":"2024-08-17T10:17:32+00:00","mainEntityOfPage":{"@id":"https:\/\/magyarnapok.ro\/2024\/kmn-csaladi-sportnapok-iden-mar-szombaton-es-vasarnap-is\/"},"wordCount":371,"publisher":{"@id":"https:\/\/magyarnapok.ro\/2024\/#organization"},"image":{"@id":"https:\/\/magyarnapok.ro\/2024\/kmn-csaladi-sportnapok-iden-mar-szombaton-es-vasarnap-is\/#primaryimage"},"thumbnailUrl":"https:\/\/magyarnapok.ro\/2024\/wp-content\/uploads\/2024\/08\/kmn2023_Dribli_0815_163621_5458_PR-scaled.jpg","inLanguage":"hu"},{"@type":"WebPage","@id":"https:\/\/magyarnapok.ro\/2024\/kmn-csaladi-sportnapok-iden-mar-szombaton-es-vasarnap-is\/","url":"https:\/\/magyarnapok.ro\/2024\/kmn-csaladi-sportnapok-iden-mar-szombaton-es-vasarnap-is\/","name":"KMN Csal\u00e1di Sportnapok \u2013 id\u00e9n m\u00e1r szombaton \u00e9s vas\u00e1rnap is - Kolozsv\u00e1ri Magyar Napok 2024","isPartOf":{"@id":"https:\/\/magyarnapok.ro\/2024\/#website"},"primaryImageOfPage":{"@id":"https:\/\/magyarnapok.ro\/2024\/kmn-csaladi-sportnapok-iden-mar-szombaton-es-vasarnap-is\/#primaryimage"},"image":{"@id":"https:\/\/magyarnapok.ro\/2024\/kmn-csaladi-sportnapok-iden-mar-szombaton-es-vasarnap-is\/#primaryimage"},"thumbnailUrl":"https:\/\/magyarnapok.ro\/2024\/wp-content\/uploads\/2024\/08\/kmn2023_Dribli_0815_163621_5458_PR-scaled.jpg","datePublished":"2024-08-17T09:57:39+00:00","dateModified":"2024-08-17T10:17:32+00:00","breadcrumb":{"@id":"https:\/\/magyarnapok.ro\/2024\/kmn-csaladi-sportnapok-iden-mar-szombaton-es-vasarnap-is\/#breadcrumb"},"inLanguage":"hu","potentialAction":[{"@type":"ReadAction","target":["https:\/\/magyarnapok.ro\/2024\/kmn-csaladi-sportnapok-iden-mar-szombaton-es-vasarnap-is\/"]}]},{"@type":"ImageObject","inLanguage":"hu","@id":"https:\/\/magyarnapok.ro\/2024\/kmn-csaladi-sportnapok-iden-mar-szombaton-es-vasarnap-is\/#primaryimage","url":"https:\/\/magyarnapok.ro\/2024\/wp-content\/uploads\/2024\/08\/kmn2023_Dribli_0815_163621_5458_PR-scaled.jpg","contentUrl":"https:\/\/magyarnapok.ro\/2024\/wp-content\/uploads\/2024\/08\/kmn2023_Dribli_0815_163621_5458_PR-scaled.jpg","width":2560,"height":1709},{"@type":"BreadcrumbList","@id":"https:\/\/magyarnapok.ro\/2024\/kmn-csaladi-sportnapok-iden-mar-szombaton-es-vasarnap-is\/#breadcrumb","itemListElement":[{"@type":"ListItem","position":1,"name":"Home","item":"https:\/\/magyarnapok.ro\/2024\/"},{"@type":"ListItem","position":2,"name":"KMN Csal\u00e1di Sportnapok \u2013 id\u00e9n m\u00e1r szombaton \u00e9s vas\u00e1rnap is"}]},{"@type":"WebSite","@id":"https:\/\/magyarnapok.ro\/2024\/#website","url":"https:\/\/magyarnapok.ro\/2024\/","name":"Kolozsv\u00e1ri Magyar Napok 2024","description":"A h\u00e9t meg a nyolc\u00e1t!","publisher":{"@id":"https:\/\/magyarnapok.ro\/2024\/#organization"},"potentialAction":[{"@type":"SearchAction","target":{"@type":"EntryPoint","urlTemplate":"https:\/\/magyarnapok.ro\/2024\/?s={search_term_string}"},"query-input":"required name=search_term_string"}],"inLanguage":"hu"},{"@type":"Organization","@id":"https:\/\/magyarnapok.ro\/2024\/#organization","name":"Kolozsv\u00e1ri Magyar Napok","url":"https:\/\/magyarnapok.ro\/2024\/","logo":{"@type":"ImageObject","inLanguage":"hu","@id":"https:\/\/magyarnapok.ro\/2024\/#\/schema\/logo\/image\/","url":"https:\/\/magyarnapok.ro\/2024\/wp-content\/uploads\/2024\/04\/kmn_15_logo.png","contentUrl":"https:\/\/magyarnapok.ro\/2024\/wp-content\/uploads\/2024\/04\/kmn_15_logo.png","width":385,"height":362,"caption":"Kolozsv\u00e1ri Magyar Napok"},"image":{"@id":"https:\/\/magyarnapok.ro\/2024\/#\/schema\/logo\/image\/"},"sameAs":["https:\/\/www.facebook.com\/magyarnapok","https:\/\/www.instagram.com\/magyarnapok\/","https:\/\/www.youtube.com\/c\/KolozsvriMagyarNapok2015"]},{"@type":"Person","@id":"https:\/\/magyarnapok.ro\/2024\/#\/schema\/person\/1b0549e510716ea57ccaffd530e4620e","name":"M\u00e1t\u00f3-Sz\u00e9kely Orsi","image":{"@type":"ImageObject","inLanguage":"hu","@id":"https:\/\/magyarnapok.ro\/2024\/#\/schema\/person\/image\/","url":"https:\/\/secure.gravatar.com\/avatar\/5852b775194f0a9e509b1b6f46f068292eacfd4ad80453c7581820e563221f51?s=96&d=mm&r=g","contentUrl":"https:\/\/secure.gravatar.com\/avatar\/5852b775194f0a9e509b1b6f46f068292eacfd4ad80453c7581820e563221f51?s=96&d=mm&r=g","caption":"M\u00e1t\u00f3-Sz\u00e9kely Orsi"},"url":"https:\/\/magyarnapok.ro\/2024\/author\/orsi_m\/"}]}},"_links":{"self":[{"href":"https:\/\/magyarnapok.ro\/2024\/wp-json\/wp\/v2\/posts\/3107","targetHints":{"allow":["GET"]}}],"collection":[{"href":"https:\/\/magyarnapok.ro\/2024\/wp-json\/wp\/v2\/posts"}],"about":[{"href":"https:\/\/magyarnapok.ro\/2024\/wp-json\/wp\/v2\/types\/post"}],"author":[{"embeddable":true,"href":"https:\/\/magyarnapok.ro\/2024\/wp-json\/wp\/v2\/users\/9"}],"replies":[{"embeddable":true,"href":"https:\/\/magyarnapok.ro\/2024\/wp-json\/wp\/v2\/comments?post=3107"}],"version-history":[{"count":2,"href":"https:\/\/magyarnapok.ro\/2024\/wp-json\/wp\/v2\/posts\/3107\/revisions"}],"predecessor-version":[{"id":3116,"href":"https:\/\/magyarnapok.ro\/2024\/wp-json\/wp\/v2\/posts\/3107\/revisions\/3116"}],"wp:featuredmedia":[{"embeddable":true,"href":"https:\/\/magyarnapok.ro\/2024\/wp-json\/wp\/v2\/media\/3112"}],"wp:attachment":[{"href":"https:\/\/magyarnapok.ro\/2024\/wp-json\/wp\/v2\/media?parent=3107"}],"wp:term":[{"taxonomy":"category","embeddable":true,"href":"https:\/\/magyarnapok.ro\/2024\/wp-json\/wp\/v2\/categories?post=3107"},{"taxonomy":"post_tag","embeddable":true,"href":"https:\/\/magyarnapok.ro\/2024\/wp-json\/wp\/v2\/tags?post=3107"}],"curies":[{"name":"wp","href":"https:\/\/api.w.org\/{rel}","templated":true}]}}