{"id":3109,"date":"2024-08-17T12:58:23","date_gmt":"2024-08-17T09:58:23","guid":{"rendered":"https:\/\/magyarnapok.ro\/2024\/?p=3109"},"modified":"2024-08-17T13:17:49","modified_gmt":"2024-08-17T10:17:49","slug":"ujra-eredeti-melto-helyen-all-a-fogadalmi-maria-oszlop","status":"publish","type":"post","link":"https:\/\/magyarnapok.ro\/2024\/ujra-eredeti-melto-helyen-all-a-fogadalmi-maria-oszlop\/","title":{"rendered":"\u00dajra eredeti, m\u00e9lt\u00f3 hely\u00e9n \u00e1ll a fogadalmi M\u00e1ria-oszlop"},"content":{"rendered":"\n<p>T\u00f6rt\u00e9nelmi jelent\u0151s\u00e9g\u0171 mozzanattal, a fogadalmi M\u00e1ria-oszlop meg\u00e1ld\u00e1s\u00e1val kezd\u0151d\u00f6tt el a 15. Kolozsv\u00e1ri Magyar Napok augusztus 15-\u00e9n.&nbsp;<\/p>\n\n\n\n<p>Nagyboldogasszony napj\u00e1n, 11 \u00f3rakor szentmis\u00e9vel kezd\u0151d\u00f6tt az \u00fcnneps\u00e9gsorozat a piarista templomban, ahol egyh\u00e1zi \u00e9s vil\u00e1gi el\u0151lj\u00e1r\u00f3k mondtak k\u00f6sz\u00f6nt\u0151ket. Ezt k\u00f6vet\u0151en a cserk\u00e9szek vezet\u00e9s\u00e9vel az \u00fcnneps\u00e9gen r\u00e9szt vev\u0151k trombitasz\u00f3 k\u00eds\u00e9ret\u00e9vel vonultak \u00e1t a fel\u00faj\u00edtott Farkas utca \u00e9s Egyetem utca \u00e1ltal hat\u00e1rolt t\u00e9rre, ahol m\u00e1r december \u00f3ta teljes pomp\u00e1j\u00e1ban \u00e1ll az eredeti hely\u00e9re visszahelyezett M\u00e1ria-oszlop.&nbsp;<\/p>\n\n\n\n<p>A M\u00e1ria-oszlop a v\u00e1ros els\u0151 k\u00f6zt\u00e9ri eml\u00e9km\u0171ve, melyet gr\u00f3f Kornis Antal \u00e9s feles\u00e9ge, Petky Anna \u00e1ll\u00edttatott az 1738-1740 k\u00f6z\u00f6tt a v\u00e1ros lakoss\u00e1g\u00e1t is puszt\u00edt\u00f3 pestisj\u00e1rv\u00e1nyt\u00f3l val\u00f3 szabadul\u00e1s eml\u00e9k\u00e9re, h\u00e1l\u00e1b\u00f3l. A szobr\u00e1sz ugyanaz az Anton Schuchbauer, Erd\u00e9ly akkori legjelent\u0151sebb szobr\u00e1szm\u0171v\u00e9sze, aki a k\u00e9s\u0151bbi B\u00e1nffy-palota szobrait is meg\u00e1lmodta. A szocializmus idej\u00e9n a M\u00e1ria-szobrot a szentp\u00e9teri neog\u00f3tikus r\u00f3mai katolikus templom m\u00f6g\u00e9 helyezt\u00e9k \u00e1t, \u00e1m id\u00e9n r\u00e9gi pomp\u00e1j\u00e1ban, imm\u00e1r a gyalogos \u00f6vezett\u00e9 v\u00e1ltoztatott t\u00e9rre, a Farkas utca \u00e9s az Egyetem utca torkolat\u00e1ba, eredeti hely\u00e9re t\u00e9rhetett vissza sz\u00e1m\u0171zet\u00e9s\u00e9b\u0151l, m\u00e9ghozz\u00e1 restaur\u00e1lva. A 18. sz\u00e1zadi barokk fogadalmi szobrot a rom\u00e1n kommunista hat\u00f3s\u00e1gok 1959-ben, restaur\u00e1l\u00e1sa ut\u00e1n bontott\u00e1k le azzal az indokkal, hogy akad\u00e1lyozza a g\u00e9pkocsiforgalmat. Az eml\u00e9km\u0171vet 1961-t\u0151l az egyik legnagyobb lak\u00f3telepen tal\u00e1lhat\u00f3, k\u00e9t sug\u00e1r\u00fat \u00e1ltal k\u00f6zrez\u00e1rt templom kertj\u00e9ben \u00e1llt, ahol a nagy g\u00e9pkocsiforgalom miatt alig volt \u00e9szrevehet\u0151.&nbsp;<\/p>\n\n\n\n<p>Ol\u00e1h Emese, Kolozsv\u00e1r alpolg\u00e1rmestere kifejtette, hogy a szobor vissza\u00e1ll\u00edt\u00e1sa r\u00e9sze a Farkas utca \u00e9s a k\u00f6rnyez\u0151 utc\u00e1k teljes k\u00f6r\u0171 fel\u00faj\u00edt\u00e1s\u00e1t el\u0151\u00edr\u00f3, \u00e9v v\u00e9g\u00e9n z\u00e1rul\u00f3 projektnek. Besz\u00e9d\u00e9ben hangs\u00falyozta, hogy a letisztult Farkas utca \u00e9s k\u00f6rny\u00e9ke, a M\u00e1ria-oszlop, az itt l\u00e9v\u0151 templomok, az egyetem, az iskol\u00e1k \u00e9p\u00fcletei olyan hangulatot k\u00f6lcs\u00f6n\u00f6znek Kolozsv\u00e1r belv\u00e1ros\u00e1nak, amely vetekedhet b\u00e1rmely nyugat-eur\u00f3pai f\u0151v\u00e1ros\u00e9val.&nbsp;<\/p>\n\n\n\n<p>L\u00e1szl\u00f3 Attila kolozs-dobokai f\u0151esperes, a Szent Mih\u00e1ly-templom pl\u00e9b\u00e1nosa k\u00f6sz\u00f6nt\u0151j\u00e9ben kiemelte, hogy az oszlop t\u00f6rt\u00e9nete \u201eaz Isten ut\u00e1n v\u00e1gyakoz\u00f3, ki\u00e1lt\u00f3 vagy az \u00e9pp t\u0151le elfordul\u00f3 ember \u00fatj\u00e1t mutatja meg\u201d. Tov\u00e1bb\u00e1 lesz\u00f6gezte: \u201ea mai napon eml\u00e9kez\u00fcnk, k\u00f6sz\u00f6netet mondunk \u00e9s im\u00e1dkozunk, valamint j\u00f6v\u0151be tekint\u00fcnk\u201d. K\u00fcl\u00f6n k\u00f6sz\u00f6netet mondott mindazoknak, akik seg\u00edtettek a szobrot \u201eaz \u0151s\u00f6k \u00e1ltal meg\u00e1lmodott m\u00f3don\u201d v\u00e1rosunk \u00e9kk\u00f6v\u00e9\u00e9 tenni.<\/p>\n\n\n\n<p>Ezek ut\u00e1n Kerekes L\u00e1szl\u00f3 gyulafeh\u00e9rv\u00e1ri r\u00f3mai katolikus seg\u00e9dp\u00fcsp\u00f6k meg\u00e1ldotta a M\u00e1ria-oszlopot, amely imm\u00e1r \u201ekir\u00e1lyn\u0151k\u00e9nt t\u00fcnd\u00f6k\u00f6l\u201d. A seg\u00e9dp\u00fcsp\u00f6k a Szent Aty\u00e1hoz foh\u00e1szkodott az\u00e9rt, hogy a \u201egyermekeink, e v\u00e1ros lak\u00f3i a boldogs\u00e1gos sz\u0171z oltalma alatt \u00f6r\u00f6k biztons\u00e1gban legyenek\u201d, hiszen Sz\u0171z M\u00e1ri\u00e1hoz kell fordulni betegs\u00e9g, j\u00e1rv\u00e1nyok eset\u00e9n is. Az oszlop meg\u00e1ld\u00e1s\u00e1t k\u00f6z\u00f6s Mi Aty\u00e1nk elmond\u00e1s\u00e1val z\u00e1rt\u00e1k az \u00fcnnepl\u0151k.<\/p>\n\n\n\n<p>Az esem\u00e9nyen felsz\u00f3lalt Macalik Arnold, a t\u00e9rrendez\u00e9s\u00e9rt felel\u0151s szakember is. Az \u00e9p\u00edt\u00e9sz besz\u00e9lt gr\u00f3f Kornis Antalr\u00f3l, a szobor megrendel\u0151j\u00e9r\u0151l, valamint az oszlop kialak\u00edt\u00e1s\u00e1r\u00f3l is. A talapzatb\u00f3l kit\u00f6r\u0151 sugarak egyike p\u00e9ld\u00e1ul Szent J\u00f3zsef szobra fele n\u00e9z, ez\u00e1ltal szimb\u00f3likusan \u00f6sszek\u00f6tve \u0151ket \u2013 h\u00edvta fel a figyelmet.&nbsp;<\/p>\n\n\n\n<p>Mindezek ut\u00e1n az \u00fcnneps\u00e9g az egyh\u00e1zi el\u0151lj\u00e1r\u00f3k im\u00e1ds\u00e1gaival \u00e9s \u00e1ld\u00e1s\u00e1val z\u00e1rult.<\/p>\n\n\n\n<p>Benk\u0151 Bor\u00f3ka<\/p>\n","protected":false},"excerpt":{"rendered":"<p>T\u00f6rt\u00e9nelmi jelent\u0151s\u00e9g\u0171 mozzanattal, a fogadalmi M\u00e1ria-oszlop meg\u00e1ld\u00e1s\u00e1val kezd\u0151d\u00f6tt el a 15. Kolozsv\u00e1ri Magyar Napok augusztus 15-\u00e9n.<\/p>\n","protected":false},"author":9,"featured_media":3114,"comment_status":"closed","ping_status":"open","sticky":false,"template":"","format":"standard","meta":{"_acf_changed":false,"footnotes":""},"categories":[1],"tags":[],"class_list":["post-3109","post","type-post","status-publish","format-standard","has-post-thumbnail","hentry","category-egyeb"],"acf":[],"yoast_head":"<!-- This site is optimized with the Yoast SEO plugin v23.0 - https:\/\/yoast.com\/wordpress\/plugins\/seo\/ -->\n<title>\u00dajra eredeti, m\u00e9lt\u00f3 hely\u00e9n \u00e1ll a fogadalmi M\u00e1ria-oszlop - Kolozsv\u00e1ri Magyar Napok 2024<\/title>\n<meta name=\"robots\" content=\"index, follow, max-snippet:-1, max-image-preview:large, max-video-preview:-1\" \/>\n<link rel=\"canonical\" href=\"https:\/\/magyarnapok.ro\/2024\/ujra-eredeti-melto-helyen-all-a-fogadalmi-maria-oszlop\/\" \/>\n<meta property=\"og:locale\" content=\"hu_HU\" \/>\n<meta property=\"og:type\" content=\"article\" \/>\n<meta property=\"og:title\" content=\"\u00dajra eredeti, m\u00e9lt\u00f3 hely\u00e9n \u00e1ll a fogadalmi M\u00e1ria-oszlop - Kolozsv\u00e1ri Magyar Napok 2024\" \/>\n<meta property=\"og:description\" content=\"T\u00f6rt\u00e9nelmi jelent\u0151s\u00e9g\u0171 mozzanattal, a fogadalmi M\u00e1ria-oszlop meg\u00e1ld\u00e1s\u00e1val kezd\u0151d\u00f6tt el a 15. Kolozsv\u00e1ri Magyar Napok augusztus 15-\u00e9n.\" \/>\n<meta property=\"og:url\" content=\"https:\/\/magyarnapok.ro\/2024\/ujra-eredeti-melto-helyen-all-a-fogadalmi-maria-oszlop\/\" \/>\n<meta property=\"og:site_name\" content=\"Kolozsv\u00e1ri Magyar Napok 2024\" \/>\n<meta property=\"article:publisher\" content=\"https:\/\/www.facebook.com\/magyarnapok\" \/>\n<meta property=\"article:published_time\" content=\"2024-08-17T09:58:23+00:00\" \/>\n<meta property=\"article:modified_time\" content=\"2024-08-17T10:17:49+00:00\" \/>\n<meta property=\"og:image\" content=\"https:\/\/magyarnapok.ro\/2024\/wp-content\/uploads\/2024\/08\/kmn2024_nagyboldogasszony_unnep_mariaoszlop_20240815_131800_VL-5-1-scaled.jpg\" \/>\n\t<meta property=\"og:image:width\" content=\"2560\" \/>\n\t<meta property=\"og:image:height\" content=\"1707\" \/>\n\t<meta property=\"og:image:type\" content=\"image\/jpeg\" \/>\n<meta name=\"author\" content=\"M\u00e1t\u00f3-Sz\u00e9kely Orsi\" \/>\n<meta name=\"twitter:card\" content=\"summary_large_image\" \/>\n<meta name=\"twitter:label1\" content=\"Szerz\u0151:\" \/>\n\t<meta name=\"twitter:data1\" content=\"M\u00e1t\u00f3-Sz\u00e9kely Orsi\" \/>\n\t<meta name=\"twitter:label2\" content=\"Becs\u00fclt olvas\u00e1si id\u0151\" \/>\n\t<meta name=\"twitter:data2\" content=\"3 perc\" \/>\n<script type=\"application\/ld+json\" class=\"yoast-schema-graph\">{\"@context\":\"https:\/\/schema.org\",\"@graph\":[{\"@type\":\"Article\",\"@id\":\"https:\/\/magyarnapok.ro\/2024\/ujra-eredeti-melto-helyen-all-a-fogadalmi-maria-oszlop\/#article\",\"isPartOf\":{\"@id\":\"https:\/\/magyarnapok.ro\/2024\/ujra-eredeti-melto-helyen-all-a-fogadalmi-maria-oszlop\/\"},\"author\":{\"name\":\"M\u00e1t\u00f3-Sz\u00e9kely Orsi\",\"@id\":\"https:\/\/magyarnapok.ro\/2024\/#\/schema\/person\/1b0549e510716ea57ccaffd530e4620e\"},\"headline\":\"\u00dajra eredeti, m\u00e9lt\u00f3 hely\u00e9n \u00e1ll a fogadalmi M\u00e1ria-oszlop\",\"datePublished\":\"2024-08-17T09:58:23+00:00\",\"dateModified\":\"2024-08-17T10:17:49+00:00\",\"mainEntityOfPage\":{\"@id\":\"https:\/\/magyarnapok.ro\/2024\/ujra-eredeti-melto-helyen-all-a-fogadalmi-maria-oszlop\/\"},\"wordCount\":721,\"publisher\":{\"@id\":\"https:\/\/magyarnapok.ro\/2024\/#organization\"},\"image\":{\"@id\":\"https:\/\/magyarnapok.ro\/2024\/ujra-eredeti-melto-helyen-all-a-fogadalmi-maria-oszlop\/#primaryimage\"},\"thumbnailUrl\":\"https:\/\/magyarnapok.ro\/2024\/wp-content\/uploads\/2024\/08\/kmn2024_nagyboldogasszony_unnep_mariaoszlop_20240815_131800_VL-5-1-scaled.jpg\",\"inLanguage\":\"hu\"},{\"@type\":\"WebPage\",\"@id\":\"https:\/\/magyarnapok.ro\/2024\/ujra-eredeti-melto-helyen-all-a-fogadalmi-maria-oszlop\/\",\"url\":\"https:\/\/magyarnapok.ro\/2024\/ujra-eredeti-melto-helyen-all-a-fogadalmi-maria-oszlop\/\",\"name\":\"\u00dajra eredeti, m\u00e9lt\u00f3 hely\u00e9n \u00e1ll a fogadalmi M\u00e1ria-oszlop - Kolozsv\u00e1ri Magyar Napok 2024\",\"isPartOf\":{\"@id\":\"https:\/\/magyarnapok.ro\/2024\/#website\"},\"primaryImageOfPage\":{\"@id\":\"https:\/\/magyarnapok.ro\/2024\/ujra-eredeti-melto-helyen-all-a-fogadalmi-maria-oszlop\/#primaryimage\"},\"image\":{\"@id\":\"https:\/\/magyarnapok.ro\/2024\/ujra-eredeti-melto-helyen-all-a-fogadalmi-maria-oszlop\/#primaryimage\"},\"thumbnailUrl\":\"https:\/\/magyarnapok.ro\/2024\/wp-content\/uploads\/2024\/08\/kmn2024_nagyboldogasszony_unnep_mariaoszlop_20240815_131800_VL-5-1-scaled.jpg\",\"datePublished\":\"2024-08-17T09:58:23+00:00\",\"dateModified\":\"2024-08-17T10:17:49+00:00\",\"breadcrumb\":{\"@id\":\"https:\/\/magyarnapok.ro\/2024\/ujra-eredeti-melto-helyen-all-a-fogadalmi-maria-oszlop\/#breadcrumb\"},\"inLanguage\":\"hu\",\"potentialAction\":[{\"@type\":\"ReadAction\",\"target\":[\"https:\/\/magyarnapok.ro\/2024\/ujra-eredeti-melto-helyen-all-a-fogadalmi-maria-oszlop\/\"]}]},{\"@type\":\"ImageObject\",\"inLanguage\":\"hu\",\"@id\":\"https:\/\/magyarnapok.ro\/2024\/ujra-eredeti-melto-helyen-all-a-fogadalmi-maria-oszlop\/#primaryimage\",\"url\":\"https:\/\/magyarnapok.ro\/2024\/wp-content\/uploads\/2024\/08\/kmn2024_nagyboldogasszony_unnep_mariaoszlop_20240815_131800_VL-5-1-scaled.jpg\",\"contentUrl\":\"https:\/\/magyarnapok.ro\/2024\/wp-content\/uploads\/2024\/08\/kmn2024_nagyboldogasszony_unnep_mariaoszlop_20240815_131800_VL-5-1-scaled.jpg\",\"width\":2560,\"height\":1707},{\"@type\":\"BreadcrumbList\",\"@id\":\"https:\/\/magyarnapok.ro\/2024\/ujra-eredeti-melto-helyen-all-a-fogadalmi-maria-oszlop\/#breadcrumb\",\"itemListElement\":[{\"@type\":\"ListItem\",\"position\":1,\"name\":\"Home\",\"item\":\"https:\/\/magyarnapok.ro\/2024\/\"},{\"@type\":\"ListItem\",\"position\":2,\"name\":\"\u00dajra eredeti, m\u00e9lt\u00f3 hely\u00e9n \u00e1ll a fogadalmi M\u00e1ria-oszlop\"}]},{\"@type\":\"WebSite\",\"@id\":\"https:\/\/magyarnapok.ro\/2024\/#website\",\"url\":\"https:\/\/magyarnapok.ro\/2024\/\",\"name\":\"Kolozsv\u00e1ri Magyar Napok 2024\",\"description\":\"A h\u00e9t meg a nyolc\u00e1t!\",\"publisher\":{\"@id\":\"https:\/\/magyarnapok.ro\/2024\/#organization\"},\"potentialAction\":[{\"@type\":\"SearchAction\",\"target\":{\"@type\":\"EntryPoint\",\"urlTemplate\":\"https:\/\/magyarnapok.ro\/2024\/?s={search_term_string}\"},\"query-input\":\"required name=search_term_string\"}],\"inLanguage\":\"hu\"},{\"@type\":\"Organization\",\"@id\":\"https:\/\/magyarnapok.ro\/2024\/#organization\",\"name\":\"Kolozsv\u00e1ri Magyar Napok\",\"url\":\"https:\/\/magyarnapok.ro\/2024\/\",\"logo\":{\"@type\":\"ImageObject\",\"inLanguage\":\"hu\",\"@id\":\"https:\/\/magyarnapok.ro\/2024\/#\/schema\/logo\/image\/\",\"url\":\"https:\/\/magyarnapok.ro\/2024\/wp-content\/uploads\/2024\/04\/kmn_15_logo.png\",\"contentUrl\":\"https:\/\/magyarnapok.ro\/2024\/wp-content\/uploads\/2024\/04\/kmn_15_logo.png\",\"width\":385,\"height\":362,\"caption\":\"Kolozsv\u00e1ri Magyar Napok\"},\"image\":{\"@id\":\"https:\/\/magyarnapok.ro\/2024\/#\/schema\/logo\/image\/\"},\"sameAs\":[\"https:\/\/www.facebook.com\/magyarnapok\",\"https:\/\/www.instagram.com\/magyarnapok\/\",\"https:\/\/www.youtube.com\/c\/KolozsvriMagyarNapok2015\"]},{\"@type\":\"Person\",\"@id\":\"https:\/\/magyarnapok.ro\/2024\/#\/schema\/person\/1b0549e510716ea57ccaffd530e4620e\",\"name\":\"M\u00e1t\u00f3-Sz\u00e9kely Orsi\",\"image\":{\"@type\":\"ImageObject\",\"inLanguage\":\"hu\",\"@id\":\"https:\/\/magyarnapok.ro\/2024\/#\/schema\/person\/image\/\",\"url\":\"https:\/\/secure.gravatar.com\/avatar\/5852b775194f0a9e509b1b6f46f068292eacfd4ad80453c7581820e563221f51?s=96&d=mm&r=g\",\"contentUrl\":\"https:\/\/secure.gravatar.com\/avatar\/5852b775194f0a9e509b1b6f46f068292eacfd4ad80453c7581820e563221f51?s=96&d=mm&r=g\",\"caption\":\"M\u00e1t\u00f3-Sz\u00e9kely Orsi\"},\"url\":\"https:\/\/magyarnapok.ro\/2024\/author\/orsi_m\/\"}]}<\/script>\n<!-- \/ Yoast SEO plugin. -->","yoast_head_json":{"title":"\u00dajra eredeti, m\u00e9lt\u00f3 hely\u00e9n \u00e1ll a fogadalmi M\u00e1ria-oszlop - Kolozsv\u00e1ri Magyar Napok 2024","robots":{"index":"index","follow":"follow","max-snippet":"max-snippet:-1","max-image-preview":"max-image-preview:large","max-video-preview":"max-video-preview:-1"},"canonical":"https:\/\/magyarnapok.ro\/2024\/ujra-eredeti-melto-helyen-all-a-fogadalmi-maria-oszlop\/","og_locale":"hu_HU","og_type":"article","og_title":"\u00dajra eredeti, m\u00e9lt\u00f3 hely\u00e9n \u00e1ll a fogadalmi M\u00e1ria-oszlop - Kolozsv\u00e1ri Magyar Napok 2024","og_description":"T\u00f6rt\u00e9nelmi jelent\u0151s\u00e9g\u0171 mozzanattal, a fogadalmi M\u00e1ria-oszlop meg\u00e1ld\u00e1s\u00e1val kezd\u0151d\u00f6tt el a 15. Kolozsv\u00e1ri Magyar Napok augusztus 15-\u00e9n.","og_url":"https:\/\/magyarnapok.ro\/2024\/ujra-eredeti-melto-helyen-all-a-fogadalmi-maria-oszlop\/","og_site_name":"Kolozsv\u00e1ri Magyar Napok 2024","article_publisher":"https:\/\/www.facebook.com\/magyarnapok","article_published_time":"2024-08-17T09:58:23+00:00","article_modified_time":"2024-08-17T10:17:49+00:00","og_image":[{"width":2560,"height":1707,"url":"https:\/\/magyarnapok.ro\/2024\/wp-content\/uploads\/2024\/08\/kmn2024_nagyboldogasszony_unnep_mariaoszlop_20240815_131800_VL-5-1-scaled.jpg","type":"image\/jpeg"}],"author":"M\u00e1t\u00f3-Sz\u00e9kely Orsi","twitter_card":"summary_large_image","twitter_misc":{"Szerz\u0151:":"M\u00e1t\u00f3-Sz\u00e9kely Orsi","Becs\u00fclt olvas\u00e1si id\u0151":"3 perc"},"schema":{"@context":"https:\/\/schema.org","@graph":[{"@type":"Article","@id":"https:\/\/magyarnapok.ro\/2024\/ujra-eredeti-melto-helyen-all-a-fogadalmi-maria-oszlop\/#article","isPartOf":{"@id":"https:\/\/magyarnapok.ro\/2024\/ujra-eredeti-melto-helyen-all-a-fogadalmi-maria-oszlop\/"},"author":{"name":"M\u00e1t\u00f3-Sz\u00e9kely Orsi","@id":"https:\/\/magyarnapok.ro\/2024\/#\/schema\/person\/1b0549e510716ea57ccaffd530e4620e"},"headline":"\u00dajra eredeti, m\u00e9lt\u00f3 hely\u00e9n \u00e1ll a fogadalmi M\u00e1ria-oszlop","datePublished":"2024-08-17T09:58:23+00:00","dateModified":"2024-08-17T10:17:49+00:00","mainEntityOfPage":{"@id":"https:\/\/magyarnapok.ro\/2024\/ujra-eredeti-melto-helyen-all-a-fogadalmi-maria-oszlop\/"},"wordCount":721,"publisher":{"@id":"https:\/\/magyarnapok.ro\/2024\/#organization"},"image":{"@id":"https:\/\/magyarnapok.ro\/2024\/ujra-eredeti-melto-helyen-all-a-fogadalmi-maria-oszlop\/#primaryimage"},"thumbnailUrl":"https:\/\/magyarnapok.ro\/2024\/wp-content\/uploads\/2024\/08\/kmn2024_nagyboldogasszony_unnep_mariaoszlop_20240815_131800_VL-5-1-scaled.jpg","inLanguage":"hu"},{"@type":"WebPage","@id":"https:\/\/magyarnapok.ro\/2024\/ujra-eredeti-melto-helyen-all-a-fogadalmi-maria-oszlop\/","url":"https:\/\/magyarnapok.ro\/2024\/ujra-eredeti-melto-helyen-all-a-fogadalmi-maria-oszlop\/","name":"\u00dajra eredeti, m\u00e9lt\u00f3 hely\u00e9n \u00e1ll a fogadalmi M\u00e1ria-oszlop - Kolozsv\u00e1ri Magyar Napok 2024","isPartOf":{"@id":"https:\/\/magyarnapok.ro\/2024\/#website"},"primaryImageOfPage":{"@id":"https:\/\/magyarnapok.ro\/2024\/ujra-eredeti-melto-helyen-all-a-fogadalmi-maria-oszlop\/#primaryimage"},"image":{"@id":"https:\/\/magyarnapok.ro\/2024\/ujra-eredeti-melto-helyen-all-a-fogadalmi-maria-oszlop\/#primaryimage"},"thumbnailUrl":"https:\/\/magyarnapok.ro\/2024\/wp-content\/uploads\/2024\/08\/kmn2024_nagyboldogasszony_unnep_mariaoszlop_20240815_131800_VL-5-1-scaled.jpg","datePublished":"2024-08-17T09:58:23+00:00","dateModified":"2024-08-17T10:17:49+00:00","breadcrumb":{"@id":"https:\/\/magyarnapok.ro\/2024\/ujra-eredeti-melto-helyen-all-a-fogadalmi-maria-oszlop\/#breadcrumb"},"inLanguage":"hu","potentialAction":[{"@type":"ReadAction","target":["https:\/\/magyarnapok.ro\/2024\/ujra-eredeti-melto-helyen-all-a-fogadalmi-maria-oszlop\/"]}]},{"@type":"ImageObject","inLanguage":"hu","@id":"https:\/\/magyarnapok.ro\/2024\/ujra-eredeti-melto-helyen-all-a-fogadalmi-maria-oszlop\/#primaryimage","url":"https:\/\/magyarnapok.ro\/2024\/wp-content\/uploads\/2024\/08\/kmn2024_nagyboldogasszony_unnep_mariaoszlop_20240815_131800_VL-5-1-scaled.jpg","contentUrl":"https:\/\/magyarnapok.ro\/2024\/wp-content\/uploads\/2024\/08\/kmn2024_nagyboldogasszony_unnep_mariaoszlop_20240815_131800_VL-5-1-scaled.jpg","width":2560,"height":1707},{"@type":"BreadcrumbList","@id":"https:\/\/magyarnapok.ro\/2024\/ujra-eredeti-melto-helyen-all-a-fogadalmi-maria-oszlop\/#breadcrumb","itemListElement":[{"@type":"ListItem","position":1,"name":"Home","item":"https:\/\/magyarnapok.ro\/2024\/"},{"@type":"ListItem","position":2,"name":"\u00dajra eredeti, m\u00e9lt\u00f3 hely\u00e9n \u00e1ll a fogadalmi M\u00e1ria-oszlop"}]},{"@type":"WebSite","@id":"https:\/\/magyarnapok.ro\/2024\/#website","url":"https:\/\/magyarnapok.ro\/2024\/","name":"Kolozsv\u00e1ri Magyar Napok 2024","description":"A h\u00e9t meg a nyolc\u00e1t!","publisher":{"@id":"https:\/\/magyarnapok.ro\/2024\/#organization"},"potentialAction":[{"@type":"SearchAction","target":{"@type":"EntryPoint","urlTemplate":"https:\/\/magyarnapok.ro\/2024\/?s={search_term_string}"},"query-input":"required name=search_term_string"}],"inLanguage":"hu"},{"@type":"Organization","@id":"https:\/\/magyarnapok.ro\/2024\/#organization","name":"Kolozsv\u00e1ri Magyar Napok","url":"https:\/\/magyarnapok.ro\/2024\/","logo":{"@type":"ImageObject","inLanguage":"hu","@id":"https:\/\/magyarnapok.ro\/2024\/#\/schema\/logo\/image\/","url":"https:\/\/magyarnapok.ro\/2024\/wp-content\/uploads\/2024\/04\/kmn_15_logo.png","contentUrl":"https:\/\/magyarnapok.ro\/2024\/wp-content\/uploads\/2024\/04\/kmn_15_logo.png","width":385,"height":362,"caption":"Kolozsv\u00e1ri Magyar Napok"},"image":{"@id":"https:\/\/magyarnapok.ro\/2024\/#\/schema\/logo\/image\/"},"sameAs":["https:\/\/www.facebook.com\/magyarnapok","https:\/\/www.instagram.com\/magyarnapok\/","https:\/\/www.youtube.com\/c\/KolozsvriMagyarNapok2015"]},{"@type":"Person","@id":"https:\/\/magyarnapok.ro\/2024\/#\/schema\/person\/1b0549e510716ea57ccaffd530e4620e","name":"M\u00e1t\u00f3-Sz\u00e9kely Orsi","image":{"@type":"ImageObject","inLanguage":"hu","@id":"https:\/\/magyarnapok.ro\/2024\/#\/schema\/person\/image\/","url":"https:\/\/secure.gravatar.com\/avatar\/5852b775194f0a9e509b1b6f46f068292eacfd4ad80453c7581820e563221f51?s=96&d=mm&r=g","contentUrl":"https:\/\/secure.gravatar.com\/avatar\/5852b775194f0a9e509b1b6f46f068292eacfd4ad80453c7581820e563221f51?s=96&d=mm&r=g","caption":"M\u00e1t\u00f3-Sz\u00e9kely Orsi"},"url":"https:\/\/magyarnapok.ro\/2024\/author\/orsi_m\/"}]}},"_links":{"self":[{"href":"https:\/\/magyarnapok.ro\/2024\/wp-json\/wp\/v2\/posts\/3109","targetHints":{"allow":["GET"]}}],"collection":[{"href":"https:\/\/magyarnapok.ro\/2024\/wp-json\/wp\/v2\/posts"}],"about":[{"href":"https:\/\/magyarnapok.ro\/2024\/wp-json\/wp\/v2\/types\/post"}],"author":[{"embeddable":true,"href":"https:\/\/magyarnapok.ro\/2024\/wp-json\/wp\/v2\/users\/9"}],"replies":[{"embeddable":true,"href":"https:\/\/magyarnapok.ro\/2024\/wp-json\/wp\/v2\/comments?post=3109"}],"version-history":[{"count":2,"href":"https:\/\/magyarnapok.ro\/2024\/wp-json\/wp\/v2\/posts\/3109\/revisions"}],"predecessor-version":[{"id":3117,"href":"https:\/\/magyarnapok.ro\/2024\/wp-json\/wp\/v2\/posts\/3109\/revisions\/3117"}],"wp:featuredmedia":[{"embeddable":true,"href":"https:\/\/magyarnapok.ro\/2024\/wp-json\/wp\/v2\/media\/3114"}],"wp:attachment":[{"href":"https:\/\/magyarnapok.ro\/2024\/wp-json\/wp\/v2\/media?parent=3109"}],"wp:term":[{"taxonomy":"category","embeddable":true,"href":"https:\/\/magyarnapok.ro\/2024\/wp-json\/wp\/v2\/categories?post=3109"},{"taxonomy":"post_tag","embeddable":true,"href":"https:\/\/magyarnapok.ro\/2024\/wp-json\/wp\/v2\/tags?post=3109"}],"curies":[{"name":"wp","href":"https:\/\/api.w.org\/{rel}","templated":true}]}}