{"id":3124,"date":"2024-08-17T15:51:29","date_gmt":"2024-08-17T12:51:29","guid":{"rendered":"https:\/\/magyarnapok.ro\/2024\/?p=3124"},"modified":"2024-08-17T15:51:30","modified_gmt":"2024-08-17T12:51:30","slug":"bemutattak-a-2024-2025-os-kincses-kolozsvar-kalendariumat","status":"publish","type":"post","link":"https:\/\/magyarnapok.ro\/2024\/bemutattak-a-2024-2025-os-kincses-kolozsvar-kalendariumat\/","title":{"rendered":"Bemutatt\u00e1k a 2024-2025-\u00f6s Kincses Kolozsv\u00e1r Kalend\u00e1rium\u00e1t"},"content":{"rendered":"\n<p>Id\u00e9n is megjelent a Kincses Kolozsv\u00e1r Kalend\u00e1riuma, melyet a Kolozsv\u00e1ri Magyar Napokon mutattak be, augusztus 16-\u00e1n, d\u00e9lut\u00e1n. A k\u00f6nyvbemutat\u00f3t a k\u00f6tet szerkeszt\u0151je \u00e9s a Magyar Napok programigazgat\u00f3ja, Szab\u00f3 Lilla moder\u00e1lta, valamint n\u00e9h\u00e1ny jelenl\u00e9v\u0151 szerz\u0151 a kalend\u00e1riumba \u00edrt sz\u00f6veg\u00e9t ismertette.&nbsp;<\/p>\n\n\n\n<p>A Magyar Napok alkalm\u00e1val bemutatott kiadv\u00e1ny a m\u00e1r megszokott rovatokkal sz\u00e9lesk\u00f6r\u0171 ismereteket ny\u00fajt, \u00e9s az \u00e9v minden napj\u00e1ra olvasnival\u00f3t biztos\u00edt. A 2024-2025-\u00f6s Kincses Kolozsv\u00e1r Kalend\u00e1rium szerkeszt\u0151bizotts\u00e1g\u00e1nak tagjai Boros Mikl\u00f3s, Gergely Bal\u00e1zs, H. Szab\u00f3 Gyula (f\u0151szerkeszt\u0151) \u00e9s Szil\u00e1gyi Adrien Rebeka voltak. A k\u00f6nyv legf\u0151bb c\u00e9lja pedig ism\u00e9t a kolozsv\u00e1ri jelen \u00e9s a kincses v\u00e1ros m\u00faltj\u00e1nak bemutat\u00e1sa, amelynek k\u00f6z\u00e9ppontj\u00e1ban id\u00e9n a Pet\u0151fi utca \u00e1ll. Az idei kalend\u00e1riumban a Helikon irodalmi foly\u00f3irat szerkeszt\u0151inek \u00edr\u00e1sa az <em>\u00cdr\u00f3k-k\u00f6lt\u0151k v\u00e1rosa<\/em> rovatban olvashat\u00f3.<\/p>\n\n\n\n<p>A k\u00f6nyvbemutat\u00f3n jelen volt Gaal Gy\u00f6rgy irodalom- \u00e9s helyt\u00f6rt\u00e9n\u00e9sz, akinek nyolc \u00edr\u00e1sa is megjelent a kalend\u00e1riumban. Nagy B\u00e9la helyt\u00f6rt\u00e9n\u00e9sz is r\u00f6viden besz\u00e9lt \u00edr\u00e1sair\u00f3l, majd Luk\u00e1cs J\u00f3zsef helyt\u00f6rt\u00e9n\u00e9sz \u00e9s muzeol\u00f3gus a kolozsv\u00e1ri Kir\u00e1lyi Lyceum Pet\u0151fi utcai nyomd\u00e1j\u00e1r\u00f3l \u00e9rtekezett. A k\u00f6nyvbemutat\u00f3n felolvas\u00e1sra is sor ker\u00fclt: Sz\u00e1ntai J\u00e1nos \u00edr\u00f3 a jelenlev\u0151knek a <em>Transz\/szilv\u00e1n snitt (mondjuk, a Helikon szigor\u00faan titkos h\u00e1ts\u00f3 ablak\u00e1b\u00f3l) <\/em>c\u00edm\u0171 sz\u00f6veg\u00e9t olvasta fel. H. Szab\u00f3 Gyula, a Kriterion k\u00f6nyvkiad\u00f3 igazgat\u00f3ja a Hoffgref Gy\u00f6rgy \u00e9s Heltai G\u00e1sp\u00e1r nyomd\u00e1j\u00e1r\u00f3l szerkesztett sz\u00f6veg\u00e9r\u0151l mes\u00e9lt, majd Sz\u00e9kely Adrienn a 150 \u00e9ves K\u00f6zponti Egyetemi K\u00f6nyvt\u00e1rr\u00f3l \u00edrt \u00f6sszefoglal\u00f3j\u00e1b\u00f3l osztott meg n\u00e9h\u00e1ny r\u00e9szletet. Szil\u00e1gyi Adrien Rebeka <em>Kolozsv\u00e1riak 19. sz\u00e1zad v\u00e9gi \u00fcnneps\u00e9gei \u00e9s kir\u00e1ndul\u00e1sai a gyalui v\u00e1rkast\u00e9lyban a korabeli sajt\u00f3 t\u00fckr\u00e9ben<\/em> c\u00edm\u0171 \u00edr\u00e1s\u00e1r\u00f3l egy-k\u00e9t t\u00e9nyt osztott meg, majd M\u00e1rton Evelin, a Helikon szerkeszt\u0151je felolvasta a <em>S\u00e9ta idegennel<\/em> c\u00edm\u0171 \u00edr\u00e1s\u00e1t.&nbsp;<\/p>\n\n\n\n<p>A kalend\u00e1riumban \u2013 amely 65 lej\u00e9rt megv\u00e1s\u00e1rolhat\u00f3 a Kolozsv\u00e1ri Magyar Napok ideje alatt a F\u0151t\u00e9ren, valamint a Farkas utc\u00e1ban tal\u00e1lhat\u00f3 KMN-boltokban \u2013 a <em>Gyermekeknek<\/em> rovat az \u00c9letfa Csal\u00e1dseg\u00edt\u0151 Egyes\u00fclet k\u00f6zrem\u0171k\u00f6d\u00e9s\u00e9vel j\u00f6tt l\u00e9tre, valamint a <em>Sport<\/em> rovatban Killy\u00e9ni Andr\u00e1s, Matei Linda \u00e9s Er\u0151s Abig\u00e9l \u00edr\u00e1sai is megjelennek.&nbsp;<\/p>\n\n\n\n<p>Mih\u00e1ly Kriszta<\/p>\n","protected":false},"excerpt":{"rendered":"<p>Id\u00e9n is megjelent a Kincses Kolozsv\u00e1r Kalend\u00e1riuma, melyet a Kolozsv\u00e1ri Magyar Napokon mutattak be, augusztus 16-\u00e1n, d\u00e9lut\u00e1n.<\/p>\n","protected":false},"author":9,"featured_media":3125,"comment_status":"closed","ping_status":"open","sticky":false,"template":"","format":"standard","meta":{"_acf_changed":false,"footnotes":""},"categories":[1],"tags":[],"class_list":["post-3124","post","type-post","status-publish","format-standard","has-post-thumbnail","hentry","category-egyeb"],"acf":[],"yoast_head":"<!-- This site is optimized with the Yoast SEO plugin v23.0 - https:\/\/yoast.com\/wordpress\/plugins\/seo\/ -->\n<title>Bemutatt\u00e1k a 2024-2025-\u00f6s Kincses Kolozsv\u00e1r Kalend\u00e1rium\u00e1t - Kolozsv\u00e1ri Magyar Napok 2024<\/title>\n<meta name=\"robots\" content=\"index, follow, max-snippet:-1, max-image-preview:large, max-video-preview:-1\" \/>\n<link rel=\"canonical\" href=\"https:\/\/magyarnapok.ro\/2024\/bemutattak-a-2024-2025-os-kincses-kolozsvar-kalendariumat\/\" \/>\n<meta property=\"og:locale\" content=\"hu_HU\" \/>\n<meta property=\"og:type\" content=\"article\" \/>\n<meta property=\"og:title\" content=\"Bemutatt\u00e1k a 2024-2025-\u00f6s Kincses Kolozsv\u00e1r Kalend\u00e1rium\u00e1t - Kolozsv\u00e1ri Magyar Napok 2024\" \/>\n<meta property=\"og:description\" content=\"Id\u00e9n is megjelent a Kincses Kolozsv\u00e1r Kalend\u00e1riuma, melyet a Kolozsv\u00e1ri Magyar Napokon mutattak be, augusztus 16-\u00e1n, d\u00e9lut\u00e1n.\" \/>\n<meta property=\"og:url\" content=\"https:\/\/magyarnapok.ro\/2024\/bemutattak-a-2024-2025-os-kincses-kolozsvar-kalendariumat\/\" \/>\n<meta property=\"og:site_name\" content=\"Kolozsv\u00e1ri Magyar Napok 2024\" \/>\n<meta property=\"article:publisher\" content=\"https:\/\/www.facebook.com\/magyarnapok\" \/>\n<meta property=\"article:published_time\" content=\"2024-08-17T12:51:29+00:00\" \/>\n<meta property=\"article:modified_time\" content=\"2024-08-17T12:51:30+00:00\" \/>\n<meta property=\"og:image\" content=\"https:\/\/magyarnapok.ro\/2024\/wp-content\/uploads\/2024\/08\/KMN2024_kincses_kolozsvar_kalendarium_konyvbemutato_20240816_171732_MRD_0399-scaled.jpg\" \/>\n\t<meta property=\"og:image:width\" content=\"2560\" \/>\n\t<meta property=\"og:image:height\" content=\"1709\" \/>\n\t<meta property=\"og:image:type\" content=\"image\/jpeg\" \/>\n<meta name=\"author\" content=\"M\u00e1t\u00f3-Sz\u00e9kely Orsi\" \/>\n<meta name=\"twitter:card\" content=\"summary_large_image\" \/>\n<meta name=\"twitter:label1\" content=\"Szerz\u0151:\" \/>\n\t<meta name=\"twitter:data1\" content=\"M\u00e1t\u00f3-Sz\u00e9kely Orsi\" \/>\n\t<meta name=\"twitter:label2\" content=\"Becs\u00fclt olvas\u00e1si id\u0151\" \/>\n\t<meta name=\"twitter:data2\" content=\"2 perc\" \/>\n<script type=\"application\/ld+json\" class=\"yoast-schema-graph\">{\"@context\":\"https:\/\/schema.org\",\"@graph\":[{\"@type\":\"Article\",\"@id\":\"https:\/\/magyarnapok.ro\/2024\/bemutattak-a-2024-2025-os-kincses-kolozsvar-kalendariumat\/#article\",\"isPartOf\":{\"@id\":\"https:\/\/magyarnapok.ro\/2024\/bemutattak-a-2024-2025-os-kincses-kolozsvar-kalendariumat\/\"},\"author\":{\"name\":\"M\u00e1t\u00f3-Sz\u00e9kely Orsi\",\"@id\":\"https:\/\/magyarnapok.ro\/2024\/#\/schema\/person\/1b0549e510716ea57ccaffd530e4620e\"},\"headline\":\"Bemutatt\u00e1k a 2024-2025-\u00f6s Kincses Kolozsv\u00e1r Kalend\u00e1rium\u00e1t\",\"datePublished\":\"2024-08-17T12:51:29+00:00\",\"dateModified\":\"2024-08-17T12:51:30+00:00\",\"mainEntityOfPage\":{\"@id\":\"https:\/\/magyarnapok.ro\/2024\/bemutattak-a-2024-2025-os-kincses-kolozsvar-kalendariumat\/\"},\"wordCount\":478,\"publisher\":{\"@id\":\"https:\/\/magyarnapok.ro\/2024\/#organization\"},\"image\":{\"@id\":\"https:\/\/magyarnapok.ro\/2024\/bemutattak-a-2024-2025-os-kincses-kolozsvar-kalendariumat\/#primaryimage\"},\"thumbnailUrl\":\"https:\/\/magyarnapok.ro\/2024\/wp-content\/uploads\/2024\/08\/KMN2024_kincses_kolozsvar_kalendarium_konyvbemutato_20240816_171732_MRD_0399-scaled.jpg\",\"inLanguage\":\"hu\"},{\"@type\":\"WebPage\",\"@id\":\"https:\/\/magyarnapok.ro\/2024\/bemutattak-a-2024-2025-os-kincses-kolozsvar-kalendariumat\/\",\"url\":\"https:\/\/magyarnapok.ro\/2024\/bemutattak-a-2024-2025-os-kincses-kolozsvar-kalendariumat\/\",\"name\":\"Bemutatt\u00e1k a 2024-2025-\u00f6s Kincses Kolozsv\u00e1r Kalend\u00e1rium\u00e1t - Kolozsv\u00e1ri Magyar Napok 2024\",\"isPartOf\":{\"@id\":\"https:\/\/magyarnapok.ro\/2024\/#website\"},\"primaryImageOfPage\":{\"@id\":\"https:\/\/magyarnapok.ro\/2024\/bemutattak-a-2024-2025-os-kincses-kolozsvar-kalendariumat\/#primaryimage\"},\"image\":{\"@id\":\"https:\/\/magyarnapok.ro\/2024\/bemutattak-a-2024-2025-os-kincses-kolozsvar-kalendariumat\/#primaryimage\"},\"thumbnailUrl\":\"https:\/\/magyarnapok.ro\/2024\/wp-content\/uploads\/2024\/08\/KMN2024_kincses_kolozsvar_kalendarium_konyvbemutato_20240816_171732_MRD_0399-scaled.jpg\",\"datePublished\":\"2024-08-17T12:51:29+00:00\",\"dateModified\":\"2024-08-17T12:51:30+00:00\",\"breadcrumb\":{\"@id\":\"https:\/\/magyarnapok.ro\/2024\/bemutattak-a-2024-2025-os-kincses-kolozsvar-kalendariumat\/#breadcrumb\"},\"inLanguage\":\"hu\",\"potentialAction\":[{\"@type\":\"ReadAction\",\"target\":[\"https:\/\/magyarnapok.ro\/2024\/bemutattak-a-2024-2025-os-kincses-kolozsvar-kalendariumat\/\"]}]},{\"@type\":\"ImageObject\",\"inLanguage\":\"hu\",\"@id\":\"https:\/\/magyarnapok.ro\/2024\/bemutattak-a-2024-2025-os-kincses-kolozsvar-kalendariumat\/#primaryimage\",\"url\":\"https:\/\/magyarnapok.ro\/2024\/wp-content\/uploads\/2024\/08\/KMN2024_kincses_kolozsvar_kalendarium_konyvbemutato_20240816_171732_MRD_0399-scaled.jpg\",\"contentUrl\":\"https:\/\/magyarnapok.ro\/2024\/wp-content\/uploads\/2024\/08\/KMN2024_kincses_kolozsvar_kalendarium_konyvbemutato_20240816_171732_MRD_0399-scaled.jpg\",\"width\":2560,\"height\":1709},{\"@type\":\"BreadcrumbList\",\"@id\":\"https:\/\/magyarnapok.ro\/2024\/bemutattak-a-2024-2025-os-kincses-kolozsvar-kalendariumat\/#breadcrumb\",\"itemListElement\":[{\"@type\":\"ListItem\",\"position\":1,\"name\":\"Home\",\"item\":\"https:\/\/magyarnapok.ro\/2024\/\"},{\"@type\":\"ListItem\",\"position\":2,\"name\":\"Bemutatt\u00e1k a 2024-2025-\u00f6s Kincses Kolozsv\u00e1r Kalend\u00e1rium\u00e1t\"}]},{\"@type\":\"WebSite\",\"@id\":\"https:\/\/magyarnapok.ro\/2024\/#website\",\"url\":\"https:\/\/magyarnapok.ro\/2024\/\",\"name\":\"Kolozsv\u00e1ri Magyar Napok 2024\",\"description\":\"A h\u00e9t meg a nyolc\u00e1t!\",\"publisher\":{\"@id\":\"https:\/\/magyarnapok.ro\/2024\/#organization\"},\"potentialAction\":[{\"@type\":\"SearchAction\",\"target\":{\"@type\":\"EntryPoint\",\"urlTemplate\":\"https:\/\/magyarnapok.ro\/2024\/?s={search_term_string}\"},\"query-input\":\"required name=search_term_string\"}],\"inLanguage\":\"hu\"},{\"@type\":\"Organization\",\"@id\":\"https:\/\/magyarnapok.ro\/2024\/#organization\",\"name\":\"Kolozsv\u00e1ri Magyar Napok\",\"url\":\"https:\/\/magyarnapok.ro\/2024\/\",\"logo\":{\"@type\":\"ImageObject\",\"inLanguage\":\"hu\",\"@id\":\"https:\/\/magyarnapok.ro\/2024\/#\/schema\/logo\/image\/\",\"url\":\"https:\/\/magyarnapok.ro\/2024\/wp-content\/uploads\/2024\/04\/kmn_15_logo.png\",\"contentUrl\":\"https:\/\/magyarnapok.ro\/2024\/wp-content\/uploads\/2024\/04\/kmn_15_logo.png\",\"width\":385,\"height\":362,\"caption\":\"Kolozsv\u00e1ri Magyar Napok\"},\"image\":{\"@id\":\"https:\/\/magyarnapok.ro\/2024\/#\/schema\/logo\/image\/\"},\"sameAs\":[\"https:\/\/www.facebook.com\/magyarnapok\",\"https:\/\/www.instagram.com\/magyarnapok\/\",\"https:\/\/www.youtube.com\/c\/KolozsvriMagyarNapok2015\"]},{\"@type\":\"Person\",\"@id\":\"https:\/\/magyarnapok.ro\/2024\/#\/schema\/person\/1b0549e510716ea57ccaffd530e4620e\",\"name\":\"M\u00e1t\u00f3-Sz\u00e9kely Orsi\",\"image\":{\"@type\":\"ImageObject\",\"inLanguage\":\"hu\",\"@id\":\"https:\/\/magyarnapok.ro\/2024\/#\/schema\/person\/image\/\",\"url\":\"https:\/\/secure.gravatar.com\/avatar\/5852b775194f0a9e509b1b6f46f068292eacfd4ad80453c7581820e563221f51?s=96&d=mm&r=g\",\"contentUrl\":\"https:\/\/secure.gravatar.com\/avatar\/5852b775194f0a9e509b1b6f46f068292eacfd4ad80453c7581820e563221f51?s=96&d=mm&r=g\",\"caption\":\"M\u00e1t\u00f3-Sz\u00e9kely Orsi\"},\"url\":\"https:\/\/magyarnapok.ro\/2024\/author\/orsi_m\/\"}]}<\/script>\n<!-- \/ Yoast SEO plugin. -->","yoast_head_json":{"title":"Bemutatt\u00e1k a 2024-2025-\u00f6s Kincses Kolozsv\u00e1r Kalend\u00e1rium\u00e1t - Kolozsv\u00e1ri Magyar Napok 2024","robots":{"index":"index","follow":"follow","max-snippet":"max-snippet:-1","max-image-preview":"max-image-preview:large","max-video-preview":"max-video-preview:-1"},"canonical":"https:\/\/magyarnapok.ro\/2024\/bemutattak-a-2024-2025-os-kincses-kolozsvar-kalendariumat\/","og_locale":"hu_HU","og_type":"article","og_title":"Bemutatt\u00e1k a 2024-2025-\u00f6s Kincses Kolozsv\u00e1r Kalend\u00e1rium\u00e1t - Kolozsv\u00e1ri Magyar Napok 2024","og_description":"Id\u00e9n is megjelent a Kincses Kolozsv\u00e1r Kalend\u00e1riuma, melyet a Kolozsv\u00e1ri Magyar Napokon mutattak be, augusztus 16-\u00e1n, d\u00e9lut\u00e1n.","og_url":"https:\/\/magyarnapok.ro\/2024\/bemutattak-a-2024-2025-os-kincses-kolozsvar-kalendariumat\/","og_site_name":"Kolozsv\u00e1ri Magyar Napok 2024","article_publisher":"https:\/\/www.facebook.com\/magyarnapok","article_published_time":"2024-08-17T12:51:29+00:00","article_modified_time":"2024-08-17T12:51:30+00:00","og_image":[{"width":2560,"height":1709,"url":"https:\/\/magyarnapok.ro\/2024\/wp-content\/uploads\/2024\/08\/KMN2024_kincses_kolozsvar_kalendarium_konyvbemutato_20240816_171732_MRD_0399-scaled.jpg","type":"image\/jpeg"}],"author":"M\u00e1t\u00f3-Sz\u00e9kely Orsi","twitter_card":"summary_large_image","twitter_misc":{"Szerz\u0151:":"M\u00e1t\u00f3-Sz\u00e9kely Orsi","Becs\u00fclt olvas\u00e1si id\u0151":"2 perc"},"schema":{"@context":"https:\/\/schema.org","@graph":[{"@type":"Article","@id":"https:\/\/magyarnapok.ro\/2024\/bemutattak-a-2024-2025-os-kincses-kolozsvar-kalendariumat\/#article","isPartOf":{"@id":"https:\/\/magyarnapok.ro\/2024\/bemutattak-a-2024-2025-os-kincses-kolozsvar-kalendariumat\/"},"author":{"name":"M\u00e1t\u00f3-Sz\u00e9kely Orsi","@id":"https:\/\/magyarnapok.ro\/2024\/#\/schema\/person\/1b0549e510716ea57ccaffd530e4620e"},"headline":"Bemutatt\u00e1k a 2024-2025-\u00f6s Kincses Kolozsv\u00e1r Kalend\u00e1rium\u00e1t","datePublished":"2024-08-17T12:51:29+00:00","dateModified":"2024-08-17T12:51:30+00:00","mainEntityOfPage":{"@id":"https:\/\/magyarnapok.ro\/2024\/bemutattak-a-2024-2025-os-kincses-kolozsvar-kalendariumat\/"},"wordCount":478,"publisher":{"@id":"https:\/\/magyarnapok.ro\/2024\/#organization"},"image":{"@id":"https:\/\/magyarnapok.ro\/2024\/bemutattak-a-2024-2025-os-kincses-kolozsvar-kalendariumat\/#primaryimage"},"thumbnailUrl":"https:\/\/magyarnapok.ro\/2024\/wp-content\/uploads\/2024\/08\/KMN2024_kincses_kolozsvar_kalendarium_konyvbemutato_20240816_171732_MRD_0399-scaled.jpg","inLanguage":"hu"},{"@type":"WebPage","@id":"https:\/\/magyarnapok.ro\/2024\/bemutattak-a-2024-2025-os-kincses-kolozsvar-kalendariumat\/","url":"https:\/\/magyarnapok.ro\/2024\/bemutattak-a-2024-2025-os-kincses-kolozsvar-kalendariumat\/","name":"Bemutatt\u00e1k a 2024-2025-\u00f6s Kincses Kolozsv\u00e1r Kalend\u00e1rium\u00e1t - Kolozsv\u00e1ri Magyar Napok 2024","isPartOf":{"@id":"https:\/\/magyarnapok.ro\/2024\/#website"},"primaryImageOfPage":{"@id":"https:\/\/magyarnapok.ro\/2024\/bemutattak-a-2024-2025-os-kincses-kolozsvar-kalendariumat\/#primaryimage"},"image":{"@id":"https:\/\/magyarnapok.ro\/2024\/bemutattak-a-2024-2025-os-kincses-kolozsvar-kalendariumat\/#primaryimage"},"thumbnailUrl":"https:\/\/magyarnapok.ro\/2024\/wp-content\/uploads\/2024\/08\/KMN2024_kincses_kolozsvar_kalendarium_konyvbemutato_20240816_171732_MRD_0399-scaled.jpg","datePublished":"2024-08-17T12:51:29+00:00","dateModified":"2024-08-17T12:51:30+00:00","breadcrumb":{"@id":"https:\/\/magyarnapok.ro\/2024\/bemutattak-a-2024-2025-os-kincses-kolozsvar-kalendariumat\/#breadcrumb"},"inLanguage":"hu","potentialAction":[{"@type":"ReadAction","target":["https:\/\/magyarnapok.ro\/2024\/bemutattak-a-2024-2025-os-kincses-kolozsvar-kalendariumat\/"]}]},{"@type":"ImageObject","inLanguage":"hu","@id":"https:\/\/magyarnapok.ro\/2024\/bemutattak-a-2024-2025-os-kincses-kolozsvar-kalendariumat\/#primaryimage","url":"https:\/\/magyarnapok.ro\/2024\/wp-content\/uploads\/2024\/08\/KMN2024_kincses_kolozsvar_kalendarium_konyvbemutato_20240816_171732_MRD_0399-scaled.jpg","contentUrl":"https:\/\/magyarnapok.ro\/2024\/wp-content\/uploads\/2024\/08\/KMN2024_kincses_kolozsvar_kalendarium_konyvbemutato_20240816_171732_MRD_0399-scaled.jpg","width":2560,"height":1709},{"@type":"BreadcrumbList","@id":"https:\/\/magyarnapok.ro\/2024\/bemutattak-a-2024-2025-os-kincses-kolozsvar-kalendariumat\/#breadcrumb","itemListElement":[{"@type":"ListItem","position":1,"name":"Home","item":"https:\/\/magyarnapok.ro\/2024\/"},{"@type":"ListItem","position":2,"name":"Bemutatt\u00e1k a 2024-2025-\u00f6s Kincses Kolozsv\u00e1r Kalend\u00e1rium\u00e1t"}]},{"@type":"WebSite","@id":"https:\/\/magyarnapok.ro\/2024\/#website","url":"https:\/\/magyarnapok.ro\/2024\/","name":"Kolozsv\u00e1ri Magyar Napok 2024","description":"A h\u00e9t meg a nyolc\u00e1t!","publisher":{"@id":"https:\/\/magyarnapok.ro\/2024\/#organization"},"potentialAction":[{"@type":"SearchAction","target":{"@type":"EntryPoint","urlTemplate":"https:\/\/magyarnapok.ro\/2024\/?s={search_term_string}"},"query-input":"required name=search_term_string"}],"inLanguage":"hu"},{"@type":"Organization","@id":"https:\/\/magyarnapok.ro\/2024\/#organization","name":"Kolozsv\u00e1ri Magyar Napok","url":"https:\/\/magyarnapok.ro\/2024\/","logo":{"@type":"ImageObject","inLanguage":"hu","@id":"https:\/\/magyarnapok.ro\/2024\/#\/schema\/logo\/image\/","url":"https:\/\/magyarnapok.ro\/2024\/wp-content\/uploads\/2024\/04\/kmn_15_logo.png","contentUrl":"https:\/\/magyarnapok.ro\/2024\/wp-content\/uploads\/2024\/04\/kmn_15_logo.png","width":385,"height":362,"caption":"Kolozsv\u00e1ri Magyar Napok"},"image":{"@id":"https:\/\/magyarnapok.ro\/2024\/#\/schema\/logo\/image\/"},"sameAs":["https:\/\/www.facebook.com\/magyarnapok","https:\/\/www.instagram.com\/magyarnapok\/","https:\/\/www.youtube.com\/c\/KolozsvriMagyarNapok2015"]},{"@type":"Person","@id":"https:\/\/magyarnapok.ro\/2024\/#\/schema\/person\/1b0549e510716ea57ccaffd530e4620e","name":"M\u00e1t\u00f3-Sz\u00e9kely Orsi","image":{"@type":"ImageObject","inLanguage":"hu","@id":"https:\/\/magyarnapok.ro\/2024\/#\/schema\/person\/image\/","url":"https:\/\/secure.gravatar.com\/avatar\/5852b775194f0a9e509b1b6f46f068292eacfd4ad80453c7581820e563221f51?s=96&d=mm&r=g","contentUrl":"https:\/\/secure.gravatar.com\/avatar\/5852b775194f0a9e509b1b6f46f068292eacfd4ad80453c7581820e563221f51?s=96&d=mm&r=g","caption":"M\u00e1t\u00f3-Sz\u00e9kely Orsi"},"url":"https:\/\/magyarnapok.ro\/2024\/author\/orsi_m\/"}]}},"_links":{"self":[{"href":"https:\/\/magyarnapok.ro\/2024\/wp-json\/wp\/v2\/posts\/3124","targetHints":{"allow":["GET"]}}],"collection":[{"href":"https:\/\/magyarnapok.ro\/2024\/wp-json\/wp\/v2\/posts"}],"about":[{"href":"https:\/\/magyarnapok.ro\/2024\/wp-json\/wp\/v2\/types\/post"}],"author":[{"embeddable":true,"href":"https:\/\/magyarnapok.ro\/2024\/wp-json\/wp\/v2\/users\/9"}],"replies":[{"embeddable":true,"href":"https:\/\/magyarnapok.ro\/2024\/wp-json\/wp\/v2\/comments?post=3124"}],"version-history":[{"count":1,"href":"https:\/\/magyarnapok.ro\/2024\/wp-json\/wp\/v2\/posts\/3124\/revisions"}],"predecessor-version":[{"id":3126,"href":"https:\/\/magyarnapok.ro\/2024\/wp-json\/wp\/v2\/posts\/3124\/revisions\/3126"}],"wp:featuredmedia":[{"embeddable":true,"href":"https:\/\/magyarnapok.ro\/2024\/wp-json\/wp\/v2\/media\/3125"}],"wp:attachment":[{"href":"https:\/\/magyarnapok.ro\/2024\/wp-json\/wp\/v2\/media?parent=3124"}],"wp:term":[{"taxonomy":"category","embeddable":true,"href":"https:\/\/magyarnapok.ro\/2024\/wp-json\/wp\/v2\/categories?post=3124"},{"taxonomy":"post_tag","embeddable":true,"href":"https:\/\/magyarnapok.ro\/2024\/wp-json\/wp\/v2\/tags?post=3124"}],"curies":[{"name":"wp","href":"https:\/\/api.w.org\/{rel}","templated":true}]}}