{"id":3127,"date":"2024-08-17T17:42:32","date_gmt":"2024-08-17T14:42:32","guid":{"rendered":"https:\/\/magyarnapok.ro\/2024\/?p=3127"},"modified":"2024-08-17T18:05:14","modified_gmt":"2024-08-17T15:05:14","slug":"neptancot-jar-a-foter","status":"publish","type":"post","link":"https:\/\/magyarnapok.ro\/2024\/neptancot-jar-a-foter\/","title":{"rendered":"N\u00e9pt\u00e1ncot j\u00e1r a F\u0151t\u00e9r"},"content":{"rendered":"\n<p>A Szent Istv\u00e1n-napi N\u00e9pt\u00e1nctal\u00e1lkoz\u00f3, a F\u0151t\u00e9ri Nemzetk\u00f6zi T\u00e1nckavalk\u00e1d, valamint az augusztus 20-i Kolozsv\u00e1ri Nemzetk\u00f6zi N\u00e9pt\u00e1ncg\u00e1la hagyom\u00e1nny\u00e1 n\u0151tte ki mag\u00e1t az \u00e9vek sor\u00e1n, \u00e9s id\u00e9n is szerves r\u00e9sze (t\u00e1rsrendezv\u00e9nye) a Kolozsv\u00e1ri Magyar Napoknak.<\/p>\n\n\n\n<p>Id\u00e9n 26. alkalommal szervezik meg a Szent Istv\u00e1n-napi N\u00e9pt\u00e1nctal\u00e1lkoz\u00f3t, amely tizen\u00f6t \u00e9ve a Kolozsv\u00e1ri Magyar Napok egyik t\u00e1rsrendezv\u00e9nye. Az esem\u00e9nyek augusztus 15. \u00e9s 21. k\u00f6z\u00f6tt zajlanak nem csak Kolozsv\u00e1ron, hanem a k\u00f6zeli telep\u00fcl\u00e9seken is, mint Magyarfenes, Miriszl\u00f3, Kalotaszentkir\u00e1ly \u00e9s V\u00e1lasz\u00fat. A kincses v\u00e1rosban augusztus 16-\u00e1n Flashmobbal kezd\u0151d\u00f6tt meg a t\u00f6bb napig tart\u00f3 n\u00e9pt\u00e1ncfesztiv\u00e1l. Augusztus 17-t\u0151l 20-ig minden nap 12:00 \u00f3r\u00e1t\u00f3l v\u00e1rja a F\u0151t\u00e9ren az \u00e9rdekl\u0151d\u0151ket a Nemzetk\u00f6zi T\u00e1nckavalk\u00e1d, valamint minden este \u00e9jf\u00e9lt\u0151l T\u00e1nch\u00e1z a Heltai FolkCenterben. Augusztus 20-\u00e1n 18:15-t\u0151l N\u00e9pviseleti Felvonul\u00e1s el\u0151zi meg a nap f\u00e9nypontj\u00e1t: a 19:00 \u00f3r\u00e1t\u00f3l kezd\u0151d\u0151 Kolozsv\u00e1ri Nemzetk\u00f6zi N\u00e9pt\u00e1ncg\u00e1l\u00e1t a f\u0151t\u00e9ri Nagysz\u00ednpadon.<\/p>\n\n\n\n<p>Pillich Bal\u00e1zs szervez\u0151 elmondta: T\u00f6r\u00f6korsz\u00e1gb\u00f3l, G\u00f6r\u00f6gorsz\u00e1gb\u00f3l, Mexik\u00f3b\u00f3l, Vajdas\u00e1gb\u00f3l, K\u00e1rp\u00e1talj\u00e1r\u00f3l, Felvid\u00e9kr\u0151l, Magyarorsz\u00e1gr\u00f3l \u00e9s Erd\u00e9lyb\u0151l \u00e9rkeznek nemzeti \u00e9s region\u00e1lis kisebbs\u00e9geket k\u00e9pvisel\u0151 n\u00e9pt\u00e1nccsoportok az esem\u00e9nyre, valamint id\u00e9n minden csapat \u00e9tel \u00e9s italk\u00fcl\u00f6nlegess\u00e9gekkel kedveskedik egym\u00e1snak.<\/p>\n\n\n\n<p>A t\u0171z\u0151 napon a bakancsok dobog\u00e1sa, a szokny\u00e1k lobban\u00e1sa az ember sz\u00edv\u00e9t-lelk\u00e9t melengeti, s\u0151t fel is forr\u00f3s\u00edtja. A t\u00e1ncosok kitart\u00f3an, dacolva h\u0151s\u00e9ggel ropj\u00e1k \u2013 nemzet\u00fck \u00e9s legszebb hagyom\u00e1nyaik ir\u00e1nti h\u0171s\u00e9ggel. K\u00fcl\u00f6nben is a t\u00e1nc \u00e9s a zene nyelve mindenkit \u00f6sszek\u00f6t.<\/p>\n\n\n\n<p>Benk\u0151 Bor\u00f3ka<\/p>\n","protected":false},"excerpt":{"rendered":"<p>A Szent Istv\u00e1n-napi N\u00e9pt\u00e1nctal\u00e1lkoz\u00f3, a F\u0151t\u00e9ri Nemzetk\u00f6zi T\u00e1nckavalk\u00e1d, valamint az augusztus 20-i Kolozsv\u00e1ri Nemzetk\u00f6zi N\u00e9pt\u00e1ncg\u00e1la hagyom\u00e1nny\u00e1 n\u0151tte ki mag\u00e1t az \u00e9vek sor\u00e1n&#8230;<\/p>\n","protected":false},"author":8,"featured_media":3129,"comment_status":"closed","ping_status":"open","sticky":false,"template":"","format":"standard","meta":{"_acf_changed":false,"footnotes":""},"categories":[1],"tags":[],"class_list":["post-3127","post","type-post","status-publish","format-standard","has-post-thumbnail","hentry","category-egyeb"],"acf":[],"yoast_head":"<!-- This site is optimized with the Yoast SEO plugin v23.0 - https:\/\/yoast.com\/wordpress\/plugins\/seo\/ -->\n<title>N\u00e9pt\u00e1ncot j\u00e1r a F\u0151t\u00e9r - Kolozsv\u00e1ri Magyar Napok 2024<\/title>\n<meta name=\"robots\" content=\"index, follow, max-snippet:-1, max-image-preview:large, max-video-preview:-1\" \/>\n<link rel=\"canonical\" href=\"https:\/\/magyarnapok.ro\/2024\/neptancot-jar-a-foter\/\" \/>\n<meta property=\"og:locale\" content=\"hu_HU\" \/>\n<meta property=\"og:type\" content=\"article\" \/>\n<meta property=\"og:title\" content=\"N\u00e9pt\u00e1ncot j\u00e1r a F\u0151t\u00e9r - Kolozsv\u00e1ri Magyar Napok 2024\" \/>\n<meta property=\"og:description\" content=\"A Szent Istv\u00e1n-napi N\u00e9pt\u00e1nctal\u00e1lkoz\u00f3, a F\u0151t\u00e9ri Nemzetk\u00f6zi T\u00e1nckavalk\u00e1d, valamint az augusztus 20-i Kolozsv\u00e1ri Nemzetk\u00f6zi N\u00e9pt\u00e1ncg\u00e1la hagyom\u00e1nny\u00e1 n\u0151tte ki mag\u00e1t az \u00e9vek sor\u00e1n...\" \/>\n<meta property=\"og:url\" content=\"https:\/\/magyarnapok.ro\/2024\/neptancot-jar-a-foter\/\" \/>\n<meta property=\"og:site_name\" content=\"Kolozsv\u00e1ri Magyar Napok 2024\" \/>\n<meta property=\"article:publisher\" content=\"https:\/\/www.facebook.com\/magyarnapok\" \/>\n<meta property=\"article:published_time\" content=\"2024-08-17T14:42:32+00:00\" \/>\n<meta property=\"article:modified_time\" content=\"2024-08-17T15:05:14+00:00\" \/>\n<meta property=\"og:image\" content=\"https:\/\/magyarnapok.ro\/2024\/wp-content\/uploads\/2024\/08\/kmn2024_tanckavalkad_20240817_121814_VL-scaled.jpg\" \/>\n\t<meta property=\"og:image:width\" content=\"2560\" \/>\n\t<meta property=\"og:image:height\" content=\"1707\" \/>\n\t<meta property=\"og:image:type\" content=\"image\/jpeg\" \/>\n<meta name=\"author\" content=\"S\u00e1ri Rom\u00e1n\" \/>\n<meta name=\"twitter:card\" content=\"summary_large_image\" \/>\n<meta name=\"twitter:label1\" content=\"Szerz\u0151:\" \/>\n\t<meta name=\"twitter:data1\" content=\"S\u00e1ri Rom\u00e1n\" \/>\n\t<meta name=\"twitter:label2\" content=\"Becs\u00fclt olvas\u00e1si id\u0151\" \/>\n\t<meta name=\"twitter:data2\" content=\"2 perc\" \/>\n<script type=\"application\/ld+json\" class=\"yoast-schema-graph\">{\"@context\":\"https:\/\/schema.org\",\"@graph\":[{\"@type\":\"Article\",\"@id\":\"https:\/\/magyarnapok.ro\/2024\/neptancot-jar-a-foter\/#article\",\"isPartOf\":{\"@id\":\"https:\/\/magyarnapok.ro\/2024\/neptancot-jar-a-foter\/\"},\"author\":{\"name\":\"S\u00e1ri Rom\u00e1n\",\"@id\":\"https:\/\/magyarnapok.ro\/2024\/#\/schema\/person\/4f7ca30ab538cb03a3c6146bb39b497e\"},\"headline\":\"N\u00e9pt\u00e1ncot j\u00e1r a F\u0151t\u00e9r\",\"datePublished\":\"2024-08-17T14:42:32+00:00\",\"dateModified\":\"2024-08-17T15:05:14+00:00\",\"mainEntityOfPage\":{\"@id\":\"https:\/\/magyarnapok.ro\/2024\/neptancot-jar-a-foter\/\"},\"wordCount\":348,\"publisher\":{\"@id\":\"https:\/\/magyarnapok.ro\/2024\/#organization\"},\"image\":{\"@id\":\"https:\/\/magyarnapok.ro\/2024\/neptancot-jar-a-foter\/#primaryimage\"},\"thumbnailUrl\":\"https:\/\/magyarnapok.ro\/2024\/wp-content\/uploads\/2024\/08\/kmn2024_tanckavalkad_20240817_121814_VL-scaled.jpg\",\"inLanguage\":\"hu\"},{\"@type\":\"WebPage\",\"@id\":\"https:\/\/magyarnapok.ro\/2024\/neptancot-jar-a-foter\/\",\"url\":\"https:\/\/magyarnapok.ro\/2024\/neptancot-jar-a-foter\/\",\"name\":\"N\u00e9pt\u00e1ncot j\u00e1r a F\u0151t\u00e9r - Kolozsv\u00e1ri Magyar Napok 2024\",\"isPartOf\":{\"@id\":\"https:\/\/magyarnapok.ro\/2024\/#website\"},\"primaryImageOfPage\":{\"@id\":\"https:\/\/magyarnapok.ro\/2024\/neptancot-jar-a-foter\/#primaryimage\"},\"image\":{\"@id\":\"https:\/\/magyarnapok.ro\/2024\/neptancot-jar-a-foter\/#primaryimage\"},\"thumbnailUrl\":\"https:\/\/magyarnapok.ro\/2024\/wp-content\/uploads\/2024\/08\/kmn2024_tanckavalkad_20240817_121814_VL-scaled.jpg\",\"datePublished\":\"2024-08-17T14:42:32+00:00\",\"dateModified\":\"2024-08-17T15:05:14+00:00\",\"breadcrumb\":{\"@id\":\"https:\/\/magyarnapok.ro\/2024\/neptancot-jar-a-foter\/#breadcrumb\"},\"inLanguage\":\"hu\",\"potentialAction\":[{\"@type\":\"ReadAction\",\"target\":[\"https:\/\/magyarnapok.ro\/2024\/neptancot-jar-a-foter\/\"]}]},{\"@type\":\"ImageObject\",\"inLanguage\":\"hu\",\"@id\":\"https:\/\/magyarnapok.ro\/2024\/neptancot-jar-a-foter\/#primaryimage\",\"url\":\"https:\/\/magyarnapok.ro\/2024\/wp-content\/uploads\/2024\/08\/kmn2024_tanckavalkad_20240817_121814_VL-scaled.jpg\",\"contentUrl\":\"https:\/\/magyarnapok.ro\/2024\/wp-content\/uploads\/2024\/08\/kmn2024_tanckavalkad_20240817_121814_VL-scaled.jpg\",\"width\":2560,\"height\":1707},{\"@type\":\"BreadcrumbList\",\"@id\":\"https:\/\/magyarnapok.ro\/2024\/neptancot-jar-a-foter\/#breadcrumb\",\"itemListElement\":[{\"@type\":\"ListItem\",\"position\":1,\"name\":\"Home\",\"item\":\"https:\/\/magyarnapok.ro\/2024\/\"},{\"@type\":\"ListItem\",\"position\":2,\"name\":\"N\u00e9pt\u00e1ncot j\u00e1r a F\u0151t\u00e9r\"}]},{\"@type\":\"WebSite\",\"@id\":\"https:\/\/magyarnapok.ro\/2024\/#website\",\"url\":\"https:\/\/magyarnapok.ro\/2024\/\",\"name\":\"Kolozsv\u00e1ri Magyar Napok 2024\",\"description\":\"A h\u00e9t meg a nyolc\u00e1t!\",\"publisher\":{\"@id\":\"https:\/\/magyarnapok.ro\/2024\/#organization\"},\"potentialAction\":[{\"@type\":\"SearchAction\",\"target\":{\"@type\":\"EntryPoint\",\"urlTemplate\":\"https:\/\/magyarnapok.ro\/2024\/?s={search_term_string}\"},\"query-input\":\"required name=search_term_string\"}],\"inLanguage\":\"hu\"},{\"@type\":\"Organization\",\"@id\":\"https:\/\/magyarnapok.ro\/2024\/#organization\",\"name\":\"Kolozsv\u00e1ri Magyar Napok\",\"url\":\"https:\/\/magyarnapok.ro\/2024\/\",\"logo\":{\"@type\":\"ImageObject\",\"inLanguage\":\"hu\",\"@id\":\"https:\/\/magyarnapok.ro\/2024\/#\/schema\/logo\/image\/\",\"url\":\"https:\/\/magyarnapok.ro\/2024\/wp-content\/uploads\/2024\/04\/kmn_15_logo.png\",\"contentUrl\":\"https:\/\/magyarnapok.ro\/2024\/wp-content\/uploads\/2024\/04\/kmn_15_logo.png\",\"width\":385,\"height\":362,\"caption\":\"Kolozsv\u00e1ri Magyar Napok\"},\"image\":{\"@id\":\"https:\/\/magyarnapok.ro\/2024\/#\/schema\/logo\/image\/\"},\"sameAs\":[\"https:\/\/www.facebook.com\/magyarnapok\",\"https:\/\/www.instagram.com\/magyarnapok\/\",\"https:\/\/www.youtube.com\/c\/KolozsvriMagyarNapok2015\"]},{\"@type\":\"Person\",\"@id\":\"https:\/\/magyarnapok.ro\/2024\/#\/schema\/person\/4f7ca30ab538cb03a3c6146bb39b497e\",\"name\":\"S\u00e1ri Rom\u00e1n\",\"image\":{\"@type\":\"ImageObject\",\"inLanguage\":\"hu\",\"@id\":\"https:\/\/magyarnapok.ro\/2024\/#\/schema\/person\/image\/\",\"url\":\"https:\/\/secure.gravatar.com\/avatar\/91c75dcd2067ce4077834f6e3ece679465c21407b734374f7b1c7962150ba024?s=96&d=mm&r=g\",\"contentUrl\":\"https:\/\/secure.gravatar.com\/avatar\/91c75dcd2067ce4077834f6e3ece679465c21407b734374f7b1c7962150ba024?s=96&d=mm&r=g\",\"caption\":\"S\u00e1ri Rom\u00e1n\"},\"url\":\"https:\/\/magyarnapok.ro\/2024\/author\/roman-sari\/\"}]}<\/script>\n<!-- \/ Yoast SEO plugin. -->","yoast_head_json":{"title":"N\u00e9pt\u00e1ncot j\u00e1r a F\u0151t\u00e9r - Kolozsv\u00e1ri Magyar Napok 2024","robots":{"index":"index","follow":"follow","max-snippet":"max-snippet:-1","max-image-preview":"max-image-preview:large","max-video-preview":"max-video-preview:-1"},"canonical":"https:\/\/magyarnapok.ro\/2024\/neptancot-jar-a-foter\/","og_locale":"hu_HU","og_type":"article","og_title":"N\u00e9pt\u00e1ncot j\u00e1r a F\u0151t\u00e9r - Kolozsv\u00e1ri Magyar Napok 2024","og_description":"A Szent Istv\u00e1n-napi N\u00e9pt\u00e1nctal\u00e1lkoz\u00f3, a F\u0151t\u00e9ri Nemzetk\u00f6zi T\u00e1nckavalk\u00e1d, valamint az augusztus 20-i Kolozsv\u00e1ri Nemzetk\u00f6zi N\u00e9pt\u00e1ncg\u00e1la hagyom\u00e1nny\u00e1 n\u0151tte ki mag\u00e1t az \u00e9vek sor\u00e1n...","og_url":"https:\/\/magyarnapok.ro\/2024\/neptancot-jar-a-foter\/","og_site_name":"Kolozsv\u00e1ri Magyar Napok 2024","article_publisher":"https:\/\/www.facebook.com\/magyarnapok","article_published_time":"2024-08-17T14:42:32+00:00","article_modified_time":"2024-08-17T15:05:14+00:00","og_image":[{"width":2560,"height":1707,"url":"https:\/\/magyarnapok.ro\/2024\/wp-content\/uploads\/2024\/08\/kmn2024_tanckavalkad_20240817_121814_VL-scaled.jpg","type":"image\/jpeg"}],"author":"S\u00e1ri Rom\u00e1n","twitter_card":"summary_large_image","twitter_misc":{"Szerz\u0151:":"S\u00e1ri Rom\u00e1n","Becs\u00fclt olvas\u00e1si id\u0151":"2 perc"},"schema":{"@context":"https:\/\/schema.org","@graph":[{"@type":"Article","@id":"https:\/\/magyarnapok.ro\/2024\/neptancot-jar-a-foter\/#article","isPartOf":{"@id":"https:\/\/magyarnapok.ro\/2024\/neptancot-jar-a-foter\/"},"author":{"name":"S\u00e1ri Rom\u00e1n","@id":"https:\/\/magyarnapok.ro\/2024\/#\/schema\/person\/4f7ca30ab538cb03a3c6146bb39b497e"},"headline":"N\u00e9pt\u00e1ncot j\u00e1r a F\u0151t\u00e9r","datePublished":"2024-08-17T14:42:32+00:00","dateModified":"2024-08-17T15:05:14+00:00","mainEntityOfPage":{"@id":"https:\/\/magyarnapok.ro\/2024\/neptancot-jar-a-foter\/"},"wordCount":348,"publisher":{"@id":"https:\/\/magyarnapok.ro\/2024\/#organization"},"image":{"@id":"https:\/\/magyarnapok.ro\/2024\/neptancot-jar-a-foter\/#primaryimage"},"thumbnailUrl":"https:\/\/magyarnapok.ro\/2024\/wp-content\/uploads\/2024\/08\/kmn2024_tanckavalkad_20240817_121814_VL-scaled.jpg","inLanguage":"hu"},{"@type":"WebPage","@id":"https:\/\/magyarnapok.ro\/2024\/neptancot-jar-a-foter\/","url":"https:\/\/magyarnapok.ro\/2024\/neptancot-jar-a-foter\/","name":"N\u00e9pt\u00e1ncot j\u00e1r a F\u0151t\u00e9r - Kolozsv\u00e1ri Magyar Napok 2024","isPartOf":{"@id":"https:\/\/magyarnapok.ro\/2024\/#website"},"primaryImageOfPage":{"@id":"https:\/\/magyarnapok.ro\/2024\/neptancot-jar-a-foter\/#primaryimage"},"image":{"@id":"https:\/\/magyarnapok.ro\/2024\/neptancot-jar-a-foter\/#primaryimage"},"thumbnailUrl":"https:\/\/magyarnapok.ro\/2024\/wp-content\/uploads\/2024\/08\/kmn2024_tanckavalkad_20240817_121814_VL-scaled.jpg","datePublished":"2024-08-17T14:42:32+00:00","dateModified":"2024-08-17T15:05:14+00:00","breadcrumb":{"@id":"https:\/\/magyarnapok.ro\/2024\/neptancot-jar-a-foter\/#breadcrumb"},"inLanguage":"hu","potentialAction":[{"@type":"ReadAction","target":["https:\/\/magyarnapok.ro\/2024\/neptancot-jar-a-foter\/"]}]},{"@type":"ImageObject","inLanguage":"hu","@id":"https:\/\/magyarnapok.ro\/2024\/neptancot-jar-a-foter\/#primaryimage","url":"https:\/\/magyarnapok.ro\/2024\/wp-content\/uploads\/2024\/08\/kmn2024_tanckavalkad_20240817_121814_VL-scaled.jpg","contentUrl":"https:\/\/magyarnapok.ro\/2024\/wp-content\/uploads\/2024\/08\/kmn2024_tanckavalkad_20240817_121814_VL-scaled.jpg","width":2560,"height":1707},{"@type":"BreadcrumbList","@id":"https:\/\/magyarnapok.ro\/2024\/neptancot-jar-a-foter\/#breadcrumb","itemListElement":[{"@type":"ListItem","position":1,"name":"Home","item":"https:\/\/magyarnapok.ro\/2024\/"},{"@type":"ListItem","position":2,"name":"N\u00e9pt\u00e1ncot j\u00e1r a F\u0151t\u00e9r"}]},{"@type":"WebSite","@id":"https:\/\/magyarnapok.ro\/2024\/#website","url":"https:\/\/magyarnapok.ro\/2024\/","name":"Kolozsv\u00e1ri Magyar Napok 2024","description":"A h\u00e9t meg a nyolc\u00e1t!","publisher":{"@id":"https:\/\/magyarnapok.ro\/2024\/#organization"},"potentialAction":[{"@type":"SearchAction","target":{"@type":"EntryPoint","urlTemplate":"https:\/\/magyarnapok.ro\/2024\/?s={search_term_string}"},"query-input":"required name=search_term_string"}],"inLanguage":"hu"},{"@type":"Organization","@id":"https:\/\/magyarnapok.ro\/2024\/#organization","name":"Kolozsv\u00e1ri Magyar Napok","url":"https:\/\/magyarnapok.ro\/2024\/","logo":{"@type":"ImageObject","inLanguage":"hu","@id":"https:\/\/magyarnapok.ro\/2024\/#\/schema\/logo\/image\/","url":"https:\/\/magyarnapok.ro\/2024\/wp-content\/uploads\/2024\/04\/kmn_15_logo.png","contentUrl":"https:\/\/magyarnapok.ro\/2024\/wp-content\/uploads\/2024\/04\/kmn_15_logo.png","width":385,"height":362,"caption":"Kolozsv\u00e1ri Magyar Napok"},"image":{"@id":"https:\/\/magyarnapok.ro\/2024\/#\/schema\/logo\/image\/"},"sameAs":["https:\/\/www.facebook.com\/magyarnapok","https:\/\/www.instagram.com\/magyarnapok\/","https:\/\/www.youtube.com\/c\/KolozsvriMagyarNapok2015"]},{"@type":"Person","@id":"https:\/\/magyarnapok.ro\/2024\/#\/schema\/person\/4f7ca30ab538cb03a3c6146bb39b497e","name":"S\u00e1ri Rom\u00e1n","image":{"@type":"ImageObject","inLanguage":"hu","@id":"https:\/\/magyarnapok.ro\/2024\/#\/schema\/person\/image\/","url":"https:\/\/secure.gravatar.com\/avatar\/91c75dcd2067ce4077834f6e3ece679465c21407b734374f7b1c7962150ba024?s=96&d=mm&r=g","contentUrl":"https:\/\/secure.gravatar.com\/avatar\/91c75dcd2067ce4077834f6e3ece679465c21407b734374f7b1c7962150ba024?s=96&d=mm&r=g","caption":"S\u00e1ri Rom\u00e1n"},"url":"https:\/\/magyarnapok.ro\/2024\/author\/roman-sari\/"}]}},"_links":{"self":[{"href":"https:\/\/magyarnapok.ro\/2024\/wp-json\/wp\/v2\/posts\/3127","targetHints":{"allow":["GET"]}}],"collection":[{"href":"https:\/\/magyarnapok.ro\/2024\/wp-json\/wp\/v2\/posts"}],"about":[{"href":"https:\/\/magyarnapok.ro\/2024\/wp-json\/wp\/v2\/types\/post"}],"author":[{"embeddable":true,"href":"https:\/\/magyarnapok.ro\/2024\/wp-json\/wp\/v2\/users\/8"}],"replies":[{"embeddable":true,"href":"https:\/\/magyarnapok.ro\/2024\/wp-json\/wp\/v2\/comments?post=3127"}],"version-history":[{"count":3,"href":"https:\/\/magyarnapok.ro\/2024\/wp-json\/wp\/v2\/posts\/3127\/revisions"}],"predecessor-version":[{"id":3133,"href":"https:\/\/magyarnapok.ro\/2024\/wp-json\/wp\/v2\/posts\/3127\/revisions\/3133"}],"wp:featuredmedia":[{"embeddable":true,"href":"https:\/\/magyarnapok.ro\/2024\/wp-json\/wp\/v2\/media\/3129"}],"wp:attachment":[{"href":"https:\/\/magyarnapok.ro\/2024\/wp-json\/wp\/v2\/media?parent=3127"}],"wp:term":[{"taxonomy":"category","embeddable":true,"href":"https:\/\/magyarnapok.ro\/2024\/wp-json\/wp\/v2\/categories?post=3127"},{"taxonomy":"post_tag","embeddable":true,"href":"https:\/\/magyarnapok.ro\/2024\/wp-json\/wp\/v2\/tags?post=3127"}],"curies":[{"name":"wp","href":"https:\/\/api.w.org\/{rel}","templated":true}]}}