{"id":3152,"date":"2024-08-18T15:34:02","date_gmt":"2024-08-18T12:34:02","guid":{"rendered":"https:\/\/magyarnapok.ro\/2024\/?p=3152"},"modified":"2024-08-18T15:34:03","modified_gmt":"2024-08-18T12:34:03","slug":"incze-mozes-tukorcserepei-hatarolt-vegtelenekben","status":"publish","type":"post","link":"https:\/\/magyarnapok.ro\/2024\/incze-mozes-tukorcserepei-hatarolt-vegtelenekben\/","title":{"rendered":"Incze M\u00f3zes \u201et\u00fck\u00f6rcserepei\u201d Hat\u00e1rolt v\u00e9gtelenekben"},"content":{"rendered":"\n<p><strong>Izgalmas m\u0171v\u00e9szeti programon vehettek r\u00e9szt az \u00e9rdekl\u0151d\u0151k a kolozsv\u00e1ri B\u00e1nffy-palot\u00e1ban m\u0171k\u00f6d\u0151 Kolozsv\u00e1ri M\u0171v\u00e9szeti M\u00fazeumban augusztus 17-\u00e9n 19 \u00f3r\u00e1t\u00f3l. Incze M\u00f3zes <\/strong><strong><em>Hat\u00e1rolt v\u00e9gtelen<\/em><\/strong><strong> c\u00edm\u0171 ki\u00e1ll\u00edt\u00e1sa \u00e9rdekes, elgondolkodtat\u00f3 tapasztalat, festm\u00e9nyei k\u00e9pzelet\u00fcnket val\u00f3ban z\u00e1rt v\u00e9gtelens\u00e9gbe r\u00f6p\u00edtik.&nbsp;<\/strong><\/p>\n\n\n\n<p>Incze M\u00f3zes 1975-ben sz\u00fcletett Kov\u00e1szna megy\u00e9ben, Bar\u00f3ton, \u00e9s m\u00e1r kis kor\u00e1t\u00f3l fest\u0151m\u0171v\u00e9sznek tanult. Tanulm\u00e1nyait Marosv\u00e1s\u00e1rhelyen, majd Budapesten folytatta, sikerrel szerepelt sz\u00e1mos nemzetk\u00f6zi kort\u00e1rs k\u00e9pz\u0151m\u0171v\u00e9szeti v\u00e1s\u00e1ron is, mint p\u00e9ld\u00e1ul a New York-i Volta Art Fair vagy Miamiban a SCOPE fesztiv\u00e1lokon.&nbsp;<\/p>\n\n\n\n<p>A hangulat megteremt\u00e9se, valamint a vizu\u00e1lis \u00e9s audit\u00edv m\u0171v\u00e9szeti alkot\u00e1sok k\u00f6z\u00f6tti szimbi\u00f3zis l\u00e9trej\u00f6tte v\u00e9gett T\u00f3kos Imre \u00e9s Krizbai Imre szint\u00e9n bar\u00f3ti git\u00e1rm\u0171v\u00e9szek <em>K\u00e9k \u00e9s barna <\/em>c\u00edm\u0171 zenei m\u0171v\u00e9t, git\u00e1rduettj\u00e9t hallgathatt\u00e1k meg a megnyit\u00f3 elej\u00e9n a magyarnapoz\u00f3k. Ezek ut\u00e1n Lucian Nastas\u0103-Kov\u00e1cs, a Kolozsv\u00e1ri M\u0171v\u00e9szeti M\u00fazeum igazgat\u00f3ja, majd V\u00e1k\u00e1r Istv\u00e1n, a Kolozs Megyei Tan\u00e1cs aleln\u00f6ke k\u00f6sz\u00f6nt\u00f6tte az \u00e9rdekl\u0151d\u0151ket.&nbsp;<\/p>\n\n\n\n<p>Bord\u00e1s Be\u00e1ta m\u0171v\u00e9szett\u00f6rt\u00e9n\u00e9sz, a ki\u00e1ll\u00edt\u00e1s kur\u00e1tora a t\u00e1rlat t\u00e9m\u00e1j\u00e1r\u00f3l, gondolatmenet\u00e9r\u0151l besz\u00e9lt, illetve azokr\u00f3l a szempontokr\u00f3l, amelyek alapj\u00e1n \u00e9rdemes a festm\u00e9nyekre tekinteni. Kiemelte, hogy Incze M\u00f3zes a klasszikus fest\u00e9szeti hagyom\u00e1nyokb\u00f3l mer\u00edtkezik, viszont ezt a kort\u00e1rs vizu\u00e1lis nyelvezettel \u00f6tv\u00f6zi. T\u00f6bbnyire val\u00f3s\u00e1gh\u0171 embereket \u00e1br\u00e1zol, de fest\u00e9szete sz\u00fcrrealista az alakok helyzetei \u00e9s a t\u00e9rkezel\u00e9s tekintet\u00e9ben. A sz\u00ednek, festm\u00e9nyen bel\u00fcli ritmusok, ism\u00e9tl\u00e9sek haszn\u00e1lata az \u00e1ll\u00f3k\u00e9pnek dinamikuss\u00e1got eredm\u00e9nyez, \u00e9rdekes tal\u00e1lkoz\u00e1sa a biblikusnak \u00e9s a h\u00e9tk\u00f6znapinak, a term\u00e9szetnek \u00e9s a sterilit\u00e1snak, \u201ek\u00fcty\u00fckkel teli\u201d k\u00f6zegnek, a mozg\u00e1s \u00e9s az id\u0151tlens\u00e9g hat\u00e1rolt v\u00e9gtelenj\u00e9nek. A fest\u0151 munk\u00e1i meghagyj\u00e1k a n\u00e9z\u0151nek az interpret\u00e1ci\u00f3 szabads\u00e1g\u00e1t \u2013 emelte ki.&nbsp;<\/p>\n\n\n\n<p>Incze M\u00f3zes is k\u00f6sz\u00f6nt\u00f6tte a jelenlev\u0151ket, hans\u00falyozva, hogy van \u201esz\u00edne, form\u00e1ja, m\u00e9rete, mondanival\u00f3ja, utal\u00e1srendszere\u201d a k\u00e9peknek, de az alkot\u00e1sok idej\u00e9r\u0151l, f\u0151leg \u00e1ll\u00f3k\u00e9pekn\u00e9l nem igen besz\u00e9lhet\u00fcnk, hiszen \u201ekorunk l\u00fcktet\u0151 val\u00f3s\u00e1ga\u201d folyamatk\u00e9nt vesz minket k\u00f6rbe. Az \u00e1ll\u00f3k\u00e9pek id\u0151belis\u00e9ge mag\u00e1ban a n\u00e9z\u0151ben fog megsz\u00fcletni, egysz\u00f3val a kulcs a meg\u00e9l\u00e9s ideje. A fest\u0151 szerint t\u00f6r\u00f6tt t\u00fck\u00f6rcserepekk\u00e9nt csup\u00e1n r\u00e9szleteket \u00e9rz\u00e9kel\u00fcnk a val\u00f3s\u00e1gb\u00f3l, amelynek van befogad\u00f3k\u00e9pess\u00e9ge, de ugyanakkor hat\u00e1rolt. Ez\u00e9rt tan\u00e1csos, ha mindenki a maga t\u00f6r\u00f6tt t\u00fck\u00f6rcserep\u00e9t egym\u00e1s mell\u00e9 rakja, hiszen \u00edgy k\u00f6z\u00f6sen t\u00f6bbet ismerhet\u00fcnk meg abb\u00f3l a val\u00f3s\u00e1gb\u00f3l, amely minket k\u00f6r\u00fclvesz.&nbsp;<\/p>\n\n\n\n<p>A ki\u00e1ll\u00edt\u00e1s a teljes Kolozsv\u00e1ri Magyar Napok alatt megtekinthet\u0151, augusztus 20-\u00e1n 13.00 \u00f3r\u00e1t\u00f3l t\u00e1rlatvezet\u00e9sen lehet r\u00e9szt venni, amelyet szem\u00e9lyesen a m\u0171v\u00e9sz, Incze M\u00f3zes fog vezetni.&nbsp;<\/p>\n\n\n\n<p>Benk\u0151 Bor\u00f3ka<\/p>\n","protected":false},"excerpt":{"rendered":"<p>Izgalmas m\u0171v\u00e9szeti programon vehettek r\u00e9szt az \u00e9rdekl\u0151d\u0151k a kolozsv\u00e1ri B\u00e1nffy-palot\u00e1ban m\u0171k\u00f6d\u0151 Kolozsv\u00e1ri M\u0171v\u00e9szeti M\u00fazeumban augusztus 17-\u00e9n 19 \u00f3r\u00e1t\u00f3l.<\/p>\n","protected":false},"author":9,"featured_media":3153,"comment_status":"closed","ping_status":"open","sticky":false,"template":"","format":"standard","meta":{"_acf_changed":false,"footnotes":""},"categories":[1],"tags":[],"class_list":["post-3152","post","type-post","status-publish","format-standard","has-post-thumbnail","hentry","category-egyeb"],"acf":[],"yoast_head":"<!-- This site is optimized with the Yoast SEO plugin v23.0 - https:\/\/yoast.com\/wordpress\/plugins\/seo\/ -->\n<title>Incze M\u00f3zes \u201et\u00fck\u00f6rcserepei\u201d Hat\u00e1rolt v\u00e9gtelenekben - Kolozsv\u00e1ri Magyar Napok 2024<\/title>\n<meta name=\"robots\" content=\"index, follow, max-snippet:-1, max-image-preview:large, max-video-preview:-1\" \/>\n<link rel=\"canonical\" href=\"https:\/\/magyarnapok.ro\/2024\/incze-mozes-tukorcserepei-hatarolt-vegtelenekben\/\" \/>\n<meta property=\"og:locale\" content=\"hu_HU\" \/>\n<meta property=\"og:type\" content=\"article\" \/>\n<meta property=\"og:title\" content=\"Incze M\u00f3zes \u201et\u00fck\u00f6rcserepei\u201d Hat\u00e1rolt v\u00e9gtelenekben - Kolozsv\u00e1ri Magyar Napok 2024\" \/>\n<meta property=\"og:description\" content=\"Izgalmas m\u0171v\u00e9szeti programon vehettek r\u00e9szt az \u00e9rdekl\u0151d\u0151k a kolozsv\u00e1ri B\u00e1nffy-palot\u00e1ban m\u0171k\u00f6d\u0151 Kolozsv\u00e1ri M\u0171v\u00e9szeti M\u00fazeumban augusztus 17-\u00e9n 19 \u00f3r\u00e1t\u00f3l.\" \/>\n<meta property=\"og:url\" content=\"https:\/\/magyarnapok.ro\/2024\/incze-mozes-tukorcserepei-hatarolt-vegtelenekben\/\" \/>\n<meta property=\"og:site_name\" content=\"Kolozsv\u00e1ri Magyar Napok 2024\" \/>\n<meta property=\"article:publisher\" content=\"https:\/\/www.facebook.com\/magyarnapok\" \/>\n<meta property=\"article:published_time\" content=\"2024-08-18T12:34:02+00:00\" \/>\n<meta property=\"article:modified_time\" content=\"2024-08-18T12:34:03+00:00\" \/>\n<meta property=\"og:image\" content=\"https:\/\/magyarnapok.ro\/2024\/wp-content\/uploads\/2024\/08\/KMN2024_Incze-Mozes-Banffy-palota-Muveszeti-Muzeum_20240817_194621_SZZ_5028-scaled.jpg\" \/>\n\t<meta property=\"og:image:width\" content=\"2560\" \/>\n\t<meta property=\"og:image:height\" content=\"1707\" \/>\n\t<meta property=\"og:image:type\" content=\"image\/jpeg\" \/>\n<meta name=\"author\" content=\"M\u00e1t\u00f3-Sz\u00e9kely Orsi\" \/>\n<meta name=\"twitter:card\" content=\"summary_large_image\" \/>\n<meta name=\"twitter:label1\" content=\"Szerz\u0151:\" \/>\n\t<meta name=\"twitter:data1\" content=\"M\u00e1t\u00f3-Sz\u00e9kely Orsi\" \/>\n\t<meta name=\"twitter:label2\" content=\"Becs\u00fclt olvas\u00e1si id\u0151\" \/>\n\t<meta name=\"twitter:data2\" content=\"3 perc\" \/>\n<script type=\"application\/ld+json\" class=\"yoast-schema-graph\">{\"@context\":\"https:\/\/schema.org\",\"@graph\":[{\"@type\":\"Article\",\"@id\":\"https:\/\/magyarnapok.ro\/2024\/incze-mozes-tukorcserepei-hatarolt-vegtelenekben\/#article\",\"isPartOf\":{\"@id\":\"https:\/\/magyarnapok.ro\/2024\/incze-mozes-tukorcserepei-hatarolt-vegtelenekben\/\"},\"author\":{\"name\":\"M\u00e1t\u00f3-Sz\u00e9kely Orsi\",\"@id\":\"https:\/\/magyarnapok.ro\/2024\/#\/schema\/person\/1b0549e510716ea57ccaffd530e4620e\"},\"headline\":\"Incze M\u00f3zes \u201et\u00fck\u00f6rcserepei\u201d Hat\u00e1rolt v\u00e9gtelenekben\",\"datePublished\":\"2024-08-18T12:34:02+00:00\",\"dateModified\":\"2024-08-18T12:34:03+00:00\",\"mainEntityOfPage\":{\"@id\":\"https:\/\/magyarnapok.ro\/2024\/incze-mozes-tukorcserepei-hatarolt-vegtelenekben\/\"},\"wordCount\":612,\"publisher\":{\"@id\":\"https:\/\/magyarnapok.ro\/2024\/#organization\"},\"image\":{\"@id\":\"https:\/\/magyarnapok.ro\/2024\/incze-mozes-tukorcserepei-hatarolt-vegtelenekben\/#primaryimage\"},\"thumbnailUrl\":\"https:\/\/magyarnapok.ro\/2024\/wp-content\/uploads\/2024\/08\/KMN2024_Incze-Mozes-Banffy-palota-Muveszeti-Muzeum_20240817_194621_SZZ_5028-scaled.jpg\",\"inLanguage\":\"hu\"},{\"@type\":\"WebPage\",\"@id\":\"https:\/\/magyarnapok.ro\/2024\/incze-mozes-tukorcserepei-hatarolt-vegtelenekben\/\",\"url\":\"https:\/\/magyarnapok.ro\/2024\/incze-mozes-tukorcserepei-hatarolt-vegtelenekben\/\",\"name\":\"Incze M\u00f3zes \u201et\u00fck\u00f6rcserepei\u201d Hat\u00e1rolt v\u00e9gtelenekben - Kolozsv\u00e1ri Magyar Napok 2024\",\"isPartOf\":{\"@id\":\"https:\/\/magyarnapok.ro\/2024\/#website\"},\"primaryImageOfPage\":{\"@id\":\"https:\/\/magyarnapok.ro\/2024\/incze-mozes-tukorcserepei-hatarolt-vegtelenekben\/#primaryimage\"},\"image\":{\"@id\":\"https:\/\/magyarnapok.ro\/2024\/incze-mozes-tukorcserepei-hatarolt-vegtelenekben\/#primaryimage\"},\"thumbnailUrl\":\"https:\/\/magyarnapok.ro\/2024\/wp-content\/uploads\/2024\/08\/KMN2024_Incze-Mozes-Banffy-palota-Muveszeti-Muzeum_20240817_194621_SZZ_5028-scaled.jpg\",\"datePublished\":\"2024-08-18T12:34:02+00:00\",\"dateModified\":\"2024-08-18T12:34:03+00:00\",\"breadcrumb\":{\"@id\":\"https:\/\/magyarnapok.ro\/2024\/incze-mozes-tukorcserepei-hatarolt-vegtelenekben\/#breadcrumb\"},\"inLanguage\":\"hu\",\"potentialAction\":[{\"@type\":\"ReadAction\",\"target\":[\"https:\/\/magyarnapok.ro\/2024\/incze-mozes-tukorcserepei-hatarolt-vegtelenekben\/\"]}]},{\"@type\":\"ImageObject\",\"inLanguage\":\"hu\",\"@id\":\"https:\/\/magyarnapok.ro\/2024\/incze-mozes-tukorcserepei-hatarolt-vegtelenekben\/#primaryimage\",\"url\":\"https:\/\/magyarnapok.ro\/2024\/wp-content\/uploads\/2024\/08\/KMN2024_Incze-Mozes-Banffy-palota-Muveszeti-Muzeum_20240817_194621_SZZ_5028-scaled.jpg\",\"contentUrl\":\"https:\/\/magyarnapok.ro\/2024\/wp-content\/uploads\/2024\/08\/KMN2024_Incze-Mozes-Banffy-palota-Muveszeti-Muzeum_20240817_194621_SZZ_5028-scaled.jpg\",\"width\":2560,\"height\":1707},{\"@type\":\"BreadcrumbList\",\"@id\":\"https:\/\/magyarnapok.ro\/2024\/incze-mozes-tukorcserepei-hatarolt-vegtelenekben\/#breadcrumb\",\"itemListElement\":[{\"@type\":\"ListItem\",\"position\":1,\"name\":\"Home\",\"item\":\"https:\/\/magyarnapok.ro\/2024\/\"},{\"@type\":\"ListItem\",\"position\":2,\"name\":\"Incze M\u00f3zes \u201et\u00fck\u00f6rcserepei\u201d Hat\u00e1rolt v\u00e9gtelenekben\"}]},{\"@type\":\"WebSite\",\"@id\":\"https:\/\/magyarnapok.ro\/2024\/#website\",\"url\":\"https:\/\/magyarnapok.ro\/2024\/\",\"name\":\"Kolozsv\u00e1ri Magyar Napok 2024\",\"description\":\"A h\u00e9t meg a nyolc\u00e1t!\",\"publisher\":{\"@id\":\"https:\/\/magyarnapok.ro\/2024\/#organization\"},\"potentialAction\":[{\"@type\":\"SearchAction\",\"target\":{\"@type\":\"EntryPoint\",\"urlTemplate\":\"https:\/\/magyarnapok.ro\/2024\/?s={search_term_string}\"},\"query-input\":\"required name=search_term_string\"}],\"inLanguage\":\"hu\"},{\"@type\":\"Organization\",\"@id\":\"https:\/\/magyarnapok.ro\/2024\/#organization\",\"name\":\"Kolozsv\u00e1ri Magyar Napok\",\"url\":\"https:\/\/magyarnapok.ro\/2024\/\",\"logo\":{\"@type\":\"ImageObject\",\"inLanguage\":\"hu\",\"@id\":\"https:\/\/magyarnapok.ro\/2024\/#\/schema\/logo\/image\/\",\"url\":\"https:\/\/magyarnapok.ro\/2024\/wp-content\/uploads\/2024\/04\/kmn_15_logo.png\",\"contentUrl\":\"https:\/\/magyarnapok.ro\/2024\/wp-content\/uploads\/2024\/04\/kmn_15_logo.png\",\"width\":385,\"height\":362,\"caption\":\"Kolozsv\u00e1ri Magyar Napok\"},\"image\":{\"@id\":\"https:\/\/magyarnapok.ro\/2024\/#\/schema\/logo\/image\/\"},\"sameAs\":[\"https:\/\/www.facebook.com\/magyarnapok\",\"https:\/\/www.instagram.com\/magyarnapok\/\",\"https:\/\/www.youtube.com\/c\/KolozsvriMagyarNapok2015\"]},{\"@type\":\"Person\",\"@id\":\"https:\/\/magyarnapok.ro\/2024\/#\/schema\/person\/1b0549e510716ea57ccaffd530e4620e\",\"name\":\"M\u00e1t\u00f3-Sz\u00e9kely Orsi\",\"image\":{\"@type\":\"ImageObject\",\"inLanguage\":\"hu\",\"@id\":\"https:\/\/magyarnapok.ro\/2024\/#\/schema\/person\/image\/\",\"url\":\"https:\/\/secure.gravatar.com\/avatar\/5852b775194f0a9e509b1b6f46f068292eacfd4ad80453c7581820e563221f51?s=96&d=mm&r=g\",\"contentUrl\":\"https:\/\/secure.gravatar.com\/avatar\/5852b775194f0a9e509b1b6f46f068292eacfd4ad80453c7581820e563221f51?s=96&d=mm&r=g\",\"caption\":\"M\u00e1t\u00f3-Sz\u00e9kely Orsi\"},\"url\":\"https:\/\/magyarnapok.ro\/2024\/author\/orsi_m\/\"}]}<\/script>\n<!-- \/ Yoast SEO plugin. -->","yoast_head_json":{"title":"Incze M\u00f3zes \u201et\u00fck\u00f6rcserepei\u201d Hat\u00e1rolt v\u00e9gtelenekben - Kolozsv\u00e1ri Magyar Napok 2024","robots":{"index":"index","follow":"follow","max-snippet":"max-snippet:-1","max-image-preview":"max-image-preview:large","max-video-preview":"max-video-preview:-1"},"canonical":"https:\/\/magyarnapok.ro\/2024\/incze-mozes-tukorcserepei-hatarolt-vegtelenekben\/","og_locale":"hu_HU","og_type":"article","og_title":"Incze M\u00f3zes \u201et\u00fck\u00f6rcserepei\u201d Hat\u00e1rolt v\u00e9gtelenekben - Kolozsv\u00e1ri Magyar Napok 2024","og_description":"Izgalmas m\u0171v\u00e9szeti programon vehettek r\u00e9szt az \u00e9rdekl\u0151d\u0151k a kolozsv\u00e1ri B\u00e1nffy-palot\u00e1ban m\u0171k\u00f6d\u0151 Kolozsv\u00e1ri M\u0171v\u00e9szeti M\u00fazeumban augusztus 17-\u00e9n 19 \u00f3r\u00e1t\u00f3l.","og_url":"https:\/\/magyarnapok.ro\/2024\/incze-mozes-tukorcserepei-hatarolt-vegtelenekben\/","og_site_name":"Kolozsv\u00e1ri Magyar Napok 2024","article_publisher":"https:\/\/www.facebook.com\/magyarnapok","article_published_time":"2024-08-18T12:34:02+00:00","article_modified_time":"2024-08-18T12:34:03+00:00","og_image":[{"width":2560,"height":1707,"url":"https:\/\/magyarnapok.ro\/2024\/wp-content\/uploads\/2024\/08\/KMN2024_Incze-Mozes-Banffy-palota-Muveszeti-Muzeum_20240817_194621_SZZ_5028-scaled.jpg","type":"image\/jpeg"}],"author":"M\u00e1t\u00f3-Sz\u00e9kely Orsi","twitter_card":"summary_large_image","twitter_misc":{"Szerz\u0151:":"M\u00e1t\u00f3-Sz\u00e9kely Orsi","Becs\u00fclt olvas\u00e1si id\u0151":"3 perc"},"schema":{"@context":"https:\/\/schema.org","@graph":[{"@type":"Article","@id":"https:\/\/magyarnapok.ro\/2024\/incze-mozes-tukorcserepei-hatarolt-vegtelenekben\/#article","isPartOf":{"@id":"https:\/\/magyarnapok.ro\/2024\/incze-mozes-tukorcserepei-hatarolt-vegtelenekben\/"},"author":{"name":"M\u00e1t\u00f3-Sz\u00e9kely Orsi","@id":"https:\/\/magyarnapok.ro\/2024\/#\/schema\/person\/1b0549e510716ea57ccaffd530e4620e"},"headline":"Incze M\u00f3zes \u201et\u00fck\u00f6rcserepei\u201d Hat\u00e1rolt v\u00e9gtelenekben","datePublished":"2024-08-18T12:34:02+00:00","dateModified":"2024-08-18T12:34:03+00:00","mainEntityOfPage":{"@id":"https:\/\/magyarnapok.ro\/2024\/incze-mozes-tukorcserepei-hatarolt-vegtelenekben\/"},"wordCount":612,"publisher":{"@id":"https:\/\/magyarnapok.ro\/2024\/#organization"},"image":{"@id":"https:\/\/magyarnapok.ro\/2024\/incze-mozes-tukorcserepei-hatarolt-vegtelenekben\/#primaryimage"},"thumbnailUrl":"https:\/\/magyarnapok.ro\/2024\/wp-content\/uploads\/2024\/08\/KMN2024_Incze-Mozes-Banffy-palota-Muveszeti-Muzeum_20240817_194621_SZZ_5028-scaled.jpg","inLanguage":"hu"},{"@type":"WebPage","@id":"https:\/\/magyarnapok.ro\/2024\/incze-mozes-tukorcserepei-hatarolt-vegtelenekben\/","url":"https:\/\/magyarnapok.ro\/2024\/incze-mozes-tukorcserepei-hatarolt-vegtelenekben\/","name":"Incze M\u00f3zes \u201et\u00fck\u00f6rcserepei\u201d Hat\u00e1rolt v\u00e9gtelenekben - Kolozsv\u00e1ri Magyar Napok 2024","isPartOf":{"@id":"https:\/\/magyarnapok.ro\/2024\/#website"},"primaryImageOfPage":{"@id":"https:\/\/magyarnapok.ro\/2024\/incze-mozes-tukorcserepei-hatarolt-vegtelenekben\/#primaryimage"},"image":{"@id":"https:\/\/magyarnapok.ro\/2024\/incze-mozes-tukorcserepei-hatarolt-vegtelenekben\/#primaryimage"},"thumbnailUrl":"https:\/\/magyarnapok.ro\/2024\/wp-content\/uploads\/2024\/08\/KMN2024_Incze-Mozes-Banffy-palota-Muveszeti-Muzeum_20240817_194621_SZZ_5028-scaled.jpg","datePublished":"2024-08-18T12:34:02+00:00","dateModified":"2024-08-18T12:34:03+00:00","breadcrumb":{"@id":"https:\/\/magyarnapok.ro\/2024\/incze-mozes-tukorcserepei-hatarolt-vegtelenekben\/#breadcrumb"},"inLanguage":"hu","potentialAction":[{"@type":"ReadAction","target":["https:\/\/magyarnapok.ro\/2024\/incze-mozes-tukorcserepei-hatarolt-vegtelenekben\/"]}]},{"@type":"ImageObject","inLanguage":"hu","@id":"https:\/\/magyarnapok.ro\/2024\/incze-mozes-tukorcserepei-hatarolt-vegtelenekben\/#primaryimage","url":"https:\/\/magyarnapok.ro\/2024\/wp-content\/uploads\/2024\/08\/KMN2024_Incze-Mozes-Banffy-palota-Muveszeti-Muzeum_20240817_194621_SZZ_5028-scaled.jpg","contentUrl":"https:\/\/magyarnapok.ro\/2024\/wp-content\/uploads\/2024\/08\/KMN2024_Incze-Mozes-Banffy-palota-Muveszeti-Muzeum_20240817_194621_SZZ_5028-scaled.jpg","width":2560,"height":1707},{"@type":"BreadcrumbList","@id":"https:\/\/magyarnapok.ro\/2024\/incze-mozes-tukorcserepei-hatarolt-vegtelenekben\/#breadcrumb","itemListElement":[{"@type":"ListItem","position":1,"name":"Home","item":"https:\/\/magyarnapok.ro\/2024\/"},{"@type":"ListItem","position":2,"name":"Incze M\u00f3zes \u201et\u00fck\u00f6rcserepei\u201d Hat\u00e1rolt v\u00e9gtelenekben"}]},{"@type":"WebSite","@id":"https:\/\/magyarnapok.ro\/2024\/#website","url":"https:\/\/magyarnapok.ro\/2024\/","name":"Kolozsv\u00e1ri Magyar Napok 2024","description":"A h\u00e9t meg a nyolc\u00e1t!","publisher":{"@id":"https:\/\/magyarnapok.ro\/2024\/#organization"},"potentialAction":[{"@type":"SearchAction","target":{"@type":"EntryPoint","urlTemplate":"https:\/\/magyarnapok.ro\/2024\/?s={search_term_string}"},"query-input":"required name=search_term_string"}],"inLanguage":"hu"},{"@type":"Organization","@id":"https:\/\/magyarnapok.ro\/2024\/#organization","name":"Kolozsv\u00e1ri Magyar Napok","url":"https:\/\/magyarnapok.ro\/2024\/","logo":{"@type":"ImageObject","inLanguage":"hu","@id":"https:\/\/magyarnapok.ro\/2024\/#\/schema\/logo\/image\/","url":"https:\/\/magyarnapok.ro\/2024\/wp-content\/uploads\/2024\/04\/kmn_15_logo.png","contentUrl":"https:\/\/magyarnapok.ro\/2024\/wp-content\/uploads\/2024\/04\/kmn_15_logo.png","width":385,"height":362,"caption":"Kolozsv\u00e1ri Magyar Napok"},"image":{"@id":"https:\/\/magyarnapok.ro\/2024\/#\/schema\/logo\/image\/"},"sameAs":["https:\/\/www.facebook.com\/magyarnapok","https:\/\/www.instagram.com\/magyarnapok\/","https:\/\/www.youtube.com\/c\/KolozsvriMagyarNapok2015"]},{"@type":"Person","@id":"https:\/\/magyarnapok.ro\/2024\/#\/schema\/person\/1b0549e510716ea57ccaffd530e4620e","name":"M\u00e1t\u00f3-Sz\u00e9kely Orsi","image":{"@type":"ImageObject","inLanguage":"hu","@id":"https:\/\/magyarnapok.ro\/2024\/#\/schema\/person\/image\/","url":"https:\/\/secure.gravatar.com\/avatar\/5852b775194f0a9e509b1b6f46f068292eacfd4ad80453c7581820e563221f51?s=96&d=mm&r=g","contentUrl":"https:\/\/secure.gravatar.com\/avatar\/5852b775194f0a9e509b1b6f46f068292eacfd4ad80453c7581820e563221f51?s=96&d=mm&r=g","caption":"M\u00e1t\u00f3-Sz\u00e9kely Orsi"},"url":"https:\/\/magyarnapok.ro\/2024\/author\/orsi_m\/"}]}},"_links":{"self":[{"href":"https:\/\/magyarnapok.ro\/2024\/wp-json\/wp\/v2\/posts\/3152","targetHints":{"allow":["GET"]}}],"collection":[{"href":"https:\/\/magyarnapok.ro\/2024\/wp-json\/wp\/v2\/posts"}],"about":[{"href":"https:\/\/magyarnapok.ro\/2024\/wp-json\/wp\/v2\/types\/post"}],"author":[{"embeddable":true,"href":"https:\/\/magyarnapok.ro\/2024\/wp-json\/wp\/v2\/users\/9"}],"replies":[{"embeddable":true,"href":"https:\/\/magyarnapok.ro\/2024\/wp-json\/wp\/v2\/comments?post=3152"}],"version-history":[{"count":1,"href":"https:\/\/magyarnapok.ro\/2024\/wp-json\/wp\/v2\/posts\/3152\/revisions"}],"predecessor-version":[{"id":3154,"href":"https:\/\/magyarnapok.ro\/2024\/wp-json\/wp\/v2\/posts\/3152\/revisions\/3154"}],"wp:featuredmedia":[{"embeddable":true,"href":"https:\/\/magyarnapok.ro\/2024\/wp-json\/wp\/v2\/media\/3153"}],"wp:attachment":[{"href":"https:\/\/magyarnapok.ro\/2024\/wp-json\/wp\/v2\/media?parent=3152"}],"wp:term":[{"taxonomy":"category","embeddable":true,"href":"https:\/\/magyarnapok.ro\/2024\/wp-json\/wp\/v2\/categories?post=3152"},{"taxonomy":"post_tag","embeddable":true,"href":"https:\/\/magyarnapok.ro\/2024\/wp-json\/wp\/v2\/tags?post=3152"}],"curies":[{"name":"wp","href":"https:\/\/api.w.org\/{rel}","templated":true}]}}