{"id":3166,"date":"2024-08-19T13:30:15","date_gmt":"2024-08-19T10:30:15","guid":{"rendered":"https:\/\/magyarnapok.ro\/2024\/?p=3166"},"modified":"2024-08-19T13:30:51","modified_gmt":"2024-08-19T10:30:51","slug":"kezdetben-volt-a-dal-az-eredendo-ostudat","status":"publish","type":"post","link":"https:\/\/magyarnapok.ro\/2024\/kezdetben-volt-a-dal-az-eredendo-ostudat\/","title":{"rendered":"Kezdetben volt a dal, az eredend\u0151 \u0151studat"},"content":{"rendered":"\n<p>A Kolozsv\u00e1ri Magyar Opera 2024 febru\u00e1r 29-\u00e9n bemutatott vershangversenye, amely Sziluettek c\u00edmen ker\u00fclt a nagyk\u00f6z\u00f6ns\u00e9g el\u00e9, sz\u00e1mos \u00e9rdekl\u0151d\u0151t mozgatott meg a Kolozsv\u00e1ri Magyar Napok alkalm\u00e1val is.<\/p>\n\n\n\n<p>A produkci\u00f3 magyarnapos bemutat\u00e1s\u00e1ra augusztus 18-\u00e1n 19 \u00f3rakor ker\u00fclt sor az unit\u00e1rius templomban. A zen\u00e9s el\u0151ad\u00e1s rendez\u0151je, sz\u00f6veg\u00edr\u00f3ja \u00e9s \u00e9nekese Laczk\u00f3 Vass R\u00f3bert volt, aki Cserg\u0151 Domonkos zeneszerz\u0151vel k\u00f6z\u00f6sen val\u00f3s\u00edtotta meg a mindenki tetsz\u00e9s\u00e9t elnyer\u0151 el\u0151ad\u00e1st.<\/p>\n\n\n\n<p>Az est, b\u00e1r eredetileg szimfonikus zenekarra kompon\u00e1l\u00f3dott, a templomba l\u00e1togat\u00f3k ez\u00fattal kamarazenekari hangszerel\u00e9sben halhatt\u00e1k a dalokat. Az el\u0151ad\u00e1s \u00edzig-v\u00e9rig erd\u00e9lyi produkci\u00f3, melynek l\u00e9nyeg\u00e9t az irodalom \u00e9s a zene tal\u00e1lkoz\u00e1s\u00e1b\u00f3l sz\u00fclet\u0151 m\u0171v\u00e9szi megval\u00f3sul\u00e1s alkotja. Eml\u00edt\u00e9sre m\u00e9lt\u00f3 tov\u00e1bb\u00e1 T\u00f6r\u00f6k \u00c1d\u00e1m munk\u00e1ja, amely az el\u0151ad\u00e1s f\u00f3kuszba helyezte a vizualit\u00e1st is: minden dalhoz egy saj\u00e1tos vide\u00f3grafikai vil\u00e1g is t\u00e1rsult.<\/p>\n\n\n\n<p>Laczk\u00f3 Vass R\u00f3bert elmond\u00e1sa szerint a sz\u00f6vegek prof\u00e1n jellege mind vertik\u00e1lis, mind pedig horizont\u00e1lis felfog\u00e1sban is \u00e9rtelmezhet\u0151k. A produkci\u00f3 sor\u00e1n kiemelt szerepet kaptak a f\u00fav\u00f3s hangszerek is. Az olykor jazz-es, olykor melankolikus st\u00edlusban megsz\u00f3lal\u00f3 f\u00fav\u00f3sok er\u0151s hat\u00e1st teremtettek a sz\u00f6vegek k\u00f6r\u00e9. Az est ellenpontoz\u00e1s\u00e1ban nem csak a hangszerek j\u00e1tszottak szerepet, hanem bizonyos t\u00e9m\u00e1k kapcsolatai is a zen\u00e9vel, amelyek mag\u00e1ba foglalt\u00e1k a m\u00e1r eml\u00edtett ellentmond\u00e1st. A Sziluettek egy olyan \u201eegy \u00f3ra t\u00edz percen \u00e1t tart\u00f3\u201d zenei\u2014irodalmi kompoz\u00edci\u00f3, amely mag\u00e1ba foglalja az erd\u00e9lyi kort\u00e1rs zeneszerz\u00e9s \u00e9s sz\u00f6vegalkot\u00e1s elismer\u00e9sre \u00e9rdemes pillanatait. Cserg\u0151 Domonkos amellett, hogy a zeneszerz\u0151i munk\u00e1j\u00e1val j\u00e1rult hozz\u00e1 a produkci\u00f3 l\u00e9trej\u00f6tt\u00e9hez, az est akt\u00edv zenekari tagjak\u00e9nt \u00e9s karnagyak\u00e9nt is kimagasl\u00f3an teljes\u00edtett, Laczk\u00f3 Vass R\u00f3bert pedig ism\u00e9t bebizony\u00edtotta, hogy a sz\u00f6vegalkot\u00e1s \u00e9s a zenei el\u0151ad\u00e1sm\u00f3d ter\u00e9n is a kincses v\u00e1ros egyik meghat\u00e1roz\u00f3 m\u0171v\u00e9sze.<\/p>\n\n\n\n<p>Kasler Viktor<\/p>\n","protected":false},"excerpt":{"rendered":"<p>A Kolozsv\u00e1ri Magyar Opera 2024 febru\u00e1r 29-\u00e9n bemutatott vershangversenye, amely Sziluettek c\u00edmen ker\u00fclt a nagyk\u00f6z\u00f6ns\u00e9g el\u00e9, sz\u00e1mos \u00e9rdekl\u0151d\u0151t mozgatott meg&#8230;<\/p>\n","protected":false},"author":8,"featured_media":3167,"comment_status":"closed","ping_status":"open","sticky":false,"template":"","format":"standard","meta":{"_acf_changed":false,"footnotes":""},"categories":[1],"tags":[],"class_list":["post-3166","post","type-post","status-publish","format-standard","has-post-thumbnail","hentry","category-egyeb"],"acf":[],"yoast_head":"<!-- This site is optimized with the Yoast SEO plugin v23.0 - https:\/\/yoast.com\/wordpress\/plugins\/seo\/ -->\n<title>Kezdetben volt a dal, az eredend\u0151 \u0151studat - Kolozsv\u00e1ri Magyar Napok 2024<\/title>\n<meta name=\"robots\" content=\"index, follow, max-snippet:-1, max-image-preview:large, max-video-preview:-1\" \/>\n<link rel=\"canonical\" href=\"https:\/\/magyarnapok.ro\/2024\/kezdetben-volt-a-dal-az-eredendo-ostudat\/\" \/>\n<meta property=\"og:locale\" content=\"hu_HU\" \/>\n<meta property=\"og:type\" content=\"article\" \/>\n<meta property=\"og:title\" content=\"Kezdetben volt a dal, az eredend\u0151 \u0151studat - Kolozsv\u00e1ri Magyar Napok 2024\" \/>\n<meta property=\"og:description\" content=\"A Kolozsv\u00e1ri Magyar Opera 2024 febru\u00e1r 29-\u00e9n bemutatott vershangversenye, amely Sziluettek c\u00edmen ker\u00fclt a nagyk\u00f6z\u00f6ns\u00e9g el\u00e9, sz\u00e1mos \u00e9rdekl\u0151d\u0151t mozgatott meg...\" \/>\n<meta property=\"og:url\" content=\"https:\/\/magyarnapok.ro\/2024\/kezdetben-volt-a-dal-az-eredendo-ostudat\/\" \/>\n<meta property=\"og:site_name\" content=\"Kolozsv\u00e1ri Magyar Napok 2024\" \/>\n<meta property=\"article:publisher\" content=\"https:\/\/www.facebook.com\/magyarnapok\" \/>\n<meta property=\"article:published_time\" content=\"2024-08-19T10:30:15+00:00\" \/>\n<meta property=\"article:modified_time\" content=\"2024-08-19T10:30:51+00:00\" \/>\n<meta property=\"og:image\" content=\"https:\/\/magyarnapok.ro\/2024\/wp-content\/uploads\/2024\/08\/kmn2024_meb_laczko-vass-robi_csergo-domokos_sziluettek__20240818_192023_VL-3-scaled.jpg\" \/>\n\t<meta property=\"og:image:width\" content=\"2560\" \/>\n\t<meta property=\"og:image:height\" content=\"1707\" \/>\n\t<meta property=\"og:image:type\" content=\"image\/jpeg\" \/>\n<meta name=\"author\" content=\"S\u00e1ri Rom\u00e1n\" \/>\n<meta name=\"twitter:card\" content=\"summary_large_image\" \/>\n<meta name=\"twitter:label1\" content=\"Szerz\u0151:\" \/>\n\t<meta name=\"twitter:data1\" content=\"S\u00e1ri Rom\u00e1n\" \/>\n\t<meta name=\"twitter:label2\" content=\"Becs\u00fclt olvas\u00e1si id\u0151\" \/>\n\t<meta name=\"twitter:data2\" content=\"2 perc\" \/>\n<script type=\"application\/ld+json\" class=\"yoast-schema-graph\">{\"@context\":\"https:\/\/schema.org\",\"@graph\":[{\"@type\":\"Article\",\"@id\":\"https:\/\/magyarnapok.ro\/2024\/kezdetben-volt-a-dal-az-eredendo-ostudat\/#article\",\"isPartOf\":{\"@id\":\"https:\/\/magyarnapok.ro\/2024\/kezdetben-volt-a-dal-az-eredendo-ostudat\/\"},\"author\":{\"name\":\"S\u00e1ri Rom\u00e1n\",\"@id\":\"https:\/\/magyarnapok.ro\/2024\/#\/schema\/person\/4f7ca30ab538cb03a3c6146bb39b497e\"},\"headline\":\"Kezdetben volt a dal, az eredend\u0151 \u0151studat\",\"datePublished\":\"2024-08-19T10:30:15+00:00\",\"dateModified\":\"2024-08-19T10:30:51+00:00\",\"mainEntityOfPage\":{\"@id\":\"https:\/\/magyarnapok.ro\/2024\/kezdetben-volt-a-dal-az-eredendo-ostudat\/\"},\"wordCount\":394,\"publisher\":{\"@id\":\"https:\/\/magyarnapok.ro\/2024\/#organization\"},\"image\":{\"@id\":\"https:\/\/magyarnapok.ro\/2024\/kezdetben-volt-a-dal-az-eredendo-ostudat\/#primaryimage\"},\"thumbnailUrl\":\"https:\/\/magyarnapok.ro\/2024\/wp-content\/uploads\/2024\/08\/kmn2024_meb_laczko-vass-robi_csergo-domokos_sziluettek__20240818_192023_VL-3-scaled.jpg\",\"inLanguage\":\"hu\"},{\"@type\":\"WebPage\",\"@id\":\"https:\/\/magyarnapok.ro\/2024\/kezdetben-volt-a-dal-az-eredendo-ostudat\/\",\"url\":\"https:\/\/magyarnapok.ro\/2024\/kezdetben-volt-a-dal-az-eredendo-ostudat\/\",\"name\":\"Kezdetben volt a dal, az eredend\u0151 \u0151studat - Kolozsv\u00e1ri Magyar Napok 2024\",\"isPartOf\":{\"@id\":\"https:\/\/magyarnapok.ro\/2024\/#website\"},\"primaryImageOfPage\":{\"@id\":\"https:\/\/magyarnapok.ro\/2024\/kezdetben-volt-a-dal-az-eredendo-ostudat\/#primaryimage\"},\"image\":{\"@id\":\"https:\/\/magyarnapok.ro\/2024\/kezdetben-volt-a-dal-az-eredendo-ostudat\/#primaryimage\"},\"thumbnailUrl\":\"https:\/\/magyarnapok.ro\/2024\/wp-content\/uploads\/2024\/08\/kmn2024_meb_laczko-vass-robi_csergo-domokos_sziluettek__20240818_192023_VL-3-scaled.jpg\",\"datePublished\":\"2024-08-19T10:30:15+00:00\",\"dateModified\":\"2024-08-19T10:30:51+00:00\",\"breadcrumb\":{\"@id\":\"https:\/\/magyarnapok.ro\/2024\/kezdetben-volt-a-dal-az-eredendo-ostudat\/#breadcrumb\"},\"inLanguage\":\"hu\",\"potentialAction\":[{\"@type\":\"ReadAction\",\"target\":[\"https:\/\/magyarnapok.ro\/2024\/kezdetben-volt-a-dal-az-eredendo-ostudat\/\"]}]},{\"@type\":\"ImageObject\",\"inLanguage\":\"hu\",\"@id\":\"https:\/\/magyarnapok.ro\/2024\/kezdetben-volt-a-dal-az-eredendo-ostudat\/#primaryimage\",\"url\":\"https:\/\/magyarnapok.ro\/2024\/wp-content\/uploads\/2024\/08\/kmn2024_meb_laczko-vass-robi_csergo-domokos_sziluettek__20240818_192023_VL-3-scaled.jpg\",\"contentUrl\":\"https:\/\/magyarnapok.ro\/2024\/wp-content\/uploads\/2024\/08\/kmn2024_meb_laczko-vass-robi_csergo-domokos_sziluettek__20240818_192023_VL-3-scaled.jpg\",\"width\":2560,\"height\":1707},{\"@type\":\"BreadcrumbList\",\"@id\":\"https:\/\/magyarnapok.ro\/2024\/kezdetben-volt-a-dal-az-eredendo-ostudat\/#breadcrumb\",\"itemListElement\":[{\"@type\":\"ListItem\",\"position\":1,\"name\":\"Home\",\"item\":\"https:\/\/magyarnapok.ro\/2024\/\"},{\"@type\":\"ListItem\",\"position\":2,\"name\":\"Kezdetben volt a dal, az eredend\u0151 \u0151studat\"}]},{\"@type\":\"WebSite\",\"@id\":\"https:\/\/magyarnapok.ro\/2024\/#website\",\"url\":\"https:\/\/magyarnapok.ro\/2024\/\",\"name\":\"Kolozsv\u00e1ri Magyar Napok 2024\",\"description\":\"A h\u00e9t meg a nyolc\u00e1t!\",\"publisher\":{\"@id\":\"https:\/\/magyarnapok.ro\/2024\/#organization\"},\"potentialAction\":[{\"@type\":\"SearchAction\",\"target\":{\"@type\":\"EntryPoint\",\"urlTemplate\":\"https:\/\/magyarnapok.ro\/2024\/?s={search_term_string}\"},\"query-input\":\"required name=search_term_string\"}],\"inLanguage\":\"hu\"},{\"@type\":\"Organization\",\"@id\":\"https:\/\/magyarnapok.ro\/2024\/#organization\",\"name\":\"Kolozsv\u00e1ri Magyar Napok\",\"url\":\"https:\/\/magyarnapok.ro\/2024\/\",\"logo\":{\"@type\":\"ImageObject\",\"inLanguage\":\"hu\",\"@id\":\"https:\/\/magyarnapok.ro\/2024\/#\/schema\/logo\/image\/\",\"url\":\"https:\/\/magyarnapok.ro\/2024\/wp-content\/uploads\/2024\/04\/kmn_15_logo.png\",\"contentUrl\":\"https:\/\/magyarnapok.ro\/2024\/wp-content\/uploads\/2024\/04\/kmn_15_logo.png\",\"width\":385,\"height\":362,\"caption\":\"Kolozsv\u00e1ri Magyar Napok\"},\"image\":{\"@id\":\"https:\/\/magyarnapok.ro\/2024\/#\/schema\/logo\/image\/\"},\"sameAs\":[\"https:\/\/www.facebook.com\/magyarnapok\",\"https:\/\/www.instagram.com\/magyarnapok\/\",\"https:\/\/www.youtube.com\/c\/KolozsvriMagyarNapok2015\"]},{\"@type\":\"Person\",\"@id\":\"https:\/\/magyarnapok.ro\/2024\/#\/schema\/person\/4f7ca30ab538cb03a3c6146bb39b497e\",\"name\":\"S\u00e1ri Rom\u00e1n\",\"image\":{\"@type\":\"ImageObject\",\"inLanguage\":\"hu\",\"@id\":\"https:\/\/magyarnapok.ro\/2024\/#\/schema\/person\/image\/\",\"url\":\"https:\/\/secure.gravatar.com\/avatar\/91c75dcd2067ce4077834f6e3ece679465c21407b734374f7b1c7962150ba024?s=96&d=mm&r=g\",\"contentUrl\":\"https:\/\/secure.gravatar.com\/avatar\/91c75dcd2067ce4077834f6e3ece679465c21407b734374f7b1c7962150ba024?s=96&d=mm&r=g\",\"caption\":\"S\u00e1ri Rom\u00e1n\"},\"url\":\"https:\/\/magyarnapok.ro\/2024\/author\/roman-sari\/\"}]}<\/script>\n<!-- \/ Yoast SEO plugin. -->","yoast_head_json":{"title":"Kezdetben volt a dal, az eredend\u0151 \u0151studat - Kolozsv\u00e1ri Magyar Napok 2024","robots":{"index":"index","follow":"follow","max-snippet":"max-snippet:-1","max-image-preview":"max-image-preview:large","max-video-preview":"max-video-preview:-1"},"canonical":"https:\/\/magyarnapok.ro\/2024\/kezdetben-volt-a-dal-az-eredendo-ostudat\/","og_locale":"hu_HU","og_type":"article","og_title":"Kezdetben volt a dal, az eredend\u0151 \u0151studat - Kolozsv\u00e1ri Magyar Napok 2024","og_description":"A Kolozsv\u00e1ri Magyar Opera 2024 febru\u00e1r 29-\u00e9n bemutatott vershangversenye, amely Sziluettek c\u00edmen ker\u00fclt a nagyk\u00f6z\u00f6ns\u00e9g el\u00e9, sz\u00e1mos \u00e9rdekl\u0151d\u0151t mozgatott meg...","og_url":"https:\/\/magyarnapok.ro\/2024\/kezdetben-volt-a-dal-az-eredendo-ostudat\/","og_site_name":"Kolozsv\u00e1ri Magyar Napok 2024","article_publisher":"https:\/\/www.facebook.com\/magyarnapok","article_published_time":"2024-08-19T10:30:15+00:00","article_modified_time":"2024-08-19T10:30:51+00:00","og_image":[{"width":2560,"height":1707,"url":"https:\/\/magyarnapok.ro\/2024\/wp-content\/uploads\/2024\/08\/kmn2024_meb_laczko-vass-robi_csergo-domokos_sziluettek__20240818_192023_VL-3-scaled.jpg","type":"image\/jpeg"}],"author":"S\u00e1ri Rom\u00e1n","twitter_card":"summary_large_image","twitter_misc":{"Szerz\u0151:":"S\u00e1ri Rom\u00e1n","Becs\u00fclt olvas\u00e1si id\u0151":"2 perc"},"schema":{"@context":"https:\/\/schema.org","@graph":[{"@type":"Article","@id":"https:\/\/magyarnapok.ro\/2024\/kezdetben-volt-a-dal-az-eredendo-ostudat\/#article","isPartOf":{"@id":"https:\/\/magyarnapok.ro\/2024\/kezdetben-volt-a-dal-az-eredendo-ostudat\/"},"author":{"name":"S\u00e1ri Rom\u00e1n","@id":"https:\/\/magyarnapok.ro\/2024\/#\/schema\/person\/4f7ca30ab538cb03a3c6146bb39b497e"},"headline":"Kezdetben volt a dal, az eredend\u0151 \u0151studat","datePublished":"2024-08-19T10:30:15+00:00","dateModified":"2024-08-19T10:30:51+00:00","mainEntityOfPage":{"@id":"https:\/\/magyarnapok.ro\/2024\/kezdetben-volt-a-dal-az-eredendo-ostudat\/"},"wordCount":394,"publisher":{"@id":"https:\/\/magyarnapok.ro\/2024\/#organization"},"image":{"@id":"https:\/\/magyarnapok.ro\/2024\/kezdetben-volt-a-dal-az-eredendo-ostudat\/#primaryimage"},"thumbnailUrl":"https:\/\/magyarnapok.ro\/2024\/wp-content\/uploads\/2024\/08\/kmn2024_meb_laczko-vass-robi_csergo-domokos_sziluettek__20240818_192023_VL-3-scaled.jpg","inLanguage":"hu"},{"@type":"WebPage","@id":"https:\/\/magyarnapok.ro\/2024\/kezdetben-volt-a-dal-az-eredendo-ostudat\/","url":"https:\/\/magyarnapok.ro\/2024\/kezdetben-volt-a-dal-az-eredendo-ostudat\/","name":"Kezdetben volt a dal, az eredend\u0151 \u0151studat - Kolozsv\u00e1ri Magyar Napok 2024","isPartOf":{"@id":"https:\/\/magyarnapok.ro\/2024\/#website"},"primaryImageOfPage":{"@id":"https:\/\/magyarnapok.ro\/2024\/kezdetben-volt-a-dal-az-eredendo-ostudat\/#primaryimage"},"image":{"@id":"https:\/\/magyarnapok.ro\/2024\/kezdetben-volt-a-dal-az-eredendo-ostudat\/#primaryimage"},"thumbnailUrl":"https:\/\/magyarnapok.ro\/2024\/wp-content\/uploads\/2024\/08\/kmn2024_meb_laczko-vass-robi_csergo-domokos_sziluettek__20240818_192023_VL-3-scaled.jpg","datePublished":"2024-08-19T10:30:15+00:00","dateModified":"2024-08-19T10:30:51+00:00","breadcrumb":{"@id":"https:\/\/magyarnapok.ro\/2024\/kezdetben-volt-a-dal-az-eredendo-ostudat\/#breadcrumb"},"inLanguage":"hu","potentialAction":[{"@type":"ReadAction","target":["https:\/\/magyarnapok.ro\/2024\/kezdetben-volt-a-dal-az-eredendo-ostudat\/"]}]},{"@type":"ImageObject","inLanguage":"hu","@id":"https:\/\/magyarnapok.ro\/2024\/kezdetben-volt-a-dal-az-eredendo-ostudat\/#primaryimage","url":"https:\/\/magyarnapok.ro\/2024\/wp-content\/uploads\/2024\/08\/kmn2024_meb_laczko-vass-robi_csergo-domokos_sziluettek__20240818_192023_VL-3-scaled.jpg","contentUrl":"https:\/\/magyarnapok.ro\/2024\/wp-content\/uploads\/2024\/08\/kmn2024_meb_laczko-vass-robi_csergo-domokos_sziluettek__20240818_192023_VL-3-scaled.jpg","width":2560,"height":1707},{"@type":"BreadcrumbList","@id":"https:\/\/magyarnapok.ro\/2024\/kezdetben-volt-a-dal-az-eredendo-ostudat\/#breadcrumb","itemListElement":[{"@type":"ListItem","position":1,"name":"Home","item":"https:\/\/magyarnapok.ro\/2024\/"},{"@type":"ListItem","position":2,"name":"Kezdetben volt a dal, az eredend\u0151 \u0151studat"}]},{"@type":"WebSite","@id":"https:\/\/magyarnapok.ro\/2024\/#website","url":"https:\/\/magyarnapok.ro\/2024\/","name":"Kolozsv\u00e1ri Magyar Napok 2024","description":"A h\u00e9t meg a nyolc\u00e1t!","publisher":{"@id":"https:\/\/magyarnapok.ro\/2024\/#organization"},"potentialAction":[{"@type":"SearchAction","target":{"@type":"EntryPoint","urlTemplate":"https:\/\/magyarnapok.ro\/2024\/?s={search_term_string}"},"query-input":"required name=search_term_string"}],"inLanguage":"hu"},{"@type":"Organization","@id":"https:\/\/magyarnapok.ro\/2024\/#organization","name":"Kolozsv\u00e1ri Magyar Napok","url":"https:\/\/magyarnapok.ro\/2024\/","logo":{"@type":"ImageObject","inLanguage":"hu","@id":"https:\/\/magyarnapok.ro\/2024\/#\/schema\/logo\/image\/","url":"https:\/\/magyarnapok.ro\/2024\/wp-content\/uploads\/2024\/04\/kmn_15_logo.png","contentUrl":"https:\/\/magyarnapok.ro\/2024\/wp-content\/uploads\/2024\/04\/kmn_15_logo.png","width":385,"height":362,"caption":"Kolozsv\u00e1ri Magyar Napok"},"image":{"@id":"https:\/\/magyarnapok.ro\/2024\/#\/schema\/logo\/image\/"},"sameAs":["https:\/\/www.facebook.com\/magyarnapok","https:\/\/www.instagram.com\/magyarnapok\/","https:\/\/www.youtube.com\/c\/KolozsvriMagyarNapok2015"]},{"@type":"Person","@id":"https:\/\/magyarnapok.ro\/2024\/#\/schema\/person\/4f7ca30ab538cb03a3c6146bb39b497e","name":"S\u00e1ri Rom\u00e1n","image":{"@type":"ImageObject","inLanguage":"hu","@id":"https:\/\/magyarnapok.ro\/2024\/#\/schema\/person\/image\/","url":"https:\/\/secure.gravatar.com\/avatar\/91c75dcd2067ce4077834f6e3ece679465c21407b734374f7b1c7962150ba024?s=96&d=mm&r=g","contentUrl":"https:\/\/secure.gravatar.com\/avatar\/91c75dcd2067ce4077834f6e3ece679465c21407b734374f7b1c7962150ba024?s=96&d=mm&r=g","caption":"S\u00e1ri Rom\u00e1n"},"url":"https:\/\/magyarnapok.ro\/2024\/author\/roman-sari\/"}]}},"_links":{"self":[{"href":"https:\/\/magyarnapok.ro\/2024\/wp-json\/wp\/v2\/posts\/3166","targetHints":{"allow":["GET"]}}],"collection":[{"href":"https:\/\/magyarnapok.ro\/2024\/wp-json\/wp\/v2\/posts"}],"about":[{"href":"https:\/\/magyarnapok.ro\/2024\/wp-json\/wp\/v2\/types\/post"}],"author":[{"embeddable":true,"href":"https:\/\/magyarnapok.ro\/2024\/wp-json\/wp\/v2\/users\/8"}],"replies":[{"embeddable":true,"href":"https:\/\/magyarnapok.ro\/2024\/wp-json\/wp\/v2\/comments?post=3166"}],"version-history":[{"count":2,"href":"https:\/\/magyarnapok.ro\/2024\/wp-json\/wp\/v2\/posts\/3166\/revisions"}],"predecessor-version":[{"id":3169,"href":"https:\/\/magyarnapok.ro\/2024\/wp-json\/wp\/v2\/posts\/3166\/revisions\/3169"}],"wp:featuredmedia":[{"embeddable":true,"href":"https:\/\/magyarnapok.ro\/2024\/wp-json\/wp\/v2\/media\/3167"}],"wp:attachment":[{"href":"https:\/\/magyarnapok.ro\/2024\/wp-json\/wp\/v2\/media?parent=3166"}],"wp:term":[{"taxonomy":"category","embeddable":true,"href":"https:\/\/magyarnapok.ro\/2024\/wp-json\/wp\/v2\/categories?post=3166"},{"taxonomy":"post_tag","embeddable":true,"href":"https:\/\/magyarnapok.ro\/2024\/wp-json\/wp\/v2\/tags?post=3166"}],"curies":[{"name":"wp","href":"https:\/\/api.w.org\/{rel}","templated":true}]}}