{"id":3206,"date":"2024-08-19T16:30:10","date_gmt":"2024-08-19T13:30:10","guid":{"rendered":"https:\/\/magyarnapok.ro\/2024\/?p=3206"},"modified":"2024-08-19T16:32:45","modified_gmt":"2024-08-19T13:32:45","slug":"retrospektiv-kiallitason-elevenednek-meg-t-szucs-ilona-es-toth-laszlo-muvei","status":"publish","type":"post","link":"https:\/\/magyarnapok.ro\/2024\/retrospektiv-kiallitason-elevenednek-meg-t-szucs-ilona-es-toth-laszlo-muvei\/","title":{"rendered":"Retrospekt\u00edv ki\u00e1ll\u00edt\u00e1son elevenednek meg T. Sz\u0171cs Ilona \u00e9s T\u00f3th L\u00e1szl\u00f3 m\u0171vei"},"content":{"rendered":"\n<p>Az Erd\u00e9lyi M\u0171v\u00e9szeti K\u00f6zpont \u00e9s a Kolozsv\u00e1ri M\u0171v\u00e9szeti M\u00fazeum szervez\u00e9s\u00e9ben Sepsiszentgy\u00f6rgyr\u0151l a kincses v\u00e1rosba \u00e9rkezett a m\u0171v\u00e9szh\u00e1zasp\u00e1r \u00e9letm\u0171v\u00e9t \u00f6sszefoglal\u00f3 t\u00e1rlat.<\/p>\n\n\n\n<p>Vas\u00e1rnap \u00fajabb ki\u00e1ll\u00edt\u00e1smegnyit\u00f3kkal folytat\u00f3dott a 15. Kolozsv\u00e1ri Magyar Napok programja. 18 \u00f3r\u00e1t\u00f3l a Kolozsv\u00e1ri M\u0171v\u00e9szeti M\u00fazeumban tekinthett\u00e9k meg az \u00e9rdekl\u0151d\u0151k a T. Sz\u0171cs Ilona \u00e9s T\u00f3th L\u00e1szl\u00f3 m\u0171veib\u0151l \u00f6ssze\u00e1ll\u00edtott retrospekt\u00edv t\u00e1rlat anyag\u00e1t.<\/p>\n\n\n\n<p>Lucian Nastas\u0103-Kov\u00e1cs m\u00fazeumigazgat\u00f3 k\u00f6sz\u00f6nt\u0151je ut\u00e1n a ki\u00e1ll\u00edt\u00e1s kur\u00e1torai, Portik Bl\u00e9nessy \u00c1gota \u00e9s Bord\u00e1s Be\u00e1ta besz\u00e9ltek az \u00f6sszegy\u0171jt\u00f6tt anyagr\u00f3l \u00e9s a k\u00e9t 20. sz\u00e1zadban alkot\u00f3 m\u0171v\u00e9sz munk\u00e1ss\u00e1g\u00e1r\u00f3l.<\/p>\n\n\n\n<p>\u201eJelen ki\u00e1ll\u00edt\u00e1sban igyekezt\u00fcnk mindk\u00e9t \u00e9letm\u0171vet a lehet\u0151 legteljesebb mer\u00edt\u00e9sben bemutatni, adott szakaszait \u00e1tadni. Ugyanakkor arra is t\u00f6rekedt\u00fcnk, hogy a m\u0171v\u00e9szh\u00e1zasp\u00e1r alkot\u00e1sai k\u00f6z\u00f6tt p\u00e1rbesz\u00e9d is keletkezzen, \u00e9s egym\u00e1ssal dial\u00f3gusba l\u00e9pjenek ezek a k\u00e9pek\u201d \u2013 hangs\u00falyozta a t\u00e1rlattal kapcsolatban Portik Bl\u00e9nessy \u00c1gota.<\/p>\n\n\n\n<p>A f\u0151k\u00e9nt 1960-as \u00e9s 1970-es \u00e9vekben alkot\u00f3 h\u00e1zast\u00e1rsak ikonikus szerepet t\u00f6lt\u00f6ttek be a kolozsv\u00e1ri m\u0171v\u00e9szeti \u00e9letben. K\u00f6zel sz\u00e1z m\u0171alkot\u00e1sukat tekinthetik meg mostant\u00f3l a M\u0171v\u00e9szeti M\u00fazeum l\u00e1togat\u00f3i.<\/p>\n\n\n\n<p>\u201e\u00c9rdekes k\u00e9rd\u00e9s volt sz\u00e1momra a ki\u00e1ll\u00edt\u00e1s rendez\u00e9sekor, hogy hogyan mutassunk be k\u00e9t \u00f6n\u00e1ll\u00f3 alkot\u00f3t. B\u00e1r h\u00e1zasp\u00e1rr\u00f3l van sz\u00f3, felfedezhet\u0151k bizonyos mot\u00edvumok, amelyek egym\u00e1sra utalnak, m\u00e9gis teljesen k\u00fcl\u00f6n\u00e1ll\u00f3 fest\u00e9szeti nyelvet alak\u00edtottak ki\u201d \u2013 \u00e1rulta el az \u00f6ssze\u00e1ll\u00edt\u00e1s egyik kih\u00edv\u00e1s\u00e1val kapcsolatban Bord\u00e1s Be\u00e1ta.<\/p>\n\n\n\n<p>A t\u00e1rlat anyag\u00e1t egy h\u00e1romnyelv\u0171, t\u00f6bb mint 120 reprodukci\u00f3t tartalmaz\u00f3 album is k\u00eds\u00e9ri, amely a kor\u00e1bbi sepsiszentgy\u00f6rgyi ki\u00e1ll\u00edt\u00e1sra k\u00e9sz\u00fclt \u00e9s Bord\u00e1s Be\u00e1ta el\u0151szav\u00e1n k\u00edv\u00fcl Kov\u00e1cs \u00c1d\u00e1m\u00e9t \u00e9s Banner Zolt\u00e1n\u00e9t is tartalmazza.<\/p>\n\n\n\n<p>Gebe Zolt\u00e1n<\/p>\n","protected":false},"excerpt":{"rendered":"<p>Az Erd\u00e9lyi M\u0171v\u00e9szeti K\u00f6zpont \u00e9s a Kolozsv\u00e1ri M\u0171v\u00e9szeti M\u00fazeum szervez\u00e9s\u00e9ben Sepsiszentgy\u00f6rgyr\u0151l a kincses v\u00e1rosba \u00e9rkezett&#8230;<\/p>\n","protected":false},"author":8,"featured_media":3207,"comment_status":"closed","ping_status":"open","sticky":false,"template":"","format":"standard","meta":{"_acf_changed":false,"footnotes":""},"categories":[1],"tags":[],"class_list":["post-3206","post","type-post","status-publish","format-standard","has-post-thumbnail","hentry","category-egyeb"],"acf":[],"yoast_head":"<!-- This site is optimized with the Yoast SEO plugin v23.0 - https:\/\/yoast.com\/wordpress\/plugins\/seo\/ -->\n<title>Retrospekt\u00edv ki\u00e1ll\u00edt\u00e1son elevenednek meg T. Sz\u0171cs Ilona \u00e9s T\u00f3th L\u00e1szl\u00f3 m\u0171vei - Kolozsv\u00e1ri Magyar Napok 2024<\/title>\n<meta name=\"robots\" content=\"index, follow, max-snippet:-1, max-image-preview:large, max-video-preview:-1\" \/>\n<link rel=\"canonical\" href=\"https:\/\/magyarnapok.ro\/2024\/retrospektiv-kiallitason-elevenednek-meg-t-szucs-ilona-es-toth-laszlo-muvei\/\" \/>\n<meta property=\"og:locale\" content=\"hu_HU\" \/>\n<meta property=\"og:type\" content=\"article\" \/>\n<meta property=\"og:title\" content=\"Retrospekt\u00edv ki\u00e1ll\u00edt\u00e1son elevenednek meg T. Sz\u0171cs Ilona \u00e9s T\u00f3th L\u00e1szl\u00f3 m\u0171vei - Kolozsv\u00e1ri Magyar Napok 2024\" \/>\n<meta property=\"og:description\" content=\"Az Erd\u00e9lyi M\u0171v\u00e9szeti K\u00f6zpont \u00e9s a Kolozsv\u00e1ri M\u0171v\u00e9szeti M\u00fazeum szervez\u00e9s\u00e9ben Sepsiszentgy\u00f6rgyr\u0151l a kincses v\u00e1rosba \u00e9rkezett...\" \/>\n<meta property=\"og:url\" content=\"https:\/\/magyarnapok.ro\/2024\/retrospektiv-kiallitason-elevenednek-meg-t-szucs-ilona-es-toth-laszlo-muvei\/\" \/>\n<meta property=\"og:site_name\" content=\"Kolozsv\u00e1ri Magyar Napok 2024\" \/>\n<meta property=\"article:publisher\" content=\"https:\/\/www.facebook.com\/magyarnapok\" \/>\n<meta property=\"article:published_time\" content=\"2024-08-19T13:30:10+00:00\" \/>\n<meta property=\"article:modified_time\" content=\"2024-08-19T13:32:45+00:00\" \/>\n<meta property=\"og:image\" content=\"https:\/\/magyarnapok.ro\/2024\/wp-content\/uploads\/2024\/08\/KMN2024_T_Szucs_Ilona_Toth_Laszlo_20240818_190233_MRD_1971-scaled.jpg\" \/>\n\t<meta property=\"og:image:width\" content=\"2560\" \/>\n\t<meta property=\"og:image:height\" content=\"1709\" \/>\n\t<meta property=\"og:image:type\" content=\"image\/jpeg\" \/>\n<meta name=\"author\" content=\"S\u00e1ri Rom\u00e1n\" \/>\n<meta name=\"twitter:card\" content=\"summary_large_image\" \/>\n<meta name=\"twitter:label1\" content=\"Szerz\u0151:\" \/>\n\t<meta name=\"twitter:data1\" content=\"S\u00e1ri Rom\u00e1n\" \/>\n\t<meta name=\"twitter:label2\" content=\"Becs\u00fclt olvas\u00e1si id\u0151\" \/>\n\t<meta name=\"twitter:data2\" content=\"2 perc\" \/>\n<script type=\"application\/ld+json\" class=\"yoast-schema-graph\">{\"@context\":\"https:\/\/schema.org\",\"@graph\":[{\"@type\":\"Article\",\"@id\":\"https:\/\/magyarnapok.ro\/2024\/retrospektiv-kiallitason-elevenednek-meg-t-szucs-ilona-es-toth-laszlo-muvei\/#article\",\"isPartOf\":{\"@id\":\"https:\/\/magyarnapok.ro\/2024\/retrospektiv-kiallitason-elevenednek-meg-t-szucs-ilona-es-toth-laszlo-muvei\/\"},\"author\":{\"name\":\"S\u00e1ri Rom\u00e1n\",\"@id\":\"https:\/\/magyarnapok.ro\/2024\/#\/schema\/person\/4f7ca30ab538cb03a3c6146bb39b497e\"},\"headline\":\"Retrospekt\u00edv ki\u00e1ll\u00edt\u00e1son elevenednek meg T. Sz\u0171cs Ilona \u00e9s T\u00f3th L\u00e1szl\u00f3 m\u0171vei\",\"datePublished\":\"2024-08-19T13:30:10+00:00\",\"dateModified\":\"2024-08-19T13:32:45+00:00\",\"mainEntityOfPage\":{\"@id\":\"https:\/\/magyarnapok.ro\/2024\/retrospektiv-kiallitason-elevenednek-meg-t-szucs-ilona-es-toth-laszlo-muvei\/\"},\"wordCount\":405,\"publisher\":{\"@id\":\"https:\/\/magyarnapok.ro\/2024\/#organization\"},\"image\":{\"@id\":\"https:\/\/magyarnapok.ro\/2024\/retrospektiv-kiallitason-elevenednek-meg-t-szucs-ilona-es-toth-laszlo-muvei\/#primaryimage\"},\"thumbnailUrl\":\"https:\/\/magyarnapok.ro\/2024\/wp-content\/uploads\/2024\/08\/KMN2024_T_Szucs_Ilona_Toth_Laszlo_20240818_190233_MRD_1971-scaled.jpg\",\"inLanguage\":\"hu\"},{\"@type\":\"WebPage\",\"@id\":\"https:\/\/magyarnapok.ro\/2024\/retrospektiv-kiallitason-elevenednek-meg-t-szucs-ilona-es-toth-laszlo-muvei\/\",\"url\":\"https:\/\/magyarnapok.ro\/2024\/retrospektiv-kiallitason-elevenednek-meg-t-szucs-ilona-es-toth-laszlo-muvei\/\",\"name\":\"Retrospekt\u00edv ki\u00e1ll\u00edt\u00e1son elevenednek meg T. Sz\u0171cs Ilona \u00e9s T\u00f3th L\u00e1szl\u00f3 m\u0171vei - Kolozsv\u00e1ri Magyar Napok 2024\",\"isPartOf\":{\"@id\":\"https:\/\/magyarnapok.ro\/2024\/#website\"},\"primaryImageOfPage\":{\"@id\":\"https:\/\/magyarnapok.ro\/2024\/retrospektiv-kiallitason-elevenednek-meg-t-szucs-ilona-es-toth-laszlo-muvei\/#primaryimage\"},\"image\":{\"@id\":\"https:\/\/magyarnapok.ro\/2024\/retrospektiv-kiallitason-elevenednek-meg-t-szucs-ilona-es-toth-laszlo-muvei\/#primaryimage\"},\"thumbnailUrl\":\"https:\/\/magyarnapok.ro\/2024\/wp-content\/uploads\/2024\/08\/KMN2024_T_Szucs_Ilona_Toth_Laszlo_20240818_190233_MRD_1971-scaled.jpg\",\"datePublished\":\"2024-08-19T13:30:10+00:00\",\"dateModified\":\"2024-08-19T13:32:45+00:00\",\"breadcrumb\":{\"@id\":\"https:\/\/magyarnapok.ro\/2024\/retrospektiv-kiallitason-elevenednek-meg-t-szucs-ilona-es-toth-laszlo-muvei\/#breadcrumb\"},\"inLanguage\":\"hu\",\"potentialAction\":[{\"@type\":\"ReadAction\",\"target\":[\"https:\/\/magyarnapok.ro\/2024\/retrospektiv-kiallitason-elevenednek-meg-t-szucs-ilona-es-toth-laszlo-muvei\/\"]}]},{\"@type\":\"ImageObject\",\"inLanguage\":\"hu\",\"@id\":\"https:\/\/magyarnapok.ro\/2024\/retrospektiv-kiallitason-elevenednek-meg-t-szucs-ilona-es-toth-laszlo-muvei\/#primaryimage\",\"url\":\"https:\/\/magyarnapok.ro\/2024\/wp-content\/uploads\/2024\/08\/KMN2024_T_Szucs_Ilona_Toth_Laszlo_20240818_190233_MRD_1971-scaled.jpg\",\"contentUrl\":\"https:\/\/magyarnapok.ro\/2024\/wp-content\/uploads\/2024\/08\/KMN2024_T_Szucs_Ilona_Toth_Laszlo_20240818_190233_MRD_1971-scaled.jpg\",\"width\":2560,\"height\":1709},{\"@type\":\"BreadcrumbList\",\"@id\":\"https:\/\/magyarnapok.ro\/2024\/retrospektiv-kiallitason-elevenednek-meg-t-szucs-ilona-es-toth-laszlo-muvei\/#breadcrumb\",\"itemListElement\":[{\"@type\":\"ListItem\",\"position\":1,\"name\":\"Home\",\"item\":\"https:\/\/magyarnapok.ro\/2024\/\"},{\"@type\":\"ListItem\",\"position\":2,\"name\":\"Retrospekt\u00edv ki\u00e1ll\u00edt\u00e1son elevenednek meg T. Sz\u0171cs Ilona \u00e9s T\u00f3th L\u00e1szl\u00f3 m\u0171vei\"}]},{\"@type\":\"WebSite\",\"@id\":\"https:\/\/magyarnapok.ro\/2024\/#website\",\"url\":\"https:\/\/magyarnapok.ro\/2024\/\",\"name\":\"Kolozsv\u00e1ri Magyar Napok 2024\",\"description\":\"A h\u00e9t meg a nyolc\u00e1t!\",\"publisher\":{\"@id\":\"https:\/\/magyarnapok.ro\/2024\/#organization\"},\"potentialAction\":[{\"@type\":\"SearchAction\",\"target\":{\"@type\":\"EntryPoint\",\"urlTemplate\":\"https:\/\/magyarnapok.ro\/2024\/?s={search_term_string}\"},\"query-input\":\"required name=search_term_string\"}],\"inLanguage\":\"hu\"},{\"@type\":\"Organization\",\"@id\":\"https:\/\/magyarnapok.ro\/2024\/#organization\",\"name\":\"Kolozsv\u00e1ri Magyar Napok\",\"url\":\"https:\/\/magyarnapok.ro\/2024\/\",\"logo\":{\"@type\":\"ImageObject\",\"inLanguage\":\"hu\",\"@id\":\"https:\/\/magyarnapok.ro\/2024\/#\/schema\/logo\/image\/\",\"url\":\"https:\/\/magyarnapok.ro\/2024\/wp-content\/uploads\/2024\/04\/kmn_15_logo.png\",\"contentUrl\":\"https:\/\/magyarnapok.ro\/2024\/wp-content\/uploads\/2024\/04\/kmn_15_logo.png\",\"width\":385,\"height\":362,\"caption\":\"Kolozsv\u00e1ri Magyar Napok\"},\"image\":{\"@id\":\"https:\/\/magyarnapok.ro\/2024\/#\/schema\/logo\/image\/\"},\"sameAs\":[\"https:\/\/www.facebook.com\/magyarnapok\",\"https:\/\/www.instagram.com\/magyarnapok\/\",\"https:\/\/www.youtube.com\/c\/KolozsvriMagyarNapok2015\"]},{\"@type\":\"Person\",\"@id\":\"https:\/\/magyarnapok.ro\/2024\/#\/schema\/person\/4f7ca30ab538cb03a3c6146bb39b497e\",\"name\":\"S\u00e1ri Rom\u00e1n\",\"image\":{\"@type\":\"ImageObject\",\"inLanguage\":\"hu\",\"@id\":\"https:\/\/magyarnapok.ro\/2024\/#\/schema\/person\/image\/\",\"url\":\"https:\/\/secure.gravatar.com\/avatar\/91c75dcd2067ce4077834f6e3ece679465c21407b734374f7b1c7962150ba024?s=96&d=mm&r=g\",\"contentUrl\":\"https:\/\/secure.gravatar.com\/avatar\/91c75dcd2067ce4077834f6e3ece679465c21407b734374f7b1c7962150ba024?s=96&d=mm&r=g\",\"caption\":\"S\u00e1ri Rom\u00e1n\"},\"url\":\"https:\/\/magyarnapok.ro\/2024\/author\/roman-sari\/\"}]}<\/script>\n<!-- \/ Yoast SEO plugin. -->","yoast_head_json":{"title":"Retrospekt\u00edv ki\u00e1ll\u00edt\u00e1son elevenednek meg T. Sz\u0171cs Ilona \u00e9s T\u00f3th L\u00e1szl\u00f3 m\u0171vei - Kolozsv\u00e1ri Magyar Napok 2024","robots":{"index":"index","follow":"follow","max-snippet":"max-snippet:-1","max-image-preview":"max-image-preview:large","max-video-preview":"max-video-preview:-1"},"canonical":"https:\/\/magyarnapok.ro\/2024\/retrospektiv-kiallitason-elevenednek-meg-t-szucs-ilona-es-toth-laszlo-muvei\/","og_locale":"hu_HU","og_type":"article","og_title":"Retrospekt\u00edv ki\u00e1ll\u00edt\u00e1son elevenednek meg T. Sz\u0171cs Ilona \u00e9s T\u00f3th L\u00e1szl\u00f3 m\u0171vei - Kolozsv\u00e1ri Magyar Napok 2024","og_description":"Az Erd\u00e9lyi M\u0171v\u00e9szeti K\u00f6zpont \u00e9s a Kolozsv\u00e1ri M\u0171v\u00e9szeti M\u00fazeum szervez\u00e9s\u00e9ben Sepsiszentgy\u00f6rgyr\u0151l a kincses v\u00e1rosba \u00e9rkezett...","og_url":"https:\/\/magyarnapok.ro\/2024\/retrospektiv-kiallitason-elevenednek-meg-t-szucs-ilona-es-toth-laszlo-muvei\/","og_site_name":"Kolozsv\u00e1ri Magyar Napok 2024","article_publisher":"https:\/\/www.facebook.com\/magyarnapok","article_published_time":"2024-08-19T13:30:10+00:00","article_modified_time":"2024-08-19T13:32:45+00:00","og_image":[{"width":2560,"height":1709,"url":"https:\/\/magyarnapok.ro\/2024\/wp-content\/uploads\/2024\/08\/KMN2024_T_Szucs_Ilona_Toth_Laszlo_20240818_190233_MRD_1971-scaled.jpg","type":"image\/jpeg"}],"author":"S\u00e1ri Rom\u00e1n","twitter_card":"summary_large_image","twitter_misc":{"Szerz\u0151:":"S\u00e1ri Rom\u00e1n","Becs\u00fclt olvas\u00e1si id\u0151":"2 perc"},"schema":{"@context":"https:\/\/schema.org","@graph":[{"@type":"Article","@id":"https:\/\/magyarnapok.ro\/2024\/retrospektiv-kiallitason-elevenednek-meg-t-szucs-ilona-es-toth-laszlo-muvei\/#article","isPartOf":{"@id":"https:\/\/magyarnapok.ro\/2024\/retrospektiv-kiallitason-elevenednek-meg-t-szucs-ilona-es-toth-laszlo-muvei\/"},"author":{"name":"S\u00e1ri Rom\u00e1n","@id":"https:\/\/magyarnapok.ro\/2024\/#\/schema\/person\/4f7ca30ab538cb03a3c6146bb39b497e"},"headline":"Retrospekt\u00edv ki\u00e1ll\u00edt\u00e1son elevenednek meg T. Sz\u0171cs Ilona \u00e9s T\u00f3th L\u00e1szl\u00f3 m\u0171vei","datePublished":"2024-08-19T13:30:10+00:00","dateModified":"2024-08-19T13:32:45+00:00","mainEntityOfPage":{"@id":"https:\/\/magyarnapok.ro\/2024\/retrospektiv-kiallitason-elevenednek-meg-t-szucs-ilona-es-toth-laszlo-muvei\/"},"wordCount":405,"publisher":{"@id":"https:\/\/magyarnapok.ro\/2024\/#organization"},"image":{"@id":"https:\/\/magyarnapok.ro\/2024\/retrospektiv-kiallitason-elevenednek-meg-t-szucs-ilona-es-toth-laszlo-muvei\/#primaryimage"},"thumbnailUrl":"https:\/\/magyarnapok.ro\/2024\/wp-content\/uploads\/2024\/08\/KMN2024_T_Szucs_Ilona_Toth_Laszlo_20240818_190233_MRD_1971-scaled.jpg","inLanguage":"hu"},{"@type":"WebPage","@id":"https:\/\/magyarnapok.ro\/2024\/retrospektiv-kiallitason-elevenednek-meg-t-szucs-ilona-es-toth-laszlo-muvei\/","url":"https:\/\/magyarnapok.ro\/2024\/retrospektiv-kiallitason-elevenednek-meg-t-szucs-ilona-es-toth-laszlo-muvei\/","name":"Retrospekt\u00edv ki\u00e1ll\u00edt\u00e1son elevenednek meg T. Sz\u0171cs Ilona \u00e9s T\u00f3th L\u00e1szl\u00f3 m\u0171vei - Kolozsv\u00e1ri Magyar Napok 2024","isPartOf":{"@id":"https:\/\/magyarnapok.ro\/2024\/#website"},"primaryImageOfPage":{"@id":"https:\/\/magyarnapok.ro\/2024\/retrospektiv-kiallitason-elevenednek-meg-t-szucs-ilona-es-toth-laszlo-muvei\/#primaryimage"},"image":{"@id":"https:\/\/magyarnapok.ro\/2024\/retrospektiv-kiallitason-elevenednek-meg-t-szucs-ilona-es-toth-laszlo-muvei\/#primaryimage"},"thumbnailUrl":"https:\/\/magyarnapok.ro\/2024\/wp-content\/uploads\/2024\/08\/KMN2024_T_Szucs_Ilona_Toth_Laszlo_20240818_190233_MRD_1971-scaled.jpg","datePublished":"2024-08-19T13:30:10+00:00","dateModified":"2024-08-19T13:32:45+00:00","breadcrumb":{"@id":"https:\/\/magyarnapok.ro\/2024\/retrospektiv-kiallitason-elevenednek-meg-t-szucs-ilona-es-toth-laszlo-muvei\/#breadcrumb"},"inLanguage":"hu","potentialAction":[{"@type":"ReadAction","target":["https:\/\/magyarnapok.ro\/2024\/retrospektiv-kiallitason-elevenednek-meg-t-szucs-ilona-es-toth-laszlo-muvei\/"]}]},{"@type":"ImageObject","inLanguage":"hu","@id":"https:\/\/magyarnapok.ro\/2024\/retrospektiv-kiallitason-elevenednek-meg-t-szucs-ilona-es-toth-laszlo-muvei\/#primaryimage","url":"https:\/\/magyarnapok.ro\/2024\/wp-content\/uploads\/2024\/08\/KMN2024_T_Szucs_Ilona_Toth_Laszlo_20240818_190233_MRD_1971-scaled.jpg","contentUrl":"https:\/\/magyarnapok.ro\/2024\/wp-content\/uploads\/2024\/08\/KMN2024_T_Szucs_Ilona_Toth_Laszlo_20240818_190233_MRD_1971-scaled.jpg","width":2560,"height":1709},{"@type":"BreadcrumbList","@id":"https:\/\/magyarnapok.ro\/2024\/retrospektiv-kiallitason-elevenednek-meg-t-szucs-ilona-es-toth-laszlo-muvei\/#breadcrumb","itemListElement":[{"@type":"ListItem","position":1,"name":"Home","item":"https:\/\/magyarnapok.ro\/2024\/"},{"@type":"ListItem","position":2,"name":"Retrospekt\u00edv ki\u00e1ll\u00edt\u00e1son elevenednek meg T. Sz\u0171cs Ilona \u00e9s T\u00f3th L\u00e1szl\u00f3 m\u0171vei"}]},{"@type":"WebSite","@id":"https:\/\/magyarnapok.ro\/2024\/#website","url":"https:\/\/magyarnapok.ro\/2024\/","name":"Kolozsv\u00e1ri Magyar Napok 2024","description":"A h\u00e9t meg a nyolc\u00e1t!","publisher":{"@id":"https:\/\/magyarnapok.ro\/2024\/#organization"},"potentialAction":[{"@type":"SearchAction","target":{"@type":"EntryPoint","urlTemplate":"https:\/\/magyarnapok.ro\/2024\/?s={search_term_string}"},"query-input":"required name=search_term_string"}],"inLanguage":"hu"},{"@type":"Organization","@id":"https:\/\/magyarnapok.ro\/2024\/#organization","name":"Kolozsv\u00e1ri Magyar Napok","url":"https:\/\/magyarnapok.ro\/2024\/","logo":{"@type":"ImageObject","inLanguage":"hu","@id":"https:\/\/magyarnapok.ro\/2024\/#\/schema\/logo\/image\/","url":"https:\/\/magyarnapok.ro\/2024\/wp-content\/uploads\/2024\/04\/kmn_15_logo.png","contentUrl":"https:\/\/magyarnapok.ro\/2024\/wp-content\/uploads\/2024\/04\/kmn_15_logo.png","width":385,"height":362,"caption":"Kolozsv\u00e1ri Magyar Napok"},"image":{"@id":"https:\/\/magyarnapok.ro\/2024\/#\/schema\/logo\/image\/"},"sameAs":["https:\/\/www.facebook.com\/magyarnapok","https:\/\/www.instagram.com\/magyarnapok\/","https:\/\/www.youtube.com\/c\/KolozsvriMagyarNapok2015"]},{"@type":"Person","@id":"https:\/\/magyarnapok.ro\/2024\/#\/schema\/person\/4f7ca30ab538cb03a3c6146bb39b497e","name":"S\u00e1ri Rom\u00e1n","image":{"@type":"ImageObject","inLanguage":"hu","@id":"https:\/\/magyarnapok.ro\/2024\/#\/schema\/person\/image\/","url":"https:\/\/secure.gravatar.com\/avatar\/91c75dcd2067ce4077834f6e3ece679465c21407b734374f7b1c7962150ba024?s=96&d=mm&r=g","contentUrl":"https:\/\/secure.gravatar.com\/avatar\/91c75dcd2067ce4077834f6e3ece679465c21407b734374f7b1c7962150ba024?s=96&d=mm&r=g","caption":"S\u00e1ri Rom\u00e1n"},"url":"https:\/\/magyarnapok.ro\/2024\/author\/roman-sari\/"}]}},"_links":{"self":[{"href":"https:\/\/magyarnapok.ro\/2024\/wp-json\/wp\/v2\/posts\/3206","targetHints":{"allow":["GET"]}}],"collection":[{"href":"https:\/\/magyarnapok.ro\/2024\/wp-json\/wp\/v2\/posts"}],"about":[{"href":"https:\/\/magyarnapok.ro\/2024\/wp-json\/wp\/v2\/types\/post"}],"author":[{"embeddable":true,"href":"https:\/\/magyarnapok.ro\/2024\/wp-json\/wp\/v2\/users\/8"}],"replies":[{"embeddable":true,"href":"https:\/\/magyarnapok.ro\/2024\/wp-json\/wp\/v2\/comments?post=3206"}],"version-history":[{"count":2,"href":"https:\/\/magyarnapok.ro\/2024\/wp-json\/wp\/v2\/posts\/3206\/revisions"}],"predecessor-version":[{"id":3209,"href":"https:\/\/magyarnapok.ro\/2024\/wp-json\/wp\/v2\/posts\/3206\/revisions\/3209"}],"wp:featuredmedia":[{"embeddable":true,"href":"https:\/\/magyarnapok.ro\/2024\/wp-json\/wp\/v2\/media\/3207"}],"wp:attachment":[{"href":"https:\/\/magyarnapok.ro\/2024\/wp-json\/wp\/v2\/media?parent=3206"}],"wp:term":[{"taxonomy":"category","embeddable":true,"href":"https:\/\/magyarnapok.ro\/2024\/wp-json\/wp\/v2\/categories?post=3206"},{"taxonomy":"post_tag","embeddable":true,"href":"https:\/\/magyarnapok.ro\/2024\/wp-json\/wp\/v2\/tags?post=3206"}],"curies":[{"name":"wp","href":"https:\/\/api.w.org\/{rel}","templated":true}]}}