{"id":3260,"date":"2024-08-20T18:38:49","date_gmt":"2024-08-20T15:38:49","guid":{"rendered":"https:\/\/magyarnapok.ro\/2024\/?p=3260"},"modified":"2024-08-20T18:38:50","modified_gmt":"2024-08-20T15:38:50","slug":"kozos-ertekeinkert-es-fejlodesunkert-kuzdenek-a-regionalizacio-zaszlovivoi","status":"publish","type":"post","link":"https:\/\/magyarnapok.ro\/2024\/kozos-ertekeinkert-es-fejlodesunkert-kuzdenek-a-regionalizacio-zaszlovivoi\/","title":{"rendered":"K\u00f6z\u00f6s \u00e9rt\u00e9keink\u00e9rt \u00e9s fejl\u0151d\u00e9s\u00fcnk\u00e9rt k\u00fczdenek a regionaliz\u00e1ci\u00f3 z\u00e1szl\u00f3viv\u0151i"},"content":{"rendered":"\n<p>Transzilvanizmusr\u00f3l, a r\u00e9gi\u00f3k elhanyagolts\u00e1g\u00e1r\u00f3l \u00e9s egy\u00e9b fontos k\u00e9rd\u00e9sekr\u0151l is sz\u00f3 esett a Magyar Napok h\u00e9tf\u0151 d\u00e9lel\u0151tti kerekasztal-besz\u00e9lget\u00e9s\u00e9n. A TEUS egyes\u00fclet tagjai \u00e9s t\u00e1mogat\u00f3i k\u00e1ros ir\u00e1nynak tarj\u00e1k a nacionalista centraliz\u00e1ci\u00f3t, helyette a K\u00e1rp\u00e1t-medence n\u00e9peinek k\u00f6z\u00f6s, m\u00faltbeli tapasztalatait helyezn\u00e9k el\u0151t\u00e9rbe.<\/p>\n\n\n\n<p>Az els\u0151 h\u00e9tv\u00e9ge kultur\u00e1lis programjai ut\u00e1n h\u00e9tf\u0151n \u00e9rdekes t\u00e9m\u00e1kat \u00e9rint\u0151 k\u00f6z\u00e9leti besz\u00e9lget\u00e9st is szerveztek a 15. Kolozsv\u00e1ri Magyar Napokon.<\/p>\n\n\n\n<p>A TEUS \u2013 Transilvania Noastr\u0103 \u2013 Erd\u00e9ly\u00fcnk \u2013 Unser Siebenb\u00fcrgen nev\u0171 regionalista egyes\u00fclet tagjai a transzilvanizmus ir\u00e1nyzat\u00e1nak terjeszt\u00e9s\u00e9\u00e9rt \u00e9s a k\u00f6z\u00f6s \u00e9rt\u00e9kek meg\u0151rz\u00e9s\u00e9\u00e9rt dolgoznak. A B\u00e1nffy-palota Tornitza term\u00e9ben besz\u00e9ltek c\u00e9ljaikr\u00f3l \u00e9s t\u00f6rekv\u00e9seikr\u0151l.<\/p>\n\n\n\n<p>\u201eK\u00e1r lenne csak az\u00e9rt nem profit\u00e1lni az \u00e9vsz\u00e1zadokig egym\u00e1ssal egy\u00fctt \u00e9l\u0151 n\u00e9pek k\u00f6z\u00f6s m\u00faltj\u00e1b\u00f3l, mert egyes emberek nem \u00e9rtik meg a helyzetet. Nem hiszem, hogy l\u00e9tezne olyan eur\u00f3pai nemzet, amelynek ne \u00e9ln\u00e9nek tagjai Erd\u00e9lyben\u201d \u2013 emelte ki a transzilvanizmussal kapcsolatban Tudor Duic\u0103, az egyes\u00fclet eln\u00f6ke. Az ir\u00e1nyzat r\u00f6vid t\u00f6rt\u00e9neti ismertet\u00e9s\u00e9t k\u00f6vet\u0151en kit\u00e9rt arra is, hogy a rom\u00e1n nacionalista gondolkod\u00e1s \u00e9rv\u00e9nyes\u00fcl\u00e9se h\u00e1tt\u00e9rbe helyezi a kisebbs\u00e9geket a t\u00f6bbs\u00e9ggel szemben, ami k\u00f6z\u00f6s \u00e9rt\u00e9keinknek is \u00e1rt.<\/p>\n\n\n\n<p>\u201eVannak a m\u00faltb\u00f3l olyan tapasztalataink, amelyeket ismern\u00fcnk kellene, \u00e9s seg\u00edteni tudn\u00e1nak az aktu\u00e1lis probl\u00e9m\u00e1k megold\u00e1s\u00e1ban. A t\u00f6rt\u00e9nelemben nem tal\u00e1lunk erre hasonl\u00f3 p\u00e9ld\u00e1t a K\u00e1rp\u00e1tokon k\u00edv\u00fcl \u00e9l\u0151 n\u00e9pek eset\u00e9ben\u201d \u2013 hangs\u00falyozta megsz\u00f3lal\u00e1s\u00e1ban Hora\u021biu Damian t\u00f6rt\u00e9n\u00e9sz, aki fontos c\u00e9lnak tartja a decentraliz\u00e1ci\u00f3 \u00e9s a reginaliz\u00e1ci\u00f3 gondolat\u00e1nak sz\u00e9lesk\u00f6r\u0171 n\u00e9pszer\u0171s\u00edt\u00e9s\u00e9t.<\/p>\n\n\n\n<p>K\u00e9s\u0151bb Lucian Fleser v\u00e1llalkoz\u00f3 t\u00e9rt ki hivatalos statisztikai adatokat felhaszn\u00e1lva arra, hogy a centralista megk\u00f6zel\u00edt\u00e9s a f\u0151v\u00e1ros \u00e9s k\u00f6rny\u00e9k\u00e9nek gazdas\u00e1gi \u00e9rdekeit helyezi el\u0151t\u00e9rbe, ami \u00e1rt az \u00f6sszes t\u00f6bbi r\u00e9gi\u00f3 fejl\u0151d\u00e9s\u00e9nek.<\/p>\n\n\n\n<p>R\u00e9szt vett az esem\u00e9nyen a T\u0103\u0219uleasa Social Egyes\u00fclet Via Transilvanica nev\u0171 projektj\u00e9t n\u00e9pszer\u0171s\u00edt\u0151 Paul Borde is, aki t\u00e1rsaival \u00e9s k\u00f6zel t\u00edzezer \u00f6nk\u00e9ntessel egy\u00fctt hozott l\u00e9tre egy olyan t\u00fara\u00fatvonalat, amely sor\u00e1n a turist\u00e1k megismerhetik az erd\u00e9lyi r\u00e9gi\u00f3 t\u00e1jait \u00e9s sz\u00e9ps\u00e9geit.<\/p>\n\n\n\n<p>A besz\u00e9lget\u00e9s v\u00e9g\u00e9n arr\u00f3l is sz\u00f3 esett, fontos lenne a rom\u00e1niai \u00e9s erd\u00e9lyi t\u00f6rt\u00e9nelem hiteles oktat\u00e1sa az orsz\u00e1gban, valamint az, hogy re\u00e1lisan, kisebbs\u00e9gelleness\u00e9g n\u00e9lk\u00fcl mutass\u00e1k be az egym\u00e1s mellett \u00e9l\u0151 n\u00e9pek m\u00faltj\u00e1t.<\/p>\n\n\n\n<p>Gebe Zolt\u00e1n<\/p>\n","protected":false},"excerpt":{"rendered":"<p>Transzilvanizmusr\u00f3l, a r\u00e9gi\u00f3k elhanyagolts\u00e1g\u00e1r\u00f3l \u00e9s egy\u00e9b fontos k\u00e9rd\u00e9sekr\u0151l is sz\u00f3 esett a Magyar Napok h\u00e9tf\u0151 d\u00e9lel\u0151tti kerekasztal-besz\u00e9lget\u00e9s\u00e9n.<\/p>\n","protected":false},"author":8,"featured_media":3261,"comment_status":"closed","ping_status":"open","sticky":false,"template":"","format":"standard","meta":{"_acf_changed":false,"footnotes":""},"categories":[1],"tags":[],"class_list":["post-3260","post","type-post","status-publish","format-standard","has-post-thumbnail","hentry","category-egyeb"],"acf":[],"yoast_head":"<!-- This site is optimized with the Yoast SEO plugin v23.0 - https:\/\/yoast.com\/wordpress\/plugins\/seo\/ -->\n<title>K\u00f6z\u00f6s \u00e9rt\u00e9keink\u00e9rt \u00e9s fejl\u0151d\u00e9s\u00fcnk\u00e9rt k\u00fczdenek a regionaliz\u00e1ci\u00f3 z\u00e1szl\u00f3viv\u0151i - Kolozsv\u00e1ri Magyar Napok 2024<\/title>\n<meta name=\"robots\" content=\"index, follow, max-snippet:-1, max-image-preview:large, max-video-preview:-1\" \/>\n<link rel=\"canonical\" href=\"https:\/\/magyarnapok.ro\/2024\/kozos-ertekeinkert-es-fejlodesunkert-kuzdenek-a-regionalizacio-zaszlovivoi\/\" \/>\n<meta property=\"og:locale\" content=\"hu_HU\" \/>\n<meta property=\"og:type\" content=\"article\" \/>\n<meta property=\"og:title\" content=\"K\u00f6z\u00f6s \u00e9rt\u00e9keink\u00e9rt \u00e9s fejl\u0151d\u00e9s\u00fcnk\u00e9rt k\u00fczdenek a regionaliz\u00e1ci\u00f3 z\u00e1szl\u00f3viv\u0151i - Kolozsv\u00e1ri Magyar Napok 2024\" \/>\n<meta property=\"og:description\" content=\"Transzilvanizmusr\u00f3l, a r\u00e9gi\u00f3k elhanyagolts\u00e1g\u00e1r\u00f3l \u00e9s egy\u00e9b fontos k\u00e9rd\u00e9sekr\u0151l is sz\u00f3 esett a Magyar Napok h\u00e9tf\u0151 d\u00e9lel\u0151tti kerekasztal-besz\u00e9lget\u00e9s\u00e9n.\" \/>\n<meta property=\"og:url\" content=\"https:\/\/magyarnapok.ro\/2024\/kozos-ertekeinkert-es-fejlodesunkert-kuzdenek-a-regionalizacio-zaszlovivoi\/\" \/>\n<meta property=\"og:site_name\" content=\"Kolozsv\u00e1ri Magyar Napok 2024\" \/>\n<meta property=\"article:publisher\" content=\"https:\/\/www.facebook.com\/magyarnapok\" \/>\n<meta property=\"article:published_time\" content=\"2024-08-20T15:38:49+00:00\" \/>\n<meta property=\"article:modified_time\" content=\"2024-08-20T15:38:50+00:00\" \/>\n<meta property=\"og:image\" content=\"https:\/\/magyarnapok.ro\/2024\/wp-content\/uploads\/2024\/08\/KMN2024_Erdely-es-regionalizacio-Banffy-palota-Tonitza-terem_20240819_104413_SZZ_3113-scaled.jpg\" \/>\n\t<meta property=\"og:image:width\" content=\"2560\" \/>\n\t<meta property=\"og:image:height\" content=\"1707\" \/>\n\t<meta property=\"og:image:type\" content=\"image\/jpeg\" \/>\n<meta name=\"author\" content=\"S\u00e1ri Rom\u00e1n\" \/>\n<meta name=\"twitter:card\" content=\"summary_large_image\" \/>\n<meta name=\"twitter:label1\" content=\"Szerz\u0151:\" \/>\n\t<meta name=\"twitter:data1\" content=\"S\u00e1ri Rom\u00e1n\" \/>\n\t<meta name=\"twitter:label2\" content=\"Becs\u00fclt olvas\u00e1si id\u0151\" \/>\n\t<meta name=\"twitter:data2\" content=\"2 perc\" \/>\n<script type=\"application\/ld+json\" class=\"yoast-schema-graph\">{\"@context\":\"https:\/\/schema.org\",\"@graph\":[{\"@type\":\"Article\",\"@id\":\"https:\/\/magyarnapok.ro\/2024\/kozos-ertekeinkert-es-fejlodesunkert-kuzdenek-a-regionalizacio-zaszlovivoi\/#article\",\"isPartOf\":{\"@id\":\"https:\/\/magyarnapok.ro\/2024\/kozos-ertekeinkert-es-fejlodesunkert-kuzdenek-a-regionalizacio-zaszlovivoi\/\"},\"author\":{\"name\":\"S\u00e1ri Rom\u00e1n\",\"@id\":\"https:\/\/magyarnapok.ro\/2024\/#\/schema\/person\/4f7ca30ab538cb03a3c6146bb39b497e\"},\"headline\":\"K\u00f6z\u00f6s \u00e9rt\u00e9keink\u00e9rt \u00e9s fejl\u0151d\u00e9s\u00fcnk\u00e9rt k\u00fczdenek a regionaliz\u00e1ci\u00f3 z\u00e1szl\u00f3viv\u0151i\",\"datePublished\":\"2024-08-20T15:38:49+00:00\",\"dateModified\":\"2024-08-20T15:38:50+00:00\",\"mainEntityOfPage\":{\"@id\":\"https:\/\/magyarnapok.ro\/2024\/kozos-ertekeinkert-es-fejlodesunkert-kuzdenek-a-regionalizacio-zaszlovivoi\/\"},\"wordCount\":539,\"publisher\":{\"@id\":\"https:\/\/magyarnapok.ro\/2024\/#organization\"},\"image\":{\"@id\":\"https:\/\/magyarnapok.ro\/2024\/kozos-ertekeinkert-es-fejlodesunkert-kuzdenek-a-regionalizacio-zaszlovivoi\/#primaryimage\"},\"thumbnailUrl\":\"https:\/\/magyarnapok.ro\/2024\/wp-content\/uploads\/2024\/08\/KMN2024_Erdely-es-regionalizacio-Banffy-palota-Tonitza-terem_20240819_104413_SZZ_3113-scaled.jpg\",\"inLanguage\":\"hu\"},{\"@type\":\"WebPage\",\"@id\":\"https:\/\/magyarnapok.ro\/2024\/kozos-ertekeinkert-es-fejlodesunkert-kuzdenek-a-regionalizacio-zaszlovivoi\/\",\"url\":\"https:\/\/magyarnapok.ro\/2024\/kozos-ertekeinkert-es-fejlodesunkert-kuzdenek-a-regionalizacio-zaszlovivoi\/\",\"name\":\"K\u00f6z\u00f6s \u00e9rt\u00e9keink\u00e9rt \u00e9s fejl\u0151d\u00e9s\u00fcnk\u00e9rt k\u00fczdenek a regionaliz\u00e1ci\u00f3 z\u00e1szl\u00f3viv\u0151i - Kolozsv\u00e1ri Magyar Napok 2024\",\"isPartOf\":{\"@id\":\"https:\/\/magyarnapok.ro\/2024\/#website\"},\"primaryImageOfPage\":{\"@id\":\"https:\/\/magyarnapok.ro\/2024\/kozos-ertekeinkert-es-fejlodesunkert-kuzdenek-a-regionalizacio-zaszlovivoi\/#primaryimage\"},\"image\":{\"@id\":\"https:\/\/magyarnapok.ro\/2024\/kozos-ertekeinkert-es-fejlodesunkert-kuzdenek-a-regionalizacio-zaszlovivoi\/#primaryimage\"},\"thumbnailUrl\":\"https:\/\/magyarnapok.ro\/2024\/wp-content\/uploads\/2024\/08\/KMN2024_Erdely-es-regionalizacio-Banffy-palota-Tonitza-terem_20240819_104413_SZZ_3113-scaled.jpg\",\"datePublished\":\"2024-08-20T15:38:49+00:00\",\"dateModified\":\"2024-08-20T15:38:50+00:00\",\"breadcrumb\":{\"@id\":\"https:\/\/magyarnapok.ro\/2024\/kozos-ertekeinkert-es-fejlodesunkert-kuzdenek-a-regionalizacio-zaszlovivoi\/#breadcrumb\"},\"inLanguage\":\"hu\",\"potentialAction\":[{\"@type\":\"ReadAction\",\"target\":[\"https:\/\/magyarnapok.ro\/2024\/kozos-ertekeinkert-es-fejlodesunkert-kuzdenek-a-regionalizacio-zaszlovivoi\/\"]}]},{\"@type\":\"ImageObject\",\"inLanguage\":\"hu\",\"@id\":\"https:\/\/magyarnapok.ro\/2024\/kozos-ertekeinkert-es-fejlodesunkert-kuzdenek-a-regionalizacio-zaszlovivoi\/#primaryimage\",\"url\":\"https:\/\/magyarnapok.ro\/2024\/wp-content\/uploads\/2024\/08\/KMN2024_Erdely-es-regionalizacio-Banffy-palota-Tonitza-terem_20240819_104413_SZZ_3113-scaled.jpg\",\"contentUrl\":\"https:\/\/magyarnapok.ro\/2024\/wp-content\/uploads\/2024\/08\/KMN2024_Erdely-es-regionalizacio-Banffy-palota-Tonitza-terem_20240819_104413_SZZ_3113-scaled.jpg\",\"width\":2560,\"height\":1707},{\"@type\":\"BreadcrumbList\",\"@id\":\"https:\/\/magyarnapok.ro\/2024\/kozos-ertekeinkert-es-fejlodesunkert-kuzdenek-a-regionalizacio-zaszlovivoi\/#breadcrumb\",\"itemListElement\":[{\"@type\":\"ListItem\",\"position\":1,\"name\":\"Home\",\"item\":\"https:\/\/magyarnapok.ro\/2024\/\"},{\"@type\":\"ListItem\",\"position\":2,\"name\":\"K\u00f6z\u00f6s \u00e9rt\u00e9keink\u00e9rt \u00e9s fejl\u0151d\u00e9s\u00fcnk\u00e9rt k\u00fczdenek a regionaliz\u00e1ci\u00f3 z\u00e1szl\u00f3viv\u0151i\"}]},{\"@type\":\"WebSite\",\"@id\":\"https:\/\/magyarnapok.ro\/2024\/#website\",\"url\":\"https:\/\/magyarnapok.ro\/2024\/\",\"name\":\"Kolozsv\u00e1ri Magyar Napok 2024\",\"description\":\"A h\u00e9t meg a nyolc\u00e1t!\",\"publisher\":{\"@id\":\"https:\/\/magyarnapok.ro\/2024\/#organization\"},\"potentialAction\":[{\"@type\":\"SearchAction\",\"target\":{\"@type\":\"EntryPoint\",\"urlTemplate\":\"https:\/\/magyarnapok.ro\/2024\/?s={search_term_string}\"},\"query-input\":\"required name=search_term_string\"}],\"inLanguage\":\"hu\"},{\"@type\":\"Organization\",\"@id\":\"https:\/\/magyarnapok.ro\/2024\/#organization\",\"name\":\"Kolozsv\u00e1ri Magyar Napok\",\"url\":\"https:\/\/magyarnapok.ro\/2024\/\",\"logo\":{\"@type\":\"ImageObject\",\"inLanguage\":\"hu\",\"@id\":\"https:\/\/magyarnapok.ro\/2024\/#\/schema\/logo\/image\/\",\"url\":\"https:\/\/magyarnapok.ro\/2024\/wp-content\/uploads\/2024\/04\/kmn_15_logo.png\",\"contentUrl\":\"https:\/\/magyarnapok.ro\/2024\/wp-content\/uploads\/2024\/04\/kmn_15_logo.png\",\"width\":385,\"height\":362,\"caption\":\"Kolozsv\u00e1ri Magyar Napok\"},\"image\":{\"@id\":\"https:\/\/magyarnapok.ro\/2024\/#\/schema\/logo\/image\/\"},\"sameAs\":[\"https:\/\/www.facebook.com\/magyarnapok\",\"https:\/\/www.instagram.com\/magyarnapok\/\",\"https:\/\/www.youtube.com\/c\/KolozsvriMagyarNapok2015\"]},{\"@type\":\"Person\",\"@id\":\"https:\/\/magyarnapok.ro\/2024\/#\/schema\/person\/4f7ca30ab538cb03a3c6146bb39b497e\",\"name\":\"S\u00e1ri Rom\u00e1n\",\"image\":{\"@type\":\"ImageObject\",\"inLanguage\":\"hu\",\"@id\":\"https:\/\/magyarnapok.ro\/2024\/#\/schema\/person\/image\/\",\"url\":\"https:\/\/secure.gravatar.com\/avatar\/91c75dcd2067ce4077834f6e3ece679465c21407b734374f7b1c7962150ba024?s=96&d=mm&r=g\",\"contentUrl\":\"https:\/\/secure.gravatar.com\/avatar\/91c75dcd2067ce4077834f6e3ece679465c21407b734374f7b1c7962150ba024?s=96&d=mm&r=g\",\"caption\":\"S\u00e1ri Rom\u00e1n\"},\"url\":\"https:\/\/magyarnapok.ro\/2024\/author\/roman-sari\/\"}]}<\/script>\n<!-- \/ Yoast SEO plugin. -->","yoast_head_json":{"title":"K\u00f6z\u00f6s \u00e9rt\u00e9keink\u00e9rt \u00e9s fejl\u0151d\u00e9s\u00fcnk\u00e9rt k\u00fczdenek a regionaliz\u00e1ci\u00f3 z\u00e1szl\u00f3viv\u0151i - Kolozsv\u00e1ri Magyar Napok 2024","robots":{"index":"index","follow":"follow","max-snippet":"max-snippet:-1","max-image-preview":"max-image-preview:large","max-video-preview":"max-video-preview:-1"},"canonical":"https:\/\/magyarnapok.ro\/2024\/kozos-ertekeinkert-es-fejlodesunkert-kuzdenek-a-regionalizacio-zaszlovivoi\/","og_locale":"hu_HU","og_type":"article","og_title":"K\u00f6z\u00f6s \u00e9rt\u00e9keink\u00e9rt \u00e9s fejl\u0151d\u00e9s\u00fcnk\u00e9rt k\u00fczdenek a regionaliz\u00e1ci\u00f3 z\u00e1szl\u00f3viv\u0151i - Kolozsv\u00e1ri Magyar Napok 2024","og_description":"Transzilvanizmusr\u00f3l, a r\u00e9gi\u00f3k elhanyagolts\u00e1g\u00e1r\u00f3l \u00e9s egy\u00e9b fontos k\u00e9rd\u00e9sekr\u0151l is sz\u00f3 esett a Magyar Napok h\u00e9tf\u0151 d\u00e9lel\u0151tti kerekasztal-besz\u00e9lget\u00e9s\u00e9n.","og_url":"https:\/\/magyarnapok.ro\/2024\/kozos-ertekeinkert-es-fejlodesunkert-kuzdenek-a-regionalizacio-zaszlovivoi\/","og_site_name":"Kolozsv\u00e1ri Magyar Napok 2024","article_publisher":"https:\/\/www.facebook.com\/magyarnapok","article_published_time":"2024-08-20T15:38:49+00:00","article_modified_time":"2024-08-20T15:38:50+00:00","og_image":[{"width":2560,"height":1707,"url":"https:\/\/magyarnapok.ro\/2024\/wp-content\/uploads\/2024\/08\/KMN2024_Erdely-es-regionalizacio-Banffy-palota-Tonitza-terem_20240819_104413_SZZ_3113-scaled.jpg","type":"image\/jpeg"}],"author":"S\u00e1ri Rom\u00e1n","twitter_card":"summary_large_image","twitter_misc":{"Szerz\u0151:":"S\u00e1ri Rom\u00e1n","Becs\u00fclt olvas\u00e1si id\u0151":"2 perc"},"schema":{"@context":"https:\/\/schema.org","@graph":[{"@type":"Article","@id":"https:\/\/magyarnapok.ro\/2024\/kozos-ertekeinkert-es-fejlodesunkert-kuzdenek-a-regionalizacio-zaszlovivoi\/#article","isPartOf":{"@id":"https:\/\/magyarnapok.ro\/2024\/kozos-ertekeinkert-es-fejlodesunkert-kuzdenek-a-regionalizacio-zaszlovivoi\/"},"author":{"name":"S\u00e1ri Rom\u00e1n","@id":"https:\/\/magyarnapok.ro\/2024\/#\/schema\/person\/4f7ca30ab538cb03a3c6146bb39b497e"},"headline":"K\u00f6z\u00f6s \u00e9rt\u00e9keink\u00e9rt \u00e9s fejl\u0151d\u00e9s\u00fcnk\u00e9rt k\u00fczdenek a regionaliz\u00e1ci\u00f3 z\u00e1szl\u00f3viv\u0151i","datePublished":"2024-08-20T15:38:49+00:00","dateModified":"2024-08-20T15:38:50+00:00","mainEntityOfPage":{"@id":"https:\/\/magyarnapok.ro\/2024\/kozos-ertekeinkert-es-fejlodesunkert-kuzdenek-a-regionalizacio-zaszlovivoi\/"},"wordCount":539,"publisher":{"@id":"https:\/\/magyarnapok.ro\/2024\/#organization"},"image":{"@id":"https:\/\/magyarnapok.ro\/2024\/kozos-ertekeinkert-es-fejlodesunkert-kuzdenek-a-regionalizacio-zaszlovivoi\/#primaryimage"},"thumbnailUrl":"https:\/\/magyarnapok.ro\/2024\/wp-content\/uploads\/2024\/08\/KMN2024_Erdely-es-regionalizacio-Banffy-palota-Tonitza-terem_20240819_104413_SZZ_3113-scaled.jpg","inLanguage":"hu"},{"@type":"WebPage","@id":"https:\/\/magyarnapok.ro\/2024\/kozos-ertekeinkert-es-fejlodesunkert-kuzdenek-a-regionalizacio-zaszlovivoi\/","url":"https:\/\/magyarnapok.ro\/2024\/kozos-ertekeinkert-es-fejlodesunkert-kuzdenek-a-regionalizacio-zaszlovivoi\/","name":"K\u00f6z\u00f6s \u00e9rt\u00e9keink\u00e9rt \u00e9s fejl\u0151d\u00e9s\u00fcnk\u00e9rt k\u00fczdenek a regionaliz\u00e1ci\u00f3 z\u00e1szl\u00f3viv\u0151i - Kolozsv\u00e1ri Magyar Napok 2024","isPartOf":{"@id":"https:\/\/magyarnapok.ro\/2024\/#website"},"primaryImageOfPage":{"@id":"https:\/\/magyarnapok.ro\/2024\/kozos-ertekeinkert-es-fejlodesunkert-kuzdenek-a-regionalizacio-zaszlovivoi\/#primaryimage"},"image":{"@id":"https:\/\/magyarnapok.ro\/2024\/kozos-ertekeinkert-es-fejlodesunkert-kuzdenek-a-regionalizacio-zaszlovivoi\/#primaryimage"},"thumbnailUrl":"https:\/\/magyarnapok.ro\/2024\/wp-content\/uploads\/2024\/08\/KMN2024_Erdely-es-regionalizacio-Banffy-palota-Tonitza-terem_20240819_104413_SZZ_3113-scaled.jpg","datePublished":"2024-08-20T15:38:49+00:00","dateModified":"2024-08-20T15:38:50+00:00","breadcrumb":{"@id":"https:\/\/magyarnapok.ro\/2024\/kozos-ertekeinkert-es-fejlodesunkert-kuzdenek-a-regionalizacio-zaszlovivoi\/#breadcrumb"},"inLanguage":"hu","potentialAction":[{"@type":"ReadAction","target":["https:\/\/magyarnapok.ro\/2024\/kozos-ertekeinkert-es-fejlodesunkert-kuzdenek-a-regionalizacio-zaszlovivoi\/"]}]},{"@type":"ImageObject","inLanguage":"hu","@id":"https:\/\/magyarnapok.ro\/2024\/kozos-ertekeinkert-es-fejlodesunkert-kuzdenek-a-regionalizacio-zaszlovivoi\/#primaryimage","url":"https:\/\/magyarnapok.ro\/2024\/wp-content\/uploads\/2024\/08\/KMN2024_Erdely-es-regionalizacio-Banffy-palota-Tonitza-terem_20240819_104413_SZZ_3113-scaled.jpg","contentUrl":"https:\/\/magyarnapok.ro\/2024\/wp-content\/uploads\/2024\/08\/KMN2024_Erdely-es-regionalizacio-Banffy-palota-Tonitza-terem_20240819_104413_SZZ_3113-scaled.jpg","width":2560,"height":1707},{"@type":"BreadcrumbList","@id":"https:\/\/magyarnapok.ro\/2024\/kozos-ertekeinkert-es-fejlodesunkert-kuzdenek-a-regionalizacio-zaszlovivoi\/#breadcrumb","itemListElement":[{"@type":"ListItem","position":1,"name":"Home","item":"https:\/\/magyarnapok.ro\/2024\/"},{"@type":"ListItem","position":2,"name":"K\u00f6z\u00f6s \u00e9rt\u00e9keink\u00e9rt \u00e9s fejl\u0151d\u00e9s\u00fcnk\u00e9rt k\u00fczdenek a regionaliz\u00e1ci\u00f3 z\u00e1szl\u00f3viv\u0151i"}]},{"@type":"WebSite","@id":"https:\/\/magyarnapok.ro\/2024\/#website","url":"https:\/\/magyarnapok.ro\/2024\/","name":"Kolozsv\u00e1ri Magyar Napok 2024","description":"A h\u00e9t meg a nyolc\u00e1t!","publisher":{"@id":"https:\/\/magyarnapok.ro\/2024\/#organization"},"potentialAction":[{"@type":"SearchAction","target":{"@type":"EntryPoint","urlTemplate":"https:\/\/magyarnapok.ro\/2024\/?s={search_term_string}"},"query-input":"required name=search_term_string"}],"inLanguage":"hu"},{"@type":"Organization","@id":"https:\/\/magyarnapok.ro\/2024\/#organization","name":"Kolozsv\u00e1ri Magyar Napok","url":"https:\/\/magyarnapok.ro\/2024\/","logo":{"@type":"ImageObject","inLanguage":"hu","@id":"https:\/\/magyarnapok.ro\/2024\/#\/schema\/logo\/image\/","url":"https:\/\/magyarnapok.ro\/2024\/wp-content\/uploads\/2024\/04\/kmn_15_logo.png","contentUrl":"https:\/\/magyarnapok.ro\/2024\/wp-content\/uploads\/2024\/04\/kmn_15_logo.png","width":385,"height":362,"caption":"Kolozsv\u00e1ri Magyar Napok"},"image":{"@id":"https:\/\/magyarnapok.ro\/2024\/#\/schema\/logo\/image\/"},"sameAs":["https:\/\/www.facebook.com\/magyarnapok","https:\/\/www.instagram.com\/magyarnapok\/","https:\/\/www.youtube.com\/c\/KolozsvriMagyarNapok2015"]},{"@type":"Person","@id":"https:\/\/magyarnapok.ro\/2024\/#\/schema\/person\/4f7ca30ab538cb03a3c6146bb39b497e","name":"S\u00e1ri Rom\u00e1n","image":{"@type":"ImageObject","inLanguage":"hu","@id":"https:\/\/magyarnapok.ro\/2024\/#\/schema\/person\/image\/","url":"https:\/\/secure.gravatar.com\/avatar\/91c75dcd2067ce4077834f6e3ece679465c21407b734374f7b1c7962150ba024?s=96&d=mm&r=g","contentUrl":"https:\/\/secure.gravatar.com\/avatar\/91c75dcd2067ce4077834f6e3ece679465c21407b734374f7b1c7962150ba024?s=96&d=mm&r=g","caption":"S\u00e1ri Rom\u00e1n"},"url":"https:\/\/magyarnapok.ro\/2024\/author\/roman-sari\/"}]}},"_links":{"self":[{"href":"https:\/\/magyarnapok.ro\/2024\/wp-json\/wp\/v2\/posts\/3260","targetHints":{"allow":["GET"]}}],"collection":[{"href":"https:\/\/magyarnapok.ro\/2024\/wp-json\/wp\/v2\/posts"}],"about":[{"href":"https:\/\/magyarnapok.ro\/2024\/wp-json\/wp\/v2\/types\/post"}],"author":[{"embeddable":true,"href":"https:\/\/magyarnapok.ro\/2024\/wp-json\/wp\/v2\/users\/8"}],"replies":[{"embeddable":true,"href":"https:\/\/magyarnapok.ro\/2024\/wp-json\/wp\/v2\/comments?post=3260"}],"version-history":[{"count":1,"href":"https:\/\/magyarnapok.ro\/2024\/wp-json\/wp\/v2\/posts\/3260\/revisions"}],"predecessor-version":[{"id":3262,"href":"https:\/\/magyarnapok.ro\/2024\/wp-json\/wp\/v2\/posts\/3260\/revisions\/3262"}],"wp:featuredmedia":[{"embeddable":true,"href":"https:\/\/magyarnapok.ro\/2024\/wp-json\/wp\/v2\/media\/3261"}],"wp:attachment":[{"href":"https:\/\/magyarnapok.ro\/2024\/wp-json\/wp\/v2\/media?parent=3260"}],"wp:term":[{"taxonomy":"category","embeddable":true,"href":"https:\/\/magyarnapok.ro\/2024\/wp-json\/wp\/v2\/categories?post=3260"},{"taxonomy":"post_tag","embeddable":true,"href":"https:\/\/magyarnapok.ro\/2024\/wp-json\/wp\/v2\/tags?post=3260"}],"curies":[{"name":"wp","href":"https:\/\/api.w.org\/{rel}","templated":true}]}}