{"id":3263,"date":"2024-08-20T18:41:41","date_gmt":"2024-08-20T15:41:41","guid":{"rendered":"https:\/\/magyarnapok.ro\/2024\/?p=3263"},"modified":"2024-08-20T18:41:42","modified_gmt":"2024-08-20T15:41:42","slug":"javaban-duborog-a-xiv-kolozsvari-magyar-filmnapok","status":"publish","type":"post","link":"https:\/\/magyarnapok.ro\/2024\/javaban-duborog-a-xiv-kolozsvari-magyar-filmnapok\/","title":{"rendered":"Jav\u00e1ban d\u00fcb\u00f6r\u00f6g a XIV. Kolozsv\u00e1ri Magyar Filmnapok"},"content":{"rendered":"\n<p>H\u00e9tf\u0151 d\u00e9lut\u00e1n vette kezdet\u00e9t a XIV. Kolozsv\u00e1ri Magyar Filmnapok a magyar nyelv\u0171 n\u00e9mafilmgy\u00e1rt\u00e1s egykori fellegv\u00e1r\u00e1ban.<\/p>\n\n\n\n<p>A Tranzit Alap\u00edtv\u00e1ny szervez\u00e9s\u00e9ben \u00e9s a Magyar Film \u00e9s M\u00e9dia Int\u00e9zet, a BBTE Sz\u00ednh\u00e1z \u00e9s Film Kar, a Filmtett, a Kolozsv\u00e1ri Telev\u00edzi\u00f3, a Minimum Party, a Sapientia Erd\u00e9lyi Magyar Tudom\u00e1nyegyetem \u00e9s a Video Pontes t\u00e1rsszervez\u0151k seg\u00edts\u00e9g\u00e9vel l\u00e9trej\u00f6tt rendezv\u00e9nysorozat augusztus 24-ig v\u00e1rja v\u00e1ltozatos filmes programokkal az \u00e9rdekl\u0151d\u0151ket. A programok \u00f6sszek\u00f6t\u0151 eleme a szervez\u0151k szerint k\u00e9t kulcsfogalom: Kolozsv\u00e1r \u00e9s film. Ebbe belef\u00e9rnek kolozsv\u00e1ri (k\u00f6t\u0151d\u00e9s\u0171) filmek \u00e9s filmzen\u00e9k minden m\u0171fajban, a n\u00e9mafilm kor\u00e1t\u00f3l eg\u00e9szen napjainkig, de a Kolozsv\u00e1rt \u00e9s az itteni figur\u00e1kat megjelen\u00edt\u0151 filmek a nagyvil\u00e1gb\u00f3l is.<\/p>\n\n\n\n<p>A szervez\u0151k augusztus 24. szombatig minden d\u00e9lut\u00e1n\/este v\u00e1rj\u00e1k a filmrajong\u00f3kat a Tranzit H\u00e1zban (Malom\/George Bari\u021biu utca 16 sz\u00e1m). Kedden (augusztus 20.) 17 \u00f3r\u00e1t\u00f3l r\u00f6vidfilm v\u00e1logat\u00e1st fognak vet\u00edteni \u201ea Sapi \u00fajabb filmjeib\u0151l\u201d, ezt 19 \u00f3r\u00e1t\u00f3l filmzenekoncert k\u00f6veti majd 20:30-t\u00f3l a Lefkovics\u00e9k gy\u00e1szolnak c\u00edm\u0171 film vet\u00edt\u00e9se. Szerd\u00e1n (augusztus 21.) 17 \u00f3r\u00e1t\u00f3l a BBTE filmes di\u00e1kjai veszik \u00e1t a staf\u00e9t\u00e1t, az \u0151 filmjeiket fogj\u00e1k vet\u00edteni, 21 \u00f3r\u00e1t\u00f3l pedig Moldovai Katalin nemzetk\u00f6zi sikereket el\u00e9rt Elfogy a leveg\u0151 c\u00edm\u0171 filmdr\u00e1m\u00e1j\u00e1t. Cs\u00fct\u00f6rt\u00f6k (augusztus 22.) a kolozsv\u00e1ri dokumentumfilmek napja, 17 \u00f3r\u00e1t\u00f3l A Szent Mih\u00e1ly pl\u00e9b\u00e1niatemplom restaur\u00e1l\u00e1si munk\u00e1latai c\u00edm\u0171 film seg\u00edts\u00e9g\u00e9vel ker\u00fclhetnek k\u00e9pbe Kolozsv\u00e1r k\u00f6zelm\u00faltj\u00e1nak egy nagyon fontos esem\u00e9ny\u00e9vel, 18 \u00f3r\u00e1t\u00f3l a Sz\u00e9kelyek a Duna-delt\u00e1ban c\u00edm\u0171 dokumentumfilmet l\u00e1thatj\u00e1k, 19 \u00f3r\u00e1t\u00f3l Gaal Gy\u00f6rgyr\u0151l sz\u00f3l\u00f3 portr\u00e9filmet, az est\u00e9t pedig 21 \u00f3r\u00e1t\u00f3l a Pelicule de familie c\u00edm\u0171 rom\u00e1n nyelv\u0171, magyarul feliratozott csal\u00e1di film z\u00e1rja. P\u00e9nteken (augusztus 23.) 17 \u00f3r\u00e1t\u00f3l a 19. Filmtett Workshop filmjeit vet\u00edtik, 21 \u00f3r\u00e1t\u00f3l pedig Lakatos Miska T\u0151lem tudj\u00e1tok meg c\u00edm\u0171, 6 sz\u00e9kelykereszt\u00far k\u00f6rny\u00e9ki roma \u00e9let\u00e9t feldolgoz\u00f3 filmj\u00e9t. A filmnapok z\u00e1r\u00e1sa a szombati (augusztus 24.) klezmer-est \u00e9s jiddis dalok koncert 21 \u00f3rai kezdettel.<\/p>\n\n\n\n<p>A Kolozsv\u00e1ri Magyar Filmnapok nem csak azok sz\u00e1m\u00e1ra izgalmas sz\u00f3rakoz\u00e1s (bizonyos filmek eset\u00e9n tal\u00e1n ink\u00e1bb lelki hull\u00e1mvas\u00fat), akik a helyi filmek v\u00e1jtf\u00fcl\u0171 szak\u00e9rt\u0151i, de azoknak is garant\u00e1ltan tud \u00fajat mutatni, akik szerint az igazi film Amerik\u00e1ban lakik. A k\u00f6vetkez\u0151 6 napra ugyanis az \u201eigazi film\u201d a Szamos parti Tranzit H\u00e1zba k\u00f6lt\u00f6z\u00f6tt.<\/p>\n\n\n\n<p>Bal\u00e1zs Hanna Imola<\/p>\n","protected":false},"excerpt":{"rendered":"<p>H\u00e9tf\u0151 d\u00e9lut\u00e1n vette kezdet\u00e9t a XIV. Kolozsv\u00e1ri Magyar Filmnapok a magyar nyelv\u0171 n\u00e9mafilmgy\u00e1rt\u00e1s egykori fellegv\u00e1r\u00e1ban.<\/p>\n","protected":false},"author":8,"featured_media":3264,"comment_status":"closed","ping_status":"open","sticky":false,"template":"","format":"standard","meta":{"_acf_changed":false,"footnotes":""},"categories":[1],"tags":[],"class_list":["post-3263","post","type-post","status-publish","format-standard","has-post-thumbnail","hentry","category-egyeb"],"acf":[],"yoast_head":"<!-- This site is optimized with the Yoast SEO plugin v23.0 - https:\/\/yoast.com\/wordpress\/plugins\/seo\/ -->\n<title>Jav\u00e1ban d\u00fcb\u00f6r\u00f6g a XIV. Kolozsv\u00e1ri Magyar Filmnapok - Kolozsv\u00e1ri Magyar Napok 2024<\/title>\n<meta name=\"robots\" content=\"index, follow, max-snippet:-1, max-image-preview:large, max-video-preview:-1\" \/>\n<link rel=\"canonical\" href=\"https:\/\/magyarnapok.ro\/2024\/javaban-duborog-a-xiv-kolozsvari-magyar-filmnapok\/\" \/>\n<meta property=\"og:locale\" content=\"hu_HU\" \/>\n<meta property=\"og:type\" content=\"article\" \/>\n<meta property=\"og:title\" content=\"Jav\u00e1ban d\u00fcb\u00f6r\u00f6g a XIV. Kolozsv\u00e1ri Magyar Filmnapok - Kolozsv\u00e1ri Magyar Napok 2024\" \/>\n<meta property=\"og:description\" content=\"H\u00e9tf\u0151 d\u00e9lut\u00e1n vette kezdet\u00e9t a XIV. Kolozsv\u00e1ri Magyar Filmnapok a magyar nyelv\u0171 n\u00e9mafilmgy\u00e1rt\u00e1s egykori fellegv\u00e1r\u00e1ban.\" \/>\n<meta property=\"og:url\" content=\"https:\/\/magyarnapok.ro\/2024\/javaban-duborog-a-xiv-kolozsvari-magyar-filmnapok\/\" \/>\n<meta property=\"og:site_name\" content=\"Kolozsv\u00e1ri Magyar Napok 2024\" \/>\n<meta property=\"article:publisher\" content=\"https:\/\/www.facebook.com\/magyarnapok\" \/>\n<meta property=\"article:published_time\" content=\"2024-08-20T15:41:41+00:00\" \/>\n<meta property=\"article:modified_time\" content=\"2024-08-20T15:41:42+00:00\" \/>\n<meta property=\"og:image\" content=\"https:\/\/magyarnapok.ro\/2024\/wp-content\/uploads\/2024\/08\/kmn2024_Drakula-vetites_0819_214958_2553_PR-scaled.jpg\" \/>\n\t<meta property=\"og:image:width\" content=\"2560\" \/>\n\t<meta property=\"og:image:height\" content=\"1707\" \/>\n\t<meta property=\"og:image:type\" content=\"image\/jpeg\" \/>\n<meta name=\"author\" content=\"S\u00e1ri Rom\u00e1n\" \/>\n<meta name=\"twitter:card\" content=\"summary_large_image\" \/>\n<meta name=\"twitter:label1\" content=\"Szerz\u0151:\" \/>\n\t<meta name=\"twitter:data1\" content=\"S\u00e1ri Rom\u00e1n\" \/>\n\t<meta name=\"twitter:label2\" content=\"Becs\u00fclt olvas\u00e1si id\u0151\" \/>\n\t<meta name=\"twitter:data2\" content=\"2 perc\" \/>\n<script type=\"application\/ld+json\" class=\"yoast-schema-graph\">{\"@context\":\"https:\/\/schema.org\",\"@graph\":[{\"@type\":\"Article\",\"@id\":\"https:\/\/magyarnapok.ro\/2024\/javaban-duborog-a-xiv-kolozsvari-magyar-filmnapok\/#article\",\"isPartOf\":{\"@id\":\"https:\/\/magyarnapok.ro\/2024\/javaban-duborog-a-xiv-kolozsvari-magyar-filmnapok\/\"},\"author\":{\"name\":\"S\u00e1ri Rom\u00e1n\",\"@id\":\"https:\/\/magyarnapok.ro\/2024\/#\/schema\/person\/4f7ca30ab538cb03a3c6146bb39b497e\"},\"headline\":\"Jav\u00e1ban d\u00fcb\u00f6r\u00f6g a XIV. Kolozsv\u00e1ri Magyar Filmnapok\",\"datePublished\":\"2024-08-20T15:41:41+00:00\",\"dateModified\":\"2024-08-20T15:41:42+00:00\",\"mainEntityOfPage\":{\"@id\":\"https:\/\/magyarnapok.ro\/2024\/javaban-duborog-a-xiv-kolozsvari-magyar-filmnapok\/\"},\"wordCount\":498,\"publisher\":{\"@id\":\"https:\/\/magyarnapok.ro\/2024\/#organization\"},\"image\":{\"@id\":\"https:\/\/magyarnapok.ro\/2024\/javaban-duborog-a-xiv-kolozsvari-magyar-filmnapok\/#primaryimage\"},\"thumbnailUrl\":\"https:\/\/magyarnapok.ro\/2024\/wp-content\/uploads\/2024\/08\/kmn2024_Drakula-vetites_0819_214958_2553_PR-scaled.jpg\",\"inLanguage\":\"hu\"},{\"@type\":\"WebPage\",\"@id\":\"https:\/\/magyarnapok.ro\/2024\/javaban-duborog-a-xiv-kolozsvari-magyar-filmnapok\/\",\"url\":\"https:\/\/magyarnapok.ro\/2024\/javaban-duborog-a-xiv-kolozsvari-magyar-filmnapok\/\",\"name\":\"Jav\u00e1ban d\u00fcb\u00f6r\u00f6g a XIV. Kolozsv\u00e1ri Magyar Filmnapok - Kolozsv\u00e1ri Magyar Napok 2024\",\"isPartOf\":{\"@id\":\"https:\/\/magyarnapok.ro\/2024\/#website\"},\"primaryImageOfPage\":{\"@id\":\"https:\/\/magyarnapok.ro\/2024\/javaban-duborog-a-xiv-kolozsvari-magyar-filmnapok\/#primaryimage\"},\"image\":{\"@id\":\"https:\/\/magyarnapok.ro\/2024\/javaban-duborog-a-xiv-kolozsvari-magyar-filmnapok\/#primaryimage\"},\"thumbnailUrl\":\"https:\/\/magyarnapok.ro\/2024\/wp-content\/uploads\/2024\/08\/kmn2024_Drakula-vetites_0819_214958_2553_PR-scaled.jpg\",\"datePublished\":\"2024-08-20T15:41:41+00:00\",\"dateModified\":\"2024-08-20T15:41:42+00:00\",\"breadcrumb\":{\"@id\":\"https:\/\/magyarnapok.ro\/2024\/javaban-duborog-a-xiv-kolozsvari-magyar-filmnapok\/#breadcrumb\"},\"inLanguage\":\"hu\",\"potentialAction\":[{\"@type\":\"ReadAction\",\"target\":[\"https:\/\/magyarnapok.ro\/2024\/javaban-duborog-a-xiv-kolozsvari-magyar-filmnapok\/\"]}]},{\"@type\":\"ImageObject\",\"inLanguage\":\"hu\",\"@id\":\"https:\/\/magyarnapok.ro\/2024\/javaban-duborog-a-xiv-kolozsvari-magyar-filmnapok\/#primaryimage\",\"url\":\"https:\/\/magyarnapok.ro\/2024\/wp-content\/uploads\/2024\/08\/kmn2024_Drakula-vetites_0819_214958_2553_PR-scaled.jpg\",\"contentUrl\":\"https:\/\/magyarnapok.ro\/2024\/wp-content\/uploads\/2024\/08\/kmn2024_Drakula-vetites_0819_214958_2553_PR-scaled.jpg\",\"width\":2560,\"height\":1707},{\"@type\":\"BreadcrumbList\",\"@id\":\"https:\/\/magyarnapok.ro\/2024\/javaban-duborog-a-xiv-kolozsvari-magyar-filmnapok\/#breadcrumb\",\"itemListElement\":[{\"@type\":\"ListItem\",\"position\":1,\"name\":\"Home\",\"item\":\"https:\/\/magyarnapok.ro\/2024\/\"},{\"@type\":\"ListItem\",\"position\":2,\"name\":\"Jav\u00e1ban d\u00fcb\u00f6r\u00f6g a XIV. Kolozsv\u00e1ri Magyar Filmnapok\"}]},{\"@type\":\"WebSite\",\"@id\":\"https:\/\/magyarnapok.ro\/2024\/#website\",\"url\":\"https:\/\/magyarnapok.ro\/2024\/\",\"name\":\"Kolozsv\u00e1ri Magyar Napok 2024\",\"description\":\"A h\u00e9t meg a nyolc\u00e1t!\",\"publisher\":{\"@id\":\"https:\/\/magyarnapok.ro\/2024\/#organization\"},\"potentialAction\":[{\"@type\":\"SearchAction\",\"target\":{\"@type\":\"EntryPoint\",\"urlTemplate\":\"https:\/\/magyarnapok.ro\/2024\/?s={search_term_string}\"},\"query-input\":\"required name=search_term_string\"}],\"inLanguage\":\"hu\"},{\"@type\":\"Organization\",\"@id\":\"https:\/\/magyarnapok.ro\/2024\/#organization\",\"name\":\"Kolozsv\u00e1ri Magyar Napok\",\"url\":\"https:\/\/magyarnapok.ro\/2024\/\",\"logo\":{\"@type\":\"ImageObject\",\"inLanguage\":\"hu\",\"@id\":\"https:\/\/magyarnapok.ro\/2024\/#\/schema\/logo\/image\/\",\"url\":\"https:\/\/magyarnapok.ro\/2024\/wp-content\/uploads\/2024\/04\/kmn_15_logo.png\",\"contentUrl\":\"https:\/\/magyarnapok.ro\/2024\/wp-content\/uploads\/2024\/04\/kmn_15_logo.png\",\"width\":385,\"height\":362,\"caption\":\"Kolozsv\u00e1ri Magyar Napok\"},\"image\":{\"@id\":\"https:\/\/magyarnapok.ro\/2024\/#\/schema\/logo\/image\/\"},\"sameAs\":[\"https:\/\/www.facebook.com\/magyarnapok\",\"https:\/\/www.instagram.com\/magyarnapok\/\",\"https:\/\/www.youtube.com\/c\/KolozsvriMagyarNapok2015\"]},{\"@type\":\"Person\",\"@id\":\"https:\/\/magyarnapok.ro\/2024\/#\/schema\/person\/4f7ca30ab538cb03a3c6146bb39b497e\",\"name\":\"S\u00e1ri Rom\u00e1n\",\"image\":{\"@type\":\"ImageObject\",\"inLanguage\":\"hu\",\"@id\":\"https:\/\/magyarnapok.ro\/2024\/#\/schema\/person\/image\/\",\"url\":\"https:\/\/secure.gravatar.com\/avatar\/91c75dcd2067ce4077834f6e3ece679465c21407b734374f7b1c7962150ba024?s=96&d=mm&r=g\",\"contentUrl\":\"https:\/\/secure.gravatar.com\/avatar\/91c75dcd2067ce4077834f6e3ece679465c21407b734374f7b1c7962150ba024?s=96&d=mm&r=g\",\"caption\":\"S\u00e1ri Rom\u00e1n\"},\"url\":\"https:\/\/magyarnapok.ro\/2024\/author\/roman-sari\/\"}]}<\/script>\n<!-- \/ Yoast SEO plugin. -->","yoast_head_json":{"title":"Jav\u00e1ban d\u00fcb\u00f6r\u00f6g a XIV. Kolozsv\u00e1ri Magyar Filmnapok - Kolozsv\u00e1ri Magyar Napok 2024","robots":{"index":"index","follow":"follow","max-snippet":"max-snippet:-1","max-image-preview":"max-image-preview:large","max-video-preview":"max-video-preview:-1"},"canonical":"https:\/\/magyarnapok.ro\/2024\/javaban-duborog-a-xiv-kolozsvari-magyar-filmnapok\/","og_locale":"hu_HU","og_type":"article","og_title":"Jav\u00e1ban d\u00fcb\u00f6r\u00f6g a XIV. Kolozsv\u00e1ri Magyar Filmnapok - Kolozsv\u00e1ri Magyar Napok 2024","og_description":"H\u00e9tf\u0151 d\u00e9lut\u00e1n vette kezdet\u00e9t a XIV. Kolozsv\u00e1ri Magyar Filmnapok a magyar nyelv\u0171 n\u00e9mafilmgy\u00e1rt\u00e1s egykori fellegv\u00e1r\u00e1ban.","og_url":"https:\/\/magyarnapok.ro\/2024\/javaban-duborog-a-xiv-kolozsvari-magyar-filmnapok\/","og_site_name":"Kolozsv\u00e1ri Magyar Napok 2024","article_publisher":"https:\/\/www.facebook.com\/magyarnapok","article_published_time":"2024-08-20T15:41:41+00:00","article_modified_time":"2024-08-20T15:41:42+00:00","og_image":[{"width":2560,"height":1707,"url":"https:\/\/magyarnapok.ro\/2024\/wp-content\/uploads\/2024\/08\/kmn2024_Drakula-vetites_0819_214958_2553_PR-scaled.jpg","type":"image\/jpeg"}],"author":"S\u00e1ri Rom\u00e1n","twitter_card":"summary_large_image","twitter_misc":{"Szerz\u0151:":"S\u00e1ri Rom\u00e1n","Becs\u00fclt olvas\u00e1si id\u0151":"2 perc"},"schema":{"@context":"https:\/\/schema.org","@graph":[{"@type":"Article","@id":"https:\/\/magyarnapok.ro\/2024\/javaban-duborog-a-xiv-kolozsvari-magyar-filmnapok\/#article","isPartOf":{"@id":"https:\/\/magyarnapok.ro\/2024\/javaban-duborog-a-xiv-kolozsvari-magyar-filmnapok\/"},"author":{"name":"S\u00e1ri Rom\u00e1n","@id":"https:\/\/magyarnapok.ro\/2024\/#\/schema\/person\/4f7ca30ab538cb03a3c6146bb39b497e"},"headline":"Jav\u00e1ban d\u00fcb\u00f6r\u00f6g a XIV. Kolozsv\u00e1ri Magyar Filmnapok","datePublished":"2024-08-20T15:41:41+00:00","dateModified":"2024-08-20T15:41:42+00:00","mainEntityOfPage":{"@id":"https:\/\/magyarnapok.ro\/2024\/javaban-duborog-a-xiv-kolozsvari-magyar-filmnapok\/"},"wordCount":498,"publisher":{"@id":"https:\/\/magyarnapok.ro\/2024\/#organization"},"image":{"@id":"https:\/\/magyarnapok.ro\/2024\/javaban-duborog-a-xiv-kolozsvari-magyar-filmnapok\/#primaryimage"},"thumbnailUrl":"https:\/\/magyarnapok.ro\/2024\/wp-content\/uploads\/2024\/08\/kmn2024_Drakula-vetites_0819_214958_2553_PR-scaled.jpg","inLanguage":"hu"},{"@type":"WebPage","@id":"https:\/\/magyarnapok.ro\/2024\/javaban-duborog-a-xiv-kolozsvari-magyar-filmnapok\/","url":"https:\/\/magyarnapok.ro\/2024\/javaban-duborog-a-xiv-kolozsvari-magyar-filmnapok\/","name":"Jav\u00e1ban d\u00fcb\u00f6r\u00f6g a XIV. Kolozsv\u00e1ri Magyar Filmnapok - Kolozsv\u00e1ri Magyar Napok 2024","isPartOf":{"@id":"https:\/\/magyarnapok.ro\/2024\/#website"},"primaryImageOfPage":{"@id":"https:\/\/magyarnapok.ro\/2024\/javaban-duborog-a-xiv-kolozsvari-magyar-filmnapok\/#primaryimage"},"image":{"@id":"https:\/\/magyarnapok.ro\/2024\/javaban-duborog-a-xiv-kolozsvari-magyar-filmnapok\/#primaryimage"},"thumbnailUrl":"https:\/\/magyarnapok.ro\/2024\/wp-content\/uploads\/2024\/08\/kmn2024_Drakula-vetites_0819_214958_2553_PR-scaled.jpg","datePublished":"2024-08-20T15:41:41+00:00","dateModified":"2024-08-20T15:41:42+00:00","breadcrumb":{"@id":"https:\/\/magyarnapok.ro\/2024\/javaban-duborog-a-xiv-kolozsvari-magyar-filmnapok\/#breadcrumb"},"inLanguage":"hu","potentialAction":[{"@type":"ReadAction","target":["https:\/\/magyarnapok.ro\/2024\/javaban-duborog-a-xiv-kolozsvari-magyar-filmnapok\/"]}]},{"@type":"ImageObject","inLanguage":"hu","@id":"https:\/\/magyarnapok.ro\/2024\/javaban-duborog-a-xiv-kolozsvari-magyar-filmnapok\/#primaryimage","url":"https:\/\/magyarnapok.ro\/2024\/wp-content\/uploads\/2024\/08\/kmn2024_Drakula-vetites_0819_214958_2553_PR-scaled.jpg","contentUrl":"https:\/\/magyarnapok.ro\/2024\/wp-content\/uploads\/2024\/08\/kmn2024_Drakula-vetites_0819_214958_2553_PR-scaled.jpg","width":2560,"height":1707},{"@type":"BreadcrumbList","@id":"https:\/\/magyarnapok.ro\/2024\/javaban-duborog-a-xiv-kolozsvari-magyar-filmnapok\/#breadcrumb","itemListElement":[{"@type":"ListItem","position":1,"name":"Home","item":"https:\/\/magyarnapok.ro\/2024\/"},{"@type":"ListItem","position":2,"name":"Jav\u00e1ban d\u00fcb\u00f6r\u00f6g a XIV. Kolozsv\u00e1ri Magyar Filmnapok"}]},{"@type":"WebSite","@id":"https:\/\/magyarnapok.ro\/2024\/#website","url":"https:\/\/magyarnapok.ro\/2024\/","name":"Kolozsv\u00e1ri Magyar Napok 2024","description":"A h\u00e9t meg a nyolc\u00e1t!","publisher":{"@id":"https:\/\/magyarnapok.ro\/2024\/#organization"},"potentialAction":[{"@type":"SearchAction","target":{"@type":"EntryPoint","urlTemplate":"https:\/\/magyarnapok.ro\/2024\/?s={search_term_string}"},"query-input":"required name=search_term_string"}],"inLanguage":"hu"},{"@type":"Organization","@id":"https:\/\/magyarnapok.ro\/2024\/#organization","name":"Kolozsv\u00e1ri Magyar Napok","url":"https:\/\/magyarnapok.ro\/2024\/","logo":{"@type":"ImageObject","inLanguage":"hu","@id":"https:\/\/magyarnapok.ro\/2024\/#\/schema\/logo\/image\/","url":"https:\/\/magyarnapok.ro\/2024\/wp-content\/uploads\/2024\/04\/kmn_15_logo.png","contentUrl":"https:\/\/magyarnapok.ro\/2024\/wp-content\/uploads\/2024\/04\/kmn_15_logo.png","width":385,"height":362,"caption":"Kolozsv\u00e1ri Magyar Napok"},"image":{"@id":"https:\/\/magyarnapok.ro\/2024\/#\/schema\/logo\/image\/"},"sameAs":["https:\/\/www.facebook.com\/magyarnapok","https:\/\/www.instagram.com\/magyarnapok\/","https:\/\/www.youtube.com\/c\/KolozsvriMagyarNapok2015"]},{"@type":"Person","@id":"https:\/\/magyarnapok.ro\/2024\/#\/schema\/person\/4f7ca30ab538cb03a3c6146bb39b497e","name":"S\u00e1ri Rom\u00e1n","image":{"@type":"ImageObject","inLanguage":"hu","@id":"https:\/\/magyarnapok.ro\/2024\/#\/schema\/person\/image\/","url":"https:\/\/secure.gravatar.com\/avatar\/91c75dcd2067ce4077834f6e3ece679465c21407b734374f7b1c7962150ba024?s=96&d=mm&r=g","contentUrl":"https:\/\/secure.gravatar.com\/avatar\/91c75dcd2067ce4077834f6e3ece679465c21407b734374f7b1c7962150ba024?s=96&d=mm&r=g","caption":"S\u00e1ri Rom\u00e1n"},"url":"https:\/\/magyarnapok.ro\/2024\/author\/roman-sari\/"}]}},"_links":{"self":[{"href":"https:\/\/magyarnapok.ro\/2024\/wp-json\/wp\/v2\/posts\/3263","targetHints":{"allow":["GET"]}}],"collection":[{"href":"https:\/\/magyarnapok.ro\/2024\/wp-json\/wp\/v2\/posts"}],"about":[{"href":"https:\/\/magyarnapok.ro\/2024\/wp-json\/wp\/v2\/types\/post"}],"author":[{"embeddable":true,"href":"https:\/\/magyarnapok.ro\/2024\/wp-json\/wp\/v2\/users\/8"}],"replies":[{"embeddable":true,"href":"https:\/\/magyarnapok.ro\/2024\/wp-json\/wp\/v2\/comments?post=3263"}],"version-history":[{"count":1,"href":"https:\/\/magyarnapok.ro\/2024\/wp-json\/wp\/v2\/posts\/3263\/revisions"}],"predecessor-version":[{"id":3265,"href":"https:\/\/magyarnapok.ro\/2024\/wp-json\/wp\/v2\/posts\/3263\/revisions\/3265"}],"wp:featuredmedia":[{"embeddable":true,"href":"https:\/\/magyarnapok.ro\/2024\/wp-json\/wp\/v2\/media\/3264"}],"wp:attachment":[{"href":"https:\/\/magyarnapok.ro\/2024\/wp-json\/wp\/v2\/media?parent=3263"}],"wp:term":[{"taxonomy":"category","embeddable":true,"href":"https:\/\/magyarnapok.ro\/2024\/wp-json\/wp\/v2\/categories?post=3263"},{"taxonomy":"post_tag","embeddable":true,"href":"https:\/\/magyarnapok.ro\/2024\/wp-json\/wp\/v2\/tags?post=3263"}],"curies":[{"name":"wp","href":"https:\/\/api.w.org\/{rel}","templated":true}]}}