{"id":3266,"date":"2024-08-20T18:44:58","date_gmt":"2024-08-20T15:44:58","guid":{"rendered":"https:\/\/magyarnapok.ro\/2024\/?p=3266"},"modified":"2024-08-20T18:44:59","modified_gmt":"2024-08-20T15:44:59","slug":"szurrealista-es-latomasszeru-vilagok-a-talalt-vasznakon","status":"publish","type":"post","link":"https:\/\/magyarnapok.ro\/2024\/szurrealista-es-latomasszeru-vilagok-a-talalt-vasznakon\/","title":{"rendered":"Sz\u00fcrrealista \u00e9s l\u00e1tom\u00e1sszer\u0171 vil\u00e1gok a tal\u00e1lt v\u00e1sznakon"},"content":{"rendered":"\n<p>A Kolozsv\u00e1ri Magyar Napok \u00e9s a Sapiente EMTE szervez\u00e9s\u00e9ben h\u00e9tf\u0151 d\u00e9lut\u00e1n 16 \u00f3r\u00e1t\u00f3l a Bocskai-h\u00e1z term\u00e9ben Sz\u00e9lyes Panna Tal\u00e1lt v\u00e1szon c\u00edm\u0171 t\u00e1rlata ny\u00edlt meg. A megnyit\u00f3n a ki\u00e1ll\u00edt\u00e1st Zakari\u00e1s \u00c1gota m\u0171v\u00e9szett\u00f6rt\u00e9n\u00e9sz m\u00e9ltatta, majd Kiss Janka, Feh\u00e9r \u00c1gota \u00e9s Kiss J\u00falia klasszikus zenei el\u0151ad\u00e1s\u00e1val z\u00e1rult az esem\u00e9ny.<\/p>\n\n\n\n<p>Zakari\u00e1s \u00c1gota m\u0171v\u00e9szett\u00f6rt\u00e9n\u00e9sz a festm\u00e9nyekkel kapcsolatban n\u00e9h\u00e1ny gondolatot fogalmazott meg. El\u0151sz\u00f6r is megk\u00f6sz\u00f6nte Sz\u00e9lyes Pann\u00e1nak a felk\u00e9r\u00e9st, a bizalmat \u00e9s hogy a k\u00fcl\u00f6nleges \u00e9s egyedi ki\u00e1ll\u00edt\u00e1sba betekint\u00e9st nyerhetett. Kiemelte: Panna festm\u00e9nyei els\u0151sorban a figyelmet azzal h\u00edvj\u00e1k fel magukra, hogy azokat a l\u00e1tom\u00e1sokat vagy ak\u00e1r nem h\u00e9tk\u00f6znapi, furcsa figur\u00e1kat, gondolat\u00e1rs\u00edt\u00e1sokat, amelyekkel napk\u00f6zben nincs id\u0151nk foglalkozni, a munk\u00e1iba beemeli. Ugyanakkor ezekkel a k\u00e9pzelt k\u00e9pt\u00e1rs\u00edt\u00e1sokkal elj\u00e1tszik, pontosabban olyan egy\u00e9ni l\u00e1t\u00e1sm\u00f3dvil\u00e1got hoz l\u00e9tre, ami ak\u00e1r egy feln\u0151tteknek sz\u00f3l\u00f3 sz\u00fcrre\u00e1lis b\u00e1bel\u0151ad\u00e1s d\u00edszlete is lehetne.<\/p>\n\n\n\n<p>A m\u0171v\u00e9szett\u00f6rt\u00e9n\u00e9sz hangs\u00falyozta, hogy Panna nagyj\u00e1b\u00f3l k\u00e9t \u00e9ve, 2022-ben kezdett el festeni. Els\u0151 munk\u00e1i k\u00f6z\u00e9pkori \u00e9s sz\u00fcrrealista fest\u0151k munk\u00e1inak j\u00e1t\u00e9kos, de s\u00f6t\u00e9tebb t\u00f3nus\u00fa \u00fajragondol\u00e1sai voltak, m\u0171v\u00e9szete pedig k\u00e9s\u0151bb \u00f6n\u00e1ll\u00f3sodott \u00e9s a saj\u00e1t st\u00edlus\u00e1nak csiszolgat\u00e1s\u00e1val kezdett el foglalkozni. Els\u0151 r\u00e1n\u00e9z\u00e9sre ak\u00e1r komorabb hang\u00falat\u00faaknak is t\u0171nhetnek, de ha k\u00f6zelebb l\u00e9p\u00fcnk az olajfestm\u00e9nyekhez, nagyon sok t\u00f6r\u00e9keny figur\u00e1t \u00e9s humoros r\u00e9szletet fedezhet\u00fcnk fel \u2013 fejezte ki v\u00e9lem\u00e9ny\u00e9t a szakember. Zakari\u00e1s \u00c1gota nagyon izgalmasnak l\u00e1tta azt az \u00fatkeres\u00e9st, amelyben az alkot\u00f3 stilisztikailag \u00e9s a form\u00e1kat illet\u0151en is k\u00eds\u00e9rletezik, mivel \u00edgy alig van k\u00e9t egyforma alkot\u00e1sa. A hull\u00e1mz\u00f3, vibr\u00e1l\u00f3 \u00e9s \u00e1lland\u00f3 mozg\u00e1sban l\u00e9v\u0151 t\u00e1jk\u00e9peknek visszat\u00e9r\u0151 elemei a v\u00edz, a hold \u00e9s a nap, amelyek a tudattalannak olyan r\u00e9szei, amelyek minden emberben k\u00f6z\u00f6sek. A k\u00e9pek var\u00e1zslatos mesevil\u00e1got id\u00e9znek meg, melyben a t\u00e1ncnak \u00e9s a zen\u00e9nek is kiemelt szerepe van. A szakember szerint a m\u0171v\u00e9sz legszem\u00e9lyesebb k\u00e9pei a portr\u00e9k, b\u00e1r a t\u00f6bbi m\u0171fajban is nagyon szem\u00e9lyes. Emellett Panna t\u00e1jk\u00e9pein a sz\u00fcrre\u00e1lis, sz\u00ednh\u00e1zi \u00e9s cirkuszi jelenetek is mintha egy\u00fcttm\u0171k\u00f6dn\u00e9nek \u00e9s nagyon b\u00e1tor dolognak tartotta, hogy nem f\u00e9l szem\u00e9lyesnek \u00e9s sebezhet\u0151nek lenni.<\/p>\n\n\n\n<p>Az Ap\u00e1czai Csere J\u00e1nos Elm\u00e9leti L\u00edceum di\u00e1kj\u00e1nak ezennel m\u00e1r m\u00e1sodik festm\u00e9nyki\u00e1ll\u00edt\u00e1sa ny\u00edlt meg. A t\u00e1rlat augusztus 25-ig 11 \u00e9s 18 \u00f3ra k\u00f6z\u00f6tt tekinthet\u0151 meg.<\/p>\n\n\n\n<p>Mih\u00e1ly Kriszta<\/p>\n","protected":false},"excerpt":{"rendered":"<p>A Bocskai-h\u00e1z term\u00e9ben Sz\u00e9lyes Panna Tal\u00e1lt v\u00e1szon c\u00edm\u0171 t\u00e1rlata ny\u00edlt meg.<\/p>\n","protected":false},"author":8,"featured_media":3267,"comment_status":"closed","ping_status":"open","sticky":false,"template":"","format":"standard","meta":{"_acf_changed":false,"footnotes":""},"categories":[1],"tags":[],"class_list":["post-3266","post","type-post","status-publish","format-standard","has-post-thumbnail","hentry","category-egyeb"],"acf":[],"yoast_head":"<!-- This site is optimized with the Yoast SEO plugin v23.0 - https:\/\/yoast.com\/wordpress\/plugins\/seo\/ -->\n<title>Sz\u00fcrrealista \u00e9s l\u00e1tom\u00e1sszer\u0171 vil\u00e1gok a tal\u00e1lt v\u00e1sznakon - Kolozsv\u00e1ri Magyar Napok 2024<\/title>\n<meta name=\"robots\" content=\"index, follow, max-snippet:-1, max-image-preview:large, max-video-preview:-1\" \/>\n<link rel=\"canonical\" href=\"https:\/\/magyarnapok.ro\/2024\/szurrealista-es-latomasszeru-vilagok-a-talalt-vasznakon\/\" \/>\n<meta property=\"og:locale\" content=\"hu_HU\" \/>\n<meta property=\"og:type\" content=\"article\" \/>\n<meta property=\"og:title\" content=\"Sz\u00fcrrealista \u00e9s l\u00e1tom\u00e1sszer\u0171 vil\u00e1gok a tal\u00e1lt v\u00e1sznakon - Kolozsv\u00e1ri Magyar Napok 2024\" \/>\n<meta property=\"og:description\" content=\"A Bocskai-h\u00e1z term\u00e9ben Sz\u00e9lyes Panna Tal\u00e1lt v\u00e1szon c\u00edm\u0171 t\u00e1rlata ny\u00edlt meg.\" \/>\n<meta property=\"og:url\" content=\"https:\/\/magyarnapok.ro\/2024\/szurrealista-es-latomasszeru-vilagok-a-talalt-vasznakon\/\" \/>\n<meta property=\"og:site_name\" content=\"Kolozsv\u00e1ri Magyar Napok 2024\" \/>\n<meta property=\"article:publisher\" content=\"https:\/\/www.facebook.com\/magyarnapok\" \/>\n<meta property=\"article:published_time\" content=\"2024-08-20T15:44:58+00:00\" \/>\n<meta property=\"article:modified_time\" content=\"2024-08-20T15:44:59+00:00\" \/>\n<meta property=\"og:image\" content=\"https:\/\/magyarnapok.ro\/2024\/wp-content\/uploads\/2024\/08\/KMN2024_Szelyes_Panna_Talalt_vaszon_kiallitasmegnyito_20240819_160946_MRD_2502-scaled.jpg\" \/>\n\t<meta property=\"og:image:width\" content=\"2560\" \/>\n\t<meta property=\"og:image:height\" content=\"1709\" \/>\n\t<meta property=\"og:image:type\" content=\"image\/jpeg\" \/>\n<meta name=\"author\" content=\"S\u00e1ri Rom\u00e1n\" \/>\n<meta name=\"twitter:card\" content=\"summary_large_image\" \/>\n<meta name=\"twitter:label1\" content=\"Szerz\u0151:\" \/>\n\t<meta name=\"twitter:data1\" content=\"S\u00e1ri Rom\u00e1n\" \/>\n\t<meta name=\"twitter:label2\" content=\"Becs\u00fclt olvas\u00e1si id\u0151\" \/>\n\t<meta name=\"twitter:data2\" content=\"2 perc\" \/>\n<script type=\"application\/ld+json\" class=\"yoast-schema-graph\">{\"@context\":\"https:\/\/schema.org\",\"@graph\":[{\"@type\":\"Article\",\"@id\":\"https:\/\/magyarnapok.ro\/2024\/szurrealista-es-latomasszeru-vilagok-a-talalt-vasznakon\/#article\",\"isPartOf\":{\"@id\":\"https:\/\/magyarnapok.ro\/2024\/szurrealista-es-latomasszeru-vilagok-a-talalt-vasznakon\/\"},\"author\":{\"name\":\"S\u00e1ri Rom\u00e1n\",\"@id\":\"https:\/\/magyarnapok.ro\/2024\/#\/schema\/person\/4f7ca30ab538cb03a3c6146bb39b497e\"},\"headline\":\"Sz\u00fcrrealista \u00e9s l\u00e1tom\u00e1sszer\u0171 vil\u00e1gok a tal\u00e1lt v\u00e1sznakon\",\"datePublished\":\"2024-08-20T15:44:58+00:00\",\"dateModified\":\"2024-08-20T15:44:59+00:00\",\"mainEntityOfPage\":{\"@id\":\"https:\/\/magyarnapok.ro\/2024\/szurrealista-es-latomasszeru-vilagok-a-talalt-vasznakon\/\"},\"wordCount\":543,\"publisher\":{\"@id\":\"https:\/\/magyarnapok.ro\/2024\/#organization\"},\"image\":{\"@id\":\"https:\/\/magyarnapok.ro\/2024\/szurrealista-es-latomasszeru-vilagok-a-talalt-vasznakon\/#primaryimage\"},\"thumbnailUrl\":\"https:\/\/magyarnapok.ro\/2024\/wp-content\/uploads\/2024\/08\/KMN2024_Szelyes_Panna_Talalt_vaszon_kiallitasmegnyito_20240819_160946_MRD_2502-scaled.jpg\",\"inLanguage\":\"hu\"},{\"@type\":\"WebPage\",\"@id\":\"https:\/\/magyarnapok.ro\/2024\/szurrealista-es-latomasszeru-vilagok-a-talalt-vasznakon\/\",\"url\":\"https:\/\/magyarnapok.ro\/2024\/szurrealista-es-latomasszeru-vilagok-a-talalt-vasznakon\/\",\"name\":\"Sz\u00fcrrealista \u00e9s l\u00e1tom\u00e1sszer\u0171 vil\u00e1gok a tal\u00e1lt v\u00e1sznakon - Kolozsv\u00e1ri Magyar Napok 2024\",\"isPartOf\":{\"@id\":\"https:\/\/magyarnapok.ro\/2024\/#website\"},\"primaryImageOfPage\":{\"@id\":\"https:\/\/magyarnapok.ro\/2024\/szurrealista-es-latomasszeru-vilagok-a-talalt-vasznakon\/#primaryimage\"},\"image\":{\"@id\":\"https:\/\/magyarnapok.ro\/2024\/szurrealista-es-latomasszeru-vilagok-a-talalt-vasznakon\/#primaryimage\"},\"thumbnailUrl\":\"https:\/\/magyarnapok.ro\/2024\/wp-content\/uploads\/2024\/08\/KMN2024_Szelyes_Panna_Talalt_vaszon_kiallitasmegnyito_20240819_160946_MRD_2502-scaled.jpg\",\"datePublished\":\"2024-08-20T15:44:58+00:00\",\"dateModified\":\"2024-08-20T15:44:59+00:00\",\"breadcrumb\":{\"@id\":\"https:\/\/magyarnapok.ro\/2024\/szurrealista-es-latomasszeru-vilagok-a-talalt-vasznakon\/#breadcrumb\"},\"inLanguage\":\"hu\",\"potentialAction\":[{\"@type\":\"ReadAction\",\"target\":[\"https:\/\/magyarnapok.ro\/2024\/szurrealista-es-latomasszeru-vilagok-a-talalt-vasznakon\/\"]}]},{\"@type\":\"ImageObject\",\"inLanguage\":\"hu\",\"@id\":\"https:\/\/magyarnapok.ro\/2024\/szurrealista-es-latomasszeru-vilagok-a-talalt-vasznakon\/#primaryimage\",\"url\":\"https:\/\/magyarnapok.ro\/2024\/wp-content\/uploads\/2024\/08\/KMN2024_Szelyes_Panna_Talalt_vaszon_kiallitasmegnyito_20240819_160946_MRD_2502-scaled.jpg\",\"contentUrl\":\"https:\/\/magyarnapok.ro\/2024\/wp-content\/uploads\/2024\/08\/KMN2024_Szelyes_Panna_Talalt_vaszon_kiallitasmegnyito_20240819_160946_MRD_2502-scaled.jpg\",\"width\":2560,\"height\":1709},{\"@type\":\"BreadcrumbList\",\"@id\":\"https:\/\/magyarnapok.ro\/2024\/szurrealista-es-latomasszeru-vilagok-a-talalt-vasznakon\/#breadcrumb\",\"itemListElement\":[{\"@type\":\"ListItem\",\"position\":1,\"name\":\"Home\",\"item\":\"https:\/\/magyarnapok.ro\/2024\/\"},{\"@type\":\"ListItem\",\"position\":2,\"name\":\"Sz\u00fcrrealista \u00e9s l\u00e1tom\u00e1sszer\u0171 vil\u00e1gok a tal\u00e1lt v\u00e1sznakon\"}]},{\"@type\":\"WebSite\",\"@id\":\"https:\/\/magyarnapok.ro\/2024\/#website\",\"url\":\"https:\/\/magyarnapok.ro\/2024\/\",\"name\":\"Kolozsv\u00e1ri Magyar Napok 2024\",\"description\":\"A h\u00e9t meg a nyolc\u00e1t!\",\"publisher\":{\"@id\":\"https:\/\/magyarnapok.ro\/2024\/#organization\"},\"potentialAction\":[{\"@type\":\"SearchAction\",\"target\":{\"@type\":\"EntryPoint\",\"urlTemplate\":\"https:\/\/magyarnapok.ro\/2024\/?s={search_term_string}\"},\"query-input\":\"required name=search_term_string\"}],\"inLanguage\":\"hu\"},{\"@type\":\"Organization\",\"@id\":\"https:\/\/magyarnapok.ro\/2024\/#organization\",\"name\":\"Kolozsv\u00e1ri Magyar Napok\",\"url\":\"https:\/\/magyarnapok.ro\/2024\/\",\"logo\":{\"@type\":\"ImageObject\",\"inLanguage\":\"hu\",\"@id\":\"https:\/\/magyarnapok.ro\/2024\/#\/schema\/logo\/image\/\",\"url\":\"https:\/\/magyarnapok.ro\/2024\/wp-content\/uploads\/2024\/04\/kmn_15_logo.png\",\"contentUrl\":\"https:\/\/magyarnapok.ro\/2024\/wp-content\/uploads\/2024\/04\/kmn_15_logo.png\",\"width\":385,\"height\":362,\"caption\":\"Kolozsv\u00e1ri Magyar Napok\"},\"image\":{\"@id\":\"https:\/\/magyarnapok.ro\/2024\/#\/schema\/logo\/image\/\"},\"sameAs\":[\"https:\/\/www.facebook.com\/magyarnapok\",\"https:\/\/www.instagram.com\/magyarnapok\/\",\"https:\/\/www.youtube.com\/c\/KolozsvriMagyarNapok2015\"]},{\"@type\":\"Person\",\"@id\":\"https:\/\/magyarnapok.ro\/2024\/#\/schema\/person\/4f7ca30ab538cb03a3c6146bb39b497e\",\"name\":\"S\u00e1ri Rom\u00e1n\",\"image\":{\"@type\":\"ImageObject\",\"inLanguage\":\"hu\",\"@id\":\"https:\/\/magyarnapok.ro\/2024\/#\/schema\/person\/image\/\",\"url\":\"https:\/\/secure.gravatar.com\/avatar\/91c75dcd2067ce4077834f6e3ece679465c21407b734374f7b1c7962150ba024?s=96&d=mm&r=g\",\"contentUrl\":\"https:\/\/secure.gravatar.com\/avatar\/91c75dcd2067ce4077834f6e3ece679465c21407b734374f7b1c7962150ba024?s=96&d=mm&r=g\",\"caption\":\"S\u00e1ri Rom\u00e1n\"},\"url\":\"https:\/\/magyarnapok.ro\/2024\/author\/roman-sari\/\"}]}<\/script>\n<!-- \/ Yoast SEO plugin. -->","yoast_head_json":{"title":"Sz\u00fcrrealista \u00e9s l\u00e1tom\u00e1sszer\u0171 vil\u00e1gok a tal\u00e1lt v\u00e1sznakon - Kolozsv\u00e1ri Magyar Napok 2024","robots":{"index":"index","follow":"follow","max-snippet":"max-snippet:-1","max-image-preview":"max-image-preview:large","max-video-preview":"max-video-preview:-1"},"canonical":"https:\/\/magyarnapok.ro\/2024\/szurrealista-es-latomasszeru-vilagok-a-talalt-vasznakon\/","og_locale":"hu_HU","og_type":"article","og_title":"Sz\u00fcrrealista \u00e9s l\u00e1tom\u00e1sszer\u0171 vil\u00e1gok a tal\u00e1lt v\u00e1sznakon - Kolozsv\u00e1ri Magyar Napok 2024","og_description":"A Bocskai-h\u00e1z term\u00e9ben Sz\u00e9lyes Panna Tal\u00e1lt v\u00e1szon c\u00edm\u0171 t\u00e1rlata ny\u00edlt meg.","og_url":"https:\/\/magyarnapok.ro\/2024\/szurrealista-es-latomasszeru-vilagok-a-talalt-vasznakon\/","og_site_name":"Kolozsv\u00e1ri Magyar Napok 2024","article_publisher":"https:\/\/www.facebook.com\/magyarnapok","article_published_time":"2024-08-20T15:44:58+00:00","article_modified_time":"2024-08-20T15:44:59+00:00","og_image":[{"width":2560,"height":1709,"url":"https:\/\/magyarnapok.ro\/2024\/wp-content\/uploads\/2024\/08\/KMN2024_Szelyes_Panna_Talalt_vaszon_kiallitasmegnyito_20240819_160946_MRD_2502-scaled.jpg","type":"image\/jpeg"}],"author":"S\u00e1ri Rom\u00e1n","twitter_card":"summary_large_image","twitter_misc":{"Szerz\u0151:":"S\u00e1ri Rom\u00e1n","Becs\u00fclt olvas\u00e1si id\u0151":"2 perc"},"schema":{"@context":"https:\/\/schema.org","@graph":[{"@type":"Article","@id":"https:\/\/magyarnapok.ro\/2024\/szurrealista-es-latomasszeru-vilagok-a-talalt-vasznakon\/#article","isPartOf":{"@id":"https:\/\/magyarnapok.ro\/2024\/szurrealista-es-latomasszeru-vilagok-a-talalt-vasznakon\/"},"author":{"name":"S\u00e1ri Rom\u00e1n","@id":"https:\/\/magyarnapok.ro\/2024\/#\/schema\/person\/4f7ca30ab538cb03a3c6146bb39b497e"},"headline":"Sz\u00fcrrealista \u00e9s l\u00e1tom\u00e1sszer\u0171 vil\u00e1gok a tal\u00e1lt v\u00e1sznakon","datePublished":"2024-08-20T15:44:58+00:00","dateModified":"2024-08-20T15:44:59+00:00","mainEntityOfPage":{"@id":"https:\/\/magyarnapok.ro\/2024\/szurrealista-es-latomasszeru-vilagok-a-talalt-vasznakon\/"},"wordCount":543,"publisher":{"@id":"https:\/\/magyarnapok.ro\/2024\/#organization"},"image":{"@id":"https:\/\/magyarnapok.ro\/2024\/szurrealista-es-latomasszeru-vilagok-a-talalt-vasznakon\/#primaryimage"},"thumbnailUrl":"https:\/\/magyarnapok.ro\/2024\/wp-content\/uploads\/2024\/08\/KMN2024_Szelyes_Panna_Talalt_vaszon_kiallitasmegnyito_20240819_160946_MRD_2502-scaled.jpg","inLanguage":"hu"},{"@type":"WebPage","@id":"https:\/\/magyarnapok.ro\/2024\/szurrealista-es-latomasszeru-vilagok-a-talalt-vasznakon\/","url":"https:\/\/magyarnapok.ro\/2024\/szurrealista-es-latomasszeru-vilagok-a-talalt-vasznakon\/","name":"Sz\u00fcrrealista \u00e9s l\u00e1tom\u00e1sszer\u0171 vil\u00e1gok a tal\u00e1lt v\u00e1sznakon - Kolozsv\u00e1ri Magyar Napok 2024","isPartOf":{"@id":"https:\/\/magyarnapok.ro\/2024\/#website"},"primaryImageOfPage":{"@id":"https:\/\/magyarnapok.ro\/2024\/szurrealista-es-latomasszeru-vilagok-a-talalt-vasznakon\/#primaryimage"},"image":{"@id":"https:\/\/magyarnapok.ro\/2024\/szurrealista-es-latomasszeru-vilagok-a-talalt-vasznakon\/#primaryimage"},"thumbnailUrl":"https:\/\/magyarnapok.ro\/2024\/wp-content\/uploads\/2024\/08\/KMN2024_Szelyes_Panna_Talalt_vaszon_kiallitasmegnyito_20240819_160946_MRD_2502-scaled.jpg","datePublished":"2024-08-20T15:44:58+00:00","dateModified":"2024-08-20T15:44:59+00:00","breadcrumb":{"@id":"https:\/\/magyarnapok.ro\/2024\/szurrealista-es-latomasszeru-vilagok-a-talalt-vasznakon\/#breadcrumb"},"inLanguage":"hu","potentialAction":[{"@type":"ReadAction","target":["https:\/\/magyarnapok.ro\/2024\/szurrealista-es-latomasszeru-vilagok-a-talalt-vasznakon\/"]}]},{"@type":"ImageObject","inLanguage":"hu","@id":"https:\/\/magyarnapok.ro\/2024\/szurrealista-es-latomasszeru-vilagok-a-talalt-vasznakon\/#primaryimage","url":"https:\/\/magyarnapok.ro\/2024\/wp-content\/uploads\/2024\/08\/KMN2024_Szelyes_Panna_Talalt_vaszon_kiallitasmegnyito_20240819_160946_MRD_2502-scaled.jpg","contentUrl":"https:\/\/magyarnapok.ro\/2024\/wp-content\/uploads\/2024\/08\/KMN2024_Szelyes_Panna_Talalt_vaszon_kiallitasmegnyito_20240819_160946_MRD_2502-scaled.jpg","width":2560,"height":1709},{"@type":"BreadcrumbList","@id":"https:\/\/magyarnapok.ro\/2024\/szurrealista-es-latomasszeru-vilagok-a-talalt-vasznakon\/#breadcrumb","itemListElement":[{"@type":"ListItem","position":1,"name":"Home","item":"https:\/\/magyarnapok.ro\/2024\/"},{"@type":"ListItem","position":2,"name":"Sz\u00fcrrealista \u00e9s l\u00e1tom\u00e1sszer\u0171 vil\u00e1gok a tal\u00e1lt v\u00e1sznakon"}]},{"@type":"WebSite","@id":"https:\/\/magyarnapok.ro\/2024\/#website","url":"https:\/\/magyarnapok.ro\/2024\/","name":"Kolozsv\u00e1ri Magyar Napok 2024","description":"A h\u00e9t meg a nyolc\u00e1t!","publisher":{"@id":"https:\/\/magyarnapok.ro\/2024\/#organization"},"potentialAction":[{"@type":"SearchAction","target":{"@type":"EntryPoint","urlTemplate":"https:\/\/magyarnapok.ro\/2024\/?s={search_term_string}"},"query-input":"required name=search_term_string"}],"inLanguage":"hu"},{"@type":"Organization","@id":"https:\/\/magyarnapok.ro\/2024\/#organization","name":"Kolozsv\u00e1ri Magyar Napok","url":"https:\/\/magyarnapok.ro\/2024\/","logo":{"@type":"ImageObject","inLanguage":"hu","@id":"https:\/\/magyarnapok.ro\/2024\/#\/schema\/logo\/image\/","url":"https:\/\/magyarnapok.ro\/2024\/wp-content\/uploads\/2024\/04\/kmn_15_logo.png","contentUrl":"https:\/\/magyarnapok.ro\/2024\/wp-content\/uploads\/2024\/04\/kmn_15_logo.png","width":385,"height":362,"caption":"Kolozsv\u00e1ri Magyar Napok"},"image":{"@id":"https:\/\/magyarnapok.ro\/2024\/#\/schema\/logo\/image\/"},"sameAs":["https:\/\/www.facebook.com\/magyarnapok","https:\/\/www.instagram.com\/magyarnapok\/","https:\/\/www.youtube.com\/c\/KolozsvriMagyarNapok2015"]},{"@type":"Person","@id":"https:\/\/magyarnapok.ro\/2024\/#\/schema\/person\/4f7ca30ab538cb03a3c6146bb39b497e","name":"S\u00e1ri Rom\u00e1n","image":{"@type":"ImageObject","inLanguage":"hu","@id":"https:\/\/magyarnapok.ro\/2024\/#\/schema\/person\/image\/","url":"https:\/\/secure.gravatar.com\/avatar\/91c75dcd2067ce4077834f6e3ece679465c21407b734374f7b1c7962150ba024?s=96&d=mm&r=g","contentUrl":"https:\/\/secure.gravatar.com\/avatar\/91c75dcd2067ce4077834f6e3ece679465c21407b734374f7b1c7962150ba024?s=96&d=mm&r=g","caption":"S\u00e1ri Rom\u00e1n"},"url":"https:\/\/magyarnapok.ro\/2024\/author\/roman-sari\/"}]}},"_links":{"self":[{"href":"https:\/\/magyarnapok.ro\/2024\/wp-json\/wp\/v2\/posts\/3266","targetHints":{"allow":["GET"]}}],"collection":[{"href":"https:\/\/magyarnapok.ro\/2024\/wp-json\/wp\/v2\/posts"}],"about":[{"href":"https:\/\/magyarnapok.ro\/2024\/wp-json\/wp\/v2\/types\/post"}],"author":[{"embeddable":true,"href":"https:\/\/magyarnapok.ro\/2024\/wp-json\/wp\/v2\/users\/8"}],"replies":[{"embeddable":true,"href":"https:\/\/magyarnapok.ro\/2024\/wp-json\/wp\/v2\/comments?post=3266"}],"version-history":[{"count":1,"href":"https:\/\/magyarnapok.ro\/2024\/wp-json\/wp\/v2\/posts\/3266\/revisions"}],"predecessor-version":[{"id":3268,"href":"https:\/\/magyarnapok.ro\/2024\/wp-json\/wp\/v2\/posts\/3266\/revisions\/3268"}],"wp:featuredmedia":[{"embeddable":true,"href":"https:\/\/magyarnapok.ro\/2024\/wp-json\/wp\/v2\/media\/3267"}],"wp:attachment":[{"href":"https:\/\/magyarnapok.ro\/2024\/wp-json\/wp\/v2\/media?parent=3266"}],"wp:term":[{"taxonomy":"category","embeddable":true,"href":"https:\/\/magyarnapok.ro\/2024\/wp-json\/wp\/v2\/categories?post=3266"},{"taxonomy":"post_tag","embeddable":true,"href":"https:\/\/magyarnapok.ro\/2024\/wp-json\/wp\/v2\/tags?post=3266"}],"curies":[{"name":"wp","href":"https:\/\/api.w.org\/{rel}","templated":true}]}}