{"id":3270,"date":"2024-08-21T12:01:07","date_gmt":"2024-08-21T09:01:07","guid":{"rendered":"https:\/\/magyarnapok.ro\/2024\/?p=3270"},"modified":"2024-08-21T12:01:08","modified_gmt":"2024-08-21T09:01:08","slug":"augusztus-20-nemzeti-unnep-kolozsvar-foteren","status":"publish","type":"post","link":"https:\/\/magyarnapok.ro\/2024\/augusztus-20-nemzeti-unnep-kolozsvar-foteren\/","title":{"rendered":"AUGUSZTUS 20.: NEMZETI \u00dcNNEP KOLOZSV\u00c1R F\u0150TER\u00c9N"},"content":{"rendered":"\n<p>A Magyarok Kenyer\u00e9nek meg\u00e1ld\u00e1s\u00e1val, n\u00e9pviseleti felvonul\u00e1ssal \u00e9s f\u0151t\u00e9ri n\u00e9pt\u00e1ncg\u00e1l\u00e1val \u00fcnnepelt Kolozsv\u00e1r magyars\u00e1ga augusztus 20-\u00e1n, az \u00e1llamalap\u00edt\u00e1s \u00e9s az \u00faj keny\u00e9r \u00fcnnep\u00e9n. Az egy nappal kor\u00e1bban kezd\u0151d\u00f6tt, imm\u00e1r 15. kiad\u00e1s\u00e1hoz \u00e9rkezett Kolozsv\u00e1ri Magyar Napok, valamint annak t\u00e1rsrendezv\u00e9nye, a 26. Szent Istv\u00e1n-napi N\u00e9pt\u00e1nctal\u00e1lkoz\u00f3 keret\u00e9ben megval\u00f3sult f\u0151t\u00e9ri \u00fcnnepi programsorozat kezdet\u00e9n felsz\u00f3lalt V\u00e1k\u00e1r Istv\u00e1n, a Kolozs Megyei Tan\u00e1cs aleln\u00f6ke \u00e9s N\u00e9meth Zsolt, az Orsz\u00e1ggy\u0171l\u00e9s K\u00fcl\u00fcgyi bizotts\u00e1g\u00e1nak eln\u00f6ke.<\/p>\n\n\n\n<p>A d\u00e9li harangsz\u00f3t k\u00f6vet\u0151en a kolozsv\u00e1ri Szent Mih\u00e1ly-templomba v\u00e1rt\u00e1k a h\u00edveket, ahol a Pro Agricultura Egyes\u00fclet, a Kolozs Megyei Magyar Gazd\u00e1k Egyes\u00fclete \u00e9s a Szent Mih\u00e1ly R\u00f3mai Katolikus Pl\u00e9b\u00e1nia szervez\u00e9s\u00e9ben, az \u00e1llamalap\u00edt\u00e1sunk \u00fcnnep\u00e9n, szerte a K\u00e1rp\u00e1t-medenc\u00e9ben, a magyar gazdat\u00e1rsadalom \u00f6sszefog\u00e1s\u00e1nak k\u00e9zzel foghat\u00f3 jelek\u00e9nt szervezt\u00e9k meg az \u00faj keny\u00e9r meg\u00e1ld\u00e1s\u00e1nak \u00f6kumenikus \u00fcnneps\u00e9g\u00e9t, amelyen Erd\u00e9ly t\u00f6rt\u00e9nelmi egyh\u00e1zainak k\u00e9pvisel\u0151i mondtak \u00e1ld\u00e1st.<br>A d\u00e9lut\u00e1ni \u00f3r\u00e1kban \u00e9s a Kolozsv\u00e1ri Magyar Napok t\u00e1rsrendezv\u00e9ny\u00e9nek, a 26. Szent Istv\u00e1n-napi N\u00e9pt\u00e1nctal\u00e1lkoz\u00f3nak a keret\u00e9ben a hagyom\u00e1nyosnak sz\u00e1m\u00edt\u00f3 n\u00e9pviseleti felvonul\u00e1ssal kezd\u0151d\u00f6tt az \u00fcnneps\u00e9gsorozat. Erd\u00e9ly egyik legkiemelked\u0151bb, Szent Istv\u00e1n kir\u00e1lyunkhoz k\u00f6t\u0151d\u0151 n\u00e9pt\u00e1nctal\u00e1lkoz\u00f3ja nyolc orsz\u00e1g 17 t\u00e1nccsoportj\u00e1t l\u00e1tta vend\u00e9g\u00fcl, amelyek augusztus 16-20. k\u00f6z\u00f6tt mutathatt\u00e1k be hagyom\u00e1nyaikat, n\u00e9pviseleteiket \u00e9s tradicion\u00e1lis t\u00e1ncaikat Kolozsv\u00e1r k\u00f6z\u00f6ns\u00e9g\u00e9nek.<br>A kincses v\u00e1ros F\u0151ter\u00e9re seregl\u0151 fell\u00e9p\u0151k \u00e9s \u00e9rdekl\u0151d\u0151k els\u0151k\u00e9nt V\u00e1k\u00e1r Istv\u00e1n k\u00f6sz\u00f6nt\u0151j\u00e9t hallhatt\u00e1k. A Kolozs Megyei Tan\u00e1cs aleln\u00f6ke hangs\u00falyozta: a K\u00e1rp\u00e1t-medence magyars\u00e1ga ezer\u00e9ves t\u00e1vlatb\u00f3l is b\u00fcszke lehet \u00e9rt\u00e9keire, valamint arra, hogy meg\u0151rizte kereszt\u00e9ny hit\u00e9t, melynek alapk\u00f6veit Szent Istv\u00e1n kir\u00e1lyunk fektette le. \u201eAz \u00e1llamalap\u00edt\u00e1s b\u00e1tors\u00e1got, hitet, elsz\u00e1nts\u00e1got \u00e9s j\u00f6v\u0151be vetett rem\u00e9nys\u00e9get felt\u00e9telez. Az ilyen igenekb\u0151l \u00e9p\u00fcl a k\u00f6z\u00f6ss\u00e9g\u00fcnk. Ma, amikor itt \u00e1llunk a kincses v\u00e1ros F\u0151ter\u00e9n, az Europa Nostra-d\u00edjas Szent Mih\u00e1ly-templom szomsz\u00e9ds\u00e1g\u00e1ban, b\u00fcszk\u00e9n mondhatjuk: van magyar j\u00f6v\u0151 Kolozsv\u00e1ron \u00e9s Kolozs megy\u00e9ben\u201d \u2013 mondta V\u00e1k\u00e1r Istv\u00e1n, aki besz\u00e9de v\u00e9g\u00e9n a Szent Istv\u00e1n-napi N\u00e9pt\u00e1nctal\u00e1lkoz\u00f3 szervez\u0151it m\u00e9ltatta.<br>\u201eMa \u2013 986 \u00e9vvel Szent Istv\u00e1n kir\u00e1lyunk hal\u00e1la ut\u00e1n \u2013 elmondhat\u00f3: van f\u00fcggetlen Magyarorsz\u00e1g. Vannak hozz\u00e1 ezer sz\u00e1lon k\u00f6t\u0151d\u0151 \u00e9s identit\u00e1sukhoz ragaszkod\u00f3 magyar nemzetr\u00e9szek. Vannak olyan szomsz\u00e9daink, akikkel a kapcsolatunk \u2013 minden neh\u00e9zs\u00e9ggel egy\u00fctt \u2013 a b\u00e9k\u00e9s egy\u00fcttm\u0171k\u00f6d\u00e9s, s\u0151t, legt\u00f6bb esetben a sz\u00f6vets\u00e9gesi k\u00f6rnyezet biztons\u00e1g\u00e1t ny\u00fajtj\u00e1k Magyarorsz\u00e1gnak\u201d \u2013 kezdte besz\u00e9d\u00e9t N\u00e9meth Zsolt. Az Orsz\u00e1ggy\u0171l\u00e9s K\u00fcl\u00fcgyi bizotts\u00e1g\u00e1nak eln\u00f6ke hozz\u00e1tette: hogy ez ma is \u00edgy van, \u00f6nmag\u00e1ban bizony\u00edtja Istv\u00e1n kir\u00e1ly strat\u00e9giai el\u0151rel\u00e1t\u00e1s\u00e1t. \u201eAz elm\u00falt 986 \u00e9v megpr\u00f3b\u00e1ltat\u00e1sait az\u00e9rt \u00e9lhett\u00fck t\u00fal, mert Istv\u00e1n kir\u00e1ly szil\u00e1rd alapokra helyezte a nemzeti k\u00f6z\u00f6ss\u00e9g \u00f6sszetartoz\u00e1s\u00e1t. Kereszt\u00e9ny \u00e9rt\u00e9kek, f\u00fcggetlens\u00e9g \u00e9s Nyugathoz tartoz\u00e1s \u2013 ez volt az Istv\u00e1n \u00e1ltal alap\u00edtott \u00e1llamnak \u00e9s a hozz\u00e1 k\u00f6t\u0151d\u0151 nemzeti k\u00f6z\u00f6ss\u00e9gnek az eszmeis\u00e9ge. Ez a h\u00e1rom sarkalatos pont seg\u00edtette \u00e1t korszakv\u00e1lt\u00e1sokon, katasztr\u00f3f\u00e1k ut\u00e1ni \u00fajj\u00e1\u00e9p\u00edt\u00e9seken, k\u00fcls\u0151 \u00e9s bels\u0151 pr\u00f3bat\u00e9teleken a magyar nemzeti \u00f6sszetartoz\u00e1st. Ez a strat\u00e9gia mindig megtartott minket. Istv\u00e1n strat\u00e9gi\u00e1j\u00e1t k\u00f6vetve kell a magyar \u00e9letmin\u0151s\u00e9get folyamatosan jav\u00edtanunk az eg\u00e9sz K\u00e1rp\u00e1t-medenc\u00e9ben \u2013 \u00f6r\u00fclve annak, ha szomsz\u00e9dainknak is siker\u00fcl \u00e9letmin\u0151s\u00e9g\u00fcket jav\u00edtaniuk, mert ez a k\u00f6z\u00f6s \u00e9rdek\u00fcnk. Ez a k\u00f6z\u00f6s \u00e9rdek alapozza meg az egy\u00fcttm\u0171k\u00f6d\u00e9s\u00fcnket \u00e9s sz\u00f6vets\u00e9g\u00fcnket vel\u00fck\u201d \u2013 hangs\u00falyozta N\u00e9meth Zsolt. Besz\u00e9de z\u00e1r\u00e1sak\u00e9nt a politikus r\u00e1mutatott: a K\u00e1rp\u00e1t-medencei magyar k\u00f6z\u00f6ss\u00e9g akkor lesz gy\u0151ztese a vil\u00e1gban zajl\u00f3 v\u00e1ltoz\u00e1soknak, ha a Szent Istv\u00e1n-i strat\u00e9gi\u00e1hoz ragaszkodva igyekszik boldogulni \u00e9s el\u0151re l\u00e9pni.<br>Az augusztus 20-i nemzeti \u00fcnnep Kolozsv\u00e1r F\u0151ter\u00e9n nagyszab\u00e1s\u00fa n\u00e9pt\u00e1ncg\u00e1l\u00e1val z\u00e1rult.<br>Az augusztus 25-ig tart\u00f3 15. Kolozsv\u00e1ri Magyar Napok teljes programk\u00edn\u00e1lata megtal\u00e1lhat\u00f3 a www.magyarnapok.ro oldalon.<\/p>\n\n\n\n<pre class=\"wp-block-code\"><code>A Kincses Kolozsv\u00e1r Egyes\u00fclet sajt\u00f3irod\u00e1ja<\/code><\/pre>\n\n\n\n<p><\/p>\n","protected":false},"excerpt":{"rendered":"<p>A Magyarok Kenyer\u00e9nek meg\u00e1ld\u00e1s\u00e1val, n\u00e9pviseleti felvonul\u00e1ssal \u00e9s f\u0151t\u00e9ri n\u00e9pt\u00e1ncg\u00e1l\u00e1val \u00fcnnepelt Kolozsv\u00e1r magyars\u00e1ga&#8230;<\/p>\n","protected":false},"author":8,"featured_media":3271,"comment_status":"closed","ping_status":"open","sticky":false,"template":"","format":"standard","meta":{"_acf_changed":false,"footnotes":""},"categories":[1],"tags":[],"class_list":["post-3270","post","type-post","status-publish","format-standard","has-post-thumbnail","hentry","category-egyeb"],"acf":[],"yoast_head":"<!-- This site is optimized with the Yoast SEO plugin v23.0 - https:\/\/yoast.com\/wordpress\/plugins\/seo\/ -->\n<title>AUGUSZTUS 20.: NEMZETI \u00dcNNEP KOLOZSV\u00c1R F\u0150TER\u00c9N - Kolozsv\u00e1ri Magyar Napok 2024<\/title>\n<meta name=\"robots\" content=\"index, follow, max-snippet:-1, max-image-preview:large, max-video-preview:-1\" \/>\n<link rel=\"canonical\" href=\"https:\/\/magyarnapok.ro\/2024\/augusztus-20-nemzeti-unnep-kolozsvar-foteren\/\" \/>\n<meta property=\"og:locale\" content=\"hu_HU\" \/>\n<meta property=\"og:type\" content=\"article\" \/>\n<meta property=\"og:title\" content=\"AUGUSZTUS 20.: NEMZETI \u00dcNNEP KOLOZSV\u00c1R F\u0150TER\u00c9N - Kolozsv\u00e1ri Magyar Napok 2024\" \/>\n<meta property=\"og:description\" content=\"A Magyarok Kenyer\u00e9nek meg\u00e1ld\u00e1s\u00e1val, n\u00e9pviseleti felvonul\u00e1ssal \u00e9s f\u0151t\u00e9ri n\u00e9pt\u00e1ncg\u00e1l\u00e1val \u00fcnnepelt Kolozsv\u00e1r magyars\u00e1ga...\" \/>\n<meta property=\"og:url\" content=\"https:\/\/magyarnapok.ro\/2024\/augusztus-20-nemzeti-unnep-kolozsvar-foteren\/\" \/>\n<meta property=\"og:site_name\" content=\"Kolozsv\u00e1ri Magyar Napok 2024\" \/>\n<meta property=\"article:publisher\" content=\"https:\/\/www.facebook.com\/magyarnapok\" \/>\n<meta property=\"article:published_time\" content=\"2024-08-21T09:01:07+00:00\" \/>\n<meta property=\"article:modified_time\" content=\"2024-08-21T09:01:08+00:00\" \/>\n<meta property=\"og:image\" content=\"https:\/\/magyarnapok.ro\/2024\/wp-content\/uploads\/2024\/08\/KMN2024_Szent-Istvan-_napi-Neptanctalalkozo-KNN-Foter_20240820_182843_SZZ_4538-scaled.jpg\" \/>\n\t<meta property=\"og:image:width\" content=\"2560\" \/>\n\t<meta property=\"og:image:height\" content=\"1707\" \/>\n\t<meta property=\"og:image:type\" content=\"image\/jpeg\" \/>\n<meta name=\"author\" content=\"S\u00e1ri Rom\u00e1n\" \/>\n<meta name=\"twitter:card\" content=\"summary_large_image\" \/>\n<meta name=\"twitter:label1\" content=\"Szerz\u0151:\" \/>\n\t<meta name=\"twitter:data1\" content=\"S\u00e1ri Rom\u00e1n\" \/>\n\t<meta name=\"twitter:label2\" content=\"Becs\u00fclt olvas\u00e1si id\u0151\" \/>\n\t<meta name=\"twitter:data2\" content=\"3 perc\" \/>\n<script type=\"application\/ld+json\" class=\"yoast-schema-graph\">{\"@context\":\"https:\/\/schema.org\",\"@graph\":[{\"@type\":\"Article\",\"@id\":\"https:\/\/magyarnapok.ro\/2024\/augusztus-20-nemzeti-unnep-kolozsvar-foteren\/#article\",\"isPartOf\":{\"@id\":\"https:\/\/magyarnapok.ro\/2024\/augusztus-20-nemzeti-unnep-kolozsvar-foteren\/\"},\"author\":{\"name\":\"S\u00e1ri Rom\u00e1n\",\"@id\":\"https:\/\/magyarnapok.ro\/2024\/#\/schema\/person\/4f7ca30ab538cb03a3c6146bb39b497e\"},\"headline\":\"AUGUSZTUS 20.: NEMZETI \u00dcNNEP KOLOZSV\u00c1R F\u0150TER\u00c9N\",\"datePublished\":\"2024-08-21T09:01:07+00:00\",\"dateModified\":\"2024-08-21T09:01:08+00:00\",\"mainEntityOfPage\":{\"@id\":\"https:\/\/magyarnapok.ro\/2024\/augusztus-20-nemzeti-unnep-kolozsvar-foteren\/\"},\"wordCount\":868,\"publisher\":{\"@id\":\"https:\/\/magyarnapok.ro\/2024\/#organization\"},\"image\":{\"@id\":\"https:\/\/magyarnapok.ro\/2024\/augusztus-20-nemzeti-unnep-kolozsvar-foteren\/#primaryimage\"},\"thumbnailUrl\":\"https:\/\/magyarnapok.ro\/2024\/wp-content\/uploads\/2024\/08\/KMN2024_Szent-Istvan-_napi-Neptanctalalkozo-KNN-Foter_20240820_182843_SZZ_4538-scaled.jpg\",\"inLanguage\":\"hu\"},{\"@type\":\"WebPage\",\"@id\":\"https:\/\/magyarnapok.ro\/2024\/augusztus-20-nemzeti-unnep-kolozsvar-foteren\/\",\"url\":\"https:\/\/magyarnapok.ro\/2024\/augusztus-20-nemzeti-unnep-kolozsvar-foteren\/\",\"name\":\"AUGUSZTUS 20.: NEMZETI \u00dcNNEP KOLOZSV\u00c1R F\u0150TER\u00c9N - Kolozsv\u00e1ri Magyar Napok 2024\",\"isPartOf\":{\"@id\":\"https:\/\/magyarnapok.ro\/2024\/#website\"},\"primaryImageOfPage\":{\"@id\":\"https:\/\/magyarnapok.ro\/2024\/augusztus-20-nemzeti-unnep-kolozsvar-foteren\/#primaryimage\"},\"image\":{\"@id\":\"https:\/\/magyarnapok.ro\/2024\/augusztus-20-nemzeti-unnep-kolozsvar-foteren\/#primaryimage\"},\"thumbnailUrl\":\"https:\/\/magyarnapok.ro\/2024\/wp-content\/uploads\/2024\/08\/KMN2024_Szent-Istvan-_napi-Neptanctalalkozo-KNN-Foter_20240820_182843_SZZ_4538-scaled.jpg\",\"datePublished\":\"2024-08-21T09:01:07+00:00\",\"dateModified\":\"2024-08-21T09:01:08+00:00\",\"breadcrumb\":{\"@id\":\"https:\/\/magyarnapok.ro\/2024\/augusztus-20-nemzeti-unnep-kolozsvar-foteren\/#breadcrumb\"},\"inLanguage\":\"hu\",\"potentialAction\":[{\"@type\":\"ReadAction\",\"target\":[\"https:\/\/magyarnapok.ro\/2024\/augusztus-20-nemzeti-unnep-kolozsvar-foteren\/\"]}]},{\"@type\":\"ImageObject\",\"inLanguage\":\"hu\",\"@id\":\"https:\/\/magyarnapok.ro\/2024\/augusztus-20-nemzeti-unnep-kolozsvar-foteren\/#primaryimage\",\"url\":\"https:\/\/magyarnapok.ro\/2024\/wp-content\/uploads\/2024\/08\/KMN2024_Szent-Istvan-_napi-Neptanctalalkozo-KNN-Foter_20240820_182843_SZZ_4538-scaled.jpg\",\"contentUrl\":\"https:\/\/magyarnapok.ro\/2024\/wp-content\/uploads\/2024\/08\/KMN2024_Szent-Istvan-_napi-Neptanctalalkozo-KNN-Foter_20240820_182843_SZZ_4538-scaled.jpg\",\"width\":2560,\"height\":1707},{\"@type\":\"BreadcrumbList\",\"@id\":\"https:\/\/magyarnapok.ro\/2024\/augusztus-20-nemzeti-unnep-kolozsvar-foteren\/#breadcrumb\",\"itemListElement\":[{\"@type\":\"ListItem\",\"position\":1,\"name\":\"Home\",\"item\":\"https:\/\/magyarnapok.ro\/2024\/\"},{\"@type\":\"ListItem\",\"position\":2,\"name\":\"AUGUSZTUS 20.: NEMZETI \u00dcNNEP KOLOZSV\u00c1R F\u0150TER\u00c9N\"}]},{\"@type\":\"WebSite\",\"@id\":\"https:\/\/magyarnapok.ro\/2024\/#website\",\"url\":\"https:\/\/magyarnapok.ro\/2024\/\",\"name\":\"Kolozsv\u00e1ri Magyar Napok 2024\",\"description\":\"A h\u00e9t meg a nyolc\u00e1t!\",\"publisher\":{\"@id\":\"https:\/\/magyarnapok.ro\/2024\/#organization\"},\"potentialAction\":[{\"@type\":\"SearchAction\",\"target\":{\"@type\":\"EntryPoint\",\"urlTemplate\":\"https:\/\/magyarnapok.ro\/2024\/?s={search_term_string}\"},\"query-input\":\"required name=search_term_string\"}],\"inLanguage\":\"hu\"},{\"@type\":\"Organization\",\"@id\":\"https:\/\/magyarnapok.ro\/2024\/#organization\",\"name\":\"Kolozsv\u00e1ri Magyar Napok\",\"url\":\"https:\/\/magyarnapok.ro\/2024\/\",\"logo\":{\"@type\":\"ImageObject\",\"inLanguage\":\"hu\",\"@id\":\"https:\/\/magyarnapok.ro\/2024\/#\/schema\/logo\/image\/\",\"url\":\"https:\/\/magyarnapok.ro\/2024\/wp-content\/uploads\/2024\/04\/kmn_15_logo.png\",\"contentUrl\":\"https:\/\/magyarnapok.ro\/2024\/wp-content\/uploads\/2024\/04\/kmn_15_logo.png\",\"width\":385,\"height\":362,\"caption\":\"Kolozsv\u00e1ri Magyar Napok\"},\"image\":{\"@id\":\"https:\/\/magyarnapok.ro\/2024\/#\/schema\/logo\/image\/\"},\"sameAs\":[\"https:\/\/www.facebook.com\/magyarnapok\",\"https:\/\/www.instagram.com\/magyarnapok\/\",\"https:\/\/www.youtube.com\/c\/KolozsvriMagyarNapok2015\"]},{\"@type\":\"Person\",\"@id\":\"https:\/\/magyarnapok.ro\/2024\/#\/schema\/person\/4f7ca30ab538cb03a3c6146bb39b497e\",\"name\":\"S\u00e1ri Rom\u00e1n\",\"image\":{\"@type\":\"ImageObject\",\"inLanguage\":\"hu\",\"@id\":\"https:\/\/magyarnapok.ro\/2024\/#\/schema\/person\/image\/\",\"url\":\"https:\/\/secure.gravatar.com\/avatar\/91c75dcd2067ce4077834f6e3ece679465c21407b734374f7b1c7962150ba024?s=96&d=mm&r=g\",\"contentUrl\":\"https:\/\/secure.gravatar.com\/avatar\/91c75dcd2067ce4077834f6e3ece679465c21407b734374f7b1c7962150ba024?s=96&d=mm&r=g\",\"caption\":\"S\u00e1ri Rom\u00e1n\"},\"url\":\"https:\/\/magyarnapok.ro\/2024\/author\/roman-sari\/\"}]}<\/script>\n<!-- \/ Yoast SEO plugin. -->","yoast_head_json":{"title":"AUGUSZTUS 20.: NEMZETI \u00dcNNEP KOLOZSV\u00c1R F\u0150TER\u00c9N - Kolozsv\u00e1ri Magyar Napok 2024","robots":{"index":"index","follow":"follow","max-snippet":"max-snippet:-1","max-image-preview":"max-image-preview:large","max-video-preview":"max-video-preview:-1"},"canonical":"https:\/\/magyarnapok.ro\/2024\/augusztus-20-nemzeti-unnep-kolozsvar-foteren\/","og_locale":"hu_HU","og_type":"article","og_title":"AUGUSZTUS 20.: NEMZETI \u00dcNNEP KOLOZSV\u00c1R F\u0150TER\u00c9N - Kolozsv\u00e1ri Magyar Napok 2024","og_description":"A Magyarok Kenyer\u00e9nek meg\u00e1ld\u00e1s\u00e1val, n\u00e9pviseleti felvonul\u00e1ssal \u00e9s f\u0151t\u00e9ri n\u00e9pt\u00e1ncg\u00e1l\u00e1val \u00fcnnepelt Kolozsv\u00e1r magyars\u00e1ga...","og_url":"https:\/\/magyarnapok.ro\/2024\/augusztus-20-nemzeti-unnep-kolozsvar-foteren\/","og_site_name":"Kolozsv\u00e1ri Magyar Napok 2024","article_publisher":"https:\/\/www.facebook.com\/magyarnapok","article_published_time":"2024-08-21T09:01:07+00:00","article_modified_time":"2024-08-21T09:01:08+00:00","og_image":[{"width":2560,"height":1707,"url":"https:\/\/magyarnapok.ro\/2024\/wp-content\/uploads\/2024\/08\/KMN2024_Szent-Istvan-_napi-Neptanctalalkozo-KNN-Foter_20240820_182843_SZZ_4538-scaled.jpg","type":"image\/jpeg"}],"author":"S\u00e1ri Rom\u00e1n","twitter_card":"summary_large_image","twitter_misc":{"Szerz\u0151:":"S\u00e1ri Rom\u00e1n","Becs\u00fclt olvas\u00e1si id\u0151":"3 perc"},"schema":{"@context":"https:\/\/schema.org","@graph":[{"@type":"Article","@id":"https:\/\/magyarnapok.ro\/2024\/augusztus-20-nemzeti-unnep-kolozsvar-foteren\/#article","isPartOf":{"@id":"https:\/\/magyarnapok.ro\/2024\/augusztus-20-nemzeti-unnep-kolozsvar-foteren\/"},"author":{"name":"S\u00e1ri Rom\u00e1n","@id":"https:\/\/magyarnapok.ro\/2024\/#\/schema\/person\/4f7ca30ab538cb03a3c6146bb39b497e"},"headline":"AUGUSZTUS 20.: NEMZETI \u00dcNNEP KOLOZSV\u00c1R F\u0150TER\u00c9N","datePublished":"2024-08-21T09:01:07+00:00","dateModified":"2024-08-21T09:01:08+00:00","mainEntityOfPage":{"@id":"https:\/\/magyarnapok.ro\/2024\/augusztus-20-nemzeti-unnep-kolozsvar-foteren\/"},"wordCount":868,"publisher":{"@id":"https:\/\/magyarnapok.ro\/2024\/#organization"},"image":{"@id":"https:\/\/magyarnapok.ro\/2024\/augusztus-20-nemzeti-unnep-kolozsvar-foteren\/#primaryimage"},"thumbnailUrl":"https:\/\/magyarnapok.ro\/2024\/wp-content\/uploads\/2024\/08\/KMN2024_Szent-Istvan-_napi-Neptanctalalkozo-KNN-Foter_20240820_182843_SZZ_4538-scaled.jpg","inLanguage":"hu"},{"@type":"WebPage","@id":"https:\/\/magyarnapok.ro\/2024\/augusztus-20-nemzeti-unnep-kolozsvar-foteren\/","url":"https:\/\/magyarnapok.ro\/2024\/augusztus-20-nemzeti-unnep-kolozsvar-foteren\/","name":"AUGUSZTUS 20.: NEMZETI \u00dcNNEP KOLOZSV\u00c1R F\u0150TER\u00c9N - Kolozsv\u00e1ri Magyar Napok 2024","isPartOf":{"@id":"https:\/\/magyarnapok.ro\/2024\/#website"},"primaryImageOfPage":{"@id":"https:\/\/magyarnapok.ro\/2024\/augusztus-20-nemzeti-unnep-kolozsvar-foteren\/#primaryimage"},"image":{"@id":"https:\/\/magyarnapok.ro\/2024\/augusztus-20-nemzeti-unnep-kolozsvar-foteren\/#primaryimage"},"thumbnailUrl":"https:\/\/magyarnapok.ro\/2024\/wp-content\/uploads\/2024\/08\/KMN2024_Szent-Istvan-_napi-Neptanctalalkozo-KNN-Foter_20240820_182843_SZZ_4538-scaled.jpg","datePublished":"2024-08-21T09:01:07+00:00","dateModified":"2024-08-21T09:01:08+00:00","breadcrumb":{"@id":"https:\/\/magyarnapok.ro\/2024\/augusztus-20-nemzeti-unnep-kolozsvar-foteren\/#breadcrumb"},"inLanguage":"hu","potentialAction":[{"@type":"ReadAction","target":["https:\/\/magyarnapok.ro\/2024\/augusztus-20-nemzeti-unnep-kolozsvar-foteren\/"]}]},{"@type":"ImageObject","inLanguage":"hu","@id":"https:\/\/magyarnapok.ro\/2024\/augusztus-20-nemzeti-unnep-kolozsvar-foteren\/#primaryimage","url":"https:\/\/magyarnapok.ro\/2024\/wp-content\/uploads\/2024\/08\/KMN2024_Szent-Istvan-_napi-Neptanctalalkozo-KNN-Foter_20240820_182843_SZZ_4538-scaled.jpg","contentUrl":"https:\/\/magyarnapok.ro\/2024\/wp-content\/uploads\/2024\/08\/KMN2024_Szent-Istvan-_napi-Neptanctalalkozo-KNN-Foter_20240820_182843_SZZ_4538-scaled.jpg","width":2560,"height":1707},{"@type":"BreadcrumbList","@id":"https:\/\/magyarnapok.ro\/2024\/augusztus-20-nemzeti-unnep-kolozsvar-foteren\/#breadcrumb","itemListElement":[{"@type":"ListItem","position":1,"name":"Home","item":"https:\/\/magyarnapok.ro\/2024\/"},{"@type":"ListItem","position":2,"name":"AUGUSZTUS 20.: NEMZETI \u00dcNNEP KOLOZSV\u00c1R F\u0150TER\u00c9N"}]},{"@type":"WebSite","@id":"https:\/\/magyarnapok.ro\/2024\/#website","url":"https:\/\/magyarnapok.ro\/2024\/","name":"Kolozsv\u00e1ri Magyar Napok 2024","description":"A h\u00e9t meg a nyolc\u00e1t!","publisher":{"@id":"https:\/\/magyarnapok.ro\/2024\/#organization"},"potentialAction":[{"@type":"SearchAction","target":{"@type":"EntryPoint","urlTemplate":"https:\/\/magyarnapok.ro\/2024\/?s={search_term_string}"},"query-input":"required name=search_term_string"}],"inLanguage":"hu"},{"@type":"Organization","@id":"https:\/\/magyarnapok.ro\/2024\/#organization","name":"Kolozsv\u00e1ri Magyar Napok","url":"https:\/\/magyarnapok.ro\/2024\/","logo":{"@type":"ImageObject","inLanguage":"hu","@id":"https:\/\/magyarnapok.ro\/2024\/#\/schema\/logo\/image\/","url":"https:\/\/magyarnapok.ro\/2024\/wp-content\/uploads\/2024\/04\/kmn_15_logo.png","contentUrl":"https:\/\/magyarnapok.ro\/2024\/wp-content\/uploads\/2024\/04\/kmn_15_logo.png","width":385,"height":362,"caption":"Kolozsv\u00e1ri Magyar Napok"},"image":{"@id":"https:\/\/magyarnapok.ro\/2024\/#\/schema\/logo\/image\/"},"sameAs":["https:\/\/www.facebook.com\/magyarnapok","https:\/\/www.instagram.com\/magyarnapok\/","https:\/\/www.youtube.com\/c\/KolozsvriMagyarNapok2015"]},{"@type":"Person","@id":"https:\/\/magyarnapok.ro\/2024\/#\/schema\/person\/4f7ca30ab538cb03a3c6146bb39b497e","name":"S\u00e1ri Rom\u00e1n","image":{"@type":"ImageObject","inLanguage":"hu","@id":"https:\/\/magyarnapok.ro\/2024\/#\/schema\/person\/image\/","url":"https:\/\/secure.gravatar.com\/avatar\/91c75dcd2067ce4077834f6e3ece679465c21407b734374f7b1c7962150ba024?s=96&d=mm&r=g","contentUrl":"https:\/\/secure.gravatar.com\/avatar\/91c75dcd2067ce4077834f6e3ece679465c21407b734374f7b1c7962150ba024?s=96&d=mm&r=g","caption":"S\u00e1ri Rom\u00e1n"},"url":"https:\/\/magyarnapok.ro\/2024\/author\/roman-sari\/"}]}},"_links":{"self":[{"href":"https:\/\/magyarnapok.ro\/2024\/wp-json\/wp\/v2\/posts\/3270","targetHints":{"allow":["GET"]}}],"collection":[{"href":"https:\/\/magyarnapok.ro\/2024\/wp-json\/wp\/v2\/posts"}],"about":[{"href":"https:\/\/magyarnapok.ro\/2024\/wp-json\/wp\/v2\/types\/post"}],"author":[{"embeddable":true,"href":"https:\/\/magyarnapok.ro\/2024\/wp-json\/wp\/v2\/users\/8"}],"replies":[{"embeddable":true,"href":"https:\/\/magyarnapok.ro\/2024\/wp-json\/wp\/v2\/comments?post=3270"}],"version-history":[{"count":1,"href":"https:\/\/magyarnapok.ro\/2024\/wp-json\/wp\/v2\/posts\/3270\/revisions"}],"predecessor-version":[{"id":3272,"href":"https:\/\/magyarnapok.ro\/2024\/wp-json\/wp\/v2\/posts\/3270\/revisions\/3272"}],"wp:featuredmedia":[{"embeddable":true,"href":"https:\/\/magyarnapok.ro\/2024\/wp-json\/wp\/v2\/media\/3271"}],"wp:attachment":[{"href":"https:\/\/magyarnapok.ro\/2024\/wp-json\/wp\/v2\/media?parent=3270"}],"wp:term":[{"taxonomy":"category","embeddable":true,"href":"https:\/\/magyarnapok.ro\/2024\/wp-json\/wp\/v2\/categories?post=3270"},{"taxonomy":"post_tag","embeddable":true,"href":"https:\/\/magyarnapok.ro\/2024\/wp-json\/wp\/v2\/tags?post=3270"}],"curies":[{"name":"wp","href":"https:\/\/api.w.org\/{rel}","templated":true}]}}