{"id":3275,"date":"2024-08-21T20:36:50","date_gmt":"2024-08-21T17:36:50","guid":{"rendered":"https:\/\/magyarnapok.ro\/2024\/?p=3275"},"modified":"2024-08-21T20:36:50","modified_gmt":"2024-08-21T17:36:50","slug":"erdelyi-nagyok-banffy-miklosrol-es-kos-karolyrol-szolo-kotetet-mutattak-be","status":"publish","type":"post","link":"https:\/\/magyarnapok.ro\/2024\/erdelyi-nagyok-banffy-miklosrol-es-kos-karolyrol-szolo-kotetet-mutattak-be\/","title":{"rendered":"Erd\u00e9lyi nagyok: B\u00e1nffy Mikl\u00f3sr\u00f3l \u00e9s K\u00f3s K\u00e1rolyr\u00f3l sz\u00f3l\u00f3 k\u00f6tetet mutattak be"},"content":{"rendered":"\n<p>A tavaly megjelent K\u00f3s-B\u00e1nffy, B\u00e1nffy-K\u00f3s Eml\u00e9kk\u00f6nyvet a Gy\u00f6rk\u00f6s M\u00e1nyi Albert Eml\u00e9kh\u00e1zban augusztus 20-\u00e1n mutatt\u00e1k be.<\/p>\n\n\n\n<p>A k\u00f6tetet szerkeszt\u0151 Szebeni Zsuzsa, a Liszt Int\u00e9zet \u2013 Sepsiszentgy\u00f6rgy vezet\u0151je \u00e9s Gy. D\u00e1vid Gyula \u00e9p\u00edt\u00e9sz, a k\u00f6tet egyik szerz\u0151je ismertett\u00e9k a kiadv\u00e1nyt. K\u00f3s Katalin, az EMKE Gy\u00f6rk\u00f6s M\u00e1nyi Albert Eml\u00e9kh\u00e1z vezet\u0151je k\u00f6sz\u00f6nt\u0151t mondott.<\/p>\n\n\n\n<p>K\u00f3s Katalin, K\u00f3s K\u00e1roly unok\u00e1ja \u00f6r\u00f6m\u00e9t fejezte ki, hogy egy\u00fcttm\u0171k\u00f6dhetett a k\u00f6tet kiad\u00e1s\u00e1ban.<br>Szebeni Zsuzsa, a sepsiszentgy\u00f6rgyi Magyar Kultur\u00e1lis Int\u00e9zet vezet\u0151je bevezet\u0151j\u00e9ben elmondta, hogy ezzel a k\u00f6tettel neh\u00e9z feladatot v\u00e1llalt \u00e9s t\u00f6bbnyire visszautas\u00edt\u00e1ssal tal\u00e1lta szembe mag\u00e1t, nem kapott elegend\u0151 seg\u00edts\u00e9get a rendhagy\u00f3 munka megjelentet\u00e9s\u00e9hez, v\u00e9g\u00fcl azonban a seg\u00edts\u00e9g a K\u00f6zleked\u00e9si Miniszt\u00e9riumt\u00f3l \u00e9s id\u0151sebb D\u00e1vid Gyul\u00e1t\u00f3l \u00e9rkezett, aki megadta az \u00f6tletet ahhoz, hogy mi legyen a kett\u0151s \u00e9vfordul\u00f3s k\u00f6tet szerkezete. Ugyanakkor k\u00f6sz\u00f6net\u00e9t fejezte ki ifjabb D\u00e1vid Gyul\u00e1nak az\u00e9rt, hogy v\u00e1llalta a k\u00f6nyv egyik munk\u00e1j\u00e1t, amely \u00e9p\u00edt\u00e9szt\u00f6rt\u00e9neti szempontb\u00f3l vizsg\u00e1lja B\u00e1nffy \u00e9s K\u00f3s kapcsolat\u00e1t.<\/p>\n\n\n\n<p>A k\u00e9t, Erd\u00e9lyben megker\u00fclhetetlen szem\u00e9lyis\u00e9g egyik k\u00f6z\u00f6s pontja I. Ferenc J\u00f3zsef koron\u00e1z\u00e1si \u00fcnneps\u00e9ge volt, amelynek forgat\u00f3k\u00f6nyv\u00e9t harminc nap alatt k\u00f6z\u00f6sen dolgoztak ki, emellett pedig az Erd\u00e9lyi Helikon r\u00e9v\u00e9n, \u00e9s a sz\u00ednh\u00e1zi vil\u00e1gban, illetve a B\u00e1nffy-kast\u00e9lyban is sz\u00e1mtalanszor tal\u00e1lkoztak. Szebeni Zsuzsa term\u00e9keny munkafolyamatnak nevezte a k\u00f6nyv szerkeszt\u00e9s\u00e9t. D\u00e1vid Gyula elmondta: kutat\u00e1sa elej\u00e9n azt vette \u00e9szre, hogy rengeteg olyan megoldatlan momentuma (pl. a g\u00f3tikus veranda, \u00e9szaknyugati b\u00e1stya, csatorn\u00e1z\u00e1s, V\u00e1radi Aranka lakoszt\u00e1lya) van a kast\u00e9ly \u00e9p\u00edt\u00e9s\u00e9nek \u00e9s kialakul\u00e1s\u00e1nak, amit musz\u00e1j volt t\u00fczetesebben megvizsg\u00e1lnia, de arra is k\u00edv\u00e1ncsi volt, hogy K\u00f3snak volt-e valami szerepe ezekben. A k\u00e9t szakember m\u00e9g a R\u00f3th Miksa h\u00edres mozaik- \u00e9s \u00fcvegm\u0171v\u00e9sz szam\u00e1rh\u00e1t\u00edves \u00f3lom\u00fcveges ablakair\u00f3l is \u00e9rtekezett, amely egykoron a B\u00e1nffy-kast\u00e9lyban volt megcsod\u00e1lhat\u00f3, de sz\u00f3 esett azokr\u00f3l a c\u00edmerekr\u0151l is, amelyek ezeket az ablakot d\u00edszitett\u00e9k.<\/p>\n\n\n\n<p>A k\u00f6tetben egy\u00e9bk\u00e9nt m\u00e9g Benk\u0151 Samu K\u00f3s K\u00e1rollyal val\u00f3 besz\u00e9lget\u00e9seknek r\u00e9szleteir\u0151l, a k\u00e9t szem\u00e9lyis\u00e9g sz\u00ednpadi egy\u00fcttm\u0171k\u00f6d\u00e9s\u00e9r\u0151l, a Sz\u00e9kely Nemzeti M\u00fazeumba tervezett fal- \u00e9s \u00fcvegfestm\u00e9nyekr\u0151l, illetve Vargha Mih\u00e1llyal, a Sz\u00e9kely Nemzeti M\u00fazeum igazgat\u00f3j\u00e1val k\u00e9sz\u00fclt interj\u00far\u00f3l is lehet olvasni.<\/p>\n\n\n\n<p>Mih\u00e1ly Kriszta<\/p>\n","protected":false},"excerpt":{"rendered":"<p>A tavaly megjelent K\u00f3s-B\u00e1nffy, B\u00e1nffy-K\u00f3s Eml\u00e9kk\u00f6nyvet a Gy\u00f6rk\u00f6s M\u00e1nyi Albert Eml\u00e9kh\u00e1zban augusztus 20-\u00e1n mutatt\u00e1k be.<\/p>\n","protected":false},"author":8,"featured_media":3276,"comment_status":"closed","ping_status":"open","sticky":false,"template":"","format":"standard","meta":{"_acf_changed":false,"footnotes":""},"categories":[1],"tags":[],"class_list":["post-3275","post","type-post","status-publish","format-standard","has-post-thumbnail","hentry","category-egyeb"],"acf":[],"yoast_head":"<!-- This site is optimized with the Yoast SEO plugin v23.0 - https:\/\/yoast.com\/wordpress\/plugins\/seo\/ -->\n<title>Erd\u00e9lyi nagyok: B\u00e1nffy Mikl\u00f3sr\u00f3l \u00e9s K\u00f3s K\u00e1rolyr\u00f3l sz\u00f3l\u00f3 k\u00f6tetet mutattak be - Kolozsv\u00e1ri Magyar Napok 2024<\/title>\n<meta name=\"robots\" content=\"index, follow, max-snippet:-1, max-image-preview:large, max-video-preview:-1\" \/>\n<link rel=\"canonical\" href=\"https:\/\/magyarnapok.ro\/2024\/erdelyi-nagyok-banffy-miklosrol-es-kos-karolyrol-szolo-kotetet-mutattak-be\/\" \/>\n<meta property=\"og:locale\" content=\"hu_HU\" \/>\n<meta property=\"og:type\" content=\"article\" \/>\n<meta property=\"og:title\" content=\"Erd\u00e9lyi nagyok: B\u00e1nffy Mikl\u00f3sr\u00f3l \u00e9s K\u00f3s K\u00e1rolyr\u00f3l sz\u00f3l\u00f3 k\u00f6tetet mutattak be - Kolozsv\u00e1ri Magyar Napok 2024\" \/>\n<meta property=\"og:description\" content=\"A tavaly megjelent K\u00f3s-B\u00e1nffy, B\u00e1nffy-K\u00f3s Eml\u00e9kk\u00f6nyvet a Gy\u00f6rk\u00f6s M\u00e1nyi Albert Eml\u00e9kh\u00e1zban augusztus 20-\u00e1n mutatt\u00e1k be.\" \/>\n<meta property=\"og:url\" content=\"https:\/\/magyarnapok.ro\/2024\/erdelyi-nagyok-banffy-miklosrol-es-kos-karolyrol-szolo-kotetet-mutattak-be\/\" \/>\n<meta property=\"og:site_name\" content=\"Kolozsv\u00e1ri Magyar Napok 2024\" \/>\n<meta property=\"article:publisher\" content=\"https:\/\/www.facebook.com\/magyarnapok\" \/>\n<meta property=\"article:published_time\" content=\"2024-08-21T17:36:50+00:00\" \/>\n<meta property=\"og:image\" content=\"https:\/\/magyarnapok.ro\/2024\/wp-content\/uploads\/2024\/08\/kos.jpg\" \/>\n\t<meta property=\"og:image:width\" content=\"1200\" \/>\n\t<meta property=\"og:image:height\" content=\"800\" \/>\n\t<meta property=\"og:image:type\" content=\"image\/jpeg\" \/>\n<meta name=\"author\" content=\"S\u00e1ri Rom\u00e1n\" \/>\n<meta name=\"twitter:card\" content=\"summary_large_image\" \/>\n<meta name=\"twitter:label1\" content=\"Szerz\u0151:\" \/>\n\t<meta name=\"twitter:data1\" content=\"S\u00e1ri Rom\u00e1n\" \/>\n\t<meta name=\"twitter:label2\" content=\"Becs\u00fclt olvas\u00e1si id\u0151\" \/>\n\t<meta name=\"twitter:data2\" content=\"2 perc\" \/>\n<script type=\"application\/ld+json\" class=\"yoast-schema-graph\">{\"@context\":\"https:\/\/schema.org\",\"@graph\":[{\"@type\":\"Article\",\"@id\":\"https:\/\/magyarnapok.ro\/2024\/erdelyi-nagyok-banffy-miklosrol-es-kos-karolyrol-szolo-kotetet-mutattak-be\/#article\",\"isPartOf\":{\"@id\":\"https:\/\/magyarnapok.ro\/2024\/erdelyi-nagyok-banffy-miklosrol-es-kos-karolyrol-szolo-kotetet-mutattak-be\/\"},\"author\":{\"name\":\"S\u00e1ri Rom\u00e1n\",\"@id\":\"https:\/\/magyarnapok.ro\/2024\/#\/schema\/person\/4f7ca30ab538cb03a3c6146bb39b497e\"},\"headline\":\"Erd\u00e9lyi nagyok: B\u00e1nffy Mikl\u00f3sr\u00f3l \u00e9s K\u00f3s K\u00e1rolyr\u00f3l sz\u00f3l\u00f3 k\u00f6tetet mutattak be\",\"datePublished\":\"2024-08-21T17:36:50+00:00\",\"dateModified\":\"2024-08-21T17:36:50+00:00\",\"mainEntityOfPage\":{\"@id\":\"https:\/\/magyarnapok.ro\/2024\/erdelyi-nagyok-banffy-miklosrol-es-kos-karolyrol-szolo-kotetet-mutattak-be\/\"},\"wordCount\":525,\"publisher\":{\"@id\":\"https:\/\/magyarnapok.ro\/2024\/#organization\"},\"image\":{\"@id\":\"https:\/\/magyarnapok.ro\/2024\/erdelyi-nagyok-banffy-miklosrol-es-kos-karolyrol-szolo-kotetet-mutattak-be\/#primaryimage\"},\"thumbnailUrl\":\"https:\/\/magyarnapok.ro\/2024\/wp-content\/uploads\/2024\/08\/kos.jpg\",\"inLanguage\":\"hu\"},{\"@type\":\"WebPage\",\"@id\":\"https:\/\/magyarnapok.ro\/2024\/erdelyi-nagyok-banffy-miklosrol-es-kos-karolyrol-szolo-kotetet-mutattak-be\/\",\"url\":\"https:\/\/magyarnapok.ro\/2024\/erdelyi-nagyok-banffy-miklosrol-es-kos-karolyrol-szolo-kotetet-mutattak-be\/\",\"name\":\"Erd\u00e9lyi nagyok: B\u00e1nffy Mikl\u00f3sr\u00f3l \u00e9s K\u00f3s K\u00e1rolyr\u00f3l sz\u00f3l\u00f3 k\u00f6tetet mutattak be - Kolozsv\u00e1ri Magyar Napok 2024\",\"isPartOf\":{\"@id\":\"https:\/\/magyarnapok.ro\/2024\/#website\"},\"primaryImageOfPage\":{\"@id\":\"https:\/\/magyarnapok.ro\/2024\/erdelyi-nagyok-banffy-miklosrol-es-kos-karolyrol-szolo-kotetet-mutattak-be\/#primaryimage\"},\"image\":{\"@id\":\"https:\/\/magyarnapok.ro\/2024\/erdelyi-nagyok-banffy-miklosrol-es-kos-karolyrol-szolo-kotetet-mutattak-be\/#primaryimage\"},\"thumbnailUrl\":\"https:\/\/magyarnapok.ro\/2024\/wp-content\/uploads\/2024\/08\/kos.jpg\",\"datePublished\":\"2024-08-21T17:36:50+00:00\",\"dateModified\":\"2024-08-21T17:36:50+00:00\",\"breadcrumb\":{\"@id\":\"https:\/\/magyarnapok.ro\/2024\/erdelyi-nagyok-banffy-miklosrol-es-kos-karolyrol-szolo-kotetet-mutattak-be\/#breadcrumb\"},\"inLanguage\":\"hu\",\"potentialAction\":[{\"@type\":\"ReadAction\",\"target\":[\"https:\/\/magyarnapok.ro\/2024\/erdelyi-nagyok-banffy-miklosrol-es-kos-karolyrol-szolo-kotetet-mutattak-be\/\"]}]},{\"@type\":\"ImageObject\",\"inLanguage\":\"hu\",\"@id\":\"https:\/\/magyarnapok.ro\/2024\/erdelyi-nagyok-banffy-miklosrol-es-kos-karolyrol-szolo-kotetet-mutattak-be\/#primaryimage\",\"url\":\"https:\/\/magyarnapok.ro\/2024\/wp-content\/uploads\/2024\/08\/kos.jpg\",\"contentUrl\":\"https:\/\/magyarnapok.ro\/2024\/wp-content\/uploads\/2024\/08\/kos.jpg\",\"width\":1200,\"height\":800},{\"@type\":\"BreadcrumbList\",\"@id\":\"https:\/\/magyarnapok.ro\/2024\/erdelyi-nagyok-banffy-miklosrol-es-kos-karolyrol-szolo-kotetet-mutattak-be\/#breadcrumb\",\"itemListElement\":[{\"@type\":\"ListItem\",\"position\":1,\"name\":\"Home\",\"item\":\"https:\/\/magyarnapok.ro\/2024\/\"},{\"@type\":\"ListItem\",\"position\":2,\"name\":\"Erd\u00e9lyi nagyok: B\u00e1nffy Mikl\u00f3sr\u00f3l \u00e9s K\u00f3s K\u00e1rolyr\u00f3l sz\u00f3l\u00f3 k\u00f6tetet mutattak be\"}]},{\"@type\":\"WebSite\",\"@id\":\"https:\/\/magyarnapok.ro\/2024\/#website\",\"url\":\"https:\/\/magyarnapok.ro\/2024\/\",\"name\":\"Kolozsv\u00e1ri Magyar Napok 2024\",\"description\":\"A h\u00e9t meg a nyolc\u00e1t!\",\"publisher\":{\"@id\":\"https:\/\/magyarnapok.ro\/2024\/#organization\"},\"potentialAction\":[{\"@type\":\"SearchAction\",\"target\":{\"@type\":\"EntryPoint\",\"urlTemplate\":\"https:\/\/magyarnapok.ro\/2024\/?s={search_term_string}\"},\"query-input\":\"required name=search_term_string\"}],\"inLanguage\":\"hu\"},{\"@type\":\"Organization\",\"@id\":\"https:\/\/magyarnapok.ro\/2024\/#organization\",\"name\":\"Kolozsv\u00e1ri Magyar Napok\",\"url\":\"https:\/\/magyarnapok.ro\/2024\/\",\"logo\":{\"@type\":\"ImageObject\",\"inLanguage\":\"hu\",\"@id\":\"https:\/\/magyarnapok.ro\/2024\/#\/schema\/logo\/image\/\",\"url\":\"https:\/\/magyarnapok.ro\/2024\/wp-content\/uploads\/2024\/04\/kmn_15_logo.png\",\"contentUrl\":\"https:\/\/magyarnapok.ro\/2024\/wp-content\/uploads\/2024\/04\/kmn_15_logo.png\",\"width\":385,\"height\":362,\"caption\":\"Kolozsv\u00e1ri Magyar Napok\"},\"image\":{\"@id\":\"https:\/\/magyarnapok.ro\/2024\/#\/schema\/logo\/image\/\"},\"sameAs\":[\"https:\/\/www.facebook.com\/magyarnapok\",\"https:\/\/www.instagram.com\/magyarnapok\/\",\"https:\/\/www.youtube.com\/c\/KolozsvriMagyarNapok2015\"]},{\"@type\":\"Person\",\"@id\":\"https:\/\/magyarnapok.ro\/2024\/#\/schema\/person\/4f7ca30ab538cb03a3c6146bb39b497e\",\"name\":\"S\u00e1ri Rom\u00e1n\",\"image\":{\"@type\":\"ImageObject\",\"inLanguage\":\"hu\",\"@id\":\"https:\/\/magyarnapok.ro\/2024\/#\/schema\/person\/image\/\",\"url\":\"https:\/\/secure.gravatar.com\/avatar\/91c75dcd2067ce4077834f6e3ece679465c21407b734374f7b1c7962150ba024?s=96&d=mm&r=g\",\"contentUrl\":\"https:\/\/secure.gravatar.com\/avatar\/91c75dcd2067ce4077834f6e3ece679465c21407b734374f7b1c7962150ba024?s=96&d=mm&r=g\",\"caption\":\"S\u00e1ri Rom\u00e1n\"},\"url\":\"https:\/\/magyarnapok.ro\/2024\/author\/roman-sari\/\"}]}<\/script>\n<!-- \/ Yoast SEO plugin. -->","yoast_head_json":{"title":"Erd\u00e9lyi nagyok: B\u00e1nffy Mikl\u00f3sr\u00f3l \u00e9s K\u00f3s K\u00e1rolyr\u00f3l sz\u00f3l\u00f3 k\u00f6tetet mutattak be - Kolozsv\u00e1ri Magyar Napok 2024","robots":{"index":"index","follow":"follow","max-snippet":"max-snippet:-1","max-image-preview":"max-image-preview:large","max-video-preview":"max-video-preview:-1"},"canonical":"https:\/\/magyarnapok.ro\/2024\/erdelyi-nagyok-banffy-miklosrol-es-kos-karolyrol-szolo-kotetet-mutattak-be\/","og_locale":"hu_HU","og_type":"article","og_title":"Erd\u00e9lyi nagyok: B\u00e1nffy Mikl\u00f3sr\u00f3l \u00e9s K\u00f3s K\u00e1rolyr\u00f3l sz\u00f3l\u00f3 k\u00f6tetet mutattak be - Kolozsv\u00e1ri Magyar Napok 2024","og_description":"A tavaly megjelent K\u00f3s-B\u00e1nffy, B\u00e1nffy-K\u00f3s Eml\u00e9kk\u00f6nyvet a Gy\u00f6rk\u00f6s M\u00e1nyi Albert Eml\u00e9kh\u00e1zban augusztus 20-\u00e1n mutatt\u00e1k be.","og_url":"https:\/\/magyarnapok.ro\/2024\/erdelyi-nagyok-banffy-miklosrol-es-kos-karolyrol-szolo-kotetet-mutattak-be\/","og_site_name":"Kolozsv\u00e1ri Magyar Napok 2024","article_publisher":"https:\/\/www.facebook.com\/magyarnapok","article_published_time":"2024-08-21T17:36:50+00:00","og_image":[{"width":1200,"height":800,"url":"https:\/\/magyarnapok.ro\/2024\/wp-content\/uploads\/2024\/08\/kos.jpg","type":"image\/jpeg"}],"author":"S\u00e1ri Rom\u00e1n","twitter_card":"summary_large_image","twitter_misc":{"Szerz\u0151:":"S\u00e1ri Rom\u00e1n","Becs\u00fclt olvas\u00e1si id\u0151":"2 perc"},"schema":{"@context":"https:\/\/schema.org","@graph":[{"@type":"Article","@id":"https:\/\/magyarnapok.ro\/2024\/erdelyi-nagyok-banffy-miklosrol-es-kos-karolyrol-szolo-kotetet-mutattak-be\/#article","isPartOf":{"@id":"https:\/\/magyarnapok.ro\/2024\/erdelyi-nagyok-banffy-miklosrol-es-kos-karolyrol-szolo-kotetet-mutattak-be\/"},"author":{"name":"S\u00e1ri Rom\u00e1n","@id":"https:\/\/magyarnapok.ro\/2024\/#\/schema\/person\/4f7ca30ab538cb03a3c6146bb39b497e"},"headline":"Erd\u00e9lyi nagyok: B\u00e1nffy Mikl\u00f3sr\u00f3l \u00e9s K\u00f3s K\u00e1rolyr\u00f3l sz\u00f3l\u00f3 k\u00f6tetet mutattak be","datePublished":"2024-08-21T17:36:50+00:00","dateModified":"2024-08-21T17:36:50+00:00","mainEntityOfPage":{"@id":"https:\/\/magyarnapok.ro\/2024\/erdelyi-nagyok-banffy-miklosrol-es-kos-karolyrol-szolo-kotetet-mutattak-be\/"},"wordCount":525,"publisher":{"@id":"https:\/\/magyarnapok.ro\/2024\/#organization"},"image":{"@id":"https:\/\/magyarnapok.ro\/2024\/erdelyi-nagyok-banffy-miklosrol-es-kos-karolyrol-szolo-kotetet-mutattak-be\/#primaryimage"},"thumbnailUrl":"https:\/\/magyarnapok.ro\/2024\/wp-content\/uploads\/2024\/08\/kos.jpg","inLanguage":"hu"},{"@type":"WebPage","@id":"https:\/\/magyarnapok.ro\/2024\/erdelyi-nagyok-banffy-miklosrol-es-kos-karolyrol-szolo-kotetet-mutattak-be\/","url":"https:\/\/magyarnapok.ro\/2024\/erdelyi-nagyok-banffy-miklosrol-es-kos-karolyrol-szolo-kotetet-mutattak-be\/","name":"Erd\u00e9lyi nagyok: B\u00e1nffy Mikl\u00f3sr\u00f3l \u00e9s K\u00f3s K\u00e1rolyr\u00f3l sz\u00f3l\u00f3 k\u00f6tetet mutattak be - Kolozsv\u00e1ri Magyar Napok 2024","isPartOf":{"@id":"https:\/\/magyarnapok.ro\/2024\/#website"},"primaryImageOfPage":{"@id":"https:\/\/magyarnapok.ro\/2024\/erdelyi-nagyok-banffy-miklosrol-es-kos-karolyrol-szolo-kotetet-mutattak-be\/#primaryimage"},"image":{"@id":"https:\/\/magyarnapok.ro\/2024\/erdelyi-nagyok-banffy-miklosrol-es-kos-karolyrol-szolo-kotetet-mutattak-be\/#primaryimage"},"thumbnailUrl":"https:\/\/magyarnapok.ro\/2024\/wp-content\/uploads\/2024\/08\/kos.jpg","datePublished":"2024-08-21T17:36:50+00:00","dateModified":"2024-08-21T17:36:50+00:00","breadcrumb":{"@id":"https:\/\/magyarnapok.ro\/2024\/erdelyi-nagyok-banffy-miklosrol-es-kos-karolyrol-szolo-kotetet-mutattak-be\/#breadcrumb"},"inLanguage":"hu","potentialAction":[{"@type":"ReadAction","target":["https:\/\/magyarnapok.ro\/2024\/erdelyi-nagyok-banffy-miklosrol-es-kos-karolyrol-szolo-kotetet-mutattak-be\/"]}]},{"@type":"ImageObject","inLanguage":"hu","@id":"https:\/\/magyarnapok.ro\/2024\/erdelyi-nagyok-banffy-miklosrol-es-kos-karolyrol-szolo-kotetet-mutattak-be\/#primaryimage","url":"https:\/\/magyarnapok.ro\/2024\/wp-content\/uploads\/2024\/08\/kos.jpg","contentUrl":"https:\/\/magyarnapok.ro\/2024\/wp-content\/uploads\/2024\/08\/kos.jpg","width":1200,"height":800},{"@type":"BreadcrumbList","@id":"https:\/\/magyarnapok.ro\/2024\/erdelyi-nagyok-banffy-miklosrol-es-kos-karolyrol-szolo-kotetet-mutattak-be\/#breadcrumb","itemListElement":[{"@type":"ListItem","position":1,"name":"Home","item":"https:\/\/magyarnapok.ro\/2024\/"},{"@type":"ListItem","position":2,"name":"Erd\u00e9lyi nagyok: B\u00e1nffy Mikl\u00f3sr\u00f3l \u00e9s K\u00f3s K\u00e1rolyr\u00f3l sz\u00f3l\u00f3 k\u00f6tetet mutattak be"}]},{"@type":"WebSite","@id":"https:\/\/magyarnapok.ro\/2024\/#website","url":"https:\/\/magyarnapok.ro\/2024\/","name":"Kolozsv\u00e1ri Magyar Napok 2024","description":"A h\u00e9t meg a nyolc\u00e1t!","publisher":{"@id":"https:\/\/magyarnapok.ro\/2024\/#organization"},"potentialAction":[{"@type":"SearchAction","target":{"@type":"EntryPoint","urlTemplate":"https:\/\/magyarnapok.ro\/2024\/?s={search_term_string}"},"query-input":"required name=search_term_string"}],"inLanguage":"hu"},{"@type":"Organization","@id":"https:\/\/magyarnapok.ro\/2024\/#organization","name":"Kolozsv\u00e1ri Magyar Napok","url":"https:\/\/magyarnapok.ro\/2024\/","logo":{"@type":"ImageObject","inLanguage":"hu","@id":"https:\/\/magyarnapok.ro\/2024\/#\/schema\/logo\/image\/","url":"https:\/\/magyarnapok.ro\/2024\/wp-content\/uploads\/2024\/04\/kmn_15_logo.png","contentUrl":"https:\/\/magyarnapok.ro\/2024\/wp-content\/uploads\/2024\/04\/kmn_15_logo.png","width":385,"height":362,"caption":"Kolozsv\u00e1ri Magyar Napok"},"image":{"@id":"https:\/\/magyarnapok.ro\/2024\/#\/schema\/logo\/image\/"},"sameAs":["https:\/\/www.facebook.com\/magyarnapok","https:\/\/www.instagram.com\/magyarnapok\/","https:\/\/www.youtube.com\/c\/KolozsvriMagyarNapok2015"]},{"@type":"Person","@id":"https:\/\/magyarnapok.ro\/2024\/#\/schema\/person\/4f7ca30ab538cb03a3c6146bb39b497e","name":"S\u00e1ri Rom\u00e1n","image":{"@type":"ImageObject","inLanguage":"hu","@id":"https:\/\/magyarnapok.ro\/2024\/#\/schema\/person\/image\/","url":"https:\/\/secure.gravatar.com\/avatar\/91c75dcd2067ce4077834f6e3ece679465c21407b734374f7b1c7962150ba024?s=96&d=mm&r=g","contentUrl":"https:\/\/secure.gravatar.com\/avatar\/91c75dcd2067ce4077834f6e3ece679465c21407b734374f7b1c7962150ba024?s=96&d=mm&r=g","caption":"S\u00e1ri Rom\u00e1n"},"url":"https:\/\/magyarnapok.ro\/2024\/author\/roman-sari\/"}]}},"_links":{"self":[{"href":"https:\/\/magyarnapok.ro\/2024\/wp-json\/wp\/v2\/posts\/3275","targetHints":{"allow":["GET"]}}],"collection":[{"href":"https:\/\/magyarnapok.ro\/2024\/wp-json\/wp\/v2\/posts"}],"about":[{"href":"https:\/\/magyarnapok.ro\/2024\/wp-json\/wp\/v2\/types\/post"}],"author":[{"embeddable":true,"href":"https:\/\/magyarnapok.ro\/2024\/wp-json\/wp\/v2\/users\/8"}],"replies":[{"embeddable":true,"href":"https:\/\/magyarnapok.ro\/2024\/wp-json\/wp\/v2\/comments?post=3275"}],"version-history":[{"count":1,"href":"https:\/\/magyarnapok.ro\/2024\/wp-json\/wp\/v2\/posts\/3275\/revisions"}],"predecessor-version":[{"id":3277,"href":"https:\/\/magyarnapok.ro\/2024\/wp-json\/wp\/v2\/posts\/3275\/revisions\/3277"}],"wp:featuredmedia":[{"embeddable":true,"href":"https:\/\/magyarnapok.ro\/2024\/wp-json\/wp\/v2\/media\/3276"}],"wp:attachment":[{"href":"https:\/\/magyarnapok.ro\/2024\/wp-json\/wp\/v2\/media?parent=3275"}],"wp:term":[{"taxonomy":"category","embeddable":true,"href":"https:\/\/magyarnapok.ro\/2024\/wp-json\/wp\/v2\/categories?post=3275"},{"taxonomy":"post_tag","embeddable":true,"href":"https:\/\/magyarnapok.ro\/2024\/wp-json\/wp\/v2\/tags?post=3275"}],"curies":[{"name":"wp","href":"https:\/\/api.w.org\/{rel}","templated":true}]}}