{"id":3289,"date":"2024-08-23T13:12:00","date_gmt":"2024-08-23T10:12:00","guid":{"rendered":"https:\/\/magyarnapok.ro\/2024\/?p=3289"},"modified":"2024-08-23T13:12:01","modified_gmt":"2024-08-23T10:12:01","slug":"kozos-cel-a-magyarsag-megszolitasa-az-erdelyi-partok-szamara","status":"publish","type":"post","link":"https:\/\/magyarnapok.ro\/2024\/kozos-cel-a-magyarsag-megszolitasa-az-erdelyi-partok-szamara\/","title":{"rendered":"K\u00f6z\u00f6s c\u00e9l a magyars\u00e1g megsz\u00f3l\u00edt\u00e1sa az erd\u00e9lyi p\u00e1rtok sz\u00e1m\u00e1ra"},"content":{"rendered":"\n<p>Sokr\u00e9t\u0171, Erd\u00e9ly-k\u00f6zpont\u00fa besz\u00e9lget\u00e9seket tartogatott a szerdai nap a magyarnapoz\u00f3knak. Az \u00e9v utols\u00f3 k\u00e9t v\u00e1laszt\u00e1s\u00e1nak eredm\u00e9nye N\u00e9meth Zsolt szerint a magyar politikai vezet\u00e9s sz\u00e1m\u00e1ra is kiemelten fontos.<\/p>\n\n\n\n<p>Magyarorsz\u00e1g Kolozsv\u00e1ri F\u0151konzul\u00e1tus\u00e1nak szervez\u00e9s\u00e9ben a #F\u0151t\u00e9r23 nev\u0171 helysz\u00ednen tartottak besz\u00e9lget\u00e9st az idei rom\u00e1niai v\u00e1laszt\u00e1sokr\u00f3l. Grezsa Csaba f\u0151konzul t\u00e9mafelvet\u00e9seire N\u00e9meth Zsolt, az Orsz\u00e1ggy\u0171l\u00e9s K\u00fcl\u00fcgyi bizotts\u00e1g\u00e1nak eln\u00f6ke, Sz\u00e9kely Istv\u00e1n az RMDSZ \u00fcgyvezet\u0151 aleln\u00f6ke \u00e9s Zakari\u00e1s Zolt\u00e1n, az EMSZ eln\u00f6ke reag\u00e1lt.<\/p>\n\n\n\n<p>N\u00e9meth Zsolt a besz\u00e9lget\u00e9s elej\u00e9n kifejtette, Magyarorsz\u00e1gnak egy\u00e1ltal\u00e1n nem mell\u00e9kes, hogy mi t\u00f6rt\u00e9nik a rom\u00e1niai v\u00e1laszt\u00e1sokon. Szerinte az elm\u00falt \u00e9vekben konstans volt az aj\u00e1nlatuk a k\u00e9t orsz\u00e1g k\u00f6z\u00f6tti egy\u00fcttm\u0171k\u00f6d\u00e9sre, \u00e9s pozit\u00edv fejlem\u00e9nynek tartja, hogy a rom\u00e1n minisztereln\u00f6k ny\u00edltan elfogadhatatlannak nevezte a magyarelleness\u00e9get.<\/p>\n\n\n\n<p>\u201eAz ideologikus vagy a magyars\u00e1g tekintet\u00e9ben g\u00f6rcs\u00f6s politika is jelen van az orsz\u00e1gban. Nem felt\u00e9tlen\u00fcl lehet ezt p\u00e1rtokra leosztani, minden p\u00e1rtban vannak k\u00fcl\u00f6nb\u00f6z\u0151 ir\u00e1nyzatok. A k\u00f6zdelem politikai csal\u00e1dokon bel\u00fcl is zajlik. Neh\u00e9z megmondani, hogy a pragmatikus vagy a g\u00f6rcs\u00f6s megk\u00f6zel\u00edt\u00e9s fog fel\u00fclkerekedni\u201d \u2013 emelte ki N\u00e9meth Zsolt a magyarokkal szembeni rom\u00e1n kisebbs\u00e9gpolitik\u00e1val kapcsolatban. Ezt k\u00f6vet\u0151en Grezsa Csaba kolozsv\u00e1ri f\u0151konzul t\u00e9rt ki arra, hogy az RMDSZ sikeres eredm\u00e9nnyel z\u00e1rta az \u00e9v els\u0151 k\u00e9t v\u00e1laszt\u00e1s\u00e1t, rengeteg erd\u00e9lyi magyart megsz\u00f3l\u00edtva.<\/p>\n\n\n\n<p>\u201eJ\u00f3 kil\u00e1t\u00e1sokkal n\u00e9z\u00fcnk az \u00e9v v\u00e9gi v\u00e1laszt\u00e1sok el\u00e9. AZ RMDSZ \u00e9rdeke az volt, hogy az eln\u00f6ki v\u00e1laszt\u00e1s els\u0151 \u00e9s m\u00e1sodik fordul\u00f3ja se essen egybe a parlamentivel. Az eln\u00f6kin az eddigi gyakorlat szerint sokkal magasabb a r\u00e9szv\u00e9teli ar\u00e1ny, a magyar szavaz\u00f3kat viszont nem mozgatja meg\u201d \u2013 fejtette ki Sz\u00e9kely Istv\u00e1n a p\u00e1rt t\u00f6rekv\u00e9s\u00e9nek ok\u00e1t.<\/p>\n\n\n\n<p>\u201eMaximaliz\u00e1lni kell a magyar szavazatokat. Ez csak akkor lehets\u00e9ges, ha az orsz\u00e1gos v\u00e1laszt\u00e1sokon valamilyen form\u00e1ban egy\u00fctt tudunk fell\u00e9pni. Ez\u00e9rt kezdem\u00e9nyezt\u00fck \u0151sszel a keretmeg\u00e1llapod\u00e1s megk\u00f6t\u00e9s\u00e9t, amelyet m\u00e1rciusban al\u00e1\u00edrtunk \u00e9s k\u00fcl\u00f6n-k\u00fcl\u00f6n a n\u00e9gy v\u00e1laszt\u00e1sr\u00f3l rendelkezik\u201d \u2013 r\u00e9szletezte a k\u00e9t magyar politikai szervezet k\u00f6z\u00f6tti egy\u00fcttm\u0171k\u00f6d\u00e9s fontoss\u00e1g\u00e1t Zakari\u00e1s Zolt\u00e1n EMSZ-eln\u00f6k. A folytat\u00e1sban mindk\u00e9t k\u00f6zszerepl\u0151 \u00fagy v\u00e9lte, az erd\u00e9lyi politikai szf\u00e9r\u00e1nak j\u00f3t tesz, ha t\u00f6bb magyar p\u00e1rt is indul a v\u00e1laszt\u00e1sokon, mert a magyars\u00e1g megsz\u00f3l\u00edt\u00e1sa mindegyik\u00fck sz\u00e1m\u00e1ra k\u00f6z\u00f6s c\u00e9lt jelent.<\/p>\n\n\n\n<p>Gebe Zolt\u00e1n<\/p>\n","protected":false},"excerpt":{"rendered":"<p>Sokr\u00e9t\u0171, Erd\u00e9ly-k\u00f6zpont\u00fa besz\u00e9lget\u00e9seket tartogatott a szerdai nap a magyarnapoz\u00f3knak.<\/p>\n","protected":false},"author":8,"featured_media":3290,"comment_status":"closed","ping_status":"open","sticky":false,"template":"","format":"standard","meta":{"_acf_changed":false,"footnotes":""},"categories":[1],"tags":[],"class_list":["post-3289","post","type-post","status-publish","format-standard","has-post-thumbnail","hentry","category-egyeb"],"acf":[],"yoast_head":"<!-- This site is optimized with the Yoast SEO plugin v23.0 - https:\/\/yoast.com\/wordpress\/plugins\/seo\/ -->\n<title>K\u00f6z\u00f6s c\u00e9l a magyars\u00e1g megsz\u00f3l\u00edt\u00e1sa az erd\u00e9lyi p\u00e1rtok sz\u00e1m\u00e1ra - Kolozsv\u00e1ri Magyar Napok 2024<\/title>\n<meta name=\"robots\" content=\"index, follow, max-snippet:-1, max-image-preview:large, max-video-preview:-1\" \/>\n<link rel=\"canonical\" href=\"https:\/\/magyarnapok.ro\/2024\/kozos-cel-a-magyarsag-megszolitasa-az-erdelyi-partok-szamara\/\" \/>\n<meta property=\"og:locale\" content=\"hu_HU\" \/>\n<meta property=\"og:type\" content=\"article\" \/>\n<meta property=\"og:title\" content=\"K\u00f6z\u00f6s c\u00e9l a magyars\u00e1g megsz\u00f3l\u00edt\u00e1sa az erd\u00e9lyi p\u00e1rtok sz\u00e1m\u00e1ra - Kolozsv\u00e1ri Magyar Napok 2024\" \/>\n<meta property=\"og:description\" content=\"Sokr\u00e9t\u0171, Erd\u00e9ly-k\u00f6zpont\u00fa besz\u00e9lget\u00e9seket tartogatott a szerdai nap a magyarnapoz\u00f3knak.\" \/>\n<meta property=\"og:url\" content=\"https:\/\/magyarnapok.ro\/2024\/kozos-cel-a-magyarsag-megszolitasa-az-erdelyi-partok-szamara\/\" \/>\n<meta property=\"og:site_name\" content=\"Kolozsv\u00e1ri Magyar Napok 2024\" \/>\n<meta property=\"article:publisher\" content=\"https:\/\/www.facebook.com\/magyarnapok\" \/>\n<meta property=\"article:published_time\" content=\"2024-08-23T10:12:00+00:00\" \/>\n<meta property=\"article:modified_time\" content=\"2024-08-23T10:12:01+00:00\" \/>\n<meta property=\"og:image\" content=\"https:\/\/magyarnapok.ro\/2024\/wp-content\/uploads\/2024\/08\/KMN_2024_Valasztasok-arnyekaba_20240821175302_9626_RN-scaled.jpg\" \/>\n\t<meta property=\"og:image:width\" content=\"2560\" \/>\n\t<meta property=\"og:image:height\" content=\"1707\" \/>\n\t<meta property=\"og:image:type\" content=\"image\/jpeg\" \/>\n<meta name=\"author\" content=\"S\u00e1ri Rom\u00e1n\" \/>\n<meta name=\"twitter:card\" content=\"summary_large_image\" \/>\n<meta name=\"twitter:label1\" content=\"Szerz\u0151:\" \/>\n\t<meta name=\"twitter:data1\" content=\"S\u00e1ri Rom\u00e1n\" \/>\n\t<meta name=\"twitter:label2\" content=\"Becs\u00fclt olvas\u00e1si id\u0151\" \/>\n\t<meta name=\"twitter:data2\" content=\"2 perc\" \/>\n<script type=\"application\/ld+json\" class=\"yoast-schema-graph\">{\"@context\":\"https:\/\/schema.org\",\"@graph\":[{\"@type\":\"Article\",\"@id\":\"https:\/\/magyarnapok.ro\/2024\/kozos-cel-a-magyarsag-megszolitasa-az-erdelyi-partok-szamara\/#article\",\"isPartOf\":{\"@id\":\"https:\/\/magyarnapok.ro\/2024\/kozos-cel-a-magyarsag-megszolitasa-az-erdelyi-partok-szamara\/\"},\"author\":{\"name\":\"S\u00e1ri Rom\u00e1n\",\"@id\":\"https:\/\/magyarnapok.ro\/2024\/#\/schema\/person\/4f7ca30ab538cb03a3c6146bb39b497e\"},\"headline\":\"K\u00f6z\u00f6s c\u00e9l a magyars\u00e1g megsz\u00f3l\u00edt\u00e1sa az erd\u00e9lyi p\u00e1rtok sz\u00e1m\u00e1ra\",\"datePublished\":\"2024-08-23T10:12:00+00:00\",\"dateModified\":\"2024-08-23T10:12:01+00:00\",\"mainEntityOfPage\":{\"@id\":\"https:\/\/magyarnapok.ro\/2024\/kozos-cel-a-magyarsag-megszolitasa-az-erdelyi-partok-szamara\/\"},\"wordCount\":536,\"publisher\":{\"@id\":\"https:\/\/magyarnapok.ro\/2024\/#organization\"},\"image\":{\"@id\":\"https:\/\/magyarnapok.ro\/2024\/kozos-cel-a-magyarsag-megszolitasa-az-erdelyi-partok-szamara\/#primaryimage\"},\"thumbnailUrl\":\"https:\/\/magyarnapok.ro\/2024\/wp-content\/uploads\/2024\/08\/KMN_2024_Valasztasok-arnyekaba_20240821175302_9626_RN-scaled.jpg\",\"inLanguage\":\"hu\"},{\"@type\":\"WebPage\",\"@id\":\"https:\/\/magyarnapok.ro\/2024\/kozos-cel-a-magyarsag-megszolitasa-az-erdelyi-partok-szamara\/\",\"url\":\"https:\/\/magyarnapok.ro\/2024\/kozos-cel-a-magyarsag-megszolitasa-az-erdelyi-partok-szamara\/\",\"name\":\"K\u00f6z\u00f6s c\u00e9l a magyars\u00e1g megsz\u00f3l\u00edt\u00e1sa az erd\u00e9lyi p\u00e1rtok sz\u00e1m\u00e1ra - Kolozsv\u00e1ri Magyar Napok 2024\",\"isPartOf\":{\"@id\":\"https:\/\/magyarnapok.ro\/2024\/#website\"},\"primaryImageOfPage\":{\"@id\":\"https:\/\/magyarnapok.ro\/2024\/kozos-cel-a-magyarsag-megszolitasa-az-erdelyi-partok-szamara\/#primaryimage\"},\"image\":{\"@id\":\"https:\/\/magyarnapok.ro\/2024\/kozos-cel-a-magyarsag-megszolitasa-az-erdelyi-partok-szamara\/#primaryimage\"},\"thumbnailUrl\":\"https:\/\/magyarnapok.ro\/2024\/wp-content\/uploads\/2024\/08\/KMN_2024_Valasztasok-arnyekaba_20240821175302_9626_RN-scaled.jpg\",\"datePublished\":\"2024-08-23T10:12:00+00:00\",\"dateModified\":\"2024-08-23T10:12:01+00:00\",\"breadcrumb\":{\"@id\":\"https:\/\/magyarnapok.ro\/2024\/kozos-cel-a-magyarsag-megszolitasa-az-erdelyi-partok-szamara\/#breadcrumb\"},\"inLanguage\":\"hu\",\"potentialAction\":[{\"@type\":\"ReadAction\",\"target\":[\"https:\/\/magyarnapok.ro\/2024\/kozos-cel-a-magyarsag-megszolitasa-az-erdelyi-partok-szamara\/\"]}]},{\"@type\":\"ImageObject\",\"inLanguage\":\"hu\",\"@id\":\"https:\/\/magyarnapok.ro\/2024\/kozos-cel-a-magyarsag-megszolitasa-az-erdelyi-partok-szamara\/#primaryimage\",\"url\":\"https:\/\/magyarnapok.ro\/2024\/wp-content\/uploads\/2024\/08\/KMN_2024_Valasztasok-arnyekaba_20240821175302_9626_RN-scaled.jpg\",\"contentUrl\":\"https:\/\/magyarnapok.ro\/2024\/wp-content\/uploads\/2024\/08\/KMN_2024_Valasztasok-arnyekaba_20240821175302_9626_RN-scaled.jpg\",\"width\":2560,\"height\":1707},{\"@type\":\"BreadcrumbList\",\"@id\":\"https:\/\/magyarnapok.ro\/2024\/kozos-cel-a-magyarsag-megszolitasa-az-erdelyi-partok-szamara\/#breadcrumb\",\"itemListElement\":[{\"@type\":\"ListItem\",\"position\":1,\"name\":\"Home\",\"item\":\"https:\/\/magyarnapok.ro\/2024\/\"},{\"@type\":\"ListItem\",\"position\":2,\"name\":\"K\u00f6z\u00f6s c\u00e9l a magyars\u00e1g megsz\u00f3l\u00edt\u00e1sa az erd\u00e9lyi p\u00e1rtok sz\u00e1m\u00e1ra\"}]},{\"@type\":\"WebSite\",\"@id\":\"https:\/\/magyarnapok.ro\/2024\/#website\",\"url\":\"https:\/\/magyarnapok.ro\/2024\/\",\"name\":\"Kolozsv\u00e1ri Magyar Napok 2024\",\"description\":\"A h\u00e9t meg a nyolc\u00e1t!\",\"publisher\":{\"@id\":\"https:\/\/magyarnapok.ro\/2024\/#organization\"},\"potentialAction\":[{\"@type\":\"SearchAction\",\"target\":{\"@type\":\"EntryPoint\",\"urlTemplate\":\"https:\/\/magyarnapok.ro\/2024\/?s={search_term_string}\"},\"query-input\":\"required name=search_term_string\"}],\"inLanguage\":\"hu\"},{\"@type\":\"Organization\",\"@id\":\"https:\/\/magyarnapok.ro\/2024\/#organization\",\"name\":\"Kolozsv\u00e1ri Magyar Napok\",\"url\":\"https:\/\/magyarnapok.ro\/2024\/\",\"logo\":{\"@type\":\"ImageObject\",\"inLanguage\":\"hu\",\"@id\":\"https:\/\/magyarnapok.ro\/2024\/#\/schema\/logo\/image\/\",\"url\":\"https:\/\/magyarnapok.ro\/2024\/wp-content\/uploads\/2024\/04\/kmn_15_logo.png\",\"contentUrl\":\"https:\/\/magyarnapok.ro\/2024\/wp-content\/uploads\/2024\/04\/kmn_15_logo.png\",\"width\":385,\"height\":362,\"caption\":\"Kolozsv\u00e1ri Magyar Napok\"},\"image\":{\"@id\":\"https:\/\/magyarnapok.ro\/2024\/#\/schema\/logo\/image\/\"},\"sameAs\":[\"https:\/\/www.facebook.com\/magyarnapok\",\"https:\/\/www.instagram.com\/magyarnapok\/\",\"https:\/\/www.youtube.com\/c\/KolozsvriMagyarNapok2015\"]},{\"@type\":\"Person\",\"@id\":\"https:\/\/magyarnapok.ro\/2024\/#\/schema\/person\/4f7ca30ab538cb03a3c6146bb39b497e\",\"name\":\"S\u00e1ri Rom\u00e1n\",\"image\":{\"@type\":\"ImageObject\",\"inLanguage\":\"hu\",\"@id\":\"https:\/\/magyarnapok.ro\/2024\/#\/schema\/person\/image\/\",\"url\":\"https:\/\/secure.gravatar.com\/avatar\/91c75dcd2067ce4077834f6e3ece679465c21407b734374f7b1c7962150ba024?s=96&d=mm&r=g\",\"contentUrl\":\"https:\/\/secure.gravatar.com\/avatar\/91c75dcd2067ce4077834f6e3ece679465c21407b734374f7b1c7962150ba024?s=96&d=mm&r=g\",\"caption\":\"S\u00e1ri Rom\u00e1n\"},\"url\":\"https:\/\/magyarnapok.ro\/2024\/author\/roman-sari\/\"}]}<\/script>\n<!-- \/ Yoast SEO plugin. -->","yoast_head_json":{"title":"K\u00f6z\u00f6s c\u00e9l a magyars\u00e1g megsz\u00f3l\u00edt\u00e1sa az erd\u00e9lyi p\u00e1rtok sz\u00e1m\u00e1ra - Kolozsv\u00e1ri Magyar Napok 2024","robots":{"index":"index","follow":"follow","max-snippet":"max-snippet:-1","max-image-preview":"max-image-preview:large","max-video-preview":"max-video-preview:-1"},"canonical":"https:\/\/magyarnapok.ro\/2024\/kozos-cel-a-magyarsag-megszolitasa-az-erdelyi-partok-szamara\/","og_locale":"hu_HU","og_type":"article","og_title":"K\u00f6z\u00f6s c\u00e9l a magyars\u00e1g megsz\u00f3l\u00edt\u00e1sa az erd\u00e9lyi p\u00e1rtok sz\u00e1m\u00e1ra - Kolozsv\u00e1ri Magyar Napok 2024","og_description":"Sokr\u00e9t\u0171, Erd\u00e9ly-k\u00f6zpont\u00fa besz\u00e9lget\u00e9seket tartogatott a szerdai nap a magyarnapoz\u00f3knak.","og_url":"https:\/\/magyarnapok.ro\/2024\/kozos-cel-a-magyarsag-megszolitasa-az-erdelyi-partok-szamara\/","og_site_name":"Kolozsv\u00e1ri Magyar Napok 2024","article_publisher":"https:\/\/www.facebook.com\/magyarnapok","article_published_time":"2024-08-23T10:12:00+00:00","article_modified_time":"2024-08-23T10:12:01+00:00","og_image":[{"width":2560,"height":1707,"url":"https:\/\/magyarnapok.ro\/2024\/wp-content\/uploads\/2024\/08\/KMN_2024_Valasztasok-arnyekaba_20240821175302_9626_RN-scaled.jpg","type":"image\/jpeg"}],"author":"S\u00e1ri Rom\u00e1n","twitter_card":"summary_large_image","twitter_misc":{"Szerz\u0151:":"S\u00e1ri Rom\u00e1n","Becs\u00fclt olvas\u00e1si id\u0151":"2 perc"},"schema":{"@context":"https:\/\/schema.org","@graph":[{"@type":"Article","@id":"https:\/\/magyarnapok.ro\/2024\/kozos-cel-a-magyarsag-megszolitasa-az-erdelyi-partok-szamara\/#article","isPartOf":{"@id":"https:\/\/magyarnapok.ro\/2024\/kozos-cel-a-magyarsag-megszolitasa-az-erdelyi-partok-szamara\/"},"author":{"name":"S\u00e1ri Rom\u00e1n","@id":"https:\/\/magyarnapok.ro\/2024\/#\/schema\/person\/4f7ca30ab538cb03a3c6146bb39b497e"},"headline":"K\u00f6z\u00f6s c\u00e9l a magyars\u00e1g megsz\u00f3l\u00edt\u00e1sa az erd\u00e9lyi p\u00e1rtok sz\u00e1m\u00e1ra","datePublished":"2024-08-23T10:12:00+00:00","dateModified":"2024-08-23T10:12:01+00:00","mainEntityOfPage":{"@id":"https:\/\/magyarnapok.ro\/2024\/kozos-cel-a-magyarsag-megszolitasa-az-erdelyi-partok-szamara\/"},"wordCount":536,"publisher":{"@id":"https:\/\/magyarnapok.ro\/2024\/#organization"},"image":{"@id":"https:\/\/magyarnapok.ro\/2024\/kozos-cel-a-magyarsag-megszolitasa-az-erdelyi-partok-szamara\/#primaryimage"},"thumbnailUrl":"https:\/\/magyarnapok.ro\/2024\/wp-content\/uploads\/2024\/08\/KMN_2024_Valasztasok-arnyekaba_20240821175302_9626_RN-scaled.jpg","inLanguage":"hu"},{"@type":"WebPage","@id":"https:\/\/magyarnapok.ro\/2024\/kozos-cel-a-magyarsag-megszolitasa-az-erdelyi-partok-szamara\/","url":"https:\/\/magyarnapok.ro\/2024\/kozos-cel-a-magyarsag-megszolitasa-az-erdelyi-partok-szamara\/","name":"K\u00f6z\u00f6s c\u00e9l a magyars\u00e1g megsz\u00f3l\u00edt\u00e1sa az erd\u00e9lyi p\u00e1rtok sz\u00e1m\u00e1ra - Kolozsv\u00e1ri Magyar Napok 2024","isPartOf":{"@id":"https:\/\/magyarnapok.ro\/2024\/#website"},"primaryImageOfPage":{"@id":"https:\/\/magyarnapok.ro\/2024\/kozos-cel-a-magyarsag-megszolitasa-az-erdelyi-partok-szamara\/#primaryimage"},"image":{"@id":"https:\/\/magyarnapok.ro\/2024\/kozos-cel-a-magyarsag-megszolitasa-az-erdelyi-partok-szamara\/#primaryimage"},"thumbnailUrl":"https:\/\/magyarnapok.ro\/2024\/wp-content\/uploads\/2024\/08\/KMN_2024_Valasztasok-arnyekaba_20240821175302_9626_RN-scaled.jpg","datePublished":"2024-08-23T10:12:00+00:00","dateModified":"2024-08-23T10:12:01+00:00","breadcrumb":{"@id":"https:\/\/magyarnapok.ro\/2024\/kozos-cel-a-magyarsag-megszolitasa-az-erdelyi-partok-szamara\/#breadcrumb"},"inLanguage":"hu","potentialAction":[{"@type":"ReadAction","target":["https:\/\/magyarnapok.ro\/2024\/kozos-cel-a-magyarsag-megszolitasa-az-erdelyi-partok-szamara\/"]}]},{"@type":"ImageObject","inLanguage":"hu","@id":"https:\/\/magyarnapok.ro\/2024\/kozos-cel-a-magyarsag-megszolitasa-az-erdelyi-partok-szamara\/#primaryimage","url":"https:\/\/magyarnapok.ro\/2024\/wp-content\/uploads\/2024\/08\/KMN_2024_Valasztasok-arnyekaba_20240821175302_9626_RN-scaled.jpg","contentUrl":"https:\/\/magyarnapok.ro\/2024\/wp-content\/uploads\/2024\/08\/KMN_2024_Valasztasok-arnyekaba_20240821175302_9626_RN-scaled.jpg","width":2560,"height":1707},{"@type":"BreadcrumbList","@id":"https:\/\/magyarnapok.ro\/2024\/kozos-cel-a-magyarsag-megszolitasa-az-erdelyi-partok-szamara\/#breadcrumb","itemListElement":[{"@type":"ListItem","position":1,"name":"Home","item":"https:\/\/magyarnapok.ro\/2024\/"},{"@type":"ListItem","position":2,"name":"K\u00f6z\u00f6s c\u00e9l a magyars\u00e1g megsz\u00f3l\u00edt\u00e1sa az erd\u00e9lyi p\u00e1rtok sz\u00e1m\u00e1ra"}]},{"@type":"WebSite","@id":"https:\/\/magyarnapok.ro\/2024\/#website","url":"https:\/\/magyarnapok.ro\/2024\/","name":"Kolozsv\u00e1ri Magyar Napok 2024","description":"A h\u00e9t meg a nyolc\u00e1t!","publisher":{"@id":"https:\/\/magyarnapok.ro\/2024\/#organization"},"potentialAction":[{"@type":"SearchAction","target":{"@type":"EntryPoint","urlTemplate":"https:\/\/magyarnapok.ro\/2024\/?s={search_term_string}"},"query-input":"required name=search_term_string"}],"inLanguage":"hu"},{"@type":"Organization","@id":"https:\/\/magyarnapok.ro\/2024\/#organization","name":"Kolozsv\u00e1ri Magyar Napok","url":"https:\/\/magyarnapok.ro\/2024\/","logo":{"@type":"ImageObject","inLanguage":"hu","@id":"https:\/\/magyarnapok.ro\/2024\/#\/schema\/logo\/image\/","url":"https:\/\/magyarnapok.ro\/2024\/wp-content\/uploads\/2024\/04\/kmn_15_logo.png","contentUrl":"https:\/\/magyarnapok.ro\/2024\/wp-content\/uploads\/2024\/04\/kmn_15_logo.png","width":385,"height":362,"caption":"Kolozsv\u00e1ri Magyar Napok"},"image":{"@id":"https:\/\/magyarnapok.ro\/2024\/#\/schema\/logo\/image\/"},"sameAs":["https:\/\/www.facebook.com\/magyarnapok","https:\/\/www.instagram.com\/magyarnapok\/","https:\/\/www.youtube.com\/c\/KolozsvriMagyarNapok2015"]},{"@type":"Person","@id":"https:\/\/magyarnapok.ro\/2024\/#\/schema\/person\/4f7ca30ab538cb03a3c6146bb39b497e","name":"S\u00e1ri Rom\u00e1n","image":{"@type":"ImageObject","inLanguage":"hu","@id":"https:\/\/magyarnapok.ro\/2024\/#\/schema\/person\/image\/","url":"https:\/\/secure.gravatar.com\/avatar\/91c75dcd2067ce4077834f6e3ece679465c21407b734374f7b1c7962150ba024?s=96&d=mm&r=g","contentUrl":"https:\/\/secure.gravatar.com\/avatar\/91c75dcd2067ce4077834f6e3ece679465c21407b734374f7b1c7962150ba024?s=96&d=mm&r=g","caption":"S\u00e1ri Rom\u00e1n"},"url":"https:\/\/magyarnapok.ro\/2024\/author\/roman-sari\/"}]}},"_links":{"self":[{"href":"https:\/\/magyarnapok.ro\/2024\/wp-json\/wp\/v2\/posts\/3289","targetHints":{"allow":["GET"]}}],"collection":[{"href":"https:\/\/magyarnapok.ro\/2024\/wp-json\/wp\/v2\/posts"}],"about":[{"href":"https:\/\/magyarnapok.ro\/2024\/wp-json\/wp\/v2\/types\/post"}],"author":[{"embeddable":true,"href":"https:\/\/magyarnapok.ro\/2024\/wp-json\/wp\/v2\/users\/8"}],"replies":[{"embeddable":true,"href":"https:\/\/magyarnapok.ro\/2024\/wp-json\/wp\/v2\/comments?post=3289"}],"version-history":[{"count":1,"href":"https:\/\/magyarnapok.ro\/2024\/wp-json\/wp\/v2\/posts\/3289\/revisions"}],"predecessor-version":[{"id":3291,"href":"https:\/\/magyarnapok.ro\/2024\/wp-json\/wp\/v2\/posts\/3289\/revisions\/3291"}],"wp:featuredmedia":[{"embeddable":true,"href":"https:\/\/magyarnapok.ro\/2024\/wp-json\/wp\/v2\/media\/3290"}],"wp:attachment":[{"href":"https:\/\/magyarnapok.ro\/2024\/wp-json\/wp\/v2\/media?parent=3289"}],"wp:term":[{"taxonomy":"category","embeddable":true,"href":"https:\/\/magyarnapok.ro\/2024\/wp-json\/wp\/v2\/categories?post=3289"},{"taxonomy":"post_tag","embeddable":true,"href":"https:\/\/magyarnapok.ro\/2024\/wp-json\/wp\/v2\/tags?post=3289"}],"curies":[{"name":"wp","href":"https:\/\/api.w.org\/{rel}","templated":true}]}}