{"id":3292,"date":"2024-08-23T13:15:19","date_gmt":"2024-08-23T10:15:19","guid":{"rendered":"https:\/\/magyarnapok.ro\/2024\/?p=3292"},"modified":"2024-08-23T13:15:20","modified_gmt":"2024-08-23T10:15:20","slug":"a-realista-konzervativ-nemeth-zsolt-nyomdokaiban-60-szuletesnapjan","status":"publish","type":"post","link":"https:\/\/magyarnapok.ro\/2024\/a-realista-konzervativ-nemeth-zsolt-nyomdokaiban-60-szuletesnapjan\/","title":{"rendered":"A realista konzervat\u00edv N\u00e9meth Zsolt nyomdokaiban 60. sz\u00fclet\u00e9snapj\u00e1n"},"content":{"rendered":"\n<p>A magyar k\u00fclpolitika id\u0151szer\u0171 k\u00e9rd\u00e9sei c\u00edmmel tartottak augusztus 24-\u00e9n d\u00e9lut\u00e1n kerekasztal-besz\u00e9lget\u00e9st a #F\u0151t\u00e9r23 udvarban, amelyet egybesz\u0151ttek A realista konzervat\u00edv N\u00e9meth Zsolt 60. c\u00edm\u0171 k\u00f6tet bemutat\u00f3j\u00e1val. A megh\u00edvottak N\u00e9meth Zsolt, a Magyar Orsz\u00e1ggy\u0171l\u00e9s K\u00fcl\u00fcgyi Bizotts\u00e1g\u00e1nak eln\u00f6ke, T\u0151k\u00e9s L\u00e1szl\u00f3, az Erd\u00e9lyi Magyar Nemzeti Tan\u00e1cs eln\u00f6ke, Tor\u00f3 T. Tibor, az Erd\u00e9lyi Magyar Sz\u00f6vets\u00e9g aleln\u00f6ke \u00e9s Sz\u00e9kely Istv\u00e1n, az RMDSZ \u00fcgyvezet\u0151 aleln\u00f6ke voltak.<br>N\u00e9meth Zsolt \u00e9lete egybeforrt a magyar k\u00fclpolitik\u00e1val, nem meglep\u0151 teh\u00e1t, hogy A realista konzervat\u00edv c\u00edm\u0171 k\u00f6tet \u2013 amely a politikus 60. sz\u00fclet\u00e9snapj\u00e1ra k\u00e9sz\u00fclt a csal\u00e1dja, a harcost\u00e1rsai \u00e9s a munkat\u00e1rsai j\u00f3volt\u00e1b\u00f3l inkogn\u00edt\u00f3ban, azaz nagy titokban \u2013 f\u0151 t\u00e9m\u00e1j\u00e1v\u00e1 v\u00e1lt a besz\u00e9lget\u00e9snek. A k\u00f6tet tematikus m\u00f3don \u00e9p\u00fcl fel, sz\u00f3 van benne nemzet-, valamint k\u00fclhoni magyar politik\u00e1r\u00f3l, megismerhetj\u00fck bel\u0151le N\u00e9meth Zsolt munk\u00e1ss\u00e1g\u00e1t, tanulm\u00e1nyozni lehet a k\u00f6nyvben az \u00edr\u00e1sait, besz\u00e9deit, kutat\u00e1sait, valamint tudni kell r\u00f3la azt is, hogy a fentebb felsorolt megh\u00edvottak \u00edr\u00e1sai is mind-mind olvashat\u00f3k egy-egy fejezeten kereszt\u00fcl a k\u00f6nyvben.<br>Tor\u00f3 T. Tibor besz\u00e9lt arr\u00f3l, hogy mi minden k\u00f6sz\u00f6nhet\u0151 N\u00e9meth Zsoltnak, a nyolcvanas \u00e9vek \u201eh\u00e1tizs\u00e1kos magyarorsz\u00e1gi\u00e1nak\u201d a Fidesz megalakul\u00e1s\u00e1t\u00f3l kezdve a B\u00e1lv\u00e1nyosi Ny\u00e1ri Szabadegyetem \u00e9s Di\u00e1kt\u00e1borig. Ennek kapcs\u00e1n t\u00f6bbek k\u00f6z\u00f6tt hangs\u00falyozta: az \u00e9rt\u00e9keket \u00e9s \u00e9rdekeket soha nem szabad egym\u00e1ssal szembe \u00e1ll\u00edtani.<br>Sz\u00e9kely Istv\u00e1n humorosan megjegyezte, hogy N\u00e9meth Zsoltot h\u00e1ta m\u00f6g\u00f6tt \u201e\u00c1F\u201d-nak, vagyis \u201e\u00e1llamf\u00e9rfinak\u201d nevezik. Elmond\u00e1sa szerint egy ilyen f\u00e9rfit az egyszer\u0171 politikust\u00f3l az k\u00fcl\u00f6nb\u00f6zteti meg, hogy \u0151 nemzed\u00e9kekben gondolkodik, \u00e9s nem szokott rossz \u00e9rtelemben vett meglepet\u00e9seket okozni a pulpituson. Kifejezte rem\u00e9ny\u00e9t, hogy a politikus \u00e9lete \u00e9s munk\u00e1ss\u00e1ga \u201em\u00e9rce lesz a mai fiataloknak is.\u201d<br>Mindezek a sikerek egy nemzed\u00e9k k\u00f6z\u00f6s er\u0151fesz\u00edt\u00e9s\u00e9nek, gondolkod\u00e1s\u00e1nak a le\u00fcleped\u00e9sei, lecsap\u00f3d\u00e1sai \u2013 mondta N\u00e9meth Zsolt. Kifejtette, mennyire fontosak az erd\u00e9lyi k\u00f6t\u0151d\u00e9sei, ugyanis v\u00e9lem\u00e9nye szerint ezek meghat\u00e1rozt\u00e1k az \u00e9let\u00e9t. \u201eKriza J\u00e1nos lesz\u00e1rmazottjak\u00e9nt tiszteletbeli unit\u00e1riusnak is tartom magamat\u201d \u2013 emelte ki, hozz\u00e1t\u00e9ve: a Kriz\u00e1k behozt\u00e1k a csal\u00e1djukba Erd\u00e9lynek, Kolozsv\u00e1rnak, a sz\u00e9kelys\u00e9gnek a szeretet\u00e9t. Tov\u00e1bb\u00e1 az is elhangzott, hogy \u201emi magyarok\u201d \u2013 mint ahogyan az egyh\u00e1zaink, az int\u00e9zm\u00e9nyeink \u00e9s az egyetemeink \u2013 nem tekinthet\u00fcnk el egy \u201enagy strat\u00e9gia megalkot\u00e1s\u00e1t\u00f3l\u201d. Utalt m\u00e9g az amerikai v\u00e1laszt\u00e1sokra, valamint a kereszt\u00e9nys\u00e9g sors\u00e1ra, az orosz-ukr\u00e1n h\u00e1bor\u00fa fejlem\u00e9nyeire \u00e9s az iszl\u00e1m radikalizmusra.<br>A besz\u00e9lget\u00e9s z\u00e1r\u00f3gondondolatak\u00e9nt elhangzott: a magyar k\u00fclpolitika sz\u00e1m\u00e1ra kulcsfontoss\u00e1g\u00fa az, hogy elemezz\u00fcnk, hagyjuk nyitva a lehet\u0151s\u00e9geinket, rugalmasan reag\u00e1ljunk a v\u00e1ltoz\u00e1sokra \u00e9s rendelkezz\u00fcnk \u201estrat\u00e9giai l\u00e1t\u00e1ssal\u201d.<br>Benk\u0151 Bor\u00f3ka<\/p>\n","protected":false},"excerpt":{"rendered":"<p>A magyar k\u00fclpolitika id\u0151szer\u0171 k\u00e9rd\u00e9sei c\u00edmmel tartottak augusztus 24-\u00e9n d\u00e9lut\u00e1n kerekasztal-besz\u00e9lget\u00e9st&#8230;<\/p>\n","protected":false},"author":8,"featured_media":3293,"comment_status":"closed","ping_status":"open","sticky":false,"template":"","format":"standard","meta":{"_acf_changed":false,"footnotes":""},"categories":[1],"tags":[],"class_list":["post-3292","post","type-post","status-publish","format-standard","has-post-thumbnail","hentry","category-egyeb"],"acf":[],"yoast_head":"<!-- This site is optimized with the Yoast SEO plugin v23.0 - https:\/\/yoast.com\/wordpress\/plugins\/seo\/ -->\n<title>A realista konzervat\u00edv N\u00e9meth Zsolt nyomdokaiban 60. sz\u00fclet\u00e9snapj\u00e1n - Kolozsv\u00e1ri Magyar Napok 2024<\/title>\n<meta name=\"robots\" content=\"index, follow, max-snippet:-1, max-image-preview:large, max-video-preview:-1\" \/>\n<link rel=\"canonical\" href=\"https:\/\/magyarnapok.ro\/2024\/a-realista-konzervativ-nemeth-zsolt-nyomdokaiban-60-szuletesnapjan\/\" \/>\n<meta property=\"og:locale\" content=\"hu_HU\" \/>\n<meta property=\"og:type\" content=\"article\" \/>\n<meta property=\"og:title\" content=\"A realista konzervat\u00edv N\u00e9meth Zsolt nyomdokaiban 60. sz\u00fclet\u00e9snapj\u00e1n - Kolozsv\u00e1ri Magyar Napok 2024\" \/>\n<meta property=\"og:description\" content=\"A magyar k\u00fclpolitika id\u0151szer\u0171 k\u00e9rd\u00e9sei c\u00edmmel tartottak augusztus 24-\u00e9n d\u00e9lut\u00e1n kerekasztal-besz\u00e9lget\u00e9st...\" \/>\n<meta property=\"og:url\" content=\"https:\/\/magyarnapok.ro\/2024\/a-realista-konzervativ-nemeth-zsolt-nyomdokaiban-60-szuletesnapjan\/\" \/>\n<meta property=\"og:site_name\" content=\"Kolozsv\u00e1ri Magyar Napok 2024\" \/>\n<meta property=\"article:publisher\" content=\"https:\/\/www.facebook.com\/magyarnapok\" \/>\n<meta property=\"article:published_time\" content=\"2024-08-23T10:15:19+00:00\" \/>\n<meta property=\"article:modified_time\" content=\"2024-08-23T10:15:20+00:00\" \/>\n<meta property=\"og:image\" content=\"https:\/\/magyarnapok.ro\/2024\/wp-content\/uploads\/2024\/08\/KMN_2024_A-magyar-kulpolitika-aktualis-kerdesei_20240821163003_9459_RN-scaled.jpg\" \/>\n\t<meta property=\"og:image:width\" content=\"1707\" \/>\n\t<meta property=\"og:image:height\" content=\"2560\" \/>\n\t<meta property=\"og:image:type\" content=\"image\/jpeg\" \/>\n<meta name=\"author\" content=\"S\u00e1ri Rom\u00e1n\" \/>\n<meta name=\"twitter:card\" content=\"summary_large_image\" \/>\n<meta name=\"twitter:label1\" content=\"Szerz\u0151:\" \/>\n\t<meta name=\"twitter:data1\" content=\"S\u00e1ri Rom\u00e1n\" \/>\n\t<meta name=\"twitter:label2\" content=\"Becs\u00fclt olvas\u00e1si id\u0151\" \/>\n\t<meta name=\"twitter:data2\" content=\"3 perc\" \/>\n<script type=\"application\/ld+json\" class=\"yoast-schema-graph\">{\"@context\":\"https:\/\/schema.org\",\"@graph\":[{\"@type\":\"Article\",\"@id\":\"https:\/\/magyarnapok.ro\/2024\/a-realista-konzervativ-nemeth-zsolt-nyomdokaiban-60-szuletesnapjan\/#article\",\"isPartOf\":{\"@id\":\"https:\/\/magyarnapok.ro\/2024\/a-realista-konzervativ-nemeth-zsolt-nyomdokaiban-60-szuletesnapjan\/\"},\"author\":{\"name\":\"S\u00e1ri Rom\u00e1n\",\"@id\":\"https:\/\/magyarnapok.ro\/2024\/#\/schema\/person\/4f7ca30ab538cb03a3c6146bb39b497e\"},\"headline\":\"A realista konzervat\u00edv N\u00e9meth Zsolt nyomdokaiban 60. sz\u00fclet\u00e9snapj\u00e1n\",\"datePublished\":\"2024-08-23T10:15:19+00:00\",\"dateModified\":\"2024-08-23T10:15:20+00:00\",\"mainEntityOfPage\":{\"@id\":\"https:\/\/magyarnapok.ro\/2024\/a-realista-konzervativ-nemeth-zsolt-nyomdokaiban-60-szuletesnapjan\/\"},\"wordCount\":575,\"publisher\":{\"@id\":\"https:\/\/magyarnapok.ro\/2024\/#organization\"},\"image\":{\"@id\":\"https:\/\/magyarnapok.ro\/2024\/a-realista-konzervativ-nemeth-zsolt-nyomdokaiban-60-szuletesnapjan\/#primaryimage\"},\"thumbnailUrl\":\"https:\/\/magyarnapok.ro\/2024\/wp-content\/uploads\/2024\/08\/KMN_2024_A-magyar-kulpolitika-aktualis-kerdesei_20240821163003_9459_RN-scaled.jpg\",\"inLanguage\":\"hu\"},{\"@type\":\"WebPage\",\"@id\":\"https:\/\/magyarnapok.ro\/2024\/a-realista-konzervativ-nemeth-zsolt-nyomdokaiban-60-szuletesnapjan\/\",\"url\":\"https:\/\/magyarnapok.ro\/2024\/a-realista-konzervativ-nemeth-zsolt-nyomdokaiban-60-szuletesnapjan\/\",\"name\":\"A realista konzervat\u00edv N\u00e9meth Zsolt nyomdokaiban 60. sz\u00fclet\u00e9snapj\u00e1n - Kolozsv\u00e1ri Magyar Napok 2024\",\"isPartOf\":{\"@id\":\"https:\/\/magyarnapok.ro\/2024\/#website\"},\"primaryImageOfPage\":{\"@id\":\"https:\/\/magyarnapok.ro\/2024\/a-realista-konzervativ-nemeth-zsolt-nyomdokaiban-60-szuletesnapjan\/#primaryimage\"},\"image\":{\"@id\":\"https:\/\/magyarnapok.ro\/2024\/a-realista-konzervativ-nemeth-zsolt-nyomdokaiban-60-szuletesnapjan\/#primaryimage\"},\"thumbnailUrl\":\"https:\/\/magyarnapok.ro\/2024\/wp-content\/uploads\/2024\/08\/KMN_2024_A-magyar-kulpolitika-aktualis-kerdesei_20240821163003_9459_RN-scaled.jpg\",\"datePublished\":\"2024-08-23T10:15:19+00:00\",\"dateModified\":\"2024-08-23T10:15:20+00:00\",\"breadcrumb\":{\"@id\":\"https:\/\/magyarnapok.ro\/2024\/a-realista-konzervativ-nemeth-zsolt-nyomdokaiban-60-szuletesnapjan\/#breadcrumb\"},\"inLanguage\":\"hu\",\"potentialAction\":[{\"@type\":\"ReadAction\",\"target\":[\"https:\/\/magyarnapok.ro\/2024\/a-realista-konzervativ-nemeth-zsolt-nyomdokaiban-60-szuletesnapjan\/\"]}]},{\"@type\":\"ImageObject\",\"inLanguage\":\"hu\",\"@id\":\"https:\/\/magyarnapok.ro\/2024\/a-realista-konzervativ-nemeth-zsolt-nyomdokaiban-60-szuletesnapjan\/#primaryimage\",\"url\":\"https:\/\/magyarnapok.ro\/2024\/wp-content\/uploads\/2024\/08\/KMN_2024_A-magyar-kulpolitika-aktualis-kerdesei_20240821163003_9459_RN-scaled.jpg\",\"contentUrl\":\"https:\/\/magyarnapok.ro\/2024\/wp-content\/uploads\/2024\/08\/KMN_2024_A-magyar-kulpolitika-aktualis-kerdesei_20240821163003_9459_RN-scaled.jpg\",\"width\":1707,\"height\":2560},{\"@type\":\"BreadcrumbList\",\"@id\":\"https:\/\/magyarnapok.ro\/2024\/a-realista-konzervativ-nemeth-zsolt-nyomdokaiban-60-szuletesnapjan\/#breadcrumb\",\"itemListElement\":[{\"@type\":\"ListItem\",\"position\":1,\"name\":\"Home\",\"item\":\"https:\/\/magyarnapok.ro\/2024\/\"},{\"@type\":\"ListItem\",\"position\":2,\"name\":\"A realista konzervat\u00edv N\u00e9meth Zsolt nyomdokaiban 60. sz\u00fclet\u00e9snapj\u00e1n\"}]},{\"@type\":\"WebSite\",\"@id\":\"https:\/\/magyarnapok.ro\/2024\/#website\",\"url\":\"https:\/\/magyarnapok.ro\/2024\/\",\"name\":\"Kolozsv\u00e1ri Magyar Napok 2024\",\"description\":\"A h\u00e9t meg a nyolc\u00e1t!\",\"publisher\":{\"@id\":\"https:\/\/magyarnapok.ro\/2024\/#organization\"},\"potentialAction\":[{\"@type\":\"SearchAction\",\"target\":{\"@type\":\"EntryPoint\",\"urlTemplate\":\"https:\/\/magyarnapok.ro\/2024\/?s={search_term_string}\"},\"query-input\":\"required name=search_term_string\"}],\"inLanguage\":\"hu\"},{\"@type\":\"Organization\",\"@id\":\"https:\/\/magyarnapok.ro\/2024\/#organization\",\"name\":\"Kolozsv\u00e1ri Magyar Napok\",\"url\":\"https:\/\/magyarnapok.ro\/2024\/\",\"logo\":{\"@type\":\"ImageObject\",\"inLanguage\":\"hu\",\"@id\":\"https:\/\/magyarnapok.ro\/2024\/#\/schema\/logo\/image\/\",\"url\":\"https:\/\/magyarnapok.ro\/2024\/wp-content\/uploads\/2024\/04\/kmn_15_logo.png\",\"contentUrl\":\"https:\/\/magyarnapok.ro\/2024\/wp-content\/uploads\/2024\/04\/kmn_15_logo.png\",\"width\":385,\"height\":362,\"caption\":\"Kolozsv\u00e1ri Magyar Napok\"},\"image\":{\"@id\":\"https:\/\/magyarnapok.ro\/2024\/#\/schema\/logo\/image\/\"},\"sameAs\":[\"https:\/\/www.facebook.com\/magyarnapok\",\"https:\/\/www.instagram.com\/magyarnapok\/\",\"https:\/\/www.youtube.com\/c\/KolozsvriMagyarNapok2015\"]},{\"@type\":\"Person\",\"@id\":\"https:\/\/magyarnapok.ro\/2024\/#\/schema\/person\/4f7ca30ab538cb03a3c6146bb39b497e\",\"name\":\"S\u00e1ri Rom\u00e1n\",\"image\":{\"@type\":\"ImageObject\",\"inLanguage\":\"hu\",\"@id\":\"https:\/\/magyarnapok.ro\/2024\/#\/schema\/person\/image\/\",\"url\":\"https:\/\/secure.gravatar.com\/avatar\/91c75dcd2067ce4077834f6e3ece679465c21407b734374f7b1c7962150ba024?s=96&d=mm&r=g\",\"contentUrl\":\"https:\/\/secure.gravatar.com\/avatar\/91c75dcd2067ce4077834f6e3ece679465c21407b734374f7b1c7962150ba024?s=96&d=mm&r=g\",\"caption\":\"S\u00e1ri Rom\u00e1n\"},\"url\":\"https:\/\/magyarnapok.ro\/2024\/author\/roman-sari\/\"}]}<\/script>\n<!-- \/ Yoast SEO plugin. -->","yoast_head_json":{"title":"A realista konzervat\u00edv N\u00e9meth Zsolt nyomdokaiban 60. sz\u00fclet\u00e9snapj\u00e1n - Kolozsv\u00e1ri Magyar Napok 2024","robots":{"index":"index","follow":"follow","max-snippet":"max-snippet:-1","max-image-preview":"max-image-preview:large","max-video-preview":"max-video-preview:-1"},"canonical":"https:\/\/magyarnapok.ro\/2024\/a-realista-konzervativ-nemeth-zsolt-nyomdokaiban-60-szuletesnapjan\/","og_locale":"hu_HU","og_type":"article","og_title":"A realista konzervat\u00edv N\u00e9meth Zsolt nyomdokaiban 60. sz\u00fclet\u00e9snapj\u00e1n - Kolozsv\u00e1ri Magyar Napok 2024","og_description":"A magyar k\u00fclpolitika id\u0151szer\u0171 k\u00e9rd\u00e9sei c\u00edmmel tartottak augusztus 24-\u00e9n d\u00e9lut\u00e1n kerekasztal-besz\u00e9lget\u00e9st...","og_url":"https:\/\/magyarnapok.ro\/2024\/a-realista-konzervativ-nemeth-zsolt-nyomdokaiban-60-szuletesnapjan\/","og_site_name":"Kolozsv\u00e1ri Magyar Napok 2024","article_publisher":"https:\/\/www.facebook.com\/magyarnapok","article_published_time":"2024-08-23T10:15:19+00:00","article_modified_time":"2024-08-23T10:15:20+00:00","og_image":[{"width":1707,"height":2560,"url":"https:\/\/magyarnapok.ro\/2024\/wp-content\/uploads\/2024\/08\/KMN_2024_A-magyar-kulpolitika-aktualis-kerdesei_20240821163003_9459_RN-scaled.jpg","type":"image\/jpeg"}],"author":"S\u00e1ri Rom\u00e1n","twitter_card":"summary_large_image","twitter_misc":{"Szerz\u0151:":"S\u00e1ri Rom\u00e1n","Becs\u00fclt olvas\u00e1si id\u0151":"3 perc"},"schema":{"@context":"https:\/\/schema.org","@graph":[{"@type":"Article","@id":"https:\/\/magyarnapok.ro\/2024\/a-realista-konzervativ-nemeth-zsolt-nyomdokaiban-60-szuletesnapjan\/#article","isPartOf":{"@id":"https:\/\/magyarnapok.ro\/2024\/a-realista-konzervativ-nemeth-zsolt-nyomdokaiban-60-szuletesnapjan\/"},"author":{"name":"S\u00e1ri Rom\u00e1n","@id":"https:\/\/magyarnapok.ro\/2024\/#\/schema\/person\/4f7ca30ab538cb03a3c6146bb39b497e"},"headline":"A realista konzervat\u00edv N\u00e9meth Zsolt nyomdokaiban 60. sz\u00fclet\u00e9snapj\u00e1n","datePublished":"2024-08-23T10:15:19+00:00","dateModified":"2024-08-23T10:15:20+00:00","mainEntityOfPage":{"@id":"https:\/\/magyarnapok.ro\/2024\/a-realista-konzervativ-nemeth-zsolt-nyomdokaiban-60-szuletesnapjan\/"},"wordCount":575,"publisher":{"@id":"https:\/\/magyarnapok.ro\/2024\/#organization"},"image":{"@id":"https:\/\/magyarnapok.ro\/2024\/a-realista-konzervativ-nemeth-zsolt-nyomdokaiban-60-szuletesnapjan\/#primaryimage"},"thumbnailUrl":"https:\/\/magyarnapok.ro\/2024\/wp-content\/uploads\/2024\/08\/KMN_2024_A-magyar-kulpolitika-aktualis-kerdesei_20240821163003_9459_RN-scaled.jpg","inLanguage":"hu"},{"@type":"WebPage","@id":"https:\/\/magyarnapok.ro\/2024\/a-realista-konzervativ-nemeth-zsolt-nyomdokaiban-60-szuletesnapjan\/","url":"https:\/\/magyarnapok.ro\/2024\/a-realista-konzervativ-nemeth-zsolt-nyomdokaiban-60-szuletesnapjan\/","name":"A realista konzervat\u00edv N\u00e9meth Zsolt nyomdokaiban 60. sz\u00fclet\u00e9snapj\u00e1n - Kolozsv\u00e1ri Magyar Napok 2024","isPartOf":{"@id":"https:\/\/magyarnapok.ro\/2024\/#website"},"primaryImageOfPage":{"@id":"https:\/\/magyarnapok.ro\/2024\/a-realista-konzervativ-nemeth-zsolt-nyomdokaiban-60-szuletesnapjan\/#primaryimage"},"image":{"@id":"https:\/\/magyarnapok.ro\/2024\/a-realista-konzervativ-nemeth-zsolt-nyomdokaiban-60-szuletesnapjan\/#primaryimage"},"thumbnailUrl":"https:\/\/magyarnapok.ro\/2024\/wp-content\/uploads\/2024\/08\/KMN_2024_A-magyar-kulpolitika-aktualis-kerdesei_20240821163003_9459_RN-scaled.jpg","datePublished":"2024-08-23T10:15:19+00:00","dateModified":"2024-08-23T10:15:20+00:00","breadcrumb":{"@id":"https:\/\/magyarnapok.ro\/2024\/a-realista-konzervativ-nemeth-zsolt-nyomdokaiban-60-szuletesnapjan\/#breadcrumb"},"inLanguage":"hu","potentialAction":[{"@type":"ReadAction","target":["https:\/\/magyarnapok.ro\/2024\/a-realista-konzervativ-nemeth-zsolt-nyomdokaiban-60-szuletesnapjan\/"]}]},{"@type":"ImageObject","inLanguage":"hu","@id":"https:\/\/magyarnapok.ro\/2024\/a-realista-konzervativ-nemeth-zsolt-nyomdokaiban-60-szuletesnapjan\/#primaryimage","url":"https:\/\/magyarnapok.ro\/2024\/wp-content\/uploads\/2024\/08\/KMN_2024_A-magyar-kulpolitika-aktualis-kerdesei_20240821163003_9459_RN-scaled.jpg","contentUrl":"https:\/\/magyarnapok.ro\/2024\/wp-content\/uploads\/2024\/08\/KMN_2024_A-magyar-kulpolitika-aktualis-kerdesei_20240821163003_9459_RN-scaled.jpg","width":1707,"height":2560},{"@type":"BreadcrumbList","@id":"https:\/\/magyarnapok.ro\/2024\/a-realista-konzervativ-nemeth-zsolt-nyomdokaiban-60-szuletesnapjan\/#breadcrumb","itemListElement":[{"@type":"ListItem","position":1,"name":"Home","item":"https:\/\/magyarnapok.ro\/2024\/"},{"@type":"ListItem","position":2,"name":"A realista konzervat\u00edv N\u00e9meth Zsolt nyomdokaiban 60. sz\u00fclet\u00e9snapj\u00e1n"}]},{"@type":"WebSite","@id":"https:\/\/magyarnapok.ro\/2024\/#website","url":"https:\/\/magyarnapok.ro\/2024\/","name":"Kolozsv\u00e1ri Magyar Napok 2024","description":"A h\u00e9t meg a nyolc\u00e1t!","publisher":{"@id":"https:\/\/magyarnapok.ro\/2024\/#organization"},"potentialAction":[{"@type":"SearchAction","target":{"@type":"EntryPoint","urlTemplate":"https:\/\/magyarnapok.ro\/2024\/?s={search_term_string}"},"query-input":"required name=search_term_string"}],"inLanguage":"hu"},{"@type":"Organization","@id":"https:\/\/magyarnapok.ro\/2024\/#organization","name":"Kolozsv\u00e1ri Magyar Napok","url":"https:\/\/magyarnapok.ro\/2024\/","logo":{"@type":"ImageObject","inLanguage":"hu","@id":"https:\/\/magyarnapok.ro\/2024\/#\/schema\/logo\/image\/","url":"https:\/\/magyarnapok.ro\/2024\/wp-content\/uploads\/2024\/04\/kmn_15_logo.png","contentUrl":"https:\/\/magyarnapok.ro\/2024\/wp-content\/uploads\/2024\/04\/kmn_15_logo.png","width":385,"height":362,"caption":"Kolozsv\u00e1ri Magyar Napok"},"image":{"@id":"https:\/\/magyarnapok.ro\/2024\/#\/schema\/logo\/image\/"},"sameAs":["https:\/\/www.facebook.com\/magyarnapok","https:\/\/www.instagram.com\/magyarnapok\/","https:\/\/www.youtube.com\/c\/KolozsvriMagyarNapok2015"]},{"@type":"Person","@id":"https:\/\/magyarnapok.ro\/2024\/#\/schema\/person\/4f7ca30ab538cb03a3c6146bb39b497e","name":"S\u00e1ri Rom\u00e1n","image":{"@type":"ImageObject","inLanguage":"hu","@id":"https:\/\/magyarnapok.ro\/2024\/#\/schema\/person\/image\/","url":"https:\/\/secure.gravatar.com\/avatar\/91c75dcd2067ce4077834f6e3ece679465c21407b734374f7b1c7962150ba024?s=96&d=mm&r=g","contentUrl":"https:\/\/secure.gravatar.com\/avatar\/91c75dcd2067ce4077834f6e3ece679465c21407b734374f7b1c7962150ba024?s=96&d=mm&r=g","caption":"S\u00e1ri Rom\u00e1n"},"url":"https:\/\/magyarnapok.ro\/2024\/author\/roman-sari\/"}]}},"_links":{"self":[{"href":"https:\/\/magyarnapok.ro\/2024\/wp-json\/wp\/v2\/posts\/3292","targetHints":{"allow":["GET"]}}],"collection":[{"href":"https:\/\/magyarnapok.ro\/2024\/wp-json\/wp\/v2\/posts"}],"about":[{"href":"https:\/\/magyarnapok.ro\/2024\/wp-json\/wp\/v2\/types\/post"}],"author":[{"embeddable":true,"href":"https:\/\/magyarnapok.ro\/2024\/wp-json\/wp\/v2\/users\/8"}],"replies":[{"embeddable":true,"href":"https:\/\/magyarnapok.ro\/2024\/wp-json\/wp\/v2\/comments?post=3292"}],"version-history":[{"count":1,"href":"https:\/\/magyarnapok.ro\/2024\/wp-json\/wp\/v2\/posts\/3292\/revisions"}],"predecessor-version":[{"id":3294,"href":"https:\/\/magyarnapok.ro\/2024\/wp-json\/wp\/v2\/posts\/3292\/revisions\/3294"}],"wp:featuredmedia":[{"embeddable":true,"href":"https:\/\/magyarnapok.ro\/2024\/wp-json\/wp\/v2\/media\/3293"}],"wp:attachment":[{"href":"https:\/\/magyarnapok.ro\/2024\/wp-json\/wp\/v2\/media?parent=3292"}],"wp:term":[{"taxonomy":"category","embeddable":true,"href":"https:\/\/magyarnapok.ro\/2024\/wp-json\/wp\/v2\/categories?post=3292"},{"taxonomy":"post_tag","embeddable":true,"href":"https:\/\/magyarnapok.ro\/2024\/wp-json\/wp\/v2\/tags?post=3292"}],"curies":[{"name":"wp","href":"https:\/\/api.w.org\/{rel}","templated":true}]}}