{"id":3298,"date":"2024-08-23T13:33:12","date_gmt":"2024-08-23T10:33:12","guid":{"rendered":"https:\/\/magyarnapok.ro\/2024\/?p=3298"},"modified":"2024-08-23T13:33:13","modified_gmt":"2024-08-23T10:33:13","slug":"foszerepben-kos-karoly-es-kalotaszeg-egy-uj-fakszimile-kiadasban","status":"publish","type":"post","link":"https:\/\/magyarnapok.ro\/2024\/foszerepben-kos-karoly-es-kalotaszeg-egy-uj-fakszimile-kiadasban\/","title":{"rendered":"F\u0151szerepben K\u00f3s K\u00e1roly \u00e9s Kalotaszeg egy \u00faj fakszimile kiad\u00e1sban"},"content":{"rendered":"\n<p>A Gy\u00f6rk\u00f6s M\u00e1nyi Albert Eml\u00e9kh\u00e1z negyedik \u00e9s egyben utols\u00f3 k\u00f6nyvbemutat\u00f3j\u00e1n K\u00f3s K\u00e1roly R\u00e9gi Kalotaszeg c. k\u00f6tet\u00e9t Baranyi W. Krisztina, az Id\u0151Jel Kiad\u00f3 vezet\u0151je \u00e9s Czegl\u00e9dy Enik\u0151, K\u00f3s K\u00e1roly unok\u00e1ja ismertette, Laczk\u00f3 Vass R\u00f3bert, a Kolozsv\u00e1ri \u00c1llami Magyar Sz\u00ednh\u00e1z sz\u00ednm\u0171v\u00e9sze pedig K\u00f3s K\u00e1roly sz\u00f6vegeinek felolvas\u00e1s\u00e1val k\u00eds\u00e9rte a bemutat\u00f3t.<\/p>\n\n\n\n<p>A 15. Kolozsv\u00e1ri Magyar Napok keret\u00e9ben szervezett k\u00f6nyvbemutat\u00f3t ism\u00e9telten a Gy\u00f6rk\u00f6s M\u00e1nyi Albert Eml\u00e9kh\u00e1z vezet\u0151je, K\u00f3s Katalin nyitotta meg. Az esem\u00e9nyt S\u00fcmegi Gy\u00f6rgy m\u0171v\u00e9szett\u00f6rt\u00e9n\u00e9sz is megtisztelte jelenl\u00e9t\u00e9vel.<\/p>\n\n\n\n<p>Baranyi W. Krisztina, aki \u00f6t \u00e9ve alap\u00edtotta az Id\u0151Jel Kiad\u00f3t, k\u00f6sz\u00f6nt\u00f6tte a r\u00e9sztvev\u0151ket, \u00e9s bevallotta, hogy a most bemutatott k\u00f6tet egy h\u00e1rom \u00e9vvel ezel\u0151tt megsz\u00fcletett \u00e1lom eredm\u00e9nye. A kiad\u00f3vezet\u0151 a Magyar Iparm\u0171v\u00e9szet 1911-ben megjelent gy\u0171jtem\u00e9ny\u00e9ben tal\u00e1lta meg K\u00f3s K\u00e1roly R\u00e9gi Kalotaszeg c. munk\u00e1j\u00e1t. A munka l\u00e1tv\u00e1nya teljesen megfogta \u0151t, \u00e9s eltervezte, hogy egy fakszimile kiadv\u00e1nyt fog megjelentetni, ami a Batthy\u00e1ny Lajos Alap\u00edtv\u00e1ny t\u00e1mogat\u00e1s\u00e1val siker\u00fclt is. A budapesti Polg\u00e1rok H\u00e1z\u00e1ban m\u00e1r tavaly, K\u00f3s K\u00e1roly sz\u00fclet\u00e9snapj\u00e1nak el\u0151est\u00e9j\u00e9n, december 15-\u00e9n is bemutatt\u00e1k. A tavalyi \u00e9v m\u00e9g az\u00e9rt is volt k\u00fcl\u00f6nleges, mivel a magyar korm\u00e1ny \u0151sszel rendeletbe foglalta, hogy K\u00f3s K\u00e1roly sz\u00fclet\u00e9snapj\u00e1t, december 16-\u00e1t a Magyar \u00c9p\u00edt\u0151m\u0171v\u00e9szet Napj\u00e1nak is nyilv\u00e1n\u00edtj\u00e1k.<\/p>\n\n\n\n<p>Maga a k\u00f6tet kem\u00e9nyk\u00f6t\u00e9s\u0171, gazdagon illusztr\u00e1lt, amely 21 eredeti metszettet tartalmaz. A m\u00e9rete is azonos az eredeti kiadv\u00e1nnyal, \u00e9s a pap\u00edr is hasonl\u00edt az akkori min\u0151s\u00e9ghez. \u00c9rdekess\u00e9g m\u00e9g, hogy a fakszimile r\u00e9sz k\u00f6z\u00e9pen van, el\u0151tte el\u0151sz\u00f3 van, \u00e9s K\u00f3s r\u00f6vid\u00edtett \u00e9letrajza, illetve ut\u00e1na pedig egy leg\u00e9pelt v\u00e1ltozatban is olvashat\u00f3 mindaz, amit K\u00f3s gy\u00f6ny\u00f6r\u0171, de nehezen kiolvashat\u00f3 bet\u0171vel \u00edrt. A k\u00f6nyv t\u00e9m\u00e1ja egyr\u00e9szt Erd\u00e9ly \u00e9p\u00edt\u00e9szet\u00e9nek t\u00f6rt\u00e9nelmi \u00e1ttekint\u00e9s\u00e9t adja, m\u00e1sr\u00e9szt egy olyan hitvall\u00e1st K\u00f3s K\u00e1rolyt\u00f3l, ami a magyar \u0151si kult\u00fara mellett teszi le a voks\u00e1t \u2013 \u00f6sszegezte a k\u00f6tet kiad\u00f3ja.<\/p>\n\n\n\n<p>Czegl\u00e9dy Enik\u0151 K\u00f3s K\u00e1roly unok\u00e1jak\u00e9nt beavatott n\u00e9mi csal\u00e1di kulisszatitokba is: K\u00f3s di\u00e1kkor\u00e1t\u00f3l kezdve mindig lerajzolta azt, amit olvasott, amir\u0151l gondolkozott vagy amir\u0151l tanult, hogy els\u0151 kis k\u00e9zik\u00f6nyve v\u00e9gz\u0151s hallgat\u00f3 kor\u00e1ban egy \u00f6szt\u00f6nd\u00edj seg\u00edts\u00e9g\u00e9vel jelent meg, \u00e9s amivel be is j\u00e1rta eg\u00e9sz Erd\u00e9lyt. N\u00e9h\u00e1ny sz\u00f3t ejtett K\u00f3s tov\u00e1bbi k\u00f6teteir\u0151l is, valamint a Ki\u00e1llt\u00f3 sz\u00f3 c. r\u00f6pirat t\u00f6rt\u00e9net\u00e9r\u0151l. Czegl\u00e9dy Enik\u0151 kiemelte, hogy K\u00f3sn\u00e1l a nemzetis\u00e9gi k\u00e9rd\u00e9sek is kulcsfontoss\u00e1g\u00faak voltak, ahogy az Erd\u00e9lyi Sz\u00e9pm\u00edves C\u00e9h is, \u00e9s annak foly\u00f3irata, az Erd\u00e9lyi Helikon is. K\u00f3s K\u00e1roly unok\u00e1ja m\u00e9g mes\u00e9lt az \u00e9p\u00edt\u00e9sz \u00e9s a Bal\u00e1zs Ida k\u00f6z\u00f6tti kapcsolatr\u00f3l is, amely K\u00f3s K\u00e1roly sz\u00e1m\u00e1ra egyens\u00falyt adott. Emellett K\u00f3st sz\u00edv\u00f3s, k\u00edv\u00e1ncsi \u00e9s k\u00fczd\u0151 szem\u00e9lynek \u00edrta le.<\/p>\n\n\n\n<p>Mih\u00e1ly Kriszta<\/p>\n","protected":false},"excerpt":{"rendered":"<p>A Gy\u00f6rk\u00f6s M\u00e1nyi Albert Eml\u00e9kh\u00e1z negyedik \u00e9s egyben utols\u00f3 k\u00f6nyvbemutat\u00f3j\u00e1n K\u00f3s K\u00e1roly R\u00e9gi Kalotaszeg c. k\u00f6tet\u00e9t&#8230;<\/p>\n","protected":false},"author":8,"featured_media":3299,"comment_status":"closed","ping_status":"open","sticky":false,"template":"","format":"standard","meta":{"_acf_changed":false,"footnotes":""},"categories":[1],"tags":[],"class_list":["post-3298","post","type-post","status-publish","format-standard","has-post-thumbnail","hentry","category-egyeb"],"acf":[],"yoast_head":"<!-- This site is optimized with the Yoast SEO plugin v23.0 - https:\/\/yoast.com\/wordpress\/plugins\/seo\/ -->\n<title>F\u0151szerepben K\u00f3s K\u00e1roly \u00e9s Kalotaszeg egy \u00faj fakszimile kiad\u00e1sban - Kolozsv\u00e1ri Magyar Napok 2024<\/title>\n<meta name=\"robots\" content=\"index, follow, max-snippet:-1, max-image-preview:large, max-video-preview:-1\" \/>\n<link rel=\"canonical\" href=\"https:\/\/magyarnapok.ro\/2024\/foszerepben-kos-karoly-es-kalotaszeg-egy-uj-fakszimile-kiadasban\/\" \/>\n<meta property=\"og:locale\" content=\"hu_HU\" \/>\n<meta property=\"og:type\" content=\"article\" \/>\n<meta property=\"og:title\" content=\"F\u0151szerepben K\u00f3s K\u00e1roly \u00e9s Kalotaszeg egy \u00faj fakszimile kiad\u00e1sban - Kolozsv\u00e1ri Magyar Napok 2024\" \/>\n<meta property=\"og:description\" content=\"A Gy\u00f6rk\u00f6s M\u00e1nyi Albert Eml\u00e9kh\u00e1z negyedik \u00e9s egyben utols\u00f3 k\u00f6nyvbemutat\u00f3j\u00e1n K\u00f3s K\u00e1roly R\u00e9gi Kalotaszeg c. k\u00f6tet\u00e9t...\" \/>\n<meta property=\"og:url\" content=\"https:\/\/magyarnapok.ro\/2024\/foszerepben-kos-karoly-es-kalotaszeg-egy-uj-fakszimile-kiadasban\/\" \/>\n<meta property=\"og:site_name\" content=\"Kolozsv\u00e1ri Magyar Napok 2024\" \/>\n<meta property=\"article:publisher\" content=\"https:\/\/www.facebook.com\/magyarnapok\" \/>\n<meta property=\"article:published_time\" content=\"2024-08-23T10:33:12+00:00\" \/>\n<meta property=\"article:modified_time\" content=\"2024-08-23T10:33:13+00:00\" \/>\n<meta property=\"og:image\" content=\"https:\/\/magyarnapok.ro\/2024\/wp-content\/uploads\/2024\/08\/59431.jpg\" \/>\n\t<meta property=\"og:image:width\" content=\"660\" \/>\n\t<meta property=\"og:image:height\" content=\"380\" \/>\n\t<meta property=\"og:image:type\" content=\"image\/jpeg\" \/>\n<meta name=\"author\" content=\"S\u00e1ri Rom\u00e1n\" \/>\n<meta name=\"twitter:card\" content=\"summary_large_image\" \/>\n<meta name=\"twitter:label1\" content=\"Szerz\u0151:\" \/>\n\t<meta name=\"twitter:data1\" content=\"S\u00e1ri Rom\u00e1n\" \/>\n\t<meta name=\"twitter:label2\" content=\"Becs\u00fclt olvas\u00e1si id\u0151\" \/>\n\t<meta name=\"twitter:data2\" content=\"3 perc\" \/>\n<script type=\"application\/ld+json\" class=\"yoast-schema-graph\">{\"@context\":\"https:\/\/schema.org\",\"@graph\":[{\"@type\":\"Article\",\"@id\":\"https:\/\/magyarnapok.ro\/2024\/foszerepben-kos-karoly-es-kalotaszeg-egy-uj-fakszimile-kiadasban\/#article\",\"isPartOf\":{\"@id\":\"https:\/\/magyarnapok.ro\/2024\/foszerepben-kos-karoly-es-kalotaszeg-egy-uj-fakszimile-kiadasban\/\"},\"author\":{\"name\":\"S\u00e1ri Rom\u00e1n\",\"@id\":\"https:\/\/magyarnapok.ro\/2024\/#\/schema\/person\/4f7ca30ab538cb03a3c6146bb39b497e\"},\"headline\":\"F\u0151szerepben K\u00f3s K\u00e1roly \u00e9s Kalotaszeg egy \u00faj fakszimile kiad\u00e1sban\",\"datePublished\":\"2024-08-23T10:33:12+00:00\",\"dateModified\":\"2024-08-23T10:33:13+00:00\",\"mainEntityOfPage\":{\"@id\":\"https:\/\/magyarnapok.ro\/2024\/foszerepben-kos-karoly-es-kalotaszeg-egy-uj-fakszimile-kiadasban\/\"},\"wordCount\":640,\"publisher\":{\"@id\":\"https:\/\/magyarnapok.ro\/2024\/#organization\"},\"image\":{\"@id\":\"https:\/\/magyarnapok.ro\/2024\/foszerepben-kos-karoly-es-kalotaszeg-egy-uj-fakszimile-kiadasban\/#primaryimage\"},\"thumbnailUrl\":\"https:\/\/magyarnapok.ro\/2024\/wp-content\/uploads\/2024\/08\/59431.jpg\",\"inLanguage\":\"hu\"},{\"@type\":\"WebPage\",\"@id\":\"https:\/\/magyarnapok.ro\/2024\/foszerepben-kos-karoly-es-kalotaszeg-egy-uj-fakszimile-kiadasban\/\",\"url\":\"https:\/\/magyarnapok.ro\/2024\/foszerepben-kos-karoly-es-kalotaszeg-egy-uj-fakszimile-kiadasban\/\",\"name\":\"F\u0151szerepben K\u00f3s K\u00e1roly \u00e9s Kalotaszeg egy \u00faj fakszimile kiad\u00e1sban - Kolozsv\u00e1ri Magyar Napok 2024\",\"isPartOf\":{\"@id\":\"https:\/\/magyarnapok.ro\/2024\/#website\"},\"primaryImageOfPage\":{\"@id\":\"https:\/\/magyarnapok.ro\/2024\/foszerepben-kos-karoly-es-kalotaszeg-egy-uj-fakszimile-kiadasban\/#primaryimage\"},\"image\":{\"@id\":\"https:\/\/magyarnapok.ro\/2024\/foszerepben-kos-karoly-es-kalotaszeg-egy-uj-fakszimile-kiadasban\/#primaryimage\"},\"thumbnailUrl\":\"https:\/\/magyarnapok.ro\/2024\/wp-content\/uploads\/2024\/08\/59431.jpg\",\"datePublished\":\"2024-08-23T10:33:12+00:00\",\"dateModified\":\"2024-08-23T10:33:13+00:00\",\"breadcrumb\":{\"@id\":\"https:\/\/magyarnapok.ro\/2024\/foszerepben-kos-karoly-es-kalotaszeg-egy-uj-fakszimile-kiadasban\/#breadcrumb\"},\"inLanguage\":\"hu\",\"potentialAction\":[{\"@type\":\"ReadAction\",\"target\":[\"https:\/\/magyarnapok.ro\/2024\/foszerepben-kos-karoly-es-kalotaszeg-egy-uj-fakszimile-kiadasban\/\"]}]},{\"@type\":\"ImageObject\",\"inLanguage\":\"hu\",\"@id\":\"https:\/\/magyarnapok.ro\/2024\/foszerepben-kos-karoly-es-kalotaszeg-egy-uj-fakszimile-kiadasban\/#primaryimage\",\"url\":\"https:\/\/magyarnapok.ro\/2024\/wp-content\/uploads\/2024\/08\/59431.jpg\",\"contentUrl\":\"https:\/\/magyarnapok.ro\/2024\/wp-content\/uploads\/2024\/08\/59431.jpg\",\"width\":660,\"height\":380},{\"@type\":\"BreadcrumbList\",\"@id\":\"https:\/\/magyarnapok.ro\/2024\/foszerepben-kos-karoly-es-kalotaszeg-egy-uj-fakszimile-kiadasban\/#breadcrumb\",\"itemListElement\":[{\"@type\":\"ListItem\",\"position\":1,\"name\":\"Home\",\"item\":\"https:\/\/magyarnapok.ro\/2024\/\"},{\"@type\":\"ListItem\",\"position\":2,\"name\":\"F\u0151szerepben K\u00f3s K\u00e1roly \u00e9s Kalotaszeg egy \u00faj fakszimile kiad\u00e1sban\"}]},{\"@type\":\"WebSite\",\"@id\":\"https:\/\/magyarnapok.ro\/2024\/#website\",\"url\":\"https:\/\/magyarnapok.ro\/2024\/\",\"name\":\"Kolozsv\u00e1ri Magyar Napok 2024\",\"description\":\"A h\u00e9t meg a nyolc\u00e1t!\",\"publisher\":{\"@id\":\"https:\/\/magyarnapok.ro\/2024\/#organization\"},\"potentialAction\":[{\"@type\":\"SearchAction\",\"target\":{\"@type\":\"EntryPoint\",\"urlTemplate\":\"https:\/\/magyarnapok.ro\/2024\/?s={search_term_string}\"},\"query-input\":\"required name=search_term_string\"}],\"inLanguage\":\"hu\"},{\"@type\":\"Organization\",\"@id\":\"https:\/\/magyarnapok.ro\/2024\/#organization\",\"name\":\"Kolozsv\u00e1ri Magyar Napok\",\"url\":\"https:\/\/magyarnapok.ro\/2024\/\",\"logo\":{\"@type\":\"ImageObject\",\"inLanguage\":\"hu\",\"@id\":\"https:\/\/magyarnapok.ro\/2024\/#\/schema\/logo\/image\/\",\"url\":\"https:\/\/magyarnapok.ro\/2024\/wp-content\/uploads\/2024\/04\/kmn_15_logo.png\",\"contentUrl\":\"https:\/\/magyarnapok.ro\/2024\/wp-content\/uploads\/2024\/04\/kmn_15_logo.png\",\"width\":385,\"height\":362,\"caption\":\"Kolozsv\u00e1ri Magyar Napok\"},\"image\":{\"@id\":\"https:\/\/magyarnapok.ro\/2024\/#\/schema\/logo\/image\/\"},\"sameAs\":[\"https:\/\/www.facebook.com\/magyarnapok\",\"https:\/\/www.instagram.com\/magyarnapok\/\",\"https:\/\/www.youtube.com\/c\/KolozsvriMagyarNapok2015\"]},{\"@type\":\"Person\",\"@id\":\"https:\/\/magyarnapok.ro\/2024\/#\/schema\/person\/4f7ca30ab538cb03a3c6146bb39b497e\",\"name\":\"S\u00e1ri Rom\u00e1n\",\"image\":{\"@type\":\"ImageObject\",\"inLanguage\":\"hu\",\"@id\":\"https:\/\/magyarnapok.ro\/2024\/#\/schema\/person\/image\/\",\"url\":\"https:\/\/secure.gravatar.com\/avatar\/91c75dcd2067ce4077834f6e3ece679465c21407b734374f7b1c7962150ba024?s=96&d=mm&r=g\",\"contentUrl\":\"https:\/\/secure.gravatar.com\/avatar\/91c75dcd2067ce4077834f6e3ece679465c21407b734374f7b1c7962150ba024?s=96&d=mm&r=g\",\"caption\":\"S\u00e1ri Rom\u00e1n\"},\"url\":\"https:\/\/magyarnapok.ro\/2024\/author\/roman-sari\/\"}]}<\/script>\n<!-- \/ Yoast SEO plugin. -->","yoast_head_json":{"title":"F\u0151szerepben K\u00f3s K\u00e1roly \u00e9s Kalotaszeg egy \u00faj fakszimile kiad\u00e1sban - Kolozsv\u00e1ri Magyar Napok 2024","robots":{"index":"index","follow":"follow","max-snippet":"max-snippet:-1","max-image-preview":"max-image-preview:large","max-video-preview":"max-video-preview:-1"},"canonical":"https:\/\/magyarnapok.ro\/2024\/foszerepben-kos-karoly-es-kalotaszeg-egy-uj-fakszimile-kiadasban\/","og_locale":"hu_HU","og_type":"article","og_title":"F\u0151szerepben K\u00f3s K\u00e1roly \u00e9s Kalotaszeg egy \u00faj fakszimile kiad\u00e1sban - Kolozsv\u00e1ri Magyar Napok 2024","og_description":"A Gy\u00f6rk\u00f6s M\u00e1nyi Albert Eml\u00e9kh\u00e1z negyedik \u00e9s egyben utols\u00f3 k\u00f6nyvbemutat\u00f3j\u00e1n K\u00f3s K\u00e1roly R\u00e9gi Kalotaszeg c. k\u00f6tet\u00e9t...","og_url":"https:\/\/magyarnapok.ro\/2024\/foszerepben-kos-karoly-es-kalotaszeg-egy-uj-fakszimile-kiadasban\/","og_site_name":"Kolozsv\u00e1ri Magyar Napok 2024","article_publisher":"https:\/\/www.facebook.com\/magyarnapok","article_published_time":"2024-08-23T10:33:12+00:00","article_modified_time":"2024-08-23T10:33:13+00:00","og_image":[{"width":660,"height":380,"url":"https:\/\/magyarnapok.ro\/2024\/wp-content\/uploads\/2024\/08\/59431.jpg","type":"image\/jpeg"}],"author":"S\u00e1ri Rom\u00e1n","twitter_card":"summary_large_image","twitter_misc":{"Szerz\u0151:":"S\u00e1ri Rom\u00e1n","Becs\u00fclt olvas\u00e1si id\u0151":"3 perc"},"schema":{"@context":"https:\/\/schema.org","@graph":[{"@type":"Article","@id":"https:\/\/magyarnapok.ro\/2024\/foszerepben-kos-karoly-es-kalotaszeg-egy-uj-fakszimile-kiadasban\/#article","isPartOf":{"@id":"https:\/\/magyarnapok.ro\/2024\/foszerepben-kos-karoly-es-kalotaszeg-egy-uj-fakszimile-kiadasban\/"},"author":{"name":"S\u00e1ri Rom\u00e1n","@id":"https:\/\/magyarnapok.ro\/2024\/#\/schema\/person\/4f7ca30ab538cb03a3c6146bb39b497e"},"headline":"F\u0151szerepben K\u00f3s K\u00e1roly \u00e9s Kalotaszeg egy \u00faj fakszimile kiad\u00e1sban","datePublished":"2024-08-23T10:33:12+00:00","dateModified":"2024-08-23T10:33:13+00:00","mainEntityOfPage":{"@id":"https:\/\/magyarnapok.ro\/2024\/foszerepben-kos-karoly-es-kalotaszeg-egy-uj-fakszimile-kiadasban\/"},"wordCount":640,"publisher":{"@id":"https:\/\/magyarnapok.ro\/2024\/#organization"},"image":{"@id":"https:\/\/magyarnapok.ro\/2024\/foszerepben-kos-karoly-es-kalotaszeg-egy-uj-fakszimile-kiadasban\/#primaryimage"},"thumbnailUrl":"https:\/\/magyarnapok.ro\/2024\/wp-content\/uploads\/2024\/08\/59431.jpg","inLanguage":"hu"},{"@type":"WebPage","@id":"https:\/\/magyarnapok.ro\/2024\/foszerepben-kos-karoly-es-kalotaszeg-egy-uj-fakszimile-kiadasban\/","url":"https:\/\/magyarnapok.ro\/2024\/foszerepben-kos-karoly-es-kalotaszeg-egy-uj-fakszimile-kiadasban\/","name":"F\u0151szerepben K\u00f3s K\u00e1roly \u00e9s Kalotaszeg egy \u00faj fakszimile kiad\u00e1sban - Kolozsv\u00e1ri Magyar Napok 2024","isPartOf":{"@id":"https:\/\/magyarnapok.ro\/2024\/#website"},"primaryImageOfPage":{"@id":"https:\/\/magyarnapok.ro\/2024\/foszerepben-kos-karoly-es-kalotaszeg-egy-uj-fakszimile-kiadasban\/#primaryimage"},"image":{"@id":"https:\/\/magyarnapok.ro\/2024\/foszerepben-kos-karoly-es-kalotaszeg-egy-uj-fakszimile-kiadasban\/#primaryimage"},"thumbnailUrl":"https:\/\/magyarnapok.ro\/2024\/wp-content\/uploads\/2024\/08\/59431.jpg","datePublished":"2024-08-23T10:33:12+00:00","dateModified":"2024-08-23T10:33:13+00:00","breadcrumb":{"@id":"https:\/\/magyarnapok.ro\/2024\/foszerepben-kos-karoly-es-kalotaszeg-egy-uj-fakszimile-kiadasban\/#breadcrumb"},"inLanguage":"hu","potentialAction":[{"@type":"ReadAction","target":["https:\/\/magyarnapok.ro\/2024\/foszerepben-kos-karoly-es-kalotaszeg-egy-uj-fakszimile-kiadasban\/"]}]},{"@type":"ImageObject","inLanguage":"hu","@id":"https:\/\/magyarnapok.ro\/2024\/foszerepben-kos-karoly-es-kalotaszeg-egy-uj-fakszimile-kiadasban\/#primaryimage","url":"https:\/\/magyarnapok.ro\/2024\/wp-content\/uploads\/2024\/08\/59431.jpg","contentUrl":"https:\/\/magyarnapok.ro\/2024\/wp-content\/uploads\/2024\/08\/59431.jpg","width":660,"height":380},{"@type":"BreadcrumbList","@id":"https:\/\/magyarnapok.ro\/2024\/foszerepben-kos-karoly-es-kalotaszeg-egy-uj-fakszimile-kiadasban\/#breadcrumb","itemListElement":[{"@type":"ListItem","position":1,"name":"Home","item":"https:\/\/magyarnapok.ro\/2024\/"},{"@type":"ListItem","position":2,"name":"F\u0151szerepben K\u00f3s K\u00e1roly \u00e9s Kalotaszeg egy \u00faj fakszimile kiad\u00e1sban"}]},{"@type":"WebSite","@id":"https:\/\/magyarnapok.ro\/2024\/#website","url":"https:\/\/magyarnapok.ro\/2024\/","name":"Kolozsv\u00e1ri Magyar Napok 2024","description":"A h\u00e9t meg a nyolc\u00e1t!","publisher":{"@id":"https:\/\/magyarnapok.ro\/2024\/#organization"},"potentialAction":[{"@type":"SearchAction","target":{"@type":"EntryPoint","urlTemplate":"https:\/\/magyarnapok.ro\/2024\/?s={search_term_string}"},"query-input":"required name=search_term_string"}],"inLanguage":"hu"},{"@type":"Organization","@id":"https:\/\/magyarnapok.ro\/2024\/#organization","name":"Kolozsv\u00e1ri Magyar Napok","url":"https:\/\/magyarnapok.ro\/2024\/","logo":{"@type":"ImageObject","inLanguage":"hu","@id":"https:\/\/magyarnapok.ro\/2024\/#\/schema\/logo\/image\/","url":"https:\/\/magyarnapok.ro\/2024\/wp-content\/uploads\/2024\/04\/kmn_15_logo.png","contentUrl":"https:\/\/magyarnapok.ro\/2024\/wp-content\/uploads\/2024\/04\/kmn_15_logo.png","width":385,"height":362,"caption":"Kolozsv\u00e1ri Magyar Napok"},"image":{"@id":"https:\/\/magyarnapok.ro\/2024\/#\/schema\/logo\/image\/"},"sameAs":["https:\/\/www.facebook.com\/magyarnapok","https:\/\/www.instagram.com\/magyarnapok\/","https:\/\/www.youtube.com\/c\/KolozsvriMagyarNapok2015"]},{"@type":"Person","@id":"https:\/\/magyarnapok.ro\/2024\/#\/schema\/person\/4f7ca30ab538cb03a3c6146bb39b497e","name":"S\u00e1ri Rom\u00e1n","image":{"@type":"ImageObject","inLanguage":"hu","@id":"https:\/\/magyarnapok.ro\/2024\/#\/schema\/person\/image\/","url":"https:\/\/secure.gravatar.com\/avatar\/91c75dcd2067ce4077834f6e3ece679465c21407b734374f7b1c7962150ba024?s=96&d=mm&r=g","contentUrl":"https:\/\/secure.gravatar.com\/avatar\/91c75dcd2067ce4077834f6e3ece679465c21407b734374f7b1c7962150ba024?s=96&d=mm&r=g","caption":"S\u00e1ri Rom\u00e1n"},"url":"https:\/\/magyarnapok.ro\/2024\/author\/roman-sari\/"}]}},"_links":{"self":[{"href":"https:\/\/magyarnapok.ro\/2024\/wp-json\/wp\/v2\/posts\/3298","targetHints":{"allow":["GET"]}}],"collection":[{"href":"https:\/\/magyarnapok.ro\/2024\/wp-json\/wp\/v2\/posts"}],"about":[{"href":"https:\/\/magyarnapok.ro\/2024\/wp-json\/wp\/v2\/types\/post"}],"author":[{"embeddable":true,"href":"https:\/\/magyarnapok.ro\/2024\/wp-json\/wp\/v2\/users\/8"}],"replies":[{"embeddable":true,"href":"https:\/\/magyarnapok.ro\/2024\/wp-json\/wp\/v2\/comments?post=3298"}],"version-history":[{"count":1,"href":"https:\/\/magyarnapok.ro\/2024\/wp-json\/wp\/v2\/posts\/3298\/revisions"}],"predecessor-version":[{"id":3300,"href":"https:\/\/magyarnapok.ro\/2024\/wp-json\/wp\/v2\/posts\/3298\/revisions\/3300"}],"wp:featuredmedia":[{"embeddable":true,"href":"https:\/\/magyarnapok.ro\/2024\/wp-json\/wp\/v2\/media\/3299"}],"wp:attachment":[{"href":"https:\/\/magyarnapok.ro\/2024\/wp-json\/wp\/v2\/media?parent=3298"}],"wp:term":[{"taxonomy":"category","embeddable":true,"href":"https:\/\/magyarnapok.ro\/2024\/wp-json\/wp\/v2\/categories?post=3298"},{"taxonomy":"post_tag","embeddable":true,"href":"https:\/\/magyarnapok.ro\/2024\/wp-json\/wp\/v2\/tags?post=3298"}],"curies":[{"name":"wp","href":"https:\/\/api.w.org\/{rel}","templated":true}]}}