{"id":3301,"date":"2024-08-23T13:34:54","date_gmt":"2024-08-23T10:34:54","guid":{"rendered":"https:\/\/magyarnapok.ro\/2024\/?p=3301"},"modified":"2024-08-23T13:34:55","modified_gmt":"2024-08-23T10:34:55","slug":"szaz-ev-magyar-kulturaja","status":"publish","type":"post","link":"https:\/\/magyarnapok.ro\/2024\/szaz-ev-magyar-kulturaja\/","title":{"rendered":"Sz\u00e1z \u00e9v magyar kult\u00far\u00e1ja"},"content":{"rendered":"\n<p>Minden szempontb\u00f3l \u00e9rdekes kerekasztal-besz\u00e9lget\u00e9sen vehettek r\u00e9szt az \u00e9rdekl\u0151d\u0151k augusztus 22-\u00e9n az MCC Loungeban. A megh\u00edvottak \u2013 Vit\u00e1ris Iv\u00e1n, az Ivan and the Parazol \u00e9nekes frontembere, Moldovai Katalin rendez\u0151, producer, forgat\u00f3k\u00f6nyv\u00edr\u00f3, Nagy Zal\u00e1n, k\u00f6lt\u0151, irodalm\u00e1r, Kiss Balbinat \u00c1d\u00e1m heged\u0171m\u0171v\u00e9sz, n\u00e9pzen\u00e9sz \u2013 arr\u00f3l \u00e9rtekeztek, vit\u00e1ztak, hogy melyek voltak az elm\u00falt 100 \u00e9v legjelent\u0151sebb magyar kultur\u00e1lis megval\u00f3s\u00edt\u00e1sai?<br>Mivel az esem\u00e9ny az MCC-nek k\u00f6sz\u00f6nhet\u0151en j\u00f6tt l\u00e9tre, Talpas Botond, az int\u00e9zet erd\u00e9lyi tev\u00e9kenys\u00e9gek\u00e9rt felel\u0151s igazgat\u00f3ja el\u0151sz\u00f6r k\u00f6sz\u00f6nt\u00f6tte a jelen lev\u0151ket, kiemelve, hogy a TIFF-h\u00e1z udvara minden koroszt\u00e1lynak megfelel\u0151 programpontokkal gazdag\u00edtja a Kolozsv\u00e1ri Magyar Napokat.<br>\u201eBecs\u00fcletesnak tartom magam, azt hiszem, hogy f\u00f6lfog\u00e1som gyors \u00e9s hogy munk\u00e1ban sz\u00edv\u00f3s vagyok\u201d- id\u00e9zte J\u00f3zsef Attila szavait 1937-es \u00f6n\u00e9letrajz\u00e1b\u00f3l Szab\u00f3 \u00c1rp\u00e1d T\u00f6h\u00f6t\u00f6m, a BBTE Magyar N\u00e9prajz \u00e9s Antropol\u00f3gia tansz\u00e9k\u00e9nek docense, a besz\u00e9lget\u00e9s moder\u00e1tora, hangs\u00falyozva, hogy majdnem 100 \u00e9vvel k\u00e9s\u0151bb is ugyanezeket \u00edrjuk le magunkr\u00f3l, puszt\u00e1n m\u00e1s szavakkal. De milyen az elm\u00falt \u00e9vsz\u00e1zad kult\u00far\u00e1ja?<br>Vit\u00e1ris Iv\u00e1n szerint \u201eiszonyatos hull\u00e1mv\u00f6lgy\u201d, amelynek mindig is voltak magaslati pontjai \u00e9s m\u00e9lys\u00e9gei. Elmond\u00e1sa szerint azokat az alkot\u00e1sokat szereti legink\u00e1bb, amelyek a vil\u00e1gnak \u00e9s az emberis\u00e9gnek a fejl\u0151d\u00e9s\u00e9t, meg\u00e9rt\u00e9s\u00e9t seg\u00edtett\u00e9k el\u0151re, hiszen \u201eaz inspir\u00e1ci\u00f3 nem nemzet\u00e1llamokhoz k\u00f6t\u00f6tt\u201d.<br>Moldovai Katalin kapcsol\u00f3dott ehhez a gondolatmenethez, hiszen \u00fagy gondolja, hogy nek\u00fcnk, embereknek van egy olyan kollekt\u00edv \u00e9lm\u00e9ny\u00fcnk a mond\u00e1kon, m\u00edtoszokon kereszt\u00fcl, amely k\u00f6z\u00f6s. Arra a k\u00e9rd\u00e9sre, hogy a magyar kult\u00far\u00e1t, c\u00e9lzottan a filmes vil\u00e1got a f\u00e1jdalom vagy a vid\u00e1ms\u00e1g inspir\u00e1lja, hat\u00e1rozza meg legink\u00e1bb, elmagyar\u00e1zta: \u00fagy k\u00e9ne a mai egy\u00e9n \u00e9lete kin\u00e9zzen, hogy sok\u00e1ig vid\u00e1m, majd n\u00e9ha f\u00e1jdalommal teli hull\u00e1mv\u00f6lgyek j\u00f6jjenek az \u00fatj\u00e1ba, a mai ember sz\u00e1m\u00e1ra viszont ez pont ford\u00edtva van. V\u00e9lem\u00e9nye szerint jelent\u0151s magyar alkot\u00e1sok azok, amelyeket betiltottak egy adott korban, bizonyos \u00e9rvek miatt.<\/p>\n\n\n\n<p>A magyar t\u00f6rt\u00e9nelemben t\u00f6bb p\u00e9lda volt ezekre a hull\u00e1mv\u00f6lgyekre, ez\u00e9rt is lehet, hogy Kis Balbin\u00e1t \u00c1d\u00e1m szerint tal\u00e1n csak a Himnuszban van konszenzus. Azt is kifejtette, hogy szerinte \u00fagy alkalmazkodik a kult\u00fara a t\u00e1rsadalmi v\u00e1ltoz\u00e1sokhoz, ak\u00e1r az evol\u00faci\u00f3 elm\u00e9lete. Ez a folyamat viszont az elm\u00falt sz\u00e1z \u00e9vben felgyorsult, szinte \u00e9vente v\u00e1ltogatj\u00e1k egym\u00e1st az \u00fajabb \u00e9s \u00fajabb ir\u00e1nyzatok. Vit\u00e1ris Iv\u00e1nnal egyet\u00e9rtettek abban, hogy \u201eteher alatt n\u0151 a p\u00e1lma.\u201d<\/p>\n\n\n\n<p>Nagy Zal\u00e1n besz\u00e9lt arr\u00f3l, hogy teljes\u00edtm\u00e9ny alap\u00fa t\u00e1rsadalom alakult ki a 19. sz\u00e1zadban, teh\u00e1t k\u00e9rd\u00e9ss\u00e9 v\u00e1lt, ki a \u201ejobb\u201d polg\u00e1r, term\u00e9szetesen az, aki dolgozik. Sajnos, ez a mor\u00e1l a m\u0171v\u00e9szetbe is beitta mag\u00e1t, \u00e9s a mai napig azt figyelhetj\u00fck meg, hogy \u201esikeresebb\u201d \u00edr\u00f3, k\u00f6lt\u0151, zen\u00e9sz, fest\u0151, rendez\u0151, sz\u00edn\u00e9sz, stb., aki \u201en\u00e9pszer\u0171\u201d, s ipari mennyis\u00e9gben gy\u00e1rtja a m\u0171v\u00e9szetet.<\/p>\n\n\n\n<p>A besz\u00e9lget\u00e9s z\u00e1r\u00f3akkordjak\u00e9nt mindenki felsorolta a sz\u00e1m\u00e1ra legnagyobb alkot\u00e1st, volt sz\u00f3 M\u00e1rai S\u00e1ndorr\u00f3l, Szerb Antalr\u00f3l, We\u00f6res S\u00e1ndorr\u00f3l, Dragom\u00e1n Gy\u00f6rgyr\u0151l, de volt aki csak annyival z\u00e1rt, hogy a sz\u00e1z \u00e9v alatt a legeredm\u00e9nyesebb t\u00e9ny, hogy magyar kult\u00fara m\u00e9g van.<\/p>\n\n\n\n<p>Benk\u0151 Bor\u00f3ka<\/p>\n","protected":false},"excerpt":{"rendered":"<p>Minden szempontb\u00f3l \u00e9rdekes kerekasztal-besz\u00e9lget\u00e9sen vehettek r\u00e9szt az \u00e9rdekl\u0151d\u0151k augusztus 22-\u00e9n az MCC Loungeban.<\/p>\n","protected":false},"author":8,"featured_media":3302,"comment_status":"closed","ping_status":"open","sticky":false,"template":"","format":"standard","meta":{"_acf_changed":false,"footnotes":""},"categories":[1],"tags":[],"class_list":["post-3301","post","type-post","status-publish","format-standard","has-post-thumbnail","hentry","category-egyeb"],"acf":[],"yoast_head":"<!-- This site is optimized with the Yoast SEO plugin v23.0 - https:\/\/yoast.com\/wordpress\/plugins\/seo\/ -->\n<title>Sz\u00e1z \u00e9v magyar kult\u00far\u00e1ja - Kolozsv\u00e1ri Magyar Napok 2024<\/title>\n<meta name=\"robots\" content=\"index, follow, max-snippet:-1, max-image-preview:large, max-video-preview:-1\" \/>\n<link rel=\"canonical\" href=\"https:\/\/magyarnapok.ro\/2024\/szaz-ev-magyar-kulturaja\/\" \/>\n<meta property=\"og:locale\" content=\"hu_HU\" \/>\n<meta property=\"og:type\" content=\"article\" \/>\n<meta property=\"og:title\" content=\"Sz\u00e1z \u00e9v magyar kult\u00far\u00e1ja - Kolozsv\u00e1ri Magyar Napok 2024\" \/>\n<meta property=\"og:description\" content=\"Minden szempontb\u00f3l \u00e9rdekes kerekasztal-besz\u00e9lget\u00e9sen vehettek r\u00e9szt az \u00e9rdekl\u0151d\u0151k augusztus 22-\u00e9n az MCC Loungeban.\" \/>\n<meta property=\"og:url\" content=\"https:\/\/magyarnapok.ro\/2024\/szaz-ev-magyar-kulturaja\/\" \/>\n<meta property=\"og:site_name\" content=\"Kolozsv\u00e1ri Magyar Napok 2024\" \/>\n<meta property=\"article:publisher\" content=\"https:\/\/www.facebook.com\/magyarnapok\" \/>\n<meta property=\"article:published_time\" content=\"2024-08-23T10:34:54+00:00\" \/>\n<meta property=\"article:modified_time\" content=\"2024-08-23T10:34:55+00:00\" \/>\n<meta property=\"og:image\" content=\"https:\/\/magyarnapok.ro\/2024\/wp-content\/uploads\/2024\/08\/456410560_851202613776442_6941753213519581699_n.jpg\" \/>\n\t<meta property=\"og:image:width\" content=\"2048\" \/>\n\t<meta property=\"og:image:height\" content=\"1363\" \/>\n\t<meta property=\"og:image:type\" content=\"image\/jpeg\" \/>\n<meta name=\"author\" content=\"S\u00e1ri Rom\u00e1n\" \/>\n<meta name=\"twitter:card\" content=\"summary_large_image\" \/>\n<meta name=\"twitter:label1\" content=\"Szerz\u0151:\" \/>\n\t<meta name=\"twitter:data1\" content=\"S\u00e1ri Rom\u00e1n\" \/>\n\t<meta name=\"twitter:label2\" content=\"Becs\u00fclt olvas\u00e1si id\u0151\" \/>\n\t<meta name=\"twitter:data2\" content=\"3 perc\" \/>\n<script type=\"application\/ld+json\" class=\"yoast-schema-graph\">{\"@context\":\"https:\/\/schema.org\",\"@graph\":[{\"@type\":\"Article\",\"@id\":\"https:\/\/magyarnapok.ro\/2024\/szaz-ev-magyar-kulturaja\/#article\",\"isPartOf\":{\"@id\":\"https:\/\/magyarnapok.ro\/2024\/szaz-ev-magyar-kulturaja\/\"},\"author\":{\"name\":\"S\u00e1ri Rom\u00e1n\",\"@id\":\"https:\/\/magyarnapok.ro\/2024\/#\/schema\/person\/4f7ca30ab538cb03a3c6146bb39b497e\"},\"headline\":\"Sz\u00e1z \u00e9v magyar kult\u00far\u00e1ja\",\"datePublished\":\"2024-08-23T10:34:54+00:00\",\"dateModified\":\"2024-08-23T10:34:55+00:00\",\"mainEntityOfPage\":{\"@id\":\"https:\/\/magyarnapok.ro\/2024\/szaz-ev-magyar-kulturaja\/\"},\"wordCount\":660,\"publisher\":{\"@id\":\"https:\/\/magyarnapok.ro\/2024\/#organization\"},\"image\":{\"@id\":\"https:\/\/magyarnapok.ro\/2024\/szaz-ev-magyar-kulturaja\/#primaryimage\"},\"thumbnailUrl\":\"https:\/\/magyarnapok.ro\/2024\/wp-content\/uploads\/2024\/08\/456410560_851202613776442_6941753213519581699_n.jpg\",\"inLanguage\":\"hu\"},{\"@type\":\"WebPage\",\"@id\":\"https:\/\/magyarnapok.ro\/2024\/szaz-ev-magyar-kulturaja\/\",\"url\":\"https:\/\/magyarnapok.ro\/2024\/szaz-ev-magyar-kulturaja\/\",\"name\":\"Sz\u00e1z \u00e9v magyar kult\u00far\u00e1ja - Kolozsv\u00e1ri Magyar Napok 2024\",\"isPartOf\":{\"@id\":\"https:\/\/magyarnapok.ro\/2024\/#website\"},\"primaryImageOfPage\":{\"@id\":\"https:\/\/magyarnapok.ro\/2024\/szaz-ev-magyar-kulturaja\/#primaryimage\"},\"image\":{\"@id\":\"https:\/\/magyarnapok.ro\/2024\/szaz-ev-magyar-kulturaja\/#primaryimage\"},\"thumbnailUrl\":\"https:\/\/magyarnapok.ro\/2024\/wp-content\/uploads\/2024\/08\/456410560_851202613776442_6941753213519581699_n.jpg\",\"datePublished\":\"2024-08-23T10:34:54+00:00\",\"dateModified\":\"2024-08-23T10:34:55+00:00\",\"breadcrumb\":{\"@id\":\"https:\/\/magyarnapok.ro\/2024\/szaz-ev-magyar-kulturaja\/#breadcrumb\"},\"inLanguage\":\"hu\",\"potentialAction\":[{\"@type\":\"ReadAction\",\"target\":[\"https:\/\/magyarnapok.ro\/2024\/szaz-ev-magyar-kulturaja\/\"]}]},{\"@type\":\"ImageObject\",\"inLanguage\":\"hu\",\"@id\":\"https:\/\/magyarnapok.ro\/2024\/szaz-ev-magyar-kulturaja\/#primaryimage\",\"url\":\"https:\/\/magyarnapok.ro\/2024\/wp-content\/uploads\/2024\/08\/456410560_851202613776442_6941753213519581699_n.jpg\",\"contentUrl\":\"https:\/\/magyarnapok.ro\/2024\/wp-content\/uploads\/2024\/08\/456410560_851202613776442_6941753213519581699_n.jpg\",\"width\":2048,\"height\":1363},{\"@type\":\"BreadcrumbList\",\"@id\":\"https:\/\/magyarnapok.ro\/2024\/szaz-ev-magyar-kulturaja\/#breadcrumb\",\"itemListElement\":[{\"@type\":\"ListItem\",\"position\":1,\"name\":\"Home\",\"item\":\"https:\/\/magyarnapok.ro\/2024\/\"},{\"@type\":\"ListItem\",\"position\":2,\"name\":\"Sz\u00e1z \u00e9v magyar kult\u00far\u00e1ja\"}]},{\"@type\":\"WebSite\",\"@id\":\"https:\/\/magyarnapok.ro\/2024\/#website\",\"url\":\"https:\/\/magyarnapok.ro\/2024\/\",\"name\":\"Kolozsv\u00e1ri Magyar Napok 2024\",\"description\":\"A h\u00e9t meg a nyolc\u00e1t!\",\"publisher\":{\"@id\":\"https:\/\/magyarnapok.ro\/2024\/#organization\"},\"potentialAction\":[{\"@type\":\"SearchAction\",\"target\":{\"@type\":\"EntryPoint\",\"urlTemplate\":\"https:\/\/magyarnapok.ro\/2024\/?s={search_term_string}\"},\"query-input\":\"required name=search_term_string\"}],\"inLanguage\":\"hu\"},{\"@type\":\"Organization\",\"@id\":\"https:\/\/magyarnapok.ro\/2024\/#organization\",\"name\":\"Kolozsv\u00e1ri Magyar Napok\",\"url\":\"https:\/\/magyarnapok.ro\/2024\/\",\"logo\":{\"@type\":\"ImageObject\",\"inLanguage\":\"hu\",\"@id\":\"https:\/\/magyarnapok.ro\/2024\/#\/schema\/logo\/image\/\",\"url\":\"https:\/\/magyarnapok.ro\/2024\/wp-content\/uploads\/2024\/04\/kmn_15_logo.png\",\"contentUrl\":\"https:\/\/magyarnapok.ro\/2024\/wp-content\/uploads\/2024\/04\/kmn_15_logo.png\",\"width\":385,\"height\":362,\"caption\":\"Kolozsv\u00e1ri Magyar Napok\"},\"image\":{\"@id\":\"https:\/\/magyarnapok.ro\/2024\/#\/schema\/logo\/image\/\"},\"sameAs\":[\"https:\/\/www.facebook.com\/magyarnapok\",\"https:\/\/www.instagram.com\/magyarnapok\/\",\"https:\/\/www.youtube.com\/c\/KolozsvriMagyarNapok2015\"]},{\"@type\":\"Person\",\"@id\":\"https:\/\/magyarnapok.ro\/2024\/#\/schema\/person\/4f7ca30ab538cb03a3c6146bb39b497e\",\"name\":\"S\u00e1ri Rom\u00e1n\",\"image\":{\"@type\":\"ImageObject\",\"inLanguage\":\"hu\",\"@id\":\"https:\/\/magyarnapok.ro\/2024\/#\/schema\/person\/image\/\",\"url\":\"https:\/\/secure.gravatar.com\/avatar\/91c75dcd2067ce4077834f6e3ece679465c21407b734374f7b1c7962150ba024?s=96&d=mm&r=g\",\"contentUrl\":\"https:\/\/secure.gravatar.com\/avatar\/91c75dcd2067ce4077834f6e3ece679465c21407b734374f7b1c7962150ba024?s=96&d=mm&r=g\",\"caption\":\"S\u00e1ri Rom\u00e1n\"},\"url\":\"https:\/\/magyarnapok.ro\/2024\/author\/roman-sari\/\"}]}<\/script>\n<!-- \/ Yoast SEO plugin. -->","yoast_head_json":{"title":"Sz\u00e1z \u00e9v magyar kult\u00far\u00e1ja - Kolozsv\u00e1ri Magyar Napok 2024","robots":{"index":"index","follow":"follow","max-snippet":"max-snippet:-1","max-image-preview":"max-image-preview:large","max-video-preview":"max-video-preview:-1"},"canonical":"https:\/\/magyarnapok.ro\/2024\/szaz-ev-magyar-kulturaja\/","og_locale":"hu_HU","og_type":"article","og_title":"Sz\u00e1z \u00e9v magyar kult\u00far\u00e1ja - Kolozsv\u00e1ri Magyar Napok 2024","og_description":"Minden szempontb\u00f3l \u00e9rdekes kerekasztal-besz\u00e9lget\u00e9sen vehettek r\u00e9szt az \u00e9rdekl\u0151d\u0151k augusztus 22-\u00e9n az MCC Loungeban.","og_url":"https:\/\/magyarnapok.ro\/2024\/szaz-ev-magyar-kulturaja\/","og_site_name":"Kolozsv\u00e1ri Magyar Napok 2024","article_publisher":"https:\/\/www.facebook.com\/magyarnapok","article_published_time":"2024-08-23T10:34:54+00:00","article_modified_time":"2024-08-23T10:34:55+00:00","og_image":[{"width":2048,"height":1363,"url":"https:\/\/magyarnapok.ro\/2024\/wp-content\/uploads\/2024\/08\/456410560_851202613776442_6941753213519581699_n.jpg","type":"image\/jpeg"}],"author":"S\u00e1ri Rom\u00e1n","twitter_card":"summary_large_image","twitter_misc":{"Szerz\u0151:":"S\u00e1ri Rom\u00e1n","Becs\u00fclt olvas\u00e1si id\u0151":"3 perc"},"schema":{"@context":"https:\/\/schema.org","@graph":[{"@type":"Article","@id":"https:\/\/magyarnapok.ro\/2024\/szaz-ev-magyar-kulturaja\/#article","isPartOf":{"@id":"https:\/\/magyarnapok.ro\/2024\/szaz-ev-magyar-kulturaja\/"},"author":{"name":"S\u00e1ri Rom\u00e1n","@id":"https:\/\/magyarnapok.ro\/2024\/#\/schema\/person\/4f7ca30ab538cb03a3c6146bb39b497e"},"headline":"Sz\u00e1z \u00e9v magyar kult\u00far\u00e1ja","datePublished":"2024-08-23T10:34:54+00:00","dateModified":"2024-08-23T10:34:55+00:00","mainEntityOfPage":{"@id":"https:\/\/magyarnapok.ro\/2024\/szaz-ev-magyar-kulturaja\/"},"wordCount":660,"publisher":{"@id":"https:\/\/magyarnapok.ro\/2024\/#organization"},"image":{"@id":"https:\/\/magyarnapok.ro\/2024\/szaz-ev-magyar-kulturaja\/#primaryimage"},"thumbnailUrl":"https:\/\/magyarnapok.ro\/2024\/wp-content\/uploads\/2024\/08\/456410560_851202613776442_6941753213519581699_n.jpg","inLanguage":"hu"},{"@type":"WebPage","@id":"https:\/\/magyarnapok.ro\/2024\/szaz-ev-magyar-kulturaja\/","url":"https:\/\/magyarnapok.ro\/2024\/szaz-ev-magyar-kulturaja\/","name":"Sz\u00e1z \u00e9v magyar kult\u00far\u00e1ja - Kolozsv\u00e1ri Magyar Napok 2024","isPartOf":{"@id":"https:\/\/magyarnapok.ro\/2024\/#website"},"primaryImageOfPage":{"@id":"https:\/\/magyarnapok.ro\/2024\/szaz-ev-magyar-kulturaja\/#primaryimage"},"image":{"@id":"https:\/\/magyarnapok.ro\/2024\/szaz-ev-magyar-kulturaja\/#primaryimage"},"thumbnailUrl":"https:\/\/magyarnapok.ro\/2024\/wp-content\/uploads\/2024\/08\/456410560_851202613776442_6941753213519581699_n.jpg","datePublished":"2024-08-23T10:34:54+00:00","dateModified":"2024-08-23T10:34:55+00:00","breadcrumb":{"@id":"https:\/\/magyarnapok.ro\/2024\/szaz-ev-magyar-kulturaja\/#breadcrumb"},"inLanguage":"hu","potentialAction":[{"@type":"ReadAction","target":["https:\/\/magyarnapok.ro\/2024\/szaz-ev-magyar-kulturaja\/"]}]},{"@type":"ImageObject","inLanguage":"hu","@id":"https:\/\/magyarnapok.ro\/2024\/szaz-ev-magyar-kulturaja\/#primaryimage","url":"https:\/\/magyarnapok.ro\/2024\/wp-content\/uploads\/2024\/08\/456410560_851202613776442_6941753213519581699_n.jpg","contentUrl":"https:\/\/magyarnapok.ro\/2024\/wp-content\/uploads\/2024\/08\/456410560_851202613776442_6941753213519581699_n.jpg","width":2048,"height":1363},{"@type":"BreadcrumbList","@id":"https:\/\/magyarnapok.ro\/2024\/szaz-ev-magyar-kulturaja\/#breadcrumb","itemListElement":[{"@type":"ListItem","position":1,"name":"Home","item":"https:\/\/magyarnapok.ro\/2024\/"},{"@type":"ListItem","position":2,"name":"Sz\u00e1z \u00e9v magyar kult\u00far\u00e1ja"}]},{"@type":"WebSite","@id":"https:\/\/magyarnapok.ro\/2024\/#website","url":"https:\/\/magyarnapok.ro\/2024\/","name":"Kolozsv\u00e1ri Magyar Napok 2024","description":"A h\u00e9t meg a nyolc\u00e1t!","publisher":{"@id":"https:\/\/magyarnapok.ro\/2024\/#organization"},"potentialAction":[{"@type":"SearchAction","target":{"@type":"EntryPoint","urlTemplate":"https:\/\/magyarnapok.ro\/2024\/?s={search_term_string}"},"query-input":"required name=search_term_string"}],"inLanguage":"hu"},{"@type":"Organization","@id":"https:\/\/magyarnapok.ro\/2024\/#organization","name":"Kolozsv\u00e1ri Magyar Napok","url":"https:\/\/magyarnapok.ro\/2024\/","logo":{"@type":"ImageObject","inLanguage":"hu","@id":"https:\/\/magyarnapok.ro\/2024\/#\/schema\/logo\/image\/","url":"https:\/\/magyarnapok.ro\/2024\/wp-content\/uploads\/2024\/04\/kmn_15_logo.png","contentUrl":"https:\/\/magyarnapok.ro\/2024\/wp-content\/uploads\/2024\/04\/kmn_15_logo.png","width":385,"height":362,"caption":"Kolozsv\u00e1ri Magyar Napok"},"image":{"@id":"https:\/\/magyarnapok.ro\/2024\/#\/schema\/logo\/image\/"},"sameAs":["https:\/\/www.facebook.com\/magyarnapok","https:\/\/www.instagram.com\/magyarnapok\/","https:\/\/www.youtube.com\/c\/KolozsvriMagyarNapok2015"]},{"@type":"Person","@id":"https:\/\/magyarnapok.ro\/2024\/#\/schema\/person\/4f7ca30ab538cb03a3c6146bb39b497e","name":"S\u00e1ri Rom\u00e1n","image":{"@type":"ImageObject","inLanguage":"hu","@id":"https:\/\/magyarnapok.ro\/2024\/#\/schema\/person\/image\/","url":"https:\/\/secure.gravatar.com\/avatar\/91c75dcd2067ce4077834f6e3ece679465c21407b734374f7b1c7962150ba024?s=96&d=mm&r=g","contentUrl":"https:\/\/secure.gravatar.com\/avatar\/91c75dcd2067ce4077834f6e3ece679465c21407b734374f7b1c7962150ba024?s=96&d=mm&r=g","caption":"S\u00e1ri Rom\u00e1n"},"url":"https:\/\/magyarnapok.ro\/2024\/author\/roman-sari\/"}]}},"_links":{"self":[{"href":"https:\/\/magyarnapok.ro\/2024\/wp-json\/wp\/v2\/posts\/3301","targetHints":{"allow":["GET"]}}],"collection":[{"href":"https:\/\/magyarnapok.ro\/2024\/wp-json\/wp\/v2\/posts"}],"about":[{"href":"https:\/\/magyarnapok.ro\/2024\/wp-json\/wp\/v2\/types\/post"}],"author":[{"embeddable":true,"href":"https:\/\/magyarnapok.ro\/2024\/wp-json\/wp\/v2\/users\/8"}],"replies":[{"embeddable":true,"href":"https:\/\/magyarnapok.ro\/2024\/wp-json\/wp\/v2\/comments?post=3301"}],"version-history":[{"count":1,"href":"https:\/\/magyarnapok.ro\/2024\/wp-json\/wp\/v2\/posts\/3301\/revisions"}],"predecessor-version":[{"id":3303,"href":"https:\/\/magyarnapok.ro\/2024\/wp-json\/wp\/v2\/posts\/3301\/revisions\/3303"}],"wp:featuredmedia":[{"embeddable":true,"href":"https:\/\/magyarnapok.ro\/2024\/wp-json\/wp\/v2\/media\/3302"}],"wp:attachment":[{"href":"https:\/\/magyarnapok.ro\/2024\/wp-json\/wp\/v2\/media?parent=3301"}],"wp:term":[{"taxonomy":"category","embeddable":true,"href":"https:\/\/magyarnapok.ro\/2024\/wp-json\/wp\/v2\/categories?post=3301"},{"taxonomy":"post_tag","embeddable":true,"href":"https:\/\/magyarnapok.ro\/2024\/wp-json\/wp\/v2\/tags?post=3301"}],"curies":[{"name":"wp","href":"https:\/\/api.w.org\/{rel}","templated":true}]}}