{"id":3304,"date":"2024-08-24T14:54:15","date_gmt":"2024-08-24T11:54:15","guid":{"rendered":"https:\/\/magyarnapok.ro\/2024\/?p=3304"},"modified":"2024-08-24T14:54:15","modified_gmt":"2024-08-24T11:54:15","slug":"a-paszabiak-kolozsvaron-parno-graszt-kozonsegtalalkozo","status":"publish","type":"post","link":"https:\/\/magyarnapok.ro\/2024\/a-paszabiak-kolozsvaron-parno-graszt-kozonsegtalalkozo\/","title":{"rendered":"A paszabiak Kolozsv\u00e1ron &#8211; Parno Graszt k\u00f6z\u00f6ns\u00e9gtal\u00e1lkoz\u00f3"},"content":{"rendered":"\n<p>A paszabi nagycsal\u00e1ddal, a Parno Graszt zenekarral tal\u00e1lkozhattak az \u00e9rdekl\u0151d\u0151k augusztus 23-\u00e1n az Ifjus\u00e1gi udvarban, miut\u00e1n el\u0151z\u0151 este t\u00e1ncra perd\u00edtett\u00e9k Kolozsv\u00e1r F\u0151ter\u00e9t fergeteges cig\u00e1ny-muzsik\u00e1jukkal.<\/p>\n\n\n\n<p>A Parno Graszt 1987-ben alakult, teh\u00e1t m\u00e1r 37 \u00e9ve zen\u00e9lnek, ezzel egy\u00fctt j\u00e1r a zenekar tagjainak folytonos, de csal\u00e1don bel\u00fcli cser\u00e9l\u0151d\u00e9se. A besz\u00e9lget\u00e9s moder\u00e1tora, Forr\u00f3-Er\u0151s D\u00f3ra meg is k\u00e9rte \u0151ket, magyar\u00e1zz\u00e1k el, hogy ki kinek a kije, de ett\u0151l a bonyolult folyamatt\u00f3l most megk\u00edm\u00e9lem az olvas\u00f3kat. Fontosabb ink\u00e1bb kiemelni azt, amir\u0151l Ol\u00e1h J\u00f3zsef, a zenekar frontembere is besz\u00e9lt: mivel a band\u00e1ban szinte \u00f6r\u00f6kl\u0151dnek a helyek, a \u201etags\u00e1gok\u201d, ez\u00e9rt a Parno Graszt j\u00f6v\u0151j\u00e9t \u201enem kell f\u00e9lteni\u201d. A csal\u00e1dban a gyermekekre soha nem er\u0151ltett\u00e9k r\u00e1 a hangszert, a zen\u00e9t, viszont \u00edgy is meg\u00f6r\u00f6k\u00f6lt\u00e9k a zene szeretet\u00e9t. Arr\u00f3l is besz\u00e9lt, hogy nagyon sokan \u00f6nsz\u00e1ntukb\u00f3l, a maguk erej\u00e9b\u0151l tanultak meg egy bizonyos hangszeren j\u00e1tszani, mint p\u00e9ld\u00e1ul Ol\u00e1h Kriszti\u00e1n, a harm\u00f3nik\u00e1s, akit egyszer elvittek egy tan\u00e1rhoz, aki kijelentette, \u0151 m\u00e1r nincs mit tan\u00edtson neki. Kifejtette, hogy egy\u00e9ni j\u00e1tsz\u00e1si st\u00edlust alak\u00edtott ki, harm\u00f3nik\u00e1j\u00e1val m\u00e9g a nagyb\u0151g\u0151t is helyettes\u00edteni tudja. De ugyan\u00edgy Ol\u00e1h Hel\u00e9na is sz\u00fcletett \u00e9nekes\u0151, ezt a 7 \u00e9ves kisl\u00e1ny\u00e1ba is \u201esiker\u00fclt beoltani\u201d, aki elmond\u00e1sa szerint m\u00e1r a Tavaszi sz\u00e9lre is t\u00f6k\u00e9letesen tud tercelni.<\/p>\n\n\n\n<p>Arr\u00f3l, hogy milyen a csal\u00e1doddal dolgozni egy zenekarban mindenki pozit\u00edvan v\u00e9lekedett. R\u00e9szletezt\u00e9k, hogy egym\u00e1s k\u00f6z\u00f6tt sokkal hat\u00e9konyabban megy a munka, hiszen nem s\u00e9rt\u0151dnek meg, valamint \u201eegym\u00e1s nyelv\u00e9n besz\u00e9lnek.\u201d Hangs\u00falyozt\u00e1k: rengeteget k\u00f6sz\u00f6nhetnek a p\u00e1rjaiknak, akik otthon maradnak turn\u00e9ik, koncertjeik, projektjeik sor\u00e1n, vezetik a h\u00e1ztart\u00e1st, gyermeket nevelnek, dolgoznak. Az \u0151 seg\u00edts\u00e9g\u00fck, t\u00e1mogat\u00e1suk n\u00e9lk\u00fcl nem lenne Parno Graszt zenekar.<\/p>\n\n\n\n<p>A besz\u00e9lget\u00e9s egyik t\u00e9m\u00e1ja a m\u00e1s zen\u00e9szekkel, band\u00e1kkal val\u00f3 egy\u00fcttm\u0171k\u00f6d\u00e9s volt. Elmondt\u00e1k, hogy \u00e1ltal\u00e1ban \u0151ket keresik meg egy-egy \u00f6tlettel, de hangs\u00falyozt\u00e1k, hogy a k\u00e9sz dalokat b\u00e9k\u00e9n kell hagyni, mert az \u00f6nmag\u00e1ban m\u00e1r t\u00f6k\u00e9letes. Ennek a m\u00e1sik v\u00e9glet\u00e9r\u0151l is hoztak p\u00e9ld\u00e1t, a Bohemian Betyars egyetlen mondatot \u2013 \u201eNe \u00e1lld el el\u0151lem a napot\u201d \u2013 javasolt, ebb\u0151l sz\u00fcletett a \u201eHa menni akarok\u201d c\u00edm\u0171 dal. Ezen k\u00edv\u00fcl megeml\u00edtett\u00e9k m\u00e9g a Bagossy Brothers Companyval, valamint Pog\u00e1ny Indul\u00f3val val\u00f3 munk\u00e1jukat.<\/p>\n\n\n\n<p>A Parno Graszt els\u0151 album\u00e1ra t\u00f6bb mint t\u00edz \u00e9vet kellett v\u00e1rni \u2013 mondta a moder\u00e1tor, majd arr\u00f3l besz\u00e9lgettek, hogy ez a bizonyos deb\u00fct\u00e1l\u00f3 lemez megsz\u00fclet\u00e9se milyen kalandos, ugyanakkor sorsszer\u0171 volt. A t\u00f6rt\u00e9net ugyanis \u00fagy hangzik, hogy amikor \u00e9let\u00fckben el\u0151sz\u00f6r j\u00e1rtak st\u00fadi\u00f3ban, felvett\u00e9k ezt a bizonyos albumot, amellyel Ol\u00e1h J\u00f3zsef egy\u00e1ltal\u00e1n nem volt megel\u00e9gedve. A szerencse \u2013 vagy balszerencse \u2013 \u00fagy hozta, hogy a st\u00fadi\u00f3 merevlemeze le\u00e9gett, \u00edgy \u00fajra kellett kezdeni mindent, imm\u00e1ron \u00faj elk\u00e9pzel\u00e9sek, hangz\u00e1sok szerint. Ol\u00e1h J\u00f3zsef elmes\u00e9lte: \u0151 vasutask\u00e9nt dolgozott, a s\u00edneket kellett ellen\u0151rizze, viszont ezalatt az id\u0151 alakat dalokat kompon\u00e1lt a fej\u00e9ben, \u00e9s r\u00e1j\u00f6tt, hogy nem akarja \u201eles\u00e9t\u00e1lni\u201d az \u00e9let\u00e9t, ez\u00e9rt belev\u00e1gott az \u00e1lm\u00e1ba, \u00e9s rengeteg \u00e1ldozat, munka ut\u00e1n boldog, hiszen: fontos, hogy azt csin\u00e1lja, amit szeret.<\/p>\n\n\n\n<p>Benk\u0151 Bor\u00f3ka<\/p>\n","protected":false},"excerpt":{"rendered":"<p>A paszabi nagycsal\u00e1ddal, a Parno Graszt zenekarral tal\u00e1lkozhattak az \u00e9rdekl\u0151d\u0151k&#8230;<\/p>\n","protected":false},"author":8,"featured_media":3305,"comment_status":"closed","ping_status":"open","sticky":false,"template":"","format":"standard","meta":{"_acf_changed":false,"footnotes":""},"categories":[1],"tags":[],"class_list":["post-3304","post","type-post","status-publish","format-standard","has-post-thumbnail","hentry","category-egyeb"],"acf":[],"yoast_head":"<!-- This site is optimized with the Yoast SEO plugin v23.0 - https:\/\/yoast.com\/wordpress\/plugins\/seo\/ -->\n<title>A paszabiak Kolozsv\u00e1ron - Parno Graszt k\u00f6z\u00f6ns\u00e9gtal\u00e1lkoz\u00f3 - Kolozsv\u00e1ri Magyar Napok 2024<\/title>\n<meta name=\"robots\" content=\"index, follow, max-snippet:-1, max-image-preview:large, max-video-preview:-1\" \/>\n<link rel=\"canonical\" href=\"https:\/\/magyarnapok.ro\/2024\/a-paszabiak-kolozsvaron-parno-graszt-kozonsegtalalkozo\/\" \/>\n<meta property=\"og:locale\" content=\"hu_HU\" \/>\n<meta property=\"og:type\" content=\"article\" \/>\n<meta property=\"og:title\" content=\"A paszabiak Kolozsv\u00e1ron - Parno Graszt k\u00f6z\u00f6ns\u00e9gtal\u00e1lkoz\u00f3 - Kolozsv\u00e1ri Magyar Napok 2024\" \/>\n<meta property=\"og:description\" content=\"A paszabi nagycsal\u00e1ddal, a Parno Graszt zenekarral tal\u00e1lkozhattak az \u00e9rdekl\u0151d\u0151k...\" \/>\n<meta property=\"og:url\" content=\"https:\/\/magyarnapok.ro\/2024\/a-paszabiak-kolozsvaron-parno-graszt-kozonsegtalalkozo\/\" \/>\n<meta property=\"og:site_name\" content=\"Kolozsv\u00e1ri Magyar Napok 2024\" \/>\n<meta property=\"article:publisher\" content=\"https:\/\/www.facebook.com\/magyarnapok\" \/>\n<meta property=\"article:published_time\" content=\"2024-08-24T11:54:15+00:00\" \/>\n<meta property=\"og:image\" content=\"https:\/\/magyarnapok.ro\/2024\/wp-content\/uploads\/2024\/08\/kmn2024_parno_graszt_koncert_20240822_192751_mr-scaled.jpg\" \/>\n\t<meta property=\"og:image:width\" content=\"2560\" \/>\n\t<meta property=\"og:image:height\" content=\"1707\" \/>\n\t<meta property=\"og:image:type\" content=\"image\/jpeg\" \/>\n<meta name=\"author\" content=\"S\u00e1ri Rom\u00e1n\" \/>\n<meta name=\"twitter:card\" content=\"summary_large_image\" \/>\n<meta name=\"twitter:label1\" content=\"Szerz\u0151:\" \/>\n\t<meta name=\"twitter:data1\" content=\"S\u00e1ri Rom\u00e1n\" \/>\n\t<meta name=\"twitter:label2\" content=\"Becs\u00fclt olvas\u00e1si id\u0151\" \/>\n\t<meta name=\"twitter:data2\" content=\"3 perc\" \/>\n<script type=\"application\/ld+json\" class=\"yoast-schema-graph\">{\"@context\":\"https:\/\/schema.org\",\"@graph\":[{\"@type\":\"Article\",\"@id\":\"https:\/\/magyarnapok.ro\/2024\/a-paszabiak-kolozsvaron-parno-graszt-kozonsegtalalkozo\/#article\",\"isPartOf\":{\"@id\":\"https:\/\/magyarnapok.ro\/2024\/a-paszabiak-kolozsvaron-parno-graszt-kozonsegtalalkozo\/\"},\"author\":{\"name\":\"S\u00e1ri Rom\u00e1n\",\"@id\":\"https:\/\/magyarnapok.ro\/2024\/#\/schema\/person\/4f7ca30ab538cb03a3c6146bb39b497e\"},\"headline\":\"A paszabiak Kolozsv\u00e1ron &#8211; Parno Graszt k\u00f6z\u00f6ns\u00e9gtal\u00e1lkoz\u00f3\",\"datePublished\":\"2024-08-24T11:54:15+00:00\",\"dateModified\":\"2024-08-24T11:54:15+00:00\",\"mainEntityOfPage\":{\"@id\":\"https:\/\/magyarnapok.ro\/2024\/a-paszabiak-kolozsvaron-parno-graszt-kozonsegtalalkozo\/\"},\"wordCount\":672,\"publisher\":{\"@id\":\"https:\/\/magyarnapok.ro\/2024\/#organization\"},\"image\":{\"@id\":\"https:\/\/magyarnapok.ro\/2024\/a-paszabiak-kolozsvaron-parno-graszt-kozonsegtalalkozo\/#primaryimage\"},\"thumbnailUrl\":\"https:\/\/magyarnapok.ro\/2024\/wp-content\/uploads\/2024\/08\/kmn2024_parno_graszt_koncert_20240822_192751_mr-scaled.jpg\",\"inLanguage\":\"hu\"},{\"@type\":\"WebPage\",\"@id\":\"https:\/\/magyarnapok.ro\/2024\/a-paszabiak-kolozsvaron-parno-graszt-kozonsegtalalkozo\/\",\"url\":\"https:\/\/magyarnapok.ro\/2024\/a-paszabiak-kolozsvaron-parno-graszt-kozonsegtalalkozo\/\",\"name\":\"A paszabiak Kolozsv\u00e1ron - Parno Graszt k\u00f6z\u00f6ns\u00e9gtal\u00e1lkoz\u00f3 - Kolozsv\u00e1ri Magyar Napok 2024\",\"isPartOf\":{\"@id\":\"https:\/\/magyarnapok.ro\/2024\/#website\"},\"primaryImageOfPage\":{\"@id\":\"https:\/\/magyarnapok.ro\/2024\/a-paszabiak-kolozsvaron-parno-graszt-kozonsegtalalkozo\/#primaryimage\"},\"image\":{\"@id\":\"https:\/\/magyarnapok.ro\/2024\/a-paszabiak-kolozsvaron-parno-graszt-kozonsegtalalkozo\/#primaryimage\"},\"thumbnailUrl\":\"https:\/\/magyarnapok.ro\/2024\/wp-content\/uploads\/2024\/08\/kmn2024_parno_graszt_koncert_20240822_192751_mr-scaled.jpg\",\"datePublished\":\"2024-08-24T11:54:15+00:00\",\"dateModified\":\"2024-08-24T11:54:15+00:00\",\"breadcrumb\":{\"@id\":\"https:\/\/magyarnapok.ro\/2024\/a-paszabiak-kolozsvaron-parno-graszt-kozonsegtalalkozo\/#breadcrumb\"},\"inLanguage\":\"hu\",\"potentialAction\":[{\"@type\":\"ReadAction\",\"target\":[\"https:\/\/magyarnapok.ro\/2024\/a-paszabiak-kolozsvaron-parno-graszt-kozonsegtalalkozo\/\"]}]},{\"@type\":\"ImageObject\",\"inLanguage\":\"hu\",\"@id\":\"https:\/\/magyarnapok.ro\/2024\/a-paszabiak-kolozsvaron-parno-graszt-kozonsegtalalkozo\/#primaryimage\",\"url\":\"https:\/\/magyarnapok.ro\/2024\/wp-content\/uploads\/2024\/08\/kmn2024_parno_graszt_koncert_20240822_192751_mr-scaled.jpg\",\"contentUrl\":\"https:\/\/magyarnapok.ro\/2024\/wp-content\/uploads\/2024\/08\/kmn2024_parno_graszt_koncert_20240822_192751_mr-scaled.jpg\",\"width\":2560,\"height\":1707},{\"@type\":\"BreadcrumbList\",\"@id\":\"https:\/\/magyarnapok.ro\/2024\/a-paszabiak-kolozsvaron-parno-graszt-kozonsegtalalkozo\/#breadcrumb\",\"itemListElement\":[{\"@type\":\"ListItem\",\"position\":1,\"name\":\"Home\",\"item\":\"https:\/\/magyarnapok.ro\/2024\/\"},{\"@type\":\"ListItem\",\"position\":2,\"name\":\"A paszabiak Kolozsv\u00e1ron &#8211; Parno Graszt k\u00f6z\u00f6ns\u00e9gtal\u00e1lkoz\u00f3\"}]},{\"@type\":\"WebSite\",\"@id\":\"https:\/\/magyarnapok.ro\/2024\/#website\",\"url\":\"https:\/\/magyarnapok.ro\/2024\/\",\"name\":\"Kolozsv\u00e1ri Magyar Napok 2024\",\"description\":\"A h\u00e9t meg a nyolc\u00e1t!\",\"publisher\":{\"@id\":\"https:\/\/magyarnapok.ro\/2024\/#organization\"},\"potentialAction\":[{\"@type\":\"SearchAction\",\"target\":{\"@type\":\"EntryPoint\",\"urlTemplate\":\"https:\/\/magyarnapok.ro\/2024\/?s={search_term_string}\"},\"query-input\":\"required name=search_term_string\"}],\"inLanguage\":\"hu\"},{\"@type\":\"Organization\",\"@id\":\"https:\/\/magyarnapok.ro\/2024\/#organization\",\"name\":\"Kolozsv\u00e1ri Magyar Napok\",\"url\":\"https:\/\/magyarnapok.ro\/2024\/\",\"logo\":{\"@type\":\"ImageObject\",\"inLanguage\":\"hu\",\"@id\":\"https:\/\/magyarnapok.ro\/2024\/#\/schema\/logo\/image\/\",\"url\":\"https:\/\/magyarnapok.ro\/2024\/wp-content\/uploads\/2024\/04\/kmn_15_logo.png\",\"contentUrl\":\"https:\/\/magyarnapok.ro\/2024\/wp-content\/uploads\/2024\/04\/kmn_15_logo.png\",\"width\":385,\"height\":362,\"caption\":\"Kolozsv\u00e1ri Magyar Napok\"},\"image\":{\"@id\":\"https:\/\/magyarnapok.ro\/2024\/#\/schema\/logo\/image\/\"},\"sameAs\":[\"https:\/\/www.facebook.com\/magyarnapok\",\"https:\/\/www.instagram.com\/magyarnapok\/\",\"https:\/\/www.youtube.com\/c\/KolozsvriMagyarNapok2015\"]},{\"@type\":\"Person\",\"@id\":\"https:\/\/magyarnapok.ro\/2024\/#\/schema\/person\/4f7ca30ab538cb03a3c6146bb39b497e\",\"name\":\"S\u00e1ri Rom\u00e1n\",\"image\":{\"@type\":\"ImageObject\",\"inLanguage\":\"hu\",\"@id\":\"https:\/\/magyarnapok.ro\/2024\/#\/schema\/person\/image\/\",\"url\":\"https:\/\/secure.gravatar.com\/avatar\/91c75dcd2067ce4077834f6e3ece679465c21407b734374f7b1c7962150ba024?s=96&d=mm&r=g\",\"contentUrl\":\"https:\/\/secure.gravatar.com\/avatar\/91c75dcd2067ce4077834f6e3ece679465c21407b734374f7b1c7962150ba024?s=96&d=mm&r=g\",\"caption\":\"S\u00e1ri Rom\u00e1n\"},\"url\":\"https:\/\/magyarnapok.ro\/2024\/author\/roman-sari\/\"}]}<\/script>\n<!-- \/ Yoast SEO plugin. -->","yoast_head_json":{"title":"A paszabiak Kolozsv\u00e1ron - Parno Graszt k\u00f6z\u00f6ns\u00e9gtal\u00e1lkoz\u00f3 - Kolozsv\u00e1ri Magyar Napok 2024","robots":{"index":"index","follow":"follow","max-snippet":"max-snippet:-1","max-image-preview":"max-image-preview:large","max-video-preview":"max-video-preview:-1"},"canonical":"https:\/\/magyarnapok.ro\/2024\/a-paszabiak-kolozsvaron-parno-graszt-kozonsegtalalkozo\/","og_locale":"hu_HU","og_type":"article","og_title":"A paszabiak Kolozsv\u00e1ron - Parno Graszt k\u00f6z\u00f6ns\u00e9gtal\u00e1lkoz\u00f3 - Kolozsv\u00e1ri Magyar Napok 2024","og_description":"A paszabi nagycsal\u00e1ddal, a Parno Graszt zenekarral tal\u00e1lkozhattak az \u00e9rdekl\u0151d\u0151k...","og_url":"https:\/\/magyarnapok.ro\/2024\/a-paszabiak-kolozsvaron-parno-graszt-kozonsegtalalkozo\/","og_site_name":"Kolozsv\u00e1ri Magyar Napok 2024","article_publisher":"https:\/\/www.facebook.com\/magyarnapok","article_published_time":"2024-08-24T11:54:15+00:00","og_image":[{"width":2560,"height":1707,"url":"https:\/\/magyarnapok.ro\/2024\/wp-content\/uploads\/2024\/08\/kmn2024_parno_graszt_koncert_20240822_192751_mr-scaled.jpg","type":"image\/jpeg"}],"author":"S\u00e1ri Rom\u00e1n","twitter_card":"summary_large_image","twitter_misc":{"Szerz\u0151:":"S\u00e1ri Rom\u00e1n","Becs\u00fclt olvas\u00e1si id\u0151":"3 perc"},"schema":{"@context":"https:\/\/schema.org","@graph":[{"@type":"Article","@id":"https:\/\/magyarnapok.ro\/2024\/a-paszabiak-kolozsvaron-parno-graszt-kozonsegtalalkozo\/#article","isPartOf":{"@id":"https:\/\/magyarnapok.ro\/2024\/a-paszabiak-kolozsvaron-parno-graszt-kozonsegtalalkozo\/"},"author":{"name":"S\u00e1ri Rom\u00e1n","@id":"https:\/\/magyarnapok.ro\/2024\/#\/schema\/person\/4f7ca30ab538cb03a3c6146bb39b497e"},"headline":"A paszabiak Kolozsv\u00e1ron &#8211; Parno Graszt k\u00f6z\u00f6ns\u00e9gtal\u00e1lkoz\u00f3","datePublished":"2024-08-24T11:54:15+00:00","dateModified":"2024-08-24T11:54:15+00:00","mainEntityOfPage":{"@id":"https:\/\/magyarnapok.ro\/2024\/a-paszabiak-kolozsvaron-parno-graszt-kozonsegtalalkozo\/"},"wordCount":672,"publisher":{"@id":"https:\/\/magyarnapok.ro\/2024\/#organization"},"image":{"@id":"https:\/\/magyarnapok.ro\/2024\/a-paszabiak-kolozsvaron-parno-graszt-kozonsegtalalkozo\/#primaryimage"},"thumbnailUrl":"https:\/\/magyarnapok.ro\/2024\/wp-content\/uploads\/2024\/08\/kmn2024_parno_graszt_koncert_20240822_192751_mr-scaled.jpg","inLanguage":"hu"},{"@type":"WebPage","@id":"https:\/\/magyarnapok.ro\/2024\/a-paszabiak-kolozsvaron-parno-graszt-kozonsegtalalkozo\/","url":"https:\/\/magyarnapok.ro\/2024\/a-paszabiak-kolozsvaron-parno-graszt-kozonsegtalalkozo\/","name":"A paszabiak Kolozsv\u00e1ron - Parno Graszt k\u00f6z\u00f6ns\u00e9gtal\u00e1lkoz\u00f3 - Kolozsv\u00e1ri Magyar Napok 2024","isPartOf":{"@id":"https:\/\/magyarnapok.ro\/2024\/#website"},"primaryImageOfPage":{"@id":"https:\/\/magyarnapok.ro\/2024\/a-paszabiak-kolozsvaron-parno-graszt-kozonsegtalalkozo\/#primaryimage"},"image":{"@id":"https:\/\/magyarnapok.ro\/2024\/a-paszabiak-kolozsvaron-parno-graszt-kozonsegtalalkozo\/#primaryimage"},"thumbnailUrl":"https:\/\/magyarnapok.ro\/2024\/wp-content\/uploads\/2024\/08\/kmn2024_parno_graszt_koncert_20240822_192751_mr-scaled.jpg","datePublished":"2024-08-24T11:54:15+00:00","dateModified":"2024-08-24T11:54:15+00:00","breadcrumb":{"@id":"https:\/\/magyarnapok.ro\/2024\/a-paszabiak-kolozsvaron-parno-graszt-kozonsegtalalkozo\/#breadcrumb"},"inLanguage":"hu","potentialAction":[{"@type":"ReadAction","target":["https:\/\/magyarnapok.ro\/2024\/a-paszabiak-kolozsvaron-parno-graszt-kozonsegtalalkozo\/"]}]},{"@type":"ImageObject","inLanguage":"hu","@id":"https:\/\/magyarnapok.ro\/2024\/a-paszabiak-kolozsvaron-parno-graszt-kozonsegtalalkozo\/#primaryimage","url":"https:\/\/magyarnapok.ro\/2024\/wp-content\/uploads\/2024\/08\/kmn2024_parno_graszt_koncert_20240822_192751_mr-scaled.jpg","contentUrl":"https:\/\/magyarnapok.ro\/2024\/wp-content\/uploads\/2024\/08\/kmn2024_parno_graszt_koncert_20240822_192751_mr-scaled.jpg","width":2560,"height":1707},{"@type":"BreadcrumbList","@id":"https:\/\/magyarnapok.ro\/2024\/a-paszabiak-kolozsvaron-parno-graszt-kozonsegtalalkozo\/#breadcrumb","itemListElement":[{"@type":"ListItem","position":1,"name":"Home","item":"https:\/\/magyarnapok.ro\/2024\/"},{"@type":"ListItem","position":2,"name":"A paszabiak Kolozsv\u00e1ron &#8211; Parno Graszt k\u00f6z\u00f6ns\u00e9gtal\u00e1lkoz\u00f3"}]},{"@type":"WebSite","@id":"https:\/\/magyarnapok.ro\/2024\/#website","url":"https:\/\/magyarnapok.ro\/2024\/","name":"Kolozsv\u00e1ri Magyar Napok 2024","description":"A h\u00e9t meg a nyolc\u00e1t!","publisher":{"@id":"https:\/\/magyarnapok.ro\/2024\/#organization"},"potentialAction":[{"@type":"SearchAction","target":{"@type":"EntryPoint","urlTemplate":"https:\/\/magyarnapok.ro\/2024\/?s={search_term_string}"},"query-input":"required name=search_term_string"}],"inLanguage":"hu"},{"@type":"Organization","@id":"https:\/\/magyarnapok.ro\/2024\/#organization","name":"Kolozsv\u00e1ri Magyar Napok","url":"https:\/\/magyarnapok.ro\/2024\/","logo":{"@type":"ImageObject","inLanguage":"hu","@id":"https:\/\/magyarnapok.ro\/2024\/#\/schema\/logo\/image\/","url":"https:\/\/magyarnapok.ro\/2024\/wp-content\/uploads\/2024\/04\/kmn_15_logo.png","contentUrl":"https:\/\/magyarnapok.ro\/2024\/wp-content\/uploads\/2024\/04\/kmn_15_logo.png","width":385,"height":362,"caption":"Kolozsv\u00e1ri Magyar Napok"},"image":{"@id":"https:\/\/magyarnapok.ro\/2024\/#\/schema\/logo\/image\/"},"sameAs":["https:\/\/www.facebook.com\/magyarnapok","https:\/\/www.instagram.com\/magyarnapok\/","https:\/\/www.youtube.com\/c\/KolozsvriMagyarNapok2015"]},{"@type":"Person","@id":"https:\/\/magyarnapok.ro\/2024\/#\/schema\/person\/4f7ca30ab538cb03a3c6146bb39b497e","name":"S\u00e1ri Rom\u00e1n","image":{"@type":"ImageObject","inLanguage":"hu","@id":"https:\/\/magyarnapok.ro\/2024\/#\/schema\/person\/image\/","url":"https:\/\/secure.gravatar.com\/avatar\/91c75dcd2067ce4077834f6e3ece679465c21407b734374f7b1c7962150ba024?s=96&d=mm&r=g","contentUrl":"https:\/\/secure.gravatar.com\/avatar\/91c75dcd2067ce4077834f6e3ece679465c21407b734374f7b1c7962150ba024?s=96&d=mm&r=g","caption":"S\u00e1ri Rom\u00e1n"},"url":"https:\/\/magyarnapok.ro\/2024\/author\/roman-sari\/"}]}},"_links":{"self":[{"href":"https:\/\/magyarnapok.ro\/2024\/wp-json\/wp\/v2\/posts\/3304","targetHints":{"allow":["GET"]}}],"collection":[{"href":"https:\/\/magyarnapok.ro\/2024\/wp-json\/wp\/v2\/posts"}],"about":[{"href":"https:\/\/magyarnapok.ro\/2024\/wp-json\/wp\/v2\/types\/post"}],"author":[{"embeddable":true,"href":"https:\/\/magyarnapok.ro\/2024\/wp-json\/wp\/v2\/users\/8"}],"replies":[{"embeddable":true,"href":"https:\/\/magyarnapok.ro\/2024\/wp-json\/wp\/v2\/comments?post=3304"}],"version-history":[{"count":1,"href":"https:\/\/magyarnapok.ro\/2024\/wp-json\/wp\/v2\/posts\/3304\/revisions"}],"predecessor-version":[{"id":3306,"href":"https:\/\/magyarnapok.ro\/2024\/wp-json\/wp\/v2\/posts\/3304\/revisions\/3306"}],"wp:featuredmedia":[{"embeddable":true,"href":"https:\/\/magyarnapok.ro\/2024\/wp-json\/wp\/v2\/media\/3305"}],"wp:attachment":[{"href":"https:\/\/magyarnapok.ro\/2024\/wp-json\/wp\/v2\/media?parent=3304"}],"wp:term":[{"taxonomy":"category","embeddable":true,"href":"https:\/\/magyarnapok.ro\/2024\/wp-json\/wp\/v2\/categories?post=3304"},{"taxonomy":"post_tag","embeddable":true,"href":"https:\/\/magyarnapok.ro\/2024\/wp-json\/wp\/v2\/tags?post=3304"}],"curies":[{"name":"wp","href":"https:\/\/api.w.org\/{rel}","templated":true}]}}