{"id":3313,"date":"2024-08-24T15:40:08","date_gmt":"2024-08-24T12:40:08","guid":{"rendered":"https:\/\/magyarnapok.ro\/2024\/?p=3313"},"modified":"2024-08-24T15:41:11","modified_gmt":"2024-08-24T12:41:11","slug":"fuggo-fuggetlen-szinhaz","status":"publish","type":"post","link":"https:\/\/magyarnapok.ro\/2024\/fuggo-fuggetlen-szinhaz\/","title":{"rendered":"\u201eF\u00fcgg\u0151-f\u00fcggetlen\u201d sz\u00ednh\u00e1z"},"content":{"rendered":"\n<p>Mit jelent a f\u00fcggetlen sz\u00ednh\u00e1z? Milyen hat\u00e1ssal van ez korunk t\u00e1rsadalm\u00e1ra \u00e9s milyen neh\u00e9zs\u00e9gekkel kell szemben\u00e9znie annak, aki ezen a sz\u00ednh\u00e1zi form\u00e1n kereszt\u00fcl szeretne kapcsol\u00f3dni a m\u0171v\u00e9szethez? Augusztus 21-\u00e9n az Ifj\u00fas\u00e1gi udvarban t\u00f6bbek k\u00f6z\u00f6tt ilyen \u00e9s ehhez hasonl\u00f3 k\u00e9rd\u00e9sekkel tal\u00e1lkozhattak a megh\u00edvottak \u00e9s a besz\u00e9lget\u00e9sen r\u00e9sztvev\u0151 \u00e9rdekl\u0151d\u0151k. Sz\u0151ke Bal\u00e1zs, a besz\u00e9lget\u00e9s moder\u00e1tora izgalmas k\u00e9rd\u00e9seket feszegetve k\u00e9rdezte a kort\u00e1rs, f\u00fcggetlen sz\u00ednh\u00e1zi szf\u00e9r\u00e1ban akt\u00edvan tev\u00e9kenyked\u0151 m\u0171v\u00e9szeket, mit jelent sz\u00e1mukra a f\u00fcggetlens\u00e9g?<\/p>\n\n\n\n<p>H\u00e1rom olyan m\u0171v\u00e9sz gondolatait hallhatt\u00e1k a t\u00e9ma ir\u00e1nt \u00e9rdekl\u0151d\u0151k, akik sz\u00e1m\u00e1ra az alternat\u00edv sz\u00ednh\u00e1z egy biztons\u00e1got, kih\u00edv\u00e1st \u00e9s \u00f6nkifejez\u00e9si form\u00e1t jelent\u0151 egys\u00e9g. A besz\u00e9lget\u00e9sen tal\u00e1lkozhattak Gy\u00f6rgyjakab Enik\u0151vel, aki t\u00f6bbek k\u00f6z\u00f6tt a Kolozsv\u00e1ri \u00c1llami Magyar Sz\u00ednh\u00e1z sz\u00ednm\u0171v\u00e9sze, a Babe\u0219-Bolyai Tudom\u00e1nyegyetem Sz\u00ednh\u00e1zi Int\u00e9zet\u00e9nek oktat\u00f3ja, a Shosine Sz\u00ednh\u00e1zi Egyes\u00fclet t\u00e1rsigazgat\u00f3ja, K\u00f6ll\u0151 Csongor sz\u00ednm\u0171v\u00e9sz, rendez\u0151vel, aki szint\u00e9n a Babe\u0219-Bolyai Tudom\u00e1nyegyetem Sz\u00ednh\u00e1zi Int\u00e9zet\u00e9nek oktat\u00f3ja \u00e9s a Shosine Sz\u00ednh\u00e1zi Egyes\u00fclet t\u00e1rsigazgat\u00f3ja, valamint B\u00e9lai Marcel sz\u00ednh\u00e1zi rendez\u0151vel, aki a Vad\u00e1sz Es\u00e9lye n\u00e9ven ismert alkot\u00f3k\u00f6z\u00f6ss\u00e9g egyik alap\u00edt\u00f3 tagja.<\/p>\n\n\n\n<p>Manaps\u00e1g a f\u00fcggetlen vagy alternat\u00edv sz\u00ednh\u00e1zr\u00f3l alkotott v\u00e9lem\u00e9ny igen megoszt\u00f3. \u201eA sz\u00ednh\u00e1z bizony p\u00e9nzbe ker\u00fcl, de a f\u00fcggetlenek bebizony\u00edtj\u00e1k, hogy lehet kis p\u00e9nzb\u0151l is sz\u00ednh\u00e1zat csin\u00e1lni\u201d &#8211; jegyezte meg Gy\u00f6rgyjakab Enik\u0151, aki amellett, hogy elk\u00f6telezett k\u0151sz\u00ednh\u00e1zi sz\u00edn\u00e9szn\u0151, fontos k\u00e9pvisel\u0151je a kolozsv\u00e1ri alternat\u00edv sz\u00ednj\u00e1tsz\u00e1snak is. Mindh\u00e1rom megh\u00edvott \u00e1ll\u00e1st foglalt a hagyom\u00e1nyos k\u0151sz\u00ednh\u00e1zi m\u0171k\u00f6d\u00e9sr\u0151l is, hiszen valamennyien alkottak m\u00e1r abban a form\u00e1ban is. Az anyagi f\u00fcgg\u0151s\u00e9g s\u00f6t\u00e9t pillanatai mellett, az emberi-szakmai tal\u00e1lkoz\u00e1sok felemel\u0151 pillanatair\u00f3l \u00e9s a csal\u00e1dias k\u00f6rben t\u00f6rt\u00e9n\u0151 alkot\u00f3i folyamatr\u00f3l besz\u00e9lt K\u00f6ll\u0151 Csongor, aki amellett, hogy elsz\u00e1nt k\u00e9pvisel\u0151je az alternat\u00edv sz\u00ednh\u00e1zcsin\u00e1l\u00e1snak, tiszt\u00e1n l\u00e1tva gondolkodik a neh\u00e9zs\u00e9gekr\u0151 is.<\/p>\n\n\n\n<p>A 2018-ban megalakult Vad\u00e1sz Es\u00e9lye nagy lelkesed\u00e9ssel gyarap\u00edtotta a budapesti f\u00fcggetlen sz\u00ednh\u00e1zak sor\u00e1t. A koronav\u00edrus-j\u00e1rv\u00e1ny ezt a k\u00f6z\u00f6ss\u00e9get sem k\u00edm\u00e9lte, ez\u00e9rt a frissen alakult t\u00e1rsulat bemutat\u00f3it elhalasztva folytatta a pr\u00f3bafolyamatokat, am\u00edg csak lehetett.<\/p>\n\n\n\n<p>Hasonl\u00f3 v\u00e9lem\u00e9nyen voltak az el\u0151ad\u00f3k a j\u00e1rv\u00e1ny tekintet\u00e9ben. Elmond\u00e1suk szerint valami megv\u00e1ltozott a vil\u00e1gban, valamilyen kapcsol\u00f3d\u00e1s elt\u0171nt a k\u00f6z\u00f6ns\u00e9g \u00e9s a t\u00e1rsulatok k\u00f6z\u00f6tt. A XXI. sz\u00e1zadban a f\u00fcggetlen sz\u00ednh\u00e1zak megosztotts\u00e1ga a humorban \u00e9s a melank\u00f3li\u00e1ban rejlik. Amellett, hogy a besz\u00e9lget\u00e9s nagy r\u00e9sze a neh\u00e9zs\u00e9gekr\u0151l sz\u00f3lt, mindh\u00e1rom m\u0171v\u00e9sz pozit\u00edvan v\u00e9lekedett a t\u00e9m\u00e1r\u00f3l. Az el\u0151ad\u00f3k szerint, a k\u0151sz\u00ednh\u00e1zakban t\u00e9nylegesen k\u00f6nnyebb alkotni az anyagi \u00e9s kultur\u00e1lis biztons\u00e1g miatt, de B\u00e9lai Marcel elmond\u00e1sa szerint nem tudja azt a k\u00f6nnyeds\u00e9get ny\u00fajtani, mint amit az alternat\u00edv sz\u00ednh\u00e1zak vil\u00e1ga tud. Elhangzott: a neh\u00e9zs\u00e9gekkel megk\u00fczdve utat t\u00f6r mag\u00e1nak az alternat\u00edv sz\u00ednh\u00e1zi vil\u00e1g is, ahogyan eddig is tette, de ehhez sz\u00fcks\u00e9g van olyan elsz\u00e1nt \u00e9s alkotni szabadon v\u00e1gy\u00f3 m\u0171v\u00e9szekre, mint Enik\u0151, Csongor \u00e9s Marcel.<\/p>\n\n\n\n<p>Kasler Viktor<\/p>\n","protected":false},"excerpt":{"rendered":"<p>Mit jelent a f\u00fcggetlen sz\u00ednh\u00e1z? Milyen hat\u00e1ssal van ez korunk t\u00e1rsadalm\u00e1ra \u00e9s milyen neh\u00e9zs\u00e9gekkel kell szemben\u00e9znie annak, aki&#8230;<\/p>\n","protected":false},"author":8,"featured_media":3316,"comment_status":"closed","ping_status":"open","sticky":false,"template":"","format":"standard","meta":{"_acf_changed":false,"footnotes":""},"categories":[1],"tags":[],"class_list":["post-3313","post","type-post","status-publish","format-standard","has-post-thumbnail","hentry","category-egyeb"],"acf":[],"yoast_head":"<!-- This site is optimized with the Yoast SEO plugin v23.0 - https:\/\/yoast.com\/wordpress\/plugins\/seo\/ -->\n<title>\u201eF\u00fcgg\u0151-f\u00fcggetlen\u201d sz\u00ednh\u00e1z - Kolozsv\u00e1ri Magyar Napok 2024<\/title>\n<meta name=\"robots\" content=\"index, follow, max-snippet:-1, max-image-preview:large, max-video-preview:-1\" \/>\n<link rel=\"canonical\" href=\"https:\/\/magyarnapok.ro\/2024\/fuggo-fuggetlen-szinhaz\/\" \/>\n<meta property=\"og:locale\" content=\"hu_HU\" \/>\n<meta property=\"og:type\" content=\"article\" \/>\n<meta property=\"og:title\" content=\"\u201eF\u00fcgg\u0151-f\u00fcggetlen\u201d sz\u00ednh\u00e1z - Kolozsv\u00e1ri Magyar Napok 2024\" \/>\n<meta property=\"og:description\" content=\"Mit jelent a f\u00fcggetlen sz\u00ednh\u00e1z? Milyen hat\u00e1ssal van ez korunk t\u00e1rsadalm\u00e1ra \u00e9s milyen neh\u00e9zs\u00e9gekkel kell szemben\u00e9znie annak, aki...\" \/>\n<meta property=\"og:url\" content=\"https:\/\/magyarnapok.ro\/2024\/fuggo-fuggetlen-szinhaz\/\" \/>\n<meta property=\"og:site_name\" content=\"Kolozsv\u00e1ri Magyar Napok 2024\" \/>\n<meta property=\"article:publisher\" content=\"https:\/\/www.facebook.com\/magyarnapok\" \/>\n<meta property=\"article:published_time\" content=\"2024-08-24T12:40:08+00:00\" \/>\n<meta property=\"article:modified_time\" content=\"2024-08-24T12:41:11+00:00\" \/>\n<meta property=\"og:image\" content=\"https:\/\/magyarnapok.ro\/2024\/wp-content\/uploads\/2024\/08\/90902639_119691982978372_7366652735581585408_n.jpg\" \/>\n\t<meta property=\"og:image:width\" content=\"2048\" \/>\n\t<meta property=\"og:image:height\" content=\"1365\" \/>\n\t<meta property=\"og:image:type\" content=\"image\/jpeg\" \/>\n<meta name=\"author\" content=\"S\u00e1ri Rom\u00e1n\" \/>\n<meta name=\"twitter:card\" content=\"summary_large_image\" \/>\n<meta name=\"twitter:label1\" content=\"Szerz\u0151:\" \/>\n\t<meta name=\"twitter:data1\" content=\"S\u00e1ri Rom\u00e1n\" \/>\n\t<meta name=\"twitter:label2\" content=\"Becs\u00fclt olvas\u00e1si id\u0151\" \/>\n\t<meta name=\"twitter:data2\" content=\"3 perc\" \/>\n<script type=\"application\/ld+json\" class=\"yoast-schema-graph\">{\"@context\":\"https:\/\/schema.org\",\"@graph\":[{\"@type\":\"Article\",\"@id\":\"https:\/\/magyarnapok.ro\/2024\/fuggo-fuggetlen-szinhaz\/#article\",\"isPartOf\":{\"@id\":\"https:\/\/magyarnapok.ro\/2024\/fuggo-fuggetlen-szinhaz\/\"},\"author\":{\"name\":\"S\u00e1ri Rom\u00e1n\",\"@id\":\"https:\/\/magyarnapok.ro\/2024\/#\/schema\/person\/4f7ca30ab538cb03a3c6146bb39b497e\"},\"headline\":\"\u201eF\u00fcgg\u0151-f\u00fcggetlen\u201d sz\u00ednh\u00e1z\",\"datePublished\":\"2024-08-24T12:40:08+00:00\",\"dateModified\":\"2024-08-24T12:41:11+00:00\",\"mainEntityOfPage\":{\"@id\":\"https:\/\/magyarnapok.ro\/2024\/fuggo-fuggetlen-szinhaz\/\"},\"wordCount\":699,\"publisher\":{\"@id\":\"https:\/\/magyarnapok.ro\/2024\/#organization\"},\"image\":{\"@id\":\"https:\/\/magyarnapok.ro\/2024\/fuggo-fuggetlen-szinhaz\/#primaryimage\"},\"thumbnailUrl\":\"https:\/\/magyarnapok.ro\/2024\/wp-content\/uploads\/2024\/08\/90902639_119691982978372_7366652735581585408_n.jpg\",\"inLanguage\":\"hu\"},{\"@type\":\"WebPage\",\"@id\":\"https:\/\/magyarnapok.ro\/2024\/fuggo-fuggetlen-szinhaz\/\",\"url\":\"https:\/\/magyarnapok.ro\/2024\/fuggo-fuggetlen-szinhaz\/\",\"name\":\"\u201eF\u00fcgg\u0151-f\u00fcggetlen\u201d sz\u00ednh\u00e1z - Kolozsv\u00e1ri Magyar Napok 2024\",\"isPartOf\":{\"@id\":\"https:\/\/magyarnapok.ro\/2024\/#website\"},\"primaryImageOfPage\":{\"@id\":\"https:\/\/magyarnapok.ro\/2024\/fuggo-fuggetlen-szinhaz\/#primaryimage\"},\"image\":{\"@id\":\"https:\/\/magyarnapok.ro\/2024\/fuggo-fuggetlen-szinhaz\/#primaryimage\"},\"thumbnailUrl\":\"https:\/\/magyarnapok.ro\/2024\/wp-content\/uploads\/2024\/08\/90902639_119691982978372_7366652735581585408_n.jpg\",\"datePublished\":\"2024-08-24T12:40:08+00:00\",\"dateModified\":\"2024-08-24T12:41:11+00:00\",\"breadcrumb\":{\"@id\":\"https:\/\/magyarnapok.ro\/2024\/fuggo-fuggetlen-szinhaz\/#breadcrumb\"},\"inLanguage\":\"hu\",\"potentialAction\":[{\"@type\":\"ReadAction\",\"target\":[\"https:\/\/magyarnapok.ro\/2024\/fuggo-fuggetlen-szinhaz\/\"]}]},{\"@type\":\"ImageObject\",\"inLanguage\":\"hu\",\"@id\":\"https:\/\/magyarnapok.ro\/2024\/fuggo-fuggetlen-szinhaz\/#primaryimage\",\"url\":\"https:\/\/magyarnapok.ro\/2024\/wp-content\/uploads\/2024\/08\/90902639_119691982978372_7366652735581585408_n.jpg\",\"contentUrl\":\"https:\/\/magyarnapok.ro\/2024\/wp-content\/uploads\/2024\/08\/90902639_119691982978372_7366652735581585408_n.jpg\",\"width\":2048,\"height\":1365},{\"@type\":\"BreadcrumbList\",\"@id\":\"https:\/\/magyarnapok.ro\/2024\/fuggo-fuggetlen-szinhaz\/#breadcrumb\",\"itemListElement\":[{\"@type\":\"ListItem\",\"position\":1,\"name\":\"Home\",\"item\":\"https:\/\/magyarnapok.ro\/2024\/\"},{\"@type\":\"ListItem\",\"position\":2,\"name\":\"\u201eF\u00fcgg\u0151-f\u00fcggetlen\u201d sz\u00ednh\u00e1z\"}]},{\"@type\":\"WebSite\",\"@id\":\"https:\/\/magyarnapok.ro\/2024\/#website\",\"url\":\"https:\/\/magyarnapok.ro\/2024\/\",\"name\":\"Kolozsv\u00e1ri Magyar Napok 2024\",\"description\":\"A h\u00e9t meg a nyolc\u00e1t!\",\"publisher\":{\"@id\":\"https:\/\/magyarnapok.ro\/2024\/#organization\"},\"potentialAction\":[{\"@type\":\"SearchAction\",\"target\":{\"@type\":\"EntryPoint\",\"urlTemplate\":\"https:\/\/magyarnapok.ro\/2024\/?s={search_term_string}\"},\"query-input\":\"required name=search_term_string\"}],\"inLanguage\":\"hu\"},{\"@type\":\"Organization\",\"@id\":\"https:\/\/magyarnapok.ro\/2024\/#organization\",\"name\":\"Kolozsv\u00e1ri Magyar Napok\",\"url\":\"https:\/\/magyarnapok.ro\/2024\/\",\"logo\":{\"@type\":\"ImageObject\",\"inLanguage\":\"hu\",\"@id\":\"https:\/\/magyarnapok.ro\/2024\/#\/schema\/logo\/image\/\",\"url\":\"https:\/\/magyarnapok.ro\/2024\/wp-content\/uploads\/2024\/04\/kmn_15_logo.png\",\"contentUrl\":\"https:\/\/magyarnapok.ro\/2024\/wp-content\/uploads\/2024\/04\/kmn_15_logo.png\",\"width\":385,\"height\":362,\"caption\":\"Kolozsv\u00e1ri Magyar Napok\"},\"image\":{\"@id\":\"https:\/\/magyarnapok.ro\/2024\/#\/schema\/logo\/image\/\"},\"sameAs\":[\"https:\/\/www.facebook.com\/magyarnapok\",\"https:\/\/www.instagram.com\/magyarnapok\/\",\"https:\/\/www.youtube.com\/c\/KolozsvriMagyarNapok2015\"]},{\"@type\":\"Person\",\"@id\":\"https:\/\/magyarnapok.ro\/2024\/#\/schema\/person\/4f7ca30ab538cb03a3c6146bb39b497e\",\"name\":\"S\u00e1ri Rom\u00e1n\",\"image\":{\"@type\":\"ImageObject\",\"inLanguage\":\"hu\",\"@id\":\"https:\/\/magyarnapok.ro\/2024\/#\/schema\/person\/image\/\",\"url\":\"https:\/\/secure.gravatar.com\/avatar\/91c75dcd2067ce4077834f6e3ece679465c21407b734374f7b1c7962150ba024?s=96&d=mm&r=g\",\"contentUrl\":\"https:\/\/secure.gravatar.com\/avatar\/91c75dcd2067ce4077834f6e3ece679465c21407b734374f7b1c7962150ba024?s=96&d=mm&r=g\",\"caption\":\"S\u00e1ri Rom\u00e1n\"},\"url\":\"https:\/\/magyarnapok.ro\/2024\/author\/roman-sari\/\"}]}<\/script>\n<!-- \/ Yoast SEO plugin. -->","yoast_head_json":{"title":"\u201eF\u00fcgg\u0151-f\u00fcggetlen\u201d sz\u00ednh\u00e1z - Kolozsv\u00e1ri Magyar Napok 2024","robots":{"index":"index","follow":"follow","max-snippet":"max-snippet:-1","max-image-preview":"max-image-preview:large","max-video-preview":"max-video-preview:-1"},"canonical":"https:\/\/magyarnapok.ro\/2024\/fuggo-fuggetlen-szinhaz\/","og_locale":"hu_HU","og_type":"article","og_title":"\u201eF\u00fcgg\u0151-f\u00fcggetlen\u201d sz\u00ednh\u00e1z - Kolozsv\u00e1ri Magyar Napok 2024","og_description":"Mit jelent a f\u00fcggetlen sz\u00ednh\u00e1z? Milyen hat\u00e1ssal van ez korunk t\u00e1rsadalm\u00e1ra \u00e9s milyen neh\u00e9zs\u00e9gekkel kell szemben\u00e9znie annak, aki...","og_url":"https:\/\/magyarnapok.ro\/2024\/fuggo-fuggetlen-szinhaz\/","og_site_name":"Kolozsv\u00e1ri Magyar Napok 2024","article_publisher":"https:\/\/www.facebook.com\/magyarnapok","article_published_time":"2024-08-24T12:40:08+00:00","article_modified_time":"2024-08-24T12:41:11+00:00","og_image":[{"width":2048,"height":1365,"url":"https:\/\/magyarnapok.ro\/2024\/wp-content\/uploads\/2024\/08\/90902639_119691982978372_7366652735581585408_n.jpg","type":"image\/jpeg"}],"author":"S\u00e1ri Rom\u00e1n","twitter_card":"summary_large_image","twitter_misc":{"Szerz\u0151:":"S\u00e1ri Rom\u00e1n","Becs\u00fclt olvas\u00e1si id\u0151":"3 perc"},"schema":{"@context":"https:\/\/schema.org","@graph":[{"@type":"Article","@id":"https:\/\/magyarnapok.ro\/2024\/fuggo-fuggetlen-szinhaz\/#article","isPartOf":{"@id":"https:\/\/magyarnapok.ro\/2024\/fuggo-fuggetlen-szinhaz\/"},"author":{"name":"S\u00e1ri Rom\u00e1n","@id":"https:\/\/magyarnapok.ro\/2024\/#\/schema\/person\/4f7ca30ab538cb03a3c6146bb39b497e"},"headline":"\u201eF\u00fcgg\u0151-f\u00fcggetlen\u201d sz\u00ednh\u00e1z","datePublished":"2024-08-24T12:40:08+00:00","dateModified":"2024-08-24T12:41:11+00:00","mainEntityOfPage":{"@id":"https:\/\/magyarnapok.ro\/2024\/fuggo-fuggetlen-szinhaz\/"},"wordCount":699,"publisher":{"@id":"https:\/\/magyarnapok.ro\/2024\/#organization"},"image":{"@id":"https:\/\/magyarnapok.ro\/2024\/fuggo-fuggetlen-szinhaz\/#primaryimage"},"thumbnailUrl":"https:\/\/magyarnapok.ro\/2024\/wp-content\/uploads\/2024\/08\/90902639_119691982978372_7366652735581585408_n.jpg","inLanguage":"hu"},{"@type":"WebPage","@id":"https:\/\/magyarnapok.ro\/2024\/fuggo-fuggetlen-szinhaz\/","url":"https:\/\/magyarnapok.ro\/2024\/fuggo-fuggetlen-szinhaz\/","name":"\u201eF\u00fcgg\u0151-f\u00fcggetlen\u201d sz\u00ednh\u00e1z - Kolozsv\u00e1ri Magyar Napok 2024","isPartOf":{"@id":"https:\/\/magyarnapok.ro\/2024\/#website"},"primaryImageOfPage":{"@id":"https:\/\/magyarnapok.ro\/2024\/fuggo-fuggetlen-szinhaz\/#primaryimage"},"image":{"@id":"https:\/\/magyarnapok.ro\/2024\/fuggo-fuggetlen-szinhaz\/#primaryimage"},"thumbnailUrl":"https:\/\/magyarnapok.ro\/2024\/wp-content\/uploads\/2024\/08\/90902639_119691982978372_7366652735581585408_n.jpg","datePublished":"2024-08-24T12:40:08+00:00","dateModified":"2024-08-24T12:41:11+00:00","breadcrumb":{"@id":"https:\/\/magyarnapok.ro\/2024\/fuggo-fuggetlen-szinhaz\/#breadcrumb"},"inLanguage":"hu","potentialAction":[{"@type":"ReadAction","target":["https:\/\/magyarnapok.ro\/2024\/fuggo-fuggetlen-szinhaz\/"]}]},{"@type":"ImageObject","inLanguage":"hu","@id":"https:\/\/magyarnapok.ro\/2024\/fuggo-fuggetlen-szinhaz\/#primaryimage","url":"https:\/\/magyarnapok.ro\/2024\/wp-content\/uploads\/2024\/08\/90902639_119691982978372_7366652735581585408_n.jpg","contentUrl":"https:\/\/magyarnapok.ro\/2024\/wp-content\/uploads\/2024\/08\/90902639_119691982978372_7366652735581585408_n.jpg","width":2048,"height":1365},{"@type":"BreadcrumbList","@id":"https:\/\/magyarnapok.ro\/2024\/fuggo-fuggetlen-szinhaz\/#breadcrumb","itemListElement":[{"@type":"ListItem","position":1,"name":"Home","item":"https:\/\/magyarnapok.ro\/2024\/"},{"@type":"ListItem","position":2,"name":"\u201eF\u00fcgg\u0151-f\u00fcggetlen\u201d sz\u00ednh\u00e1z"}]},{"@type":"WebSite","@id":"https:\/\/magyarnapok.ro\/2024\/#website","url":"https:\/\/magyarnapok.ro\/2024\/","name":"Kolozsv\u00e1ri Magyar Napok 2024","description":"A h\u00e9t meg a nyolc\u00e1t!","publisher":{"@id":"https:\/\/magyarnapok.ro\/2024\/#organization"},"potentialAction":[{"@type":"SearchAction","target":{"@type":"EntryPoint","urlTemplate":"https:\/\/magyarnapok.ro\/2024\/?s={search_term_string}"},"query-input":"required name=search_term_string"}],"inLanguage":"hu"},{"@type":"Organization","@id":"https:\/\/magyarnapok.ro\/2024\/#organization","name":"Kolozsv\u00e1ri Magyar Napok","url":"https:\/\/magyarnapok.ro\/2024\/","logo":{"@type":"ImageObject","inLanguage":"hu","@id":"https:\/\/magyarnapok.ro\/2024\/#\/schema\/logo\/image\/","url":"https:\/\/magyarnapok.ro\/2024\/wp-content\/uploads\/2024\/04\/kmn_15_logo.png","contentUrl":"https:\/\/magyarnapok.ro\/2024\/wp-content\/uploads\/2024\/04\/kmn_15_logo.png","width":385,"height":362,"caption":"Kolozsv\u00e1ri Magyar Napok"},"image":{"@id":"https:\/\/magyarnapok.ro\/2024\/#\/schema\/logo\/image\/"},"sameAs":["https:\/\/www.facebook.com\/magyarnapok","https:\/\/www.instagram.com\/magyarnapok\/","https:\/\/www.youtube.com\/c\/KolozsvriMagyarNapok2015"]},{"@type":"Person","@id":"https:\/\/magyarnapok.ro\/2024\/#\/schema\/person\/4f7ca30ab538cb03a3c6146bb39b497e","name":"S\u00e1ri Rom\u00e1n","image":{"@type":"ImageObject","inLanguage":"hu","@id":"https:\/\/magyarnapok.ro\/2024\/#\/schema\/person\/image\/","url":"https:\/\/secure.gravatar.com\/avatar\/91c75dcd2067ce4077834f6e3ece679465c21407b734374f7b1c7962150ba024?s=96&d=mm&r=g","contentUrl":"https:\/\/secure.gravatar.com\/avatar\/91c75dcd2067ce4077834f6e3ece679465c21407b734374f7b1c7962150ba024?s=96&d=mm&r=g","caption":"S\u00e1ri Rom\u00e1n"},"url":"https:\/\/magyarnapok.ro\/2024\/author\/roman-sari\/"}]}},"_links":{"self":[{"href":"https:\/\/magyarnapok.ro\/2024\/wp-json\/wp\/v2\/posts\/3313","targetHints":{"allow":["GET"]}}],"collection":[{"href":"https:\/\/magyarnapok.ro\/2024\/wp-json\/wp\/v2\/posts"}],"about":[{"href":"https:\/\/magyarnapok.ro\/2024\/wp-json\/wp\/v2\/types\/post"}],"author":[{"embeddable":true,"href":"https:\/\/magyarnapok.ro\/2024\/wp-json\/wp\/v2\/users\/8"}],"replies":[{"embeddable":true,"href":"https:\/\/magyarnapok.ro\/2024\/wp-json\/wp\/v2\/comments?post=3313"}],"version-history":[{"count":1,"href":"https:\/\/magyarnapok.ro\/2024\/wp-json\/wp\/v2\/posts\/3313\/revisions"}],"predecessor-version":[{"id":3315,"href":"https:\/\/magyarnapok.ro\/2024\/wp-json\/wp\/v2\/posts\/3313\/revisions\/3315"}],"wp:featuredmedia":[{"embeddable":true,"href":"https:\/\/magyarnapok.ro\/2024\/wp-json\/wp\/v2\/media\/3316"}],"wp:attachment":[{"href":"https:\/\/magyarnapok.ro\/2024\/wp-json\/wp\/v2\/media?parent=3313"}],"wp:term":[{"taxonomy":"category","embeddable":true,"href":"https:\/\/magyarnapok.ro\/2024\/wp-json\/wp\/v2\/categories?post=3313"},{"taxonomy":"post_tag","embeddable":true,"href":"https:\/\/magyarnapok.ro\/2024\/wp-json\/wp\/v2\/tags?post=3313"}],"curies":[{"name":"wp","href":"https:\/\/api.w.org\/{rel}","templated":true}]}}