{"id":3320,"date":"2024-08-25T17:35:45","date_gmt":"2024-08-25T14:35:45","guid":{"rendered":"https:\/\/magyarnapok.ro\/2024\/?p=3320"},"modified":"2024-08-25T17:35:47","modified_gmt":"2024-08-25T14:35:47","slug":"hatartalan-oktatas","status":"publish","type":"post","link":"https:\/\/magyarnapok.ro\/2024\/hatartalan-oktatas\/","title":{"rendered":"Hat\u00e1rtalan oktat\u00e1s"},"content":{"rendered":"\n<p>Hank\u00f3 Bal\u00e1zs Magyarorsz\u00e1g kult\u00far\u00e1\u00e9rt \u00e9s innov\u00e1ci\u00f3\u00e9rt felel\u0151s minisztere kolozsv\u00e1ri l\u00e1togat\u00e1sa sor\u00e1n r\u00e1vil\u00e1g\u00edtott a magyarorsz\u00e1gi fels\u0151oktat\u00e1si modellre, amit elmond\u00e1sa szerint az eg\u00e9sz K\u00e1rp\u00e1t-medenc\u00e9ben, \u00edgy Erd\u00e9lyben is biztos\u00edtani kell.<\/p>\n\n\n\n<p>Augusztus 22-\u00e9n az Ifj\u00fas\u00e1gi udvarban ker\u00fclt megrendez\u00e9sre a \u201eHat\u00e1rok n\u00e9lk\u00fcli oktat\u00e1si lehet\u0151s\u00e9gek \u2013 hazai \u00e9rv\u00e9nyes\u00fcl\u00e9s \u00e9s magyarorsz\u00e1gi k\u00e9pz\u00e9sek\u201d c\u00edm\u0171 kerekasztal-besz\u00e9lget\u00e9s, amelyen r\u00e9szt vett Varga-Bajusz Veronika Magyarorsz\u00e1g fels\u0151oktat\u00e1s\u00e9rt felel\u0151s \u00e1llamtitk\u00e1ra, Szab\u00f3 \u00d6d\u00f6n parlamenti k\u00e9pvisel\u0151 \u00e9s Hank\u00f3 Bal\u00e1zs Magyarorsz\u00e1g kult\u00far\u00e1\u00e9rt \u00e9s innov\u00e1ci\u00f3\u00e9rt felel\u0151s minisztere. L\u00e1szl\u00f3 Petra, a Kolozsv\u00e1ri Magyar Di\u00e1ksz\u00f6vets\u00e9g eln\u00f6ke moder\u00e1lta a panelbesz\u00e9lget\u00e9st, amelyben t\u00f6bbek k\u00f6z\u00f6tt sz\u00f3t ejtettek az erd\u00e9lyi magyar nyelv\u0171 oktat\u00e1sr\u00f3l, az \u00f6szt\u00f6nd\u00edjrendszer strukt\u00far\u00e1j\u00e1r\u00f3l \u00e9s az erd\u00e9lyi fiatalok sz\u00fcl\u0151f\u00f6ld\u00f6n marad\u00e1s\u00e1nak felt\u00e9teleir\u0151l is.<\/p>\n\n\n\n<p>\u201eErd\u00e9lyben is szakk\u00e9pzett munkaer\u0151re van sz\u00fcks\u00e9g, \u00e9s ahhoz, hogy a t\u00e9rs\u00e9gnek versenyk\u00e9pes, magyar identit\u00e1studattal rendelkez\u0151 fiatals\u00e1ga legyen, a k\u00e9pz\u00e9si form\u00e1k mell\u00e9 \u00f6szt\u00f6nd\u00edjrendszert is p\u00e1ros\u00edtani kell, a megl\u00e9v\u0151ket pedig er\u0151s\u00edteni sz\u00fcks\u00e9ges\u201d \u2013 jegyezte meg Hank\u00f3 Bal\u00e1zs, aki amellett, hogy \u00e1ll\u00e1st foglalt az oktat\u00e1s \u00e1tszervez\u00e9s\u00e9ben, kihangs\u00falyozta mennyire fontos a fiatals\u00e1g \u00fcgy\u00e9t szolg\u00e1lni. Elmond\u00e1sa szerint \u201ea fiatalok sikere, a nemzet sikere\u201d. Varga-Bajusz Veronika a Makovecz-program fontoss\u00e1g\u00e1t eml\u00edtette, amelyet igyekeznek a k\u00fclhoni int\u00e9zm\u00e9nyek javaslatai alapj\u00e1n alak\u00edtani oly m\u00f3don, hogy az int\u00e9zm\u00e9nyek k\u00f6z\u00f6tt \u00e9l\u0151 kapcsolat, val\u00f3s egy\u00fcttm\u0171k\u00f6d\u00e9s legyen. A \u201et\u00e9rs\u00e9gek motorjainak\u201d nevezett egyetemi strukt\u00fara az \u00e1llamtitk\u00e1rasszony v\u00e9lem\u00e9nye szerint fontos tal\u00e1lkoz\u00e1si pont a hallgat\u00f3knak, hiszen k\u00e9s\u0151bbi kapcsolataik ki\u00e9p\u00edt\u00e9s\u00e9re t\u00f6k\u00e9letes k\u00f6rnyezet az int\u00e9zm\u00e9ny.<\/p>\n\n\n\n<p>Kasler Viktor<\/p>\n\n\n\n<p><\/p>\n","protected":false},"excerpt":{"rendered":"<p>Hank\u00f3 Bal\u00e1zs Magyarorsz\u00e1g kult\u00far\u00e1\u00e9rt \u00e9s innov\u00e1ci\u00f3\u00e9rt felel\u0151s minisztere kolozsv\u00e1ri l\u00e1togat\u00e1sa sor\u00e1n r\u00e1vil\u00e1g\u00edtott a magyarorsz\u00e1gi fels\u0151oktat\u00e1si modellre&#8230;<\/p>\n","protected":false},"author":8,"featured_media":3321,"comment_status":"closed","ping_status":"open","sticky":false,"template":"","format":"standard","meta":{"_acf_changed":false,"footnotes":""},"categories":[1],"tags":[],"class_list":["post-3320","post","type-post","status-publish","format-standard","has-post-thumbnail","hentry","category-egyeb"],"acf":[],"yoast_head":"<!-- This site is optimized with the Yoast SEO plugin v23.0 - https:\/\/yoast.com\/wordpress\/plugins\/seo\/ -->\n<title>Hat\u00e1rtalan oktat\u00e1s - Kolozsv\u00e1ri Magyar Napok 2024<\/title>\n<meta name=\"robots\" content=\"index, follow, max-snippet:-1, max-image-preview:large, max-video-preview:-1\" \/>\n<link rel=\"canonical\" href=\"https:\/\/magyarnapok.ro\/2024\/hatartalan-oktatas\/\" \/>\n<meta property=\"og:locale\" content=\"hu_HU\" \/>\n<meta property=\"og:type\" content=\"article\" \/>\n<meta property=\"og:title\" content=\"Hat\u00e1rtalan oktat\u00e1s - Kolozsv\u00e1ri Magyar Napok 2024\" \/>\n<meta property=\"og:description\" content=\"Hank\u00f3 Bal\u00e1zs Magyarorsz\u00e1g kult\u00far\u00e1\u00e9rt \u00e9s innov\u00e1ci\u00f3\u00e9rt felel\u0151s minisztere kolozsv\u00e1ri l\u00e1togat\u00e1sa sor\u00e1n r\u00e1vil\u00e1g\u00edtott a magyarorsz\u00e1gi fels\u0151oktat\u00e1si modellre...\" \/>\n<meta property=\"og:url\" content=\"https:\/\/magyarnapok.ro\/2024\/hatartalan-oktatas\/\" \/>\n<meta property=\"og:site_name\" content=\"Kolozsv\u00e1ri Magyar Napok 2024\" \/>\n<meta property=\"article:publisher\" content=\"https:\/\/www.facebook.com\/magyarnapok\" \/>\n<meta property=\"article:published_time\" content=\"2024-08-25T14:35:45+00:00\" \/>\n<meta property=\"article:modified_time\" content=\"2024-08-25T14:35:47+00:00\" \/>\n<meta property=\"og:image\" content=\"https:\/\/magyarnapok.ro\/2024\/wp-content\/uploads\/2024\/08\/kmn2024_ifiudvar_hanko-balazs_20240822_133803_VL-scaled.jpg\" \/>\n\t<meta property=\"og:image:width\" content=\"2560\" \/>\n\t<meta property=\"og:image:height\" content=\"1707\" \/>\n\t<meta property=\"og:image:type\" content=\"image\/jpeg\" \/>\n<meta name=\"author\" content=\"S\u00e1ri Rom\u00e1n\" \/>\n<meta name=\"twitter:card\" content=\"summary_large_image\" \/>\n<meta name=\"twitter:label1\" content=\"Szerz\u0151:\" \/>\n\t<meta name=\"twitter:data1\" content=\"S\u00e1ri Rom\u00e1n\" \/>\n\t<meta name=\"twitter:label2\" content=\"Becs\u00fclt olvas\u00e1si id\u0151\" \/>\n\t<meta name=\"twitter:data2\" content=\"2 perc\" \/>\n<script type=\"application\/ld+json\" class=\"yoast-schema-graph\">{\"@context\":\"https:\/\/schema.org\",\"@graph\":[{\"@type\":\"Article\",\"@id\":\"https:\/\/magyarnapok.ro\/2024\/hatartalan-oktatas\/#article\",\"isPartOf\":{\"@id\":\"https:\/\/magyarnapok.ro\/2024\/hatartalan-oktatas\/\"},\"author\":{\"name\":\"S\u00e1ri Rom\u00e1n\",\"@id\":\"https:\/\/magyarnapok.ro\/2024\/#\/schema\/person\/4f7ca30ab538cb03a3c6146bb39b497e\"},\"headline\":\"Hat\u00e1rtalan oktat\u00e1s\",\"datePublished\":\"2024-08-25T14:35:45+00:00\",\"dateModified\":\"2024-08-25T14:35:47+00:00\",\"mainEntityOfPage\":{\"@id\":\"https:\/\/magyarnapok.ro\/2024\/hatartalan-oktatas\/\"},\"wordCount\":372,\"publisher\":{\"@id\":\"https:\/\/magyarnapok.ro\/2024\/#organization\"},\"image\":{\"@id\":\"https:\/\/magyarnapok.ro\/2024\/hatartalan-oktatas\/#primaryimage\"},\"thumbnailUrl\":\"https:\/\/magyarnapok.ro\/2024\/wp-content\/uploads\/2024\/08\/kmn2024_ifiudvar_hanko-balazs_20240822_133803_VL-scaled.jpg\",\"inLanguage\":\"hu\"},{\"@type\":\"WebPage\",\"@id\":\"https:\/\/magyarnapok.ro\/2024\/hatartalan-oktatas\/\",\"url\":\"https:\/\/magyarnapok.ro\/2024\/hatartalan-oktatas\/\",\"name\":\"Hat\u00e1rtalan oktat\u00e1s - Kolozsv\u00e1ri Magyar Napok 2024\",\"isPartOf\":{\"@id\":\"https:\/\/magyarnapok.ro\/2024\/#website\"},\"primaryImageOfPage\":{\"@id\":\"https:\/\/magyarnapok.ro\/2024\/hatartalan-oktatas\/#primaryimage\"},\"image\":{\"@id\":\"https:\/\/magyarnapok.ro\/2024\/hatartalan-oktatas\/#primaryimage\"},\"thumbnailUrl\":\"https:\/\/magyarnapok.ro\/2024\/wp-content\/uploads\/2024\/08\/kmn2024_ifiudvar_hanko-balazs_20240822_133803_VL-scaled.jpg\",\"datePublished\":\"2024-08-25T14:35:45+00:00\",\"dateModified\":\"2024-08-25T14:35:47+00:00\",\"breadcrumb\":{\"@id\":\"https:\/\/magyarnapok.ro\/2024\/hatartalan-oktatas\/#breadcrumb\"},\"inLanguage\":\"hu\",\"potentialAction\":[{\"@type\":\"ReadAction\",\"target\":[\"https:\/\/magyarnapok.ro\/2024\/hatartalan-oktatas\/\"]}]},{\"@type\":\"ImageObject\",\"inLanguage\":\"hu\",\"@id\":\"https:\/\/magyarnapok.ro\/2024\/hatartalan-oktatas\/#primaryimage\",\"url\":\"https:\/\/magyarnapok.ro\/2024\/wp-content\/uploads\/2024\/08\/kmn2024_ifiudvar_hanko-balazs_20240822_133803_VL-scaled.jpg\",\"contentUrl\":\"https:\/\/magyarnapok.ro\/2024\/wp-content\/uploads\/2024\/08\/kmn2024_ifiudvar_hanko-balazs_20240822_133803_VL-scaled.jpg\",\"width\":2560,\"height\":1707},{\"@type\":\"BreadcrumbList\",\"@id\":\"https:\/\/magyarnapok.ro\/2024\/hatartalan-oktatas\/#breadcrumb\",\"itemListElement\":[{\"@type\":\"ListItem\",\"position\":1,\"name\":\"Home\",\"item\":\"https:\/\/magyarnapok.ro\/2024\/\"},{\"@type\":\"ListItem\",\"position\":2,\"name\":\"Hat\u00e1rtalan oktat\u00e1s\"}]},{\"@type\":\"WebSite\",\"@id\":\"https:\/\/magyarnapok.ro\/2024\/#website\",\"url\":\"https:\/\/magyarnapok.ro\/2024\/\",\"name\":\"Kolozsv\u00e1ri Magyar Napok 2024\",\"description\":\"A h\u00e9t meg a nyolc\u00e1t!\",\"publisher\":{\"@id\":\"https:\/\/magyarnapok.ro\/2024\/#organization\"},\"potentialAction\":[{\"@type\":\"SearchAction\",\"target\":{\"@type\":\"EntryPoint\",\"urlTemplate\":\"https:\/\/magyarnapok.ro\/2024\/?s={search_term_string}\"},\"query-input\":\"required name=search_term_string\"}],\"inLanguage\":\"hu\"},{\"@type\":\"Organization\",\"@id\":\"https:\/\/magyarnapok.ro\/2024\/#organization\",\"name\":\"Kolozsv\u00e1ri Magyar Napok\",\"url\":\"https:\/\/magyarnapok.ro\/2024\/\",\"logo\":{\"@type\":\"ImageObject\",\"inLanguage\":\"hu\",\"@id\":\"https:\/\/magyarnapok.ro\/2024\/#\/schema\/logo\/image\/\",\"url\":\"https:\/\/magyarnapok.ro\/2024\/wp-content\/uploads\/2024\/04\/kmn_15_logo.png\",\"contentUrl\":\"https:\/\/magyarnapok.ro\/2024\/wp-content\/uploads\/2024\/04\/kmn_15_logo.png\",\"width\":385,\"height\":362,\"caption\":\"Kolozsv\u00e1ri Magyar Napok\"},\"image\":{\"@id\":\"https:\/\/magyarnapok.ro\/2024\/#\/schema\/logo\/image\/\"},\"sameAs\":[\"https:\/\/www.facebook.com\/magyarnapok\",\"https:\/\/www.instagram.com\/magyarnapok\/\",\"https:\/\/www.youtube.com\/c\/KolozsvriMagyarNapok2015\"]},{\"@type\":\"Person\",\"@id\":\"https:\/\/magyarnapok.ro\/2024\/#\/schema\/person\/4f7ca30ab538cb03a3c6146bb39b497e\",\"name\":\"S\u00e1ri Rom\u00e1n\",\"image\":{\"@type\":\"ImageObject\",\"inLanguage\":\"hu\",\"@id\":\"https:\/\/magyarnapok.ro\/2024\/#\/schema\/person\/image\/\",\"url\":\"https:\/\/secure.gravatar.com\/avatar\/91c75dcd2067ce4077834f6e3ece679465c21407b734374f7b1c7962150ba024?s=96&d=mm&r=g\",\"contentUrl\":\"https:\/\/secure.gravatar.com\/avatar\/91c75dcd2067ce4077834f6e3ece679465c21407b734374f7b1c7962150ba024?s=96&d=mm&r=g\",\"caption\":\"S\u00e1ri Rom\u00e1n\"},\"url\":\"https:\/\/magyarnapok.ro\/2024\/author\/roman-sari\/\"}]}<\/script>\n<!-- \/ Yoast SEO plugin. -->","yoast_head_json":{"title":"Hat\u00e1rtalan oktat\u00e1s - Kolozsv\u00e1ri Magyar Napok 2024","robots":{"index":"index","follow":"follow","max-snippet":"max-snippet:-1","max-image-preview":"max-image-preview:large","max-video-preview":"max-video-preview:-1"},"canonical":"https:\/\/magyarnapok.ro\/2024\/hatartalan-oktatas\/","og_locale":"hu_HU","og_type":"article","og_title":"Hat\u00e1rtalan oktat\u00e1s - Kolozsv\u00e1ri Magyar Napok 2024","og_description":"Hank\u00f3 Bal\u00e1zs Magyarorsz\u00e1g kult\u00far\u00e1\u00e9rt \u00e9s innov\u00e1ci\u00f3\u00e9rt felel\u0151s minisztere kolozsv\u00e1ri l\u00e1togat\u00e1sa sor\u00e1n r\u00e1vil\u00e1g\u00edtott a magyarorsz\u00e1gi fels\u0151oktat\u00e1si modellre...","og_url":"https:\/\/magyarnapok.ro\/2024\/hatartalan-oktatas\/","og_site_name":"Kolozsv\u00e1ri Magyar Napok 2024","article_publisher":"https:\/\/www.facebook.com\/magyarnapok","article_published_time":"2024-08-25T14:35:45+00:00","article_modified_time":"2024-08-25T14:35:47+00:00","og_image":[{"width":2560,"height":1707,"url":"https:\/\/magyarnapok.ro\/2024\/wp-content\/uploads\/2024\/08\/kmn2024_ifiudvar_hanko-balazs_20240822_133803_VL-scaled.jpg","type":"image\/jpeg"}],"author":"S\u00e1ri Rom\u00e1n","twitter_card":"summary_large_image","twitter_misc":{"Szerz\u0151:":"S\u00e1ri Rom\u00e1n","Becs\u00fclt olvas\u00e1si id\u0151":"2 perc"},"schema":{"@context":"https:\/\/schema.org","@graph":[{"@type":"Article","@id":"https:\/\/magyarnapok.ro\/2024\/hatartalan-oktatas\/#article","isPartOf":{"@id":"https:\/\/magyarnapok.ro\/2024\/hatartalan-oktatas\/"},"author":{"name":"S\u00e1ri Rom\u00e1n","@id":"https:\/\/magyarnapok.ro\/2024\/#\/schema\/person\/4f7ca30ab538cb03a3c6146bb39b497e"},"headline":"Hat\u00e1rtalan oktat\u00e1s","datePublished":"2024-08-25T14:35:45+00:00","dateModified":"2024-08-25T14:35:47+00:00","mainEntityOfPage":{"@id":"https:\/\/magyarnapok.ro\/2024\/hatartalan-oktatas\/"},"wordCount":372,"publisher":{"@id":"https:\/\/magyarnapok.ro\/2024\/#organization"},"image":{"@id":"https:\/\/magyarnapok.ro\/2024\/hatartalan-oktatas\/#primaryimage"},"thumbnailUrl":"https:\/\/magyarnapok.ro\/2024\/wp-content\/uploads\/2024\/08\/kmn2024_ifiudvar_hanko-balazs_20240822_133803_VL-scaled.jpg","inLanguage":"hu"},{"@type":"WebPage","@id":"https:\/\/magyarnapok.ro\/2024\/hatartalan-oktatas\/","url":"https:\/\/magyarnapok.ro\/2024\/hatartalan-oktatas\/","name":"Hat\u00e1rtalan oktat\u00e1s - Kolozsv\u00e1ri Magyar Napok 2024","isPartOf":{"@id":"https:\/\/magyarnapok.ro\/2024\/#website"},"primaryImageOfPage":{"@id":"https:\/\/magyarnapok.ro\/2024\/hatartalan-oktatas\/#primaryimage"},"image":{"@id":"https:\/\/magyarnapok.ro\/2024\/hatartalan-oktatas\/#primaryimage"},"thumbnailUrl":"https:\/\/magyarnapok.ro\/2024\/wp-content\/uploads\/2024\/08\/kmn2024_ifiudvar_hanko-balazs_20240822_133803_VL-scaled.jpg","datePublished":"2024-08-25T14:35:45+00:00","dateModified":"2024-08-25T14:35:47+00:00","breadcrumb":{"@id":"https:\/\/magyarnapok.ro\/2024\/hatartalan-oktatas\/#breadcrumb"},"inLanguage":"hu","potentialAction":[{"@type":"ReadAction","target":["https:\/\/magyarnapok.ro\/2024\/hatartalan-oktatas\/"]}]},{"@type":"ImageObject","inLanguage":"hu","@id":"https:\/\/magyarnapok.ro\/2024\/hatartalan-oktatas\/#primaryimage","url":"https:\/\/magyarnapok.ro\/2024\/wp-content\/uploads\/2024\/08\/kmn2024_ifiudvar_hanko-balazs_20240822_133803_VL-scaled.jpg","contentUrl":"https:\/\/magyarnapok.ro\/2024\/wp-content\/uploads\/2024\/08\/kmn2024_ifiudvar_hanko-balazs_20240822_133803_VL-scaled.jpg","width":2560,"height":1707},{"@type":"BreadcrumbList","@id":"https:\/\/magyarnapok.ro\/2024\/hatartalan-oktatas\/#breadcrumb","itemListElement":[{"@type":"ListItem","position":1,"name":"Home","item":"https:\/\/magyarnapok.ro\/2024\/"},{"@type":"ListItem","position":2,"name":"Hat\u00e1rtalan oktat\u00e1s"}]},{"@type":"WebSite","@id":"https:\/\/magyarnapok.ro\/2024\/#website","url":"https:\/\/magyarnapok.ro\/2024\/","name":"Kolozsv\u00e1ri Magyar Napok 2024","description":"A h\u00e9t meg a nyolc\u00e1t!","publisher":{"@id":"https:\/\/magyarnapok.ro\/2024\/#organization"},"potentialAction":[{"@type":"SearchAction","target":{"@type":"EntryPoint","urlTemplate":"https:\/\/magyarnapok.ro\/2024\/?s={search_term_string}"},"query-input":"required name=search_term_string"}],"inLanguage":"hu"},{"@type":"Organization","@id":"https:\/\/magyarnapok.ro\/2024\/#organization","name":"Kolozsv\u00e1ri Magyar Napok","url":"https:\/\/magyarnapok.ro\/2024\/","logo":{"@type":"ImageObject","inLanguage":"hu","@id":"https:\/\/magyarnapok.ro\/2024\/#\/schema\/logo\/image\/","url":"https:\/\/magyarnapok.ro\/2024\/wp-content\/uploads\/2024\/04\/kmn_15_logo.png","contentUrl":"https:\/\/magyarnapok.ro\/2024\/wp-content\/uploads\/2024\/04\/kmn_15_logo.png","width":385,"height":362,"caption":"Kolozsv\u00e1ri Magyar Napok"},"image":{"@id":"https:\/\/magyarnapok.ro\/2024\/#\/schema\/logo\/image\/"},"sameAs":["https:\/\/www.facebook.com\/magyarnapok","https:\/\/www.instagram.com\/magyarnapok\/","https:\/\/www.youtube.com\/c\/KolozsvriMagyarNapok2015"]},{"@type":"Person","@id":"https:\/\/magyarnapok.ro\/2024\/#\/schema\/person\/4f7ca30ab538cb03a3c6146bb39b497e","name":"S\u00e1ri Rom\u00e1n","image":{"@type":"ImageObject","inLanguage":"hu","@id":"https:\/\/magyarnapok.ro\/2024\/#\/schema\/person\/image\/","url":"https:\/\/secure.gravatar.com\/avatar\/91c75dcd2067ce4077834f6e3ece679465c21407b734374f7b1c7962150ba024?s=96&d=mm&r=g","contentUrl":"https:\/\/secure.gravatar.com\/avatar\/91c75dcd2067ce4077834f6e3ece679465c21407b734374f7b1c7962150ba024?s=96&d=mm&r=g","caption":"S\u00e1ri Rom\u00e1n"},"url":"https:\/\/magyarnapok.ro\/2024\/author\/roman-sari\/"}]}},"_links":{"self":[{"href":"https:\/\/magyarnapok.ro\/2024\/wp-json\/wp\/v2\/posts\/3320","targetHints":{"allow":["GET"]}}],"collection":[{"href":"https:\/\/magyarnapok.ro\/2024\/wp-json\/wp\/v2\/posts"}],"about":[{"href":"https:\/\/magyarnapok.ro\/2024\/wp-json\/wp\/v2\/types\/post"}],"author":[{"embeddable":true,"href":"https:\/\/magyarnapok.ro\/2024\/wp-json\/wp\/v2\/users\/8"}],"replies":[{"embeddable":true,"href":"https:\/\/magyarnapok.ro\/2024\/wp-json\/wp\/v2\/comments?post=3320"}],"version-history":[{"count":1,"href":"https:\/\/magyarnapok.ro\/2024\/wp-json\/wp\/v2\/posts\/3320\/revisions"}],"predecessor-version":[{"id":3322,"href":"https:\/\/magyarnapok.ro\/2024\/wp-json\/wp\/v2\/posts\/3320\/revisions\/3322"}],"wp:featuredmedia":[{"embeddable":true,"href":"https:\/\/magyarnapok.ro\/2024\/wp-json\/wp\/v2\/media\/3321"}],"wp:attachment":[{"href":"https:\/\/magyarnapok.ro\/2024\/wp-json\/wp\/v2\/media?parent=3320"}],"wp:term":[{"taxonomy":"category","embeddable":true,"href":"https:\/\/magyarnapok.ro\/2024\/wp-json\/wp\/v2\/categories?post=3320"},{"taxonomy":"post_tag","embeddable":true,"href":"https:\/\/magyarnapok.ro\/2024\/wp-json\/wp\/v2\/tags?post=3320"}],"curies":[{"name":"wp","href":"https:\/\/api.w.org\/{rel}","templated":true}]}}