{"id":3323,"date":"2024-08-25T17:41:47","date_gmt":"2024-08-25T14:41:47","guid":{"rendered":"https:\/\/magyarnapok.ro\/2024\/?p=3323"},"modified":"2024-08-25T17:41:48","modified_gmt":"2024-08-25T14:41:48","slug":"lehet-e-kolozsvar-olimpiai-varos","status":"publish","type":"post","link":"https:\/\/magyarnapok.ro\/2024\/lehet-e-kolozsvar-olimpiai-varos\/","title":{"rendered":"Lehet-e Kolozsv\u00e1r olimpiai v\u00e1ros?"},"content":{"rendered":"\n<p>Mi kell ahhoz, hogy egy olimpiai v\u00e1ros megsz\u00fclethessen, milyen tulajdons\u00e1gokkal kell rendelkeznie? K\u00e9pes-e Kolozsv\u00e1r erre, vagy val\u00f3ban egy sci-fi-be val\u00f3 jelenet lenne?<\/p>\n\n\n\n<p>Kerekasztal-besz\u00e9lget\u00e9st tartottak augusztus 23-\u00e1n az MCC Lounge-ban a Kolozsv\u00e1ri Magyar Napok keret\u00e9n bel\u00fcl. A megh\u00edvottak R\u00e1cz B\u00e9la Gergely k\u00f6zgazd\u00e1sz, a BBTE egyetemi tan\u00e1ra, Gyarmati Ferenc birk\u00f3z\u00f3 edz\u0151, nemzetk\u00f6zi b\u00edr\u00f3, valamint Cl\u00e9ment Lopez szociol\u00f3gus, a 2024-es p\u00e1rizsi olimpia hat\u00e1s\u00e1t elemz\u0151 kutat\u00e1s vezet\u0151je voltak. Az esem\u00e9ny, amelyet P\u00e9ter Istv\u00e1n, az MCC nemzetk\u00f6zi kapcsolatok projektmenedzsere moder\u00e1lt, angol nyelven folyt.<\/p>\n\n\n\n<p>Fontos kiemelni, hogy a besz\u00e9lget\u00e9s f\u0151k\u00e9nt a 2024-es p\u00e1rizsi olimpia k\u00f6r\u00e9 volt fel\u00e9p\u00edtve, teh\u00e1t minden szempontot ennek kapcs\u00e1n vizsg\u00e1ltak, elemeztek. R\u00e1cz B\u00e9la Gergely elmondta, hogy id\u00e9n a szervez\u0151k egyik f\u0151 szempontja a fenntarthat\u00f3s\u00e1g volt, figyelembe v\u00e9ve, hogy az \u00e9vek sor\u00e1n egyre nagyobb a k\u00f6lts\u00e9gvet\u00e9se az \u00f6tkarik\u00e1s j\u00e1t\u00e9koknak. Mindezeket figyelembe v\u00e9ve Franciaorsz\u00e1gnak \u00edgy is 9 milli\u00e1rd eur\u00f3ba ker\u00fclt a szervez\u00e9s. Hangs\u00falyozta, t\u00e9ny, hogy az idei olimpia a 6. legdr\u00e1g\u00e1bb volt, viszont ezt relat\u00edvan kell vizsg\u00e1lni. P\u00e9ldak\u00e9nt felhozta, hogy Kolozsv\u00e1rnak 800 milli\u00f3 eur\u00f3 a k\u00f6lts\u00e9gvet\u00e9se a 9 milli\u00e1rdhoz k\u00e9pest. Azt is kifejtette, hogy a sz\u00e1mokat l\u00e1tjuk, k\u00e9zzel foghat\u00f3 a kiad\u00e1s, azt viszont nem tudjuk megm\u00e9rni, hogy Franciaorsz\u00e1gnak, P\u00e1rizsnak milyen, mennyi nyeres\u00e9ge van mindebb\u0151l. Egy\u00e9rtelm\u0171 v\u00e1lasza volt, hogy Kolozsv\u00e1r nem lehet olimpiai v\u00e1ros \u2013 sz\u00e1mos okb\u00f3l kifoly\u00f3lag. A legkisebb v\u00e1ros, amely szervez\u0151 volt, az Helsinki. F\u00e9l\u0151, hogy azok az \u00e9p\u00fcletek: sportcsarnokok, edz\u0151termek, uszod\u00e1k, amelyeket fel\u00e9p\u00edten\u00e9nek, a j\u00e1t\u00e9kok ut\u00e1n nem lesznek kihaszn\u00e1lva, \u00edgy vesztes\u00e9get termeln\u00e9nek a v\u00e1rosnak.<\/p>\n\n\n\n<p>Gyarmati Ferenc, aki h\u00e1rom olimpi\u00e1n is r\u00e9szt vett \u2013 Ri\u00f3ban, T\u00f3ki\u00f3ban \u00e9s P\u00e1rizsban \u2013 \u00fagy v\u00e9lekedett, hogy az idei volt a legkiv\u00e1l\u00f3bb szervez\u00e9s, j\u00f3 d\u00f6nt\u00e9s volt a francia f\u0151v\u00e1ros. Rendes k\u00f6r\u00fclm\u00e9nyek voltak, gy\u00f6ny\u00f6r\u0171 helysz\u00ednek, egyed\u00fcli f\u00e9lelem a terrort\u00e1mad\u00e1s es\u00e9lye volt, de kiemelte, hogy nagy figyelmet ford\u00edtottak a biztons\u00e1gra, \u00edgy semmi baj nem volt.<\/p>\n\n\n\n<p>Cl\u00e9ment Lopez a szervez\u0151k oldal\u00e1r\u00f3l is besz\u00e9lt, t\u00f6bbek k\u00f6zt az el\u00e9gg\u00e9 nagy port kavar\u00f3 Szajna-tiszt\u00edt\u00e1sr\u00f3l, amely bel\u00e1t\u00e1sa szerint egy politikai l\u00e9p\u00e9s volt, az embereknek nem volt belesz\u00f3l\u00e1sa. P\u00e1r mondat erej\u00e9ig abba is belement, hogy sok sportol\u00f3 megbetegedett a t\u00f6bb \u00e9vsz\u00e1zada er\u0151sen fert\u0151z\u00f6tt foly\u00f3v\u00edzt\u0151l, v\u00e9lem\u00e9nye szerint ugyanakkor a Szajn\u00e1n\u00e1l \u201etiszt\u00e1bb\u201d vizekn\u00e9l is megesik ez. Kolozsv\u00e1rra vonatkoz\u00f3an \u0151 is hasonl\u00f3 \u00e1ll\u00e1sponton volt besz\u00e9lget\u0151t\u00e1rsaival, illetve hozz\u00e1tette, hogy a \u201eco-hosting\u201d is egy opci\u00f3, \u00edgy p\u00e9ldak\u00e9nt felhozta Tahitit, ahol id\u00e9n el\u0151sz\u00f6r volt megszervezve a sz\u00f6rf\u00f6l\u00e9s.<\/p>\n\n\n\n<p>A k\u00f6vetkeztet\u00e9s teh\u00e1t az, hogy Kolozsv\u00e1rnak se p\u00e9nze, se sz\u00fcks\u00e9ges infrastrukt\u00far\u00e1ja nincs egy olimpia megszervez\u00e9s\u00e9hez.<\/p>\n\n\n\n<p>Benk\u0151 Bor\u00f3ka<\/p>\n","protected":false},"excerpt":{"rendered":"<p>Mi kell ahhoz, hogy egy olimpiai v\u00e1ros megsz\u00fclethessen, milyen tulajdons\u00e1gokkal kell rendelkeznie?<\/p>\n","protected":false},"author":8,"featured_media":3324,"comment_status":"closed","ping_status":"open","sticky":false,"template":"","format":"standard","meta":{"_acf_changed":false,"footnotes":""},"categories":[1],"tags":[],"class_list":["post-3323","post","type-post","status-publish","format-standard","has-post-thumbnail","hentry","category-egyeb"],"acf":[],"yoast_head":"<!-- This site is optimized with the Yoast SEO plugin v23.0 - https:\/\/yoast.com\/wordpress\/plugins\/seo\/ -->\n<title>Lehet-e Kolozsv\u00e1r olimpiai v\u00e1ros? - Kolozsv\u00e1ri Magyar Napok 2024<\/title>\n<meta name=\"robots\" content=\"index, follow, max-snippet:-1, max-image-preview:large, max-video-preview:-1\" \/>\n<link rel=\"canonical\" href=\"https:\/\/magyarnapok.ro\/2024\/lehet-e-kolozsvar-olimpiai-varos\/\" \/>\n<meta property=\"og:locale\" content=\"hu_HU\" \/>\n<meta property=\"og:type\" content=\"article\" \/>\n<meta property=\"og:title\" content=\"Lehet-e Kolozsv\u00e1r olimpiai v\u00e1ros? - Kolozsv\u00e1ri Magyar Napok 2024\" \/>\n<meta property=\"og:description\" content=\"Mi kell ahhoz, hogy egy olimpiai v\u00e1ros megsz\u00fclethessen, milyen tulajdons\u00e1gokkal kell rendelkeznie?\" \/>\n<meta property=\"og:url\" content=\"https:\/\/magyarnapok.ro\/2024\/lehet-e-kolozsvar-olimpiai-varos\/\" \/>\n<meta property=\"og:site_name\" content=\"Kolozsv\u00e1ri Magyar Napok 2024\" \/>\n<meta property=\"article:publisher\" content=\"https:\/\/www.facebook.com\/magyarnapok\" \/>\n<meta property=\"article:published_time\" content=\"2024-08-25T14:41:47+00:00\" \/>\n<meta property=\"article:modified_time\" content=\"2024-08-25T14:41:48+00:00\" \/>\n<meta property=\"og:image\" content=\"https:\/\/magyarnapok.ro\/2024\/wp-content\/uploads\/2024\/08\/456606096_851876497042387_7037790088437459090_n.jpg\" \/>\n\t<meta property=\"og:image:width\" content=\"2048\" \/>\n\t<meta property=\"og:image:height\" content=\"1365\" \/>\n\t<meta property=\"og:image:type\" content=\"image\/jpeg\" \/>\n<meta name=\"author\" content=\"S\u00e1ri Rom\u00e1n\" \/>\n<meta name=\"twitter:card\" content=\"summary_large_image\" \/>\n<meta name=\"twitter:label1\" content=\"Szerz\u0151:\" \/>\n\t<meta name=\"twitter:data1\" content=\"S\u00e1ri Rom\u00e1n\" \/>\n\t<meta name=\"twitter:label2\" content=\"Becs\u00fclt olvas\u00e1si id\u0151\" \/>\n\t<meta name=\"twitter:data2\" content=\"3 perc\" \/>\n<script type=\"application\/ld+json\" class=\"yoast-schema-graph\">{\"@context\":\"https:\/\/schema.org\",\"@graph\":[{\"@type\":\"Article\",\"@id\":\"https:\/\/magyarnapok.ro\/2024\/lehet-e-kolozsvar-olimpiai-varos\/#article\",\"isPartOf\":{\"@id\":\"https:\/\/magyarnapok.ro\/2024\/lehet-e-kolozsvar-olimpiai-varos\/\"},\"author\":{\"name\":\"S\u00e1ri Rom\u00e1n\",\"@id\":\"https:\/\/magyarnapok.ro\/2024\/#\/schema\/person\/4f7ca30ab538cb03a3c6146bb39b497e\"},\"headline\":\"Lehet-e Kolozsv\u00e1r olimpiai v\u00e1ros?\",\"datePublished\":\"2024-08-25T14:41:47+00:00\",\"dateModified\":\"2024-08-25T14:41:48+00:00\",\"mainEntityOfPage\":{\"@id\":\"https:\/\/magyarnapok.ro\/2024\/lehet-e-kolozsvar-olimpiai-varos\/\"},\"wordCount\":576,\"publisher\":{\"@id\":\"https:\/\/magyarnapok.ro\/2024\/#organization\"},\"image\":{\"@id\":\"https:\/\/magyarnapok.ro\/2024\/lehet-e-kolozsvar-olimpiai-varos\/#primaryimage\"},\"thumbnailUrl\":\"https:\/\/magyarnapok.ro\/2024\/wp-content\/uploads\/2024\/08\/456606096_851876497042387_7037790088437459090_n.jpg\",\"inLanguage\":\"hu\"},{\"@type\":\"WebPage\",\"@id\":\"https:\/\/magyarnapok.ro\/2024\/lehet-e-kolozsvar-olimpiai-varos\/\",\"url\":\"https:\/\/magyarnapok.ro\/2024\/lehet-e-kolozsvar-olimpiai-varos\/\",\"name\":\"Lehet-e Kolozsv\u00e1r olimpiai v\u00e1ros? - Kolozsv\u00e1ri Magyar Napok 2024\",\"isPartOf\":{\"@id\":\"https:\/\/magyarnapok.ro\/2024\/#website\"},\"primaryImageOfPage\":{\"@id\":\"https:\/\/magyarnapok.ro\/2024\/lehet-e-kolozsvar-olimpiai-varos\/#primaryimage\"},\"image\":{\"@id\":\"https:\/\/magyarnapok.ro\/2024\/lehet-e-kolozsvar-olimpiai-varos\/#primaryimage\"},\"thumbnailUrl\":\"https:\/\/magyarnapok.ro\/2024\/wp-content\/uploads\/2024\/08\/456606096_851876497042387_7037790088437459090_n.jpg\",\"datePublished\":\"2024-08-25T14:41:47+00:00\",\"dateModified\":\"2024-08-25T14:41:48+00:00\",\"breadcrumb\":{\"@id\":\"https:\/\/magyarnapok.ro\/2024\/lehet-e-kolozsvar-olimpiai-varos\/#breadcrumb\"},\"inLanguage\":\"hu\",\"potentialAction\":[{\"@type\":\"ReadAction\",\"target\":[\"https:\/\/magyarnapok.ro\/2024\/lehet-e-kolozsvar-olimpiai-varos\/\"]}]},{\"@type\":\"ImageObject\",\"inLanguage\":\"hu\",\"@id\":\"https:\/\/magyarnapok.ro\/2024\/lehet-e-kolozsvar-olimpiai-varos\/#primaryimage\",\"url\":\"https:\/\/magyarnapok.ro\/2024\/wp-content\/uploads\/2024\/08\/456606096_851876497042387_7037790088437459090_n.jpg\",\"contentUrl\":\"https:\/\/magyarnapok.ro\/2024\/wp-content\/uploads\/2024\/08\/456606096_851876497042387_7037790088437459090_n.jpg\",\"width\":2048,\"height\":1365},{\"@type\":\"BreadcrumbList\",\"@id\":\"https:\/\/magyarnapok.ro\/2024\/lehet-e-kolozsvar-olimpiai-varos\/#breadcrumb\",\"itemListElement\":[{\"@type\":\"ListItem\",\"position\":1,\"name\":\"Home\",\"item\":\"https:\/\/magyarnapok.ro\/2024\/\"},{\"@type\":\"ListItem\",\"position\":2,\"name\":\"Lehet-e Kolozsv\u00e1r olimpiai v\u00e1ros?\"}]},{\"@type\":\"WebSite\",\"@id\":\"https:\/\/magyarnapok.ro\/2024\/#website\",\"url\":\"https:\/\/magyarnapok.ro\/2024\/\",\"name\":\"Kolozsv\u00e1ri Magyar Napok 2024\",\"description\":\"A h\u00e9t meg a nyolc\u00e1t!\",\"publisher\":{\"@id\":\"https:\/\/magyarnapok.ro\/2024\/#organization\"},\"potentialAction\":[{\"@type\":\"SearchAction\",\"target\":{\"@type\":\"EntryPoint\",\"urlTemplate\":\"https:\/\/magyarnapok.ro\/2024\/?s={search_term_string}\"},\"query-input\":\"required name=search_term_string\"}],\"inLanguage\":\"hu\"},{\"@type\":\"Organization\",\"@id\":\"https:\/\/magyarnapok.ro\/2024\/#organization\",\"name\":\"Kolozsv\u00e1ri Magyar Napok\",\"url\":\"https:\/\/magyarnapok.ro\/2024\/\",\"logo\":{\"@type\":\"ImageObject\",\"inLanguage\":\"hu\",\"@id\":\"https:\/\/magyarnapok.ro\/2024\/#\/schema\/logo\/image\/\",\"url\":\"https:\/\/magyarnapok.ro\/2024\/wp-content\/uploads\/2024\/04\/kmn_15_logo.png\",\"contentUrl\":\"https:\/\/magyarnapok.ro\/2024\/wp-content\/uploads\/2024\/04\/kmn_15_logo.png\",\"width\":385,\"height\":362,\"caption\":\"Kolozsv\u00e1ri Magyar Napok\"},\"image\":{\"@id\":\"https:\/\/magyarnapok.ro\/2024\/#\/schema\/logo\/image\/\"},\"sameAs\":[\"https:\/\/www.facebook.com\/magyarnapok\",\"https:\/\/www.instagram.com\/magyarnapok\/\",\"https:\/\/www.youtube.com\/c\/KolozsvriMagyarNapok2015\"]},{\"@type\":\"Person\",\"@id\":\"https:\/\/magyarnapok.ro\/2024\/#\/schema\/person\/4f7ca30ab538cb03a3c6146bb39b497e\",\"name\":\"S\u00e1ri Rom\u00e1n\",\"image\":{\"@type\":\"ImageObject\",\"inLanguage\":\"hu\",\"@id\":\"https:\/\/magyarnapok.ro\/2024\/#\/schema\/person\/image\/\",\"url\":\"https:\/\/secure.gravatar.com\/avatar\/91c75dcd2067ce4077834f6e3ece679465c21407b734374f7b1c7962150ba024?s=96&d=mm&r=g\",\"contentUrl\":\"https:\/\/secure.gravatar.com\/avatar\/91c75dcd2067ce4077834f6e3ece679465c21407b734374f7b1c7962150ba024?s=96&d=mm&r=g\",\"caption\":\"S\u00e1ri Rom\u00e1n\"},\"url\":\"https:\/\/magyarnapok.ro\/2024\/author\/roman-sari\/\"}]}<\/script>\n<!-- \/ Yoast SEO plugin. -->","yoast_head_json":{"title":"Lehet-e Kolozsv\u00e1r olimpiai v\u00e1ros? - Kolozsv\u00e1ri Magyar Napok 2024","robots":{"index":"index","follow":"follow","max-snippet":"max-snippet:-1","max-image-preview":"max-image-preview:large","max-video-preview":"max-video-preview:-1"},"canonical":"https:\/\/magyarnapok.ro\/2024\/lehet-e-kolozsvar-olimpiai-varos\/","og_locale":"hu_HU","og_type":"article","og_title":"Lehet-e Kolozsv\u00e1r olimpiai v\u00e1ros? - Kolozsv\u00e1ri Magyar Napok 2024","og_description":"Mi kell ahhoz, hogy egy olimpiai v\u00e1ros megsz\u00fclethessen, milyen tulajdons\u00e1gokkal kell rendelkeznie?","og_url":"https:\/\/magyarnapok.ro\/2024\/lehet-e-kolozsvar-olimpiai-varos\/","og_site_name":"Kolozsv\u00e1ri Magyar Napok 2024","article_publisher":"https:\/\/www.facebook.com\/magyarnapok","article_published_time":"2024-08-25T14:41:47+00:00","article_modified_time":"2024-08-25T14:41:48+00:00","og_image":[{"width":2048,"height":1365,"url":"https:\/\/magyarnapok.ro\/2024\/wp-content\/uploads\/2024\/08\/456606096_851876497042387_7037790088437459090_n.jpg","type":"image\/jpeg"}],"author":"S\u00e1ri Rom\u00e1n","twitter_card":"summary_large_image","twitter_misc":{"Szerz\u0151:":"S\u00e1ri Rom\u00e1n","Becs\u00fclt olvas\u00e1si id\u0151":"3 perc"},"schema":{"@context":"https:\/\/schema.org","@graph":[{"@type":"Article","@id":"https:\/\/magyarnapok.ro\/2024\/lehet-e-kolozsvar-olimpiai-varos\/#article","isPartOf":{"@id":"https:\/\/magyarnapok.ro\/2024\/lehet-e-kolozsvar-olimpiai-varos\/"},"author":{"name":"S\u00e1ri Rom\u00e1n","@id":"https:\/\/magyarnapok.ro\/2024\/#\/schema\/person\/4f7ca30ab538cb03a3c6146bb39b497e"},"headline":"Lehet-e Kolozsv\u00e1r olimpiai v\u00e1ros?","datePublished":"2024-08-25T14:41:47+00:00","dateModified":"2024-08-25T14:41:48+00:00","mainEntityOfPage":{"@id":"https:\/\/magyarnapok.ro\/2024\/lehet-e-kolozsvar-olimpiai-varos\/"},"wordCount":576,"publisher":{"@id":"https:\/\/magyarnapok.ro\/2024\/#organization"},"image":{"@id":"https:\/\/magyarnapok.ro\/2024\/lehet-e-kolozsvar-olimpiai-varos\/#primaryimage"},"thumbnailUrl":"https:\/\/magyarnapok.ro\/2024\/wp-content\/uploads\/2024\/08\/456606096_851876497042387_7037790088437459090_n.jpg","inLanguage":"hu"},{"@type":"WebPage","@id":"https:\/\/magyarnapok.ro\/2024\/lehet-e-kolozsvar-olimpiai-varos\/","url":"https:\/\/magyarnapok.ro\/2024\/lehet-e-kolozsvar-olimpiai-varos\/","name":"Lehet-e Kolozsv\u00e1r olimpiai v\u00e1ros? - Kolozsv\u00e1ri Magyar Napok 2024","isPartOf":{"@id":"https:\/\/magyarnapok.ro\/2024\/#website"},"primaryImageOfPage":{"@id":"https:\/\/magyarnapok.ro\/2024\/lehet-e-kolozsvar-olimpiai-varos\/#primaryimage"},"image":{"@id":"https:\/\/magyarnapok.ro\/2024\/lehet-e-kolozsvar-olimpiai-varos\/#primaryimage"},"thumbnailUrl":"https:\/\/magyarnapok.ro\/2024\/wp-content\/uploads\/2024\/08\/456606096_851876497042387_7037790088437459090_n.jpg","datePublished":"2024-08-25T14:41:47+00:00","dateModified":"2024-08-25T14:41:48+00:00","breadcrumb":{"@id":"https:\/\/magyarnapok.ro\/2024\/lehet-e-kolozsvar-olimpiai-varos\/#breadcrumb"},"inLanguage":"hu","potentialAction":[{"@type":"ReadAction","target":["https:\/\/magyarnapok.ro\/2024\/lehet-e-kolozsvar-olimpiai-varos\/"]}]},{"@type":"ImageObject","inLanguage":"hu","@id":"https:\/\/magyarnapok.ro\/2024\/lehet-e-kolozsvar-olimpiai-varos\/#primaryimage","url":"https:\/\/magyarnapok.ro\/2024\/wp-content\/uploads\/2024\/08\/456606096_851876497042387_7037790088437459090_n.jpg","contentUrl":"https:\/\/magyarnapok.ro\/2024\/wp-content\/uploads\/2024\/08\/456606096_851876497042387_7037790088437459090_n.jpg","width":2048,"height":1365},{"@type":"BreadcrumbList","@id":"https:\/\/magyarnapok.ro\/2024\/lehet-e-kolozsvar-olimpiai-varos\/#breadcrumb","itemListElement":[{"@type":"ListItem","position":1,"name":"Home","item":"https:\/\/magyarnapok.ro\/2024\/"},{"@type":"ListItem","position":2,"name":"Lehet-e Kolozsv\u00e1r olimpiai v\u00e1ros?"}]},{"@type":"WebSite","@id":"https:\/\/magyarnapok.ro\/2024\/#website","url":"https:\/\/magyarnapok.ro\/2024\/","name":"Kolozsv\u00e1ri Magyar Napok 2024","description":"A h\u00e9t meg a nyolc\u00e1t!","publisher":{"@id":"https:\/\/magyarnapok.ro\/2024\/#organization"},"potentialAction":[{"@type":"SearchAction","target":{"@type":"EntryPoint","urlTemplate":"https:\/\/magyarnapok.ro\/2024\/?s={search_term_string}"},"query-input":"required name=search_term_string"}],"inLanguage":"hu"},{"@type":"Organization","@id":"https:\/\/magyarnapok.ro\/2024\/#organization","name":"Kolozsv\u00e1ri Magyar Napok","url":"https:\/\/magyarnapok.ro\/2024\/","logo":{"@type":"ImageObject","inLanguage":"hu","@id":"https:\/\/magyarnapok.ro\/2024\/#\/schema\/logo\/image\/","url":"https:\/\/magyarnapok.ro\/2024\/wp-content\/uploads\/2024\/04\/kmn_15_logo.png","contentUrl":"https:\/\/magyarnapok.ro\/2024\/wp-content\/uploads\/2024\/04\/kmn_15_logo.png","width":385,"height":362,"caption":"Kolozsv\u00e1ri Magyar Napok"},"image":{"@id":"https:\/\/magyarnapok.ro\/2024\/#\/schema\/logo\/image\/"},"sameAs":["https:\/\/www.facebook.com\/magyarnapok","https:\/\/www.instagram.com\/magyarnapok\/","https:\/\/www.youtube.com\/c\/KolozsvriMagyarNapok2015"]},{"@type":"Person","@id":"https:\/\/magyarnapok.ro\/2024\/#\/schema\/person\/4f7ca30ab538cb03a3c6146bb39b497e","name":"S\u00e1ri Rom\u00e1n","image":{"@type":"ImageObject","inLanguage":"hu","@id":"https:\/\/magyarnapok.ro\/2024\/#\/schema\/person\/image\/","url":"https:\/\/secure.gravatar.com\/avatar\/91c75dcd2067ce4077834f6e3ece679465c21407b734374f7b1c7962150ba024?s=96&d=mm&r=g","contentUrl":"https:\/\/secure.gravatar.com\/avatar\/91c75dcd2067ce4077834f6e3ece679465c21407b734374f7b1c7962150ba024?s=96&d=mm&r=g","caption":"S\u00e1ri Rom\u00e1n"},"url":"https:\/\/magyarnapok.ro\/2024\/author\/roman-sari\/"}]}},"_links":{"self":[{"href":"https:\/\/magyarnapok.ro\/2024\/wp-json\/wp\/v2\/posts\/3323","targetHints":{"allow":["GET"]}}],"collection":[{"href":"https:\/\/magyarnapok.ro\/2024\/wp-json\/wp\/v2\/posts"}],"about":[{"href":"https:\/\/magyarnapok.ro\/2024\/wp-json\/wp\/v2\/types\/post"}],"author":[{"embeddable":true,"href":"https:\/\/magyarnapok.ro\/2024\/wp-json\/wp\/v2\/users\/8"}],"replies":[{"embeddable":true,"href":"https:\/\/magyarnapok.ro\/2024\/wp-json\/wp\/v2\/comments?post=3323"}],"version-history":[{"count":1,"href":"https:\/\/magyarnapok.ro\/2024\/wp-json\/wp\/v2\/posts\/3323\/revisions"}],"predecessor-version":[{"id":3325,"href":"https:\/\/magyarnapok.ro\/2024\/wp-json\/wp\/v2\/posts\/3323\/revisions\/3325"}],"wp:featuredmedia":[{"embeddable":true,"href":"https:\/\/magyarnapok.ro\/2024\/wp-json\/wp\/v2\/media\/3324"}],"wp:attachment":[{"href":"https:\/\/magyarnapok.ro\/2024\/wp-json\/wp\/v2\/media?parent=3323"}],"wp:term":[{"taxonomy":"category","embeddable":true,"href":"https:\/\/magyarnapok.ro\/2024\/wp-json\/wp\/v2\/categories?post=3323"},{"taxonomy":"post_tag","embeddable":true,"href":"https:\/\/magyarnapok.ro\/2024\/wp-json\/wp\/v2\/tags?post=3323"}],"curies":[{"name":"wp","href":"https:\/\/api.w.org\/{rel}","templated":true}]}}