{"id":3329,"date":"2024-08-25T17:55:09","date_gmt":"2024-08-25T14:55:09","guid":{"rendered":"https:\/\/magyarnapok.ro\/2024\/?p=3329"},"modified":"2024-08-25T17:55:10","modified_gmt":"2024-08-25T14:55:10","slug":"a-karpataljai-fiatalok-a-haboru-arnyekaban","status":"publish","type":"post","link":"https:\/\/magyarnapok.ro\/2024\/a-karpataljai-fiatalok-a-haboru-arnyekaban\/","title":{"rendered":"A k\u00e1rp\u00e1taljai fiatalok a h\u00e1bor\u00fa \u00e1rny\u00e9k\u00e1ban"},"content":{"rendered":"\n<p>Az Ifj\u00fas\u00e1gi udvarban a 15. Kolozsv\u00e1ri Magyar Napok keret\u00e9ben Dobsa Istv\u00e1n k\u00e1rp\u00e1taljai politikus, a K\u00e1rp\u00e1taljai Magyar Kultur\u00e1lis Sz\u00f6vets\u00e9g Ifj\u00fas\u00e1gi Szervezet\u00e9nek alap\u00edt\u00f3 eln\u00f6ke Andacs Zsolt Levent\u00e9vel, v\u00e1rosi tan\u00e1csossal, az MCC \u2013 Erd\u00e9ly munkat\u00e1rs\u00e1val a k\u00e1rp\u00e1taljai fiatalok h\u00e1bor\u00faban meg\u00e9lt mindennapjair\u00f3l besz\u00e9lgetett.<\/p>\n\n\n\n<p>Dobsa Istv\u00e1n els\u0151sorban a b\u00e9ke meg\u0151rz\u00e9se \u00e9s a h\u00e1bor\u00fa kit\u00f6r\u00e9sekor meg\u00e9lt els\u0151 napokr\u00f3l mes\u00e9lt. Akkor \u00e9rezhet\u0151en fesz\u00fclt volt a helyzet, min\u00e9l t\u00f6bb inform\u00e1ci\u00f3t pr\u00f3b\u00e1ltak szerezni a fejlem\u00e9nyekr\u0151l. A h\u00e1bor\u00fa kit\u00f6r\u00e9s\u00e9nek napja \u00e9s a hadi\u00e1llapot sokk\u00e9nt j\u00f6tt, ugyanakkor annyi dezinform\u00e1ci\u00f3 volt, hogy a lakosok nem tudt\u00e1k egyb\u0151l elhinni a helyzetet. A h\u00e1bor\u00fas val\u00f3s\u00e1g azonban a menek\u00fclt\u00e1radat \u00e1ltal hihet\u0151v\u00e9 v\u00e1lt, hiszen n\u00e9h\u00e1ny \u00f3ra alatt a menek\u00fcltek el\u00e9rt\u00e9k K\u00e1rp\u00e1talj\u00e1t. Az ifj\u00fas\u00e1gi szervezet is \u00f6nk\u00e9ntes munk\u00e1val seg\u00edtett a r\u00e1szorul\u00f3kon.<\/p>\n\n\n\n<p>Az ifj\u00fas\u00e1gi szervezetet 2014-ben alap\u00edtott\u00e1k meg, de m\u00e1r akkoriban is k\u00e9rd\u00e9s volt az, hogyha \u00e9rdemes-e ilyen mozgalmat elind\u00edtani. De pontosan a kialakult konfliktus miatt volt sz\u00fcks\u00e9g a szervezett k\u00f6z\u00f6ss\u00e9gi gondolkod\u00e1sra, hogy a mindennapokat \u00e1tv\u00e9szelj\u00e9k. A 2017-es \u00e9vt\u0151l kezdve m\u00e1r t\u00f6megesem\u00e9nyek voltak, arra t\u00f6rekedtek, hogy a helyi fiataloknak szebb\u00e9 tegy\u00e9k a mindennapokat. A koronav\u00edrus-j\u00e1rv\u00e1ny viszont lass\u00edt\u00e1sra k\u00e9nyszer\u00edtette a szervezetet. A h\u00e1bor\u00fa kit\u00f6r\u00e9se ut\u00e1n, csak 2023-ra kezdtek el esem\u00e9nyeket szervezni. El\u0151bb Magyarorsz\u00e1gon j\u00f3t\u00e9konys\u00e1gi g\u00e1l\u00e1t rendeztek, ahol jelent\u0151s \u00f6sszeg gy\u0171lt \u00f6ssze a k\u00e1rp\u00e1taljaiak megseg\u00edt\u00e9s\u00e9re. Elhangzott: a hadi\u00e1llapotban komoly kih\u00edv\u00e1s esem\u00e9nyeket szervezni, p\u00e9ld\u00e1ul l\u00e9griad\u00f3 eset\u00e9ben minden esem\u00e9nyhez sz\u00fcks\u00e9ges egy \u00f3v\u00f3helyet biztos\u00edtani. Dobsa Istv\u00e1n azt tapasztalja, hogy az \u00e1ll\u00e1spontok k\u00f6zeledtek, kiegyens\u00falyozottabb \u00e9s egym\u00e1s k\u00f6lcs\u00f6n\u00f6s tisztelet\u00e9n alapul\u00f3 kapcsolat van az ukr\u00e1nok \u00e9s a magyarok k\u00f6z\u00f6tt.<\/p>\n\n\n\n<p>A besz\u00e9lget\u00e9s sor\u00e1n tov\u00e1bbi olyan fontos t\u00e9m\u00e1k is ter\u00edt\u00e9kre ker\u00fcltek, mint p\u00e9ld\u00e1ul a nyelvt\u00f6rv\u00e9ny, a h\u00e1bor\u00fa okozta r\u00e9gi\u00f3s \u00e1talakul\u00e1s (a lakoss\u00e1g, v\u00e1llalkoz\u00e1sok vagy az ingatlanok sz\u00e1mbeli n\u00f6veked\u00e9se), a magyar iskol\u00e1k m\u0171k\u00f6d\u00e9se, a munkaer\u0151piac \u00e9s azon bel\u00fcl a fiatalok munkalehet\u0151s\u00e9ge, n\u00e9pess\u00e9gmozg\u00e1s, vagy \u00e9ppen az \u00e9rdekk\u00e9pviselet.<\/p>\n\n\n\n<p>A besz\u00e9lget\u00e9s v\u00e9g\u00e9n Dobsa Istv\u00e1n k\u00f6sz\u00f6net\u00e9t fejezte ki a rendszeresen K\u00e1rp\u00e1talj\u00e1t t\u00e1mogat\u00f3knak \u00e9s l\u00e1togat\u00f3knak, \u00e9s minden v\u00e1ls\u00e1ghelyzetben l\u00e9v\u0151 fiatalnak azt \u00fczente, hogy a j\u00f3zan gondolatokra val\u00f3 t\u00e1maszkod\u00e1s, kitart\u00e1s \u00e9s a k\u00f6z\u00f6ss\u00e9gben val\u00f3 gondolkod\u00e1s mindig egy ment\u0151\u00f6v, amibe kapaszkodni lehet<\/p>\n\n\n\n<p>Mih\u00e1ly Kriszta<\/p>\n","protected":false},"excerpt":{"rendered":"<p>Az Ifj\u00fas\u00e1gi udvarban a 15. Kolozsv\u00e1ri Magyar Napok keret\u00e9ben Dobsa Istv\u00e1n k\u00e1rp\u00e1taljai politikus&#8230;<\/p>\n","protected":false},"author":8,"featured_media":3330,"comment_status":"closed","ping_status":"open","sticky":false,"template":"","format":"standard","meta":{"_acf_changed":false,"footnotes":""},"categories":[1],"tags":[],"class_list":["post-3329","post","type-post","status-publish","format-standard","has-post-thumbnail","hentry","category-egyeb"],"acf":[],"yoast_head":"<!-- This site is optimized with the Yoast SEO plugin v23.0 - https:\/\/yoast.com\/wordpress\/plugins\/seo\/ -->\n<title>A k\u00e1rp\u00e1taljai fiatalok a h\u00e1bor\u00fa \u00e1rny\u00e9k\u00e1ban - Kolozsv\u00e1ri Magyar Napok 2024<\/title>\n<meta name=\"robots\" content=\"index, follow, max-snippet:-1, max-image-preview:large, max-video-preview:-1\" \/>\n<link rel=\"canonical\" href=\"https:\/\/magyarnapok.ro\/2024\/a-karpataljai-fiatalok-a-haboru-arnyekaban\/\" \/>\n<meta property=\"og:locale\" content=\"hu_HU\" \/>\n<meta property=\"og:type\" content=\"article\" \/>\n<meta property=\"og:title\" content=\"A k\u00e1rp\u00e1taljai fiatalok a h\u00e1bor\u00fa \u00e1rny\u00e9k\u00e1ban - Kolozsv\u00e1ri Magyar Napok 2024\" \/>\n<meta property=\"og:description\" content=\"Az Ifj\u00fas\u00e1gi udvarban a 15. Kolozsv\u00e1ri Magyar Napok keret\u00e9ben Dobsa Istv\u00e1n k\u00e1rp\u00e1taljai politikus...\" \/>\n<meta property=\"og:url\" content=\"https:\/\/magyarnapok.ro\/2024\/a-karpataljai-fiatalok-a-haboru-arnyekaban\/\" \/>\n<meta property=\"og:site_name\" content=\"Kolozsv\u00e1ri Magyar Napok 2024\" \/>\n<meta property=\"article:publisher\" content=\"https:\/\/www.facebook.com\/magyarnapok\" \/>\n<meta property=\"article:published_time\" content=\"2024-08-25T14:55:09+00:00\" \/>\n<meta property=\"article:modified_time\" content=\"2024-08-25T14:55:10+00:00\" \/>\n<meta property=\"og:image\" content=\"https:\/\/magyarnapok.ro\/2024\/wp-content\/uploads\/2024\/08\/verecke.webp\" \/>\n\t<meta property=\"og:image:width\" content=\"960\" \/>\n\t<meta property=\"og:image:height\" content=\"639\" \/>\n\t<meta property=\"og:image:type\" content=\"image\/webp\" \/>\n<meta name=\"author\" content=\"S\u00e1ri Rom\u00e1n\" \/>\n<meta name=\"twitter:card\" content=\"summary_large_image\" \/>\n<meta name=\"twitter:label1\" content=\"Szerz\u0151:\" \/>\n\t<meta name=\"twitter:data1\" content=\"S\u00e1ri Rom\u00e1n\" \/>\n\t<meta name=\"twitter:label2\" content=\"Becs\u00fclt olvas\u00e1si id\u0151\" \/>\n\t<meta name=\"twitter:data2\" content=\"2 perc\" \/>\n<script type=\"application\/ld+json\" class=\"yoast-schema-graph\">{\"@context\":\"https:\/\/schema.org\",\"@graph\":[{\"@type\":\"Article\",\"@id\":\"https:\/\/magyarnapok.ro\/2024\/a-karpataljai-fiatalok-a-haboru-arnyekaban\/#article\",\"isPartOf\":{\"@id\":\"https:\/\/magyarnapok.ro\/2024\/a-karpataljai-fiatalok-a-haboru-arnyekaban\/\"},\"author\":{\"name\":\"S\u00e1ri Rom\u00e1n\",\"@id\":\"https:\/\/magyarnapok.ro\/2024\/#\/schema\/person\/4f7ca30ab538cb03a3c6146bb39b497e\"},\"headline\":\"A k\u00e1rp\u00e1taljai fiatalok a h\u00e1bor\u00fa \u00e1rny\u00e9k\u00e1ban\",\"datePublished\":\"2024-08-25T14:55:09+00:00\",\"dateModified\":\"2024-08-25T14:55:10+00:00\",\"mainEntityOfPage\":{\"@id\":\"https:\/\/magyarnapok.ro\/2024\/a-karpataljai-fiatalok-a-haboru-arnyekaban\/\"},\"wordCount\":547,\"publisher\":{\"@id\":\"https:\/\/magyarnapok.ro\/2024\/#organization\"},\"image\":{\"@id\":\"https:\/\/magyarnapok.ro\/2024\/a-karpataljai-fiatalok-a-haboru-arnyekaban\/#primaryimage\"},\"thumbnailUrl\":\"https:\/\/magyarnapok.ro\/2024\/wp-content\/uploads\/2024\/08\/verecke.webp\",\"inLanguage\":\"hu\"},{\"@type\":\"WebPage\",\"@id\":\"https:\/\/magyarnapok.ro\/2024\/a-karpataljai-fiatalok-a-haboru-arnyekaban\/\",\"url\":\"https:\/\/magyarnapok.ro\/2024\/a-karpataljai-fiatalok-a-haboru-arnyekaban\/\",\"name\":\"A k\u00e1rp\u00e1taljai fiatalok a h\u00e1bor\u00fa \u00e1rny\u00e9k\u00e1ban - Kolozsv\u00e1ri Magyar Napok 2024\",\"isPartOf\":{\"@id\":\"https:\/\/magyarnapok.ro\/2024\/#website\"},\"primaryImageOfPage\":{\"@id\":\"https:\/\/magyarnapok.ro\/2024\/a-karpataljai-fiatalok-a-haboru-arnyekaban\/#primaryimage\"},\"image\":{\"@id\":\"https:\/\/magyarnapok.ro\/2024\/a-karpataljai-fiatalok-a-haboru-arnyekaban\/#primaryimage\"},\"thumbnailUrl\":\"https:\/\/magyarnapok.ro\/2024\/wp-content\/uploads\/2024\/08\/verecke.webp\",\"datePublished\":\"2024-08-25T14:55:09+00:00\",\"dateModified\":\"2024-08-25T14:55:10+00:00\",\"breadcrumb\":{\"@id\":\"https:\/\/magyarnapok.ro\/2024\/a-karpataljai-fiatalok-a-haboru-arnyekaban\/#breadcrumb\"},\"inLanguage\":\"hu\",\"potentialAction\":[{\"@type\":\"ReadAction\",\"target\":[\"https:\/\/magyarnapok.ro\/2024\/a-karpataljai-fiatalok-a-haboru-arnyekaban\/\"]}]},{\"@type\":\"ImageObject\",\"inLanguage\":\"hu\",\"@id\":\"https:\/\/magyarnapok.ro\/2024\/a-karpataljai-fiatalok-a-haboru-arnyekaban\/#primaryimage\",\"url\":\"https:\/\/magyarnapok.ro\/2024\/wp-content\/uploads\/2024\/08\/verecke.webp\",\"contentUrl\":\"https:\/\/magyarnapok.ro\/2024\/wp-content\/uploads\/2024\/08\/verecke.webp\",\"width\":960,\"height\":639},{\"@type\":\"BreadcrumbList\",\"@id\":\"https:\/\/magyarnapok.ro\/2024\/a-karpataljai-fiatalok-a-haboru-arnyekaban\/#breadcrumb\",\"itemListElement\":[{\"@type\":\"ListItem\",\"position\":1,\"name\":\"Home\",\"item\":\"https:\/\/magyarnapok.ro\/2024\/\"},{\"@type\":\"ListItem\",\"position\":2,\"name\":\"A k\u00e1rp\u00e1taljai fiatalok a h\u00e1bor\u00fa \u00e1rny\u00e9k\u00e1ban\"}]},{\"@type\":\"WebSite\",\"@id\":\"https:\/\/magyarnapok.ro\/2024\/#website\",\"url\":\"https:\/\/magyarnapok.ro\/2024\/\",\"name\":\"Kolozsv\u00e1ri Magyar Napok 2024\",\"description\":\"A h\u00e9t meg a nyolc\u00e1t!\",\"publisher\":{\"@id\":\"https:\/\/magyarnapok.ro\/2024\/#organization\"},\"potentialAction\":[{\"@type\":\"SearchAction\",\"target\":{\"@type\":\"EntryPoint\",\"urlTemplate\":\"https:\/\/magyarnapok.ro\/2024\/?s={search_term_string}\"},\"query-input\":\"required name=search_term_string\"}],\"inLanguage\":\"hu\"},{\"@type\":\"Organization\",\"@id\":\"https:\/\/magyarnapok.ro\/2024\/#organization\",\"name\":\"Kolozsv\u00e1ri Magyar Napok\",\"url\":\"https:\/\/magyarnapok.ro\/2024\/\",\"logo\":{\"@type\":\"ImageObject\",\"inLanguage\":\"hu\",\"@id\":\"https:\/\/magyarnapok.ro\/2024\/#\/schema\/logo\/image\/\",\"url\":\"https:\/\/magyarnapok.ro\/2024\/wp-content\/uploads\/2024\/04\/kmn_15_logo.png\",\"contentUrl\":\"https:\/\/magyarnapok.ro\/2024\/wp-content\/uploads\/2024\/04\/kmn_15_logo.png\",\"width\":385,\"height\":362,\"caption\":\"Kolozsv\u00e1ri Magyar Napok\"},\"image\":{\"@id\":\"https:\/\/magyarnapok.ro\/2024\/#\/schema\/logo\/image\/\"},\"sameAs\":[\"https:\/\/www.facebook.com\/magyarnapok\",\"https:\/\/www.instagram.com\/magyarnapok\/\",\"https:\/\/www.youtube.com\/c\/KolozsvriMagyarNapok2015\"]},{\"@type\":\"Person\",\"@id\":\"https:\/\/magyarnapok.ro\/2024\/#\/schema\/person\/4f7ca30ab538cb03a3c6146bb39b497e\",\"name\":\"S\u00e1ri Rom\u00e1n\",\"image\":{\"@type\":\"ImageObject\",\"inLanguage\":\"hu\",\"@id\":\"https:\/\/magyarnapok.ro\/2024\/#\/schema\/person\/image\/\",\"url\":\"https:\/\/secure.gravatar.com\/avatar\/91c75dcd2067ce4077834f6e3ece679465c21407b734374f7b1c7962150ba024?s=96&d=mm&r=g\",\"contentUrl\":\"https:\/\/secure.gravatar.com\/avatar\/91c75dcd2067ce4077834f6e3ece679465c21407b734374f7b1c7962150ba024?s=96&d=mm&r=g\",\"caption\":\"S\u00e1ri Rom\u00e1n\"},\"url\":\"https:\/\/magyarnapok.ro\/2024\/author\/roman-sari\/\"}]}<\/script>\n<!-- \/ Yoast SEO plugin. -->","yoast_head_json":{"title":"A k\u00e1rp\u00e1taljai fiatalok a h\u00e1bor\u00fa \u00e1rny\u00e9k\u00e1ban - Kolozsv\u00e1ri Magyar Napok 2024","robots":{"index":"index","follow":"follow","max-snippet":"max-snippet:-1","max-image-preview":"max-image-preview:large","max-video-preview":"max-video-preview:-1"},"canonical":"https:\/\/magyarnapok.ro\/2024\/a-karpataljai-fiatalok-a-haboru-arnyekaban\/","og_locale":"hu_HU","og_type":"article","og_title":"A k\u00e1rp\u00e1taljai fiatalok a h\u00e1bor\u00fa \u00e1rny\u00e9k\u00e1ban - Kolozsv\u00e1ri Magyar Napok 2024","og_description":"Az Ifj\u00fas\u00e1gi udvarban a 15. Kolozsv\u00e1ri Magyar Napok keret\u00e9ben Dobsa Istv\u00e1n k\u00e1rp\u00e1taljai politikus...","og_url":"https:\/\/magyarnapok.ro\/2024\/a-karpataljai-fiatalok-a-haboru-arnyekaban\/","og_site_name":"Kolozsv\u00e1ri Magyar Napok 2024","article_publisher":"https:\/\/www.facebook.com\/magyarnapok","article_published_time":"2024-08-25T14:55:09+00:00","article_modified_time":"2024-08-25T14:55:10+00:00","og_image":[{"width":960,"height":639,"url":"https:\/\/magyarnapok.ro\/2024\/wp-content\/uploads\/2024\/08\/verecke.webp","type":"image\/webp"}],"author":"S\u00e1ri Rom\u00e1n","twitter_card":"summary_large_image","twitter_misc":{"Szerz\u0151:":"S\u00e1ri Rom\u00e1n","Becs\u00fclt olvas\u00e1si id\u0151":"2 perc"},"schema":{"@context":"https:\/\/schema.org","@graph":[{"@type":"Article","@id":"https:\/\/magyarnapok.ro\/2024\/a-karpataljai-fiatalok-a-haboru-arnyekaban\/#article","isPartOf":{"@id":"https:\/\/magyarnapok.ro\/2024\/a-karpataljai-fiatalok-a-haboru-arnyekaban\/"},"author":{"name":"S\u00e1ri Rom\u00e1n","@id":"https:\/\/magyarnapok.ro\/2024\/#\/schema\/person\/4f7ca30ab538cb03a3c6146bb39b497e"},"headline":"A k\u00e1rp\u00e1taljai fiatalok a h\u00e1bor\u00fa \u00e1rny\u00e9k\u00e1ban","datePublished":"2024-08-25T14:55:09+00:00","dateModified":"2024-08-25T14:55:10+00:00","mainEntityOfPage":{"@id":"https:\/\/magyarnapok.ro\/2024\/a-karpataljai-fiatalok-a-haboru-arnyekaban\/"},"wordCount":547,"publisher":{"@id":"https:\/\/magyarnapok.ro\/2024\/#organization"},"image":{"@id":"https:\/\/magyarnapok.ro\/2024\/a-karpataljai-fiatalok-a-haboru-arnyekaban\/#primaryimage"},"thumbnailUrl":"https:\/\/magyarnapok.ro\/2024\/wp-content\/uploads\/2024\/08\/verecke.webp","inLanguage":"hu"},{"@type":"WebPage","@id":"https:\/\/magyarnapok.ro\/2024\/a-karpataljai-fiatalok-a-haboru-arnyekaban\/","url":"https:\/\/magyarnapok.ro\/2024\/a-karpataljai-fiatalok-a-haboru-arnyekaban\/","name":"A k\u00e1rp\u00e1taljai fiatalok a h\u00e1bor\u00fa \u00e1rny\u00e9k\u00e1ban - Kolozsv\u00e1ri Magyar Napok 2024","isPartOf":{"@id":"https:\/\/magyarnapok.ro\/2024\/#website"},"primaryImageOfPage":{"@id":"https:\/\/magyarnapok.ro\/2024\/a-karpataljai-fiatalok-a-haboru-arnyekaban\/#primaryimage"},"image":{"@id":"https:\/\/magyarnapok.ro\/2024\/a-karpataljai-fiatalok-a-haboru-arnyekaban\/#primaryimage"},"thumbnailUrl":"https:\/\/magyarnapok.ro\/2024\/wp-content\/uploads\/2024\/08\/verecke.webp","datePublished":"2024-08-25T14:55:09+00:00","dateModified":"2024-08-25T14:55:10+00:00","breadcrumb":{"@id":"https:\/\/magyarnapok.ro\/2024\/a-karpataljai-fiatalok-a-haboru-arnyekaban\/#breadcrumb"},"inLanguage":"hu","potentialAction":[{"@type":"ReadAction","target":["https:\/\/magyarnapok.ro\/2024\/a-karpataljai-fiatalok-a-haboru-arnyekaban\/"]}]},{"@type":"ImageObject","inLanguage":"hu","@id":"https:\/\/magyarnapok.ro\/2024\/a-karpataljai-fiatalok-a-haboru-arnyekaban\/#primaryimage","url":"https:\/\/magyarnapok.ro\/2024\/wp-content\/uploads\/2024\/08\/verecke.webp","contentUrl":"https:\/\/magyarnapok.ro\/2024\/wp-content\/uploads\/2024\/08\/verecke.webp","width":960,"height":639},{"@type":"BreadcrumbList","@id":"https:\/\/magyarnapok.ro\/2024\/a-karpataljai-fiatalok-a-haboru-arnyekaban\/#breadcrumb","itemListElement":[{"@type":"ListItem","position":1,"name":"Home","item":"https:\/\/magyarnapok.ro\/2024\/"},{"@type":"ListItem","position":2,"name":"A k\u00e1rp\u00e1taljai fiatalok a h\u00e1bor\u00fa \u00e1rny\u00e9k\u00e1ban"}]},{"@type":"WebSite","@id":"https:\/\/magyarnapok.ro\/2024\/#website","url":"https:\/\/magyarnapok.ro\/2024\/","name":"Kolozsv\u00e1ri Magyar Napok 2024","description":"A h\u00e9t meg a nyolc\u00e1t!","publisher":{"@id":"https:\/\/magyarnapok.ro\/2024\/#organization"},"potentialAction":[{"@type":"SearchAction","target":{"@type":"EntryPoint","urlTemplate":"https:\/\/magyarnapok.ro\/2024\/?s={search_term_string}"},"query-input":"required name=search_term_string"}],"inLanguage":"hu"},{"@type":"Organization","@id":"https:\/\/magyarnapok.ro\/2024\/#organization","name":"Kolozsv\u00e1ri Magyar Napok","url":"https:\/\/magyarnapok.ro\/2024\/","logo":{"@type":"ImageObject","inLanguage":"hu","@id":"https:\/\/magyarnapok.ro\/2024\/#\/schema\/logo\/image\/","url":"https:\/\/magyarnapok.ro\/2024\/wp-content\/uploads\/2024\/04\/kmn_15_logo.png","contentUrl":"https:\/\/magyarnapok.ro\/2024\/wp-content\/uploads\/2024\/04\/kmn_15_logo.png","width":385,"height":362,"caption":"Kolozsv\u00e1ri Magyar Napok"},"image":{"@id":"https:\/\/magyarnapok.ro\/2024\/#\/schema\/logo\/image\/"},"sameAs":["https:\/\/www.facebook.com\/magyarnapok","https:\/\/www.instagram.com\/magyarnapok\/","https:\/\/www.youtube.com\/c\/KolozsvriMagyarNapok2015"]},{"@type":"Person","@id":"https:\/\/magyarnapok.ro\/2024\/#\/schema\/person\/4f7ca30ab538cb03a3c6146bb39b497e","name":"S\u00e1ri Rom\u00e1n","image":{"@type":"ImageObject","inLanguage":"hu","@id":"https:\/\/magyarnapok.ro\/2024\/#\/schema\/person\/image\/","url":"https:\/\/secure.gravatar.com\/avatar\/91c75dcd2067ce4077834f6e3ece679465c21407b734374f7b1c7962150ba024?s=96&d=mm&r=g","contentUrl":"https:\/\/secure.gravatar.com\/avatar\/91c75dcd2067ce4077834f6e3ece679465c21407b734374f7b1c7962150ba024?s=96&d=mm&r=g","caption":"S\u00e1ri Rom\u00e1n"},"url":"https:\/\/magyarnapok.ro\/2024\/author\/roman-sari\/"}]}},"_links":{"self":[{"href":"https:\/\/magyarnapok.ro\/2024\/wp-json\/wp\/v2\/posts\/3329","targetHints":{"allow":["GET"]}}],"collection":[{"href":"https:\/\/magyarnapok.ro\/2024\/wp-json\/wp\/v2\/posts"}],"about":[{"href":"https:\/\/magyarnapok.ro\/2024\/wp-json\/wp\/v2\/types\/post"}],"author":[{"embeddable":true,"href":"https:\/\/magyarnapok.ro\/2024\/wp-json\/wp\/v2\/users\/8"}],"replies":[{"embeddable":true,"href":"https:\/\/magyarnapok.ro\/2024\/wp-json\/wp\/v2\/comments?post=3329"}],"version-history":[{"count":1,"href":"https:\/\/magyarnapok.ro\/2024\/wp-json\/wp\/v2\/posts\/3329\/revisions"}],"predecessor-version":[{"id":3331,"href":"https:\/\/magyarnapok.ro\/2024\/wp-json\/wp\/v2\/posts\/3329\/revisions\/3331"}],"wp:featuredmedia":[{"embeddable":true,"href":"https:\/\/magyarnapok.ro\/2024\/wp-json\/wp\/v2\/media\/3330"}],"wp:attachment":[{"href":"https:\/\/magyarnapok.ro\/2024\/wp-json\/wp\/v2\/media?parent=3329"}],"wp:term":[{"taxonomy":"category","embeddable":true,"href":"https:\/\/magyarnapok.ro\/2024\/wp-json\/wp\/v2\/categories?post=3329"},{"taxonomy":"post_tag","embeddable":true,"href":"https:\/\/magyarnapok.ro\/2024\/wp-json\/wp\/v2\/tags?post=3329"}],"curies":[{"name":"wp","href":"https:\/\/api.w.org\/{rel}","templated":true}]}}