{"id":3332,"date":"2024-08-25T17:57:54","date_gmt":"2024-08-25T14:57:54","guid":{"rendered":"https:\/\/magyarnapok.ro\/2024\/?p=3332"},"modified":"2024-08-25T17:57:55","modified_gmt":"2024-08-25T14:57:55","slug":"a-kolozsvari-nemafilm-nyomaban","status":"publish","type":"post","link":"https:\/\/magyarnapok.ro\/2024\/a-kolozsvari-nemafilm-nyomaban\/","title":{"rendered":"A kolozsv\u00e1ri n\u00e9mafilm nyom\u00e1ban"},"content":{"rendered":"\n<p>Szombat reggel n\u00e9mafilmes tematik\u00e1j\u00fa v\u00e1ross\u00e9t\u00e1n vehettek r\u00e9szt az \u00e9rdekl\u0151d\u0151k Z\u00e1goni Bal\u00e1zs \u00edr\u00f3, a BBTE Magyar Film \u00e9s M\u00e9dia Int\u00e9zet oktat\u00f3j\u00e1nak vezet\u00e9s\u00e9vel. A s\u00e9ta sor\u00e1n megismerhett\u00e9k Kolozsv\u00e1r legfontosabb filmes helysz\u00edneit, illetve Janovics Jen\u0151 \u00e9lett\u00f6rt\u00e9net\u00e9t, aki az 1913 \u00e9s 1918 k\u00f6z\u00f6tt vir\u00e1gz\u00f3 kolozsv\u00e1ri n\u00e9mafilmgy\u00e1rt\u00e1s k\u00f6zponti alakja volt.<br>A s\u00e9ta az egykori Farkas utcai k\u0151sz\u00ednh\u00e1z hely\u00e9n indult, itt kezd\u0151d\u00f6tt ugyanis Janovics kolozsv\u00e1ri p\u00e1lyafut\u00e1sa 1896-ban. Az ungv\u00e1ri sz\u00fclet\u00e9s\u0171 sz\u00edn\u00e9sz (akit sz\u00fclei hossz\u00fa ideig m\u00e9rn\u00f6ki p\u00e1ly\u00e1ra sz\u00e1ntak) gyorsan haladt a sz\u00ednh\u00e1zi rangl\u00e9tr\u00e1n, 1905-ben m\u00e1r igazgat\u00f3nak h\u00edvt\u00e1k meg Kolozsv\u00e1rra. K\u00fcl\u00f6n\u00f6sen fontos id\u0151szak ez v\u00e1rosunk sz\u00ednh\u00e1zi \u00e9lete szempontj\u00e1b\u00f3l, hiszen 1906-ra \u00e9p\u00fclt meg a Hunyadi t\u00e9ri nemzeti sz\u00ednh\u00e1z \u00e9p\u00fclete (a mai Rom\u00e1n Opera). A t\u00e9ren kor\u00e1bban marhav\u00e1s\u00e1rt\u00e9r volt, a sz\u00ednh\u00e1z meg\u00e9p\u00fcl\u00e9se azonban odavonzotta a mutatv\u00e1nyosokat \u2013 k\u00f6zt\u00fck a \u201emozicsin\u00e1l\u00f3kat\u201d is, akik s\u00e1trakban vet\u00edtettek mozg\u00f3k\u00e9peket. A kor sz\u00ednh\u00e1zi emberei, k\u00fcl\u00f6n\u00f6sen az igazgat\u00f3k, konkurenciak\u00e9nt tekintettek a mozira, igyekeztek ellehetetlen\u00edteni a m\u0171k\u00f6d\u00e9s\u00e9t, Janovics azonban m\u00e1r a 19. sz\u00e1zad v\u00e9g\u00e9n felismerte a mozg\u00f3k\u00e9pben rejl\u0151 potenci\u00e1lt \u2013 el\u0151bb sz\u00edndarabokban haszn\u00e1lt k\u00e9pvet\u00edt\u00e9st, 1913 nyar\u00e1n pedig leforgatt\u00e1k az els\u0151 filmj\u00e9t.<br>Janovics a S\u00e1rga csik\u00f3 n\u00e9psz\u00ednm\u0171nek \u00edrt mozis forgat\u00f3k\u00f6nyvet, amit a p\u00e1rizsi Path\u00e9 filmgy\u00e1rhoz juttatott el. A film francia rendez\u0151vel, operat\u0151rrel, technol\u00f3gi\u00e1val k\u00e9sz\u00fclt el, Janovics a helysz\u00ednt, a sz\u00edn\u00e9szeket \u00e9s a forgat\u00f3k\u00f6nyvet biztos\u00edtotta. A film sikeres lett (nyugaton is vet\u00edtett\u00e9k, 132 k\u00f3pi\u00e1ja k\u00e9sz\u00fclt, ezekb\u0151l egy Jap\u00e1nba is eljutott), a forgat\u00e1st viszont tragikus esem\u00e9ny, Imre Erzsi hal\u00e1la \u00e1rny\u00e9kolta be. A kolozsv\u00e1ri sz\u00edn\u00e9szn\u0151 forgat\u00e1s k\u00f6zben belefulladt a Szamosba, hal\u00e1l\u00e1nak k\u00f6r\u00fclm\u00e9nyei mai napig tiszt\u00e1zatlanok. Janovics ezzel a balesettel indokolta a franci\u00e1kkal val\u00f3 munkakapcsolat megszak\u00edt\u00e1s\u00e1t, k\u00f6vetkez\u0151 ny\u00e1ron m\u00e1r saj\u00e1t st\u00e1bbal \u00e1llt neki a forgat\u00e1snak, a ny\u00e1r folyam\u00e1n 3 filmet siker\u00fclt leforgatniuk, ezekben olyan neves magyar sz\u00edn\u00e9szek szerepeltek, mint J\u00e1szai Mari vagy V\u00e1rkonyi Mih\u00e1ly (a k\u00e9s\u0151bbi hollywoodi szt\u00e1r), a rendez\u0151i sz\u00e9ket pedig Kert\u00e9sz Mih\u00e1ly (a k\u00e9s\u0151bb Oscar-d\u00edjjal jutalmazott Michael Curtiz) foglalta el. Az els\u0151 vil\u00e1gh\u00e1bor\u00fa 4 \u00e9ve tekinthet\u0151 a kolozsv\u00e1ri n\u00e9mafilmgy\u00e1rt\u00e1s f\u00e9nykor\u00e1nak, hiszen a h\u00e1bor\u00fa alatt nyugati filmeket nem vet\u00edthettek, a n\u00e9z\u0151k mozi\u00e9hs\u00e9g\u00e9t viszont ki kellett valamivel el\u00e9g\u00edteni. Ez alatt a 4 \u00e9v alatt k\u00f6r\u00fclbel\u00fcl 50 film sz\u00fcletett Kolozsv\u00e1ron, Janovics pedig 3 mozit is igazgatott: az Ur\u00e1ni\u00e1t, a mai M\u0171v\u00e9szmozit (Arta) illetve a Ny\u00e1ri Sz\u00ednk\u00f6r (ma a Kolozsv\u00e1ri \u00c1llami Magyar Sz\u00ednh\u00e1z \u00e9p\u00fclete) term\u00e9ben m\u0171k\u00f6d\u0151 mozit.<br>Az imp\u00e9riumv\u00e1lt\u00e1ssal Janovicsot jelent\u0151s anyagi vesztes\u00e9gek \u00e9rt\u00e9k, a k\u00f6vetkez\u0151 \u00e9vekben saj\u00e1t k\u00f6lts\u00e9g\u00e9n igyekezett fenntartani Kolozsv\u00e1r magyar sz\u00ednh\u00e1zi t\u00e1rsulat\u00e1t, ebbe azonban v\u00e9gk\u00e9pp belebukott anyagilag. A m\u00e1sodik b\u00e9csi d\u00f6nt\u00e9s ut\u00e1n sorsa rosszr\u00f3l rosszabbra fordult \u2013 zsid\u00f3 sz\u00e1rmaz\u00e1sa miatt ugyanis v\u00e9gk\u00e9pp kitasz\u00edtott lett, vezet\u0151i posztj\u00e1t\u00f3l \u00e9s marad\u00e9k vagyon\u00e1t\u00f3l is megfosztott\u00e1k. Eg\u00e9szs\u00e9ge is meggyeng\u00fclt, 1945 november\u00e9ben halt meg.<br>A kolozsv\u00e1ri film happy endje \u00e9s a s\u00e9ta utols\u00f3 \u00e1llom\u00e1sa a M\u0171v\u00e9szmozi: az egykor Janovics \u00e1ltal igazgatott filmsz\u00ednh\u00e1z nem csak t\u00fal\u00e9lte a diktat\u00far\u00e1t, de visszaker\u00fclve a Sebesty\u00e9n csal\u00e1d tulajdon\u00e1ba, m\u00e1ig f\u00fcggetlen mozik\u00e9nt v\u00e1rja az \u00e9rdekl\u0151d\u0151ket.<\/p>\n\n\n\n<p><br>Bal\u00e1zs Hanna Imola<\/p>\n","protected":false},"excerpt":{"rendered":"<p>Szombat reggel n\u00e9mafilmes tematik\u00e1j\u00fa v\u00e1ross\u00e9t\u00e1n vehettek r\u00e9szt az \u00e9rdekl\u0151d\u0151k Z\u00e1goni Bal\u00e1zs vezet\u00e9s\u00e9vel.<\/p>\n","protected":false},"author":8,"featured_media":3333,"comment_status":"closed","ping_status":"open","sticky":false,"template":"","format":"standard","meta":{"_acf_changed":false,"footnotes":""},"categories":[1],"tags":[],"class_list":["post-3332","post","type-post","status-publish","format-standard","has-post-thumbnail","hentry","category-egyeb"],"acf":[],"yoast_head":"<!-- This site is optimized with the Yoast SEO plugin v23.0 - https:\/\/yoast.com\/wordpress\/plugins\/seo\/ -->\n<title>A kolozsv\u00e1ri n\u00e9mafilm nyom\u00e1ban - Kolozsv\u00e1ri Magyar Napok 2024<\/title>\n<meta name=\"robots\" content=\"index, follow, max-snippet:-1, max-image-preview:large, max-video-preview:-1\" \/>\n<link rel=\"canonical\" href=\"https:\/\/magyarnapok.ro\/2024\/a-kolozsvari-nemafilm-nyomaban\/\" \/>\n<meta property=\"og:locale\" content=\"hu_HU\" \/>\n<meta property=\"og:type\" content=\"article\" \/>\n<meta property=\"og:title\" content=\"A kolozsv\u00e1ri n\u00e9mafilm nyom\u00e1ban - Kolozsv\u00e1ri Magyar Napok 2024\" \/>\n<meta property=\"og:description\" content=\"Szombat reggel n\u00e9mafilmes tematik\u00e1j\u00fa v\u00e1ross\u00e9t\u00e1n vehettek r\u00e9szt az \u00e9rdekl\u0151d\u0151k Z\u00e1goni Bal\u00e1zs vezet\u00e9s\u00e9vel.\" \/>\n<meta property=\"og:url\" content=\"https:\/\/magyarnapok.ro\/2024\/a-kolozsvari-nemafilm-nyomaban\/\" \/>\n<meta property=\"og:site_name\" content=\"Kolozsv\u00e1ri Magyar Napok 2024\" \/>\n<meta property=\"article:publisher\" content=\"https:\/\/www.facebook.com\/magyarnapok\" \/>\n<meta property=\"article:published_time\" content=\"2024-08-25T14:57:54+00:00\" \/>\n<meta property=\"article:modified_time\" content=\"2024-08-25T14:57:55+00:00\" \/>\n<meta property=\"og:image\" content=\"https:\/\/magyarnapok.ro\/2024\/wp-content\/uploads\/2024\/08\/Janovics_Jeno_magyar-film-hu.jpg\" \/>\n\t<meta property=\"og:image:width\" content=\"720\" \/>\n\t<meta property=\"og:image:height\" content=\"411\" \/>\n\t<meta property=\"og:image:type\" content=\"image\/jpeg\" \/>\n<meta name=\"author\" content=\"S\u00e1ri Rom\u00e1n\" \/>\n<meta name=\"twitter:card\" content=\"summary_large_image\" \/>\n<meta name=\"twitter:label1\" content=\"Szerz\u0151:\" \/>\n\t<meta name=\"twitter:data1\" content=\"S\u00e1ri Rom\u00e1n\" \/>\n\t<meta name=\"twitter:label2\" content=\"Becs\u00fclt olvas\u00e1si id\u0151\" \/>\n\t<meta name=\"twitter:data2\" content=\"3 perc\" \/>\n<script type=\"application\/ld+json\" class=\"yoast-schema-graph\">{\"@context\":\"https:\/\/schema.org\",\"@graph\":[{\"@type\":\"Article\",\"@id\":\"https:\/\/magyarnapok.ro\/2024\/a-kolozsvari-nemafilm-nyomaban\/#article\",\"isPartOf\":{\"@id\":\"https:\/\/magyarnapok.ro\/2024\/a-kolozsvari-nemafilm-nyomaban\/\"},\"author\":{\"name\":\"S\u00e1ri Rom\u00e1n\",\"@id\":\"https:\/\/magyarnapok.ro\/2024\/#\/schema\/person\/4f7ca30ab538cb03a3c6146bb39b497e\"},\"headline\":\"A kolozsv\u00e1ri n\u00e9mafilm nyom\u00e1ban\",\"datePublished\":\"2024-08-25T14:57:54+00:00\",\"dateModified\":\"2024-08-25T14:57:55+00:00\",\"mainEntityOfPage\":{\"@id\":\"https:\/\/magyarnapok.ro\/2024\/a-kolozsvari-nemafilm-nyomaban\/\"},\"wordCount\":732,\"publisher\":{\"@id\":\"https:\/\/magyarnapok.ro\/2024\/#organization\"},\"image\":{\"@id\":\"https:\/\/magyarnapok.ro\/2024\/a-kolozsvari-nemafilm-nyomaban\/#primaryimage\"},\"thumbnailUrl\":\"https:\/\/magyarnapok.ro\/2024\/wp-content\/uploads\/2024\/08\/Janovics_Jeno_magyar-film-hu.jpg\",\"inLanguage\":\"hu\"},{\"@type\":\"WebPage\",\"@id\":\"https:\/\/magyarnapok.ro\/2024\/a-kolozsvari-nemafilm-nyomaban\/\",\"url\":\"https:\/\/magyarnapok.ro\/2024\/a-kolozsvari-nemafilm-nyomaban\/\",\"name\":\"A kolozsv\u00e1ri n\u00e9mafilm nyom\u00e1ban - Kolozsv\u00e1ri Magyar Napok 2024\",\"isPartOf\":{\"@id\":\"https:\/\/magyarnapok.ro\/2024\/#website\"},\"primaryImageOfPage\":{\"@id\":\"https:\/\/magyarnapok.ro\/2024\/a-kolozsvari-nemafilm-nyomaban\/#primaryimage\"},\"image\":{\"@id\":\"https:\/\/magyarnapok.ro\/2024\/a-kolozsvari-nemafilm-nyomaban\/#primaryimage\"},\"thumbnailUrl\":\"https:\/\/magyarnapok.ro\/2024\/wp-content\/uploads\/2024\/08\/Janovics_Jeno_magyar-film-hu.jpg\",\"datePublished\":\"2024-08-25T14:57:54+00:00\",\"dateModified\":\"2024-08-25T14:57:55+00:00\",\"breadcrumb\":{\"@id\":\"https:\/\/magyarnapok.ro\/2024\/a-kolozsvari-nemafilm-nyomaban\/#breadcrumb\"},\"inLanguage\":\"hu\",\"potentialAction\":[{\"@type\":\"ReadAction\",\"target\":[\"https:\/\/magyarnapok.ro\/2024\/a-kolozsvari-nemafilm-nyomaban\/\"]}]},{\"@type\":\"ImageObject\",\"inLanguage\":\"hu\",\"@id\":\"https:\/\/magyarnapok.ro\/2024\/a-kolozsvari-nemafilm-nyomaban\/#primaryimage\",\"url\":\"https:\/\/magyarnapok.ro\/2024\/wp-content\/uploads\/2024\/08\/Janovics_Jeno_magyar-film-hu.jpg\",\"contentUrl\":\"https:\/\/magyarnapok.ro\/2024\/wp-content\/uploads\/2024\/08\/Janovics_Jeno_magyar-film-hu.jpg\",\"width\":720,\"height\":411},{\"@type\":\"BreadcrumbList\",\"@id\":\"https:\/\/magyarnapok.ro\/2024\/a-kolozsvari-nemafilm-nyomaban\/#breadcrumb\",\"itemListElement\":[{\"@type\":\"ListItem\",\"position\":1,\"name\":\"Home\",\"item\":\"https:\/\/magyarnapok.ro\/2024\/\"},{\"@type\":\"ListItem\",\"position\":2,\"name\":\"A kolozsv\u00e1ri n\u00e9mafilm nyom\u00e1ban\"}]},{\"@type\":\"WebSite\",\"@id\":\"https:\/\/magyarnapok.ro\/2024\/#website\",\"url\":\"https:\/\/magyarnapok.ro\/2024\/\",\"name\":\"Kolozsv\u00e1ri Magyar Napok 2024\",\"description\":\"A h\u00e9t meg a nyolc\u00e1t!\",\"publisher\":{\"@id\":\"https:\/\/magyarnapok.ro\/2024\/#organization\"},\"potentialAction\":[{\"@type\":\"SearchAction\",\"target\":{\"@type\":\"EntryPoint\",\"urlTemplate\":\"https:\/\/magyarnapok.ro\/2024\/?s={search_term_string}\"},\"query-input\":\"required name=search_term_string\"}],\"inLanguage\":\"hu\"},{\"@type\":\"Organization\",\"@id\":\"https:\/\/magyarnapok.ro\/2024\/#organization\",\"name\":\"Kolozsv\u00e1ri Magyar Napok\",\"url\":\"https:\/\/magyarnapok.ro\/2024\/\",\"logo\":{\"@type\":\"ImageObject\",\"inLanguage\":\"hu\",\"@id\":\"https:\/\/magyarnapok.ro\/2024\/#\/schema\/logo\/image\/\",\"url\":\"https:\/\/magyarnapok.ro\/2024\/wp-content\/uploads\/2024\/04\/kmn_15_logo.png\",\"contentUrl\":\"https:\/\/magyarnapok.ro\/2024\/wp-content\/uploads\/2024\/04\/kmn_15_logo.png\",\"width\":385,\"height\":362,\"caption\":\"Kolozsv\u00e1ri Magyar Napok\"},\"image\":{\"@id\":\"https:\/\/magyarnapok.ro\/2024\/#\/schema\/logo\/image\/\"},\"sameAs\":[\"https:\/\/www.facebook.com\/magyarnapok\",\"https:\/\/www.instagram.com\/magyarnapok\/\",\"https:\/\/www.youtube.com\/c\/KolozsvriMagyarNapok2015\"]},{\"@type\":\"Person\",\"@id\":\"https:\/\/magyarnapok.ro\/2024\/#\/schema\/person\/4f7ca30ab538cb03a3c6146bb39b497e\",\"name\":\"S\u00e1ri Rom\u00e1n\",\"image\":{\"@type\":\"ImageObject\",\"inLanguage\":\"hu\",\"@id\":\"https:\/\/magyarnapok.ro\/2024\/#\/schema\/person\/image\/\",\"url\":\"https:\/\/secure.gravatar.com\/avatar\/91c75dcd2067ce4077834f6e3ece679465c21407b734374f7b1c7962150ba024?s=96&d=mm&r=g\",\"contentUrl\":\"https:\/\/secure.gravatar.com\/avatar\/91c75dcd2067ce4077834f6e3ece679465c21407b734374f7b1c7962150ba024?s=96&d=mm&r=g\",\"caption\":\"S\u00e1ri Rom\u00e1n\"},\"url\":\"https:\/\/magyarnapok.ro\/2024\/author\/roman-sari\/\"}]}<\/script>\n<!-- \/ Yoast SEO plugin. -->","yoast_head_json":{"title":"A kolozsv\u00e1ri n\u00e9mafilm nyom\u00e1ban - Kolozsv\u00e1ri Magyar Napok 2024","robots":{"index":"index","follow":"follow","max-snippet":"max-snippet:-1","max-image-preview":"max-image-preview:large","max-video-preview":"max-video-preview:-1"},"canonical":"https:\/\/magyarnapok.ro\/2024\/a-kolozsvari-nemafilm-nyomaban\/","og_locale":"hu_HU","og_type":"article","og_title":"A kolozsv\u00e1ri n\u00e9mafilm nyom\u00e1ban - Kolozsv\u00e1ri Magyar Napok 2024","og_description":"Szombat reggel n\u00e9mafilmes tematik\u00e1j\u00fa v\u00e1ross\u00e9t\u00e1n vehettek r\u00e9szt az \u00e9rdekl\u0151d\u0151k Z\u00e1goni Bal\u00e1zs vezet\u00e9s\u00e9vel.","og_url":"https:\/\/magyarnapok.ro\/2024\/a-kolozsvari-nemafilm-nyomaban\/","og_site_name":"Kolozsv\u00e1ri Magyar Napok 2024","article_publisher":"https:\/\/www.facebook.com\/magyarnapok","article_published_time":"2024-08-25T14:57:54+00:00","article_modified_time":"2024-08-25T14:57:55+00:00","og_image":[{"width":720,"height":411,"url":"https:\/\/magyarnapok.ro\/2024\/wp-content\/uploads\/2024\/08\/Janovics_Jeno_magyar-film-hu.jpg","type":"image\/jpeg"}],"author":"S\u00e1ri Rom\u00e1n","twitter_card":"summary_large_image","twitter_misc":{"Szerz\u0151:":"S\u00e1ri Rom\u00e1n","Becs\u00fclt olvas\u00e1si id\u0151":"3 perc"},"schema":{"@context":"https:\/\/schema.org","@graph":[{"@type":"Article","@id":"https:\/\/magyarnapok.ro\/2024\/a-kolozsvari-nemafilm-nyomaban\/#article","isPartOf":{"@id":"https:\/\/magyarnapok.ro\/2024\/a-kolozsvari-nemafilm-nyomaban\/"},"author":{"name":"S\u00e1ri Rom\u00e1n","@id":"https:\/\/magyarnapok.ro\/2024\/#\/schema\/person\/4f7ca30ab538cb03a3c6146bb39b497e"},"headline":"A kolozsv\u00e1ri n\u00e9mafilm nyom\u00e1ban","datePublished":"2024-08-25T14:57:54+00:00","dateModified":"2024-08-25T14:57:55+00:00","mainEntityOfPage":{"@id":"https:\/\/magyarnapok.ro\/2024\/a-kolozsvari-nemafilm-nyomaban\/"},"wordCount":732,"publisher":{"@id":"https:\/\/magyarnapok.ro\/2024\/#organization"},"image":{"@id":"https:\/\/magyarnapok.ro\/2024\/a-kolozsvari-nemafilm-nyomaban\/#primaryimage"},"thumbnailUrl":"https:\/\/magyarnapok.ro\/2024\/wp-content\/uploads\/2024\/08\/Janovics_Jeno_magyar-film-hu.jpg","inLanguage":"hu"},{"@type":"WebPage","@id":"https:\/\/magyarnapok.ro\/2024\/a-kolozsvari-nemafilm-nyomaban\/","url":"https:\/\/magyarnapok.ro\/2024\/a-kolozsvari-nemafilm-nyomaban\/","name":"A kolozsv\u00e1ri n\u00e9mafilm nyom\u00e1ban - Kolozsv\u00e1ri Magyar Napok 2024","isPartOf":{"@id":"https:\/\/magyarnapok.ro\/2024\/#website"},"primaryImageOfPage":{"@id":"https:\/\/magyarnapok.ro\/2024\/a-kolozsvari-nemafilm-nyomaban\/#primaryimage"},"image":{"@id":"https:\/\/magyarnapok.ro\/2024\/a-kolozsvari-nemafilm-nyomaban\/#primaryimage"},"thumbnailUrl":"https:\/\/magyarnapok.ro\/2024\/wp-content\/uploads\/2024\/08\/Janovics_Jeno_magyar-film-hu.jpg","datePublished":"2024-08-25T14:57:54+00:00","dateModified":"2024-08-25T14:57:55+00:00","breadcrumb":{"@id":"https:\/\/magyarnapok.ro\/2024\/a-kolozsvari-nemafilm-nyomaban\/#breadcrumb"},"inLanguage":"hu","potentialAction":[{"@type":"ReadAction","target":["https:\/\/magyarnapok.ro\/2024\/a-kolozsvari-nemafilm-nyomaban\/"]}]},{"@type":"ImageObject","inLanguage":"hu","@id":"https:\/\/magyarnapok.ro\/2024\/a-kolozsvari-nemafilm-nyomaban\/#primaryimage","url":"https:\/\/magyarnapok.ro\/2024\/wp-content\/uploads\/2024\/08\/Janovics_Jeno_magyar-film-hu.jpg","contentUrl":"https:\/\/magyarnapok.ro\/2024\/wp-content\/uploads\/2024\/08\/Janovics_Jeno_magyar-film-hu.jpg","width":720,"height":411},{"@type":"BreadcrumbList","@id":"https:\/\/magyarnapok.ro\/2024\/a-kolozsvari-nemafilm-nyomaban\/#breadcrumb","itemListElement":[{"@type":"ListItem","position":1,"name":"Home","item":"https:\/\/magyarnapok.ro\/2024\/"},{"@type":"ListItem","position":2,"name":"A kolozsv\u00e1ri n\u00e9mafilm nyom\u00e1ban"}]},{"@type":"WebSite","@id":"https:\/\/magyarnapok.ro\/2024\/#website","url":"https:\/\/magyarnapok.ro\/2024\/","name":"Kolozsv\u00e1ri Magyar Napok 2024","description":"A h\u00e9t meg a nyolc\u00e1t!","publisher":{"@id":"https:\/\/magyarnapok.ro\/2024\/#organization"},"potentialAction":[{"@type":"SearchAction","target":{"@type":"EntryPoint","urlTemplate":"https:\/\/magyarnapok.ro\/2024\/?s={search_term_string}"},"query-input":"required name=search_term_string"}],"inLanguage":"hu"},{"@type":"Organization","@id":"https:\/\/magyarnapok.ro\/2024\/#organization","name":"Kolozsv\u00e1ri Magyar Napok","url":"https:\/\/magyarnapok.ro\/2024\/","logo":{"@type":"ImageObject","inLanguage":"hu","@id":"https:\/\/magyarnapok.ro\/2024\/#\/schema\/logo\/image\/","url":"https:\/\/magyarnapok.ro\/2024\/wp-content\/uploads\/2024\/04\/kmn_15_logo.png","contentUrl":"https:\/\/magyarnapok.ro\/2024\/wp-content\/uploads\/2024\/04\/kmn_15_logo.png","width":385,"height":362,"caption":"Kolozsv\u00e1ri Magyar Napok"},"image":{"@id":"https:\/\/magyarnapok.ro\/2024\/#\/schema\/logo\/image\/"},"sameAs":["https:\/\/www.facebook.com\/magyarnapok","https:\/\/www.instagram.com\/magyarnapok\/","https:\/\/www.youtube.com\/c\/KolozsvriMagyarNapok2015"]},{"@type":"Person","@id":"https:\/\/magyarnapok.ro\/2024\/#\/schema\/person\/4f7ca30ab538cb03a3c6146bb39b497e","name":"S\u00e1ri Rom\u00e1n","image":{"@type":"ImageObject","inLanguage":"hu","@id":"https:\/\/magyarnapok.ro\/2024\/#\/schema\/person\/image\/","url":"https:\/\/secure.gravatar.com\/avatar\/91c75dcd2067ce4077834f6e3ece679465c21407b734374f7b1c7962150ba024?s=96&d=mm&r=g","contentUrl":"https:\/\/secure.gravatar.com\/avatar\/91c75dcd2067ce4077834f6e3ece679465c21407b734374f7b1c7962150ba024?s=96&d=mm&r=g","caption":"S\u00e1ri Rom\u00e1n"},"url":"https:\/\/magyarnapok.ro\/2024\/author\/roman-sari\/"}]}},"_links":{"self":[{"href":"https:\/\/magyarnapok.ro\/2024\/wp-json\/wp\/v2\/posts\/3332","targetHints":{"allow":["GET"]}}],"collection":[{"href":"https:\/\/magyarnapok.ro\/2024\/wp-json\/wp\/v2\/posts"}],"about":[{"href":"https:\/\/magyarnapok.ro\/2024\/wp-json\/wp\/v2\/types\/post"}],"author":[{"embeddable":true,"href":"https:\/\/magyarnapok.ro\/2024\/wp-json\/wp\/v2\/users\/8"}],"replies":[{"embeddable":true,"href":"https:\/\/magyarnapok.ro\/2024\/wp-json\/wp\/v2\/comments?post=3332"}],"version-history":[{"count":1,"href":"https:\/\/magyarnapok.ro\/2024\/wp-json\/wp\/v2\/posts\/3332\/revisions"}],"predecessor-version":[{"id":3334,"href":"https:\/\/magyarnapok.ro\/2024\/wp-json\/wp\/v2\/posts\/3332\/revisions\/3334"}],"wp:featuredmedia":[{"embeddable":true,"href":"https:\/\/magyarnapok.ro\/2024\/wp-json\/wp\/v2\/media\/3333"}],"wp:attachment":[{"href":"https:\/\/magyarnapok.ro\/2024\/wp-json\/wp\/v2\/media?parent=3332"}],"wp:term":[{"taxonomy":"category","embeddable":true,"href":"https:\/\/magyarnapok.ro\/2024\/wp-json\/wp\/v2\/categories?post=3332"},{"taxonomy":"post_tag","embeddable":true,"href":"https:\/\/magyarnapok.ro\/2024\/wp-json\/wp\/v2\/tags?post=3332"}],"curies":[{"name":"wp","href":"https:\/\/api.w.org\/{rel}","templated":true}]}}