{"id":3338,"date":"2024-08-25T18:34:59","date_gmt":"2024-08-25T15:34:59","guid":{"rendered":"https:\/\/magyarnapok.ro\/2024\/?p=3338"},"modified":"2024-08-25T18:35:00","modified_gmt":"2024-08-25T15:35:00","slug":"erdelyi-szep-szavak-gyujtemenyet-mutattak-be-a-magyar-napokon","status":"publish","type":"post","link":"https:\/\/magyarnapok.ro\/2024\/erdelyi-szep-szavak-gyujtemenyet-mutattak-be-a-magyar-napokon\/","title":{"rendered":"Erd\u00e9lyi sz\u00e9p szavak gy\u0171jtem\u00e9ny\u00e9t mutatt\u00e1k be a Magyar Napokon"},"content":{"rendered":"\n<p>A tavasszal megjelent Erd\u00e9lyi Sz\u00e9p Sz\u00f3 2024 c\u00edm\u0171 sz\u00e9pirodalmi pr\u00f3za-, vers- \u00e9s essz\u00e9k\u00f6tetet mutatt\u00e1k be az Erd\u00e9lyi Magyar \u00cdr\u00f3k Lig\u00e1ja (E-MIL) szervez\u00e9s\u00e9ben a Bulgakov Irodalmi K\u00e1v\u00e9h\u00e1zban a 15. Kolozsv\u00e1ri Magyar Napok szombati napj\u00e1n. A felolvas\u00e1ssal egybek\u00f6t\u00f6tt k\u00f6tetbemutat\u00f3t L\u00f6v\u00e9tei L\u00e1z\u00e1r L\u00e1szl\u00f3 moder\u00e1lta.<\/p>\n\n\n\n<p>A Kolozsv\u00e1ri Magyar Napokon \u00e9vek \u00f3ta jelenl\u00e9v\u0151 E-MIL m\u00e1r sz\u00e1mos programot szervezett. Minden \u00e9vben k\u00fcl\u00f6nf\u00e9le felolvas\u00e1sokkal, k\u00f6nyvbemutat\u00f3kkal, \u00edr\u00f3-olvas\u00f3 tal\u00e1lkoz\u00f3val gazdag\u00edtj\u00e1k a Magyar Napok programsorozat\u00e1t.<\/p>\n\n\n\n<p>Id\u00e9n is bemutat\u00e1sra ker\u00fclt az Erd\u00e9lyi Sz\u00e9p Sz\u00f3 2024 c\u00edm\u0171 antol\u00f3gia. A k\u00f6tetben hatvannyolc szerz\u0151 vers\u00e9t, pr\u00f3z\u00e1j\u00e1t, essz\u00e9j\u00e9t lehet olvasni. Az antol\u00f3gia szerkeszt\u0151je, L\u00f6v\u00e9tei L\u00e1z\u00e1r L\u00e1szl\u00f3 huszonn\u00e9gy K\u00e1rp\u00e1t-medencei kiadv\u00e1nyb\u00f3l (pl. L\u00e1t\u00f3, Sz\u00e9kelyf\u00f6ld) v\u00e1logatta a sz\u00f6vegeket, ez pedig egyfajta keresztmetszet\u00e9t adja az Erd\u00e9lyben \u00edr\u00f3d\u00f3 kort\u00e1rs magyar irodalomnak.<\/p>\n\n\n\n<p>Id\u00e9n t\u00f6bbnyire olyan szerz\u0151k \u00edr\u00e1sait lehet olvasni, akik Kolozsv\u00e1ron \u00e9lnek, vagy Kolozsv\u00e1rr\u00f3l sz\u00e1rmaznak. A hatvannyolc szerz\u0151b\u0151l tizenkilenc n\u0151, \u00e9s ugyancsak tizenkilenc szerz\u0151 negyven \u00e9v alatti.<\/p>\n\n\n\n<p>Az esem\u00e9nyen felolvasott M\u0103rcu\u021biu-R\u00e1cz D\u00f3ra, L\u00e1szl\u00f3 No\u00e9mi, S\u00e1nta Miri\u00e1m, Varga L\u00e1szl\u00f3 Edg\u00e1r, Sz\u00e1ntai J\u00e1nos, Andr\u00e9 Ferenc, Tompa G\u00e1bor \u00e9s Fekete Vince. A szerz\u0151k egyt\u0151l egyig azokat a sz\u00f6vegeket olvast\u00e1k fel, amelyeket L\u00f6v\u00e9tei L\u00e1z\u00e1r L\u00e1szl\u00f3 v\u00e1lasztott.<\/p>\n\n\n\n<p>Mih\u00e1ly Kriszta<\/p>\n","protected":false},"excerpt":{"rendered":"<p>A tavasszal megjelent Erd\u00e9lyi Sz\u00e9p Sz\u00f3 2024 c\u00edm\u0171 sz\u00e9pirodalmi pr\u00f3za-, vers- \u00e9s essz\u00e9k\u00f6tetet mutatt\u00e1k be&#8230;<\/p>\n","protected":false},"author":8,"featured_media":3339,"comment_status":"closed","ping_status":"open","sticky":false,"template":"","format":"standard","meta":{"_acf_changed":false,"footnotes":""},"categories":[1],"tags":[],"class_list":["post-3338","post","type-post","status-publish","format-standard","has-post-thumbnail","hentry","category-egyeb"],"acf":[],"yoast_head":"<!-- This site is optimized with the Yoast SEO plugin v23.0 - https:\/\/yoast.com\/wordpress\/plugins\/seo\/ -->\n<title>Erd\u00e9lyi sz\u00e9p szavak gy\u0171jtem\u00e9ny\u00e9t mutatt\u00e1k be a Magyar Napokon - Kolozsv\u00e1ri Magyar Napok 2024<\/title>\n<meta name=\"robots\" content=\"index, follow, max-snippet:-1, max-image-preview:large, max-video-preview:-1\" \/>\n<link rel=\"canonical\" href=\"https:\/\/magyarnapok.ro\/2024\/erdelyi-szep-szavak-gyujtemenyet-mutattak-be-a-magyar-napokon\/\" \/>\n<meta property=\"og:locale\" content=\"hu_HU\" \/>\n<meta property=\"og:type\" content=\"article\" \/>\n<meta property=\"og:title\" content=\"Erd\u00e9lyi sz\u00e9p szavak gy\u0171jtem\u00e9ny\u00e9t mutatt\u00e1k be a Magyar Napokon - Kolozsv\u00e1ri Magyar Napok 2024\" \/>\n<meta property=\"og:description\" content=\"A tavasszal megjelent Erd\u00e9lyi Sz\u00e9p Sz\u00f3 2024 c\u00edm\u0171 sz\u00e9pirodalmi pr\u00f3za-, vers- \u00e9s essz\u00e9k\u00f6tetet mutatt\u00e1k be...\" \/>\n<meta property=\"og:url\" content=\"https:\/\/magyarnapok.ro\/2024\/erdelyi-szep-szavak-gyujtemenyet-mutattak-be-a-magyar-napokon\/\" \/>\n<meta property=\"og:site_name\" content=\"Kolozsv\u00e1ri Magyar Napok 2024\" \/>\n<meta property=\"article:publisher\" content=\"https:\/\/www.facebook.com\/magyarnapok\" \/>\n<meta property=\"article:published_time\" content=\"2024-08-25T15:34:59+00:00\" \/>\n<meta property=\"article:modified_time\" content=\"2024-08-25T15:35:00+00:00\" \/>\n<meta property=\"og:image\" content=\"https:\/\/magyarnapok.ro\/2024\/wp-content\/uploads\/2024\/08\/KMN2024_Erdelyi-Szep-Szo-E-MIL-Bulgakov_20240824_185115_SZZ_7364-scaled.jpg\" \/>\n\t<meta property=\"og:image:width\" content=\"2560\" \/>\n\t<meta property=\"og:image:height\" content=\"1707\" \/>\n\t<meta property=\"og:image:type\" content=\"image\/jpeg\" \/>\n<meta name=\"author\" content=\"S\u00e1ri Rom\u00e1n\" \/>\n<meta name=\"twitter:card\" content=\"summary_large_image\" \/>\n<meta name=\"twitter:label1\" content=\"Szerz\u0151:\" \/>\n\t<meta name=\"twitter:data1\" content=\"S\u00e1ri Rom\u00e1n\" \/>\n\t<meta name=\"twitter:label2\" content=\"Becs\u00fclt olvas\u00e1si id\u0151\" \/>\n\t<meta name=\"twitter:data2\" content=\"2 perc\" \/>\n<script type=\"application\/ld+json\" class=\"yoast-schema-graph\">{\"@context\":\"https:\/\/schema.org\",\"@graph\":[{\"@type\":\"Article\",\"@id\":\"https:\/\/magyarnapok.ro\/2024\/erdelyi-szep-szavak-gyujtemenyet-mutattak-be-a-magyar-napokon\/#article\",\"isPartOf\":{\"@id\":\"https:\/\/magyarnapok.ro\/2024\/erdelyi-szep-szavak-gyujtemenyet-mutattak-be-a-magyar-napokon\/\"},\"author\":{\"name\":\"S\u00e1ri Rom\u00e1n\",\"@id\":\"https:\/\/magyarnapok.ro\/2024\/#\/schema\/person\/4f7ca30ab538cb03a3c6146bb39b497e\"},\"headline\":\"Erd\u00e9lyi sz\u00e9p szavak gy\u0171jtem\u00e9ny\u00e9t mutatt\u00e1k be a Magyar Napokon\",\"datePublished\":\"2024-08-25T15:34:59+00:00\",\"dateModified\":\"2024-08-25T15:35:00+00:00\",\"mainEntityOfPage\":{\"@id\":\"https:\/\/magyarnapok.ro\/2024\/erdelyi-szep-szavak-gyujtemenyet-mutattak-be-a-magyar-napokon\/\"},\"wordCount\":300,\"publisher\":{\"@id\":\"https:\/\/magyarnapok.ro\/2024\/#organization\"},\"image\":{\"@id\":\"https:\/\/magyarnapok.ro\/2024\/erdelyi-szep-szavak-gyujtemenyet-mutattak-be-a-magyar-napokon\/#primaryimage\"},\"thumbnailUrl\":\"https:\/\/magyarnapok.ro\/2024\/wp-content\/uploads\/2024\/08\/KMN2024_Erdelyi-Szep-Szo-E-MIL-Bulgakov_20240824_185115_SZZ_7364-scaled.jpg\",\"inLanguage\":\"hu\"},{\"@type\":\"WebPage\",\"@id\":\"https:\/\/magyarnapok.ro\/2024\/erdelyi-szep-szavak-gyujtemenyet-mutattak-be-a-magyar-napokon\/\",\"url\":\"https:\/\/magyarnapok.ro\/2024\/erdelyi-szep-szavak-gyujtemenyet-mutattak-be-a-magyar-napokon\/\",\"name\":\"Erd\u00e9lyi sz\u00e9p szavak gy\u0171jtem\u00e9ny\u00e9t mutatt\u00e1k be a Magyar Napokon - Kolozsv\u00e1ri Magyar Napok 2024\",\"isPartOf\":{\"@id\":\"https:\/\/magyarnapok.ro\/2024\/#website\"},\"primaryImageOfPage\":{\"@id\":\"https:\/\/magyarnapok.ro\/2024\/erdelyi-szep-szavak-gyujtemenyet-mutattak-be-a-magyar-napokon\/#primaryimage\"},\"image\":{\"@id\":\"https:\/\/magyarnapok.ro\/2024\/erdelyi-szep-szavak-gyujtemenyet-mutattak-be-a-magyar-napokon\/#primaryimage\"},\"thumbnailUrl\":\"https:\/\/magyarnapok.ro\/2024\/wp-content\/uploads\/2024\/08\/KMN2024_Erdelyi-Szep-Szo-E-MIL-Bulgakov_20240824_185115_SZZ_7364-scaled.jpg\",\"datePublished\":\"2024-08-25T15:34:59+00:00\",\"dateModified\":\"2024-08-25T15:35:00+00:00\",\"breadcrumb\":{\"@id\":\"https:\/\/magyarnapok.ro\/2024\/erdelyi-szep-szavak-gyujtemenyet-mutattak-be-a-magyar-napokon\/#breadcrumb\"},\"inLanguage\":\"hu\",\"potentialAction\":[{\"@type\":\"ReadAction\",\"target\":[\"https:\/\/magyarnapok.ro\/2024\/erdelyi-szep-szavak-gyujtemenyet-mutattak-be-a-magyar-napokon\/\"]}]},{\"@type\":\"ImageObject\",\"inLanguage\":\"hu\",\"@id\":\"https:\/\/magyarnapok.ro\/2024\/erdelyi-szep-szavak-gyujtemenyet-mutattak-be-a-magyar-napokon\/#primaryimage\",\"url\":\"https:\/\/magyarnapok.ro\/2024\/wp-content\/uploads\/2024\/08\/KMN2024_Erdelyi-Szep-Szo-E-MIL-Bulgakov_20240824_185115_SZZ_7364-scaled.jpg\",\"contentUrl\":\"https:\/\/magyarnapok.ro\/2024\/wp-content\/uploads\/2024\/08\/KMN2024_Erdelyi-Szep-Szo-E-MIL-Bulgakov_20240824_185115_SZZ_7364-scaled.jpg\",\"width\":2560,\"height\":1707},{\"@type\":\"BreadcrumbList\",\"@id\":\"https:\/\/magyarnapok.ro\/2024\/erdelyi-szep-szavak-gyujtemenyet-mutattak-be-a-magyar-napokon\/#breadcrumb\",\"itemListElement\":[{\"@type\":\"ListItem\",\"position\":1,\"name\":\"Home\",\"item\":\"https:\/\/magyarnapok.ro\/2024\/\"},{\"@type\":\"ListItem\",\"position\":2,\"name\":\"Erd\u00e9lyi sz\u00e9p szavak gy\u0171jtem\u00e9ny\u00e9t mutatt\u00e1k be a Magyar Napokon\"}]},{\"@type\":\"WebSite\",\"@id\":\"https:\/\/magyarnapok.ro\/2024\/#website\",\"url\":\"https:\/\/magyarnapok.ro\/2024\/\",\"name\":\"Kolozsv\u00e1ri Magyar Napok 2024\",\"description\":\"A h\u00e9t meg a nyolc\u00e1t!\",\"publisher\":{\"@id\":\"https:\/\/magyarnapok.ro\/2024\/#organization\"},\"potentialAction\":[{\"@type\":\"SearchAction\",\"target\":{\"@type\":\"EntryPoint\",\"urlTemplate\":\"https:\/\/magyarnapok.ro\/2024\/?s={search_term_string}\"},\"query-input\":\"required name=search_term_string\"}],\"inLanguage\":\"hu\"},{\"@type\":\"Organization\",\"@id\":\"https:\/\/magyarnapok.ro\/2024\/#organization\",\"name\":\"Kolozsv\u00e1ri Magyar Napok\",\"url\":\"https:\/\/magyarnapok.ro\/2024\/\",\"logo\":{\"@type\":\"ImageObject\",\"inLanguage\":\"hu\",\"@id\":\"https:\/\/magyarnapok.ro\/2024\/#\/schema\/logo\/image\/\",\"url\":\"https:\/\/magyarnapok.ro\/2024\/wp-content\/uploads\/2024\/04\/kmn_15_logo.png\",\"contentUrl\":\"https:\/\/magyarnapok.ro\/2024\/wp-content\/uploads\/2024\/04\/kmn_15_logo.png\",\"width\":385,\"height\":362,\"caption\":\"Kolozsv\u00e1ri Magyar Napok\"},\"image\":{\"@id\":\"https:\/\/magyarnapok.ro\/2024\/#\/schema\/logo\/image\/\"},\"sameAs\":[\"https:\/\/www.facebook.com\/magyarnapok\",\"https:\/\/www.instagram.com\/magyarnapok\/\",\"https:\/\/www.youtube.com\/c\/KolozsvriMagyarNapok2015\"]},{\"@type\":\"Person\",\"@id\":\"https:\/\/magyarnapok.ro\/2024\/#\/schema\/person\/4f7ca30ab538cb03a3c6146bb39b497e\",\"name\":\"S\u00e1ri Rom\u00e1n\",\"image\":{\"@type\":\"ImageObject\",\"inLanguage\":\"hu\",\"@id\":\"https:\/\/magyarnapok.ro\/2024\/#\/schema\/person\/image\/\",\"url\":\"https:\/\/secure.gravatar.com\/avatar\/91c75dcd2067ce4077834f6e3ece679465c21407b734374f7b1c7962150ba024?s=96&d=mm&r=g\",\"contentUrl\":\"https:\/\/secure.gravatar.com\/avatar\/91c75dcd2067ce4077834f6e3ece679465c21407b734374f7b1c7962150ba024?s=96&d=mm&r=g\",\"caption\":\"S\u00e1ri Rom\u00e1n\"},\"url\":\"https:\/\/magyarnapok.ro\/2024\/author\/roman-sari\/\"}]}<\/script>\n<!-- \/ Yoast SEO plugin. -->","yoast_head_json":{"title":"Erd\u00e9lyi sz\u00e9p szavak gy\u0171jtem\u00e9ny\u00e9t mutatt\u00e1k be a Magyar Napokon - Kolozsv\u00e1ri Magyar Napok 2024","robots":{"index":"index","follow":"follow","max-snippet":"max-snippet:-1","max-image-preview":"max-image-preview:large","max-video-preview":"max-video-preview:-1"},"canonical":"https:\/\/magyarnapok.ro\/2024\/erdelyi-szep-szavak-gyujtemenyet-mutattak-be-a-magyar-napokon\/","og_locale":"hu_HU","og_type":"article","og_title":"Erd\u00e9lyi sz\u00e9p szavak gy\u0171jtem\u00e9ny\u00e9t mutatt\u00e1k be a Magyar Napokon - Kolozsv\u00e1ri Magyar Napok 2024","og_description":"A tavasszal megjelent Erd\u00e9lyi Sz\u00e9p Sz\u00f3 2024 c\u00edm\u0171 sz\u00e9pirodalmi pr\u00f3za-, vers- \u00e9s essz\u00e9k\u00f6tetet mutatt\u00e1k be...","og_url":"https:\/\/magyarnapok.ro\/2024\/erdelyi-szep-szavak-gyujtemenyet-mutattak-be-a-magyar-napokon\/","og_site_name":"Kolozsv\u00e1ri Magyar Napok 2024","article_publisher":"https:\/\/www.facebook.com\/magyarnapok","article_published_time":"2024-08-25T15:34:59+00:00","article_modified_time":"2024-08-25T15:35:00+00:00","og_image":[{"width":2560,"height":1707,"url":"https:\/\/magyarnapok.ro\/2024\/wp-content\/uploads\/2024\/08\/KMN2024_Erdelyi-Szep-Szo-E-MIL-Bulgakov_20240824_185115_SZZ_7364-scaled.jpg","type":"image\/jpeg"}],"author":"S\u00e1ri Rom\u00e1n","twitter_card":"summary_large_image","twitter_misc":{"Szerz\u0151:":"S\u00e1ri Rom\u00e1n","Becs\u00fclt olvas\u00e1si id\u0151":"2 perc"},"schema":{"@context":"https:\/\/schema.org","@graph":[{"@type":"Article","@id":"https:\/\/magyarnapok.ro\/2024\/erdelyi-szep-szavak-gyujtemenyet-mutattak-be-a-magyar-napokon\/#article","isPartOf":{"@id":"https:\/\/magyarnapok.ro\/2024\/erdelyi-szep-szavak-gyujtemenyet-mutattak-be-a-magyar-napokon\/"},"author":{"name":"S\u00e1ri Rom\u00e1n","@id":"https:\/\/magyarnapok.ro\/2024\/#\/schema\/person\/4f7ca30ab538cb03a3c6146bb39b497e"},"headline":"Erd\u00e9lyi sz\u00e9p szavak gy\u0171jtem\u00e9ny\u00e9t mutatt\u00e1k be a Magyar Napokon","datePublished":"2024-08-25T15:34:59+00:00","dateModified":"2024-08-25T15:35:00+00:00","mainEntityOfPage":{"@id":"https:\/\/magyarnapok.ro\/2024\/erdelyi-szep-szavak-gyujtemenyet-mutattak-be-a-magyar-napokon\/"},"wordCount":300,"publisher":{"@id":"https:\/\/magyarnapok.ro\/2024\/#organization"},"image":{"@id":"https:\/\/magyarnapok.ro\/2024\/erdelyi-szep-szavak-gyujtemenyet-mutattak-be-a-magyar-napokon\/#primaryimage"},"thumbnailUrl":"https:\/\/magyarnapok.ro\/2024\/wp-content\/uploads\/2024\/08\/KMN2024_Erdelyi-Szep-Szo-E-MIL-Bulgakov_20240824_185115_SZZ_7364-scaled.jpg","inLanguage":"hu"},{"@type":"WebPage","@id":"https:\/\/magyarnapok.ro\/2024\/erdelyi-szep-szavak-gyujtemenyet-mutattak-be-a-magyar-napokon\/","url":"https:\/\/magyarnapok.ro\/2024\/erdelyi-szep-szavak-gyujtemenyet-mutattak-be-a-magyar-napokon\/","name":"Erd\u00e9lyi sz\u00e9p szavak gy\u0171jtem\u00e9ny\u00e9t mutatt\u00e1k be a Magyar Napokon - Kolozsv\u00e1ri Magyar Napok 2024","isPartOf":{"@id":"https:\/\/magyarnapok.ro\/2024\/#website"},"primaryImageOfPage":{"@id":"https:\/\/magyarnapok.ro\/2024\/erdelyi-szep-szavak-gyujtemenyet-mutattak-be-a-magyar-napokon\/#primaryimage"},"image":{"@id":"https:\/\/magyarnapok.ro\/2024\/erdelyi-szep-szavak-gyujtemenyet-mutattak-be-a-magyar-napokon\/#primaryimage"},"thumbnailUrl":"https:\/\/magyarnapok.ro\/2024\/wp-content\/uploads\/2024\/08\/KMN2024_Erdelyi-Szep-Szo-E-MIL-Bulgakov_20240824_185115_SZZ_7364-scaled.jpg","datePublished":"2024-08-25T15:34:59+00:00","dateModified":"2024-08-25T15:35:00+00:00","breadcrumb":{"@id":"https:\/\/magyarnapok.ro\/2024\/erdelyi-szep-szavak-gyujtemenyet-mutattak-be-a-magyar-napokon\/#breadcrumb"},"inLanguage":"hu","potentialAction":[{"@type":"ReadAction","target":["https:\/\/magyarnapok.ro\/2024\/erdelyi-szep-szavak-gyujtemenyet-mutattak-be-a-magyar-napokon\/"]}]},{"@type":"ImageObject","inLanguage":"hu","@id":"https:\/\/magyarnapok.ro\/2024\/erdelyi-szep-szavak-gyujtemenyet-mutattak-be-a-magyar-napokon\/#primaryimage","url":"https:\/\/magyarnapok.ro\/2024\/wp-content\/uploads\/2024\/08\/KMN2024_Erdelyi-Szep-Szo-E-MIL-Bulgakov_20240824_185115_SZZ_7364-scaled.jpg","contentUrl":"https:\/\/magyarnapok.ro\/2024\/wp-content\/uploads\/2024\/08\/KMN2024_Erdelyi-Szep-Szo-E-MIL-Bulgakov_20240824_185115_SZZ_7364-scaled.jpg","width":2560,"height":1707},{"@type":"BreadcrumbList","@id":"https:\/\/magyarnapok.ro\/2024\/erdelyi-szep-szavak-gyujtemenyet-mutattak-be-a-magyar-napokon\/#breadcrumb","itemListElement":[{"@type":"ListItem","position":1,"name":"Home","item":"https:\/\/magyarnapok.ro\/2024\/"},{"@type":"ListItem","position":2,"name":"Erd\u00e9lyi sz\u00e9p szavak gy\u0171jtem\u00e9ny\u00e9t mutatt\u00e1k be a Magyar Napokon"}]},{"@type":"WebSite","@id":"https:\/\/magyarnapok.ro\/2024\/#website","url":"https:\/\/magyarnapok.ro\/2024\/","name":"Kolozsv\u00e1ri Magyar Napok 2024","description":"A h\u00e9t meg a nyolc\u00e1t!","publisher":{"@id":"https:\/\/magyarnapok.ro\/2024\/#organization"},"potentialAction":[{"@type":"SearchAction","target":{"@type":"EntryPoint","urlTemplate":"https:\/\/magyarnapok.ro\/2024\/?s={search_term_string}"},"query-input":"required name=search_term_string"}],"inLanguage":"hu"},{"@type":"Organization","@id":"https:\/\/magyarnapok.ro\/2024\/#organization","name":"Kolozsv\u00e1ri Magyar Napok","url":"https:\/\/magyarnapok.ro\/2024\/","logo":{"@type":"ImageObject","inLanguage":"hu","@id":"https:\/\/magyarnapok.ro\/2024\/#\/schema\/logo\/image\/","url":"https:\/\/magyarnapok.ro\/2024\/wp-content\/uploads\/2024\/04\/kmn_15_logo.png","contentUrl":"https:\/\/magyarnapok.ro\/2024\/wp-content\/uploads\/2024\/04\/kmn_15_logo.png","width":385,"height":362,"caption":"Kolozsv\u00e1ri Magyar Napok"},"image":{"@id":"https:\/\/magyarnapok.ro\/2024\/#\/schema\/logo\/image\/"},"sameAs":["https:\/\/www.facebook.com\/magyarnapok","https:\/\/www.instagram.com\/magyarnapok\/","https:\/\/www.youtube.com\/c\/KolozsvriMagyarNapok2015"]},{"@type":"Person","@id":"https:\/\/magyarnapok.ro\/2024\/#\/schema\/person\/4f7ca30ab538cb03a3c6146bb39b497e","name":"S\u00e1ri Rom\u00e1n","image":{"@type":"ImageObject","inLanguage":"hu","@id":"https:\/\/magyarnapok.ro\/2024\/#\/schema\/person\/image\/","url":"https:\/\/secure.gravatar.com\/avatar\/91c75dcd2067ce4077834f6e3ece679465c21407b734374f7b1c7962150ba024?s=96&d=mm&r=g","contentUrl":"https:\/\/secure.gravatar.com\/avatar\/91c75dcd2067ce4077834f6e3ece679465c21407b734374f7b1c7962150ba024?s=96&d=mm&r=g","caption":"S\u00e1ri Rom\u00e1n"},"url":"https:\/\/magyarnapok.ro\/2024\/author\/roman-sari\/"}]}},"_links":{"self":[{"href":"https:\/\/magyarnapok.ro\/2024\/wp-json\/wp\/v2\/posts\/3338","targetHints":{"allow":["GET"]}}],"collection":[{"href":"https:\/\/magyarnapok.ro\/2024\/wp-json\/wp\/v2\/posts"}],"about":[{"href":"https:\/\/magyarnapok.ro\/2024\/wp-json\/wp\/v2\/types\/post"}],"author":[{"embeddable":true,"href":"https:\/\/magyarnapok.ro\/2024\/wp-json\/wp\/v2\/users\/8"}],"replies":[{"embeddable":true,"href":"https:\/\/magyarnapok.ro\/2024\/wp-json\/wp\/v2\/comments?post=3338"}],"version-history":[{"count":1,"href":"https:\/\/magyarnapok.ro\/2024\/wp-json\/wp\/v2\/posts\/3338\/revisions"}],"predecessor-version":[{"id":3340,"href":"https:\/\/magyarnapok.ro\/2024\/wp-json\/wp\/v2\/posts\/3338\/revisions\/3340"}],"wp:featuredmedia":[{"embeddable":true,"href":"https:\/\/magyarnapok.ro\/2024\/wp-json\/wp\/v2\/media\/3339"}],"wp:attachment":[{"href":"https:\/\/magyarnapok.ro\/2024\/wp-json\/wp\/v2\/media?parent=3338"}],"wp:term":[{"taxonomy":"category","embeddable":true,"href":"https:\/\/magyarnapok.ro\/2024\/wp-json\/wp\/v2\/categories?post=3338"},{"taxonomy":"post_tag","embeddable":true,"href":"https:\/\/magyarnapok.ro\/2024\/wp-json\/wp\/v2\/tags?post=3338"}],"curies":[{"name":"wp","href":"https:\/\/api.w.org\/{rel}","templated":true}]}}