{"id":3341,"date":"2024-08-26T15:23:11","date_gmt":"2024-08-26T12:23:11","guid":{"rendered":"https:\/\/magyarnapok.ro\/2024\/?p=3341"},"modified":"2024-08-26T15:26:33","modified_gmt":"2024-08-26T12:26:33","slug":"veget-ert-a-15-kolozsvari-magyar-napok","status":"publish","type":"post","link":"https:\/\/magyarnapok.ro\/2024\/veget-ert-a-15-kolozsvari-magyar-napok\/","title":{"rendered":"V\u00c9GET \u00c9RT A 15. KOLOZSV\u00c1RI MAGYAR NAPOK"},"content":{"rendered":"\n<p><strong>Vas\u00e1rnap este v\u00e9get \u00e9rt a 15. Kolozsv\u00e1ri Magyar Napok. A b\u0151 egy h\u00e9t sor\u00e1n t\u00f6bb mint 70 programhelysz\u00edn 560 esem\u00e9ny\u00e9re v\u00e1rt\u00e1k a r\u00e9sztvev\u0151ket. Az augusztus 18-25. k\u00f6z\u00f6t<\/strong><strong>t zajl\u00f3 programok l\u00e1togatotts\u00e1ga megk\u00f6zel\u00edtette a 250 ezer f\u0151t<\/strong><strong>. A 16. Kolozsv\u00e1ri Magyar Napok 2025. augusztus 17-24. k\u00f6z\u00f6tt v\u00e1rja majd a kolozsv\u00e1riakat \u00e9s a kincses v\u00e1rosba l\u00e1togat\u00f3kat.<\/strong><\/p>\n\n\n\n<p>Demj\u00e9n Ferenc vas\u00e1rnapi f\u0151t\u00e9ri z\u00e1r\u00f3koncertj\u00e9t megel\u0151z\u0151en Emil Boc, Kolozsv\u00e1r polg\u00e1rmestere, Ol\u00e1h Emese, Kolozsv\u00e1r alpolg\u00e1rmestere \u00e9s Gergely Bal\u00e1zs, a Kincses Kolozsv\u00e1r Egyes\u00fclet eln\u00f6ke, a Kolozsv\u00e1r Magyar Napok f\u0151szervez\u0151je k\u00f6sz\u00f6nt\u00f6tte az \u00fcnnepl\u0151 kolozsv\u00e1riakat.&nbsp;<\/p>\n\n\n\n<p>\u201eEbben a v\u00e1rosban a soksz\u00edn\u0171s\u00e9get \u00e9s a multikulturalizmust nemcsak t\u00e1mogatj\u00e1k \u00e9s elfogadj\u00e1k, hanem \u00fcnneplik is. Tudni kell, hogy a jelen \u00e9s a j\u00f6v\u0151 sikeres v\u00e1rosai azok lesznek, amelyek ezt a soksz\u00edn\u0171s\u00e9get megker\u00fclhetetlenn\u00e9 \u00e9s elfogadott\u00e1 teszik. Nek\u00fcnk \u2013 rom\u00e1noknak \u00e9s magyaroknak \u2013 voltak olyan pillanataink, amikor k\u00fcl\u00f6n-k\u00fcl\u00f6n \u00fcnnepelt\u00fcnk, de a Kolozsv\u00e1ri Magyar Napoknak is k\u00f6sz\u00f6nhet\u0151en el\u00e9rkezett annak az id\u0151szaka, hogy egy\u00fctt \u00f6rvendezz\u00fcnk kultur\u00e1lis kincseinknek\u201d \u2013 jelentette ki Emil Boc.<\/p>\n\n\n\n<p>\u201eA Kolozsv\u00e1ri Magyar Napok tizen\u00f6t\u00f6dj\u00e9re is bebizony\u00edtotta, hogy a magyar k\u00f6z\u00f6ss\u00e9g ereje, \u00f6sszefog\u00e1sa \u00e9s szeretete hat\u00e1rtalan. K\u00f6z\u00f6sen tett\u00fck ezt az esem\u00e9nyt k\u00fcl\u00f6nlegess\u00e9, \u00e9s mindannyian hozz\u00e1j\u00e1rultunk ahhoz, hogy v\u00e1rosunk \u00fajra \u00e9letre keljen \u00e9s pezsegjen. Az elm\u00falt napokban \u00fajra \u00e9s \u00fajra megtapasztalhattuk, milyen soksz\u00edn\u0171 \u00e9s er\u0151s a kolozsv\u00e1ri magyar k\u00f6z\u00f6ss\u00e9g \u00e9s milyen sz\u00e9p ilyenkor kincses v\u00e1rosunk\u201d \u2013 mondta Ol\u00e1h Emese. Kolozsv\u00e1r alpolg\u00e1rmestere besz\u00e9d\u00e9ben k\u00f6sz\u00f6net\u00e9t fejezti ki a Magyar Napok szervez\u0151inek, ami\u00e9rt ism\u00e9t v\u00e1llalt\u00e1k a programsorozat megval\u00f3s\u00edt\u00e1s\u00e1t.&nbsp;<\/p>\n\n\n\n<p>Gergely Bal\u00e1zs k\u00f6sz\u00f6netet mondott Kolozsv\u00e1r magyars\u00e1g\u00e1nak, hogy a b\u0151 egy h\u00e9t sor\u00e1n t\u00e1mogat\u00f3 jelenl\u00e9t\u00fckkel adt\u00e1k tan\u00fabizonys\u00e1g\u00e1t annak, hogy a kincses v\u00e1ros magyars\u00e1ga \u00e9rt\u00e9kment\u0151 \u00e9s \u00e9rt\u00e9kteremt\u0151 k\u00f6z\u00f6ss\u00e9ge Kolozsv\u00e1rnak, Erd\u00e9lynek \u00e9s a K\u00e1rp\u00e1t-medenc\u00e9nek. A Magyar Napok f\u0151szervez\u0151je eml\u00e9keztetett: id\u00e9n egy 1000 darabos, a f\u0151t\u00e9ri magyarnapos forgatagot \u00e1br\u00e1zol\u00f3 kirak\u00f3ssal kedveskedtek a r\u00e9sztvev\u0151knek. \u201eAhogyan a Kolozsv\u00e1ri Magyar Napok \u00e9vr\u0151l \u00e9vre hozz\u00e1j\u00e1rul kultur\u00e1lis soksz\u00edn\u0171s\u00e9g\u00fcnk gazdag\u00edt\u00e1s\u00e1hoz, \u00fagy mindazok, akik vel\u00fcnk \u00fcnnepeltek, hozz\u00e1adtak egy-egy darabot Kolozsv\u00e1r k\u00f6z\u00f6s jelen\u00e9hez. Legyenek \u00f6n\u00f6k a 1001-ik darabk\u00e1ja k\u00f6z\u00f6s t\u00f6rt\u00e9net\u00fcnknek!\u201d \u2013 z\u00e1rta besz\u00e9d\u00e9t Gergely Bal\u00e1zs.<\/p>\n\n\n\n<p>Az idei Kolozsv\u00e1ri Magyar Napok 74 rendezv\u00e9nyhelysz\u00edn\u00e9n \u00e9s 560 programpontj\u00e1n k\u00f6zel 250 ezren vettek r\u00e9szt. A programsorozat n\u00e9gy sz\u00ednpad\u00e1n 30 pop-, rock- \u00e9s jazzkoncert zajlott, tov\u00e1bbi 13 klasszikus zenei koncert \u00e9s 9 egyh\u00e1zzenei koncert pedig \u2013 a Magyar Egyh\u00e1zzenei Bienn\u00e1l\u00e9 keret\u00e9ben \u2013 templomokban \u00e9s m\u00e1s kultur\u00e1lis terekben kapott helyet. A dugig megtelt F\u0151t\u00e9ren zajl\u00f3, legnagyobb l\u00e1togatotts\u00e1g\u00fa koncertek est\u00e9nk\u00e9nt k\u00f6zel 25 ezer magyarnapoz\u00f3t vonzottak. A rendezv\u00e9nysorozat ideje alatt 14 k\u00e9pz\u0151m\u0171v\u00e9szeti ki\u00e1ll\u00edt\u00e1son, 15 v\u00e1rosismereti s\u00e9t\u00e1n, 45 filmvet\u00edt\u00e9sen, valamint 91 kerekasztal-besz\u00e9lget\u00e9sen \u00e9s el\u0151ad\u00e1son vehettek r\u00e9szt az \u00e9rdekl\u0151d\u0151k. A Kolozsv\u00e1ri Magyar Napok 179 programpontj\u00e1ra kiemelten is v\u00e1rt\u00e1k a legkisebbeket \u00e9s a csal\u00e1dosokat k\u00fcl\u00f6nb\u00f6z\u0151 j\u00e1t\u00e9kokkal \u00e9s hagyom\u00e1ny\u0151rz\u0151 foglalkoz\u00e1sokkal. A Farkas utca \u2013 id\u00e9n el\u0151sz\u00f6r teljes hossz\u00e1ban \u00e9s a r\u00e1 mer\u0151leges utc\u00e1kkal egy\u00fctt \u2013 fesztiv\u00e1lutc\u00e1v\u00e1 v\u00e1ltozott, ahol k\u00e9zm\u0171ves- \u00e9s k\u00f6nyvv\u00e1s\u00e1ron vehettek r\u00e9szt az \u00e9rdekl\u0151d\u0151k, de itt kapott helyet a m\u00fazeumok s\u00e9t\u00e1nya is. Szerd\u00e1t\u00f3l vas\u00e1rnapig 110 k\u00e9zm\u0171ves, 16 k\u00f6nyvkiad\u00f3 \u00e9s 17 m\u00fazeum mutatkozott be a magyarnapos k\u00f6z\u00f6ns\u00e9gnek. A Fogoly utca \u00fajra Borutcak\u00e9nt v\u00e1rta a K\u00e1rp\u00e1t-medence borainak szerelmeseit: 12 k\u00fcl\u00f6nb\u00f6z\u0151 pinc\u00e9szet ned\u0171it k\u00f3stolhatt\u00e1k meg az \u00e9rdekl\u0151d\u0151k. Az id\u00e9n hatodik kiad\u00e1s\u00e1hoz \u00e9rkezett KMN-Donaton Terepfut\u00f3verseny sor\u00e1n 540 jelentkez\u0151 m\u00e9rte \u00f6ssze \u00e1ll\u00f3k\u00e9pess\u00e9g\u00e9t t\u00f6bb koroszt\u00e1lyban \u00e9s n\u00e9gy k\u00fcl\u00f6nb\u00f6z\u0151 t\u00e1von, a versenynek is otthont ad\u00f3 kolozsv\u00e1ri falum\u00fazeum ter\u00fclet\u00e9n pedig \u00fajra megszervezt\u00e9k a hagyom\u00e1nyosnak sz\u00e1m\u00edt\u00f3 \u00f6r\u00f6mf\u0151z\u00e9st 31 csapat r\u00e9szv\u00e9tel\u00e9vel.&nbsp;<\/p>\n\n\n\n<p>A Kolozsv\u00e1ri Magyar Napok k\u00f6z\u00f6ns\u00e9ge az online t\u00e9rben is kiemelt \u00e9rdekl\u0151d\u00e9st mutatott a programsorozat ir\u00e1nt, hiszen csaknem 50 ezer egy\u00e9ni l\u00e1togat\u00f3ja volt a&nbsp;<a href=\"http:\/\/www.magyarnapok.ro\/\" target=\"_blank\" rel=\"noreferrer noopener\">www.magyarnapok.ro<\/a>&nbsp;oldalnak, a k\u00f6z\u00f6ss\u00e9gi m\u00e9di\u00e1ban megjelent tartalmak 1,2 milli\u00f3 felhaszn\u00e1l\u00f3hoz \u00e9rtek el, akik 167 ezerszer fejezt\u00e9k ki tetsz\u00e9s\u00fcket \u00e9s v\u00e9lem\u00e9ny\u00fcket.<\/p>\n\n\n\n<p>A Kincses Kolozsv\u00e1r Egyes\u00fclet 194 partnerint\u00e9zm\u00e9nnyel k\u00f6z\u00f6sen szervezte meg a K\u00e1rp\u00e1t-medence egyik legnagyobb kultur\u00e1lis seregszeml\u00e9j\u00e9t, 110 t\u00e1mogat\u00f3 \u00e9s t\u00e1mogat\u00f3 int\u00e9zm\u00e9ny j\u00e1rult hozz\u00e1 a rendezv\u00e9nysorozat megval\u00f3s\u00edt\u00e1s\u00e1hoz, a 132 f\u0151s szervez\u0151csapatot pedig 123 \u00f6nk\u00e9ntes seg\u00edtette a b\u0151 egy h\u00e9t sor\u00e1n.&nbsp;<\/p>\n\n\n\n<p>A szervez\u0151k k\u00f6z\u00f6lt\u00e9k: a 16. Kolozsv\u00e1ri Magyar Napok 2025. augusztus 17-24. k\u00f6z\u00f6tt v\u00e1rja majd a kolozsv\u00e1riakat \u00e9s a kincses v\u00e1rosba l\u00e1togat\u00f3kat.<\/p>\n","protected":false},"excerpt":{"rendered":"<p>Vas\u00e1rnap este v\u00e9get \u00e9rt a 15. Kolozsv\u00e1ri Magyar Napok. A b\u0151 egy h\u00e9t sor\u00e1n t\u00f6bb mint 70 programhelysz\u00edn 560 esem\u00e9ny\u00e9re v\u00e1rt\u00e1k a r\u00e9sztvev\u0151ket.<\/p>\n","protected":false},"author":2,"featured_media":3343,"comment_status":"closed","ping_status":"open","sticky":false,"template":"","format":"standard","meta":{"_acf_changed":false,"footnotes":""},"categories":[1],"tags":[],"class_list":["post-3341","post","type-post","status-publish","format-standard","has-post-thumbnail","hentry","category-egyeb"],"acf":[],"yoast_head":"<!-- This site is optimized with the Yoast SEO plugin v23.0 - https:\/\/yoast.com\/wordpress\/plugins\/seo\/ -->\n<title>V\u00c9GET \u00c9RT A 15. KOLOZSV\u00c1RI MAGYAR NAPOK - Kolozsv\u00e1ri Magyar Napok 2024<\/title>\n<meta name=\"robots\" content=\"index, follow, max-snippet:-1, max-image-preview:large, max-video-preview:-1\" \/>\n<link rel=\"canonical\" href=\"https:\/\/magyarnapok.ro\/2024\/veget-ert-a-15-kolozsvari-magyar-napok\/\" \/>\n<meta property=\"og:locale\" content=\"hu_HU\" \/>\n<meta property=\"og:type\" content=\"article\" \/>\n<meta property=\"og:title\" content=\"V\u00c9GET \u00c9RT A 15. KOLOZSV\u00c1RI MAGYAR NAPOK - Kolozsv\u00e1ri Magyar Napok 2024\" \/>\n<meta property=\"og:description\" content=\"Vas\u00e1rnap este v\u00e9get \u00e9rt a 15. Kolozsv\u00e1ri Magyar Napok. A b\u0151 egy h\u00e9t sor\u00e1n t\u00f6bb mint 70 programhelysz\u00edn 560 esem\u00e9ny\u00e9re v\u00e1rt\u00e1k a r\u00e9sztvev\u0151ket.\" \/>\n<meta property=\"og:url\" content=\"https:\/\/magyarnapok.ro\/2024\/veget-ert-a-15-kolozsvari-magyar-napok\/\" \/>\n<meta property=\"og:site_name\" content=\"Kolozsv\u00e1ri Magyar Napok 2024\" \/>\n<meta property=\"article:publisher\" content=\"https:\/\/www.facebook.com\/magyarnapok\" \/>\n<meta property=\"article:published_time\" content=\"2024-08-26T12:23:11+00:00\" \/>\n<meta property=\"article:modified_time\" content=\"2024-08-26T12:26:33+00:00\" \/>\n<meta property=\"og:image\" content=\"https:\/\/magyarnapok.ro\/2024\/wp-content\/uploads\/2024\/08\/8.jpg\" \/>\n\t<meta property=\"og:image:width\" content=\"2048\" \/>\n\t<meta property=\"og:image:height\" content=\"1366\" \/>\n\t<meta property=\"og:image:type\" content=\"image\/jpeg\" \/>\n<meta name=\"author\" content=\"Tor\u00f3 Tam\u00e1s\" \/>\n<meta name=\"twitter:card\" content=\"summary_large_image\" \/>\n<meta name=\"twitter:label1\" content=\"Szerz\u0151:\" \/>\n\t<meta name=\"twitter:data1\" content=\"Tor\u00f3 Tam\u00e1s\" \/>\n\t<meta name=\"twitter:label2\" content=\"Becs\u00fclt olvas\u00e1si id\u0151\" \/>\n\t<meta name=\"twitter:data2\" content=\"4 perc\" \/>\n<script type=\"application\/ld+json\" class=\"yoast-schema-graph\">{\"@context\":\"https:\/\/schema.org\",\"@graph\":[{\"@type\":\"Article\",\"@id\":\"https:\/\/magyarnapok.ro\/2024\/veget-ert-a-15-kolozsvari-magyar-napok\/#article\",\"isPartOf\":{\"@id\":\"https:\/\/magyarnapok.ro\/2024\/veget-ert-a-15-kolozsvari-magyar-napok\/\"},\"author\":{\"name\":\"Tor\u00f3 Tam\u00e1s\",\"@id\":\"https:\/\/magyarnapok.ro\/2024\/#\/schema\/person\/39759bb7df3abd349c228208b2f331ed\"},\"headline\":\"V\u00c9GET \u00c9RT A 15. KOLOZSV\u00c1RI MAGYAR NAPOK\",\"datePublished\":\"2024-08-26T12:23:11+00:00\",\"dateModified\":\"2024-08-26T12:26:33+00:00\",\"mainEntityOfPage\":{\"@id\":\"https:\/\/magyarnapok.ro\/2024\/veget-ert-a-15-kolozsvari-magyar-napok\/\"},\"wordCount\":979,\"publisher\":{\"@id\":\"https:\/\/magyarnapok.ro\/2024\/#organization\"},\"image\":{\"@id\":\"https:\/\/magyarnapok.ro\/2024\/veget-ert-a-15-kolozsvari-magyar-napok\/#primaryimage\"},\"thumbnailUrl\":\"https:\/\/magyarnapok.ro\/2024\/wp-content\/uploads\/2024\/08\/8.jpg\",\"inLanguage\":\"hu\"},{\"@type\":\"WebPage\",\"@id\":\"https:\/\/magyarnapok.ro\/2024\/veget-ert-a-15-kolozsvari-magyar-napok\/\",\"url\":\"https:\/\/magyarnapok.ro\/2024\/veget-ert-a-15-kolozsvari-magyar-napok\/\",\"name\":\"V\u00c9GET \u00c9RT A 15. KOLOZSV\u00c1RI MAGYAR NAPOK - Kolozsv\u00e1ri Magyar Napok 2024\",\"isPartOf\":{\"@id\":\"https:\/\/magyarnapok.ro\/2024\/#website\"},\"primaryImageOfPage\":{\"@id\":\"https:\/\/magyarnapok.ro\/2024\/veget-ert-a-15-kolozsvari-magyar-napok\/#primaryimage\"},\"image\":{\"@id\":\"https:\/\/magyarnapok.ro\/2024\/veget-ert-a-15-kolozsvari-magyar-napok\/#primaryimage\"},\"thumbnailUrl\":\"https:\/\/magyarnapok.ro\/2024\/wp-content\/uploads\/2024\/08\/8.jpg\",\"datePublished\":\"2024-08-26T12:23:11+00:00\",\"dateModified\":\"2024-08-26T12:26:33+00:00\",\"breadcrumb\":{\"@id\":\"https:\/\/magyarnapok.ro\/2024\/veget-ert-a-15-kolozsvari-magyar-napok\/#breadcrumb\"},\"inLanguage\":\"hu\",\"potentialAction\":[{\"@type\":\"ReadAction\",\"target\":[\"https:\/\/magyarnapok.ro\/2024\/veget-ert-a-15-kolozsvari-magyar-napok\/\"]}]},{\"@type\":\"ImageObject\",\"inLanguage\":\"hu\",\"@id\":\"https:\/\/magyarnapok.ro\/2024\/veget-ert-a-15-kolozsvari-magyar-napok\/#primaryimage\",\"url\":\"https:\/\/magyarnapok.ro\/2024\/wp-content\/uploads\/2024\/08\/8.jpg\",\"contentUrl\":\"https:\/\/magyarnapok.ro\/2024\/wp-content\/uploads\/2024\/08\/8.jpg\",\"width\":2048,\"height\":1366},{\"@type\":\"BreadcrumbList\",\"@id\":\"https:\/\/magyarnapok.ro\/2024\/veget-ert-a-15-kolozsvari-magyar-napok\/#breadcrumb\",\"itemListElement\":[{\"@type\":\"ListItem\",\"position\":1,\"name\":\"Home\",\"item\":\"https:\/\/magyarnapok.ro\/2024\/\"},{\"@type\":\"ListItem\",\"position\":2,\"name\":\"V\u00c9GET \u00c9RT A 15. KOLOZSV\u00c1RI MAGYAR NAPOK\"}]},{\"@type\":\"WebSite\",\"@id\":\"https:\/\/magyarnapok.ro\/2024\/#website\",\"url\":\"https:\/\/magyarnapok.ro\/2024\/\",\"name\":\"Kolozsv\u00e1ri Magyar Napok 2024\",\"description\":\"A h\u00e9t meg a nyolc\u00e1t!\",\"publisher\":{\"@id\":\"https:\/\/magyarnapok.ro\/2024\/#organization\"},\"potentialAction\":[{\"@type\":\"SearchAction\",\"target\":{\"@type\":\"EntryPoint\",\"urlTemplate\":\"https:\/\/magyarnapok.ro\/2024\/?s={search_term_string}\"},\"query-input\":\"required name=search_term_string\"}],\"inLanguage\":\"hu\"},{\"@type\":\"Organization\",\"@id\":\"https:\/\/magyarnapok.ro\/2024\/#organization\",\"name\":\"Kolozsv\u00e1ri Magyar Napok\",\"url\":\"https:\/\/magyarnapok.ro\/2024\/\",\"logo\":{\"@type\":\"ImageObject\",\"inLanguage\":\"hu\",\"@id\":\"https:\/\/magyarnapok.ro\/2024\/#\/schema\/logo\/image\/\",\"url\":\"https:\/\/magyarnapok.ro\/2024\/wp-content\/uploads\/2024\/04\/kmn_15_logo.png\",\"contentUrl\":\"https:\/\/magyarnapok.ro\/2024\/wp-content\/uploads\/2024\/04\/kmn_15_logo.png\",\"width\":385,\"height\":362,\"caption\":\"Kolozsv\u00e1ri Magyar Napok\"},\"image\":{\"@id\":\"https:\/\/magyarnapok.ro\/2024\/#\/schema\/logo\/image\/\"},\"sameAs\":[\"https:\/\/www.facebook.com\/magyarnapok\",\"https:\/\/www.instagram.com\/magyarnapok\/\",\"https:\/\/www.youtube.com\/c\/KolozsvriMagyarNapok2015\"]},{\"@type\":\"Person\",\"@id\":\"https:\/\/magyarnapok.ro\/2024\/#\/schema\/person\/39759bb7df3abd349c228208b2f331ed\",\"name\":\"Tor\u00f3 Tam\u00e1s\",\"image\":{\"@type\":\"ImageObject\",\"inLanguage\":\"hu\",\"@id\":\"https:\/\/magyarnapok.ro\/2024\/#\/schema\/person\/image\/\",\"url\":\"https:\/\/secure.gravatar.com\/avatar\/19ff2a06785e77338c55a3359901bcfac4ba2f78fa742a159b1291ba8532005a?s=96&d=mm&r=g\",\"contentUrl\":\"https:\/\/secure.gravatar.com\/avatar\/19ff2a06785e77338c55a3359901bcfac4ba2f78fa742a159b1291ba8532005a?s=96&d=mm&r=g\",\"caption\":\"Tor\u00f3 Tam\u00e1s\"},\"url\":\"https:\/\/magyarnapok.ro\/2024\/author\/ttamas\/\"}]}<\/script>\n<!-- \/ Yoast SEO plugin. -->","yoast_head_json":{"title":"V\u00c9GET \u00c9RT A 15. KOLOZSV\u00c1RI MAGYAR NAPOK - Kolozsv\u00e1ri Magyar Napok 2024","robots":{"index":"index","follow":"follow","max-snippet":"max-snippet:-1","max-image-preview":"max-image-preview:large","max-video-preview":"max-video-preview:-1"},"canonical":"https:\/\/magyarnapok.ro\/2024\/veget-ert-a-15-kolozsvari-magyar-napok\/","og_locale":"hu_HU","og_type":"article","og_title":"V\u00c9GET \u00c9RT A 15. KOLOZSV\u00c1RI MAGYAR NAPOK - Kolozsv\u00e1ri Magyar Napok 2024","og_description":"Vas\u00e1rnap este v\u00e9get \u00e9rt a 15. Kolozsv\u00e1ri Magyar Napok. A b\u0151 egy h\u00e9t sor\u00e1n t\u00f6bb mint 70 programhelysz\u00edn 560 esem\u00e9ny\u00e9re v\u00e1rt\u00e1k a r\u00e9sztvev\u0151ket.","og_url":"https:\/\/magyarnapok.ro\/2024\/veget-ert-a-15-kolozsvari-magyar-napok\/","og_site_name":"Kolozsv\u00e1ri Magyar Napok 2024","article_publisher":"https:\/\/www.facebook.com\/magyarnapok","article_published_time":"2024-08-26T12:23:11+00:00","article_modified_time":"2024-08-26T12:26:33+00:00","og_image":[{"width":2048,"height":1366,"url":"https:\/\/magyarnapok.ro\/2024\/wp-content\/uploads\/2024\/08\/8.jpg","type":"image\/jpeg"}],"author":"Tor\u00f3 Tam\u00e1s","twitter_card":"summary_large_image","twitter_misc":{"Szerz\u0151:":"Tor\u00f3 Tam\u00e1s","Becs\u00fclt olvas\u00e1si id\u0151":"4 perc"},"schema":{"@context":"https:\/\/schema.org","@graph":[{"@type":"Article","@id":"https:\/\/magyarnapok.ro\/2024\/veget-ert-a-15-kolozsvari-magyar-napok\/#article","isPartOf":{"@id":"https:\/\/magyarnapok.ro\/2024\/veget-ert-a-15-kolozsvari-magyar-napok\/"},"author":{"name":"Tor\u00f3 Tam\u00e1s","@id":"https:\/\/magyarnapok.ro\/2024\/#\/schema\/person\/39759bb7df3abd349c228208b2f331ed"},"headline":"V\u00c9GET \u00c9RT A 15. KOLOZSV\u00c1RI MAGYAR NAPOK","datePublished":"2024-08-26T12:23:11+00:00","dateModified":"2024-08-26T12:26:33+00:00","mainEntityOfPage":{"@id":"https:\/\/magyarnapok.ro\/2024\/veget-ert-a-15-kolozsvari-magyar-napok\/"},"wordCount":979,"publisher":{"@id":"https:\/\/magyarnapok.ro\/2024\/#organization"},"image":{"@id":"https:\/\/magyarnapok.ro\/2024\/veget-ert-a-15-kolozsvari-magyar-napok\/#primaryimage"},"thumbnailUrl":"https:\/\/magyarnapok.ro\/2024\/wp-content\/uploads\/2024\/08\/8.jpg","inLanguage":"hu"},{"@type":"WebPage","@id":"https:\/\/magyarnapok.ro\/2024\/veget-ert-a-15-kolozsvari-magyar-napok\/","url":"https:\/\/magyarnapok.ro\/2024\/veget-ert-a-15-kolozsvari-magyar-napok\/","name":"V\u00c9GET \u00c9RT A 15. KOLOZSV\u00c1RI MAGYAR NAPOK - Kolozsv\u00e1ri Magyar Napok 2024","isPartOf":{"@id":"https:\/\/magyarnapok.ro\/2024\/#website"},"primaryImageOfPage":{"@id":"https:\/\/magyarnapok.ro\/2024\/veget-ert-a-15-kolozsvari-magyar-napok\/#primaryimage"},"image":{"@id":"https:\/\/magyarnapok.ro\/2024\/veget-ert-a-15-kolozsvari-magyar-napok\/#primaryimage"},"thumbnailUrl":"https:\/\/magyarnapok.ro\/2024\/wp-content\/uploads\/2024\/08\/8.jpg","datePublished":"2024-08-26T12:23:11+00:00","dateModified":"2024-08-26T12:26:33+00:00","breadcrumb":{"@id":"https:\/\/magyarnapok.ro\/2024\/veget-ert-a-15-kolozsvari-magyar-napok\/#breadcrumb"},"inLanguage":"hu","potentialAction":[{"@type":"ReadAction","target":["https:\/\/magyarnapok.ro\/2024\/veget-ert-a-15-kolozsvari-magyar-napok\/"]}]},{"@type":"ImageObject","inLanguage":"hu","@id":"https:\/\/magyarnapok.ro\/2024\/veget-ert-a-15-kolozsvari-magyar-napok\/#primaryimage","url":"https:\/\/magyarnapok.ro\/2024\/wp-content\/uploads\/2024\/08\/8.jpg","contentUrl":"https:\/\/magyarnapok.ro\/2024\/wp-content\/uploads\/2024\/08\/8.jpg","width":2048,"height":1366},{"@type":"BreadcrumbList","@id":"https:\/\/magyarnapok.ro\/2024\/veget-ert-a-15-kolozsvari-magyar-napok\/#breadcrumb","itemListElement":[{"@type":"ListItem","position":1,"name":"Home","item":"https:\/\/magyarnapok.ro\/2024\/"},{"@type":"ListItem","position":2,"name":"V\u00c9GET \u00c9RT A 15. KOLOZSV\u00c1RI MAGYAR NAPOK"}]},{"@type":"WebSite","@id":"https:\/\/magyarnapok.ro\/2024\/#website","url":"https:\/\/magyarnapok.ro\/2024\/","name":"Kolozsv\u00e1ri Magyar Napok 2024","description":"A h\u00e9t meg a nyolc\u00e1t!","publisher":{"@id":"https:\/\/magyarnapok.ro\/2024\/#organization"},"potentialAction":[{"@type":"SearchAction","target":{"@type":"EntryPoint","urlTemplate":"https:\/\/magyarnapok.ro\/2024\/?s={search_term_string}"},"query-input":"required name=search_term_string"}],"inLanguage":"hu"},{"@type":"Organization","@id":"https:\/\/magyarnapok.ro\/2024\/#organization","name":"Kolozsv\u00e1ri Magyar Napok","url":"https:\/\/magyarnapok.ro\/2024\/","logo":{"@type":"ImageObject","inLanguage":"hu","@id":"https:\/\/magyarnapok.ro\/2024\/#\/schema\/logo\/image\/","url":"https:\/\/magyarnapok.ro\/2024\/wp-content\/uploads\/2024\/04\/kmn_15_logo.png","contentUrl":"https:\/\/magyarnapok.ro\/2024\/wp-content\/uploads\/2024\/04\/kmn_15_logo.png","width":385,"height":362,"caption":"Kolozsv\u00e1ri Magyar Napok"},"image":{"@id":"https:\/\/magyarnapok.ro\/2024\/#\/schema\/logo\/image\/"},"sameAs":["https:\/\/www.facebook.com\/magyarnapok","https:\/\/www.instagram.com\/magyarnapok\/","https:\/\/www.youtube.com\/c\/KolozsvriMagyarNapok2015"]},{"@type":"Person","@id":"https:\/\/magyarnapok.ro\/2024\/#\/schema\/person\/39759bb7df3abd349c228208b2f331ed","name":"Tor\u00f3 Tam\u00e1s","image":{"@type":"ImageObject","inLanguage":"hu","@id":"https:\/\/magyarnapok.ro\/2024\/#\/schema\/person\/image\/","url":"https:\/\/secure.gravatar.com\/avatar\/19ff2a06785e77338c55a3359901bcfac4ba2f78fa742a159b1291ba8532005a?s=96&d=mm&r=g","contentUrl":"https:\/\/secure.gravatar.com\/avatar\/19ff2a06785e77338c55a3359901bcfac4ba2f78fa742a159b1291ba8532005a?s=96&d=mm&r=g","caption":"Tor\u00f3 Tam\u00e1s"},"url":"https:\/\/magyarnapok.ro\/2024\/author\/ttamas\/"}]}},"_links":{"self":[{"href":"https:\/\/magyarnapok.ro\/2024\/wp-json\/wp\/v2\/posts\/3341","targetHints":{"allow":["GET"]}}],"collection":[{"href":"https:\/\/magyarnapok.ro\/2024\/wp-json\/wp\/v2\/posts"}],"about":[{"href":"https:\/\/magyarnapok.ro\/2024\/wp-json\/wp\/v2\/types\/post"}],"author":[{"embeddable":true,"href":"https:\/\/magyarnapok.ro\/2024\/wp-json\/wp\/v2\/users\/2"}],"replies":[{"embeddable":true,"href":"https:\/\/magyarnapok.ro\/2024\/wp-json\/wp\/v2\/comments?post=3341"}],"version-history":[{"count":2,"href":"https:\/\/magyarnapok.ro\/2024\/wp-json\/wp\/v2\/posts\/3341\/revisions"}],"predecessor-version":[{"id":3344,"href":"https:\/\/magyarnapok.ro\/2024\/wp-json\/wp\/v2\/posts\/3341\/revisions\/3344"}],"wp:featuredmedia":[{"embeddable":true,"href":"https:\/\/magyarnapok.ro\/2024\/wp-json\/wp\/v2\/media\/3343"}],"wp:attachment":[{"href":"https:\/\/magyarnapok.ro\/2024\/wp-json\/wp\/v2\/media?parent=3341"}],"wp:term":[{"taxonomy":"category","embeddable":true,"href":"https:\/\/magyarnapok.ro\/2024\/wp-json\/wp\/v2\/categories?post=3341"},{"taxonomy":"post_tag","embeddable":true,"href":"https:\/\/magyarnapok.ro\/2024\/wp-json\/wp\/v2\/tags?post=3341"}],"curies":[{"name":"wp","href":"https:\/\/api.w.org\/{rel}","templated":true}]}}