{"id":3345,"date":"2024-08-26T19:39:05","date_gmt":"2024-08-26T16:39:05","guid":{"rendered":"https:\/\/magyarnapok.ro\/2024\/?p=3345"},"modified":"2024-08-26T19:39:05","modified_gmt":"2024-08-26T16:39:05","slug":"transzilvanizmus-ideologia-hungarikum-esetleg-irodalmi-es-tarsadalmi-valami","status":"publish","type":"post","link":"https:\/\/magyarnapok.ro\/2024\/transzilvanizmus-ideologia-hungarikum-esetleg-irodalmi-es-tarsadalmi-valami\/","title":{"rendered":"Transzilvanizmus. Ideol\u00f3gia, hungarikum, esetleg \u201eirodalmi \u00e9s t\u00e1rsadalmi valami\u201d?"},"content":{"rendered":"\n<p>Augusztus 22-\u00e9n, cs\u00fct\u00f6rt\u00f6k\u00f6n d\u00e9lel\u0151tt 11 \u00f3r\u00e1t\u00f3l zajlott az MMA Kiad\u00f3n\u00e1l megjelent Transzilvanizmus. Eszm\u00e9k, korok, v\u00e1ltozatok c\u00edm\u0171 tanulm\u00e1nyk\u00f6tet bemutat\u00f3ja a Vall\u00e1sszabads\u00e1g H\u00e1z\u00e1ban. A k\u00f6tetben szerepl\u0151 egy-egy tanulm\u00e1ny\u00e9rt felel\u0151s Vallasek J\u00fali\u00e1val \u00e9s Bal\u00e1zs Imre J\u00f3zseffel, illetve a szerkeszt\u0151 Boka L\u00e1szl\u00f3val H. Szab\u00f3 Gyula besz\u00e9lgetett.<\/p>\n\n\n\n<p>Az egybegy\u0171lteket Sz\u00e1ntai J\u00e1nos, az Erd\u00e9lyi Magyar \u00cdr\u00f3k Lig\u00e1j\u00e1nak eln\u00f6ke k\u00f6sz\u00f6nt\u00f6tte, aki bevezet\u0151j\u00e9ben kiemelte: \u00fagy t\u0171nhet, a transzilvanizmus olyan t\u00e9ma, ami lassan kezd kimenni a divatb\u00f3l, \u00e9rdemes azonban a k\u00f6tet alc\u00edm\u00e9re ford\u00edtani a figyelmet, \u00e9s felfedezni, mennyi minden f\u00e9r bele igaz\u00e1b\u00f3l ebbe az elhaszn\u00e1l\u00f3d\u00f3nak t\u0171n\u0151 t\u00e9m\u00e1ba.<\/p>\n\n\n\n<p>A k\u00f6vetkez\u0151kben Boka L\u00e1szl\u00f3 r\u00f6viden ismertette a k\u00f6tet t\u00f6rt\u00e9net\u00e9t. Megtudtuk, hogy ez a tanulm\u00e1nyk\u00f6tet is egy covidos \u00fajratervez\u00e9s eredm\u00e9nye: 2020-ban \u00e9vfordul\u00f3s konferenci\u00e1t \u00e9s ehhez kapcsol\u00f3d\u00f3 k\u00f6tetet terveztek, a vil\u00e1gj\u00e1rv\u00e1ny azonban elsodorta az esem\u00e9nyt. Ennek k\u00f6sz\u00f6nhet\u0151en ad\u00f3dott azonban a lehet\u0151s\u00e9g egy terjedelmesebb k\u00f6tet \u00f6ssze\u00e1ll\u00edt\u00e1s\u00e1ra, amely 11 kutat\u00f3 k\u00f6zrem\u0171k\u00f6d\u00e9s\u00e9vel j\u00f6tt l\u00e9tre, \u00e9s rendhagy\u00f3 m\u00f3don nem csak irodalomt\u00f6rt\u00e9neti, de m\u0171v\u00e9szet-, politika- \u00e9s sajt\u00f3t\u00f6rt\u00e9neti szempontb\u00f3l is igyekszik k\u00f6r\u00fclj\u00e1rni a jelens\u00e9get.<\/p>\n\n\n\n<p>Vallasek J\u00falia, aki tanulm\u00e1ny\u00e1ban a k\u00e9t vil\u00e1gh\u00e1bor\u00fa k\u00f6z\u00f6tti sajt\u00f3 szerep\u00e9t vizsg\u00e1lta a transzilvanista (irodalmi) eszm\u00e9k terjed\u00e9s\u00e9ben, arra mutatott r\u00e1, hogy b\u00e1r hajlamosak vagyunk lebecs\u00fclni a napilapok kultur\u00e1lis impaktj\u00e1t, a k\u00e9t vil\u00e1gh\u00e1bor\u00fa k\u00f6zti id\u0151szakban nagyon fontos szerepet j\u00e1tszottak az irodalmi \u00e9let \u00e9s az \u00e1ltal\u00e1nos \u00e9rt\u00e9krend form\u00e1l\u00e1s\u00e1ban \u2013 a cenz\u00fara miatt ugyanis ezek irodalmi mell\u00e9kletei v\u00e1ltak a transzilvanista gondolkod\u00e1sm\u00f3d els\u0151dleges k\u00f6zvet\u00edt\u0151iv\u00e9.<\/p>\n\n\n\n<p>Bal\u00e1zs Imre J\u00f3zsef az 1945 \u00e9s 1989 k\u00f6zti id\u0151szak kapcs\u00e1n elmondta, hogy b\u00e1r a kommunista hatalom a prolet\u00e1r internacionalizmus jegy\u00e9ben elutas\u00edtotta a transzilvanista elk\u00e9pzel\u00e9seket, ez nem vetett g\u00e1tat az ir\u00e1nyzatnak (b\u00e1r a kor irodalomt\u00f6rt\u00e9n\u00e9szeit mai szemmel n\u00e9zve furcsa, humoros prolet\u00e1r transzilvanizmus-defin\u00edci\u00f3k gy\u00e1rt\u00e1s\u00e1ra k\u00e9nyszer\u00edtette). Kiemelte tov\u00e1bb\u00e1, hogy nem szabad a t\u00f6rt\u00e9nelem sor\u00e1n egys\u00e9ges transzilvanizmusban gondolkoznunk, \u00e9rdemesebb a korr\u00f3l korra meg\u00fajul\u00f3 v\u00e1ltozatokat kutatni.<\/p>\n\n\n\n<p>Mindh\u00e1rom szerz\u0151 egyet\u00e9rtett abban, hogy az erd\u00e9lyis\u00e9geszme \u00f6sszek\u00f6t\u0151 ereje kor\u00e1ntsem magyar saj\u00e1toss\u00e1g, a K\u00e1rp\u00e1tok gy\u0171r\u0171j\u00e9ben \u00e9l\u0151 t\u00f6bbi n\u00e9p (rom\u00e1nok, sz\u00e1szok, zsid\u00f3k, \u00f6rm\u00e9nyek, szlov\u00e1kok, sv\u00e1bok, szerbek) nem csak a magyar transzilvanista gondolkod\u00e1sm\u00f3d alakul\u00e1s\u00e1ra voltak nagy hat\u00e1ssal, de az \u0151 eset\u00fckben is lehet \u00e9s \u00e9rdemes az erd\u00e9lyis\u00e9g irodalmi, politikai, t\u00e1rsadalomt\u00f6rt\u00e9neti jelent\u00e9s\u00e9t vizsg\u00e1lni.<\/p>\n\n\n\n<p>Bal\u00e1zs Hanna Imola<\/p>\n","protected":false},"excerpt":{"rendered":"<p>Augusztus 22-\u00e9n, cs\u00fct\u00f6rt\u00f6k\u00f6n d\u00e9lel\u0151tt 11 \u00f3r\u00e1t\u00f3l zajlott az MMA Kiad\u00f3n\u00e1l megjelent Transzilvanizmus.<\/p>\n","protected":false},"author":8,"featured_media":3346,"comment_status":"closed","ping_status":"open","sticky":false,"template":"","format":"standard","meta":{"_acf_changed":false,"footnotes":""},"categories":[1],"tags":[],"class_list":["post-3345","post","type-post","status-publish","format-standard","has-post-thumbnail","hentry","category-egyeb"],"acf":[],"yoast_head":"<!-- This site is optimized with the Yoast SEO plugin v23.0 - https:\/\/yoast.com\/wordpress\/plugins\/seo\/ -->\n<title>Transzilvanizmus. Ideol\u00f3gia, hungarikum, esetleg \u201eirodalmi \u00e9s t\u00e1rsadalmi valami\u201d? - Kolozsv\u00e1ri Magyar Napok 2024<\/title>\n<meta name=\"robots\" content=\"index, follow, max-snippet:-1, max-image-preview:large, max-video-preview:-1\" \/>\n<link rel=\"canonical\" href=\"https:\/\/magyarnapok.ro\/2024\/transzilvanizmus-ideologia-hungarikum-esetleg-irodalmi-es-tarsadalmi-valami\/\" \/>\n<meta property=\"og:locale\" content=\"hu_HU\" \/>\n<meta property=\"og:type\" content=\"article\" \/>\n<meta property=\"og:title\" content=\"Transzilvanizmus. Ideol\u00f3gia, hungarikum, esetleg \u201eirodalmi \u00e9s t\u00e1rsadalmi valami\u201d? - Kolozsv\u00e1ri Magyar Napok 2024\" \/>\n<meta property=\"og:description\" content=\"Augusztus 22-\u00e9n, cs\u00fct\u00f6rt\u00f6k\u00f6n d\u00e9lel\u0151tt 11 \u00f3r\u00e1t\u00f3l zajlott az MMA Kiad\u00f3n\u00e1l megjelent Transzilvanizmus.\" \/>\n<meta property=\"og:url\" content=\"https:\/\/magyarnapok.ro\/2024\/transzilvanizmus-ideologia-hungarikum-esetleg-irodalmi-es-tarsadalmi-valami\/\" \/>\n<meta property=\"og:site_name\" content=\"Kolozsv\u00e1ri Magyar Napok 2024\" \/>\n<meta property=\"article:publisher\" content=\"https:\/\/www.facebook.com\/magyarnapok\" \/>\n<meta property=\"article:published_time\" content=\"2024-08-26T16:39:05+00:00\" \/>\n<meta property=\"og:image\" content=\"https:\/\/magyarnapok.ro\/2024\/wp-content\/uploads\/2024\/06\/KMN2024-www-intro-hu-01.jpg\" \/>\n\t<meta property=\"og:image:width\" content=\"1920\" \/>\n\t<meta property=\"og:image:height\" content=\"1080\" \/>\n\t<meta property=\"og:image:type\" content=\"image\/jpeg\" \/>\n<meta name=\"author\" content=\"S\u00e1ri Rom\u00e1n\" \/>\n<meta name=\"twitter:card\" content=\"summary_large_image\" \/>\n<meta name=\"twitter:label1\" content=\"Szerz\u0151:\" \/>\n\t<meta name=\"twitter:data1\" content=\"S\u00e1ri Rom\u00e1n\" \/>\n\t<meta name=\"twitter:label2\" content=\"Becs\u00fclt olvas\u00e1si id\u0151\" \/>\n\t<meta name=\"twitter:data2\" content=\"3 perc\" \/>\n<script type=\"application\/ld+json\" class=\"yoast-schema-graph\">{\"@context\":\"https:\/\/schema.org\",\"@graph\":[{\"@type\":\"Article\",\"@id\":\"https:\/\/magyarnapok.ro\/2024\/transzilvanizmus-ideologia-hungarikum-esetleg-irodalmi-es-tarsadalmi-valami\/#article\",\"isPartOf\":{\"@id\":\"https:\/\/magyarnapok.ro\/2024\/transzilvanizmus-ideologia-hungarikum-esetleg-irodalmi-es-tarsadalmi-valami\/\"},\"author\":{\"name\":\"S\u00e1ri Rom\u00e1n\",\"@id\":\"https:\/\/magyarnapok.ro\/2024\/#\/schema\/person\/4f7ca30ab538cb03a3c6146bb39b497e\"},\"headline\":\"Transzilvanizmus. Ideol\u00f3gia, hungarikum, esetleg \u201eirodalmi \u00e9s t\u00e1rsadalmi valami\u201d?\",\"datePublished\":\"2024-08-26T16:39:05+00:00\",\"dateModified\":\"2024-08-26T16:39:05+00:00\",\"mainEntityOfPage\":{\"@id\":\"https:\/\/magyarnapok.ro\/2024\/transzilvanizmus-ideologia-hungarikum-esetleg-irodalmi-es-tarsadalmi-valami\/\"},\"wordCount\":550,\"publisher\":{\"@id\":\"https:\/\/magyarnapok.ro\/2024\/#organization\"},\"image\":{\"@id\":\"https:\/\/magyarnapok.ro\/2024\/transzilvanizmus-ideologia-hungarikum-esetleg-irodalmi-es-tarsadalmi-valami\/#primaryimage\"},\"thumbnailUrl\":\"https:\/\/magyarnapok.ro\/2024\/wp-content\/uploads\/2024\/08\/kmn2024_Transzilvanizmus_Eszmek_korok_valtozatok_0822_111025_2354TR-scaled.jpg\",\"inLanguage\":\"hu\"},{\"@type\":\"WebPage\",\"@id\":\"https:\/\/magyarnapok.ro\/2024\/transzilvanizmus-ideologia-hungarikum-esetleg-irodalmi-es-tarsadalmi-valami\/\",\"url\":\"https:\/\/magyarnapok.ro\/2024\/transzilvanizmus-ideologia-hungarikum-esetleg-irodalmi-es-tarsadalmi-valami\/\",\"name\":\"Transzilvanizmus. Ideol\u00f3gia, hungarikum, esetleg \u201eirodalmi \u00e9s t\u00e1rsadalmi valami\u201d? - Kolozsv\u00e1ri Magyar Napok 2024\",\"isPartOf\":{\"@id\":\"https:\/\/magyarnapok.ro\/2024\/#website\"},\"primaryImageOfPage\":{\"@id\":\"https:\/\/magyarnapok.ro\/2024\/transzilvanizmus-ideologia-hungarikum-esetleg-irodalmi-es-tarsadalmi-valami\/#primaryimage\"},\"image\":{\"@id\":\"https:\/\/magyarnapok.ro\/2024\/transzilvanizmus-ideologia-hungarikum-esetleg-irodalmi-es-tarsadalmi-valami\/#primaryimage\"},\"thumbnailUrl\":\"https:\/\/magyarnapok.ro\/2024\/wp-content\/uploads\/2024\/08\/kmn2024_Transzilvanizmus_Eszmek_korok_valtozatok_0822_111025_2354TR-scaled.jpg\",\"datePublished\":\"2024-08-26T16:39:05+00:00\",\"dateModified\":\"2024-08-26T16:39:05+00:00\",\"breadcrumb\":{\"@id\":\"https:\/\/magyarnapok.ro\/2024\/transzilvanizmus-ideologia-hungarikum-esetleg-irodalmi-es-tarsadalmi-valami\/#breadcrumb\"},\"inLanguage\":\"hu\",\"potentialAction\":[{\"@type\":\"ReadAction\",\"target\":[\"https:\/\/magyarnapok.ro\/2024\/transzilvanizmus-ideologia-hungarikum-esetleg-irodalmi-es-tarsadalmi-valami\/\"]}]},{\"@type\":\"ImageObject\",\"inLanguage\":\"hu\",\"@id\":\"https:\/\/magyarnapok.ro\/2024\/transzilvanizmus-ideologia-hungarikum-esetleg-irodalmi-es-tarsadalmi-valami\/#primaryimage\",\"url\":\"https:\/\/magyarnapok.ro\/2024\/wp-content\/uploads\/2024\/08\/kmn2024_Transzilvanizmus_Eszmek_korok_valtozatok_0822_111025_2354TR-scaled.jpg\",\"contentUrl\":\"https:\/\/magyarnapok.ro\/2024\/wp-content\/uploads\/2024\/08\/kmn2024_Transzilvanizmus_Eszmek_korok_valtozatok_0822_111025_2354TR-scaled.jpg\",\"width\":2560,\"height\":1707},{\"@type\":\"BreadcrumbList\",\"@id\":\"https:\/\/magyarnapok.ro\/2024\/transzilvanizmus-ideologia-hungarikum-esetleg-irodalmi-es-tarsadalmi-valami\/#breadcrumb\",\"itemListElement\":[{\"@type\":\"ListItem\",\"position\":1,\"name\":\"Home\",\"item\":\"https:\/\/magyarnapok.ro\/2024\/\"},{\"@type\":\"ListItem\",\"position\":2,\"name\":\"Transzilvanizmus. Ideol\u00f3gia, hungarikum, esetleg \u201eirodalmi \u00e9s t\u00e1rsadalmi valami\u201d?\"}]},{\"@type\":\"WebSite\",\"@id\":\"https:\/\/magyarnapok.ro\/2024\/#website\",\"url\":\"https:\/\/magyarnapok.ro\/2024\/\",\"name\":\"Kolozsv\u00e1ri Magyar Napok 2024\",\"description\":\"A h\u00e9t meg a nyolc\u00e1t!\",\"publisher\":{\"@id\":\"https:\/\/magyarnapok.ro\/2024\/#organization\"},\"potentialAction\":[{\"@type\":\"SearchAction\",\"target\":{\"@type\":\"EntryPoint\",\"urlTemplate\":\"https:\/\/magyarnapok.ro\/2024\/?s={search_term_string}\"},\"query-input\":\"required name=search_term_string\"}],\"inLanguage\":\"hu\"},{\"@type\":\"Organization\",\"@id\":\"https:\/\/magyarnapok.ro\/2024\/#organization\",\"name\":\"Kolozsv\u00e1ri Magyar Napok\",\"url\":\"https:\/\/magyarnapok.ro\/2024\/\",\"logo\":{\"@type\":\"ImageObject\",\"inLanguage\":\"hu\",\"@id\":\"https:\/\/magyarnapok.ro\/2024\/#\/schema\/logo\/image\/\",\"url\":\"https:\/\/magyarnapok.ro\/2024\/wp-content\/uploads\/2024\/04\/kmn_15_logo.png\",\"contentUrl\":\"https:\/\/magyarnapok.ro\/2024\/wp-content\/uploads\/2024\/04\/kmn_15_logo.png\",\"width\":385,\"height\":362,\"caption\":\"Kolozsv\u00e1ri Magyar Napok\"},\"image\":{\"@id\":\"https:\/\/magyarnapok.ro\/2024\/#\/schema\/logo\/image\/\"},\"sameAs\":[\"https:\/\/www.facebook.com\/magyarnapok\",\"https:\/\/www.instagram.com\/magyarnapok\/\",\"https:\/\/www.youtube.com\/c\/KolozsvriMagyarNapok2015\"]},{\"@type\":\"Person\",\"@id\":\"https:\/\/magyarnapok.ro\/2024\/#\/schema\/person\/4f7ca30ab538cb03a3c6146bb39b497e\",\"name\":\"S\u00e1ri Rom\u00e1n\",\"image\":{\"@type\":\"ImageObject\",\"inLanguage\":\"hu\",\"@id\":\"https:\/\/magyarnapok.ro\/2024\/#\/schema\/person\/image\/\",\"url\":\"https:\/\/secure.gravatar.com\/avatar\/91c75dcd2067ce4077834f6e3ece679465c21407b734374f7b1c7962150ba024?s=96&d=mm&r=g\",\"contentUrl\":\"https:\/\/secure.gravatar.com\/avatar\/91c75dcd2067ce4077834f6e3ece679465c21407b734374f7b1c7962150ba024?s=96&d=mm&r=g\",\"caption\":\"S\u00e1ri Rom\u00e1n\"},\"url\":\"https:\/\/magyarnapok.ro\/2024\/author\/roman-sari\/\"}]}<\/script>\n<!-- \/ Yoast SEO plugin. -->","yoast_head_json":{"title":"Transzilvanizmus. Ideol\u00f3gia, hungarikum, esetleg \u201eirodalmi \u00e9s t\u00e1rsadalmi valami\u201d? - Kolozsv\u00e1ri Magyar Napok 2024","robots":{"index":"index","follow":"follow","max-snippet":"max-snippet:-1","max-image-preview":"max-image-preview:large","max-video-preview":"max-video-preview:-1"},"canonical":"https:\/\/magyarnapok.ro\/2024\/transzilvanizmus-ideologia-hungarikum-esetleg-irodalmi-es-tarsadalmi-valami\/","og_locale":"hu_HU","og_type":"article","og_title":"Transzilvanizmus. Ideol\u00f3gia, hungarikum, esetleg \u201eirodalmi \u00e9s t\u00e1rsadalmi valami\u201d? - Kolozsv\u00e1ri Magyar Napok 2024","og_description":"Augusztus 22-\u00e9n, cs\u00fct\u00f6rt\u00f6k\u00f6n d\u00e9lel\u0151tt 11 \u00f3r\u00e1t\u00f3l zajlott az MMA Kiad\u00f3n\u00e1l megjelent Transzilvanizmus.","og_url":"https:\/\/magyarnapok.ro\/2024\/transzilvanizmus-ideologia-hungarikum-esetleg-irodalmi-es-tarsadalmi-valami\/","og_site_name":"Kolozsv\u00e1ri Magyar Napok 2024","article_publisher":"https:\/\/www.facebook.com\/magyarnapok","article_published_time":"2024-08-26T16:39:05+00:00","og_image":[{"width":1920,"height":1080,"url":"https:\/\/magyarnapok.ro\/2024\/wp-content\/uploads\/2024\/06\/KMN2024-www-intro-hu-01.jpg","type":"image\/jpeg"}],"author":"S\u00e1ri Rom\u00e1n","twitter_card":"summary_large_image","twitter_misc":{"Szerz\u0151:":"S\u00e1ri Rom\u00e1n","Becs\u00fclt olvas\u00e1si id\u0151":"3 perc"},"schema":{"@context":"https:\/\/schema.org","@graph":[{"@type":"Article","@id":"https:\/\/magyarnapok.ro\/2024\/transzilvanizmus-ideologia-hungarikum-esetleg-irodalmi-es-tarsadalmi-valami\/#article","isPartOf":{"@id":"https:\/\/magyarnapok.ro\/2024\/transzilvanizmus-ideologia-hungarikum-esetleg-irodalmi-es-tarsadalmi-valami\/"},"author":{"name":"S\u00e1ri Rom\u00e1n","@id":"https:\/\/magyarnapok.ro\/2024\/#\/schema\/person\/4f7ca30ab538cb03a3c6146bb39b497e"},"headline":"Transzilvanizmus. Ideol\u00f3gia, hungarikum, esetleg \u201eirodalmi \u00e9s t\u00e1rsadalmi valami\u201d?","datePublished":"2024-08-26T16:39:05+00:00","dateModified":"2024-08-26T16:39:05+00:00","mainEntityOfPage":{"@id":"https:\/\/magyarnapok.ro\/2024\/transzilvanizmus-ideologia-hungarikum-esetleg-irodalmi-es-tarsadalmi-valami\/"},"wordCount":550,"publisher":{"@id":"https:\/\/magyarnapok.ro\/2024\/#organization"},"image":{"@id":"https:\/\/magyarnapok.ro\/2024\/transzilvanizmus-ideologia-hungarikum-esetleg-irodalmi-es-tarsadalmi-valami\/#primaryimage"},"thumbnailUrl":"https:\/\/magyarnapok.ro\/2024\/wp-content\/uploads\/2024\/08\/kmn2024_Transzilvanizmus_Eszmek_korok_valtozatok_0822_111025_2354TR-scaled.jpg","inLanguage":"hu"},{"@type":"WebPage","@id":"https:\/\/magyarnapok.ro\/2024\/transzilvanizmus-ideologia-hungarikum-esetleg-irodalmi-es-tarsadalmi-valami\/","url":"https:\/\/magyarnapok.ro\/2024\/transzilvanizmus-ideologia-hungarikum-esetleg-irodalmi-es-tarsadalmi-valami\/","name":"Transzilvanizmus. Ideol\u00f3gia, hungarikum, esetleg \u201eirodalmi \u00e9s t\u00e1rsadalmi valami\u201d? - Kolozsv\u00e1ri Magyar Napok 2024","isPartOf":{"@id":"https:\/\/magyarnapok.ro\/2024\/#website"},"primaryImageOfPage":{"@id":"https:\/\/magyarnapok.ro\/2024\/transzilvanizmus-ideologia-hungarikum-esetleg-irodalmi-es-tarsadalmi-valami\/#primaryimage"},"image":{"@id":"https:\/\/magyarnapok.ro\/2024\/transzilvanizmus-ideologia-hungarikum-esetleg-irodalmi-es-tarsadalmi-valami\/#primaryimage"},"thumbnailUrl":"https:\/\/magyarnapok.ro\/2024\/wp-content\/uploads\/2024\/08\/kmn2024_Transzilvanizmus_Eszmek_korok_valtozatok_0822_111025_2354TR-scaled.jpg","datePublished":"2024-08-26T16:39:05+00:00","dateModified":"2024-08-26T16:39:05+00:00","breadcrumb":{"@id":"https:\/\/magyarnapok.ro\/2024\/transzilvanizmus-ideologia-hungarikum-esetleg-irodalmi-es-tarsadalmi-valami\/#breadcrumb"},"inLanguage":"hu","potentialAction":[{"@type":"ReadAction","target":["https:\/\/magyarnapok.ro\/2024\/transzilvanizmus-ideologia-hungarikum-esetleg-irodalmi-es-tarsadalmi-valami\/"]}]},{"@type":"ImageObject","inLanguage":"hu","@id":"https:\/\/magyarnapok.ro\/2024\/transzilvanizmus-ideologia-hungarikum-esetleg-irodalmi-es-tarsadalmi-valami\/#primaryimage","url":"https:\/\/magyarnapok.ro\/2024\/wp-content\/uploads\/2024\/08\/kmn2024_Transzilvanizmus_Eszmek_korok_valtozatok_0822_111025_2354TR-scaled.jpg","contentUrl":"https:\/\/magyarnapok.ro\/2024\/wp-content\/uploads\/2024\/08\/kmn2024_Transzilvanizmus_Eszmek_korok_valtozatok_0822_111025_2354TR-scaled.jpg","width":2560,"height":1707},{"@type":"BreadcrumbList","@id":"https:\/\/magyarnapok.ro\/2024\/transzilvanizmus-ideologia-hungarikum-esetleg-irodalmi-es-tarsadalmi-valami\/#breadcrumb","itemListElement":[{"@type":"ListItem","position":1,"name":"Home","item":"https:\/\/magyarnapok.ro\/2024\/"},{"@type":"ListItem","position":2,"name":"Transzilvanizmus. Ideol\u00f3gia, hungarikum, esetleg \u201eirodalmi \u00e9s t\u00e1rsadalmi valami\u201d?"}]},{"@type":"WebSite","@id":"https:\/\/magyarnapok.ro\/2024\/#website","url":"https:\/\/magyarnapok.ro\/2024\/","name":"Kolozsv\u00e1ri Magyar Napok 2024","description":"A h\u00e9t meg a nyolc\u00e1t!","publisher":{"@id":"https:\/\/magyarnapok.ro\/2024\/#organization"},"potentialAction":[{"@type":"SearchAction","target":{"@type":"EntryPoint","urlTemplate":"https:\/\/magyarnapok.ro\/2024\/?s={search_term_string}"},"query-input":"required name=search_term_string"}],"inLanguage":"hu"},{"@type":"Organization","@id":"https:\/\/magyarnapok.ro\/2024\/#organization","name":"Kolozsv\u00e1ri Magyar Napok","url":"https:\/\/magyarnapok.ro\/2024\/","logo":{"@type":"ImageObject","inLanguage":"hu","@id":"https:\/\/magyarnapok.ro\/2024\/#\/schema\/logo\/image\/","url":"https:\/\/magyarnapok.ro\/2024\/wp-content\/uploads\/2024\/04\/kmn_15_logo.png","contentUrl":"https:\/\/magyarnapok.ro\/2024\/wp-content\/uploads\/2024\/04\/kmn_15_logo.png","width":385,"height":362,"caption":"Kolozsv\u00e1ri Magyar Napok"},"image":{"@id":"https:\/\/magyarnapok.ro\/2024\/#\/schema\/logo\/image\/"},"sameAs":["https:\/\/www.facebook.com\/magyarnapok","https:\/\/www.instagram.com\/magyarnapok\/","https:\/\/www.youtube.com\/c\/KolozsvriMagyarNapok2015"]},{"@type":"Person","@id":"https:\/\/magyarnapok.ro\/2024\/#\/schema\/person\/4f7ca30ab538cb03a3c6146bb39b497e","name":"S\u00e1ri Rom\u00e1n","image":{"@type":"ImageObject","inLanguage":"hu","@id":"https:\/\/magyarnapok.ro\/2024\/#\/schema\/person\/image\/","url":"https:\/\/secure.gravatar.com\/avatar\/91c75dcd2067ce4077834f6e3ece679465c21407b734374f7b1c7962150ba024?s=96&d=mm&r=g","contentUrl":"https:\/\/secure.gravatar.com\/avatar\/91c75dcd2067ce4077834f6e3ece679465c21407b734374f7b1c7962150ba024?s=96&d=mm&r=g","caption":"S\u00e1ri Rom\u00e1n"},"url":"https:\/\/magyarnapok.ro\/2024\/author\/roman-sari\/"}]}},"_links":{"self":[{"href":"https:\/\/magyarnapok.ro\/2024\/wp-json\/wp\/v2\/posts\/3345","targetHints":{"allow":["GET"]}}],"collection":[{"href":"https:\/\/magyarnapok.ro\/2024\/wp-json\/wp\/v2\/posts"}],"about":[{"href":"https:\/\/magyarnapok.ro\/2024\/wp-json\/wp\/v2\/types\/post"}],"author":[{"embeddable":true,"href":"https:\/\/magyarnapok.ro\/2024\/wp-json\/wp\/v2\/users\/8"}],"replies":[{"embeddable":true,"href":"https:\/\/magyarnapok.ro\/2024\/wp-json\/wp\/v2\/comments?post=3345"}],"version-history":[{"count":1,"href":"https:\/\/magyarnapok.ro\/2024\/wp-json\/wp\/v2\/posts\/3345\/revisions"}],"predecessor-version":[{"id":3347,"href":"https:\/\/magyarnapok.ro\/2024\/wp-json\/wp\/v2\/posts\/3345\/revisions\/3347"}],"wp:featuredmedia":[{"embeddable":true,"href":"https:\/\/magyarnapok.ro\/2024\/wp-json\/wp\/v2\/media\/3346"}],"wp:attachment":[{"href":"https:\/\/magyarnapok.ro\/2024\/wp-json\/wp\/v2\/media?parent=3345"}],"wp:term":[{"taxonomy":"category","embeddable":true,"href":"https:\/\/magyarnapok.ro\/2024\/wp-json\/wp\/v2\/categories?post=3345"},{"taxonomy":"post_tag","embeddable":true,"href":"https:\/\/magyarnapok.ro\/2024\/wp-json\/wp\/v2\/tags?post=3345"}],"curies":[{"name":"wp","href":"https:\/\/api.w.org\/{rel}","templated":true}]}}