{"id":3354,"date":"2024-08-26T19:46:23","date_gmt":"2024-08-26T16:46:23","guid":{"rendered":"https:\/\/magyarnapok.ro\/2024\/?p=3354"},"modified":"2024-08-26T19:46:24","modified_gmt":"2024-08-26T16:46:24","slug":"rengeteg-akadalyt-lekuzdve-ert-el-vilagsikereket-az-erdelyi-szarmazasu-uszono","status":"publish","type":"post","link":"https:\/\/magyarnapok.ro\/2024\/rengeteg-akadalyt-lekuzdve-ert-el-vilagsikereket-az-erdelyi-szarmazasu-uszono\/","title":{"rendered":"Rengeteg akad\u00e1lyt lek\u00fczdve \u00e9rt el vil\u00e1gsikereket az erd\u00e9lyi sz\u00e1rmaz\u00e1s\u00fa \u00fasz\u00f3n\u0151"},"content":{"rendered":"\n<p>Sz\u00e1mos kulisszatitkot \u00e9s izgalmas sztorit osztott meg p\u00e1lyafut\u00e1s\u00e1r\u00f3l Kap\u00e1s Bogl\u00e1rka \u00e9s Telegdy \u00c1d\u00e1m. A vil\u00e1gbajnok \u00fasz\u00f3n\u0151 m\u00e1sf\u00e9l \u00e9ve d\u00f6nt\u00f6tt a visszavonul\u00e1sr\u00f3l, ami nagyon megviseli, de k\u00edv\u00e1ncsian v\u00e1rja, mit hoz sz\u00e1m\u00e1ra az \u00fasz\u00e1s ut\u00e1ni \u00e9let.<\/p>\n\n\n\n<p>A 15. Kolozsv\u00e1ri Magyar Napok z\u00e1r\u00f3napj\u00e1ra is maradt j\u00f3n\u00e9h\u00e1ny \u00e9rdekes besz\u00e9lget\u00e9s \u00e9s el\u0151ad\u00e1s, amelyek k\u00f6z\u00fcl n\u00e9pszer\u0171 volt az Ifj\u00fas\u00e1gi udvarban tartott \u00cdgy lettem Kap\u00e1s Bogi c\u00edm\u0171 program. Az YZ Alap\u00edtv\u00e1ny szervez\u00e9s\u00e9ben a vil\u00e1gbajnok \u00e9s olimpiai bronz\u00e9rmes \u00fasz\u00f3n\u0151 mellett f\u00e9rje, az olimpiai \u00f6t\u00f6dik helyezett \u00e9s sokszoros magyar bajnok Telegdy \u00c1d\u00e1m v\u00e1laszolt P\u00e9ter Istv\u00e1n k\u00e9rd\u00e9seire.<\/p>\n\n\n\n<p>Mindk\u00e9t \u00fasz\u00f3nak van csal\u00e1dja r\u00e9v\u00e9n Erd\u00e9lyi k\u00f6t\u0151d\u00e9se, Telegdy viszont sok\u00e1ig egy\u00e1ltal\u00e1n nem j\u00e1rt Kolozsv\u00e1ron. N\u00e9h\u00e1ny \u00e9v alatt, feles\u00e9g\u00e9vel val\u00f3 k\u00f6z\u00f6s kikapcsol\u00f3d\u00e1saik sor\u00e1n nagyon megszerette a v\u00e1rost \u00e9s k\u00f6rny\u00e9k\u00e9t. A h\u00e1zasp\u00e1r tagjai egy ideje csapatt\u00e1rsak is, az edz\u00e9sekre is egy\u00fctt j\u00e1rnak. B\u00e1r Telegdy \u00c1d\u00e1m sz\u00e1m\u00e1ra m\u00e9g k\u00e9rd\u00e9s, mikor fogja befejezni a versenyz\u00e9st, Kap\u00e1s Bogl\u00e1rka p\u00e1lyafut\u00e1sa hamarosan v\u00e9get \u00e9r.<\/p>\n\n\n\n<p>\u201eM\u00e1sf\u00e9l \u00e9ve megfogalmaz\u00f3dott bennem, hogy a p\u00e1rizsi olimpia ut\u00e1n fogok visszavonulni. A pszichol\u00f3gusom javaslat\u00e1ra elkezdtem minden edz\u0151t\u00e1borral \u00e9s nagyversennyel kapcsolatban mondani, hogy az az utols\u00f3 el\u0151tti versenyen, id\u00e9n pedig m\u00e1r utols\u00f3t mondtam. Nagyon neh\u00e9z, sokat s\u00edrok \u00e9s magam alatt vagyok, de v\u00e1rom azt is, milyen \u00fajdons\u00e1gok j\u00f6nnek janu\u00e1rt\u00f3l\u201d \u2013 osztotta meg visszavonul\u00e1s\u00e1val kapcsolatos \u00e9rz\u00e9seir\u0151l Kap\u00e1s Bogl\u00e1rka. Az olimpiai bronz\u00e9rmes \u00fasz\u00f3n\u0151 a decemberi budapesti r\u00f6vid p\u00e1ly\u00e1s vil\u00e1gbajnoks\u00e1g ut\u00e1n fejezi be p\u00e1lyafut\u00e1s\u00e1t. M\u00e9g nem tudja mihez fog kezdeni felszabadul\u00f3 idej\u00e9vel, hiszen a versenysport mellett nem ford\u00edtott id\u0151t semmilyen hobbira, gyerekkor\u00e1t\u00f3l az \u00fasz\u00e1s hat\u00e1rozza meg az \u00e9let\u00e9t.<\/p>\n\n\n\n<p>\u201eA diktat\u00f3rikuss\u00e1g m\u00e1r mostanra is el\u00e9gg\u00e9 kikopott a sport\u00e1gb\u00f3l. R\u00e9gebb Egerszegi Krisztin\u00e1\u00e9k 16-17 kilom\u00e9tereket \u00fasztak egy nap, de m\u00e1ra ez egyre ink\u00e1bb cs\u00f6kkent. Neh\u00e9z lenne fiatal gyerekeket ebben a sportban tartani, ha azt mondod nekik, hogy nyolcezer m\u00e9tereket fogunk \u00faszni\u201d \u2013 t\u00e9rt ki az edz\u0151i felfog\u00e1s v\u00e1ltoz\u00e1s\u00e1ra Telegdy \u00c1d\u00e1m, hozz\u00e1t\u00e9ve, egyre ink\u00e1bb fontoss\u00e1 v\u00e1lt az \u00e9vek sor\u00e1n, hogy a szakemberek hogyan kommunik\u00e1lnak tan\u00edtv\u00e1nyaikkal. A h\u00e1zasp\u00e1r szerint a sikernek nincs egy\u00e9rtelm\u0171en meghat\u00e1rozhat\u00f3 k\u00e9plete vagy meghat\u00e1rozhat\u00f3 jelent\u00e9se, nemcsak egy vil\u00e1gbajnoki c\u00edm sz\u00e1m\u00edthat kiemelked\u0151 eredm\u00e9nynek, hanem az egy\u00e9ni cs\u00facs el\u00e9r\u00e9se is.<\/p>\n\n\n\n<p>Receptet emiatt nem is tudn\u00e1nak mondani r\u00e1, de Kap\u00e1s Bogi szerint a l\u00e9nyeg az, hogy mindenki tal\u00e1lja meg azt a dolgot, amelyet igaz\u00e1n szeret \u00e9s akar k\u00fczdeni \u00e9rte.<\/p>\n\n\n\n<p>Gebe Zolt\u00e1n<\/p>\n","protected":false},"excerpt":{"rendered":"<p>Sz\u00e1mos kulisszatitkot \u00e9s izgalmas sztorit osztott meg p\u00e1lyafut\u00e1s\u00e1r\u00f3l Kap\u00e1s Bogl\u00e1rka \u00e9s Telegdy \u00c1d\u00e1m.<\/p>\n","protected":false},"author":8,"featured_media":3355,"comment_status":"closed","ping_status":"open","sticky":false,"template":"","format":"standard","meta":{"_acf_changed":false,"footnotes":""},"categories":[1],"tags":[],"class_list":["post-3354","post","type-post","status-publish","format-standard","has-post-thumbnail","hentry","category-egyeb"],"acf":[],"yoast_head":"<!-- This site is optimized with the Yoast SEO plugin v23.0 - https:\/\/yoast.com\/wordpress\/plugins\/seo\/ -->\n<title>Rengeteg akad\u00e1lyt lek\u00fczdve \u00e9rt el vil\u00e1gsikereket az erd\u00e9lyi sz\u00e1rmaz\u00e1s\u00fa \u00fasz\u00f3n\u0151 - Kolozsv\u00e1ri Magyar Napok 2024<\/title>\n<meta name=\"robots\" content=\"index, follow, max-snippet:-1, max-image-preview:large, max-video-preview:-1\" \/>\n<link rel=\"canonical\" href=\"https:\/\/magyarnapok.ro\/2024\/rengeteg-akadalyt-lekuzdve-ert-el-vilagsikereket-az-erdelyi-szarmazasu-uszono\/\" \/>\n<meta property=\"og:locale\" content=\"hu_HU\" \/>\n<meta property=\"og:type\" content=\"article\" \/>\n<meta property=\"og:title\" content=\"Rengeteg akad\u00e1lyt lek\u00fczdve \u00e9rt el vil\u00e1gsikereket az erd\u00e9lyi sz\u00e1rmaz\u00e1s\u00fa \u00fasz\u00f3n\u0151 - Kolozsv\u00e1ri Magyar Napok 2024\" \/>\n<meta property=\"og:description\" content=\"Sz\u00e1mos kulisszatitkot \u00e9s izgalmas sztorit osztott meg p\u00e1lyafut\u00e1s\u00e1r\u00f3l Kap\u00e1s Bogl\u00e1rka \u00e9s Telegdy \u00c1d\u00e1m.\" \/>\n<meta property=\"og:url\" content=\"https:\/\/magyarnapok.ro\/2024\/rengeteg-akadalyt-lekuzdve-ert-el-vilagsikereket-az-erdelyi-szarmazasu-uszono\/\" \/>\n<meta property=\"og:site_name\" content=\"Kolozsv\u00e1ri Magyar Napok 2024\" \/>\n<meta property=\"article:publisher\" content=\"https:\/\/www.facebook.com\/magyarnapok\" \/>\n<meta property=\"article:published_time\" content=\"2024-08-26T16:46:23+00:00\" \/>\n<meta property=\"article:modified_time\" content=\"2024-08-26T16:46:24+00:00\" \/>\n<meta property=\"og:image\" content=\"https:\/\/magyarnapok.ro\/2024\/wp-content\/uploads\/2024\/08\/kmn2024_igy_lettem_kapas_bogi_20240825_141532_CSG-scaled.jpg\" \/>\n\t<meta property=\"og:image:width\" content=\"2560\" \/>\n\t<meta property=\"og:image:height\" content=\"1707\" \/>\n\t<meta property=\"og:image:type\" content=\"image\/jpeg\" \/>\n<meta name=\"author\" content=\"S\u00e1ri Rom\u00e1n\" \/>\n<meta name=\"twitter:card\" content=\"summary_large_image\" \/>\n<meta name=\"twitter:label1\" content=\"Szerz\u0151:\" \/>\n\t<meta name=\"twitter:data1\" content=\"S\u00e1ri Rom\u00e1n\" \/>\n\t<meta name=\"twitter:label2\" content=\"Becs\u00fclt olvas\u00e1si id\u0151\" \/>\n\t<meta name=\"twitter:data2\" content=\"3 perc\" \/>\n<script type=\"application\/ld+json\" class=\"yoast-schema-graph\">{\"@context\":\"https:\/\/schema.org\",\"@graph\":[{\"@type\":\"Article\",\"@id\":\"https:\/\/magyarnapok.ro\/2024\/rengeteg-akadalyt-lekuzdve-ert-el-vilagsikereket-az-erdelyi-szarmazasu-uszono\/#article\",\"isPartOf\":{\"@id\":\"https:\/\/magyarnapok.ro\/2024\/rengeteg-akadalyt-lekuzdve-ert-el-vilagsikereket-az-erdelyi-szarmazasu-uszono\/\"},\"author\":{\"name\":\"S\u00e1ri Rom\u00e1n\",\"@id\":\"https:\/\/magyarnapok.ro\/2024\/#\/schema\/person\/4f7ca30ab538cb03a3c6146bb39b497e\"},\"headline\":\"Rengeteg akad\u00e1lyt lek\u00fczdve \u00e9rt el vil\u00e1gsikereket az erd\u00e9lyi sz\u00e1rmaz\u00e1s\u00fa \u00fasz\u00f3n\u0151\",\"datePublished\":\"2024-08-26T16:46:23+00:00\",\"dateModified\":\"2024-08-26T16:46:24+00:00\",\"mainEntityOfPage\":{\"@id\":\"https:\/\/magyarnapok.ro\/2024\/rengeteg-akadalyt-lekuzdve-ert-el-vilagsikereket-az-erdelyi-szarmazasu-uszono\/\"},\"wordCount\":571,\"publisher\":{\"@id\":\"https:\/\/magyarnapok.ro\/2024\/#organization\"},\"image\":{\"@id\":\"https:\/\/magyarnapok.ro\/2024\/rengeteg-akadalyt-lekuzdve-ert-el-vilagsikereket-az-erdelyi-szarmazasu-uszono\/#primaryimage\"},\"thumbnailUrl\":\"https:\/\/magyarnapok.ro\/2024\/wp-content\/uploads\/2024\/08\/kmn2024_igy_lettem_kapas_bogi_20240825_141532_CSG-scaled.jpg\",\"inLanguage\":\"hu\"},{\"@type\":\"WebPage\",\"@id\":\"https:\/\/magyarnapok.ro\/2024\/rengeteg-akadalyt-lekuzdve-ert-el-vilagsikereket-az-erdelyi-szarmazasu-uszono\/\",\"url\":\"https:\/\/magyarnapok.ro\/2024\/rengeteg-akadalyt-lekuzdve-ert-el-vilagsikereket-az-erdelyi-szarmazasu-uszono\/\",\"name\":\"Rengeteg akad\u00e1lyt lek\u00fczdve \u00e9rt el vil\u00e1gsikereket az erd\u00e9lyi sz\u00e1rmaz\u00e1s\u00fa \u00fasz\u00f3n\u0151 - Kolozsv\u00e1ri Magyar Napok 2024\",\"isPartOf\":{\"@id\":\"https:\/\/magyarnapok.ro\/2024\/#website\"},\"primaryImageOfPage\":{\"@id\":\"https:\/\/magyarnapok.ro\/2024\/rengeteg-akadalyt-lekuzdve-ert-el-vilagsikereket-az-erdelyi-szarmazasu-uszono\/#primaryimage\"},\"image\":{\"@id\":\"https:\/\/magyarnapok.ro\/2024\/rengeteg-akadalyt-lekuzdve-ert-el-vilagsikereket-az-erdelyi-szarmazasu-uszono\/#primaryimage\"},\"thumbnailUrl\":\"https:\/\/magyarnapok.ro\/2024\/wp-content\/uploads\/2024\/08\/kmn2024_igy_lettem_kapas_bogi_20240825_141532_CSG-scaled.jpg\",\"datePublished\":\"2024-08-26T16:46:23+00:00\",\"dateModified\":\"2024-08-26T16:46:24+00:00\",\"breadcrumb\":{\"@id\":\"https:\/\/magyarnapok.ro\/2024\/rengeteg-akadalyt-lekuzdve-ert-el-vilagsikereket-az-erdelyi-szarmazasu-uszono\/#breadcrumb\"},\"inLanguage\":\"hu\",\"potentialAction\":[{\"@type\":\"ReadAction\",\"target\":[\"https:\/\/magyarnapok.ro\/2024\/rengeteg-akadalyt-lekuzdve-ert-el-vilagsikereket-az-erdelyi-szarmazasu-uszono\/\"]}]},{\"@type\":\"ImageObject\",\"inLanguage\":\"hu\",\"@id\":\"https:\/\/magyarnapok.ro\/2024\/rengeteg-akadalyt-lekuzdve-ert-el-vilagsikereket-az-erdelyi-szarmazasu-uszono\/#primaryimage\",\"url\":\"https:\/\/magyarnapok.ro\/2024\/wp-content\/uploads\/2024\/08\/kmn2024_igy_lettem_kapas_bogi_20240825_141532_CSG-scaled.jpg\",\"contentUrl\":\"https:\/\/magyarnapok.ro\/2024\/wp-content\/uploads\/2024\/08\/kmn2024_igy_lettem_kapas_bogi_20240825_141532_CSG-scaled.jpg\",\"width\":2560,\"height\":1707},{\"@type\":\"BreadcrumbList\",\"@id\":\"https:\/\/magyarnapok.ro\/2024\/rengeteg-akadalyt-lekuzdve-ert-el-vilagsikereket-az-erdelyi-szarmazasu-uszono\/#breadcrumb\",\"itemListElement\":[{\"@type\":\"ListItem\",\"position\":1,\"name\":\"Home\",\"item\":\"https:\/\/magyarnapok.ro\/2024\/\"},{\"@type\":\"ListItem\",\"position\":2,\"name\":\"Rengeteg akad\u00e1lyt lek\u00fczdve \u00e9rt el vil\u00e1gsikereket az erd\u00e9lyi sz\u00e1rmaz\u00e1s\u00fa \u00fasz\u00f3n\u0151\"}]},{\"@type\":\"WebSite\",\"@id\":\"https:\/\/magyarnapok.ro\/2024\/#website\",\"url\":\"https:\/\/magyarnapok.ro\/2024\/\",\"name\":\"Kolozsv\u00e1ri Magyar Napok 2024\",\"description\":\"A h\u00e9t meg a nyolc\u00e1t!\",\"publisher\":{\"@id\":\"https:\/\/magyarnapok.ro\/2024\/#organization\"},\"potentialAction\":[{\"@type\":\"SearchAction\",\"target\":{\"@type\":\"EntryPoint\",\"urlTemplate\":\"https:\/\/magyarnapok.ro\/2024\/?s={search_term_string}\"},\"query-input\":\"required name=search_term_string\"}],\"inLanguage\":\"hu\"},{\"@type\":\"Organization\",\"@id\":\"https:\/\/magyarnapok.ro\/2024\/#organization\",\"name\":\"Kolozsv\u00e1ri Magyar Napok\",\"url\":\"https:\/\/magyarnapok.ro\/2024\/\",\"logo\":{\"@type\":\"ImageObject\",\"inLanguage\":\"hu\",\"@id\":\"https:\/\/magyarnapok.ro\/2024\/#\/schema\/logo\/image\/\",\"url\":\"https:\/\/magyarnapok.ro\/2024\/wp-content\/uploads\/2024\/04\/kmn_15_logo.png\",\"contentUrl\":\"https:\/\/magyarnapok.ro\/2024\/wp-content\/uploads\/2024\/04\/kmn_15_logo.png\",\"width\":385,\"height\":362,\"caption\":\"Kolozsv\u00e1ri Magyar Napok\"},\"image\":{\"@id\":\"https:\/\/magyarnapok.ro\/2024\/#\/schema\/logo\/image\/\"},\"sameAs\":[\"https:\/\/www.facebook.com\/magyarnapok\",\"https:\/\/www.instagram.com\/magyarnapok\/\",\"https:\/\/www.youtube.com\/c\/KolozsvriMagyarNapok2015\"]},{\"@type\":\"Person\",\"@id\":\"https:\/\/magyarnapok.ro\/2024\/#\/schema\/person\/4f7ca30ab538cb03a3c6146bb39b497e\",\"name\":\"S\u00e1ri Rom\u00e1n\",\"image\":{\"@type\":\"ImageObject\",\"inLanguage\":\"hu\",\"@id\":\"https:\/\/magyarnapok.ro\/2024\/#\/schema\/person\/image\/\",\"url\":\"https:\/\/secure.gravatar.com\/avatar\/91c75dcd2067ce4077834f6e3ece679465c21407b734374f7b1c7962150ba024?s=96&d=mm&r=g\",\"contentUrl\":\"https:\/\/secure.gravatar.com\/avatar\/91c75dcd2067ce4077834f6e3ece679465c21407b734374f7b1c7962150ba024?s=96&d=mm&r=g\",\"caption\":\"S\u00e1ri Rom\u00e1n\"},\"url\":\"https:\/\/magyarnapok.ro\/2024\/author\/roman-sari\/\"}]}<\/script>\n<!-- \/ Yoast SEO plugin. -->","yoast_head_json":{"title":"Rengeteg akad\u00e1lyt lek\u00fczdve \u00e9rt el vil\u00e1gsikereket az erd\u00e9lyi sz\u00e1rmaz\u00e1s\u00fa \u00fasz\u00f3n\u0151 - Kolozsv\u00e1ri Magyar Napok 2024","robots":{"index":"index","follow":"follow","max-snippet":"max-snippet:-1","max-image-preview":"max-image-preview:large","max-video-preview":"max-video-preview:-1"},"canonical":"https:\/\/magyarnapok.ro\/2024\/rengeteg-akadalyt-lekuzdve-ert-el-vilagsikereket-az-erdelyi-szarmazasu-uszono\/","og_locale":"hu_HU","og_type":"article","og_title":"Rengeteg akad\u00e1lyt lek\u00fczdve \u00e9rt el vil\u00e1gsikereket az erd\u00e9lyi sz\u00e1rmaz\u00e1s\u00fa \u00fasz\u00f3n\u0151 - Kolozsv\u00e1ri Magyar Napok 2024","og_description":"Sz\u00e1mos kulisszatitkot \u00e9s izgalmas sztorit osztott meg p\u00e1lyafut\u00e1s\u00e1r\u00f3l Kap\u00e1s Bogl\u00e1rka \u00e9s Telegdy \u00c1d\u00e1m.","og_url":"https:\/\/magyarnapok.ro\/2024\/rengeteg-akadalyt-lekuzdve-ert-el-vilagsikereket-az-erdelyi-szarmazasu-uszono\/","og_site_name":"Kolozsv\u00e1ri Magyar Napok 2024","article_publisher":"https:\/\/www.facebook.com\/magyarnapok","article_published_time":"2024-08-26T16:46:23+00:00","article_modified_time":"2024-08-26T16:46:24+00:00","og_image":[{"width":2560,"height":1707,"url":"https:\/\/magyarnapok.ro\/2024\/wp-content\/uploads\/2024\/08\/kmn2024_igy_lettem_kapas_bogi_20240825_141532_CSG-scaled.jpg","type":"image\/jpeg"}],"author":"S\u00e1ri Rom\u00e1n","twitter_card":"summary_large_image","twitter_misc":{"Szerz\u0151:":"S\u00e1ri Rom\u00e1n","Becs\u00fclt olvas\u00e1si id\u0151":"3 perc"},"schema":{"@context":"https:\/\/schema.org","@graph":[{"@type":"Article","@id":"https:\/\/magyarnapok.ro\/2024\/rengeteg-akadalyt-lekuzdve-ert-el-vilagsikereket-az-erdelyi-szarmazasu-uszono\/#article","isPartOf":{"@id":"https:\/\/magyarnapok.ro\/2024\/rengeteg-akadalyt-lekuzdve-ert-el-vilagsikereket-az-erdelyi-szarmazasu-uszono\/"},"author":{"name":"S\u00e1ri Rom\u00e1n","@id":"https:\/\/magyarnapok.ro\/2024\/#\/schema\/person\/4f7ca30ab538cb03a3c6146bb39b497e"},"headline":"Rengeteg akad\u00e1lyt lek\u00fczdve \u00e9rt el vil\u00e1gsikereket az erd\u00e9lyi sz\u00e1rmaz\u00e1s\u00fa \u00fasz\u00f3n\u0151","datePublished":"2024-08-26T16:46:23+00:00","dateModified":"2024-08-26T16:46:24+00:00","mainEntityOfPage":{"@id":"https:\/\/magyarnapok.ro\/2024\/rengeteg-akadalyt-lekuzdve-ert-el-vilagsikereket-az-erdelyi-szarmazasu-uszono\/"},"wordCount":571,"publisher":{"@id":"https:\/\/magyarnapok.ro\/2024\/#organization"},"image":{"@id":"https:\/\/magyarnapok.ro\/2024\/rengeteg-akadalyt-lekuzdve-ert-el-vilagsikereket-az-erdelyi-szarmazasu-uszono\/#primaryimage"},"thumbnailUrl":"https:\/\/magyarnapok.ro\/2024\/wp-content\/uploads\/2024\/08\/kmn2024_igy_lettem_kapas_bogi_20240825_141532_CSG-scaled.jpg","inLanguage":"hu"},{"@type":"WebPage","@id":"https:\/\/magyarnapok.ro\/2024\/rengeteg-akadalyt-lekuzdve-ert-el-vilagsikereket-az-erdelyi-szarmazasu-uszono\/","url":"https:\/\/magyarnapok.ro\/2024\/rengeteg-akadalyt-lekuzdve-ert-el-vilagsikereket-az-erdelyi-szarmazasu-uszono\/","name":"Rengeteg akad\u00e1lyt lek\u00fczdve \u00e9rt el vil\u00e1gsikereket az erd\u00e9lyi sz\u00e1rmaz\u00e1s\u00fa \u00fasz\u00f3n\u0151 - Kolozsv\u00e1ri Magyar Napok 2024","isPartOf":{"@id":"https:\/\/magyarnapok.ro\/2024\/#website"},"primaryImageOfPage":{"@id":"https:\/\/magyarnapok.ro\/2024\/rengeteg-akadalyt-lekuzdve-ert-el-vilagsikereket-az-erdelyi-szarmazasu-uszono\/#primaryimage"},"image":{"@id":"https:\/\/magyarnapok.ro\/2024\/rengeteg-akadalyt-lekuzdve-ert-el-vilagsikereket-az-erdelyi-szarmazasu-uszono\/#primaryimage"},"thumbnailUrl":"https:\/\/magyarnapok.ro\/2024\/wp-content\/uploads\/2024\/08\/kmn2024_igy_lettem_kapas_bogi_20240825_141532_CSG-scaled.jpg","datePublished":"2024-08-26T16:46:23+00:00","dateModified":"2024-08-26T16:46:24+00:00","breadcrumb":{"@id":"https:\/\/magyarnapok.ro\/2024\/rengeteg-akadalyt-lekuzdve-ert-el-vilagsikereket-az-erdelyi-szarmazasu-uszono\/#breadcrumb"},"inLanguage":"hu","potentialAction":[{"@type":"ReadAction","target":["https:\/\/magyarnapok.ro\/2024\/rengeteg-akadalyt-lekuzdve-ert-el-vilagsikereket-az-erdelyi-szarmazasu-uszono\/"]}]},{"@type":"ImageObject","inLanguage":"hu","@id":"https:\/\/magyarnapok.ro\/2024\/rengeteg-akadalyt-lekuzdve-ert-el-vilagsikereket-az-erdelyi-szarmazasu-uszono\/#primaryimage","url":"https:\/\/magyarnapok.ro\/2024\/wp-content\/uploads\/2024\/08\/kmn2024_igy_lettem_kapas_bogi_20240825_141532_CSG-scaled.jpg","contentUrl":"https:\/\/magyarnapok.ro\/2024\/wp-content\/uploads\/2024\/08\/kmn2024_igy_lettem_kapas_bogi_20240825_141532_CSG-scaled.jpg","width":2560,"height":1707},{"@type":"BreadcrumbList","@id":"https:\/\/magyarnapok.ro\/2024\/rengeteg-akadalyt-lekuzdve-ert-el-vilagsikereket-az-erdelyi-szarmazasu-uszono\/#breadcrumb","itemListElement":[{"@type":"ListItem","position":1,"name":"Home","item":"https:\/\/magyarnapok.ro\/2024\/"},{"@type":"ListItem","position":2,"name":"Rengeteg akad\u00e1lyt lek\u00fczdve \u00e9rt el vil\u00e1gsikereket az erd\u00e9lyi sz\u00e1rmaz\u00e1s\u00fa \u00fasz\u00f3n\u0151"}]},{"@type":"WebSite","@id":"https:\/\/magyarnapok.ro\/2024\/#website","url":"https:\/\/magyarnapok.ro\/2024\/","name":"Kolozsv\u00e1ri Magyar Napok 2024","description":"A h\u00e9t meg a nyolc\u00e1t!","publisher":{"@id":"https:\/\/magyarnapok.ro\/2024\/#organization"},"potentialAction":[{"@type":"SearchAction","target":{"@type":"EntryPoint","urlTemplate":"https:\/\/magyarnapok.ro\/2024\/?s={search_term_string}"},"query-input":"required name=search_term_string"}],"inLanguage":"hu"},{"@type":"Organization","@id":"https:\/\/magyarnapok.ro\/2024\/#organization","name":"Kolozsv\u00e1ri Magyar Napok","url":"https:\/\/magyarnapok.ro\/2024\/","logo":{"@type":"ImageObject","inLanguage":"hu","@id":"https:\/\/magyarnapok.ro\/2024\/#\/schema\/logo\/image\/","url":"https:\/\/magyarnapok.ro\/2024\/wp-content\/uploads\/2024\/04\/kmn_15_logo.png","contentUrl":"https:\/\/magyarnapok.ro\/2024\/wp-content\/uploads\/2024\/04\/kmn_15_logo.png","width":385,"height":362,"caption":"Kolozsv\u00e1ri Magyar Napok"},"image":{"@id":"https:\/\/magyarnapok.ro\/2024\/#\/schema\/logo\/image\/"},"sameAs":["https:\/\/www.facebook.com\/magyarnapok","https:\/\/www.instagram.com\/magyarnapok\/","https:\/\/www.youtube.com\/c\/KolozsvriMagyarNapok2015"]},{"@type":"Person","@id":"https:\/\/magyarnapok.ro\/2024\/#\/schema\/person\/4f7ca30ab538cb03a3c6146bb39b497e","name":"S\u00e1ri Rom\u00e1n","image":{"@type":"ImageObject","inLanguage":"hu","@id":"https:\/\/magyarnapok.ro\/2024\/#\/schema\/person\/image\/","url":"https:\/\/secure.gravatar.com\/avatar\/91c75dcd2067ce4077834f6e3ece679465c21407b734374f7b1c7962150ba024?s=96&d=mm&r=g","contentUrl":"https:\/\/secure.gravatar.com\/avatar\/91c75dcd2067ce4077834f6e3ece679465c21407b734374f7b1c7962150ba024?s=96&d=mm&r=g","caption":"S\u00e1ri Rom\u00e1n"},"url":"https:\/\/magyarnapok.ro\/2024\/author\/roman-sari\/"}]}},"_links":{"self":[{"href":"https:\/\/magyarnapok.ro\/2024\/wp-json\/wp\/v2\/posts\/3354","targetHints":{"allow":["GET"]}}],"collection":[{"href":"https:\/\/magyarnapok.ro\/2024\/wp-json\/wp\/v2\/posts"}],"about":[{"href":"https:\/\/magyarnapok.ro\/2024\/wp-json\/wp\/v2\/types\/post"}],"author":[{"embeddable":true,"href":"https:\/\/magyarnapok.ro\/2024\/wp-json\/wp\/v2\/users\/8"}],"replies":[{"embeddable":true,"href":"https:\/\/magyarnapok.ro\/2024\/wp-json\/wp\/v2\/comments?post=3354"}],"version-history":[{"count":1,"href":"https:\/\/magyarnapok.ro\/2024\/wp-json\/wp\/v2\/posts\/3354\/revisions"}],"predecessor-version":[{"id":3356,"href":"https:\/\/magyarnapok.ro\/2024\/wp-json\/wp\/v2\/posts\/3354\/revisions\/3356"}],"wp:featuredmedia":[{"embeddable":true,"href":"https:\/\/magyarnapok.ro\/2024\/wp-json\/wp\/v2\/media\/3355"}],"wp:attachment":[{"href":"https:\/\/magyarnapok.ro\/2024\/wp-json\/wp\/v2\/media?parent=3354"}],"wp:term":[{"taxonomy":"category","embeddable":true,"href":"https:\/\/magyarnapok.ro\/2024\/wp-json\/wp\/v2\/categories?post=3354"},{"taxonomy":"post_tag","embeddable":true,"href":"https:\/\/magyarnapok.ro\/2024\/wp-json\/wp\/v2\/tags?post=3354"}],"curies":[{"name":"wp","href":"https:\/\/api.w.org\/{rel}","templated":true}]}}