{"id":3382,"date":"2025-03-19T13:53:49","date_gmt":"2025-03-19T11:53:49","guid":{"rendered":"https:\/\/magyarnapok.ro\/2024\/?p=3382"},"modified":"2025-03-19T13:59:04","modified_gmt":"2025-03-19T11:59:04","slug":"helyben-vagyunk","status":"publish","type":"post","link":"https:\/\/magyarnapok.ro\/2024\/helyben-vagyunk\/","title":{"rendered":"\u201eHELYBEN VAGYUNK!\u201d"},"content":{"rendered":"\n<p><strong>Tizenhatodik kiad\u00e1s\u00e1val jelentkezik augusztus 17\u201324. k\u00f6z\u00f6tt a Kolozsv\u00e1ri Magyar Napok<\/strong><\/p>\n\n\n\n<p><strong>Sajt\u00f3t\u00e1j\u00e9koztat\u00f3 keret\u00e9ben ismertette az augusztus 17\u201324. k\u00f6z\u00f6tt imm\u00e1r tizenhatodik kiad\u00e1s\u00e1val jelentkez\u0151 Kolozsv\u00e1ri Magyar Napokkal kapcsolatos f\u0151bb tudnival\u00f3kat Gergely Bal\u00e1zs, a Kincses Kolozsv\u00e1r Egyes\u00fclet eln\u00f6ke, a Kolozsv\u00e1ri Magyar Napok f\u0151szervez\u0151je, Szab\u00f3 Lilla, a Kolozsv\u00e1ri Magyar Napok programigazgat\u00f3ja \u00e9s Grezsa Csaba, Magyarorsz\u00e1g kolozsv\u00e1ri f\u0151konzulja.<\/strong><\/p>\n\n\n\n<p>&nbsp;&nbsp;&nbsp;&nbsp;&nbsp;&nbsp;&nbsp;&nbsp;&nbsp;&nbsp;&nbsp; \u201e\u0150sz \u00f3ta dolgozunk a szervez\u0151kkel az idei Kolozsv\u00e1ri Magyar Napok programk\u00edn\u00e1lat\u00e1n, s \u00f6r\u00f6mmel jelenthetem, hogy ennek eredm\u00e9nyek\u00e9nt \u2013 \u00e9s rendhagy\u00f3 m\u00f3don \u2013 m\u00e1r most, m\u00e1rcius k\u00f6zep\u00e9n besz\u00e1molhatunk a legfontosabb tudnival\u00f3kr\u00f3l. A 16. Kolozsv\u00e1ri Magyar Napok arculata \u2013 a helymeghat\u00e1roz\u00f3 piktogrammal \u2013, valamint jelmondata is azt \u00fczeni, hogy rendezv\u00e9nysorozatunk id\u0151ben \u00e9s t\u00e9rben is egyar\u00e1nt&nbsp;<em>&lt;&lt;helyben van&gt;&gt;<\/em>, megb\u00edzhat\u00f3 m\u00f3don \u00fajra jelentkezik, \u00e9s k\u00f6z\u00f6ss\u00e9g\u00fcnk is itthon \u00e9rezheti mag\u00e1t \u2013 kult\u00far\u00e1j\u00e1ban \u00e9s a kincses v\u00e1ros terein\u201d \u2013 hangs\u00falyozta Gergely Bal\u00e1zs. A Magyar Napok f\u0151szervez\u0151je hozz\u00e1tette: rem\u00e9nyei szerint Kolozsv\u00e1r \u00e9s a K\u00e1rp\u00e1t-medence magyars\u00e1ga, valamint a kincses v\u00e1rosba a Magyar Napok ideje alatt ell\u00e1togat\u00f3k is \u00fajra k\u00f6z\u00f6s \u00fcnnepk\u00e9nt tekintenek majd a rendezv\u00e9nysorozatra.<\/p>\n\n\n\n<p>A sajt\u00f3t\u00e1j\u00e9koztat\u00f3n elhangzott: a&nbsp;<em>\u201eHelyben vagyunk!\u201d&nbsp;<\/em>jelmondat\u00fa kultur\u00e1lis seregszemle \u2013 a hagyom\u00e1nyoknak megfelel\u0151en \u2013 \u00fcnnepi \u00f6kumenikus istentisztelettel veszi kezdet\u00e9t, melynek helysz\u00edne (augusztus 17-\u00e9n) a fel\u00faj\u00edtott \u00e9s \u00e1tad\u00e1sra ker\u00fcl\u0151 K\u00e9t\u00e1g\u00fa templom lesz. M\u00e1snap \u2013 augusztus 18-\u00e1n 19 \u00f3r\u00e1t\u00f3l \u2013 a Kolozsv\u00e1ri Magyar Opera nagyterm\u00e9ben ker\u00fcl sor a Magyar Napok \u00fcnnep\u00e9lyes nyit\u00f3g\u00e1l\u00e1j\u00e1ra.<\/p>\n\n\n\n<p>A Barab\u00e1s Mikl\u00f3s C\u00e9h nagyszab\u00e1s\u00fa ki\u00e1ll\u00edt\u00e1ssal k\u00e9sz\u00fcl a B\u00e1nffy-palot\u00e1ban m\u0171k\u00f6d\u0151 Kolozsv\u00e1ri M\u0171v\u00e9szeti M\u00fazeumban \u2013 ezzel eml\u00e9kezve a szervezet els\u0151 k\u00f6z\u00f6s ki\u00e1ll\u00edt\u00e1s\u00e1nak 95.&nbsp;\u00e9vfordul\u00f3j\u00e1ra. Az egyed\u00fcl\u00e1ll\u00f3 m\u0171v\u00e9szeti \u00e9lm\u00e9nyt \u00edg\u00e9r\u0151 esem\u00e9ny keret\u00e9ben a neves el\u0151d\u00f6k, a c\u00e9h \u00fajraalakul\u00e1sa ut\u00e1ni alkot\u00f3k \u00e9s kort\u00e1rs m\u0171v\u00e9szek munk\u00e1ib\u00f3l ny\u00edlik reprezentat\u00edv t\u00e1rlat, amely a Magyar Napok teljes ideje alatt ingyenesen l\u00e1togathat\u00f3 lesz.<\/p>\n\n\n\n<p>\u201eSzervez\u0151kk\u00e9nt \u00f6rvend\u00fcnk, hogy a kor\u00e1bbi \u00e9vekhez k\u00e9pest id\u00e9n m\u00e1r ilyen kor\u00e1n h\u00edrt adhatunk a soron k\u00f6vetkez\u0151 Magyar Napokr\u00f3l. A megszokott k\u00fclt\u00e9ri programok id\u00e9n is v\u00e1rj\u00e1k majd a magyarnapoz\u00f3kat, partnerszervezeteinkkel pedig megkezdt\u00fck a kapcsolatfelv\u00e9telt \u00e9s az egyeztet\u00e9st annak \u00e9rdek\u00e9ben, hogy a lehet\u0151 legsz\u00ednesebb, minden koroszt\u00e1lyt \u00e9s ig\u00e9nyt kiel\u00e9g\u00edt\u0151 programk\u00edn\u00e1lattal jelentkezhess\u00fcnk\u201d \u2013 jelentette ki Szab\u00f3 Lilla. A Magyar Napok programigazgat\u00f3ja elmondta: a Farkas utca \u00fajra fesztiv\u00e1lutcak\u00e9nt \u00fczemel majd, ahol \u2013 az Erd\u00e9lyi K\u00e9zm\u0171ves C\u00e9h szervez\u00e9s\u00e9ben \u2013 k\u00e9zm\u0171vesv\u00e1s\u00e1r v\u00e1rja majd az \u00e9rdekl\u0151d\u0151ket. A Kolozsv\u00e1ri Reform\u00e1tus Koll\u00e9gium udvar\u00e1n ism\u00e9t Folkudvar m\u0171k\u00f6dik majd (az Erd\u00e9lyi Hagyom\u00e1nyok H\u00e1za szervez\u00e9s\u00e9ben), a Herepei-h\u00e1z udvar\u00e1n ism\u00e9t a Refo-udvar programjain vehetnek r\u00e9szt az \u00e9rdekl\u0151d\u0151k, a Romkertben a Salina Compania hagyom\u00e1ny\u0151rz\u0151i v\u00e1rj\u00e1k majd a legkisebbeket \u00e9s a csal\u00e1dosokat \u2013 b\u0151v\u00edtett form\u00e1ban \u00e9s m\u00e9g t\u00f6bb izgalmas tev\u00e9kenys\u00e9ggel \u2013, ism\u00e9t lesz M\u00fazeumok S\u00e9t\u00e1nya \u00e9s k\u00f6nyvv\u00e1s\u00e1r, augusztus 23-\u00e1n (szombaton) pedig a 7. KMN Donaton Fut\u00f3versenyen m\u00e9rhetik \u00f6ssze \u00e1ll\u00f3k\u00e9pess\u00e9g\u00fcket a jelentkez\u0151k a t\u00f6r\u00f6kv\u00e1g\u00e1si falum\u00fazeum (Romulus Vuia Etnogr\u00e1fiai Park) ter\u00fclet\u00e9n, s ugyanitt szervezik meg a hagyom\u00e1nyos \u00f6r\u00f6mf\u0151z\u00e9st is. A Fogoly utca ism\u00e9t borutcak\u00e9nt v\u00e1rja majd a K\u00e1rp\u00e1t-medence borainak szerelmeseit, a B\u00e1nffy-udvarban ism\u00e9t a min\u0151s\u00e9gi magyar k\u00f6nny\u0171zen\u00e9j\u00e9 lesz a f\u0151szerep, valamint \u00fajra sz\u00ednes programk\u00edn\u00e1latnak \u00f6rvendezhetnek a Magyarorsz\u00e1g kolozsv\u00e1ri f\u0151konzul\u00e1t\u00e1snak udvar\u00e1ra bet\u00e9r\u0151 magyarnapoz\u00f3k.<\/p>\n\n\n\n<p>\u201eA f\u0151konzul\u00e1tus hossz\u00fa \u00e9vek \u00f3ta a Kolozsv\u00e1ri Magyar Napok partnere, h\u00e1rom \u00e9ve pedig k\u00fcl\u00f6n programhelysz\u00ednt is m\u0171k\u00f6dtet\u00fcnk \u2013 #F\u0151t\u00e9r23 n\u00e9vvel. Ezzel is azt k\u00edv\u00e1njuk \u00fczenni \u2013 a Magyar Napok jelmondat\u00e1val \u00f6sszhangban \u2013, hogy nemcsak helyben vagyunk, hanem sz\u00e1m\u00edthat is r\u00e1nk a kincses v\u00e1ros magyars\u00e1ga. A #F\u0151t\u00e9r23 programjai ablakot k\u00edv\u00e1nnak nyitni az anyaorsz\u00e1gra, programk\u00edn\u00e1latunk r\u00e9v\u00e9n pedig igyeksz\u00fcnk bemutatni a kort\u00e1rs magyar kult\u00fara legjav\u00e1t. Noha az ember \u00e1ltal\u00e1ban szereti a v\u00e1ltozatoss\u00e1got, a Kolozsv\u00e1ri Magyar Napok eset\u00e9ben m\u00e9gis az \u00e1lland\u00f3s\u00e1gnak \u00f6rvend\u00fcnk a legjobban\u201d \u2013 jelentette ki Grezsa Csaba. A f\u0151konzul hozz\u00e1tette: id\u00e9n is tematikus kultur\u00e1lis- \u00e9s k\u00f6z\u00e9leti besz\u00e9lget\u00e9sekkel, gasztron\u00f3miai bemutat\u00f3kkal \u00e9s k\u00f6nny\u0171zenei koncertekkel k\u00e9sz\u00fclnek augusztus 19\u201324. k\u00f6z\u00f6tt a konzul\u00e1tus f\u0151t\u00e9ri \u00e9p\u00fclet\u00e9nek udvar\u00e1ban.<\/p>\n\n\n\n<p><strong>F\u0151t\u00e9ri koncertek a n\u00f3tag\u00e1l\u00e1t\u00f3l a rock- \u00e9s popzen\u00e9ig<\/strong><\/p>\n\n\n\n<p>A Kolozsv\u00e1ri Magyar Napok legn\u00e9pszer\u0171bb programhelysz\u00edn\u00e9n \u2013 a F\u0151t\u00e9ren \u2013 id\u00e9n sem lesz hi\u00e1ny sz\u00ednvonalas fell\u00e9p\u0151kb\u0151l \u00e9s feledhetetlennek \u00edg\u00e9rkez\u0151 bulikb\u00f3l. Augusztus 19-\u00e9n \u2013 a hagyom\u00e1nyoknak megfelel\u0151en, valamint a Magyar Napok t\u00e1rsrendezv\u00e9nyek\u00e9nt \u2013 a 27. Szent Istv\u00e1n-napi N\u00e9pt\u00e1nctal\u00e1lkoz\u00f3 g\u00e1lam\u0171sor\u00e1ra ker\u00fcl sor. Augusztus 20-\u00e1n, nemzeti \u00fcnnep\u00fcnk\u00f6n, \u00fcnnepi n\u00f3tag\u00e1l\u00e1ra v\u00e1rj\u00e1k az \u00e9rdekl\u0151d\u0151ket, amely keret\u00e9ben Maneszes M\u00e1rtonnal \u00e9s megh\u00edvottjaival tal\u00e1lkozhatnak az \u00fcnnepl\u0151 kolozsv\u00e1riak. Ezt k\u00f6vet\u0151en \u2013 szint\u00e9n augusztus 20-\u00e1n \u2013 nagyszab\u00e1s\u00fa operettg\u00e1la z\u00e1rja az \u00fcnneps\u00e9get, melynek fell\u00e9p\u0151i a hungarikumnak sz\u00e1m\u00edt\u00f3 magyar operett szt\u00e1rjai \u2013 Peller K\u00e1roly, Szendy Szilvi, Dezs\u0151 \u00c1gota \u00e9s Laki P\u00e9ter \u2013 lesznek. Augusztus 21-\u00e9n a hamis\u00edtatlan magyar rockzen\u00e9j\u00e9 lesz a f\u0151szerep: els\u0151k\u00e9nt a Mobilm\u00e1nia l\u00e9p sz\u00ednpadra, \u0151ket pedig a Tankcsapda k\u00f6veti. Augusztus 22-\u00e9n a sZemp\u00f6l zenekar nyitja meg a nagysz\u00ednpadi programot, az erd\u00e9lyi csapat fell\u00e9p\u00e9se ut\u00e1n pedig az Intim Torna Illeg\u00e1l csap a h\u00farok k\u00f6z\u00e9. Augusztus 23-\u00e1n a magyarorsz\u00e1gi tehets\u00e9gkutat\u00f3kb\u00f3l is ismert Paulina l\u00e9p sz\u00ednpadra, majd Geszti koncertre ker\u00fcl sor. A f\u0151t\u00e9ri nagykoncertek sorozat\u00e1t \u2013 augusztus 24-\u00e9n, vas\u00e1rnap \u2013 Zor\u00e1n koncertje z\u00e1rja.<\/p>\n\n\n\n<p>A sajt\u00f3t\u00e1j\u00e9koztat\u00f3 z\u00e1r\u00e1sak\u00e9nt elhangzott: a szervez\u0151k \u00e1prilis 16-ig v\u00e1rj\u00e1k mindazon kolozsv\u00e1ri civil szervezetek programfelaj\u00e1nl\u00e1sait a&nbsp;<a href=\"mailto:kolozsvar@magyarnapok.ro\" target=\"_blank\" rel=\"noreferrer noopener\">kolozsvar@magyarnapok.ro<\/a>&nbsp;e-mail c\u00edmre, amelyek saj\u00e1t szervez\u00e9s\u0171 esem\u00e9nyeikkel k\u00edv\u00e1nnak megjelenni a Magyar Napok idei programk\u00edn\u00e1lat\u00e1ban. A rendezv\u00e9nysorozat k\u00f6zeledt\u00e9vel a szervez\u0151k m\u00e9g t\u00f6bb inform\u00e1ci\u00f3t k\u00f6z\u00f6lnek majd a 16. Kolozsv\u00e1ri Magyar Napokr\u00f3l, a legfrissebb h\u00edrek\u00e9rt pedig \u00e9rdemes k\u00f6vetni a Magyar Napok k\u00f6z\u00f6ss\u00e9gim\u00e9dia-fel\u00fcleteit.<\/p>\n","protected":false},"excerpt":{"rendered":"<p>Tizenhatodik kiad\u00e1s\u00e1val jelentkezik augusztus 17\u201324. k\u00f6z\u00f6tt a Kolozsv\u00e1ri Magyar Napok.<\/p>\n","protected":false},"author":2,"featured_media":3384,"comment_status":"closed","ping_status":"open","sticky":false,"template":"","format":"standard","meta":{"_acf_changed":false,"footnotes":""},"categories":[1],"tags":[],"class_list":["post-3382","post","type-post","status-publish","format-standard","has-post-thumbnail","hentry","category-egyeb"],"acf":[],"yoast_head":"<!-- This site is optimized with the Yoast SEO plugin v23.0 - https:\/\/yoast.com\/wordpress\/plugins\/seo\/ -->\n<title>\u201eHELYBEN VAGYUNK!\u201d - Kolozsv\u00e1ri Magyar Napok 2024<\/title>\n<meta name=\"robots\" content=\"index, follow, max-snippet:-1, max-image-preview:large, max-video-preview:-1\" \/>\n<link rel=\"canonical\" href=\"https:\/\/magyarnapok.ro\/2024\/helyben-vagyunk\/\" \/>\n<meta property=\"og:locale\" content=\"hu_HU\" \/>\n<meta property=\"og:type\" content=\"article\" \/>\n<meta property=\"og:title\" content=\"\u201eHELYBEN VAGYUNK!\u201d - Kolozsv\u00e1ri Magyar Napok 2024\" \/>\n<meta property=\"og:description\" content=\"Tizenhatodik kiad\u00e1s\u00e1val jelentkezik augusztus 17\u201324. k\u00f6z\u00f6tt a Kolozsv\u00e1ri Magyar Napok.\" \/>\n<meta property=\"og:url\" content=\"https:\/\/magyarnapok.ro\/2024\/helyben-vagyunk\/\" \/>\n<meta property=\"og:site_name\" content=\"Kolozsv\u00e1ri Magyar Napok 2024\" \/>\n<meta property=\"article:publisher\" content=\"https:\/\/www.facebook.com\/magyarnapok\" \/>\n<meta property=\"article:published_time\" content=\"2025-03-19T11:53:49+00:00\" \/>\n<meta property=\"article:modified_time\" content=\"2025-03-19T11:59:04+00:00\" \/>\n<meta property=\"og:image\" content=\"https:\/\/magyarnapok.ro\/2024\/wp-content\/uploads\/2025\/03\/kmn2025_sajtotaj_20250319_VLB-001-scaled.jpg\" \/>\n\t<meta property=\"og:image:width\" content=\"2560\" \/>\n\t<meta property=\"og:image:height\" content=\"1706\" \/>\n\t<meta property=\"og:image:type\" content=\"image\/jpeg\" \/>\n<meta name=\"author\" content=\"Tor\u00f3 Tam\u00e1s\" \/>\n<meta name=\"twitter:card\" content=\"summary_large_image\" \/>\n<meta name=\"twitter:label1\" content=\"Szerz\u0151:\" \/>\n\t<meta name=\"twitter:data1\" content=\"Tor\u00f3 Tam\u00e1s\" \/>\n\t<meta name=\"twitter:label2\" content=\"Becs\u00fclt olvas\u00e1si id\u0151\" \/>\n\t<meta name=\"twitter:data2\" content=\"5 perc\" \/>\n<script type=\"application\/ld+json\" class=\"yoast-schema-graph\">{\"@context\":\"https:\/\/schema.org\",\"@graph\":[{\"@type\":\"Article\",\"@id\":\"https:\/\/magyarnapok.ro\/2024\/helyben-vagyunk\/#article\",\"isPartOf\":{\"@id\":\"https:\/\/magyarnapok.ro\/2024\/helyben-vagyunk\/\"},\"author\":{\"name\":\"Tor\u00f3 Tam\u00e1s\",\"@id\":\"https:\/\/magyarnapok.ro\/2024\/#\/schema\/person\/39759bb7df3abd349c228208b2f331ed\"},\"headline\":\"\u201eHELYBEN VAGYUNK!\u201d\",\"datePublished\":\"2025-03-19T11:53:49+00:00\",\"dateModified\":\"2025-03-19T11:59:04+00:00\",\"mainEntityOfPage\":{\"@id\":\"https:\/\/magyarnapok.ro\/2024\/helyben-vagyunk\/\"},\"wordCount\":1266,\"publisher\":{\"@id\":\"https:\/\/magyarnapok.ro\/2024\/#organization\"},\"image\":{\"@id\":\"https:\/\/magyarnapok.ro\/2024\/helyben-vagyunk\/#primaryimage\"},\"thumbnailUrl\":\"https:\/\/magyarnapok.ro\/2024\/wp-content\/uploads\/2025\/03\/kmn2025_sajtotaj_20250319_VLB-001-scaled.jpg\",\"inLanguage\":\"hu\"},{\"@type\":\"WebPage\",\"@id\":\"https:\/\/magyarnapok.ro\/2024\/helyben-vagyunk\/\",\"url\":\"https:\/\/magyarnapok.ro\/2024\/helyben-vagyunk\/\",\"name\":\"\u201eHELYBEN VAGYUNK!\u201d - Kolozsv\u00e1ri Magyar Napok 2024\",\"isPartOf\":{\"@id\":\"https:\/\/magyarnapok.ro\/2024\/#website\"},\"primaryImageOfPage\":{\"@id\":\"https:\/\/magyarnapok.ro\/2024\/helyben-vagyunk\/#primaryimage\"},\"image\":{\"@id\":\"https:\/\/magyarnapok.ro\/2024\/helyben-vagyunk\/#primaryimage\"},\"thumbnailUrl\":\"https:\/\/magyarnapok.ro\/2024\/wp-content\/uploads\/2025\/03\/kmn2025_sajtotaj_20250319_VLB-001-scaled.jpg\",\"datePublished\":\"2025-03-19T11:53:49+00:00\",\"dateModified\":\"2025-03-19T11:59:04+00:00\",\"breadcrumb\":{\"@id\":\"https:\/\/magyarnapok.ro\/2024\/helyben-vagyunk\/#breadcrumb\"},\"inLanguage\":\"hu\",\"potentialAction\":[{\"@type\":\"ReadAction\",\"target\":[\"https:\/\/magyarnapok.ro\/2024\/helyben-vagyunk\/\"]}]},{\"@type\":\"ImageObject\",\"inLanguage\":\"hu\",\"@id\":\"https:\/\/magyarnapok.ro\/2024\/helyben-vagyunk\/#primaryimage\",\"url\":\"https:\/\/magyarnapok.ro\/2024\/wp-content\/uploads\/2025\/03\/kmn2025_sajtotaj_20250319_VLB-001-scaled.jpg\",\"contentUrl\":\"https:\/\/magyarnapok.ro\/2024\/wp-content\/uploads\/2025\/03\/kmn2025_sajtotaj_20250319_VLB-001-scaled.jpg\",\"width\":2560,\"height\":1706},{\"@type\":\"BreadcrumbList\",\"@id\":\"https:\/\/magyarnapok.ro\/2024\/helyben-vagyunk\/#breadcrumb\",\"itemListElement\":[{\"@type\":\"ListItem\",\"position\":1,\"name\":\"Home\",\"item\":\"https:\/\/magyarnapok.ro\/2024\/\"},{\"@type\":\"ListItem\",\"position\":2,\"name\":\"\u201eHELYBEN VAGYUNK!\u201d\"}]},{\"@type\":\"WebSite\",\"@id\":\"https:\/\/magyarnapok.ro\/2024\/#website\",\"url\":\"https:\/\/magyarnapok.ro\/2024\/\",\"name\":\"Kolozsv\u00e1ri Magyar Napok 2024\",\"description\":\"A h\u00e9t meg a nyolc\u00e1t!\",\"publisher\":{\"@id\":\"https:\/\/magyarnapok.ro\/2024\/#organization\"},\"potentialAction\":[{\"@type\":\"SearchAction\",\"target\":{\"@type\":\"EntryPoint\",\"urlTemplate\":\"https:\/\/magyarnapok.ro\/2024\/?s={search_term_string}\"},\"query-input\":\"required name=search_term_string\"}],\"inLanguage\":\"hu\"},{\"@type\":\"Organization\",\"@id\":\"https:\/\/magyarnapok.ro\/2024\/#organization\",\"name\":\"Kolozsv\u00e1ri Magyar Napok\",\"url\":\"https:\/\/magyarnapok.ro\/2024\/\",\"logo\":{\"@type\":\"ImageObject\",\"inLanguage\":\"hu\",\"@id\":\"https:\/\/magyarnapok.ro\/2024\/#\/schema\/logo\/image\/\",\"url\":\"https:\/\/magyarnapok.ro\/2024\/wp-content\/uploads\/2024\/04\/kmn_15_logo.png\",\"contentUrl\":\"https:\/\/magyarnapok.ro\/2024\/wp-content\/uploads\/2024\/04\/kmn_15_logo.png\",\"width\":385,\"height\":362,\"caption\":\"Kolozsv\u00e1ri Magyar Napok\"},\"image\":{\"@id\":\"https:\/\/magyarnapok.ro\/2024\/#\/schema\/logo\/image\/\"},\"sameAs\":[\"https:\/\/www.facebook.com\/magyarnapok\",\"https:\/\/www.instagram.com\/magyarnapok\/\",\"https:\/\/www.youtube.com\/c\/KolozsvriMagyarNapok2015\"]},{\"@type\":\"Person\",\"@id\":\"https:\/\/magyarnapok.ro\/2024\/#\/schema\/person\/39759bb7df3abd349c228208b2f331ed\",\"name\":\"Tor\u00f3 Tam\u00e1s\",\"image\":{\"@type\":\"ImageObject\",\"inLanguage\":\"hu\",\"@id\":\"https:\/\/magyarnapok.ro\/2024\/#\/schema\/person\/image\/\",\"url\":\"https:\/\/secure.gravatar.com\/avatar\/19ff2a06785e77338c55a3359901bcfac4ba2f78fa742a159b1291ba8532005a?s=96&d=mm&r=g\",\"contentUrl\":\"https:\/\/secure.gravatar.com\/avatar\/19ff2a06785e77338c55a3359901bcfac4ba2f78fa742a159b1291ba8532005a?s=96&d=mm&r=g\",\"caption\":\"Tor\u00f3 Tam\u00e1s\"},\"url\":\"https:\/\/magyarnapok.ro\/2024\/author\/ttamas\/\"}]}<\/script>\n<!-- \/ Yoast SEO plugin. -->","yoast_head_json":{"title":"\u201eHELYBEN VAGYUNK!\u201d - Kolozsv\u00e1ri Magyar Napok 2024","robots":{"index":"index","follow":"follow","max-snippet":"max-snippet:-1","max-image-preview":"max-image-preview:large","max-video-preview":"max-video-preview:-1"},"canonical":"https:\/\/magyarnapok.ro\/2024\/helyben-vagyunk\/","og_locale":"hu_HU","og_type":"article","og_title":"\u201eHELYBEN VAGYUNK!\u201d - Kolozsv\u00e1ri Magyar Napok 2024","og_description":"Tizenhatodik kiad\u00e1s\u00e1val jelentkezik augusztus 17\u201324. k\u00f6z\u00f6tt a Kolozsv\u00e1ri Magyar Napok.","og_url":"https:\/\/magyarnapok.ro\/2024\/helyben-vagyunk\/","og_site_name":"Kolozsv\u00e1ri Magyar Napok 2024","article_publisher":"https:\/\/www.facebook.com\/magyarnapok","article_published_time":"2025-03-19T11:53:49+00:00","article_modified_time":"2025-03-19T11:59:04+00:00","og_image":[{"width":2560,"height":1706,"url":"https:\/\/magyarnapok.ro\/2024\/wp-content\/uploads\/2025\/03\/kmn2025_sajtotaj_20250319_VLB-001-scaled.jpg","type":"image\/jpeg"}],"author":"Tor\u00f3 Tam\u00e1s","twitter_card":"summary_large_image","twitter_misc":{"Szerz\u0151:":"Tor\u00f3 Tam\u00e1s","Becs\u00fclt olvas\u00e1si id\u0151":"5 perc"},"schema":{"@context":"https:\/\/schema.org","@graph":[{"@type":"Article","@id":"https:\/\/magyarnapok.ro\/2024\/helyben-vagyunk\/#article","isPartOf":{"@id":"https:\/\/magyarnapok.ro\/2024\/helyben-vagyunk\/"},"author":{"name":"Tor\u00f3 Tam\u00e1s","@id":"https:\/\/magyarnapok.ro\/2024\/#\/schema\/person\/39759bb7df3abd349c228208b2f331ed"},"headline":"\u201eHELYBEN VAGYUNK!\u201d","datePublished":"2025-03-19T11:53:49+00:00","dateModified":"2025-03-19T11:59:04+00:00","mainEntityOfPage":{"@id":"https:\/\/magyarnapok.ro\/2024\/helyben-vagyunk\/"},"wordCount":1266,"publisher":{"@id":"https:\/\/magyarnapok.ro\/2024\/#organization"},"image":{"@id":"https:\/\/magyarnapok.ro\/2024\/helyben-vagyunk\/#primaryimage"},"thumbnailUrl":"https:\/\/magyarnapok.ro\/2024\/wp-content\/uploads\/2025\/03\/kmn2025_sajtotaj_20250319_VLB-001-scaled.jpg","inLanguage":"hu"},{"@type":"WebPage","@id":"https:\/\/magyarnapok.ro\/2024\/helyben-vagyunk\/","url":"https:\/\/magyarnapok.ro\/2024\/helyben-vagyunk\/","name":"\u201eHELYBEN VAGYUNK!\u201d - Kolozsv\u00e1ri Magyar Napok 2024","isPartOf":{"@id":"https:\/\/magyarnapok.ro\/2024\/#website"},"primaryImageOfPage":{"@id":"https:\/\/magyarnapok.ro\/2024\/helyben-vagyunk\/#primaryimage"},"image":{"@id":"https:\/\/magyarnapok.ro\/2024\/helyben-vagyunk\/#primaryimage"},"thumbnailUrl":"https:\/\/magyarnapok.ro\/2024\/wp-content\/uploads\/2025\/03\/kmn2025_sajtotaj_20250319_VLB-001-scaled.jpg","datePublished":"2025-03-19T11:53:49+00:00","dateModified":"2025-03-19T11:59:04+00:00","breadcrumb":{"@id":"https:\/\/magyarnapok.ro\/2024\/helyben-vagyunk\/#breadcrumb"},"inLanguage":"hu","potentialAction":[{"@type":"ReadAction","target":["https:\/\/magyarnapok.ro\/2024\/helyben-vagyunk\/"]}]},{"@type":"ImageObject","inLanguage":"hu","@id":"https:\/\/magyarnapok.ro\/2024\/helyben-vagyunk\/#primaryimage","url":"https:\/\/magyarnapok.ro\/2024\/wp-content\/uploads\/2025\/03\/kmn2025_sajtotaj_20250319_VLB-001-scaled.jpg","contentUrl":"https:\/\/magyarnapok.ro\/2024\/wp-content\/uploads\/2025\/03\/kmn2025_sajtotaj_20250319_VLB-001-scaled.jpg","width":2560,"height":1706},{"@type":"BreadcrumbList","@id":"https:\/\/magyarnapok.ro\/2024\/helyben-vagyunk\/#breadcrumb","itemListElement":[{"@type":"ListItem","position":1,"name":"Home","item":"https:\/\/magyarnapok.ro\/2024\/"},{"@type":"ListItem","position":2,"name":"\u201eHELYBEN VAGYUNK!\u201d"}]},{"@type":"WebSite","@id":"https:\/\/magyarnapok.ro\/2024\/#website","url":"https:\/\/magyarnapok.ro\/2024\/","name":"Kolozsv\u00e1ri Magyar Napok 2024","description":"A h\u00e9t meg a nyolc\u00e1t!","publisher":{"@id":"https:\/\/magyarnapok.ro\/2024\/#organization"},"potentialAction":[{"@type":"SearchAction","target":{"@type":"EntryPoint","urlTemplate":"https:\/\/magyarnapok.ro\/2024\/?s={search_term_string}"},"query-input":"required name=search_term_string"}],"inLanguage":"hu"},{"@type":"Organization","@id":"https:\/\/magyarnapok.ro\/2024\/#organization","name":"Kolozsv\u00e1ri Magyar Napok","url":"https:\/\/magyarnapok.ro\/2024\/","logo":{"@type":"ImageObject","inLanguage":"hu","@id":"https:\/\/magyarnapok.ro\/2024\/#\/schema\/logo\/image\/","url":"https:\/\/magyarnapok.ro\/2024\/wp-content\/uploads\/2024\/04\/kmn_15_logo.png","contentUrl":"https:\/\/magyarnapok.ro\/2024\/wp-content\/uploads\/2024\/04\/kmn_15_logo.png","width":385,"height":362,"caption":"Kolozsv\u00e1ri Magyar Napok"},"image":{"@id":"https:\/\/magyarnapok.ro\/2024\/#\/schema\/logo\/image\/"},"sameAs":["https:\/\/www.facebook.com\/magyarnapok","https:\/\/www.instagram.com\/magyarnapok\/","https:\/\/www.youtube.com\/c\/KolozsvriMagyarNapok2015"]},{"@type":"Person","@id":"https:\/\/magyarnapok.ro\/2024\/#\/schema\/person\/39759bb7df3abd349c228208b2f331ed","name":"Tor\u00f3 Tam\u00e1s","image":{"@type":"ImageObject","inLanguage":"hu","@id":"https:\/\/magyarnapok.ro\/2024\/#\/schema\/person\/image\/","url":"https:\/\/secure.gravatar.com\/avatar\/19ff2a06785e77338c55a3359901bcfac4ba2f78fa742a159b1291ba8532005a?s=96&d=mm&r=g","contentUrl":"https:\/\/secure.gravatar.com\/avatar\/19ff2a06785e77338c55a3359901bcfac4ba2f78fa742a159b1291ba8532005a?s=96&d=mm&r=g","caption":"Tor\u00f3 Tam\u00e1s"},"url":"https:\/\/magyarnapok.ro\/2024\/author\/ttamas\/"}]}},"_links":{"self":[{"href":"https:\/\/magyarnapok.ro\/2024\/wp-json\/wp\/v2\/posts\/3382","targetHints":{"allow":["GET"]}}],"collection":[{"href":"https:\/\/magyarnapok.ro\/2024\/wp-json\/wp\/v2\/posts"}],"about":[{"href":"https:\/\/magyarnapok.ro\/2024\/wp-json\/wp\/v2\/types\/post"}],"author":[{"embeddable":true,"href":"https:\/\/magyarnapok.ro\/2024\/wp-json\/wp\/v2\/users\/2"}],"replies":[{"embeddable":true,"href":"https:\/\/magyarnapok.ro\/2024\/wp-json\/wp\/v2\/comments?post=3382"}],"version-history":[{"count":2,"href":"https:\/\/magyarnapok.ro\/2024\/wp-json\/wp\/v2\/posts\/3382\/revisions"}],"predecessor-version":[{"id":3385,"href":"https:\/\/magyarnapok.ro\/2024\/wp-json\/wp\/v2\/posts\/3382\/revisions\/3385"}],"wp:featuredmedia":[{"embeddable":true,"href":"https:\/\/magyarnapok.ro\/2024\/wp-json\/wp\/v2\/media\/3384"}],"wp:attachment":[{"href":"https:\/\/magyarnapok.ro\/2024\/wp-json\/wp\/v2\/media?parent=3382"}],"wp:term":[{"taxonomy":"category","embeddable":true,"href":"https:\/\/magyarnapok.ro\/2024\/wp-json\/wp\/v2\/categories?post=3382"},{"taxonomy":"post_tag","embeddable":true,"href":"https:\/\/magyarnapok.ro\/2024\/wp-json\/wp\/v2\/tags?post=3382"}],"curies":[{"name":"wp","href":"https:\/\/api.w.org\/{rel}","templated":true}]}}