{"id":5627,"date":"2025-05-26T12:44:03","date_gmt":"2025-05-26T09:44:03","guid":{"rendered":"https:\/\/magyarnapok.ro\/2025\/?p=5627"},"modified":"2025-05-26T13:11:12","modified_gmt":"2025-05-26T10:11:12","slug":"varjak-a-jelentkezoket-augusztusban-ujra-elstartol-a-kmn-donaton-terepfutoverseny","status":"publish","type":"post","link":"https:\/\/magyarnapok.ro\/2025\/varjak-a-jelentkezoket-augusztusban-ujra-elstartol-a-kmn-donaton-terepfutoverseny\/","title":{"rendered":"V\u00e1rj\u00e1k a jelentkez\u0151ket: augusztusban \u00fajra elstartol a KMN-Donaton\u00a0Terepfut\u00f3verseny"},"content":{"rendered":"\n<p><strong>Augusztus 23-\u00e1n (szombaton) 10 \u00f3r\u00e1t\u00f3l rajtol az imm\u00e1r hetedik KMN-Donaton&nbsp;Terepfut\u00f3verseny, amely az id\u00e9n tizenhatodik kiad\u00e1s\u00e1hoz \u00e9rkez\u0151 Kolozsv\u00e1ri Magyar Napok legn\u00e9pszer\u0171bb versenye. A sportesem\u00e9nynek ism\u00e9telten a t\u00f6r\u00f6kv\u00e1g\u00e1si falum\u00fazeum ad otthont, a jelentkez\u00e9seket pedig augusztus 21-ig v\u00e1rj\u00e1k a szervez\u0151k a&nbsp;<\/strong><a href=\"http:\/\/www.donaton.ro\/\" target=\"_blank\" rel=\"noreferrer noopener\"><strong>www.donaton.ro<\/strong><\/a><strong>&nbsp;oldalon kereszt\u00fcl.&nbsp;<\/strong><\/p>\n\n\n\n<p>A kor\u00e1bbi \u00e9vekhez hasonl\u00f3an, a m\u00e1r bev\u00e1lt helysz\u00ednen, a&nbsp;Don\u00e1t-legenda sz\u00fcl\u0151f\u00f6ldj\u00e9n, a t\u00f6r\u00f6kv\u00e1g\u00e1si falum\u00fazeum (Romulus Vuia Nemzeti Etnogr\u00e1fiai Park) \u00e9s a H\u00f3ja-erd\u0151 ter\u00fclet\u00e9n m\u00e9rhetik \u00f6ssze \u00e1ll\u00f3k\u00e9pess\u00e9g\u00fcket a KMN-Donaton&nbsp;Terepfut\u00f3verseny r\u00e9sztvev\u0151i tizenegy k\u00fcl\u00f6nb\u00f6z\u0151 kateg\u00f3ri\u00e1ban \u00e9s n\u00e9gy k\u00fcl\u00f6nb\u00f6z\u0151 \u2013 1, 5, 10 \u00e9s 21 kilom\u00e9teres \u2013 t\u00e1von.<\/p>\n\n\n\n<p>Az \u00e9rdekl\u0151d\u0151k a&nbsp;<a href=\"http:\/\/www.donaton.ro\/\" target=\"_blank\" rel=\"noreferrer noopener\">www.donaton.ro<\/a>&nbsp;honlapon jelentkezhetnek \u2013 augusztus 17-\u00e9n \u00e9jf\u00e9lig kedvezm\u00e9nyes \u00e1ron: 14 \u00e9ven aluliak sz\u00e1m\u00e1ra 15 lej, 14 \u00e9ven fel\u00fclieknek pedig 30 lej a nevez\u00e9si d\u00edj. A 16. Kolozsv\u00e1ri Magyar Napok ideje alatt \u2013 augusztus 18-t\u00f3l augusztus 21-\u00e9n d\u00e9li 12 \u00f3r\u00e1ig \u2013 a norm\u00e1l nevez\u00e9si d\u00edj (14 \u00e9ven aluliaknak 25 lej, 14 \u00e9ven fel\u00fclieknek 40 lej) befizet\u00e9s\u00e9vel regisztr\u00e1lhatnak a sportos kedv\u0171 magyarnapoz\u00f3k Kolozsv\u00e1r egyik kedvenc fut\u00f3verseny\u00e9re. Tov\u00e1bbi, nevez\u00e9ssel \u00e9s nevez\u00e9si d\u00edjakkal kapcsolatos inform\u00e1ci\u00f3kat ugyancsak a&nbsp;Donaton-honlapon olvashatnak az \u00e9rdekl\u0151d\u0151k. A versenyz\u0151knek aj\u00e1nd\u00e9kcsomagot, mikrocsipes rajtsz\u00e1mot, a friss\u00edt\u0151pontokn\u00e1l vizet, gy\u00fcm\u00f6lcs\u00f6t, m\u00fczliszeletet biztos\u00edtanak, a befut\u00f3k teljes\u00edtm\u00e9ny\u00e9t pedig \u00e9remmel jutalmazz\u00e1k. A rajtcsomagokat a versenyz\u0151k augusztus 22-\u00e9n (p\u00e9nteken) 15 \u00e9s 20 \u00f3ra k\u00f6z\u00f6tt vehetik \u00e1t a f\u0151t\u00e9ri KMN Inf\u00f3pontn\u00e1l.<\/p>\n\n\n\n<p>Mint ismeretes, a legenda szerint \u2013 k\u00f6zel 400 \u00e9vvel ezel\u0151tt \u2013, \u00e9pp a H\u00f3ja-erd\u0151 ter\u00fclet\u00e9n (a KMN-Donaton&nbsp;Terepfut\u00f3verseny mai helysz\u00edn\u00e9n) legeltetett&nbsp;Don\u00e1t, aki egy \u00e9jszaka felfigyelt a T\u00f6r\u00f6kv\u00e1g\u00e1sn\u00e1l Kolozsv\u00e1r ellen vonul\u00f3 t\u00f6r\u00f6k seregre. Ezt k\u00f6vet\u0151en a h\u0151s p\u00e1sztor l\u00e9lekszakadva futott be a v\u00e1rosba, bez\u00f6rgetett a Monostor-kapun, s rohant egyenest a v\u00e1rosh\u00e1z\u00e1ra. Csak annyi ideje volt, hogy riassza a v\u00e1roslak\u00f3kat, majd holtan \u00f6sszerogyott, de a katonas\u00e1got hamar \u00f6sszetrombit\u00e1lt\u00e1k, s elkergett\u00e9k az ellens\u00e9get. Az id\u00e9n hetedik kiad\u00e1s\u00e1val jelentkez\u0151 fut\u00f3versennyel ism\u00e9t Don\u00e1t h\u0151siess\u00e9g\u00e9re eml\u00e9keznek a szervez\u0151k.<\/p>\n\n\n\n<p><\/p>\n","protected":false},"excerpt":{"rendered":"<p>Augusztus 23-\u00e1n (szombaton) 10 \u00f3r\u00e1t\u00f3l rajtol az imm\u00e1r hetedik KMN-Donaton\u00a0Terepfut\u00f3verseny<\/p>\n","protected":false},"author":2,"featured_media":5629,"comment_status":"closed","ping_status":"open","sticky":false,"template":"","format":"standard","meta":{"_acf_changed":false,"footnotes":""},"categories":[1],"tags":[],"class_list":["post-5627","post","type-post","status-publish","format-standard","has-post-thumbnail","hentry","category-egyeb"],"acf":[],"yoast_head":"<!-- This site is optimized with the Yoast SEO plugin v25.5 - https:\/\/yoast.com\/wordpress\/plugins\/seo\/ -->\n<title>V\u00e1rj\u00e1k a jelentkez\u0151ket: augusztusban \u00fajra elstartol a KMN-Donaton\u00a0Terepfut\u00f3verseny - Kolozsv\u00e1ri Magyar Napok 2025<\/title>\n<meta name=\"robots\" content=\"index, follow, max-snippet:-1, max-image-preview:large, max-video-preview:-1\" \/>\n<link rel=\"canonical\" href=\"https:\/\/magyarnapok.ro\/2025\/varjak-a-jelentkezoket-augusztusban-ujra-elstartol-a-kmn-donaton-terepfutoverseny\/\" \/>\n<meta property=\"og:locale\" content=\"hu_HU\" \/>\n<meta property=\"og:type\" content=\"article\" \/>\n<meta property=\"og:title\" content=\"V\u00e1rj\u00e1k a jelentkez\u0151ket: augusztusban \u00fajra elstartol a KMN-Donaton\u00a0Terepfut\u00f3verseny - Kolozsv\u00e1ri Magyar Napok 2025\" \/>\n<meta property=\"og:description\" content=\"Augusztus 23-\u00e1n (szombaton) 10 \u00f3r\u00e1t\u00f3l rajtol az imm\u00e1r hetedik KMN-Donaton\u00a0Terepfut\u00f3verseny\" \/>\n<meta property=\"og:url\" content=\"https:\/\/magyarnapok.ro\/2025\/varjak-a-jelentkezoket-augusztusban-ujra-elstartol-a-kmn-donaton-terepfutoverseny\/\" \/>\n<meta property=\"og:site_name\" content=\"Kolozsv\u00e1ri Magyar Napok 2025\" \/>\n<meta property=\"article:publisher\" content=\"https:\/\/www.facebook.com\/magyarnapok\" \/>\n<meta property=\"article:published_time\" content=\"2025-05-26T09:44:03+00:00\" \/>\n<meta property=\"article:modified_time\" content=\"2025-05-26T10:11:12+00:00\" \/>\n<meta property=\"og:image\" content=\"https:\/\/magyarnapok.ro\/2025\/wp-content\/uploads\/2025\/05\/1-2.jpg\" \/>\n\t<meta property=\"og:image:width\" content=\"843\" \/>\n\t<meta property=\"og:image:height\" content=\"562\" \/>\n\t<meta property=\"og:image:type\" content=\"image\/jpeg\" \/>\n<meta name=\"author\" content=\"Tor\u00f3 Tam\u00e1s\" \/>\n<meta name=\"twitter:card\" content=\"summary_large_image\" \/>\n<meta name=\"twitter:label1\" content=\"Szerz\u0151:\" \/>\n\t<meta name=\"twitter:data1\" content=\"Tor\u00f3 Tam\u00e1s\" \/>\n\t<meta name=\"twitter:label2\" content=\"Becs\u00fclt olvas\u00e1si id\u0151\" \/>\n\t<meta name=\"twitter:data2\" content=\"2 perc\" \/>\n<script type=\"application\/ld+json\" class=\"yoast-schema-graph\">{\"@context\":\"https:\/\/schema.org\",\"@graph\":[{\"@type\":\"Article\",\"@id\":\"https:\/\/magyarnapok.ro\/2025\/varjak-a-jelentkezoket-augusztusban-ujra-elstartol-a-kmn-donaton-terepfutoverseny\/#article\",\"isPartOf\":{\"@id\":\"https:\/\/magyarnapok.ro\/2025\/varjak-a-jelentkezoket-augusztusban-ujra-elstartol-a-kmn-donaton-terepfutoverseny\/\"},\"author\":{\"name\":\"Tor\u00f3 Tam\u00e1s\",\"@id\":\"https:\/\/magyarnapok.ro\/2025\/#\/schema\/person\/ee9d2387de637485e6c7a45c4643e5b1\"},\"headline\":\"V\u00e1rj\u00e1k a jelentkez\u0151ket: augusztusban \u00fajra elstartol a KMN-Donaton\u00a0Terepfut\u00f3verseny\",\"datePublished\":\"2025-05-26T09:44:03+00:00\",\"dateModified\":\"2025-05-26T10:11:12+00:00\",\"mainEntityOfPage\":{\"@id\":\"https:\/\/magyarnapok.ro\/2025\/varjak-a-jelentkezoket-augusztusban-ujra-elstartol-a-kmn-donaton-terepfutoverseny\/\"},\"wordCount\":454,\"publisher\":{\"@id\":\"https:\/\/magyarnapok.ro\/2025\/#organization\"},\"image\":{\"@id\":\"https:\/\/magyarnapok.ro\/2025\/varjak-a-jelentkezoket-augusztusban-ujra-elstartol-a-kmn-donaton-terepfutoverseny\/#primaryimage\"},\"thumbnailUrl\":\"https:\/\/magyarnapok.ro\/2025\/wp-content\/uploads\/2025\/05\/1-2.jpg\",\"inLanguage\":\"hu\"},{\"@type\":\"WebPage\",\"@id\":\"https:\/\/magyarnapok.ro\/2025\/varjak-a-jelentkezoket-augusztusban-ujra-elstartol-a-kmn-donaton-terepfutoverseny\/\",\"url\":\"https:\/\/magyarnapok.ro\/2025\/varjak-a-jelentkezoket-augusztusban-ujra-elstartol-a-kmn-donaton-terepfutoverseny\/\",\"name\":\"V\u00e1rj\u00e1k a jelentkez\u0151ket: augusztusban \u00fajra elstartol a KMN-Donaton\u00a0Terepfut\u00f3verseny - Kolozsv\u00e1ri Magyar Napok 2025\",\"isPartOf\":{\"@id\":\"https:\/\/magyarnapok.ro\/2025\/#website\"},\"primaryImageOfPage\":{\"@id\":\"https:\/\/magyarnapok.ro\/2025\/varjak-a-jelentkezoket-augusztusban-ujra-elstartol-a-kmn-donaton-terepfutoverseny\/#primaryimage\"},\"image\":{\"@id\":\"https:\/\/magyarnapok.ro\/2025\/varjak-a-jelentkezoket-augusztusban-ujra-elstartol-a-kmn-donaton-terepfutoverseny\/#primaryimage\"},\"thumbnailUrl\":\"https:\/\/magyarnapok.ro\/2025\/wp-content\/uploads\/2025\/05\/1-2.jpg\",\"datePublished\":\"2025-05-26T09:44:03+00:00\",\"dateModified\":\"2025-05-26T10:11:12+00:00\",\"breadcrumb\":{\"@id\":\"https:\/\/magyarnapok.ro\/2025\/varjak-a-jelentkezoket-augusztusban-ujra-elstartol-a-kmn-donaton-terepfutoverseny\/#breadcrumb\"},\"inLanguage\":\"hu\",\"potentialAction\":[{\"@type\":\"ReadAction\",\"target\":[\"https:\/\/magyarnapok.ro\/2025\/varjak-a-jelentkezoket-augusztusban-ujra-elstartol-a-kmn-donaton-terepfutoverseny\/\"]}]},{\"@type\":\"ImageObject\",\"inLanguage\":\"hu\",\"@id\":\"https:\/\/magyarnapok.ro\/2025\/varjak-a-jelentkezoket-augusztusban-ujra-elstartol-a-kmn-donaton-terepfutoverseny\/#primaryimage\",\"url\":\"https:\/\/magyarnapok.ro\/2025\/wp-content\/uploads\/2025\/05\/1-2.jpg\",\"contentUrl\":\"https:\/\/magyarnapok.ro\/2025\/wp-content\/uploads\/2025\/05\/1-2.jpg\",\"width\":843,\"height\":562},{\"@type\":\"BreadcrumbList\",\"@id\":\"https:\/\/magyarnapok.ro\/2025\/varjak-a-jelentkezoket-augusztusban-ujra-elstartol-a-kmn-donaton-terepfutoverseny\/#breadcrumb\",\"itemListElement\":[{\"@type\":\"ListItem\",\"position\":1,\"name\":\"Kezd\u0151lap\",\"item\":\"https:\/\/magyarnapok.ro\/2025\/\"},{\"@type\":\"ListItem\",\"position\":2,\"name\":\"V\u00e1rj\u00e1k a jelentkez\u0151ket: augusztusban \u00fajra elstartol a KMN-Donaton\u00a0Terepfut\u00f3verseny\"}]},{\"@type\":\"WebSite\",\"@id\":\"https:\/\/magyarnapok.ro\/2025\/#website\",\"url\":\"https:\/\/magyarnapok.ro\/2025\/\",\"name\":\"Kolozsv\u00e1ri Magyar Napok 2025\",\"description\":\"Helyben vagyunk!\",\"publisher\":{\"@id\":\"https:\/\/magyarnapok.ro\/2025\/#organization\"},\"potentialAction\":[{\"@type\":\"SearchAction\",\"target\":{\"@type\":\"EntryPoint\",\"urlTemplate\":\"https:\/\/magyarnapok.ro\/2025\/?s={search_term_string}\"},\"query-input\":{\"@type\":\"PropertyValueSpecification\",\"valueRequired\":true,\"valueName\":\"search_term_string\"}}],\"inLanguage\":\"hu\"},{\"@type\":\"Organization\",\"@id\":\"https:\/\/magyarnapok.ro\/2025\/#organization\",\"name\":\"Kolozsv\u00e1ri Magyar Napok 2025\",\"url\":\"https:\/\/magyarnapok.ro\/2025\/\",\"logo\":{\"@type\":\"ImageObject\",\"inLanguage\":\"hu\",\"@id\":\"https:\/\/magyarnapok.ro\/2025\/#\/schema\/logo\/image\/\",\"url\":\"https:\/\/magyarnapok.ro\/2025\/wp-content\/uploads\/2024\/03\/KMN2023-www-logo-01.png\",\"contentUrl\":\"https:\/\/magyarnapok.ro\/2025\/wp-content\/uploads\/2024\/03\/KMN2023-www-logo-01.png\",\"width\":762,\"height\":589,\"caption\":\"Kolozsv\u00e1ri Magyar Napok 2025\"},\"image\":{\"@id\":\"https:\/\/magyarnapok.ro\/2025\/#\/schema\/logo\/image\/\"},\"sameAs\":[\"https:\/\/www.facebook.com\/magyarnapok\",\"https:\/\/www.instagram.com\/magyarnapok\/\",\"https:\/\/www.youtube.com\/c\/KolozsvriMagyarNapok2015\",\"https:\/\/www.tiktok.com\/@kmn_kolozsvar\"]},{\"@type\":\"Person\",\"@id\":\"https:\/\/magyarnapok.ro\/2025\/#\/schema\/person\/ee9d2387de637485e6c7a45c4643e5b1\",\"name\":\"Tor\u00f3 Tam\u00e1s\",\"image\":{\"@type\":\"ImageObject\",\"inLanguage\":\"hu\",\"@id\":\"https:\/\/magyarnapok.ro\/2025\/#\/schema\/person\/image\/\",\"url\":\"https:\/\/secure.gravatar.com\/avatar\/19ff2a06785e77338c55a3359901bcfac4ba2f78fa742a159b1291ba8532005a?s=96&d=mm&r=g\",\"contentUrl\":\"https:\/\/secure.gravatar.com\/avatar\/19ff2a06785e77338c55a3359901bcfac4ba2f78fa742a159b1291ba8532005a?s=96&d=mm&r=g\",\"caption\":\"Tor\u00f3 Tam\u00e1s\"},\"url\":\"https:\/\/magyarnapok.ro\/2025\/author\/ttamas\/\"}]}<\/script>\n<!-- \/ Yoast SEO plugin. -->","yoast_head_json":{"title":"V\u00e1rj\u00e1k a jelentkez\u0151ket: augusztusban \u00fajra elstartol a KMN-Donaton\u00a0Terepfut\u00f3verseny - Kolozsv\u00e1ri Magyar Napok 2025","robots":{"index":"index","follow":"follow","max-snippet":"max-snippet:-1","max-image-preview":"max-image-preview:large","max-video-preview":"max-video-preview:-1"},"canonical":"https:\/\/magyarnapok.ro\/2025\/varjak-a-jelentkezoket-augusztusban-ujra-elstartol-a-kmn-donaton-terepfutoverseny\/","og_locale":"hu_HU","og_type":"article","og_title":"V\u00e1rj\u00e1k a jelentkez\u0151ket: augusztusban \u00fajra elstartol a KMN-Donaton\u00a0Terepfut\u00f3verseny - Kolozsv\u00e1ri Magyar Napok 2025","og_description":"Augusztus 23-\u00e1n (szombaton) 10 \u00f3r\u00e1t\u00f3l rajtol az imm\u00e1r hetedik KMN-Donaton\u00a0Terepfut\u00f3verseny","og_url":"https:\/\/magyarnapok.ro\/2025\/varjak-a-jelentkezoket-augusztusban-ujra-elstartol-a-kmn-donaton-terepfutoverseny\/","og_site_name":"Kolozsv\u00e1ri Magyar Napok 2025","article_publisher":"https:\/\/www.facebook.com\/magyarnapok","article_published_time":"2025-05-26T09:44:03+00:00","article_modified_time":"2025-05-26T10:11:12+00:00","og_image":[{"width":843,"height":562,"url":"https:\/\/magyarnapok.ro\/2025\/wp-content\/uploads\/2025\/05\/1-2.jpg","type":"image\/jpeg"}],"author":"Tor\u00f3 Tam\u00e1s","twitter_card":"summary_large_image","twitter_misc":{"Szerz\u0151:":"Tor\u00f3 Tam\u00e1s","Becs\u00fclt olvas\u00e1si id\u0151":"2 perc"},"schema":{"@context":"https:\/\/schema.org","@graph":[{"@type":"Article","@id":"https:\/\/magyarnapok.ro\/2025\/varjak-a-jelentkezoket-augusztusban-ujra-elstartol-a-kmn-donaton-terepfutoverseny\/#article","isPartOf":{"@id":"https:\/\/magyarnapok.ro\/2025\/varjak-a-jelentkezoket-augusztusban-ujra-elstartol-a-kmn-donaton-terepfutoverseny\/"},"author":{"name":"Tor\u00f3 Tam\u00e1s","@id":"https:\/\/magyarnapok.ro\/2025\/#\/schema\/person\/ee9d2387de637485e6c7a45c4643e5b1"},"headline":"V\u00e1rj\u00e1k a jelentkez\u0151ket: augusztusban \u00fajra elstartol a KMN-Donaton\u00a0Terepfut\u00f3verseny","datePublished":"2025-05-26T09:44:03+00:00","dateModified":"2025-05-26T10:11:12+00:00","mainEntityOfPage":{"@id":"https:\/\/magyarnapok.ro\/2025\/varjak-a-jelentkezoket-augusztusban-ujra-elstartol-a-kmn-donaton-terepfutoverseny\/"},"wordCount":454,"publisher":{"@id":"https:\/\/magyarnapok.ro\/2025\/#organization"},"image":{"@id":"https:\/\/magyarnapok.ro\/2025\/varjak-a-jelentkezoket-augusztusban-ujra-elstartol-a-kmn-donaton-terepfutoverseny\/#primaryimage"},"thumbnailUrl":"https:\/\/magyarnapok.ro\/2025\/wp-content\/uploads\/2025\/05\/1-2.jpg","inLanguage":"hu"},{"@type":"WebPage","@id":"https:\/\/magyarnapok.ro\/2025\/varjak-a-jelentkezoket-augusztusban-ujra-elstartol-a-kmn-donaton-terepfutoverseny\/","url":"https:\/\/magyarnapok.ro\/2025\/varjak-a-jelentkezoket-augusztusban-ujra-elstartol-a-kmn-donaton-terepfutoverseny\/","name":"V\u00e1rj\u00e1k a jelentkez\u0151ket: augusztusban \u00fajra elstartol a KMN-Donaton\u00a0Terepfut\u00f3verseny - Kolozsv\u00e1ri Magyar Napok 2025","isPartOf":{"@id":"https:\/\/magyarnapok.ro\/2025\/#website"},"primaryImageOfPage":{"@id":"https:\/\/magyarnapok.ro\/2025\/varjak-a-jelentkezoket-augusztusban-ujra-elstartol-a-kmn-donaton-terepfutoverseny\/#primaryimage"},"image":{"@id":"https:\/\/magyarnapok.ro\/2025\/varjak-a-jelentkezoket-augusztusban-ujra-elstartol-a-kmn-donaton-terepfutoverseny\/#primaryimage"},"thumbnailUrl":"https:\/\/magyarnapok.ro\/2025\/wp-content\/uploads\/2025\/05\/1-2.jpg","datePublished":"2025-05-26T09:44:03+00:00","dateModified":"2025-05-26T10:11:12+00:00","breadcrumb":{"@id":"https:\/\/magyarnapok.ro\/2025\/varjak-a-jelentkezoket-augusztusban-ujra-elstartol-a-kmn-donaton-terepfutoverseny\/#breadcrumb"},"inLanguage":"hu","potentialAction":[{"@type":"ReadAction","target":["https:\/\/magyarnapok.ro\/2025\/varjak-a-jelentkezoket-augusztusban-ujra-elstartol-a-kmn-donaton-terepfutoverseny\/"]}]},{"@type":"ImageObject","inLanguage":"hu","@id":"https:\/\/magyarnapok.ro\/2025\/varjak-a-jelentkezoket-augusztusban-ujra-elstartol-a-kmn-donaton-terepfutoverseny\/#primaryimage","url":"https:\/\/magyarnapok.ro\/2025\/wp-content\/uploads\/2025\/05\/1-2.jpg","contentUrl":"https:\/\/magyarnapok.ro\/2025\/wp-content\/uploads\/2025\/05\/1-2.jpg","width":843,"height":562},{"@type":"BreadcrumbList","@id":"https:\/\/magyarnapok.ro\/2025\/varjak-a-jelentkezoket-augusztusban-ujra-elstartol-a-kmn-donaton-terepfutoverseny\/#breadcrumb","itemListElement":[{"@type":"ListItem","position":1,"name":"Kezd\u0151lap","item":"https:\/\/magyarnapok.ro\/2025\/"},{"@type":"ListItem","position":2,"name":"V\u00e1rj\u00e1k a jelentkez\u0151ket: augusztusban \u00fajra elstartol a KMN-Donaton\u00a0Terepfut\u00f3verseny"}]},{"@type":"WebSite","@id":"https:\/\/magyarnapok.ro\/2025\/#website","url":"https:\/\/magyarnapok.ro\/2025\/","name":"Kolozsv\u00e1ri Magyar Napok 2025","description":"Helyben vagyunk!","publisher":{"@id":"https:\/\/magyarnapok.ro\/2025\/#organization"},"potentialAction":[{"@type":"SearchAction","target":{"@type":"EntryPoint","urlTemplate":"https:\/\/magyarnapok.ro\/2025\/?s={search_term_string}"},"query-input":{"@type":"PropertyValueSpecification","valueRequired":true,"valueName":"search_term_string"}}],"inLanguage":"hu"},{"@type":"Organization","@id":"https:\/\/magyarnapok.ro\/2025\/#organization","name":"Kolozsv\u00e1ri Magyar Napok 2025","url":"https:\/\/magyarnapok.ro\/2025\/","logo":{"@type":"ImageObject","inLanguage":"hu","@id":"https:\/\/magyarnapok.ro\/2025\/#\/schema\/logo\/image\/","url":"https:\/\/magyarnapok.ro\/2025\/wp-content\/uploads\/2024\/03\/KMN2023-www-logo-01.png","contentUrl":"https:\/\/magyarnapok.ro\/2025\/wp-content\/uploads\/2024\/03\/KMN2023-www-logo-01.png","width":762,"height":589,"caption":"Kolozsv\u00e1ri Magyar Napok 2025"},"image":{"@id":"https:\/\/magyarnapok.ro\/2025\/#\/schema\/logo\/image\/"},"sameAs":["https:\/\/www.facebook.com\/magyarnapok","https:\/\/www.instagram.com\/magyarnapok\/","https:\/\/www.youtube.com\/c\/KolozsvriMagyarNapok2015","https:\/\/www.tiktok.com\/@kmn_kolozsvar"]},{"@type":"Person","@id":"https:\/\/magyarnapok.ro\/2025\/#\/schema\/person\/ee9d2387de637485e6c7a45c4643e5b1","name":"Tor\u00f3 Tam\u00e1s","image":{"@type":"ImageObject","inLanguage":"hu","@id":"https:\/\/magyarnapok.ro\/2025\/#\/schema\/person\/image\/","url":"https:\/\/secure.gravatar.com\/avatar\/19ff2a06785e77338c55a3359901bcfac4ba2f78fa742a159b1291ba8532005a?s=96&d=mm&r=g","contentUrl":"https:\/\/secure.gravatar.com\/avatar\/19ff2a06785e77338c55a3359901bcfac4ba2f78fa742a159b1291ba8532005a?s=96&d=mm&r=g","caption":"Tor\u00f3 Tam\u00e1s"},"url":"https:\/\/magyarnapok.ro\/2025\/author\/ttamas\/"}]}},"lang":"hu","translations":{"hu":5627},"pll_sync_post":[],"_links":{"self":[{"href":"https:\/\/magyarnapok.ro\/2025\/wp-json\/wp\/v2\/posts\/5627","targetHints":{"allow":["GET"]}}],"collection":[{"href":"https:\/\/magyarnapok.ro\/2025\/wp-json\/wp\/v2\/posts"}],"about":[{"href":"https:\/\/magyarnapok.ro\/2025\/wp-json\/wp\/v2\/types\/post"}],"author":[{"embeddable":true,"href":"https:\/\/magyarnapok.ro\/2025\/wp-json\/wp\/v2\/users\/2"}],"replies":[{"embeddable":true,"href":"https:\/\/magyarnapok.ro\/2025\/wp-json\/wp\/v2\/comments?post=5627"}],"version-history":[{"count":2,"href":"https:\/\/magyarnapok.ro\/2025\/wp-json\/wp\/v2\/posts\/5627\/revisions"}],"predecessor-version":[{"id":5630,"href":"https:\/\/magyarnapok.ro\/2025\/wp-json\/wp\/v2\/posts\/5627\/revisions\/5630"}],"wp:featuredmedia":[{"embeddable":true,"href":"https:\/\/magyarnapok.ro\/2025\/wp-json\/wp\/v2\/media\/5629"}],"wp:attachment":[{"href":"https:\/\/magyarnapok.ro\/2025\/wp-json\/wp\/v2\/media?parent=5627"}],"wp:term":[{"taxonomy":"category","embeddable":true,"href":"https:\/\/magyarnapok.ro\/2025\/wp-json\/wp\/v2\/categories?post=5627"},{"taxonomy":"post_tag","embeddable":true,"href":"https:\/\/magyarnapok.ro\/2025\/wp-json\/wp\/v2\/tags?post=5627"}],"curies":[{"name":"wp","href":"https:\/\/api.w.org\/{rel}","templated":true}]}}