{"id":8680,"date":"2025-08-17T17:12:30","date_gmt":"2025-08-17T14:12:30","guid":{"rendered":"https:\/\/magyarnapok.ro\/2025\/?p=8680"},"modified":"2025-08-17T17:12:30","modified_gmt":"2025-08-17T14:12:30","slug":"pillanatnyi-rogzitese-a-jelen-kolozsvarjanak-bemutattak-a-kincses","status":"publish","type":"post","link":"https:\/\/magyarnapok.ro\/2025\/pillanatnyi-rogzitese-a-jelen-kolozsvarjanak-bemutattak-a-kincses\/","title":{"rendered":"Pillanatnyi r\u00f6gz\u00edt\u00e9se a jelen Kolozsv\u00e1rj\u00e1nak \u2013 bemutatt\u00e1k a Kincses"},"content":{"rendered":"\n<p><strong>A 16. Kolozsv\u00e1ri Magyar Napok egyik els\u0151 esem\u00e9nyek\u00e9nt, az \u00faj programhelysz\u00ednk\u00e9nt jelentkez\u0151 B\u00e1nffy Mikl\u00f3s Operast\u00fadi\u00f3ban mutatt\u00e1k be augusztus 16-\u00e1n \u2013 a Kincses Kolozsv\u00e1r Egyes\u00fclet szervez\u00e9s\u00e9ben \u2013 a Kincses Kolozsv\u00e1r Kalend\u00e1rium\u00e1nak leg\u00fajabb kiad\u00e1s\u00e1t. A k\u00f6tetbemutat\u00f3n a szerz\u0151k k\u00f6z\u00fcl jelen volt Egyed Emese, Both\u00e1zi M\u00e1ria, H. Szab\u00f3 Gyula, Ga\u00e1l Gy\u00f6rgy, Kov\u00e1cs Zsolt, Kov\u00e1cs S\u00e1ndor \u00e9s Nagy B\u00e9la is.<\/strong><\/p>\n\n\n\n<p>H. Szab\u00f3 Gyula a kiadv\u00e1nnyal kapcsolatban kiemelte, hogy a kalend\u00e1rium k\u00f6veti a 2012-ben kialak\u00edtott form\u00e1tumot, amelyben a k\u00fcl\u00f6nf\u00e9le rovatok (Visszatekint\u0151, Kolozsv\u00e1ri Kincsek, Kolozsv\u00e1ri Pantheon, \u00cdr\u00f3k-K\u00f6lt\u0151k V\u00e1rosa, Sport) tulajdonk\u00e9ppen egyet jelentenek a kolozsv\u00e1ri m\u00faltban val\u00f3 megmer\u00edtkez\u00e9ssel. Demeter Zsuzsa kijelentette: \u201emaga a k\u00f6tet nem is nek\u00fcnk sz\u00f3l, hanem a j\u00f6v\u0151nek, val\u00f3j\u00e1ban egy pillanatnyi r\u00f6gz\u00edt\u00e9se a jelenb\u00e9li Kolozsv\u00e1rnak\u201d. A sz\u00e9pirodalmi rovat sz\u00f6vegei a Helikon \u00e9s az Erd\u00e9lyi Magyar \u00cdr\u00f3k Lig\u00e1j\u00e1nak gondoz\u00e1s\u00e1ban jelentek meg, ugyanakkor a kalend\u00e1riumban id\u00e9n 12 n\u0151i szerz\u0151t\u0151l olvashatunk \u00edr\u00e1sokat.<\/p>\n\n\n\n<p>Az esem\u00e9nyen Egyed Emese saj\u00e1t, Kolozsv\u00e1rhoz k\u00f6t\u0151d\u0151 <em>Sz\u00e1z sor mag\u00e1ny <\/em>c\u00edm\u0171 vers\u00e9t olvasta fel. Ga\u00e1l Gy\u00f6rgynek h\u00e1rom sz\u00f6vege is szerepel a kalend\u00e1riumban, a bemutat\u00f3n pedig kit\u00e9rt a H\u00e1zsong\u00e1rdi temet\u0151 t\u00f6rt\u00e9net\u00e9re \u00e9s a s\u00edrkerthez kapcsol\u00f3d\u00f3 szem\u00e9lyes eml\u00e9keire is. Nagy B\u00e9la is besz\u00e1molt a k\u00f6tetben megjelent sz\u00f6vegeir\u0151l, \u00e9s r\u00e9szletesen mes\u00e9lt Renner J\u00e1nosr\u00f3l \u00e9s Farkas M\u00f3zesr\u0151l, az Aranykakas b\u0151rgy\u00e1r t\u00f6rt\u00e9net\u00e9r\u0151l, illetve Rem\u00e9nyik S\u00e1ndor \u00edr\u00f3r\u00f3l \u00e9s a Gy. Szab\u00f3 B\u00e9la k\u00e9pz\u0151m\u0171v\u00e9sz \u00e1ltal szerkesztett P\u00e1sztort\u0171zr\u0151l. Kov\u00e1cs N\u00e1ndor, a lap f\u0151szerkeszt\u0151je a 165 \u00e9ves Kereszt\u00e9ny Magvet\u0151r\u0151l \u00edrt a kalend\u00e1riumba, aminek \u00e9rdekes t\u00f6rt\u00e9net\u00e9t \u00e9s a cenz\u00fara \u00e9veit is ismertette. Kov\u00e1cs Zsolt m\u0171v\u00e9szett\u00f6rt\u00e9n\u00e9sz, a Kalend\u00e1rium Negyedel\u0151 rovat\u00e1ban \u00edrt a De\u00e1k Ferenc utca (Eroilor utca) \u00e9s \u00e9p\u00fcletei t\u00f6rt\u00e9net\u00e9r\u0151l. Both\u00e1zi M\u00e1ria a Helikonban megjelent <em>A h\u00e9t, amikor nem ehettek levest az erd\u00e9lyi magyarok <\/em>c\u00edm\u0171 t\u00e1rcar\u00e9szletet olvasta fel.<\/p>\n\n\n\n<p>Demeter Zsuzsa v\u00e9gezet\u00fcl azt a k\u00e9rd\u00e9st tette fel a szerz\u0151knek, hogy mi lehetne Kolozsv\u00e1r meghat\u00e1roz\u00f3, a v\u00e1rost jellemz\u0151 int\u00e9zm\u00e9nye vagy szem\u00e9lye, aminek vagy akinek helye lehetne egy k\u00e9pzeletbeli id\u0151kapszul\u00e1ban? A v\u00e1laszok k\u00f6z\u00f6tt elhangzott: az egyik ilyen megfelel\u0151 \u201eeml\u00e9kt\u00e1rgy\u201d lehetne a Kincses Kolozsv\u00e1r Kalend\u00e1riuma vagy \u00e9pp a Kolozsv\u00e1ri Magyar Napok idei programf\u00fczete, amelyek mind-mind h\u0171 lenyomatai a kincses v\u00e1ros magyar \u00e9let\u00e9nek.<\/p>\n\n\n\n<p>A Kincses Kolozsv\u00e1r Kalend\u00e1riuma megv\u00e1s\u00e1rolhat\u00f3 65 lej\u00e9rt a f\u0151t\u00e9ri \u00e9s a Farkas utcai KMN-boltokban, a Kolozsv\u00e1ri Magyar Napokat k\u00f6vet\u0151en pedig a kolozsv\u00e1ri k\u00f6nyvesboltokban.<\/p>\n\n\n\n<p>Mih\u00e1ly Kriszta<\/p>\n","protected":false},"excerpt":{"rendered":"<p>Bemutatt\u00e1k a Kincses Kolozsv\u00e1r Kalend\u00e1rium\u00e1nak leg\u00fajabb kiad\u00e1s\u00e1t.<\/p>\n","protected":false},"author":2,"featured_media":8681,"comment_status":"closed","ping_status":"open","sticky":false,"template":"","format":"standard","meta":{"_acf_changed":false,"footnotes":""},"categories":[1],"tags":[],"class_list":["post-8680","post","type-post","status-publish","format-standard","has-post-thumbnail","hentry","category-egyeb"],"acf":[],"yoast_head":"<!-- This site is optimized with the Yoast SEO plugin v25.5 - https:\/\/yoast.com\/wordpress\/plugins\/seo\/ -->\n<title>Pillanatnyi r\u00f6gz\u00edt\u00e9se a jelen Kolozsv\u00e1rj\u00e1nak \u2013 bemutatt\u00e1k a Kincses - Kolozsv\u00e1ri Magyar Napok 2025<\/title>\n<meta name=\"robots\" content=\"index, follow, max-snippet:-1, max-image-preview:large, max-video-preview:-1\" \/>\n<link rel=\"canonical\" href=\"https:\/\/magyarnapok.ro\/2025\/pillanatnyi-rogzitese-a-jelen-kolozsvarjanak-bemutattak-a-kincses\/\" \/>\n<meta property=\"og:locale\" content=\"hu_HU\" \/>\n<meta property=\"og:type\" content=\"article\" \/>\n<meta property=\"og:title\" content=\"Pillanatnyi r\u00f6gz\u00edt\u00e9se a jelen Kolozsv\u00e1rj\u00e1nak \u2013 bemutatt\u00e1k a Kincses - Kolozsv\u00e1ri Magyar Napok 2025\" \/>\n<meta property=\"og:description\" content=\"Bemutatt\u00e1k a Kincses Kolozsv\u00e1r Kalend\u00e1rium\u00e1nak leg\u00fajabb kiad\u00e1s\u00e1t.\" \/>\n<meta property=\"og:url\" content=\"https:\/\/magyarnapok.ro\/2025\/pillanatnyi-rogzitese-a-jelen-kolozsvarjanak-bemutattak-a-kincses\/\" \/>\n<meta property=\"og:site_name\" content=\"Kolozsv\u00e1ri Magyar Napok 2025\" \/>\n<meta property=\"article:publisher\" content=\"https:\/\/www.facebook.com\/magyarnapok\" \/>\n<meta property=\"article:published_time\" content=\"2025-08-17T14:12:30+00:00\" \/>\n<meta property=\"og:image\" content=\"https:\/\/magyarnapok.ro\/2025\/wp-content\/uploads\/2025\/08\/kalendarium.jpg\" \/>\n\t<meta property=\"og:image:width\" content=\"2048\" \/>\n\t<meta property=\"og:image:height\" content=\"1364\" \/>\n\t<meta property=\"og:image:type\" content=\"image\/jpeg\" \/>\n<meta name=\"author\" content=\"Tor\u00f3 Tam\u00e1s\" \/>\n<meta name=\"twitter:card\" content=\"summary_large_image\" \/>\n<meta name=\"twitter:label1\" content=\"Szerz\u0151:\" \/>\n\t<meta name=\"twitter:data1\" content=\"Tor\u00f3 Tam\u00e1s\" \/>\n\t<meta name=\"twitter:label2\" content=\"Becs\u00fclt olvas\u00e1si id\u0151\" \/>\n\t<meta name=\"twitter:data2\" content=\"3 perc\" \/>\n<script type=\"application\/ld+json\" class=\"yoast-schema-graph\">{\"@context\":\"https:\/\/schema.org\",\"@graph\":[{\"@type\":\"Article\",\"@id\":\"https:\/\/magyarnapok.ro\/2025\/pillanatnyi-rogzitese-a-jelen-kolozsvarjanak-bemutattak-a-kincses\/#article\",\"isPartOf\":{\"@id\":\"https:\/\/magyarnapok.ro\/2025\/pillanatnyi-rogzitese-a-jelen-kolozsvarjanak-bemutattak-a-kincses\/\"},\"author\":{\"name\":\"Tor\u00f3 Tam\u00e1s\",\"@id\":\"https:\/\/magyarnapok.ro\/2025\/#\/schema\/person\/ee9d2387de637485e6c7a45c4643e5b1\"},\"headline\":\"Pillanatnyi r\u00f6gz\u00edt\u00e9se a jelen Kolozsv\u00e1rj\u00e1nak \u2013 bemutatt\u00e1k a Kincses\",\"datePublished\":\"2025-08-17T14:12:30+00:00\",\"mainEntityOfPage\":{\"@id\":\"https:\/\/magyarnapok.ro\/2025\/pillanatnyi-rogzitese-a-jelen-kolozsvarjanak-bemutattak-a-kincses\/\"},\"wordCount\":559,\"publisher\":{\"@id\":\"https:\/\/magyarnapok.ro\/2025\/#organization\"},\"image\":{\"@id\":\"https:\/\/magyarnapok.ro\/2025\/pillanatnyi-rogzitese-a-jelen-kolozsvarjanak-bemutattak-a-kincses\/#primaryimage\"},\"thumbnailUrl\":\"https:\/\/magyarnapok.ro\/2025\/wp-content\/uploads\/2025\/08\/kalendarium.jpg\",\"inLanguage\":\"hu\"},{\"@type\":\"WebPage\",\"@id\":\"https:\/\/magyarnapok.ro\/2025\/pillanatnyi-rogzitese-a-jelen-kolozsvarjanak-bemutattak-a-kincses\/\",\"url\":\"https:\/\/magyarnapok.ro\/2025\/pillanatnyi-rogzitese-a-jelen-kolozsvarjanak-bemutattak-a-kincses\/\",\"name\":\"Pillanatnyi r\u00f6gz\u00edt\u00e9se a jelen Kolozsv\u00e1rj\u00e1nak \u2013 bemutatt\u00e1k a Kincses - Kolozsv\u00e1ri Magyar Napok 2025\",\"isPartOf\":{\"@id\":\"https:\/\/magyarnapok.ro\/2025\/#website\"},\"primaryImageOfPage\":{\"@id\":\"https:\/\/magyarnapok.ro\/2025\/pillanatnyi-rogzitese-a-jelen-kolozsvarjanak-bemutattak-a-kincses\/#primaryimage\"},\"image\":{\"@id\":\"https:\/\/magyarnapok.ro\/2025\/pillanatnyi-rogzitese-a-jelen-kolozsvarjanak-bemutattak-a-kincses\/#primaryimage\"},\"thumbnailUrl\":\"https:\/\/magyarnapok.ro\/2025\/wp-content\/uploads\/2025\/08\/kalendarium.jpg\",\"datePublished\":\"2025-08-17T14:12:30+00:00\",\"breadcrumb\":{\"@id\":\"https:\/\/magyarnapok.ro\/2025\/pillanatnyi-rogzitese-a-jelen-kolozsvarjanak-bemutattak-a-kincses\/#breadcrumb\"},\"inLanguage\":\"hu\",\"potentialAction\":[{\"@type\":\"ReadAction\",\"target\":[\"https:\/\/magyarnapok.ro\/2025\/pillanatnyi-rogzitese-a-jelen-kolozsvarjanak-bemutattak-a-kincses\/\"]}]},{\"@type\":\"ImageObject\",\"inLanguage\":\"hu\",\"@id\":\"https:\/\/magyarnapok.ro\/2025\/pillanatnyi-rogzitese-a-jelen-kolozsvarjanak-bemutattak-a-kincses\/#primaryimage\",\"url\":\"https:\/\/magyarnapok.ro\/2025\/wp-content\/uploads\/2025\/08\/kalendarium.jpg\",\"contentUrl\":\"https:\/\/magyarnapok.ro\/2025\/wp-content\/uploads\/2025\/08\/kalendarium.jpg\",\"width\":2048,\"height\":1364},{\"@type\":\"BreadcrumbList\",\"@id\":\"https:\/\/magyarnapok.ro\/2025\/pillanatnyi-rogzitese-a-jelen-kolozsvarjanak-bemutattak-a-kincses\/#breadcrumb\",\"itemListElement\":[{\"@type\":\"ListItem\",\"position\":1,\"name\":\"Kezd\u0151lap\",\"item\":\"https:\/\/magyarnapok.ro\/2025\/\"},{\"@type\":\"ListItem\",\"position\":2,\"name\":\"Pillanatnyi r\u00f6gz\u00edt\u00e9se a jelen Kolozsv\u00e1rj\u00e1nak \u2013 bemutatt\u00e1k a Kincses\"}]},{\"@type\":\"WebSite\",\"@id\":\"https:\/\/magyarnapok.ro\/2025\/#website\",\"url\":\"https:\/\/magyarnapok.ro\/2025\/\",\"name\":\"Kolozsv\u00e1ri Magyar Napok 2025\",\"description\":\"Helyben vagyunk!\",\"publisher\":{\"@id\":\"https:\/\/magyarnapok.ro\/2025\/#organization\"},\"potentialAction\":[{\"@type\":\"SearchAction\",\"target\":{\"@type\":\"EntryPoint\",\"urlTemplate\":\"https:\/\/magyarnapok.ro\/2025\/?s={search_term_string}\"},\"query-input\":{\"@type\":\"PropertyValueSpecification\",\"valueRequired\":true,\"valueName\":\"search_term_string\"}}],\"inLanguage\":\"hu\"},{\"@type\":\"Organization\",\"@id\":\"https:\/\/magyarnapok.ro\/2025\/#organization\",\"name\":\"Kolozsv\u00e1ri Magyar Napok 2025\",\"url\":\"https:\/\/magyarnapok.ro\/2025\/\",\"logo\":{\"@type\":\"ImageObject\",\"inLanguage\":\"hu\",\"@id\":\"https:\/\/magyarnapok.ro\/2025\/#\/schema\/logo\/image\/\",\"url\":\"https:\/\/magyarnapok.ro\/2025\/wp-content\/uploads\/2024\/03\/KMN2023-www-logo-01.png\",\"contentUrl\":\"https:\/\/magyarnapok.ro\/2025\/wp-content\/uploads\/2024\/03\/KMN2023-www-logo-01.png\",\"width\":762,\"height\":589,\"caption\":\"Kolozsv\u00e1ri Magyar Napok 2025\"},\"image\":{\"@id\":\"https:\/\/magyarnapok.ro\/2025\/#\/schema\/logo\/image\/\"},\"sameAs\":[\"https:\/\/www.facebook.com\/magyarnapok\",\"https:\/\/www.instagram.com\/magyarnapok\/\",\"https:\/\/www.youtube.com\/c\/KolozsvriMagyarNapok2015\",\"https:\/\/www.tiktok.com\/@kmn_kolozsvar\"]},{\"@type\":\"Person\",\"@id\":\"https:\/\/magyarnapok.ro\/2025\/#\/schema\/person\/ee9d2387de637485e6c7a45c4643e5b1\",\"name\":\"Tor\u00f3 Tam\u00e1s\",\"image\":{\"@type\":\"ImageObject\",\"inLanguage\":\"hu\",\"@id\":\"https:\/\/magyarnapok.ro\/2025\/#\/schema\/person\/image\/\",\"url\":\"https:\/\/secure.gravatar.com\/avatar\/19ff2a06785e77338c55a3359901bcfac4ba2f78fa742a159b1291ba8532005a?s=96&d=mm&r=g\",\"contentUrl\":\"https:\/\/secure.gravatar.com\/avatar\/19ff2a06785e77338c55a3359901bcfac4ba2f78fa742a159b1291ba8532005a?s=96&d=mm&r=g\",\"caption\":\"Tor\u00f3 Tam\u00e1s\"},\"url\":\"https:\/\/magyarnapok.ro\/2025\/author\/ttamas\/\"}]}<\/script>\n<!-- \/ Yoast SEO plugin. -->","yoast_head_json":{"title":"Pillanatnyi r\u00f6gz\u00edt\u00e9se a jelen Kolozsv\u00e1rj\u00e1nak \u2013 bemutatt\u00e1k a Kincses - Kolozsv\u00e1ri Magyar Napok 2025","robots":{"index":"index","follow":"follow","max-snippet":"max-snippet:-1","max-image-preview":"max-image-preview:large","max-video-preview":"max-video-preview:-1"},"canonical":"https:\/\/magyarnapok.ro\/2025\/pillanatnyi-rogzitese-a-jelen-kolozsvarjanak-bemutattak-a-kincses\/","og_locale":"hu_HU","og_type":"article","og_title":"Pillanatnyi r\u00f6gz\u00edt\u00e9se a jelen Kolozsv\u00e1rj\u00e1nak \u2013 bemutatt\u00e1k a Kincses - Kolozsv\u00e1ri Magyar Napok 2025","og_description":"Bemutatt\u00e1k a Kincses Kolozsv\u00e1r Kalend\u00e1rium\u00e1nak leg\u00fajabb kiad\u00e1s\u00e1t.","og_url":"https:\/\/magyarnapok.ro\/2025\/pillanatnyi-rogzitese-a-jelen-kolozsvarjanak-bemutattak-a-kincses\/","og_site_name":"Kolozsv\u00e1ri Magyar Napok 2025","article_publisher":"https:\/\/www.facebook.com\/magyarnapok","article_published_time":"2025-08-17T14:12:30+00:00","og_image":[{"width":2048,"height":1364,"url":"https:\/\/magyarnapok.ro\/2025\/wp-content\/uploads\/2025\/08\/kalendarium.jpg","type":"image\/jpeg"}],"author":"Tor\u00f3 Tam\u00e1s","twitter_card":"summary_large_image","twitter_misc":{"Szerz\u0151:":"Tor\u00f3 Tam\u00e1s","Becs\u00fclt olvas\u00e1si id\u0151":"3 perc"},"schema":{"@context":"https:\/\/schema.org","@graph":[{"@type":"Article","@id":"https:\/\/magyarnapok.ro\/2025\/pillanatnyi-rogzitese-a-jelen-kolozsvarjanak-bemutattak-a-kincses\/#article","isPartOf":{"@id":"https:\/\/magyarnapok.ro\/2025\/pillanatnyi-rogzitese-a-jelen-kolozsvarjanak-bemutattak-a-kincses\/"},"author":{"name":"Tor\u00f3 Tam\u00e1s","@id":"https:\/\/magyarnapok.ro\/2025\/#\/schema\/person\/ee9d2387de637485e6c7a45c4643e5b1"},"headline":"Pillanatnyi r\u00f6gz\u00edt\u00e9se a jelen Kolozsv\u00e1rj\u00e1nak \u2013 bemutatt\u00e1k a Kincses","datePublished":"2025-08-17T14:12:30+00:00","mainEntityOfPage":{"@id":"https:\/\/magyarnapok.ro\/2025\/pillanatnyi-rogzitese-a-jelen-kolozsvarjanak-bemutattak-a-kincses\/"},"wordCount":559,"publisher":{"@id":"https:\/\/magyarnapok.ro\/2025\/#organization"},"image":{"@id":"https:\/\/magyarnapok.ro\/2025\/pillanatnyi-rogzitese-a-jelen-kolozsvarjanak-bemutattak-a-kincses\/#primaryimage"},"thumbnailUrl":"https:\/\/magyarnapok.ro\/2025\/wp-content\/uploads\/2025\/08\/kalendarium.jpg","inLanguage":"hu"},{"@type":"WebPage","@id":"https:\/\/magyarnapok.ro\/2025\/pillanatnyi-rogzitese-a-jelen-kolozsvarjanak-bemutattak-a-kincses\/","url":"https:\/\/magyarnapok.ro\/2025\/pillanatnyi-rogzitese-a-jelen-kolozsvarjanak-bemutattak-a-kincses\/","name":"Pillanatnyi r\u00f6gz\u00edt\u00e9se a jelen Kolozsv\u00e1rj\u00e1nak \u2013 bemutatt\u00e1k a Kincses - Kolozsv\u00e1ri Magyar Napok 2025","isPartOf":{"@id":"https:\/\/magyarnapok.ro\/2025\/#website"},"primaryImageOfPage":{"@id":"https:\/\/magyarnapok.ro\/2025\/pillanatnyi-rogzitese-a-jelen-kolozsvarjanak-bemutattak-a-kincses\/#primaryimage"},"image":{"@id":"https:\/\/magyarnapok.ro\/2025\/pillanatnyi-rogzitese-a-jelen-kolozsvarjanak-bemutattak-a-kincses\/#primaryimage"},"thumbnailUrl":"https:\/\/magyarnapok.ro\/2025\/wp-content\/uploads\/2025\/08\/kalendarium.jpg","datePublished":"2025-08-17T14:12:30+00:00","breadcrumb":{"@id":"https:\/\/magyarnapok.ro\/2025\/pillanatnyi-rogzitese-a-jelen-kolozsvarjanak-bemutattak-a-kincses\/#breadcrumb"},"inLanguage":"hu","potentialAction":[{"@type":"ReadAction","target":["https:\/\/magyarnapok.ro\/2025\/pillanatnyi-rogzitese-a-jelen-kolozsvarjanak-bemutattak-a-kincses\/"]}]},{"@type":"ImageObject","inLanguage":"hu","@id":"https:\/\/magyarnapok.ro\/2025\/pillanatnyi-rogzitese-a-jelen-kolozsvarjanak-bemutattak-a-kincses\/#primaryimage","url":"https:\/\/magyarnapok.ro\/2025\/wp-content\/uploads\/2025\/08\/kalendarium.jpg","contentUrl":"https:\/\/magyarnapok.ro\/2025\/wp-content\/uploads\/2025\/08\/kalendarium.jpg","width":2048,"height":1364},{"@type":"BreadcrumbList","@id":"https:\/\/magyarnapok.ro\/2025\/pillanatnyi-rogzitese-a-jelen-kolozsvarjanak-bemutattak-a-kincses\/#breadcrumb","itemListElement":[{"@type":"ListItem","position":1,"name":"Kezd\u0151lap","item":"https:\/\/magyarnapok.ro\/2025\/"},{"@type":"ListItem","position":2,"name":"Pillanatnyi r\u00f6gz\u00edt\u00e9se a jelen Kolozsv\u00e1rj\u00e1nak \u2013 bemutatt\u00e1k a Kincses"}]},{"@type":"WebSite","@id":"https:\/\/magyarnapok.ro\/2025\/#website","url":"https:\/\/magyarnapok.ro\/2025\/","name":"Kolozsv\u00e1ri Magyar Napok 2025","description":"Helyben vagyunk!","publisher":{"@id":"https:\/\/magyarnapok.ro\/2025\/#organization"},"potentialAction":[{"@type":"SearchAction","target":{"@type":"EntryPoint","urlTemplate":"https:\/\/magyarnapok.ro\/2025\/?s={search_term_string}"},"query-input":{"@type":"PropertyValueSpecification","valueRequired":true,"valueName":"search_term_string"}}],"inLanguage":"hu"},{"@type":"Organization","@id":"https:\/\/magyarnapok.ro\/2025\/#organization","name":"Kolozsv\u00e1ri Magyar Napok 2025","url":"https:\/\/magyarnapok.ro\/2025\/","logo":{"@type":"ImageObject","inLanguage":"hu","@id":"https:\/\/magyarnapok.ro\/2025\/#\/schema\/logo\/image\/","url":"https:\/\/magyarnapok.ro\/2025\/wp-content\/uploads\/2024\/03\/KMN2023-www-logo-01.png","contentUrl":"https:\/\/magyarnapok.ro\/2025\/wp-content\/uploads\/2024\/03\/KMN2023-www-logo-01.png","width":762,"height":589,"caption":"Kolozsv\u00e1ri Magyar Napok 2025"},"image":{"@id":"https:\/\/magyarnapok.ro\/2025\/#\/schema\/logo\/image\/"},"sameAs":["https:\/\/www.facebook.com\/magyarnapok","https:\/\/www.instagram.com\/magyarnapok\/","https:\/\/www.youtube.com\/c\/KolozsvriMagyarNapok2015","https:\/\/www.tiktok.com\/@kmn_kolozsvar"]},{"@type":"Person","@id":"https:\/\/magyarnapok.ro\/2025\/#\/schema\/person\/ee9d2387de637485e6c7a45c4643e5b1","name":"Tor\u00f3 Tam\u00e1s","image":{"@type":"ImageObject","inLanguage":"hu","@id":"https:\/\/magyarnapok.ro\/2025\/#\/schema\/person\/image\/","url":"https:\/\/secure.gravatar.com\/avatar\/19ff2a06785e77338c55a3359901bcfac4ba2f78fa742a159b1291ba8532005a?s=96&d=mm&r=g","contentUrl":"https:\/\/secure.gravatar.com\/avatar\/19ff2a06785e77338c55a3359901bcfac4ba2f78fa742a159b1291ba8532005a?s=96&d=mm&r=g","caption":"Tor\u00f3 Tam\u00e1s"},"url":"https:\/\/magyarnapok.ro\/2025\/author\/ttamas\/"}]}},"lang":"hu","translations":{"hu":8680},"pll_sync_post":[],"_links":{"self":[{"href":"https:\/\/magyarnapok.ro\/2025\/wp-json\/wp\/v2\/posts\/8680","targetHints":{"allow":["GET"]}}],"collection":[{"href":"https:\/\/magyarnapok.ro\/2025\/wp-json\/wp\/v2\/posts"}],"about":[{"href":"https:\/\/magyarnapok.ro\/2025\/wp-json\/wp\/v2\/types\/post"}],"author":[{"embeddable":true,"href":"https:\/\/magyarnapok.ro\/2025\/wp-json\/wp\/v2\/users\/2"}],"replies":[{"embeddable":true,"href":"https:\/\/magyarnapok.ro\/2025\/wp-json\/wp\/v2\/comments?post=8680"}],"version-history":[{"count":1,"href":"https:\/\/magyarnapok.ro\/2025\/wp-json\/wp\/v2\/posts\/8680\/revisions"}],"predecessor-version":[{"id":8682,"href":"https:\/\/magyarnapok.ro\/2025\/wp-json\/wp\/v2\/posts\/8680\/revisions\/8682"}],"wp:featuredmedia":[{"embeddable":true,"href":"https:\/\/magyarnapok.ro\/2025\/wp-json\/wp\/v2\/media\/8681"}],"wp:attachment":[{"href":"https:\/\/magyarnapok.ro\/2025\/wp-json\/wp\/v2\/media?parent=8680"}],"wp:term":[{"taxonomy":"category","embeddable":true,"href":"https:\/\/magyarnapok.ro\/2025\/wp-json\/wp\/v2\/categories?post=8680"},{"taxonomy":"post_tag","embeddable":true,"href":"https:\/\/magyarnapok.ro\/2025\/wp-json\/wp\/v2\/tags?post=8680"}],"curies":[{"name":"wp","href":"https:\/\/api.w.org\/{rel}","templated":true}]}}