{"id":8684,"date":"2025-08-17T19:26:43","date_gmt":"2025-08-17T16:26:43","guid":{"rendered":"https:\/\/magyarnapok.ro\/2025\/?p=8684"},"modified":"2025-08-17T19:26:43","modified_gmt":"2025-08-17T16:26:43","slug":"szaz-feher-viraggal-regi-magyar-cabaret-a-kolozsvari-magyar-napokon","status":"publish","type":"post","link":"https:\/\/magyarnapok.ro\/2025\/szaz-feher-viraggal-regi-magyar-cabaret-a-kolozsvari-magyar-napokon\/","title":{"rendered":"Sz\u00e1z feh\u00e9r vir\u00e1ggal \u2013 R\u00e9gi magyar cabaret a Kolozsv\u00e1ri Magyar Napokon"},"content":{"rendered":"\n<p><strong>A pesti polg\u00e1ri sanzon \u00e9s kabar\u00e9 m\u0171faja a 20. sz\u00e1zad els\u0151 \u00e9vtizedeiben vir\u00e1gkor\u00e1t \u00e9lte Budapesten. Ez a korszak a magyar v\u00e1rosi-polg\u00e1ri kult\u00fara egyik legjelent\u0151sebb id\u0151szaka volt, \u00e9s szerves r\u00e9szei lettek a k\u00f6nnyed, sz\u00f3rakoztat\u00f3 m\u0171fajok \u2013 k\u00fcl\u00f6n\u00f6sen a sanzon, a kabar\u00e9 \u00e9s a kupl\u00e9.<\/strong><\/p>\n\n\n\n<p>A 16. Kolozsv\u00e1ri Magyar Napok szombati napj\u00e1n sz\u00e1mos figyelemre m\u00e9lt\u00f3 programmal vette kezdet\u00e9t a b\u0151 egyhetes programsorozat. Augusztus 16-\u00e1n 19 \u00f3r\u00e1t\u00f3l a 20. sz\u00e1zadi pesti polg\u00e1ri vil\u00e1g k\u00f6zismert \u00e9s m\u00e9lt\u00e1n k\u00f6zkedvelt dalaival tal\u00e1lkozhattak az \u00e9rdekl\u0151d\u0151k: az egy\u00f3r\u00e1s <strong><em>R\u00e9gi Magyar Cabaret<\/em><\/strong> c\u00edm\u0171 produkci\u00f3 <strong>Laczk\u00f3 Vass R\u00f3bert<\/strong> sz\u00ednm\u0171v\u00e9sz \u00e9s <strong>Ol\u00e1h Csongor<\/strong> zongoram\u0171v\u00e9sz el\u0151ad\u00e1s\u00e1ban volt l\u00e1that\u00f3\u2013hallhat\u00f3<\/p>\n\n\n\n<p>Az el\u0151ad\u00e1st a kor h\u00edres dalaib\u00f3l \u00e1ll\u00edtott\u00e1k \u00f6ssze, olyan szerzem\u00e9nyekb\u0151l, amelyek kiv\u00e1l\u00f3an \u00e1br\u00e1zolj\u00e1k a XX. sz\u00e1zad els\u0151 \u00e9vtizedeinek polg\u00e1ri- \u00e9s t\u00e1rsadalmi milli\u0151j\u00e9t. A r\u00e9gi id\u0151k zenei vil\u00e1ga \u00fajra megelevenedett olyan neves komponist\u00e1k m\u0171vein kereszt\u00fcl, mint <strong>D\u00e9k\u00e1n Frigyes, N\u00e1dor Mih\u00e1ly, Pall\u00f3s Tivadar, Szirmai Albert, Reinitz B\u00e9la<\/strong> \u00e9s <strong>Weiner Istv\u00e1n<\/strong>. A korszak jelent\u0151s m\u0171v\u00e9szeinek alkot\u00e1sai mellett kiemelkednek <strong>Zerkovitz B\u00e9la<\/strong> \u00e9s <strong>Seress Rezs\u0151<\/strong> saj\u00e1tos hangulat\u00fa, sokak \u00e1ltal ismert dalai. Az el\u0151ad\u00e1s, a sz\u00ednm\u0171v\u00e9sz elmond\u00e1s szerint a \u201eone man show\u201d \u00e9s a leckeel\u0151ad\u00e1s k\u00f6z\u00f6tt mozog. A produkci\u00f3 sor\u00e1n a Laczk\u00f3 Vass R\u00f3bertt\u0151l \u00e9s alkot\u00f3t\u00e1rsait\u00f3l megszokott, magas m\u0171v\u00e9szi sz\u00ednvonalon csend\u00fcltek fel a szerzem\u00e9nyek, amelyeket az irodalmi ig\u00e9nyess\u00e9ggel meg\u00edrt pr\u00f3zai r\u00e9szek k\u00f6t\u00f6ttek \u00f6ssze.<\/p>\n\n\n\n<p>Szerelem, v\u00e1gy\u00f3d\u00e1s, megpr\u00f3b\u00e1ltat\u00e1sok \u00e9s \u0151szinte, emberi \u00f6r\u00f6m\u00f6k \u2013 az \u00e9rzelmek sz\u00e9les t\u00e1rh\u00e1z\u00e1t felvonultat\u00f3 produkci\u00f3nak telth\u00e1zas k\u00f6z\u00f6ns\u00e9g \u00f6rvendezett, az el\u0151ad\u00e1s pedig betekint\u00e9st ny\u00fajtott a kor polg\u00e1ri \u00e9let\u00e9nek mindennapjaiba. Az \u00e9rdekl\u0151d\u0151k nemcsak a magyar zenem\u0171v\u00e9szet kiemelked\u0151 alkot\u00e1sait hallhatt\u00e1k, hanem olyan ritk\u00e1bban vagy egy\u00e1ltal\u00e1n nem hallott dalokat is megismerhettek, amelyek m\u00e1ra szinte teljesen feled\u00e9sbe mer\u00fcltek.<\/p>\n\n\n\n<p>A Vall\u00e1sszabads\u00e1g H\u00e1z\u00e1nak alagsori term\u00e9ben \u00f6sszegy\u0171lt magyarnapoz\u00f3 \u00e9rdekl\u0151d\u0151k sz\u00e1ma is bizony\u00edtja, hogy napjainkban is sz\u00e9les t\u00f6megeket \u00e9rdekl\u0151 m\u0171faj az \u00f6r\u00f6k\u00e9rv\u00e9ny\u0171 magyar sanzon \u00e9s kabar\u00e9. Az est f\u00e9nypontjak\u00e9nt <strong>Zerkovitz B\u00e9la<\/strong> <em>Minden csak kom\u00e9dia<\/em> c\u00edm\u0171 dal\u00e1t a k\u00f6z\u00f6ns\u00e9g egy\u00fctt \u00e9nekelte az est fell\u00e9p\u0151ivel.<\/p>\n\n\n\n<p>Kasler Viktor<\/p>\n","protected":false},"excerpt":{"rendered":"<p> Ez a korszak a magyar v\u00e1rosi-polg\u00e1ri kult\u00fara egyik legjelent\u0151sebb id\u0151szaka volt<\/p>\n","protected":false},"author":2,"featured_media":8685,"comment_status":"closed","ping_status":"open","sticky":false,"template":"","format":"standard","meta":{"_acf_changed":false,"footnotes":""},"categories":[1],"tags":[],"class_list":["post-8684","post","type-post","status-publish","format-standard","has-post-thumbnail","hentry","category-egyeb"],"acf":[],"yoast_head":"<!-- This site is optimized with the Yoast SEO plugin v25.5 - https:\/\/yoast.com\/wordpress\/plugins\/seo\/ -->\n<title>Sz\u00e1z feh\u00e9r vir\u00e1ggal \u2013 R\u00e9gi magyar cabaret a Kolozsv\u00e1ri Magyar Napokon - Kolozsv\u00e1ri Magyar Napok 2025<\/title>\n<meta name=\"robots\" content=\"index, follow, max-snippet:-1, max-image-preview:large, max-video-preview:-1\" \/>\n<link rel=\"canonical\" href=\"https:\/\/magyarnapok.ro\/2025\/szaz-feher-viraggal-regi-magyar-cabaret-a-kolozsvari-magyar-napokon\/\" \/>\n<meta property=\"og:locale\" content=\"hu_HU\" \/>\n<meta property=\"og:type\" content=\"article\" \/>\n<meta property=\"og:title\" content=\"Sz\u00e1z feh\u00e9r vir\u00e1ggal \u2013 R\u00e9gi magyar cabaret a Kolozsv\u00e1ri Magyar Napokon - Kolozsv\u00e1ri Magyar Napok 2025\" \/>\n<meta property=\"og:description\" content=\"Ez a korszak a magyar v\u00e1rosi-polg\u00e1ri kult\u00fara egyik legjelent\u0151sebb id\u0151szaka volt\" \/>\n<meta property=\"og:url\" content=\"https:\/\/magyarnapok.ro\/2025\/szaz-feher-viraggal-regi-magyar-cabaret-a-kolozsvari-magyar-napokon\/\" \/>\n<meta property=\"og:site_name\" content=\"Kolozsv\u00e1ri Magyar Napok 2025\" \/>\n<meta property=\"article:publisher\" content=\"https:\/\/www.facebook.com\/magyarnapok\" \/>\n<meta property=\"article:published_time\" content=\"2025-08-17T16:26:43+00:00\" \/>\n<meta property=\"og:image\" content=\"https:\/\/magyarnapok.ro\/2025\/wp-content\/uploads\/2025\/08\/Khabarek.jpg\" \/>\n\t<meta property=\"og:image:width\" content=\"2048\" \/>\n\t<meta property=\"og:image:height\" content=\"1366\" \/>\n\t<meta property=\"og:image:type\" content=\"image\/jpeg\" \/>\n<meta name=\"author\" content=\"Tor\u00f3 Tam\u00e1s\" \/>\n<meta name=\"twitter:card\" content=\"summary_large_image\" \/>\n<meta name=\"twitter:label1\" content=\"Szerz\u0151:\" \/>\n\t<meta name=\"twitter:data1\" content=\"Tor\u00f3 Tam\u00e1s\" \/>\n\t<meta name=\"twitter:label2\" content=\"Becs\u00fclt olvas\u00e1si id\u0151\" \/>\n\t<meta name=\"twitter:data2\" content=\"2 perc\" \/>\n<script type=\"application\/ld+json\" class=\"yoast-schema-graph\">{\"@context\":\"https:\/\/schema.org\",\"@graph\":[{\"@type\":\"Article\",\"@id\":\"https:\/\/magyarnapok.ro\/2025\/szaz-feher-viraggal-regi-magyar-cabaret-a-kolozsvari-magyar-napokon\/#article\",\"isPartOf\":{\"@id\":\"https:\/\/magyarnapok.ro\/2025\/szaz-feher-viraggal-regi-magyar-cabaret-a-kolozsvari-magyar-napokon\/\"},\"author\":{\"name\":\"Tor\u00f3 Tam\u00e1s\",\"@id\":\"https:\/\/magyarnapok.ro\/2025\/#\/schema\/person\/ee9d2387de637485e6c7a45c4643e5b1\"},\"headline\":\"Sz\u00e1z feh\u00e9r vir\u00e1ggal \u2013 R\u00e9gi magyar cabaret a Kolozsv\u00e1ri Magyar Napokon\",\"datePublished\":\"2025-08-17T16:26:43+00:00\",\"mainEntityOfPage\":{\"@id\":\"https:\/\/magyarnapok.ro\/2025\/szaz-feher-viraggal-regi-magyar-cabaret-a-kolozsvari-magyar-napokon\/\"},\"wordCount\":485,\"publisher\":{\"@id\":\"https:\/\/magyarnapok.ro\/2025\/#organization\"},\"image\":{\"@id\":\"https:\/\/magyarnapok.ro\/2025\/szaz-feher-viraggal-regi-magyar-cabaret-a-kolozsvari-magyar-napokon\/#primaryimage\"},\"thumbnailUrl\":\"https:\/\/magyarnapok.ro\/2025\/wp-content\/uploads\/2025\/08\/Khabarek.jpg\",\"inLanguage\":\"hu\"},{\"@type\":\"WebPage\",\"@id\":\"https:\/\/magyarnapok.ro\/2025\/szaz-feher-viraggal-regi-magyar-cabaret-a-kolozsvari-magyar-napokon\/\",\"url\":\"https:\/\/magyarnapok.ro\/2025\/szaz-feher-viraggal-regi-magyar-cabaret-a-kolozsvari-magyar-napokon\/\",\"name\":\"Sz\u00e1z feh\u00e9r vir\u00e1ggal \u2013 R\u00e9gi magyar cabaret a Kolozsv\u00e1ri Magyar Napokon - Kolozsv\u00e1ri Magyar Napok 2025\",\"isPartOf\":{\"@id\":\"https:\/\/magyarnapok.ro\/2025\/#website\"},\"primaryImageOfPage\":{\"@id\":\"https:\/\/magyarnapok.ro\/2025\/szaz-feher-viraggal-regi-magyar-cabaret-a-kolozsvari-magyar-napokon\/#primaryimage\"},\"image\":{\"@id\":\"https:\/\/magyarnapok.ro\/2025\/szaz-feher-viraggal-regi-magyar-cabaret-a-kolozsvari-magyar-napokon\/#primaryimage\"},\"thumbnailUrl\":\"https:\/\/magyarnapok.ro\/2025\/wp-content\/uploads\/2025\/08\/Khabarek.jpg\",\"datePublished\":\"2025-08-17T16:26:43+00:00\",\"breadcrumb\":{\"@id\":\"https:\/\/magyarnapok.ro\/2025\/szaz-feher-viraggal-regi-magyar-cabaret-a-kolozsvari-magyar-napokon\/#breadcrumb\"},\"inLanguage\":\"hu\",\"potentialAction\":[{\"@type\":\"ReadAction\",\"target\":[\"https:\/\/magyarnapok.ro\/2025\/szaz-feher-viraggal-regi-magyar-cabaret-a-kolozsvari-magyar-napokon\/\"]}]},{\"@type\":\"ImageObject\",\"inLanguage\":\"hu\",\"@id\":\"https:\/\/magyarnapok.ro\/2025\/szaz-feher-viraggal-regi-magyar-cabaret-a-kolozsvari-magyar-napokon\/#primaryimage\",\"url\":\"https:\/\/magyarnapok.ro\/2025\/wp-content\/uploads\/2025\/08\/Khabarek.jpg\",\"contentUrl\":\"https:\/\/magyarnapok.ro\/2025\/wp-content\/uploads\/2025\/08\/Khabarek.jpg\",\"width\":2048,\"height\":1366},{\"@type\":\"BreadcrumbList\",\"@id\":\"https:\/\/magyarnapok.ro\/2025\/szaz-feher-viraggal-regi-magyar-cabaret-a-kolozsvari-magyar-napokon\/#breadcrumb\",\"itemListElement\":[{\"@type\":\"ListItem\",\"position\":1,\"name\":\"Kezd\u0151lap\",\"item\":\"https:\/\/magyarnapok.ro\/2025\/\"},{\"@type\":\"ListItem\",\"position\":2,\"name\":\"Sz\u00e1z feh\u00e9r vir\u00e1ggal \u2013 R\u00e9gi magyar cabaret a Kolozsv\u00e1ri Magyar Napokon\"}]},{\"@type\":\"WebSite\",\"@id\":\"https:\/\/magyarnapok.ro\/2025\/#website\",\"url\":\"https:\/\/magyarnapok.ro\/2025\/\",\"name\":\"Kolozsv\u00e1ri Magyar Napok 2025\",\"description\":\"Helyben vagyunk!\",\"publisher\":{\"@id\":\"https:\/\/magyarnapok.ro\/2025\/#organization\"},\"potentialAction\":[{\"@type\":\"SearchAction\",\"target\":{\"@type\":\"EntryPoint\",\"urlTemplate\":\"https:\/\/magyarnapok.ro\/2025\/?s={search_term_string}\"},\"query-input\":{\"@type\":\"PropertyValueSpecification\",\"valueRequired\":true,\"valueName\":\"search_term_string\"}}],\"inLanguage\":\"hu\"},{\"@type\":\"Organization\",\"@id\":\"https:\/\/magyarnapok.ro\/2025\/#organization\",\"name\":\"Kolozsv\u00e1ri Magyar Napok 2025\",\"url\":\"https:\/\/magyarnapok.ro\/2025\/\",\"logo\":{\"@type\":\"ImageObject\",\"inLanguage\":\"hu\",\"@id\":\"https:\/\/magyarnapok.ro\/2025\/#\/schema\/logo\/image\/\",\"url\":\"https:\/\/magyarnapok.ro\/2025\/wp-content\/uploads\/2024\/03\/KMN2023-www-logo-01.png\",\"contentUrl\":\"https:\/\/magyarnapok.ro\/2025\/wp-content\/uploads\/2024\/03\/KMN2023-www-logo-01.png\",\"width\":762,\"height\":589,\"caption\":\"Kolozsv\u00e1ri Magyar Napok 2025\"},\"image\":{\"@id\":\"https:\/\/magyarnapok.ro\/2025\/#\/schema\/logo\/image\/\"},\"sameAs\":[\"https:\/\/www.facebook.com\/magyarnapok\",\"https:\/\/www.instagram.com\/magyarnapok\/\",\"https:\/\/www.youtube.com\/c\/KolozsvriMagyarNapok2015\",\"https:\/\/www.tiktok.com\/@kmn_kolozsvar\"]},{\"@type\":\"Person\",\"@id\":\"https:\/\/magyarnapok.ro\/2025\/#\/schema\/person\/ee9d2387de637485e6c7a45c4643e5b1\",\"name\":\"Tor\u00f3 Tam\u00e1s\",\"image\":{\"@type\":\"ImageObject\",\"inLanguage\":\"hu\",\"@id\":\"https:\/\/magyarnapok.ro\/2025\/#\/schema\/person\/image\/\",\"url\":\"https:\/\/secure.gravatar.com\/avatar\/19ff2a06785e77338c55a3359901bcfac4ba2f78fa742a159b1291ba8532005a?s=96&d=mm&r=g\",\"contentUrl\":\"https:\/\/secure.gravatar.com\/avatar\/19ff2a06785e77338c55a3359901bcfac4ba2f78fa742a159b1291ba8532005a?s=96&d=mm&r=g\",\"caption\":\"Tor\u00f3 Tam\u00e1s\"},\"url\":\"https:\/\/magyarnapok.ro\/2025\/author\/ttamas\/\"}]}<\/script>\n<!-- \/ Yoast SEO plugin. -->","yoast_head_json":{"title":"Sz\u00e1z feh\u00e9r vir\u00e1ggal \u2013 R\u00e9gi magyar cabaret a Kolozsv\u00e1ri Magyar Napokon - Kolozsv\u00e1ri Magyar Napok 2025","robots":{"index":"index","follow":"follow","max-snippet":"max-snippet:-1","max-image-preview":"max-image-preview:large","max-video-preview":"max-video-preview:-1"},"canonical":"https:\/\/magyarnapok.ro\/2025\/szaz-feher-viraggal-regi-magyar-cabaret-a-kolozsvari-magyar-napokon\/","og_locale":"hu_HU","og_type":"article","og_title":"Sz\u00e1z feh\u00e9r vir\u00e1ggal \u2013 R\u00e9gi magyar cabaret a Kolozsv\u00e1ri Magyar Napokon - Kolozsv\u00e1ri Magyar Napok 2025","og_description":"Ez a korszak a magyar v\u00e1rosi-polg\u00e1ri kult\u00fara egyik legjelent\u0151sebb id\u0151szaka volt","og_url":"https:\/\/magyarnapok.ro\/2025\/szaz-feher-viraggal-regi-magyar-cabaret-a-kolozsvari-magyar-napokon\/","og_site_name":"Kolozsv\u00e1ri Magyar Napok 2025","article_publisher":"https:\/\/www.facebook.com\/magyarnapok","article_published_time":"2025-08-17T16:26:43+00:00","og_image":[{"width":2048,"height":1366,"url":"https:\/\/magyarnapok.ro\/2025\/wp-content\/uploads\/2025\/08\/Khabarek.jpg","type":"image\/jpeg"}],"author":"Tor\u00f3 Tam\u00e1s","twitter_card":"summary_large_image","twitter_misc":{"Szerz\u0151:":"Tor\u00f3 Tam\u00e1s","Becs\u00fclt olvas\u00e1si id\u0151":"2 perc"},"schema":{"@context":"https:\/\/schema.org","@graph":[{"@type":"Article","@id":"https:\/\/magyarnapok.ro\/2025\/szaz-feher-viraggal-regi-magyar-cabaret-a-kolozsvari-magyar-napokon\/#article","isPartOf":{"@id":"https:\/\/magyarnapok.ro\/2025\/szaz-feher-viraggal-regi-magyar-cabaret-a-kolozsvari-magyar-napokon\/"},"author":{"name":"Tor\u00f3 Tam\u00e1s","@id":"https:\/\/magyarnapok.ro\/2025\/#\/schema\/person\/ee9d2387de637485e6c7a45c4643e5b1"},"headline":"Sz\u00e1z feh\u00e9r vir\u00e1ggal \u2013 R\u00e9gi magyar cabaret a Kolozsv\u00e1ri Magyar Napokon","datePublished":"2025-08-17T16:26:43+00:00","mainEntityOfPage":{"@id":"https:\/\/magyarnapok.ro\/2025\/szaz-feher-viraggal-regi-magyar-cabaret-a-kolozsvari-magyar-napokon\/"},"wordCount":485,"publisher":{"@id":"https:\/\/magyarnapok.ro\/2025\/#organization"},"image":{"@id":"https:\/\/magyarnapok.ro\/2025\/szaz-feher-viraggal-regi-magyar-cabaret-a-kolozsvari-magyar-napokon\/#primaryimage"},"thumbnailUrl":"https:\/\/magyarnapok.ro\/2025\/wp-content\/uploads\/2025\/08\/Khabarek.jpg","inLanguage":"hu"},{"@type":"WebPage","@id":"https:\/\/magyarnapok.ro\/2025\/szaz-feher-viraggal-regi-magyar-cabaret-a-kolozsvari-magyar-napokon\/","url":"https:\/\/magyarnapok.ro\/2025\/szaz-feher-viraggal-regi-magyar-cabaret-a-kolozsvari-magyar-napokon\/","name":"Sz\u00e1z feh\u00e9r vir\u00e1ggal \u2013 R\u00e9gi magyar cabaret a Kolozsv\u00e1ri Magyar Napokon - Kolozsv\u00e1ri Magyar Napok 2025","isPartOf":{"@id":"https:\/\/magyarnapok.ro\/2025\/#website"},"primaryImageOfPage":{"@id":"https:\/\/magyarnapok.ro\/2025\/szaz-feher-viraggal-regi-magyar-cabaret-a-kolozsvari-magyar-napokon\/#primaryimage"},"image":{"@id":"https:\/\/magyarnapok.ro\/2025\/szaz-feher-viraggal-regi-magyar-cabaret-a-kolozsvari-magyar-napokon\/#primaryimage"},"thumbnailUrl":"https:\/\/magyarnapok.ro\/2025\/wp-content\/uploads\/2025\/08\/Khabarek.jpg","datePublished":"2025-08-17T16:26:43+00:00","breadcrumb":{"@id":"https:\/\/magyarnapok.ro\/2025\/szaz-feher-viraggal-regi-magyar-cabaret-a-kolozsvari-magyar-napokon\/#breadcrumb"},"inLanguage":"hu","potentialAction":[{"@type":"ReadAction","target":["https:\/\/magyarnapok.ro\/2025\/szaz-feher-viraggal-regi-magyar-cabaret-a-kolozsvari-magyar-napokon\/"]}]},{"@type":"ImageObject","inLanguage":"hu","@id":"https:\/\/magyarnapok.ro\/2025\/szaz-feher-viraggal-regi-magyar-cabaret-a-kolozsvari-magyar-napokon\/#primaryimage","url":"https:\/\/magyarnapok.ro\/2025\/wp-content\/uploads\/2025\/08\/Khabarek.jpg","contentUrl":"https:\/\/magyarnapok.ro\/2025\/wp-content\/uploads\/2025\/08\/Khabarek.jpg","width":2048,"height":1366},{"@type":"BreadcrumbList","@id":"https:\/\/magyarnapok.ro\/2025\/szaz-feher-viraggal-regi-magyar-cabaret-a-kolozsvari-magyar-napokon\/#breadcrumb","itemListElement":[{"@type":"ListItem","position":1,"name":"Kezd\u0151lap","item":"https:\/\/magyarnapok.ro\/2025\/"},{"@type":"ListItem","position":2,"name":"Sz\u00e1z feh\u00e9r vir\u00e1ggal \u2013 R\u00e9gi magyar cabaret a Kolozsv\u00e1ri Magyar Napokon"}]},{"@type":"WebSite","@id":"https:\/\/magyarnapok.ro\/2025\/#website","url":"https:\/\/magyarnapok.ro\/2025\/","name":"Kolozsv\u00e1ri Magyar Napok 2025","description":"Helyben vagyunk!","publisher":{"@id":"https:\/\/magyarnapok.ro\/2025\/#organization"},"potentialAction":[{"@type":"SearchAction","target":{"@type":"EntryPoint","urlTemplate":"https:\/\/magyarnapok.ro\/2025\/?s={search_term_string}"},"query-input":{"@type":"PropertyValueSpecification","valueRequired":true,"valueName":"search_term_string"}}],"inLanguage":"hu"},{"@type":"Organization","@id":"https:\/\/magyarnapok.ro\/2025\/#organization","name":"Kolozsv\u00e1ri Magyar Napok 2025","url":"https:\/\/magyarnapok.ro\/2025\/","logo":{"@type":"ImageObject","inLanguage":"hu","@id":"https:\/\/magyarnapok.ro\/2025\/#\/schema\/logo\/image\/","url":"https:\/\/magyarnapok.ro\/2025\/wp-content\/uploads\/2024\/03\/KMN2023-www-logo-01.png","contentUrl":"https:\/\/magyarnapok.ro\/2025\/wp-content\/uploads\/2024\/03\/KMN2023-www-logo-01.png","width":762,"height":589,"caption":"Kolozsv\u00e1ri Magyar Napok 2025"},"image":{"@id":"https:\/\/magyarnapok.ro\/2025\/#\/schema\/logo\/image\/"},"sameAs":["https:\/\/www.facebook.com\/magyarnapok","https:\/\/www.instagram.com\/magyarnapok\/","https:\/\/www.youtube.com\/c\/KolozsvriMagyarNapok2015","https:\/\/www.tiktok.com\/@kmn_kolozsvar"]},{"@type":"Person","@id":"https:\/\/magyarnapok.ro\/2025\/#\/schema\/person\/ee9d2387de637485e6c7a45c4643e5b1","name":"Tor\u00f3 Tam\u00e1s","image":{"@type":"ImageObject","inLanguage":"hu","@id":"https:\/\/magyarnapok.ro\/2025\/#\/schema\/person\/image\/","url":"https:\/\/secure.gravatar.com\/avatar\/19ff2a06785e77338c55a3359901bcfac4ba2f78fa742a159b1291ba8532005a?s=96&d=mm&r=g","contentUrl":"https:\/\/secure.gravatar.com\/avatar\/19ff2a06785e77338c55a3359901bcfac4ba2f78fa742a159b1291ba8532005a?s=96&d=mm&r=g","caption":"Tor\u00f3 Tam\u00e1s"},"url":"https:\/\/magyarnapok.ro\/2025\/author\/ttamas\/"}]}},"lang":"hu","translations":{"hu":8684},"pll_sync_post":[],"_links":{"self":[{"href":"https:\/\/magyarnapok.ro\/2025\/wp-json\/wp\/v2\/posts\/8684","targetHints":{"allow":["GET"]}}],"collection":[{"href":"https:\/\/magyarnapok.ro\/2025\/wp-json\/wp\/v2\/posts"}],"about":[{"href":"https:\/\/magyarnapok.ro\/2025\/wp-json\/wp\/v2\/types\/post"}],"author":[{"embeddable":true,"href":"https:\/\/magyarnapok.ro\/2025\/wp-json\/wp\/v2\/users\/2"}],"replies":[{"embeddable":true,"href":"https:\/\/magyarnapok.ro\/2025\/wp-json\/wp\/v2\/comments?post=8684"}],"version-history":[{"count":1,"href":"https:\/\/magyarnapok.ro\/2025\/wp-json\/wp\/v2\/posts\/8684\/revisions"}],"predecessor-version":[{"id":8686,"href":"https:\/\/magyarnapok.ro\/2025\/wp-json\/wp\/v2\/posts\/8684\/revisions\/8686"}],"wp:featuredmedia":[{"embeddable":true,"href":"https:\/\/magyarnapok.ro\/2025\/wp-json\/wp\/v2\/media\/8685"}],"wp:attachment":[{"href":"https:\/\/magyarnapok.ro\/2025\/wp-json\/wp\/v2\/media?parent=8684"}],"wp:term":[{"taxonomy":"category","embeddable":true,"href":"https:\/\/magyarnapok.ro\/2025\/wp-json\/wp\/v2\/categories?post=8684"},{"taxonomy":"post_tag","embeddable":true,"href":"https:\/\/magyarnapok.ro\/2025\/wp-json\/wp\/v2\/tags?post=8684"}],"curies":[{"name":"wp","href":"https:\/\/api.w.org\/{rel}","templated":true}]}}