{"id":8714,"date":"2025-08-19T10:10:17","date_gmt":"2025-08-19T07:10:17","guid":{"rendered":"https:\/\/magyarnapok.ro\/2025\/?p=8714"},"modified":"2025-08-19T10:12:03","modified_gmt":"2025-08-19T07:12:03","slug":"megnyitottak-a-16-kolozsvari-magyar-napokat","status":"publish","type":"post","link":"https:\/\/magyarnapok.ro\/2025\/megnyitottak-a-16-kolozsvari-magyar-napokat\/","title":{"rendered":"Megnyitott\u00e1k a 16. Kolozsv\u00e1ri Magyar Napokat"},"content":{"rendered":"\n<p><strong>A hagyom\u00e1nyoknak megfelel\u0151en h\u00e9tf\u0151n (augusztus 18-\u00e1n) este a Kolozsv\u00e1ri Magyar Opera nagyterm\u00e9ben nyitott\u00e1k meg \u2013 \u00fcnnep\u00e9lyes keretek k\u00f6z\u00f6tt \u2013 az id\u00e9n imm\u00e1r a tizenhatodik kiad\u00e1s\u00e1val jelentkez\u0151 Kolozsv\u00e1ri Magyar Napokat. Az esem\u00e9nyen jelen volt \u00e9s felsz\u00f3lalt Gergely Bal\u00e1zs, a Kolozsv\u00e1ri Magyar Napok f\u0151szervez\u0151je, a Kincses Kolozsv\u00e1r Egyes\u00fclet eln\u00f6ke, Tor\u00f3 T. Tibor, az Erd\u00e9lyi Magyar Nemzeti Tan\u00e1cs \u00fcgyvezet\u0151 eln\u00f6ke, Csoma Botond, a Rom\u00e1niai Magyar Demokrata Sz\u00f6vets\u00e9g Kolozs megyei parlamenti k\u00e9pvisel\u0151je, az RMDSZ k\u00e9pvisel\u0151h\u00e1zi frakci\u00f3vezet\u0151je, valamint a nyit\u00f3g\u00e1l\u00e1t megtisztelte jelenl\u00e9t\u00e9vel \u00e9s a 16. Kolozsv\u00e1ri Magyar Napokat megnyitotta dr. Sulyok Tam\u00e1s, Magyarorsz\u00e1g k\u00f6zt\u00e1rsas\u00e1gi eln\u00f6ke.&nbsp;<\/strong><\/p>\n\n\n\n<p>Besz\u00e9de elej\u00e9n Gergely Bal\u00e1zs k\u00f6sz\u00f6netet mondott a Kolozsv\u00e1ri Magyar Napok szervez\u0151inek, \u00f6nk\u00e9nteseinek \u00e9s t\u00e1mogat\u00f3inak a rendezv\u00e9nysorozat megval\u00f3s\u00edt\u00e1sa ter\u00e9n tan\u00fas\u00edtott elk\u00f6telezetts\u00e9g\u00fck\u00e9rt, majd hangs\u00falyozta: mindazok n\u00e9lk\u00fcl, akik \u00e9vr\u0151l \u00e9vre id\u0151t \u00e9s energi\u00e1t nem k\u00edm\u00e9lve dolgoznak a Kolozsv\u00e1ri Magyar Napok lebonyol\u00edt\u00e1s\u00e1\u00e9rt, elk\u00e9pzelhetetlen lenne a K\u00e1rp\u00e1t-medence egyik legnagyobb kultur\u00e1lis seregszeml\u00e9j\u00e9nek a megszervez\u00e9se. \u201eId\u0151r\u0151l-id\u0151re feltessz\u00fck magunknak a k\u00e9rd\u00e9st, hogy hol van \u00e9s meddig \u00e9r a haza? E feltett k\u00e9rd\u00e9sre l\u00e9tezik egy egyszer\u0171 felelet is: a haza ott van, ahol egy\u00fctt \u2013 \u00e9l\u0151 k\u00f6z\u00f6ss\u00e9gk\u00e9nt \u2013 otthon vagyunk. Ha \u00fagy tetszik \u2013 idei jelmondatunkkal \u00e9lve \u2013 ahol helyben vagyunk. Sz\u00e1momra ez a hely a K\u00e1rp\u00e1t-medence \u00e9s azon bel\u00fcl hangs\u00falyosan Erd\u00e9ly, k\u00f6zelebbr\u0151l n\u00e9zve pedig az otthonom \u00e9s sz\u00fcl\u0151v\u00e1rosom, a kincses Kolozsv\u00e1r. Ide k\u00f6tnek a r\u00e9gvolt \u0151s\u00f6k \u00e9s az \u00e9l\u0151 szeretteim, \u00e9s ennek a k\u00fcl\u00f6nleges, sokkult\u00far\u00e1j\u00fa, t\u00f6bbnyelv\u0171 vil\u00e1gnak vagyok magyar polg\u00e1ra. Egy \u2013 a sokak k\u00f6z\u00fcl. Bonyolult \u00e9s \u00f6sszetett \u00e9let a mi\u00e9nk. Itt \u00e9l\u00fcnk, Rom\u00e1nia k\u00f6zep\u00e9n, egy orsz\u00e1gban, amelynek \u00e1llampolg\u00e1rai, \u00e9p\u00edt\u0151i, ad\u00f3fizet\u0151i, haszon\u00e9lvez\u0151i \u00e9s \u2013 ne tagadjuk el \u2013 olykor elszenved\u0151i is vagyunk. De magyarok vagyunk, \u00e9s van egy anyaorsz\u00e1gunk. \u00d6sszek\u00f6t vele nyelv\u00fcnk, a k\u00f6z\u00f6s t\u00f6rt\u00e9nelm\u00fcnk, hagyom\u00e1nyaink \u00e9s csod\u00e1latos kult\u00far\u00e1nk. Bonyolult, furcsa kett\u0151ss\u00e9g ez. Sok a k\u00e9rd\u0151jel, az ellentmond\u00e1s \u00e9s a k\u00eds\u00e9rt\u00e9s a meghasonul\u00e1sra. De mi m\u00e9gis \u00edgy \u00e9l\u00fcnk, itt \u00e9l\u00fcnk. \u00cdgy kell \u00e9ln\u00fcnk\u201d \u2013 jelentette ki Gergely Bal\u00e1zs. A Kolozsv\u00e1ri Magyar Napok f\u0151szervez\u0151je r\u00e1mutatott: mi, magyarok, t\u00f6bb mint ezer \u00e9ve tudjuk magunk\u00e9nak Erd\u00e9ly f\u00f6ldj\u00e9t, s tessz\u00fck ezt okkal \u00e9s joggal, hisz rajta\u2014benne \u00e9l\u00fcnk, mert \u00e9p\u00edtj\u00fck \u00e9s megm\u0171velj\u00fck, mert \u00e9rte \u00e9ltek, \u00e9s mert ebben a f\u00f6ldben nyugszanak az \u0151seink. \u201eDe itt \u00e9lnek rom\u00e1n testv\u00e9reink is. Vel\u00fcnk egy\u00fctt. R\u00e9g\u00f3ta, nagyon r\u00e9g\u00f3ta. \u00cdgy egy rom\u00e1n sz\u00e1m\u00e1ra mag\u00e1t\u00f3l \u00e9rtet\u0151d\u0151, hogy a f\u00f6ld, amelyen \u00e9l, rom\u00e1n f\u00f6ld. A sz\u00e1sznak sz\u00e1sz. A zsid\u00f3nak zsid\u00f3. Mi pedig tudjuk, hogy mindenki joggal \u00e9rzi mag\u00e1\u00e9nak a f\u00f6ldet, amelyen \u00e9l. \u00c9pp ez\u00e9rt ne f\u00e9lj\u00fck kimondani: nek\u00fcnk magyar ez a f\u00f6ld, \u00e9s csakis magyar lehet minden magyarnak, aki ide hazal\u00e1togat\u201d \u2013 mondta Gergely Bal\u00e1zs. \u201eIdei jelmondatunkkal is hirdetj\u00fck teh\u00e1t: helyben vagyunk. Am\u00edg ez \u00edgy van, am\u00edg mi itthon \u00e9s helyben vagyunk Erd\u00e9lyben, Sz\u00e9kelyf\u00f6ld\u00f6n, Kalotaszegen, Mez\u0151s\u00e9gen, a Szil\u00e1gys\u00e1gban vagy \u00e9pp a Partiumban, addig \u00fajra \u00e9s \u00fajra hazat\u00e9rhet hozz\u00e1nk mindenki, aki r\u00e9sze a mi k\u00f6z\u00f6s, lelki k\u00f6zt\u00e1rsas\u00e1gunknak. E lelki k\u00f6zt\u00e1rsas\u00e1g gy\u00f6ny\u00f6r\u0171 \u00fcnnepe a Kolozsv\u00e1ri Magyar Napok. \u00c9s ezzel az \u00fcnnepi lelk\u00fclettel, az elmondottak szellem\u00e9ben k\u00f6sz\u00f6nt\u00f6m a szomsz\u00e9d lelki k\u00f6zt\u00e1rsas\u00e1gok polg\u00e1rait: rom\u00e1nokat, n\u00e9meteket, zsid\u00f3kat, cig\u00e1nyokat, rem\u00e9lve, hogy sz\u00edvesen l\u00e1tott vend\u00e9geinkk\u00e9nt \u0151k is nyitottak a k\u00f6z\u00f6s \u00fcnnepl\u00e9sre\u201d \u2013 mondta Gergely Bal\u00e1zs. Besz\u00e9de v\u00e9g\u00e9n a Kolozsv\u00e1ri Magyar Napok f\u0151szervez\u0151je bejelentette: a rendezv\u00e9nysorozat z\u00e1r\u00f3g\u00e1l\u00e1j\u00e1n (augusztus 24-\u00e9n, vas\u00e1rnap), a f\u0151t\u00e9ri koncertet megel\u0151z\u0151en, a nagysz\u00ednpadon k\u00f6sz\u00f6nthetik majd a t\u00f6rt\u00e9nelmi jelent\u0151s\u00e9g\u0171, sikeres \u0171rutaz\u00e1st v\u00e9grehajtott Kapu Tibor \u0171rhaj\u00f3s.&nbsp;<\/p>\n\n\n\n<p>\u201eAz egy\u00e9n, de m\u00e9g ink\u00e1bb a k\u00f6z\u00f6ss\u00e9gekbe szervez\u0151d\u00f6tt emberek sz\u00e1m\u00e1ra fontosak azok a \u2013 Kolozsv\u00e1ri Magyar Napokhoz hasonl\u00f3 \u2013 t\u00e1mpontok, amelyekre r\u00e1pillantva vagy visszatekintve, az id\u0151 \u00e9s a t\u00e9r felismerhet\u0151v\u00e9, net\u00e1n ismer\u0151ss\u00e9, \u00fajra belakhat\u00f3v\u00e1 \u00e9s otthonoss\u00e1 v\u00e1lik. Amikor ezekre az \u00f6r\u00f6k \u00e1lland\u00f3kra n\u00e9z\u00fcnk vagy gondolunk, k\u00f6z\u00f6ss\u00e9g\u00fcnk legjobb \u00e9s legszebb arc\u00e1t ismerj\u00fck fel benn\u00fck. A l\u00e9nyeget l\u00e1tjuk, egyfajta esszenci\u00e1j\u00e1t mindannak amit magunkr\u00f3l, mint k\u00f6z\u00f6ss\u00e9g \u00e9rz\u00fcnk \u00e9s gondolunk. A Kolozsv\u00e1ri Magyar Napok is ilyen \u00f6r\u00f6k \u00e1lland\u00f3 lett\u201d \u2013 jelentette ki Tor\u00f3 T. Tibor. Az Erd\u00e9lyi Magyar Nemzeti Tan\u00e1cs \u00fcgyvezet\u0151 eln\u00f6ke r\u00e1mutatott: megl\u00e1t\u00e1sa szerint a Kolozsv\u00e1ri Magyar Napok idei jelmondata a h\u00e1rmas egys\u00e9get \u2013 a helyet, az id\u0151t \u00e9s az identit\u00e1st \u2013 summ\u00e1zza. \u201eMi, erd\u00e9lyi magyarok, itthon, a sz\u00fcl\u0151f\u00f6ld\u00fcnk \u00f6lel\u00e9s\u00e9ben \u2013 egy \u00e9s k\u00f6z\u00f6s ter\u00fcnk\u00f6n, id\u0151nkben \u00e9s identit\u00e1sunkban \u2013 a lehet\u0151 legjobb helyen vagyunk. Itt, Bukarest \u00e9s Budapest k\u00f6z\u00f6tt f\u00e9l\u00faton, kett\u0151s \u00f6lel\u00e9sben (Vagy kett\u0151s szor\u00edt\u00e1sban?), de \u00f6r\u00f6k rem\u00e9nyben. Bels\u0151 szem\u00fcnk Budapest fel\u00e9 tekint, ahol a nemzetpolitika sz\u00edve dobog, vigy\u00e1z\u00f3-gyanakv\u00f3 tekintet\u00fcnk viszont Bukarestet k\u00e9mleli, ahol a mindennapjainkat meghat\u00e1roz\u00f3 t\u00f6rv\u00e9nyek sz\u00fcletnek, ahol \u2013 b\u00e1r k\u00f6veteink ott vannak \u2013 sokszor r\u00f3lunk d\u00f6ntenek n\u00e9lk\u00fcl\u00fcnk. De ami a legfontosabb: \u00e9let\u00fcnk, rem\u00e9nyeink, m\u00faltunk \u00e9s jelen\u00fcnk ide k\u00f6t, Erd\u00e9lyhez. Ezt itt, Kolozsv\u00e1ron, a transzilvanizmus f\u0151v\u00e1ros\u00e1ban, \u00d6n\u00f6k nemcsak \u00e9rtik, hanem \u00e9rzik is\u201d \u2013 mondta Tor\u00f3 T. Tibor. K\u00f6sz\u00f6nt\u0151besz\u00e9de z\u00e1r\u00e1sak\u00e9nt r\u00e1mutatott: Kolozsv\u00e1r, mint annyiszor a t\u00f6rt\u00e9nelm\u00fcnk folyam\u00e1n, \u00fajra inspir\u00e1l \u00e9s p\u00e9ld\u00e1t mutat, s \u00edgy lett a&nbsp; Kolozsv\u00e1ri Magyar Napokb\u00f3l t\u00f6bb mint egy kultur\u00e1lis rendezv\u00e9nysorozat. \u201eA Kolozsv\u00e1ri Magyar Napok egy b\u0151 \u00e9vtized alatt igazi K\u00e1rp\u00e1t-medencei mozgalomm\u00e1 v\u00e1lt. Fontos tan\u00fas\u00e1gt\u00e9tele ez annak, hogy az erd\u00e9lyi magyarok kisebb-nagyobb k\u00f6z\u00f6ss\u00e9gei mind \u00e9rt\u00e9k\u0151rz\u0151 \u00e9s \u00e9rt\u00e9kteremt\u0151 k\u00f6z\u00f6ss\u00e9gek. \u00c9lni akarnak. Alkotni akarnak. B\u00fcszk\u00e9k m\u00faltjukra. B\u00fcszk\u00e9k a jelen\u00fckre. \u00c9s b\u00fcszk\u00e9k akarnak lenni a j\u00f6v\u0151j\u00fckre is\u201d \u2013 jelentette ki az EMNT \u00fcgyvezet\u0151 eln\u00f6ke.&nbsp;<\/p>\n\n\n\n<p>\u201e\u00c9vr\u0151l \u00e9vre, imm\u00e1r tizenhat esztendeje elmondhatjuk, hogy milyen j\u00f3 \u00f6tlete t\u00e1madt Gergely Bal\u00e1zsnak \u2013 2009 t\u00e1j\u00e1n \u2013, amikor azzal a javaslattal \u00e1llt el\u0151, hogy Kolozsv\u00e1ron magyar napokat kell szervezni. Az elm\u00falt tizenhat \u00e9v bebizony\u00edtotta: nemcsak hi\u00e1nyp\u00f3tl\u00f3 rendezv\u00e9nysorozat sz\u00fcletett akkor, hanem egy olyan k\u00f6z\u00f6s \u00fcnnep is, amely l\u00e9trej\u00f6tt\u00e9nek pillanat\u00e1t\u00f3l er\u0151s\u00edti k\u00f6z\u00f6ss\u00e9g\u00fcnk otthonoss\u00e1g-\u00e9rzet\u00e9t. Amikor a Kolozsv\u00e1ri Magyar Napok programsorozata elindult, m\u00e9g \u00e9l\u00e9nken \u00e9lt benn\u00fcnk a Funar-korszak r\u00e9ma. Ezt enyh\u00edtette, majd feledtette el vel\u00fcnk a Kolozsv\u00e1ri Magyar Napok\u201d \u2013 mondta Csoma Botond. Az RMDSZ k\u00e9pvisel\u0151h\u00e1zi frakci\u00f3vezet\u0151je r\u00e1mutatott: a Kolozsv\u00e1ri Magyar Napok tizenhat \u00e9ve bebizony\u00edtotta, hogy a rendezv\u00e9nysorozat t\u00f6bb egy egyszer\u0171 fesztiv\u00e1ln\u00e1l, az m\u00e1ra m\u00e1r sokkal ink\u00e1bb az \u00f6sszmagyars\u00e1g tal\u00e1lkoz\u00f3 hely\u00e9v\u00e9 v\u00e1lt. \u201eKult\u00far\u00e1nk, identit\u00e1sunk \u00e9s a k\u00f6z\u00f6ss\u00e9g\u00fcnk megtart benn\u00fcnket. Nyelv\u00fcnk nemcsak t\u00f6rt\u00e9nelmi eml\u00e9k, hanem a mindennapok \u00e9l\u0151 val\u00f3s\u00e1ga. A Kolozsv\u00e1ri Magyar Napok alkalmat teremt ahhoz, hogy \u00fajra felfedezz\u00fck m\u00faltunkat, \u00e9s k\u00f6z\u00f6sen sz\u0151j\u00fck j\u00f6v\u0151beli terveinket. Az\u00e9rt kell dolgoznunk a tov\u00e1bbiakban is, hogy a magyar sz\u00f3 ne t\u0171nj\u00f6n el az iskol\u00e1inkb\u00f3l, tereinkr\u0151l \u00e9s hivataljainkb\u00f3l, \u00e9s k\u00edv\u00e1nom, hogy a Magyar Napok ne csak a mindennapok neh\u00e9zs\u00e9geinek elfeled\u00e9s\u00e9re, hanem k\u00f6z\u00f6ss\u00e9g\u00fcnk meger\u0151s\u00edt\u00e9s\u00e9re is szolg\u00e1ljon\u201d \u2013 z\u00e1rta besz\u00e9d\u00e9t Csoma Botond.<\/p>\n\n\n\n<p>\u201eSokan tudjuk, hogy augusztus v\u00e9g\u00e9n, Szent Istv\u00e1n kir\u00e1ly \u00fcnnepe t\u00e1j\u00e9k\u00e1n Kolozsv\u00e1rra kell j\u00f6nn\u00fcnk, ha j\u00f3 mulats\u00e1gra, izgalmas csal\u00e1di programokra, vagy felemel\u0151 kultur\u00e1lis esem\u00e9nyekre v\u00e1gyunk. A Kolozsv\u00e1ri Magyar Napok t\u00f6bb mint m\u00e1sf\u00e9l \u00e9vtizedes l\u00e9te \u00e9s fantasztikus sikere sz\u00e1momra nem annak bizony\u00edt\u00e9ka, hogy itt magyarok is \u00e9lnek \u00e9s szerves r\u00e9szei a v\u00e1rosnak, hiszen ezt \u00e9pesz\u0171 elme eddig sem vitathatta. A Kolozsv\u00e1ri Magyar Napok azt bizony\u00edtja, hogy van j\u00f6v\u0151je a magyar k\u00f6z\u00f6ss\u00e9gnek, m\u00e9gpedig rem\u00e9nyteljes. Az egyhetes kolozsv\u00e1ri forgatag ugyanis annak megmutatkoz\u00e1sa, hogy a magyarok fontosnak tartj\u00e1k \u00e9rt\u00e9keiket, igenis ragaszkodnak k\u00f6z\u00f6ss\u00e9geikhez, \u00e9s nem csup\u00e1n a h\u00e9tk\u00f6znapok neh\u00e9zs\u00e9geiben, hanem az \u00fcnnep \u00f6r\u00f6m\u00e9ben is osztoznak egym\u00e1ssal\u201d \u2013 mondta dr. Sulyok Tam\u00e1s. A k\u00f6zt\u00e1rsas\u00e1gi eln\u00f6k hozz\u00e1tette: a K\u00e1rp\u00e1t-medencei magyars\u00e1g azt is tudja, hogy a k\u00f6z\u00f6ss\u00e9ghez tartoz\u00e1s feladatokkal j\u00e1r, a h\u00e9tk\u00f6znapok helyt\u00e1ll\u00e1sa pedig ma a k\u00f6z\u00f6ss\u00e9gben meg\u00e9lt \u00f6r\u00f6mben teljes\u00fcl ki. \u201eMa megtudhatja minden magyar, aki erre az esem\u00e9nyre elj\u00f6n, hogy milyen nagyszer\u0171 egy\u00fctt lenni, egy\u00fctt \u00f6r\u00fclni, egy\u00fctt b\u00fcszk\u00e9lkedni k\u00f6z\u00f6s \u00e9rt\u00e9keink\u00e9rt. A kolozsv\u00e1ri magyars\u00e1g sikere m\u00e1r nem az \u00e9lni akar\u00e1s bizony\u00edt\u00e9ka, hanem maga a meg\u00e9lt val\u00f3s\u00e1g term\u00e9szetess\u00e9ge. Ez a rendezv\u00e9ny nem a m\u00falt nagys\u00e1g\u00e1nak bemutat\u00e1sa, hanem a jelen gazdags\u00e1g\u00e1\u00e9. A Kolozsv\u00e1ri Magyar Napok a maga term\u00e9szetess\u00e9g\u00e9ben nyilv\u00e1nul meg arr\u00f3l, hogy itt, Erd\u00e9ly sz\u00edv\u00e9ben, magyar j\u00f6v\u0151 is \u00e9p\u00fcl\u201d \u2013 mondta a k\u00f6zt\u00e1rsas\u00e1gi eln\u00f6k, majd hozz\u00e1tette: mi, magyarok, nemcsak magunk k\u00f6z\u00f6tt tudjuk meg\u00fclni az \u00fcnnepeinket, hanem m\u00e1sokkal is sz\u00edvesen osztozunk az \u00f6r\u00f6mben. \u201eFelemel\u0151 ennek az \u00fcnnepnek a r\u00e9szes\u00e9v\u00e9 v\u00e1lni. \u00d6r\u00f6m l\u00e1tni, hogy az \u0151si v\u00e1ros \u0151si n\u00e9pe mindenki sz\u00e1m\u00e1ra \u00e9s mindannyiunk \u00f6r\u00f6m\u00e9re mutatja meg \u00e9rt\u00e9keit \u00e9s fogad be \u00fcnnep\u00e9be minden \u00e9rdekl\u0151d\u0151t. Egy \u00e9l\u0151 k\u00f6z\u00f6ss\u00e9g mutatja meg mag\u00e1t, kult\u00far\u00e1ja gazdags\u00e1g\u00e1t, sokoldal\u00fas\u00e1g\u00e1t, sz\u00edness\u00e9g\u00e9t \u00e9s azt, hogy tagjai hogyan tudnak \u00fcnnepelni. Ilyet egy er\u0151s k\u00f6z\u00f6ss\u00e9g tesz. Egy olyan er\u0151s k\u00f6z\u00f6ss\u00e9g, amely \u00fagy tartja meg mag\u00e1t, hogy egyszerre \u0151rzi \u0151si \u00e9rt\u00e9keit, \u00e9s egyszerre teremt hozz\u00e1 \u00fajakat. Egy szil\u00e1rd \u00e9s fejl\u0151d\u0151 k\u00f6z\u00f6ss\u00e9g, amely t\u00e1pl\u00e1lkozik ugyan a m\u00faltb\u00f3l, de a j\u00f6v\u0151nek \u00e9p\u00edt. \u00dagy l\u00e1tom, Erd\u00e9ly magyar n\u00e9pe a modern vil\u00e1gban sem ingott meg, \u00e9s ism\u00e9t a m\u00e1r bev\u00e1lt utat v\u00e1lasztja. Egy\u00fctt, \u00f6sszefogva \u00e9p\u00edt. K\u00f6sz\u00f6n\u00f6m \u00f6n\u00f6knek az \u00f6sszetart\u00e1st, a k\u00f6z\u00f6ss\u00e9g erej\u00e9nek \u00e9s a magyar j\u00f6v\u0151 \u00e9p\u00edt\u00e9s\u00e9nek a p\u00e9ld\u00e1j\u00e1t! A 16. Kolozsv\u00e1ri Magyar Napokat ezennel megnyitom\u201d \u2013 z\u00e1rta besz\u00e9d\u00e9t Magyarorsz\u00e1g k\u00f6zt\u00e1rsas\u00e1gi eln\u00f6ke.<\/p>\n\n\n\n<p>A k\u00f6sz\u00f6nt\u0151besz\u00e9deket k\u00f6vet\u0151en \u00e9s az \u00fcnnepi nyit\u00f3g\u00e1la z\u00e1r\u00f3esem\u00e9nyek\u00e9nt az Udvarhely N\u00e9pt\u00e1ncm\u0171hely \u00e9s a H\u00e1romsz\u00e9k T\u00e1ncsz\u00ednh\u00e1z&nbsp;<em>Ritka magyar<\/em>&nbsp;c\u00edm\u0171 k\u00f6z\u00f6s produkci\u00f3j\u00e1t l\u00e1thatta a kincses v\u00e1ros k\u00f6z\u00f6ns\u00e9ge T\u0151k\u00e9s Csaba Zsolt rendez\u00e9s\u00e9ben. A produkci\u00f3 c\u00edme egyr\u00e9szt a neves n\u00e9pzenekutat\u00f3, Kall\u00f3s Zolt\u00e1n, apai\u2013anyai sz\u00fcl\u0151f\u00f6ldj\u00e9nek \u2013 a Kis\u2013Szamos mell\u00e9ke \u00e9s az \u00c9szak\u2013Mez\u0151s\u00e9g \u2013 t\u00e1nc- \u00e9s zenei hagyom\u00e1ny\u00e1ra, az itt t\u00e1ncolt t\u00e1ncra vonatkozott, m\u00e1sr\u00e9szt utalt a mez\u0151s\u00e9gi magyars\u00e1gra \u00e9s a kiemelked\u0151 \u00e9letp\u00e1ly\u00e1t befut\u00f3 Kall\u00f3s Zolt\u00e1n szem\u00e9ly\u00e9re is. Az el\u0151ad\u00e1s l\u00e9trehoz\u00e1s\u00e1hoz a Kossuth\u2013nagyd\u00edjas n\u00e9prajzkutat\u00f3nak, a Corvin\u2013l\u00e1nc kit\u00fcntetettj\u00e9nek \u00e9s a nemzet m\u0171v\u00e9sz\u00e9nek kitart\u00f3 \u00e9s \u00e1ldozatos munk\u00e1ja szolg\u00e1ltatott ihletforr\u00e1st.<\/p>\n","protected":false},"excerpt":{"rendered":"<p>A hagyom\u00e1nyoknak megfelel\u0151en h\u00e9tf\u0151n este a Kolozsv\u00e1ri Magyar Opera nagyterm\u00e9ben nyitott\u00e1k meg<\/p>\n","protected":false},"author":2,"featured_media":8716,"comment_status":"closed","ping_status":"open","sticky":false,"template":"","format":"standard","meta":{"_acf_changed":false,"footnotes":""},"categories":[1],"tags":[],"class_list":["post-8714","post","type-post","status-publish","format-standard","has-post-thumbnail","hentry","category-egyeb"],"acf":[],"yoast_head":"<!-- This site is optimized with the Yoast SEO plugin v25.5 - https:\/\/yoast.com\/wordpress\/plugins\/seo\/ -->\n<title>Megnyitott\u00e1k a 16. Kolozsv\u00e1ri Magyar Napokat - Kolozsv\u00e1ri Magyar Napok 2025<\/title>\n<meta name=\"robots\" content=\"index, follow, max-snippet:-1, max-image-preview:large, max-video-preview:-1\" \/>\n<link rel=\"canonical\" href=\"https:\/\/magyarnapok.ro\/2025\/megnyitottak-a-16-kolozsvari-magyar-napokat\/\" \/>\n<meta property=\"og:locale\" content=\"hu_HU\" \/>\n<meta property=\"og:type\" content=\"article\" \/>\n<meta property=\"og:title\" content=\"Megnyitott\u00e1k a 16. Kolozsv\u00e1ri Magyar Napokat - Kolozsv\u00e1ri Magyar Napok 2025\" \/>\n<meta property=\"og:description\" content=\"A hagyom\u00e1nyoknak megfelel\u0151en h\u00e9tf\u0151n este a Kolozsv\u00e1ri Magyar Opera nagyterm\u00e9ben nyitott\u00e1k meg\" \/>\n<meta property=\"og:url\" content=\"https:\/\/magyarnapok.ro\/2025\/megnyitottak-a-16-kolozsvari-magyar-napokat\/\" \/>\n<meta property=\"og:site_name\" content=\"Kolozsv\u00e1ri Magyar Napok 2025\" \/>\n<meta property=\"article:publisher\" content=\"https:\/\/www.facebook.com\/magyarnapok\" \/>\n<meta property=\"article:published_time\" content=\"2025-08-19T07:10:17+00:00\" \/>\n<meta property=\"article:modified_time\" content=\"2025-08-19T07:12:03+00:00\" \/>\n<meta property=\"og:image\" content=\"https:\/\/magyarnapok.ro\/2025\/wp-content\/uploads\/2025\/08\/WLB5312-scaled.jpg\" \/>\n\t<meta property=\"og:image:width\" content=\"2560\" \/>\n\t<meta property=\"og:image:height\" content=\"1707\" \/>\n\t<meta property=\"og:image:type\" content=\"image\/jpeg\" \/>\n<meta name=\"author\" content=\"Tor\u00f3 Tam\u00e1s\" \/>\n<meta name=\"twitter:card\" content=\"summary_large_image\" \/>\n<meta name=\"twitter:label1\" content=\"Szerz\u0151:\" \/>\n\t<meta name=\"twitter:data1\" content=\"Tor\u00f3 Tam\u00e1s\" \/>\n\t<meta name=\"twitter:label2\" content=\"Becs\u00fclt olvas\u00e1si id\u0151\" \/>\n\t<meta name=\"twitter:data2\" content=\"8 perc\" \/>\n<script type=\"application\/ld+json\" class=\"yoast-schema-graph\">{\"@context\":\"https:\/\/schema.org\",\"@graph\":[{\"@type\":\"Article\",\"@id\":\"https:\/\/magyarnapok.ro\/2025\/megnyitottak-a-16-kolozsvari-magyar-napokat\/#article\",\"isPartOf\":{\"@id\":\"https:\/\/magyarnapok.ro\/2025\/megnyitottak-a-16-kolozsvari-magyar-napokat\/\"},\"author\":{\"name\":\"Tor\u00f3 Tam\u00e1s\",\"@id\":\"https:\/\/magyarnapok.ro\/2025\/#\/schema\/person\/ee9d2387de637485e6c7a45c4643e5b1\"},\"headline\":\"Megnyitott\u00e1k a 16. Kolozsv\u00e1ri Magyar Napokat\",\"datePublished\":\"2025-08-19T07:10:17+00:00\",\"dateModified\":\"2025-08-19T07:12:03+00:00\",\"mainEntityOfPage\":{\"@id\":\"https:\/\/magyarnapok.ro\/2025\/megnyitottak-a-16-kolozsvari-magyar-napokat\/\"},\"wordCount\":2248,\"publisher\":{\"@id\":\"https:\/\/magyarnapok.ro\/2025\/#organization\"},\"image\":{\"@id\":\"https:\/\/magyarnapok.ro\/2025\/megnyitottak-a-16-kolozsvari-magyar-napokat\/#primaryimage\"},\"thumbnailUrl\":\"https:\/\/magyarnapok.ro\/2025\/wp-content\/uploads\/2025\/08\/WLB5312-scaled.jpg\",\"inLanguage\":\"hu\"},{\"@type\":\"WebPage\",\"@id\":\"https:\/\/magyarnapok.ro\/2025\/megnyitottak-a-16-kolozsvari-magyar-napokat\/\",\"url\":\"https:\/\/magyarnapok.ro\/2025\/megnyitottak-a-16-kolozsvari-magyar-napokat\/\",\"name\":\"Megnyitott\u00e1k a 16. Kolozsv\u00e1ri Magyar Napokat - Kolozsv\u00e1ri Magyar Napok 2025\",\"isPartOf\":{\"@id\":\"https:\/\/magyarnapok.ro\/2025\/#website\"},\"primaryImageOfPage\":{\"@id\":\"https:\/\/magyarnapok.ro\/2025\/megnyitottak-a-16-kolozsvari-magyar-napokat\/#primaryimage\"},\"image\":{\"@id\":\"https:\/\/magyarnapok.ro\/2025\/megnyitottak-a-16-kolozsvari-magyar-napokat\/#primaryimage\"},\"thumbnailUrl\":\"https:\/\/magyarnapok.ro\/2025\/wp-content\/uploads\/2025\/08\/WLB5312-scaled.jpg\",\"datePublished\":\"2025-08-19T07:10:17+00:00\",\"dateModified\":\"2025-08-19T07:12:03+00:00\",\"breadcrumb\":{\"@id\":\"https:\/\/magyarnapok.ro\/2025\/megnyitottak-a-16-kolozsvari-magyar-napokat\/#breadcrumb\"},\"inLanguage\":\"hu\",\"potentialAction\":[{\"@type\":\"ReadAction\",\"target\":[\"https:\/\/magyarnapok.ro\/2025\/megnyitottak-a-16-kolozsvari-magyar-napokat\/\"]}]},{\"@type\":\"ImageObject\",\"inLanguage\":\"hu\",\"@id\":\"https:\/\/magyarnapok.ro\/2025\/megnyitottak-a-16-kolozsvari-magyar-napokat\/#primaryimage\",\"url\":\"https:\/\/magyarnapok.ro\/2025\/wp-content\/uploads\/2025\/08\/WLB5312-scaled.jpg\",\"contentUrl\":\"https:\/\/magyarnapok.ro\/2025\/wp-content\/uploads\/2025\/08\/WLB5312-scaled.jpg\",\"width\":2560,\"height\":1707},{\"@type\":\"BreadcrumbList\",\"@id\":\"https:\/\/magyarnapok.ro\/2025\/megnyitottak-a-16-kolozsvari-magyar-napokat\/#breadcrumb\",\"itemListElement\":[{\"@type\":\"ListItem\",\"position\":1,\"name\":\"Kezd\u0151lap\",\"item\":\"https:\/\/magyarnapok.ro\/2025\/\"},{\"@type\":\"ListItem\",\"position\":2,\"name\":\"Megnyitott\u00e1k a 16. Kolozsv\u00e1ri Magyar Napokat\"}]},{\"@type\":\"WebSite\",\"@id\":\"https:\/\/magyarnapok.ro\/2025\/#website\",\"url\":\"https:\/\/magyarnapok.ro\/2025\/\",\"name\":\"Kolozsv\u00e1ri Magyar Napok 2025\",\"description\":\"Helyben vagyunk!\",\"publisher\":{\"@id\":\"https:\/\/magyarnapok.ro\/2025\/#organization\"},\"potentialAction\":[{\"@type\":\"SearchAction\",\"target\":{\"@type\":\"EntryPoint\",\"urlTemplate\":\"https:\/\/magyarnapok.ro\/2025\/?s={search_term_string}\"},\"query-input\":{\"@type\":\"PropertyValueSpecification\",\"valueRequired\":true,\"valueName\":\"search_term_string\"}}],\"inLanguage\":\"hu\"},{\"@type\":\"Organization\",\"@id\":\"https:\/\/magyarnapok.ro\/2025\/#organization\",\"name\":\"Kolozsv\u00e1ri Magyar Napok 2025\",\"url\":\"https:\/\/magyarnapok.ro\/2025\/\",\"logo\":{\"@type\":\"ImageObject\",\"inLanguage\":\"hu\",\"@id\":\"https:\/\/magyarnapok.ro\/2025\/#\/schema\/logo\/image\/\",\"url\":\"https:\/\/magyarnapok.ro\/2025\/wp-content\/uploads\/2024\/03\/KMN2023-www-logo-01.png\",\"contentUrl\":\"https:\/\/magyarnapok.ro\/2025\/wp-content\/uploads\/2024\/03\/KMN2023-www-logo-01.png\",\"width\":762,\"height\":589,\"caption\":\"Kolozsv\u00e1ri Magyar Napok 2025\"},\"image\":{\"@id\":\"https:\/\/magyarnapok.ro\/2025\/#\/schema\/logo\/image\/\"},\"sameAs\":[\"https:\/\/www.facebook.com\/magyarnapok\",\"https:\/\/www.instagram.com\/magyarnapok\/\",\"https:\/\/www.youtube.com\/c\/KolozsvriMagyarNapok2015\",\"https:\/\/www.tiktok.com\/@kmn_kolozsvar\"]},{\"@type\":\"Person\",\"@id\":\"https:\/\/magyarnapok.ro\/2025\/#\/schema\/person\/ee9d2387de637485e6c7a45c4643e5b1\",\"name\":\"Tor\u00f3 Tam\u00e1s\",\"image\":{\"@type\":\"ImageObject\",\"inLanguage\":\"hu\",\"@id\":\"https:\/\/magyarnapok.ro\/2025\/#\/schema\/person\/image\/\",\"url\":\"https:\/\/secure.gravatar.com\/avatar\/19ff2a06785e77338c55a3359901bcfac4ba2f78fa742a159b1291ba8532005a?s=96&d=mm&r=g\",\"contentUrl\":\"https:\/\/secure.gravatar.com\/avatar\/19ff2a06785e77338c55a3359901bcfac4ba2f78fa742a159b1291ba8532005a?s=96&d=mm&r=g\",\"caption\":\"Tor\u00f3 Tam\u00e1s\"},\"url\":\"https:\/\/magyarnapok.ro\/2025\/author\/ttamas\/\"}]}<\/script>\n<!-- \/ Yoast SEO plugin. -->","yoast_head_json":{"title":"Megnyitott\u00e1k a 16. Kolozsv\u00e1ri Magyar Napokat - Kolozsv\u00e1ri Magyar Napok 2025","robots":{"index":"index","follow":"follow","max-snippet":"max-snippet:-1","max-image-preview":"max-image-preview:large","max-video-preview":"max-video-preview:-1"},"canonical":"https:\/\/magyarnapok.ro\/2025\/megnyitottak-a-16-kolozsvari-magyar-napokat\/","og_locale":"hu_HU","og_type":"article","og_title":"Megnyitott\u00e1k a 16. Kolozsv\u00e1ri Magyar Napokat - Kolozsv\u00e1ri Magyar Napok 2025","og_description":"A hagyom\u00e1nyoknak megfelel\u0151en h\u00e9tf\u0151n este a Kolozsv\u00e1ri Magyar Opera nagyterm\u00e9ben nyitott\u00e1k meg","og_url":"https:\/\/magyarnapok.ro\/2025\/megnyitottak-a-16-kolozsvari-magyar-napokat\/","og_site_name":"Kolozsv\u00e1ri Magyar Napok 2025","article_publisher":"https:\/\/www.facebook.com\/magyarnapok","article_published_time":"2025-08-19T07:10:17+00:00","article_modified_time":"2025-08-19T07:12:03+00:00","og_image":[{"width":2560,"height":1707,"url":"https:\/\/magyarnapok.ro\/2025\/wp-content\/uploads\/2025\/08\/WLB5312-scaled.jpg","type":"image\/jpeg"}],"author":"Tor\u00f3 Tam\u00e1s","twitter_card":"summary_large_image","twitter_misc":{"Szerz\u0151:":"Tor\u00f3 Tam\u00e1s","Becs\u00fclt olvas\u00e1si id\u0151":"8 perc"},"schema":{"@context":"https:\/\/schema.org","@graph":[{"@type":"Article","@id":"https:\/\/magyarnapok.ro\/2025\/megnyitottak-a-16-kolozsvari-magyar-napokat\/#article","isPartOf":{"@id":"https:\/\/magyarnapok.ro\/2025\/megnyitottak-a-16-kolozsvari-magyar-napokat\/"},"author":{"name":"Tor\u00f3 Tam\u00e1s","@id":"https:\/\/magyarnapok.ro\/2025\/#\/schema\/person\/ee9d2387de637485e6c7a45c4643e5b1"},"headline":"Megnyitott\u00e1k a 16. Kolozsv\u00e1ri Magyar Napokat","datePublished":"2025-08-19T07:10:17+00:00","dateModified":"2025-08-19T07:12:03+00:00","mainEntityOfPage":{"@id":"https:\/\/magyarnapok.ro\/2025\/megnyitottak-a-16-kolozsvari-magyar-napokat\/"},"wordCount":2248,"publisher":{"@id":"https:\/\/magyarnapok.ro\/2025\/#organization"},"image":{"@id":"https:\/\/magyarnapok.ro\/2025\/megnyitottak-a-16-kolozsvari-magyar-napokat\/#primaryimage"},"thumbnailUrl":"https:\/\/magyarnapok.ro\/2025\/wp-content\/uploads\/2025\/08\/WLB5312-scaled.jpg","inLanguage":"hu"},{"@type":"WebPage","@id":"https:\/\/magyarnapok.ro\/2025\/megnyitottak-a-16-kolozsvari-magyar-napokat\/","url":"https:\/\/magyarnapok.ro\/2025\/megnyitottak-a-16-kolozsvari-magyar-napokat\/","name":"Megnyitott\u00e1k a 16. Kolozsv\u00e1ri Magyar Napokat - Kolozsv\u00e1ri Magyar Napok 2025","isPartOf":{"@id":"https:\/\/magyarnapok.ro\/2025\/#website"},"primaryImageOfPage":{"@id":"https:\/\/magyarnapok.ro\/2025\/megnyitottak-a-16-kolozsvari-magyar-napokat\/#primaryimage"},"image":{"@id":"https:\/\/magyarnapok.ro\/2025\/megnyitottak-a-16-kolozsvari-magyar-napokat\/#primaryimage"},"thumbnailUrl":"https:\/\/magyarnapok.ro\/2025\/wp-content\/uploads\/2025\/08\/WLB5312-scaled.jpg","datePublished":"2025-08-19T07:10:17+00:00","dateModified":"2025-08-19T07:12:03+00:00","breadcrumb":{"@id":"https:\/\/magyarnapok.ro\/2025\/megnyitottak-a-16-kolozsvari-magyar-napokat\/#breadcrumb"},"inLanguage":"hu","potentialAction":[{"@type":"ReadAction","target":["https:\/\/magyarnapok.ro\/2025\/megnyitottak-a-16-kolozsvari-magyar-napokat\/"]}]},{"@type":"ImageObject","inLanguage":"hu","@id":"https:\/\/magyarnapok.ro\/2025\/megnyitottak-a-16-kolozsvari-magyar-napokat\/#primaryimage","url":"https:\/\/magyarnapok.ro\/2025\/wp-content\/uploads\/2025\/08\/WLB5312-scaled.jpg","contentUrl":"https:\/\/magyarnapok.ro\/2025\/wp-content\/uploads\/2025\/08\/WLB5312-scaled.jpg","width":2560,"height":1707},{"@type":"BreadcrumbList","@id":"https:\/\/magyarnapok.ro\/2025\/megnyitottak-a-16-kolozsvari-magyar-napokat\/#breadcrumb","itemListElement":[{"@type":"ListItem","position":1,"name":"Kezd\u0151lap","item":"https:\/\/magyarnapok.ro\/2025\/"},{"@type":"ListItem","position":2,"name":"Megnyitott\u00e1k a 16. Kolozsv\u00e1ri Magyar Napokat"}]},{"@type":"WebSite","@id":"https:\/\/magyarnapok.ro\/2025\/#website","url":"https:\/\/magyarnapok.ro\/2025\/","name":"Kolozsv\u00e1ri Magyar Napok 2025","description":"Helyben vagyunk!","publisher":{"@id":"https:\/\/magyarnapok.ro\/2025\/#organization"},"potentialAction":[{"@type":"SearchAction","target":{"@type":"EntryPoint","urlTemplate":"https:\/\/magyarnapok.ro\/2025\/?s={search_term_string}"},"query-input":{"@type":"PropertyValueSpecification","valueRequired":true,"valueName":"search_term_string"}}],"inLanguage":"hu"},{"@type":"Organization","@id":"https:\/\/magyarnapok.ro\/2025\/#organization","name":"Kolozsv\u00e1ri Magyar Napok 2025","url":"https:\/\/magyarnapok.ro\/2025\/","logo":{"@type":"ImageObject","inLanguage":"hu","@id":"https:\/\/magyarnapok.ro\/2025\/#\/schema\/logo\/image\/","url":"https:\/\/magyarnapok.ro\/2025\/wp-content\/uploads\/2024\/03\/KMN2023-www-logo-01.png","contentUrl":"https:\/\/magyarnapok.ro\/2025\/wp-content\/uploads\/2024\/03\/KMN2023-www-logo-01.png","width":762,"height":589,"caption":"Kolozsv\u00e1ri Magyar Napok 2025"},"image":{"@id":"https:\/\/magyarnapok.ro\/2025\/#\/schema\/logo\/image\/"},"sameAs":["https:\/\/www.facebook.com\/magyarnapok","https:\/\/www.instagram.com\/magyarnapok\/","https:\/\/www.youtube.com\/c\/KolozsvriMagyarNapok2015","https:\/\/www.tiktok.com\/@kmn_kolozsvar"]},{"@type":"Person","@id":"https:\/\/magyarnapok.ro\/2025\/#\/schema\/person\/ee9d2387de637485e6c7a45c4643e5b1","name":"Tor\u00f3 Tam\u00e1s","image":{"@type":"ImageObject","inLanguage":"hu","@id":"https:\/\/magyarnapok.ro\/2025\/#\/schema\/person\/image\/","url":"https:\/\/secure.gravatar.com\/avatar\/19ff2a06785e77338c55a3359901bcfac4ba2f78fa742a159b1291ba8532005a?s=96&d=mm&r=g","contentUrl":"https:\/\/secure.gravatar.com\/avatar\/19ff2a06785e77338c55a3359901bcfac4ba2f78fa742a159b1291ba8532005a?s=96&d=mm&r=g","caption":"Tor\u00f3 Tam\u00e1s"},"url":"https:\/\/magyarnapok.ro\/2025\/author\/ttamas\/"}]}},"lang":"hu","translations":{"hu":8714},"pll_sync_post":[],"_links":{"self":[{"href":"https:\/\/magyarnapok.ro\/2025\/wp-json\/wp\/v2\/posts\/8714","targetHints":{"allow":["GET"]}}],"collection":[{"href":"https:\/\/magyarnapok.ro\/2025\/wp-json\/wp\/v2\/posts"}],"about":[{"href":"https:\/\/magyarnapok.ro\/2025\/wp-json\/wp\/v2\/types\/post"}],"author":[{"embeddable":true,"href":"https:\/\/magyarnapok.ro\/2025\/wp-json\/wp\/v2\/users\/2"}],"replies":[{"embeddable":true,"href":"https:\/\/magyarnapok.ro\/2025\/wp-json\/wp\/v2\/comments?post=8714"}],"version-history":[{"count":2,"href":"https:\/\/magyarnapok.ro\/2025\/wp-json\/wp\/v2\/posts\/8714\/revisions"}],"predecessor-version":[{"id":8717,"href":"https:\/\/magyarnapok.ro\/2025\/wp-json\/wp\/v2\/posts\/8714\/revisions\/8717"}],"wp:featuredmedia":[{"embeddable":true,"href":"https:\/\/magyarnapok.ro\/2025\/wp-json\/wp\/v2\/media\/8716"}],"wp:attachment":[{"href":"https:\/\/magyarnapok.ro\/2025\/wp-json\/wp\/v2\/media?parent=8714"}],"wp:term":[{"taxonomy":"category","embeddable":true,"href":"https:\/\/magyarnapok.ro\/2025\/wp-json\/wp\/v2\/categories?post=8714"},{"taxonomy":"post_tag","embeddable":true,"href":"https:\/\/magyarnapok.ro\/2025\/wp-json\/wp\/v2\/tags?post=8714"}],"curies":[{"name":"wp","href":"https:\/\/api.w.org\/{rel}","templated":true}]}}