{"id":8731,"date":"2025-08-19T14:56:44","date_gmt":"2025-08-19T11:56:44","guid":{"rendered":"https:\/\/magyarnapok.ro\/2025\/?p=8731"},"modified":"2025-08-19T17:22:44","modified_gmt":"2025-08-19T14:22:44","slug":"megnyilt-a-barabas-miklos-ceh-egyedulallo-kiallitasa","status":"publish","type":"post","link":"https:\/\/magyarnapok.ro\/2025\/megnyilt-a-barabas-miklos-ceh-egyedulallo-kiallitasa\/","title":{"rendered":"Megny\u00edlt a Barab\u00e1s Mikl\u00f3s C\u00e9h egyed\u00fcl\u00e1ll\u00f3 ki\u00e1ll\u00edt\u00e1sa"},"content":{"rendered":"\n<p><strong>A B\u00e1nffy-palot\u00e1ban m\u0171k\u00f6d\u0151 Kolozsv\u00e1ri M\u0171v\u00e9szeti M\u00fazeum \u00f6sszes ki\u00e1ll\u00edt\u00f3ter\u00e9t bet\u00f6lt\u0151, t\u00f6bb mint 350 alkot\u00e1s\u00e1t bemutat\u00f3 egyedi t\u00e1rlatot nyitottak meg augusztus 17-\u00e9n, a 16. Kolozsv\u00e1ri Magyar Napok keret\u00e9ben. A Barab\u00e1s Mikl\u00f3s C\u00e9h, a Kincses Kolozsv\u00e1r Egyes\u00fclet, a Kolozsv\u00e1ri M\u0171v\u00e9szeti M\u00fazeum, az Erd\u00e9lyi M\u0171v\u00e9szeti K\u00f6zpont \u00e9s a Sapientia Alap\u00edtv\u00e1ny szervez\u00e9s\u00e9ben 250 m\u0171v\u00e9sz alkot\u00e1s\u00e1t l\u00e1thatja a k\u00f6z\u00f6ns\u00e9g.<\/strong><\/p>\n\n\n\n<p>A Barab\u00e1s Mikl\u00f3s C\u00e9h els\u0151 bemutatkoz\u00f3 ki\u00e1ll\u00edt\u00e1s\u00e1t 1930-ban, 95 \u00e9ve szervezte meg a Farkas utcai Teleki-palota termeiben. A 16. Kolozsv\u00e1ri Magyar Napokon megny\u00edlt terjedelmes ki\u00e1ll\u00edt\u00e1s \u00e1tfog\u00f3 k\u00e9pet ny\u00fajt a C\u00e9h k\u00e9t legfontosabb t\u00f6rt\u00e9neti peri\u00f3dus\u00e1r\u00f3l: a kezdetekt\u0151l a m\u00e1sodik vil\u00e1gh\u00e1bor\u00faig, valamint az 1994-es \u00fajraalap\u00edt\u00e1st\u00f3l napjainkig. A ki\u00e1ll\u00edt\u00e1s kur\u00e1torai Portik Bl\u00e9nessy \u00c1gota \u00e9s V\u00e9csi Nagy Zolt\u00e1n.<\/p>\n\n\n\n<p>A ki\u00e1ll\u00edt\u00e1smegnyit\u00f3n els\u0151k\u00e9nt V\u00e1k\u00e1r Istv\u00e1n, a Kolozs Megyei Tan\u00e1cs aleln\u00f6ke k\u00f6sz\u00f6nt\u00f6tte a k\u00f6z\u00f6ns\u00e9get, majd Lucian Nastas\u0103-Kovacs, a Kolozsv\u00e1ri M\u0171v\u00e9szeti M\u00fazeum igazgat\u00f3ja sz\u00f3lt a megnyit\u00f3n jelenl\u00e9v\u0151, nagysz\u00e1m\u00fa \u00e9rdekl\u0151d\u0151 k\u00f6z\u00f6ns\u00e9ghez. Elmondta: k\u00fcl\u00f6n\u00f6s \u00f6r\u00f6m sz\u00e1m\u00e1ra, hogy egy ilyen nagyszab\u00e1s\u00fa t\u00e1rlat (ideiglenes) otthona lehet az \u00e1ltala vezetett int\u00e9zm\u00e9ny, majd k\u00f6sz\u00f6net\u00e9t fejezte ki mindazoknak, akik munk\u00e1jukkal hozz\u00e1j\u00e1rultak a ki\u00e1ll\u00edt\u00e1s megval\u00f3sul\u00e1s\u00e1hoz.<\/p>\n\n\n\n<p>Kolozsi Tibor a t\u00e1rlat l\u00e9trej\u00f6tt\u00e9nek k\u00f6r\u00fclm\u00e9nyeit ismertette. Elmondta: a ki\u00e1ll\u00edt\u00e1s \u00f6tlete h\u00e1rom \u00e9ve, a Kolozsv\u00e1ri Magyar Napok alkalm\u00e1val fogalmaz\u00f3dott meg el\u0151sz\u00f6r. V\u00e9csi Nagy Zolt\u00e1n m\u0171v\u00e9szett\u00f6rt\u00e9n\u00e9sz \u00e9s a ki\u00e1ll\u00edt\u00e1s t\u00e1rskur\u00e1tora ismertette a Barab\u00e1s Mikl\u00f3s C\u00e9h t\u00f6rt\u00e9net\u00e9t, Portik Bl\u00e9nessy \u00c1gota m\u0171v\u00e9szett\u00f6rt\u00e9n\u00e9sz, a ki\u00e1ll\u00edt\u00e1s m\u00e1sik kur\u00e1tora pedig ismertette az \u00e1tfog\u00f3 ki\u00e1ll\u00edt\u00e1s fel\u00e9p\u00edt\u00e9s\u00e9t. Elhangzott: k\u00fcl\u00f6n egyediv\u00e9 teszi a Barab\u00e1s Mikl\u00f3s C\u00e9h mostani ki\u00e1ll\u00edt\u00e1s\u00e1t, hogy a r\u00e9g volt alap\u00edt\u00f3k \u00e9s a jelenleg is akt\u00edv kort\u00e1rs m\u0171v\u00e9szek munk\u00e1i egy helyen \u2013 kronol\u00f3giai sorrendben \u2013 tekinthet\u0151k meg.<\/p>\n\n\n\n<p>A ki\u00e1ll\u00edt\u00e1smegnyit\u00f3n k\u00f6zrem\u0171k\u00f6d\u00f6tt K\u00f6nczei Samu \u00e9s K\u00f6nczei Eszter is, akik Benedetto Marcello F-d\u00far <em>No.1 \u2013 Allegro<\/em> c. csell\u00f3szon\u00e1t\u00e1j\u00e1t adt\u00e1k el\u0151. A nyit\u00f3esem\u00e9ny z\u00e1r\u00e1sak\u00e9nt Bord\u00e1s Be\u00e1ta m\u0171v\u00e9szett\u00f6rt\u00e9n\u00e9sz, az Erd\u00e9lyi M\u0171v\u00e9szeti K\u00f6zpont igazgat\u00f3ja k\u00f6sz\u00f6nt\u00f6tte a jelenl\u00e9v\u0151ket, majd Kolozsi Tibor a C\u00e9h r\u00e9sz\u00e9r\u0151l Mec\u00e9n\u00e1s-d\u00edjat adott \u00e1t Ambrus \u00c1d\u00e1mnak, az Eur\u00e9ka Egyes\u00fclet vezet\u0151j\u00e9nek.<\/p>\n\n\n\n<p>A Kolozsv\u00e1ri Magyar Napok ideje alatt a t\u00e1rlat 10:00 \u00e9s 18:00 k\u00f6z\u00f6tt l\u00e1togathat\u00f3.<\/p>\n\n\n\n<p>Mih\u00e1ly Kriszta<\/p>\n","protected":false},"excerpt":{"rendered":"<p>A B\u00e1nffy-palot\u00e1ban m\u0171k\u00f6d\u0151 Kolozsv\u00e1ri M\u0171v\u00e9szeti M\u00fazeum \u00f6sszes ki\u00e1ll\u00edt\u00f3ter\u00e9t bet\u00f6lt\u0151&#8230;<\/p>\n","protected":false},"author":6,"featured_media":8732,"comment_status":"closed","ping_status":"open","sticky":false,"template":"","format":"standard","meta":{"_acf_changed":false,"footnotes":""},"categories":[1],"tags":[],"class_list":["post-8731","post","type-post","status-publish","format-standard","has-post-thumbnail","hentry","category-egyeb"],"acf":[],"yoast_head":"<!-- This site is optimized with the Yoast SEO plugin v25.5 - https:\/\/yoast.com\/wordpress\/plugins\/seo\/ -->\n<title>Megny\u00edlt a Barab\u00e1s Mikl\u00f3s C\u00e9h egyed\u00fcl\u00e1ll\u00f3 ki\u00e1ll\u00edt\u00e1sa - Kolozsv\u00e1ri Magyar Napok 2025<\/title>\n<meta name=\"description\" content=\"A B\u00e1nffy-palot\u00e1ban m\u0171k\u00f6d\u0151 Kolozsv\u00e1ri M\u0171v\u00e9szeti M\u00fazeum \u00f6sszes ki\u00e1ll\u00edt\u00f3ter\u00e9t bet\u00f6lt\u0151, t\u00f6bb mint 350 alkot\u00e1s\u00e1t bemutat\u00f3 egyedi t\u00e1rlatot nyitottak meg.\" \/>\n<meta name=\"robots\" content=\"index, follow, max-snippet:-1, max-image-preview:large, max-video-preview:-1\" \/>\n<link rel=\"canonical\" href=\"https:\/\/magyarnapok.ro\/2025\/megnyilt-a-barabas-miklos-ceh-egyedulallo-kiallitasa\/\" \/>\n<meta property=\"og:locale\" content=\"hu_HU\" \/>\n<meta property=\"og:type\" content=\"article\" \/>\n<meta property=\"og:title\" content=\"Megny\u00edlt a Barab\u00e1s Mikl\u00f3s C\u00e9h egyed\u00fcl\u00e1ll\u00f3 ki\u00e1ll\u00edt\u00e1sa - Kolozsv\u00e1ri Magyar Napok 2025\" \/>\n<meta property=\"og:description\" content=\"A B\u00e1nffy-palot\u00e1ban m\u0171k\u00f6d\u0151 Kolozsv\u00e1ri M\u0171v\u00e9szeti M\u00fazeum \u00f6sszes ki\u00e1ll\u00edt\u00f3ter\u00e9t bet\u00f6lt\u0151, t\u00f6bb mint 350 alkot\u00e1s\u00e1t bemutat\u00f3 egyedi t\u00e1rlatot nyitottak meg.\" \/>\n<meta property=\"og:url\" content=\"https:\/\/magyarnapok.ro\/2025\/megnyilt-a-barabas-miklos-ceh-egyedulallo-kiallitasa\/\" \/>\n<meta property=\"og:site_name\" content=\"Kolozsv\u00e1ri Magyar Napok 2025\" \/>\n<meta property=\"article:publisher\" content=\"https:\/\/www.facebook.com\/magyarnapok\" \/>\n<meta property=\"article:published_time\" content=\"2025-08-19T11:56:44+00:00\" \/>\n<meta property=\"article:modified_time\" content=\"2025-08-19T14:22:44+00:00\" \/>\n<meta property=\"og:image\" content=\"https:\/\/magyarnapok.ro\/2025\/wp-content\/uploads\/2025\/08\/KMN2025_BMC_Banffy-palota_0817_190220_4715_SZZ-scaled.jpg\" \/>\n\t<meta property=\"og:image:width\" content=\"2560\" \/>\n\t<meta property=\"og:image:height\" content=\"1707\" \/>\n\t<meta property=\"og:image:type\" content=\"image\/jpeg\" \/>\n<meta name=\"author\" content=\"Iroda KMN\" \/>\n<meta name=\"twitter:card\" content=\"summary_large_image\" \/>\n<meta name=\"twitter:label1\" content=\"Szerz\u0151:\" \/>\n\t<meta name=\"twitter:data1\" content=\"Iroda KMN\" \/>\n\t<meta name=\"twitter:label2\" content=\"Becs\u00fclt olvas\u00e1si id\u0151\" \/>\n\t<meta name=\"twitter:data2\" content=\"2 perc\" \/>\n<script type=\"application\/ld+json\" class=\"yoast-schema-graph\">{\"@context\":\"https:\/\/schema.org\",\"@graph\":[{\"@type\":\"Article\",\"@id\":\"https:\/\/magyarnapok.ro\/2025\/megnyilt-a-barabas-miklos-ceh-egyedulallo-kiallitasa\/#article\",\"isPartOf\":{\"@id\":\"https:\/\/magyarnapok.ro\/2025\/megnyilt-a-barabas-miklos-ceh-egyedulallo-kiallitasa\/\"},\"author\":{\"name\":\"Iroda KMN\",\"@id\":\"https:\/\/magyarnapok.ro\/2025\/#\/schema\/person\/77f0be48cec9cbb561eae4af9718e407\"},\"headline\":\"Megny\u00edlt a Barab\u00e1s Mikl\u00f3s C\u00e9h egyed\u00fcl\u00e1ll\u00f3 ki\u00e1ll\u00edt\u00e1sa\",\"datePublished\":\"2025-08-19T11:56:44+00:00\",\"dateModified\":\"2025-08-19T14:22:44+00:00\",\"mainEntityOfPage\":{\"@id\":\"https:\/\/magyarnapok.ro\/2025\/megnyilt-a-barabas-miklos-ceh-egyedulallo-kiallitasa\/\"},\"wordCount\":573,\"publisher\":{\"@id\":\"https:\/\/magyarnapok.ro\/2025\/#organization\"},\"image\":{\"@id\":\"https:\/\/magyarnapok.ro\/2025\/megnyilt-a-barabas-miklos-ceh-egyedulallo-kiallitasa\/#primaryimage\"},\"thumbnailUrl\":\"https:\/\/magyarnapok.ro\/2025\/wp-content\/uploads\/2025\/08\/KMN2025_BMC_Banffy-palota_0817_190220_4715_SZZ-scaled.jpg\",\"inLanguage\":\"hu\"},{\"@type\":\"WebPage\",\"@id\":\"https:\/\/magyarnapok.ro\/2025\/megnyilt-a-barabas-miklos-ceh-egyedulallo-kiallitasa\/\",\"url\":\"https:\/\/magyarnapok.ro\/2025\/megnyilt-a-barabas-miklos-ceh-egyedulallo-kiallitasa\/\",\"name\":\"Megny\u00edlt a Barab\u00e1s Mikl\u00f3s C\u00e9h egyed\u00fcl\u00e1ll\u00f3 ki\u00e1ll\u00edt\u00e1sa - Kolozsv\u00e1ri Magyar Napok 2025\",\"isPartOf\":{\"@id\":\"https:\/\/magyarnapok.ro\/2025\/#website\"},\"primaryImageOfPage\":{\"@id\":\"https:\/\/magyarnapok.ro\/2025\/megnyilt-a-barabas-miklos-ceh-egyedulallo-kiallitasa\/#primaryimage\"},\"image\":{\"@id\":\"https:\/\/magyarnapok.ro\/2025\/megnyilt-a-barabas-miklos-ceh-egyedulallo-kiallitasa\/#primaryimage\"},\"thumbnailUrl\":\"https:\/\/magyarnapok.ro\/2025\/wp-content\/uploads\/2025\/08\/KMN2025_BMC_Banffy-palota_0817_190220_4715_SZZ-scaled.jpg\",\"datePublished\":\"2025-08-19T11:56:44+00:00\",\"dateModified\":\"2025-08-19T14:22:44+00:00\",\"description\":\"A B\u00e1nffy-palot\u00e1ban m\u0171k\u00f6d\u0151 Kolozsv\u00e1ri M\u0171v\u00e9szeti M\u00fazeum \u00f6sszes ki\u00e1ll\u00edt\u00f3ter\u00e9t bet\u00f6lt\u0151, t\u00f6bb mint 350 alkot\u00e1s\u00e1t bemutat\u00f3 egyedi t\u00e1rlatot nyitottak meg.\",\"breadcrumb\":{\"@id\":\"https:\/\/magyarnapok.ro\/2025\/megnyilt-a-barabas-miklos-ceh-egyedulallo-kiallitasa\/#breadcrumb\"},\"inLanguage\":\"hu\",\"potentialAction\":[{\"@type\":\"ReadAction\",\"target\":[\"https:\/\/magyarnapok.ro\/2025\/megnyilt-a-barabas-miklos-ceh-egyedulallo-kiallitasa\/\"]}]},{\"@type\":\"ImageObject\",\"inLanguage\":\"hu\",\"@id\":\"https:\/\/magyarnapok.ro\/2025\/megnyilt-a-barabas-miklos-ceh-egyedulallo-kiallitasa\/#primaryimage\",\"url\":\"https:\/\/magyarnapok.ro\/2025\/wp-content\/uploads\/2025\/08\/KMN2025_BMC_Banffy-palota_0817_190220_4715_SZZ-scaled.jpg\",\"contentUrl\":\"https:\/\/magyarnapok.ro\/2025\/wp-content\/uploads\/2025\/08\/KMN2025_BMC_Banffy-palota_0817_190220_4715_SZZ-scaled.jpg\",\"width\":2560,\"height\":1707},{\"@type\":\"BreadcrumbList\",\"@id\":\"https:\/\/magyarnapok.ro\/2025\/megnyilt-a-barabas-miklos-ceh-egyedulallo-kiallitasa\/#breadcrumb\",\"itemListElement\":[{\"@type\":\"ListItem\",\"position\":1,\"name\":\"Kezd\u0151lap\",\"item\":\"https:\/\/magyarnapok.ro\/2025\/\"},{\"@type\":\"ListItem\",\"position\":2,\"name\":\"Megny\u00edlt a Barab\u00e1s Mikl\u00f3s C\u00e9h egyed\u00fcl\u00e1ll\u00f3 ki\u00e1ll\u00edt\u00e1sa\"}]},{\"@type\":\"WebSite\",\"@id\":\"https:\/\/magyarnapok.ro\/2025\/#website\",\"url\":\"https:\/\/magyarnapok.ro\/2025\/\",\"name\":\"Kolozsv\u00e1ri Magyar Napok 2025\",\"description\":\"Helyben vagyunk!\",\"publisher\":{\"@id\":\"https:\/\/magyarnapok.ro\/2025\/#organization\"},\"potentialAction\":[{\"@type\":\"SearchAction\",\"target\":{\"@type\":\"EntryPoint\",\"urlTemplate\":\"https:\/\/magyarnapok.ro\/2025\/?s={search_term_string}\"},\"query-input\":{\"@type\":\"PropertyValueSpecification\",\"valueRequired\":true,\"valueName\":\"search_term_string\"}}],\"inLanguage\":\"hu\"},{\"@type\":\"Organization\",\"@id\":\"https:\/\/magyarnapok.ro\/2025\/#organization\",\"name\":\"Kolozsv\u00e1ri Magyar Napok 2025\",\"url\":\"https:\/\/magyarnapok.ro\/2025\/\",\"logo\":{\"@type\":\"ImageObject\",\"inLanguage\":\"hu\",\"@id\":\"https:\/\/magyarnapok.ro\/2025\/#\/schema\/logo\/image\/\",\"url\":\"https:\/\/magyarnapok.ro\/2025\/wp-content\/uploads\/2024\/03\/KMN2023-www-logo-01.png\",\"contentUrl\":\"https:\/\/magyarnapok.ro\/2025\/wp-content\/uploads\/2024\/03\/KMN2023-www-logo-01.png\",\"width\":762,\"height\":589,\"caption\":\"Kolozsv\u00e1ri Magyar Napok 2025\"},\"image\":{\"@id\":\"https:\/\/magyarnapok.ro\/2025\/#\/schema\/logo\/image\/\"},\"sameAs\":[\"https:\/\/www.facebook.com\/magyarnapok\",\"https:\/\/www.instagram.com\/magyarnapok\/\",\"https:\/\/www.youtube.com\/c\/KolozsvriMagyarNapok2015\",\"https:\/\/www.tiktok.com\/@kmn_kolozsvar\"]},{\"@type\":\"Person\",\"@id\":\"https:\/\/magyarnapok.ro\/2025\/#\/schema\/person\/77f0be48cec9cbb561eae4af9718e407\",\"name\":\"Iroda KMN\",\"image\":{\"@type\":\"ImageObject\",\"inLanguage\":\"hu\",\"@id\":\"https:\/\/magyarnapok.ro\/2025\/#\/schema\/person\/image\/\",\"url\":\"https:\/\/secure.gravatar.com\/avatar\/c76a009583d28b0444c57ef343316473da696b522d992ebb64dac6b650ae5da9?s=96&d=mm&r=g\",\"contentUrl\":\"https:\/\/secure.gravatar.com\/avatar\/c76a009583d28b0444c57ef343316473da696b522d992ebb64dac6b650ae5da9?s=96&d=mm&r=g\",\"caption\":\"Iroda KMN\"},\"url\":\"https:\/\/magyarnapok.ro\/2025\/author\/kmn_iroda\/\"}]}<\/script>\n<!-- \/ Yoast SEO plugin. -->","yoast_head_json":{"title":"Megny\u00edlt a Barab\u00e1s Mikl\u00f3s C\u00e9h egyed\u00fcl\u00e1ll\u00f3 ki\u00e1ll\u00edt\u00e1sa - Kolozsv\u00e1ri Magyar Napok 2025","description":"A B\u00e1nffy-palot\u00e1ban m\u0171k\u00f6d\u0151 Kolozsv\u00e1ri M\u0171v\u00e9szeti M\u00fazeum \u00f6sszes ki\u00e1ll\u00edt\u00f3ter\u00e9t bet\u00f6lt\u0151, t\u00f6bb mint 350 alkot\u00e1s\u00e1t bemutat\u00f3 egyedi t\u00e1rlatot nyitottak meg.","robots":{"index":"index","follow":"follow","max-snippet":"max-snippet:-1","max-image-preview":"max-image-preview:large","max-video-preview":"max-video-preview:-1"},"canonical":"https:\/\/magyarnapok.ro\/2025\/megnyilt-a-barabas-miklos-ceh-egyedulallo-kiallitasa\/","og_locale":"hu_HU","og_type":"article","og_title":"Megny\u00edlt a Barab\u00e1s Mikl\u00f3s C\u00e9h egyed\u00fcl\u00e1ll\u00f3 ki\u00e1ll\u00edt\u00e1sa - Kolozsv\u00e1ri Magyar Napok 2025","og_description":"A B\u00e1nffy-palot\u00e1ban m\u0171k\u00f6d\u0151 Kolozsv\u00e1ri M\u0171v\u00e9szeti M\u00fazeum \u00f6sszes ki\u00e1ll\u00edt\u00f3ter\u00e9t bet\u00f6lt\u0151, t\u00f6bb mint 350 alkot\u00e1s\u00e1t bemutat\u00f3 egyedi t\u00e1rlatot nyitottak meg.","og_url":"https:\/\/magyarnapok.ro\/2025\/megnyilt-a-barabas-miklos-ceh-egyedulallo-kiallitasa\/","og_site_name":"Kolozsv\u00e1ri Magyar Napok 2025","article_publisher":"https:\/\/www.facebook.com\/magyarnapok","article_published_time":"2025-08-19T11:56:44+00:00","article_modified_time":"2025-08-19T14:22:44+00:00","og_image":[{"width":2560,"height":1707,"url":"https:\/\/magyarnapok.ro\/2025\/wp-content\/uploads\/2025\/08\/KMN2025_BMC_Banffy-palota_0817_190220_4715_SZZ-scaled.jpg","type":"image\/jpeg"}],"author":"Iroda KMN","twitter_card":"summary_large_image","twitter_misc":{"Szerz\u0151:":"Iroda KMN","Becs\u00fclt olvas\u00e1si id\u0151":"2 perc"},"schema":{"@context":"https:\/\/schema.org","@graph":[{"@type":"Article","@id":"https:\/\/magyarnapok.ro\/2025\/megnyilt-a-barabas-miklos-ceh-egyedulallo-kiallitasa\/#article","isPartOf":{"@id":"https:\/\/magyarnapok.ro\/2025\/megnyilt-a-barabas-miklos-ceh-egyedulallo-kiallitasa\/"},"author":{"name":"Iroda KMN","@id":"https:\/\/magyarnapok.ro\/2025\/#\/schema\/person\/77f0be48cec9cbb561eae4af9718e407"},"headline":"Megny\u00edlt a Barab\u00e1s Mikl\u00f3s C\u00e9h egyed\u00fcl\u00e1ll\u00f3 ki\u00e1ll\u00edt\u00e1sa","datePublished":"2025-08-19T11:56:44+00:00","dateModified":"2025-08-19T14:22:44+00:00","mainEntityOfPage":{"@id":"https:\/\/magyarnapok.ro\/2025\/megnyilt-a-barabas-miklos-ceh-egyedulallo-kiallitasa\/"},"wordCount":573,"publisher":{"@id":"https:\/\/magyarnapok.ro\/2025\/#organization"},"image":{"@id":"https:\/\/magyarnapok.ro\/2025\/megnyilt-a-barabas-miklos-ceh-egyedulallo-kiallitasa\/#primaryimage"},"thumbnailUrl":"https:\/\/magyarnapok.ro\/2025\/wp-content\/uploads\/2025\/08\/KMN2025_BMC_Banffy-palota_0817_190220_4715_SZZ-scaled.jpg","inLanguage":"hu"},{"@type":"WebPage","@id":"https:\/\/magyarnapok.ro\/2025\/megnyilt-a-barabas-miklos-ceh-egyedulallo-kiallitasa\/","url":"https:\/\/magyarnapok.ro\/2025\/megnyilt-a-barabas-miklos-ceh-egyedulallo-kiallitasa\/","name":"Megny\u00edlt a Barab\u00e1s Mikl\u00f3s C\u00e9h egyed\u00fcl\u00e1ll\u00f3 ki\u00e1ll\u00edt\u00e1sa - Kolozsv\u00e1ri Magyar Napok 2025","isPartOf":{"@id":"https:\/\/magyarnapok.ro\/2025\/#website"},"primaryImageOfPage":{"@id":"https:\/\/magyarnapok.ro\/2025\/megnyilt-a-barabas-miklos-ceh-egyedulallo-kiallitasa\/#primaryimage"},"image":{"@id":"https:\/\/magyarnapok.ro\/2025\/megnyilt-a-barabas-miklos-ceh-egyedulallo-kiallitasa\/#primaryimage"},"thumbnailUrl":"https:\/\/magyarnapok.ro\/2025\/wp-content\/uploads\/2025\/08\/KMN2025_BMC_Banffy-palota_0817_190220_4715_SZZ-scaled.jpg","datePublished":"2025-08-19T11:56:44+00:00","dateModified":"2025-08-19T14:22:44+00:00","description":"A B\u00e1nffy-palot\u00e1ban m\u0171k\u00f6d\u0151 Kolozsv\u00e1ri M\u0171v\u00e9szeti M\u00fazeum \u00f6sszes ki\u00e1ll\u00edt\u00f3ter\u00e9t bet\u00f6lt\u0151, t\u00f6bb mint 350 alkot\u00e1s\u00e1t bemutat\u00f3 egyedi t\u00e1rlatot nyitottak meg.","breadcrumb":{"@id":"https:\/\/magyarnapok.ro\/2025\/megnyilt-a-barabas-miklos-ceh-egyedulallo-kiallitasa\/#breadcrumb"},"inLanguage":"hu","potentialAction":[{"@type":"ReadAction","target":["https:\/\/magyarnapok.ro\/2025\/megnyilt-a-barabas-miklos-ceh-egyedulallo-kiallitasa\/"]}]},{"@type":"ImageObject","inLanguage":"hu","@id":"https:\/\/magyarnapok.ro\/2025\/megnyilt-a-barabas-miklos-ceh-egyedulallo-kiallitasa\/#primaryimage","url":"https:\/\/magyarnapok.ro\/2025\/wp-content\/uploads\/2025\/08\/KMN2025_BMC_Banffy-palota_0817_190220_4715_SZZ-scaled.jpg","contentUrl":"https:\/\/magyarnapok.ro\/2025\/wp-content\/uploads\/2025\/08\/KMN2025_BMC_Banffy-palota_0817_190220_4715_SZZ-scaled.jpg","width":2560,"height":1707},{"@type":"BreadcrumbList","@id":"https:\/\/magyarnapok.ro\/2025\/megnyilt-a-barabas-miklos-ceh-egyedulallo-kiallitasa\/#breadcrumb","itemListElement":[{"@type":"ListItem","position":1,"name":"Kezd\u0151lap","item":"https:\/\/magyarnapok.ro\/2025\/"},{"@type":"ListItem","position":2,"name":"Megny\u00edlt a Barab\u00e1s Mikl\u00f3s C\u00e9h egyed\u00fcl\u00e1ll\u00f3 ki\u00e1ll\u00edt\u00e1sa"}]},{"@type":"WebSite","@id":"https:\/\/magyarnapok.ro\/2025\/#website","url":"https:\/\/magyarnapok.ro\/2025\/","name":"Kolozsv\u00e1ri Magyar Napok 2025","description":"Helyben vagyunk!","publisher":{"@id":"https:\/\/magyarnapok.ro\/2025\/#organization"},"potentialAction":[{"@type":"SearchAction","target":{"@type":"EntryPoint","urlTemplate":"https:\/\/magyarnapok.ro\/2025\/?s={search_term_string}"},"query-input":{"@type":"PropertyValueSpecification","valueRequired":true,"valueName":"search_term_string"}}],"inLanguage":"hu"},{"@type":"Organization","@id":"https:\/\/magyarnapok.ro\/2025\/#organization","name":"Kolozsv\u00e1ri Magyar Napok 2025","url":"https:\/\/magyarnapok.ro\/2025\/","logo":{"@type":"ImageObject","inLanguage":"hu","@id":"https:\/\/magyarnapok.ro\/2025\/#\/schema\/logo\/image\/","url":"https:\/\/magyarnapok.ro\/2025\/wp-content\/uploads\/2024\/03\/KMN2023-www-logo-01.png","contentUrl":"https:\/\/magyarnapok.ro\/2025\/wp-content\/uploads\/2024\/03\/KMN2023-www-logo-01.png","width":762,"height":589,"caption":"Kolozsv\u00e1ri Magyar Napok 2025"},"image":{"@id":"https:\/\/magyarnapok.ro\/2025\/#\/schema\/logo\/image\/"},"sameAs":["https:\/\/www.facebook.com\/magyarnapok","https:\/\/www.instagram.com\/magyarnapok\/","https:\/\/www.youtube.com\/c\/KolozsvriMagyarNapok2015","https:\/\/www.tiktok.com\/@kmn_kolozsvar"]},{"@type":"Person","@id":"https:\/\/magyarnapok.ro\/2025\/#\/schema\/person\/77f0be48cec9cbb561eae4af9718e407","name":"Iroda KMN","image":{"@type":"ImageObject","inLanguage":"hu","@id":"https:\/\/magyarnapok.ro\/2025\/#\/schema\/person\/image\/","url":"https:\/\/secure.gravatar.com\/avatar\/c76a009583d28b0444c57ef343316473da696b522d992ebb64dac6b650ae5da9?s=96&d=mm&r=g","contentUrl":"https:\/\/secure.gravatar.com\/avatar\/c76a009583d28b0444c57ef343316473da696b522d992ebb64dac6b650ae5da9?s=96&d=mm&r=g","caption":"Iroda KMN"},"url":"https:\/\/magyarnapok.ro\/2025\/author\/kmn_iroda\/"}]}},"lang":"hu","translations":{"hu":8731},"pll_sync_post":[],"_links":{"self":[{"href":"https:\/\/magyarnapok.ro\/2025\/wp-json\/wp\/v2\/posts\/8731","targetHints":{"allow":["GET"]}}],"collection":[{"href":"https:\/\/magyarnapok.ro\/2025\/wp-json\/wp\/v2\/posts"}],"about":[{"href":"https:\/\/magyarnapok.ro\/2025\/wp-json\/wp\/v2\/types\/post"}],"author":[{"embeddable":true,"href":"https:\/\/magyarnapok.ro\/2025\/wp-json\/wp\/v2\/users\/6"}],"replies":[{"embeddable":true,"href":"https:\/\/magyarnapok.ro\/2025\/wp-json\/wp\/v2\/comments?post=8731"}],"version-history":[{"count":3,"href":"https:\/\/magyarnapok.ro\/2025\/wp-json\/wp\/v2\/posts\/8731\/revisions"}],"predecessor-version":[{"id":8755,"href":"https:\/\/magyarnapok.ro\/2025\/wp-json\/wp\/v2\/posts\/8731\/revisions\/8755"}],"wp:featuredmedia":[{"embeddable":true,"href":"https:\/\/magyarnapok.ro\/2025\/wp-json\/wp\/v2\/media\/8732"}],"wp:attachment":[{"href":"https:\/\/magyarnapok.ro\/2025\/wp-json\/wp\/v2\/media?parent=8731"}],"wp:term":[{"taxonomy":"category","embeddable":true,"href":"https:\/\/magyarnapok.ro\/2025\/wp-json\/wp\/v2\/categories?post=8731"},{"taxonomy":"post_tag","embeddable":true,"href":"https:\/\/magyarnapok.ro\/2025\/wp-json\/wp\/v2\/tags?post=8731"}],"curies":[{"name":"wp","href":"https:\/\/api.w.org\/{rel}","templated":true}]}}