{"id":8744,"date":"2025-08-19T16:07:07","date_gmt":"2025-08-19T13:07:07","guid":{"rendered":"https:\/\/magyarnapok.ro\/2025\/?p=8744"},"modified":"2025-08-19T17:21:43","modified_gmt":"2025-08-19T14:21:43","slug":"kolozsvar-az-1930-as-evekben-gy-szabo-bela-emlekkiallitas","status":"publish","type":"post","link":"https:\/\/magyarnapok.ro\/2025\/kolozsvar-az-1930-as-evekben-gy-szabo-bela-emlekkiallitas\/","title":{"rendered":"Kolozsv\u00e1r az 1930-as \u00e9vekben \u2013 Gy. Szab\u00f3 B\u00e9la eml\u00e9kki\u00e1ll\u00edt\u00e1s"},"content":{"rendered":"\n<p>Megnyitott\u00e1k az Ars Sacra Claudiopolitana Egyh\u00e1zm\u0171v\u00e9szeti Gal\u00e9ri\u00e1ban azt a nagyszab\u00e1s\u00fa t\u00e1rlatot, amelyet Gy. Szab\u00f3 B\u00e9la eml\u00e9k\u00e9re \u2013 egyfajta aj\u00e1nd\u00e9kk\u00e9nt \u2013 t\u00e1rt a Magyar Napok k\u00f6z\u00f6ns\u00e9ge el\u00e9 Ferenczy Mikl\u00f3s, a m\u0171v\u00e9sz hagyat\u00e9k\u00e1nak gondoz\u00f3ja.<\/p>\n\n\n\n<p>Gy. Szab\u00f3 B\u00e9la Gyulafeh\u00e9rv\u00e1ron sz\u00fcletett 1905-ben, majd 1931-ben Kolozsv\u00e1ron telepedett le. A m\u0171v\u00e9sz ugyan munk\u00e1hoz jutott a kincses v\u00e1rosban, de k\u00e9s\u0151bb meg kellett tapasztalnia a n\u00e9lk\u00fcl\u00f6z\u00e9st is, amikor a t\u00f6rt\u00e9nelem vihar\u00e1ban munkahely\u00e9t megsz\u00fcntett\u00e9k. Ett\u0151l kezdve m\u00e1r csak a m\u0171v\u00e9szetnek \u00e9lt. P\u00e1ly\u00e1ja elej\u00e9n a pasztellek \u00e9s sz\u00e9nrajzok t\u00f6mkeleg\u00e9t alkotta meg, majd k\u00e9s\u0151bb K\u00f3s K\u00e1roly javaslat\u00e1ra kezdett fametszettel foglalkozni, amely kifejez\u00e9sm\u00f3dj\u00e1nak legismertebb form\u00e1j\u00e1v\u00e1 v\u00e1lt. Gy. Szab\u00f3 t\u00e9m\u00e1k sz\u00e9les palett\u00e1j\u00e1t k\u00f6r\u00fclj\u00e1rta, de \u00e9letm\u0171v\u00e9nek eg\u00e9sz\u00e9re jellemz\u0151 maradt Kolozsv\u00e1r ezer arc\u00e1nak megjelen\u00edt\u00e9se. A val\u00f3di embert kereste, val\u00f3s k\u00f6rnyezetben, \u00e9ppen ez\u00e9rt m\u0171v\u00e9szet\u00e9ben \u00e9pp\u00fagy megjelenik a kolozsv\u00e1ri nyomor vagy a mindennapi \u00e9let trivialit\u00e1sa, mint a pomp\u00e1s \u00e9p\u00edtett \u00f6r\u00f6ks\u00e9g. A m\u0171v\u00e9sz hal\u00e1la ut\u00e1n hagyat\u00e9k\u00e1t Ferenczy Mikl\u00f3s \u0151rizte \u00e9s tartotta \u00e9letben. Sz\u00e1mos ki\u00e1ll\u00edt\u00e1st hozott l\u00e9tre, amelyek seg\u00edts\u00e9g\u00e9vel Gy. Szab\u00f3 B\u00e9la szerves r\u00e9sze maradt a m\u0171v\u00e9szetkedvel\u0151k vil\u00e1g\u00e1nak.<\/p>\n\n\n\n<p>Ferenczy Mikl\u00f3s a ki\u00e1ll\u00edt\u00e1s megnyit\u00f3j\u00e1n elmondta: \u201e2016-ban nyugalmazott lelk\u00e9sz lettem. Az\u00f3ta igyekszem \u00fajra \u00e9s \u00fajra Gy. Szab\u00f3 B\u00e9la olyan munk\u00e1it bemutatni, amelyek meglepik a k\u00f6z\u00f6ns\u00e9get. Ez is egy ilyen egyedinek mondhat\u00f3 t\u00e1rlat, ahol a ki\u00e1ll\u00edtott munk\u00e1k fel\u00e9t m\u00e9g sosem l\u00e1thatta a nagyk\u00f6z\u00f6ns\u00e9g. Ugyanakkor rem\u00e9lem, hogy aki ide elj\u00f6n, az nem csak meglep\u0151dik, hanem \u00f6r\u00f6m\u00e9t leli abban, hogy egy kicsit elid\u0151zz\u00f6n a ki\u00e1ll\u00edt\u00e1son. Az\u00e9rt k\u00e9sz\u00edtettem, hogy az id\u0151sebb gener\u00e1ci\u00f3 visszaeml\u00e9kezhessen arra a Kolozsv\u00e1rra, amelyet m\u00e1r csak k\u00e9pekr\u0151l ismerhet\u00fcnk, illetve, hogy a fiatalabbakat r\u00e1d\u00f6bbentsem, hogy Kolozsv\u00e1r ilyen is volt, ez is hozz\u00e1tartozik v\u00e1rosunk t\u00f6rt\u00e9net\u00e9hez. Mondjuk, \u00e9nekelj\u00fck, hogy sz\u00e9p v\u00e1ros Kolozsv\u00e1r. A ki\u00e1ll\u00edt\u00e1s c\u00e9lja r\u00e1vil\u00e1g\u00edtani, hogy val\u00f3ban sz\u00e9p. Sz\u00e9p emberekkel, sz\u00e9p eml\u00e9kekkel \u00e9s ha ebbe az eml\u00e9kez\u00e9sbe bele tudunk kapcsol\u00f3dni, akkor a saj\u00e1t \u00e9let\u00fcnket is szebb\u00e9 tudjuk tenni \u00e1ltala.\u201d<\/p>\n\n\n\n<p>A t\u00e1rlat megtekinthet\u0151 a Kolozsv\u00e1ri Magyar Napok teljes id\u0151tartama alatt, a Szentegyh\u00e1z utcai ki\u00e1ll\u00edt\u00f3t\u00e9rben.<\/p>\n","protected":false},"excerpt":{"rendered":"<p>Megnyitott\u00e1k az Ars Sacra Claudiopolitana Egyh\u00e1zm\u0171v\u00e9szeti Gal\u00e9ri\u00e1ban..<\/p>\n","protected":false},"author":6,"featured_media":8745,"comment_status":"closed","ping_status":"open","sticky":false,"template":"","format":"standard","meta":{"_acf_changed":false,"footnotes":""},"categories":[1],"tags":[],"class_list":["post-8744","post","type-post","status-publish","format-standard","has-post-thumbnail","hentry","category-egyeb"],"acf":[],"yoast_head":"<!-- This site is optimized with the Yoast SEO plugin v25.5 - https:\/\/yoast.com\/wordpress\/plugins\/seo\/ -->\n<title>Kolozsv\u00e1r az 1930-as \u00e9vekben \u2013 Gy. Szab\u00f3 B\u00e9la eml\u00e9kki\u00e1ll\u00edt\u00e1s - Kolozsv\u00e1ri Magyar Napok 2025<\/title>\n<meta name=\"description\" content=\"Megnyitott\u00e1k az Ars Sacra Claudiopolitana Egyh\u00e1zm\u0171v\u00e9szeti Gal\u00e9ri\u00e1ban azt a nagyszab\u00e1s\u00fa t\u00e1rlatot, amelyet Gy. Szab\u00f3 B\u00e9la eml\u00e9k\u00e9re...\" \/>\n<meta name=\"robots\" content=\"index, follow, max-snippet:-1, max-image-preview:large, max-video-preview:-1\" \/>\n<link rel=\"canonical\" href=\"https:\/\/magyarnapok.ro\/2025\/kolozsvar-az-1930-as-evekben-gy-szabo-bela-emlekkiallitas\/\" \/>\n<meta property=\"og:locale\" content=\"hu_HU\" \/>\n<meta property=\"og:type\" content=\"article\" \/>\n<meta property=\"og:title\" content=\"Kolozsv\u00e1r az 1930-as \u00e9vekben \u2013 Gy. Szab\u00f3 B\u00e9la eml\u00e9kki\u00e1ll\u00edt\u00e1s - Kolozsv\u00e1ri Magyar Napok 2025\" \/>\n<meta property=\"og:description\" content=\"Megnyitott\u00e1k az Ars Sacra Claudiopolitana Egyh\u00e1zm\u0171v\u00e9szeti Gal\u00e9ri\u00e1ban azt a nagyszab\u00e1s\u00fa t\u00e1rlatot, amelyet Gy. Szab\u00f3 B\u00e9la eml\u00e9k\u00e9re...\" \/>\n<meta property=\"og:url\" content=\"https:\/\/magyarnapok.ro\/2025\/kolozsvar-az-1930-as-evekben-gy-szabo-bela-emlekkiallitas\/\" \/>\n<meta property=\"og:site_name\" content=\"Kolozsv\u00e1ri Magyar Napok 2025\" \/>\n<meta property=\"article:publisher\" content=\"https:\/\/www.facebook.com\/magyarnapok\" \/>\n<meta property=\"article:published_time\" content=\"2025-08-19T13:07:07+00:00\" \/>\n<meta property=\"article:modified_time\" content=\"2025-08-19T14:21:43+00:00\" \/>\n<meta property=\"og:image\" content=\"https:\/\/magyarnapok.ro\/2025\/wp-content\/uploads\/2025\/08\/kmn2025_gy-szabo-bela_kiallitas_0817_17170055_0007_VLB-scaled.jpg\" \/>\n\t<meta property=\"og:image:width\" content=\"2560\" \/>\n\t<meta property=\"og:image:height\" content=\"1706\" \/>\n\t<meta property=\"og:image:type\" content=\"image\/jpeg\" \/>\n<meta name=\"author\" content=\"Iroda KMN\" \/>\n<meta name=\"twitter:card\" content=\"summary_large_image\" \/>\n<meta name=\"twitter:label1\" content=\"Szerz\u0151:\" \/>\n\t<meta name=\"twitter:data1\" content=\"Iroda KMN\" \/>\n\t<meta name=\"twitter:label2\" content=\"Becs\u00fclt olvas\u00e1si id\u0151\" \/>\n\t<meta name=\"twitter:data2\" content=\"2 perc\" \/>\n<script type=\"application\/ld+json\" class=\"yoast-schema-graph\">{\"@context\":\"https:\/\/schema.org\",\"@graph\":[{\"@type\":\"Article\",\"@id\":\"https:\/\/magyarnapok.ro\/2025\/kolozsvar-az-1930-as-evekben-gy-szabo-bela-emlekkiallitas\/#article\",\"isPartOf\":{\"@id\":\"https:\/\/magyarnapok.ro\/2025\/kolozsvar-az-1930-as-evekben-gy-szabo-bela-emlekkiallitas\/\"},\"author\":{\"name\":\"Iroda KMN\",\"@id\":\"https:\/\/magyarnapok.ro\/2025\/#\/schema\/person\/77f0be48cec9cbb561eae4af9718e407\"},\"headline\":\"Kolozsv\u00e1r az 1930-as \u00e9vekben \u2013 Gy. Szab\u00f3 B\u00e9la eml\u00e9kki\u00e1ll\u00edt\u00e1s\",\"datePublished\":\"2025-08-19T13:07:07+00:00\",\"dateModified\":\"2025-08-19T14:21:43+00:00\",\"mainEntityOfPage\":{\"@id\":\"https:\/\/magyarnapok.ro\/2025\/kolozsvar-az-1930-as-evekben-gy-szabo-bela-emlekkiallitas\/\"},\"wordCount\":510,\"publisher\":{\"@id\":\"https:\/\/magyarnapok.ro\/2025\/#organization\"},\"image\":{\"@id\":\"https:\/\/magyarnapok.ro\/2025\/kolozsvar-az-1930-as-evekben-gy-szabo-bela-emlekkiallitas\/#primaryimage\"},\"thumbnailUrl\":\"https:\/\/magyarnapok.ro\/2025\/wp-content\/uploads\/2025\/08\/kmn2025_gy-szabo-bela_kiallitas_0817_17170055_0007_VLB-scaled.jpg\",\"inLanguage\":\"hu\"},{\"@type\":\"WebPage\",\"@id\":\"https:\/\/magyarnapok.ro\/2025\/kolozsvar-az-1930-as-evekben-gy-szabo-bela-emlekkiallitas\/\",\"url\":\"https:\/\/magyarnapok.ro\/2025\/kolozsvar-az-1930-as-evekben-gy-szabo-bela-emlekkiallitas\/\",\"name\":\"Kolozsv\u00e1r az 1930-as \u00e9vekben \u2013 Gy. Szab\u00f3 B\u00e9la eml\u00e9kki\u00e1ll\u00edt\u00e1s - Kolozsv\u00e1ri Magyar Napok 2025\",\"isPartOf\":{\"@id\":\"https:\/\/magyarnapok.ro\/2025\/#website\"},\"primaryImageOfPage\":{\"@id\":\"https:\/\/magyarnapok.ro\/2025\/kolozsvar-az-1930-as-evekben-gy-szabo-bela-emlekkiallitas\/#primaryimage\"},\"image\":{\"@id\":\"https:\/\/magyarnapok.ro\/2025\/kolozsvar-az-1930-as-evekben-gy-szabo-bela-emlekkiallitas\/#primaryimage\"},\"thumbnailUrl\":\"https:\/\/magyarnapok.ro\/2025\/wp-content\/uploads\/2025\/08\/kmn2025_gy-szabo-bela_kiallitas_0817_17170055_0007_VLB-scaled.jpg\",\"datePublished\":\"2025-08-19T13:07:07+00:00\",\"dateModified\":\"2025-08-19T14:21:43+00:00\",\"description\":\"Megnyitott\u00e1k az Ars Sacra Claudiopolitana Egyh\u00e1zm\u0171v\u00e9szeti Gal\u00e9ri\u00e1ban azt a nagyszab\u00e1s\u00fa t\u00e1rlatot, amelyet Gy. Szab\u00f3 B\u00e9la eml\u00e9k\u00e9re...\",\"breadcrumb\":{\"@id\":\"https:\/\/magyarnapok.ro\/2025\/kolozsvar-az-1930-as-evekben-gy-szabo-bela-emlekkiallitas\/#breadcrumb\"},\"inLanguage\":\"hu\",\"potentialAction\":[{\"@type\":\"ReadAction\",\"target\":[\"https:\/\/magyarnapok.ro\/2025\/kolozsvar-az-1930-as-evekben-gy-szabo-bela-emlekkiallitas\/\"]}]},{\"@type\":\"ImageObject\",\"inLanguage\":\"hu\",\"@id\":\"https:\/\/magyarnapok.ro\/2025\/kolozsvar-az-1930-as-evekben-gy-szabo-bela-emlekkiallitas\/#primaryimage\",\"url\":\"https:\/\/magyarnapok.ro\/2025\/wp-content\/uploads\/2025\/08\/kmn2025_gy-szabo-bela_kiallitas_0817_17170055_0007_VLB-scaled.jpg\",\"contentUrl\":\"https:\/\/magyarnapok.ro\/2025\/wp-content\/uploads\/2025\/08\/kmn2025_gy-szabo-bela_kiallitas_0817_17170055_0007_VLB-scaled.jpg\",\"width\":2560,\"height\":1706},{\"@type\":\"BreadcrumbList\",\"@id\":\"https:\/\/magyarnapok.ro\/2025\/kolozsvar-az-1930-as-evekben-gy-szabo-bela-emlekkiallitas\/#breadcrumb\",\"itemListElement\":[{\"@type\":\"ListItem\",\"position\":1,\"name\":\"Kezd\u0151lap\",\"item\":\"https:\/\/magyarnapok.ro\/2025\/\"},{\"@type\":\"ListItem\",\"position\":2,\"name\":\"Kolozsv\u00e1r az 1930-as \u00e9vekben \u2013 Gy. Szab\u00f3 B\u00e9la eml\u00e9kki\u00e1ll\u00edt\u00e1s\"}]},{\"@type\":\"WebSite\",\"@id\":\"https:\/\/magyarnapok.ro\/2025\/#website\",\"url\":\"https:\/\/magyarnapok.ro\/2025\/\",\"name\":\"Kolozsv\u00e1ri Magyar Napok 2025\",\"description\":\"Helyben vagyunk!\",\"publisher\":{\"@id\":\"https:\/\/magyarnapok.ro\/2025\/#organization\"},\"potentialAction\":[{\"@type\":\"SearchAction\",\"target\":{\"@type\":\"EntryPoint\",\"urlTemplate\":\"https:\/\/magyarnapok.ro\/2025\/?s={search_term_string}\"},\"query-input\":{\"@type\":\"PropertyValueSpecification\",\"valueRequired\":true,\"valueName\":\"search_term_string\"}}],\"inLanguage\":\"hu\"},{\"@type\":\"Organization\",\"@id\":\"https:\/\/magyarnapok.ro\/2025\/#organization\",\"name\":\"Kolozsv\u00e1ri Magyar Napok 2025\",\"url\":\"https:\/\/magyarnapok.ro\/2025\/\",\"logo\":{\"@type\":\"ImageObject\",\"inLanguage\":\"hu\",\"@id\":\"https:\/\/magyarnapok.ro\/2025\/#\/schema\/logo\/image\/\",\"url\":\"https:\/\/magyarnapok.ro\/2025\/wp-content\/uploads\/2024\/03\/KMN2023-www-logo-01.png\",\"contentUrl\":\"https:\/\/magyarnapok.ro\/2025\/wp-content\/uploads\/2024\/03\/KMN2023-www-logo-01.png\",\"width\":762,\"height\":589,\"caption\":\"Kolozsv\u00e1ri Magyar Napok 2025\"},\"image\":{\"@id\":\"https:\/\/magyarnapok.ro\/2025\/#\/schema\/logo\/image\/\"},\"sameAs\":[\"https:\/\/www.facebook.com\/magyarnapok\",\"https:\/\/www.instagram.com\/magyarnapok\/\",\"https:\/\/www.youtube.com\/c\/KolozsvriMagyarNapok2015\",\"https:\/\/www.tiktok.com\/@kmn_kolozsvar\"]},{\"@type\":\"Person\",\"@id\":\"https:\/\/magyarnapok.ro\/2025\/#\/schema\/person\/77f0be48cec9cbb561eae4af9718e407\",\"name\":\"Iroda KMN\",\"image\":{\"@type\":\"ImageObject\",\"inLanguage\":\"hu\",\"@id\":\"https:\/\/magyarnapok.ro\/2025\/#\/schema\/person\/image\/\",\"url\":\"https:\/\/secure.gravatar.com\/avatar\/c76a009583d28b0444c57ef343316473da696b522d992ebb64dac6b650ae5da9?s=96&d=mm&r=g\",\"contentUrl\":\"https:\/\/secure.gravatar.com\/avatar\/c76a009583d28b0444c57ef343316473da696b522d992ebb64dac6b650ae5da9?s=96&d=mm&r=g\",\"caption\":\"Iroda KMN\"},\"url\":\"https:\/\/magyarnapok.ro\/2025\/author\/kmn_iroda\/\"}]}<\/script>\n<!-- \/ Yoast SEO plugin. -->","yoast_head_json":{"title":"Kolozsv\u00e1r az 1930-as \u00e9vekben \u2013 Gy. Szab\u00f3 B\u00e9la eml\u00e9kki\u00e1ll\u00edt\u00e1s - Kolozsv\u00e1ri Magyar Napok 2025","description":"Megnyitott\u00e1k az Ars Sacra Claudiopolitana Egyh\u00e1zm\u0171v\u00e9szeti Gal\u00e9ri\u00e1ban azt a nagyszab\u00e1s\u00fa t\u00e1rlatot, amelyet Gy. Szab\u00f3 B\u00e9la eml\u00e9k\u00e9re...","robots":{"index":"index","follow":"follow","max-snippet":"max-snippet:-1","max-image-preview":"max-image-preview:large","max-video-preview":"max-video-preview:-1"},"canonical":"https:\/\/magyarnapok.ro\/2025\/kolozsvar-az-1930-as-evekben-gy-szabo-bela-emlekkiallitas\/","og_locale":"hu_HU","og_type":"article","og_title":"Kolozsv\u00e1r az 1930-as \u00e9vekben \u2013 Gy. Szab\u00f3 B\u00e9la eml\u00e9kki\u00e1ll\u00edt\u00e1s - Kolozsv\u00e1ri Magyar Napok 2025","og_description":"Megnyitott\u00e1k az Ars Sacra Claudiopolitana Egyh\u00e1zm\u0171v\u00e9szeti Gal\u00e9ri\u00e1ban azt a nagyszab\u00e1s\u00fa t\u00e1rlatot, amelyet Gy. Szab\u00f3 B\u00e9la eml\u00e9k\u00e9re...","og_url":"https:\/\/magyarnapok.ro\/2025\/kolozsvar-az-1930-as-evekben-gy-szabo-bela-emlekkiallitas\/","og_site_name":"Kolozsv\u00e1ri Magyar Napok 2025","article_publisher":"https:\/\/www.facebook.com\/magyarnapok","article_published_time":"2025-08-19T13:07:07+00:00","article_modified_time":"2025-08-19T14:21:43+00:00","og_image":[{"width":2560,"height":1706,"url":"https:\/\/magyarnapok.ro\/2025\/wp-content\/uploads\/2025\/08\/kmn2025_gy-szabo-bela_kiallitas_0817_17170055_0007_VLB-scaled.jpg","type":"image\/jpeg"}],"author":"Iroda KMN","twitter_card":"summary_large_image","twitter_misc":{"Szerz\u0151:":"Iroda KMN","Becs\u00fclt olvas\u00e1si id\u0151":"2 perc"},"schema":{"@context":"https:\/\/schema.org","@graph":[{"@type":"Article","@id":"https:\/\/magyarnapok.ro\/2025\/kolozsvar-az-1930-as-evekben-gy-szabo-bela-emlekkiallitas\/#article","isPartOf":{"@id":"https:\/\/magyarnapok.ro\/2025\/kolozsvar-az-1930-as-evekben-gy-szabo-bela-emlekkiallitas\/"},"author":{"name":"Iroda KMN","@id":"https:\/\/magyarnapok.ro\/2025\/#\/schema\/person\/77f0be48cec9cbb561eae4af9718e407"},"headline":"Kolozsv\u00e1r az 1930-as \u00e9vekben \u2013 Gy. Szab\u00f3 B\u00e9la eml\u00e9kki\u00e1ll\u00edt\u00e1s","datePublished":"2025-08-19T13:07:07+00:00","dateModified":"2025-08-19T14:21:43+00:00","mainEntityOfPage":{"@id":"https:\/\/magyarnapok.ro\/2025\/kolozsvar-az-1930-as-evekben-gy-szabo-bela-emlekkiallitas\/"},"wordCount":510,"publisher":{"@id":"https:\/\/magyarnapok.ro\/2025\/#organization"},"image":{"@id":"https:\/\/magyarnapok.ro\/2025\/kolozsvar-az-1930-as-evekben-gy-szabo-bela-emlekkiallitas\/#primaryimage"},"thumbnailUrl":"https:\/\/magyarnapok.ro\/2025\/wp-content\/uploads\/2025\/08\/kmn2025_gy-szabo-bela_kiallitas_0817_17170055_0007_VLB-scaled.jpg","inLanguage":"hu"},{"@type":"WebPage","@id":"https:\/\/magyarnapok.ro\/2025\/kolozsvar-az-1930-as-evekben-gy-szabo-bela-emlekkiallitas\/","url":"https:\/\/magyarnapok.ro\/2025\/kolozsvar-az-1930-as-evekben-gy-szabo-bela-emlekkiallitas\/","name":"Kolozsv\u00e1r az 1930-as \u00e9vekben \u2013 Gy. Szab\u00f3 B\u00e9la eml\u00e9kki\u00e1ll\u00edt\u00e1s - Kolozsv\u00e1ri Magyar Napok 2025","isPartOf":{"@id":"https:\/\/magyarnapok.ro\/2025\/#website"},"primaryImageOfPage":{"@id":"https:\/\/magyarnapok.ro\/2025\/kolozsvar-az-1930-as-evekben-gy-szabo-bela-emlekkiallitas\/#primaryimage"},"image":{"@id":"https:\/\/magyarnapok.ro\/2025\/kolozsvar-az-1930-as-evekben-gy-szabo-bela-emlekkiallitas\/#primaryimage"},"thumbnailUrl":"https:\/\/magyarnapok.ro\/2025\/wp-content\/uploads\/2025\/08\/kmn2025_gy-szabo-bela_kiallitas_0817_17170055_0007_VLB-scaled.jpg","datePublished":"2025-08-19T13:07:07+00:00","dateModified":"2025-08-19T14:21:43+00:00","description":"Megnyitott\u00e1k az Ars Sacra Claudiopolitana Egyh\u00e1zm\u0171v\u00e9szeti Gal\u00e9ri\u00e1ban azt a nagyszab\u00e1s\u00fa t\u00e1rlatot, amelyet Gy. Szab\u00f3 B\u00e9la eml\u00e9k\u00e9re...","breadcrumb":{"@id":"https:\/\/magyarnapok.ro\/2025\/kolozsvar-az-1930-as-evekben-gy-szabo-bela-emlekkiallitas\/#breadcrumb"},"inLanguage":"hu","potentialAction":[{"@type":"ReadAction","target":["https:\/\/magyarnapok.ro\/2025\/kolozsvar-az-1930-as-evekben-gy-szabo-bela-emlekkiallitas\/"]}]},{"@type":"ImageObject","inLanguage":"hu","@id":"https:\/\/magyarnapok.ro\/2025\/kolozsvar-az-1930-as-evekben-gy-szabo-bela-emlekkiallitas\/#primaryimage","url":"https:\/\/magyarnapok.ro\/2025\/wp-content\/uploads\/2025\/08\/kmn2025_gy-szabo-bela_kiallitas_0817_17170055_0007_VLB-scaled.jpg","contentUrl":"https:\/\/magyarnapok.ro\/2025\/wp-content\/uploads\/2025\/08\/kmn2025_gy-szabo-bela_kiallitas_0817_17170055_0007_VLB-scaled.jpg","width":2560,"height":1706},{"@type":"BreadcrumbList","@id":"https:\/\/magyarnapok.ro\/2025\/kolozsvar-az-1930-as-evekben-gy-szabo-bela-emlekkiallitas\/#breadcrumb","itemListElement":[{"@type":"ListItem","position":1,"name":"Kezd\u0151lap","item":"https:\/\/magyarnapok.ro\/2025\/"},{"@type":"ListItem","position":2,"name":"Kolozsv\u00e1r az 1930-as \u00e9vekben \u2013 Gy. Szab\u00f3 B\u00e9la eml\u00e9kki\u00e1ll\u00edt\u00e1s"}]},{"@type":"WebSite","@id":"https:\/\/magyarnapok.ro\/2025\/#website","url":"https:\/\/magyarnapok.ro\/2025\/","name":"Kolozsv\u00e1ri Magyar Napok 2025","description":"Helyben vagyunk!","publisher":{"@id":"https:\/\/magyarnapok.ro\/2025\/#organization"},"potentialAction":[{"@type":"SearchAction","target":{"@type":"EntryPoint","urlTemplate":"https:\/\/magyarnapok.ro\/2025\/?s={search_term_string}"},"query-input":{"@type":"PropertyValueSpecification","valueRequired":true,"valueName":"search_term_string"}}],"inLanguage":"hu"},{"@type":"Organization","@id":"https:\/\/magyarnapok.ro\/2025\/#organization","name":"Kolozsv\u00e1ri Magyar Napok 2025","url":"https:\/\/magyarnapok.ro\/2025\/","logo":{"@type":"ImageObject","inLanguage":"hu","@id":"https:\/\/magyarnapok.ro\/2025\/#\/schema\/logo\/image\/","url":"https:\/\/magyarnapok.ro\/2025\/wp-content\/uploads\/2024\/03\/KMN2023-www-logo-01.png","contentUrl":"https:\/\/magyarnapok.ro\/2025\/wp-content\/uploads\/2024\/03\/KMN2023-www-logo-01.png","width":762,"height":589,"caption":"Kolozsv\u00e1ri Magyar Napok 2025"},"image":{"@id":"https:\/\/magyarnapok.ro\/2025\/#\/schema\/logo\/image\/"},"sameAs":["https:\/\/www.facebook.com\/magyarnapok","https:\/\/www.instagram.com\/magyarnapok\/","https:\/\/www.youtube.com\/c\/KolozsvriMagyarNapok2015","https:\/\/www.tiktok.com\/@kmn_kolozsvar"]},{"@type":"Person","@id":"https:\/\/magyarnapok.ro\/2025\/#\/schema\/person\/77f0be48cec9cbb561eae4af9718e407","name":"Iroda KMN","image":{"@type":"ImageObject","inLanguage":"hu","@id":"https:\/\/magyarnapok.ro\/2025\/#\/schema\/person\/image\/","url":"https:\/\/secure.gravatar.com\/avatar\/c76a009583d28b0444c57ef343316473da696b522d992ebb64dac6b650ae5da9?s=96&d=mm&r=g","contentUrl":"https:\/\/secure.gravatar.com\/avatar\/c76a009583d28b0444c57ef343316473da696b522d992ebb64dac6b650ae5da9?s=96&d=mm&r=g","caption":"Iroda KMN"},"url":"https:\/\/magyarnapok.ro\/2025\/author\/kmn_iroda\/"}]}},"lang":"hu","translations":{"hu":8744},"pll_sync_post":[],"_links":{"self":[{"href":"https:\/\/magyarnapok.ro\/2025\/wp-json\/wp\/v2\/posts\/8744","targetHints":{"allow":["GET"]}}],"collection":[{"href":"https:\/\/magyarnapok.ro\/2025\/wp-json\/wp\/v2\/posts"}],"about":[{"href":"https:\/\/magyarnapok.ro\/2025\/wp-json\/wp\/v2\/types\/post"}],"author":[{"embeddable":true,"href":"https:\/\/magyarnapok.ro\/2025\/wp-json\/wp\/v2\/users\/6"}],"replies":[{"embeddable":true,"href":"https:\/\/magyarnapok.ro\/2025\/wp-json\/wp\/v2\/comments?post=8744"}],"version-history":[{"count":4,"href":"https:\/\/magyarnapok.ro\/2025\/wp-json\/wp\/v2\/posts\/8744\/revisions"}],"predecessor-version":[{"id":8754,"href":"https:\/\/magyarnapok.ro\/2025\/wp-json\/wp\/v2\/posts\/8744\/revisions\/8754"}],"wp:featuredmedia":[{"embeddable":true,"href":"https:\/\/magyarnapok.ro\/2025\/wp-json\/wp\/v2\/media\/8745"}],"wp:attachment":[{"href":"https:\/\/magyarnapok.ro\/2025\/wp-json\/wp\/v2\/media?parent=8744"}],"wp:term":[{"taxonomy":"category","embeddable":true,"href":"https:\/\/magyarnapok.ro\/2025\/wp-json\/wp\/v2\/categories?post=8744"},{"taxonomy":"post_tag","embeddable":true,"href":"https:\/\/magyarnapok.ro\/2025\/wp-json\/wp\/v2\/tags?post=8744"}],"curies":[{"name":"wp","href":"https:\/\/api.w.org\/{rel}","templated":true}]}}