{"id":8824,"date":"2025-08-23T16:38:17","date_gmt":"2025-08-23T13:38:17","guid":{"rendered":"https:\/\/magyarnapok.ro\/2025\/?p=8824"},"modified":"2025-08-23T16:38:18","modified_gmt":"2025-08-23T13:38:18","slug":"a-hunyadi-sorozat-es-a-tortenelmi-valosag","status":"publish","type":"post","link":"https:\/\/magyarnapok.ro\/2025\/a-hunyadi-sorozat-es-a-tortenelmi-valosag\/","title":{"rendered":"A Hunyadi-sorozat \u00e9s a t\u00f6rt\u00e9nelmi val\u00f3s\u00e1g"},"content":{"rendered":"\n<p>A tavasszal berobban\u00f3 Hunyadi t\u00e9v\u00e9sorozat hiteless\u00e9g\u00e9r\u0151l besz\u00e9ltek a B\u00e1nffy Mikl\u00f3s Operast\u00fadi\u00f3ban augusztus 20-\u00e1n, szerda d\u00e9lut\u00e1n a Kolozsv\u00e1ri Magyar Napokon. A megh\u00edvottak Lad\u00f3 \u00c1rp\u00e1d Gell\u00e9rt, Lupescu Mak\u00f3 M\u00e1ria, Lupescu Radu t\u00f6rt\u00e9n\u00e9szek \u00e9s Papp Attila Zsolt irodalm\u00e1r, a Filmtett erd\u00e9lyi filmes port\u00e1l szerkeszt\u0151je voltak.<\/p>\n\n\n\n<p>A t\u00edzr\u00e9szes, eddigi legnagyobb k\u00f6lts\u00e9gvet\u00e9ssel megrendezett, id\u00e9n m\u00e1rciusban megjelent sorozat kapcs\u00e1n Lupescu Mak\u00f3 M\u00e1ria t\u00f6rt\u00e9n\u00e9szben megfordult az a gondolat, hogy a m\u0171sorban mi a t\u00f6rt\u00e9nettudom\u00e1nyi val\u00f3s\u00e1g \u00e9s mi az, amit val\u00f3j\u00e1ban a film k\u00f6zvet\u00edt \u00e9s fikci\u00f3. E tematika ment\u00e9n zajlott a telth\u00e1zas besz\u00e9lget\u00e9s.<\/p>\n\n\n\n<p>Lupescu Radu Hunyadi-szak\u00e9rt\u0151 elmondta, hogy alapb\u00f3l a k\u00f6z\u00e9pkor egy olyan korszak, amibe bele lehet feledkezni, \u00e9s amely mindig tud \u00fczenni a jelen sz\u00e1m\u00e1ra. Nem lehet tudni mindent biztosan, \u00edgy k\u00f6nny\u0171 j\u00e1tszani a szerepl\u0151kkel, izgalmas hiedelmekkel telet\u0171zdelve. Lad\u00f3 \u00c1rp\u00e1d Gell\u00e9rt n\u00e9h\u00e1ny k\u00f6z\u00e9pkorb\u00f3l inspir\u00e1l\u00f3dott sorozatot eml\u00edtett, amelyekkel az alkot\u00f3k pr\u00f3b\u00e1ltak visszany\u00falni olyan m\u00faltb\u00e9li t\u00e9m\u00e1khoz, amelyek m\u00e1r ismer\u0151sek lehetnek \u00e9s \u00fczenetet is k\u00f6zvet\u00edtenek. Papp Attila Zsolt szerint a k\u00f6z\u00e9pkor vonz\u00f3 id\u0151szak: s\u00f6t\u00e9t \u00e9s rejt\u00e9lyes, ugyanakkor t\u00e1volabb van a 18-19. sz\u00e1zadokhoz k\u00e9pest, de m\u00e9gse annyira, hogy ne legyen bel\u00e1that\u00f3, \u00e9s sz\u00e1mos olyan ismeretlen ter\u00fclet van, amit be lehet t\u00f6lteni a fant\u00e1zia seg\u00edts\u00e9g\u00e9vel.<\/p>\n\n\n\n<p>A besz\u00e9lget\u00e9s r\u00e9sztvev\u0151i k\u00fcl\u00f6nb\u00f6z\u0151 szemsz\u00f6gekb\u0151l n\u00e9zt\u00e9k meg a sorozatot: Papp Attila Zsolt szerint amennyiben nem akarjuk ezt val\u00f3s\u00e1gnak hinni, t\u00f6k\u00e9letes sorozat lehet, mert a t\u00f6rt\u00e9nelmi filmek csak nyomokban tartalmaznak t\u00f6rt\u00e9nelmi t\u00e9nyeket, de a Hunyadi nagyon j\u00f3l bele tudott helyezkedni a trendbe, \u00e9s eltal\u00e1lta azt, ami egy ilyen t\u00edpus\u00fa sorozatnak a l\u00e9nyege. Lupescu Radu elmondta, hogy az alapelemek benne vannak, a f\u0151szerepl\u0151k \u00e9s szerepl\u0151k rendben vannak, \u00e9s egy \u00e9lvezhet\u0151 t\u00f6rt\u00e9netet kaptak a t\u00e9v\u00e9n\u00e9z\u0151k. Lad\u00f3 \u00c1rp\u00e1d Gell\u00e9rt hadt\u00f6rt\u00e9n\u00e9sz v\u00e9lem\u00e9nye alapj\u00e1n, ha j\u00f3 a t\u00f6rt\u00e9netvezet\u00e9s \u00e9s j\u00f3k a karakterek, valamint a p\u00e1rbesz\u00e9dek, akkor teljesen mindegy, hogy mennyire \u00e1ll k\u00f6zel a filmalkot\u00e1s a val\u00f3s\u00e1ghoz. Hozz\u00e1tette: a sorozatban l\u00e1tott jelenetek k\u00f6z\u00fcl biztosan nem t\u00f6rt\u00e9nhetett meg a val\u00f3 \u00e9letben az, amikor egy hatalmas, t\u00f6bb tonn\u00e1s \u00e1gy\u00fat megmozd\u00edtottak, mert az eredetileg a f\u00f6ldh\u00f6z volt r\u00f6gz\u00edtve. Papp Attila Zsolt nehezen tudta elk\u00e9pzelni a val\u00f3s\u00e1gban azt a pillanatot, amikor az egyik jelenetben valaki a nyilv\u00e1noss\u00e1g el\u0151tt inzult\u00e1lja a kir\u00e1lyt \u2013 f\u0151veszt\u00e9s n\u00e9lk\u00fcl. Lupescu Radu azt sajn\u00e1lta legink\u00e1bb, hogy a vajdahunyadi v\u00e1r\u00e1n\u00e1l forgatott jeleneteket nem a helysz\u00ednen filmezt\u00e9k, hanem egy lebut\u00edtott modellt haszn\u00e1ltak fel, pedig nem lett volna k\u00f6lts\u00e9ges oda utazni.<\/p>\n\n\n\n<p>A besz\u00e9lget\u00e9s r\u00e9sztvev\u0151i \u2013 az \u00e9rdekl\u0151d\u0151 k\u00f6z\u00f6ns\u00e9ggel \u00f6sszhangban \u2013 egyet\u00e9rtettek abban, hogy a sorozat \u2013 a maga m\u0171faj\u00e1ban \u2013 az elm\u00falt id\u0151szak egyik legfontosabb ilyen alkot\u00e1sa, melynek megn\u00e9z\u00e9s\u00e9re b\u00e1tor\u00edtottak minden jelenl\u00e9v\u0151t.<\/p>\n\n\n\n<p>Mih\u00e1ly Kriszta<\/p>\n","protected":false},"excerpt":{"rendered":"<p>A tavasszal berobban\u00f3 Hunyadi t\u00e9v\u00e9sorozat hiteless\u00e9g\u00e9r\u0151l besz\u00e9ltek a B\u00e1nffy Mikl\u00f3s Operast\u00fadi\u00f3ban.<\/p>\n","protected":false},"author":6,"featured_media":8826,"comment_status":"closed","ping_status":"open","sticky":false,"template":"","format":"standard","meta":{"_acf_changed":false,"footnotes":""},"categories":[1],"tags":[],"class_list":["post-8824","post","type-post","status-publish","format-standard","has-post-thumbnail","hentry","category-egyeb"],"acf":[],"yoast_head":"<!-- This site is optimized with the Yoast SEO plugin v25.5 - https:\/\/yoast.com\/wordpress\/plugins\/seo\/ -->\n<title>A Hunyadi-sorozat \u00e9s a t\u00f6rt\u00e9nelmi val\u00f3s\u00e1g - Kolozsv\u00e1ri Magyar Napok 2025<\/title>\n<meta name=\"robots\" content=\"index, follow, max-snippet:-1, max-image-preview:large, max-video-preview:-1\" \/>\n<link rel=\"canonical\" href=\"https:\/\/magyarnapok.ro\/2025\/a-hunyadi-sorozat-es-a-tortenelmi-valosag\/\" \/>\n<meta property=\"og:locale\" content=\"hu_HU\" \/>\n<meta property=\"og:type\" content=\"article\" \/>\n<meta property=\"og:title\" content=\"A Hunyadi-sorozat \u00e9s a t\u00f6rt\u00e9nelmi val\u00f3s\u00e1g - Kolozsv\u00e1ri Magyar Napok 2025\" \/>\n<meta property=\"og:description\" content=\"A tavasszal berobban\u00f3 Hunyadi t\u00e9v\u00e9sorozat hiteless\u00e9g\u00e9r\u0151l besz\u00e9ltek a B\u00e1nffy Mikl\u00f3s Operast\u00fadi\u00f3ban.\" \/>\n<meta property=\"og:url\" content=\"https:\/\/magyarnapok.ro\/2025\/a-hunyadi-sorozat-es-a-tortenelmi-valosag\/\" \/>\n<meta property=\"og:site_name\" content=\"Kolozsv\u00e1ri Magyar Napok 2025\" \/>\n<meta property=\"article:publisher\" content=\"https:\/\/www.facebook.com\/magyarnapok\" \/>\n<meta property=\"article:published_time\" content=\"2025-08-23T13:38:17+00:00\" \/>\n<meta property=\"article:modified_time\" content=\"2025-08-23T13:38:18+00:00\" \/>\n<meta property=\"og:image\" content=\"https:\/\/magyarnapok.ro\/2025\/wp-content\/uploads\/2025\/08\/kmn2025_Hunyadi_Janos_0820_162029_026_DA-scaled.jpg\" \/>\n\t<meta property=\"og:image:width\" content=\"2560\" \/>\n\t<meta property=\"og:image:height\" content=\"1707\" \/>\n\t<meta property=\"og:image:type\" content=\"image\/jpeg\" \/>\n<meta name=\"author\" content=\"Iroda KMN\" \/>\n<meta name=\"twitter:card\" content=\"summary_large_image\" \/>\n<meta name=\"twitter:label1\" content=\"Szerz\u0151:\" \/>\n\t<meta name=\"twitter:data1\" content=\"Iroda KMN\" \/>\n\t<meta name=\"twitter:label2\" content=\"Becs\u00fclt olvas\u00e1si id\u0151\" \/>\n\t<meta name=\"twitter:data2\" content=\"3 perc\" \/>\n<script type=\"application\/ld+json\" class=\"yoast-schema-graph\">{\"@context\":\"https:\/\/schema.org\",\"@graph\":[{\"@type\":\"Article\",\"@id\":\"https:\/\/magyarnapok.ro\/2025\/a-hunyadi-sorozat-es-a-tortenelmi-valosag\/#article\",\"isPartOf\":{\"@id\":\"https:\/\/magyarnapok.ro\/2025\/a-hunyadi-sorozat-es-a-tortenelmi-valosag\/\"},\"author\":{\"name\":\"Iroda KMN\",\"@id\":\"https:\/\/magyarnapok.ro\/2025\/#\/schema\/person\/77f0be48cec9cbb561eae4af9718e407\"},\"headline\":\"A Hunyadi-sorozat \u00e9s a t\u00f6rt\u00e9nelmi val\u00f3s\u00e1g\",\"datePublished\":\"2025-08-23T13:38:17+00:00\",\"dateModified\":\"2025-08-23T13:38:18+00:00\",\"mainEntityOfPage\":{\"@id\":\"https:\/\/magyarnapok.ro\/2025\/a-hunyadi-sorozat-es-a-tortenelmi-valosag\/\"},\"wordCount\":613,\"publisher\":{\"@id\":\"https:\/\/magyarnapok.ro\/2025\/#organization\"},\"image\":{\"@id\":\"https:\/\/magyarnapok.ro\/2025\/a-hunyadi-sorozat-es-a-tortenelmi-valosag\/#primaryimage\"},\"thumbnailUrl\":\"https:\/\/magyarnapok.ro\/2025\/wp-content\/uploads\/2025\/08\/kmn2025_Hunyadi_Janos_0820_162029_026_DA-scaled.jpg\",\"inLanguage\":\"hu\"},{\"@type\":\"WebPage\",\"@id\":\"https:\/\/magyarnapok.ro\/2025\/a-hunyadi-sorozat-es-a-tortenelmi-valosag\/\",\"url\":\"https:\/\/magyarnapok.ro\/2025\/a-hunyadi-sorozat-es-a-tortenelmi-valosag\/\",\"name\":\"A Hunyadi-sorozat \u00e9s a t\u00f6rt\u00e9nelmi val\u00f3s\u00e1g - Kolozsv\u00e1ri Magyar Napok 2025\",\"isPartOf\":{\"@id\":\"https:\/\/magyarnapok.ro\/2025\/#website\"},\"primaryImageOfPage\":{\"@id\":\"https:\/\/magyarnapok.ro\/2025\/a-hunyadi-sorozat-es-a-tortenelmi-valosag\/#primaryimage\"},\"image\":{\"@id\":\"https:\/\/magyarnapok.ro\/2025\/a-hunyadi-sorozat-es-a-tortenelmi-valosag\/#primaryimage\"},\"thumbnailUrl\":\"https:\/\/magyarnapok.ro\/2025\/wp-content\/uploads\/2025\/08\/kmn2025_Hunyadi_Janos_0820_162029_026_DA-scaled.jpg\",\"datePublished\":\"2025-08-23T13:38:17+00:00\",\"dateModified\":\"2025-08-23T13:38:18+00:00\",\"breadcrumb\":{\"@id\":\"https:\/\/magyarnapok.ro\/2025\/a-hunyadi-sorozat-es-a-tortenelmi-valosag\/#breadcrumb\"},\"inLanguage\":\"hu\",\"potentialAction\":[{\"@type\":\"ReadAction\",\"target\":[\"https:\/\/magyarnapok.ro\/2025\/a-hunyadi-sorozat-es-a-tortenelmi-valosag\/\"]}]},{\"@type\":\"ImageObject\",\"inLanguage\":\"hu\",\"@id\":\"https:\/\/magyarnapok.ro\/2025\/a-hunyadi-sorozat-es-a-tortenelmi-valosag\/#primaryimage\",\"url\":\"https:\/\/magyarnapok.ro\/2025\/wp-content\/uploads\/2025\/08\/kmn2025_Hunyadi_Janos_0820_162029_026_DA-scaled.jpg\",\"contentUrl\":\"https:\/\/magyarnapok.ro\/2025\/wp-content\/uploads\/2025\/08\/kmn2025_Hunyadi_Janos_0820_162029_026_DA-scaled.jpg\",\"width\":2560,\"height\":1707},{\"@type\":\"BreadcrumbList\",\"@id\":\"https:\/\/magyarnapok.ro\/2025\/a-hunyadi-sorozat-es-a-tortenelmi-valosag\/#breadcrumb\",\"itemListElement\":[{\"@type\":\"ListItem\",\"position\":1,\"name\":\"Kezd\u0151lap\",\"item\":\"https:\/\/magyarnapok.ro\/2025\/\"},{\"@type\":\"ListItem\",\"position\":2,\"name\":\"A Hunyadi-sorozat \u00e9s a t\u00f6rt\u00e9nelmi val\u00f3s\u00e1g\"}]},{\"@type\":\"WebSite\",\"@id\":\"https:\/\/magyarnapok.ro\/2025\/#website\",\"url\":\"https:\/\/magyarnapok.ro\/2025\/\",\"name\":\"Kolozsv\u00e1ri Magyar Napok 2025\",\"description\":\"Helyben vagyunk!\",\"publisher\":{\"@id\":\"https:\/\/magyarnapok.ro\/2025\/#organization\"},\"potentialAction\":[{\"@type\":\"SearchAction\",\"target\":{\"@type\":\"EntryPoint\",\"urlTemplate\":\"https:\/\/magyarnapok.ro\/2025\/?s={search_term_string}\"},\"query-input\":{\"@type\":\"PropertyValueSpecification\",\"valueRequired\":true,\"valueName\":\"search_term_string\"}}],\"inLanguage\":\"hu\"},{\"@type\":\"Organization\",\"@id\":\"https:\/\/magyarnapok.ro\/2025\/#organization\",\"name\":\"Kolozsv\u00e1ri Magyar Napok 2025\",\"url\":\"https:\/\/magyarnapok.ro\/2025\/\",\"logo\":{\"@type\":\"ImageObject\",\"inLanguage\":\"hu\",\"@id\":\"https:\/\/magyarnapok.ro\/2025\/#\/schema\/logo\/image\/\",\"url\":\"https:\/\/magyarnapok.ro\/2025\/wp-content\/uploads\/2024\/03\/KMN2023-www-logo-01.png\",\"contentUrl\":\"https:\/\/magyarnapok.ro\/2025\/wp-content\/uploads\/2024\/03\/KMN2023-www-logo-01.png\",\"width\":762,\"height\":589,\"caption\":\"Kolozsv\u00e1ri Magyar Napok 2025\"},\"image\":{\"@id\":\"https:\/\/magyarnapok.ro\/2025\/#\/schema\/logo\/image\/\"},\"sameAs\":[\"https:\/\/www.facebook.com\/magyarnapok\",\"https:\/\/www.instagram.com\/magyarnapok\/\",\"https:\/\/www.youtube.com\/c\/KolozsvriMagyarNapok2015\",\"https:\/\/www.tiktok.com\/@kmn_kolozsvar\"]},{\"@type\":\"Person\",\"@id\":\"https:\/\/magyarnapok.ro\/2025\/#\/schema\/person\/77f0be48cec9cbb561eae4af9718e407\",\"name\":\"Iroda KMN\",\"image\":{\"@type\":\"ImageObject\",\"inLanguage\":\"hu\",\"@id\":\"https:\/\/magyarnapok.ro\/2025\/#\/schema\/person\/image\/\",\"url\":\"https:\/\/secure.gravatar.com\/avatar\/c76a009583d28b0444c57ef343316473da696b522d992ebb64dac6b650ae5da9?s=96&d=mm&r=g\",\"contentUrl\":\"https:\/\/secure.gravatar.com\/avatar\/c76a009583d28b0444c57ef343316473da696b522d992ebb64dac6b650ae5da9?s=96&d=mm&r=g\",\"caption\":\"Iroda KMN\"},\"url\":\"https:\/\/magyarnapok.ro\/2025\/author\/kmn_iroda\/\"}]}<\/script>\n<!-- \/ Yoast SEO plugin. -->","yoast_head_json":{"title":"A Hunyadi-sorozat \u00e9s a t\u00f6rt\u00e9nelmi val\u00f3s\u00e1g - Kolozsv\u00e1ri Magyar Napok 2025","robots":{"index":"index","follow":"follow","max-snippet":"max-snippet:-1","max-image-preview":"max-image-preview:large","max-video-preview":"max-video-preview:-1"},"canonical":"https:\/\/magyarnapok.ro\/2025\/a-hunyadi-sorozat-es-a-tortenelmi-valosag\/","og_locale":"hu_HU","og_type":"article","og_title":"A Hunyadi-sorozat \u00e9s a t\u00f6rt\u00e9nelmi val\u00f3s\u00e1g - Kolozsv\u00e1ri Magyar Napok 2025","og_description":"A tavasszal berobban\u00f3 Hunyadi t\u00e9v\u00e9sorozat hiteless\u00e9g\u00e9r\u0151l besz\u00e9ltek a B\u00e1nffy Mikl\u00f3s Operast\u00fadi\u00f3ban.","og_url":"https:\/\/magyarnapok.ro\/2025\/a-hunyadi-sorozat-es-a-tortenelmi-valosag\/","og_site_name":"Kolozsv\u00e1ri Magyar Napok 2025","article_publisher":"https:\/\/www.facebook.com\/magyarnapok","article_published_time":"2025-08-23T13:38:17+00:00","article_modified_time":"2025-08-23T13:38:18+00:00","og_image":[{"width":2560,"height":1707,"url":"https:\/\/magyarnapok.ro\/2025\/wp-content\/uploads\/2025\/08\/kmn2025_Hunyadi_Janos_0820_162029_026_DA-scaled.jpg","type":"image\/jpeg"}],"author":"Iroda KMN","twitter_card":"summary_large_image","twitter_misc":{"Szerz\u0151:":"Iroda KMN","Becs\u00fclt olvas\u00e1si id\u0151":"3 perc"},"schema":{"@context":"https:\/\/schema.org","@graph":[{"@type":"Article","@id":"https:\/\/magyarnapok.ro\/2025\/a-hunyadi-sorozat-es-a-tortenelmi-valosag\/#article","isPartOf":{"@id":"https:\/\/magyarnapok.ro\/2025\/a-hunyadi-sorozat-es-a-tortenelmi-valosag\/"},"author":{"name":"Iroda KMN","@id":"https:\/\/magyarnapok.ro\/2025\/#\/schema\/person\/77f0be48cec9cbb561eae4af9718e407"},"headline":"A Hunyadi-sorozat \u00e9s a t\u00f6rt\u00e9nelmi val\u00f3s\u00e1g","datePublished":"2025-08-23T13:38:17+00:00","dateModified":"2025-08-23T13:38:18+00:00","mainEntityOfPage":{"@id":"https:\/\/magyarnapok.ro\/2025\/a-hunyadi-sorozat-es-a-tortenelmi-valosag\/"},"wordCount":613,"publisher":{"@id":"https:\/\/magyarnapok.ro\/2025\/#organization"},"image":{"@id":"https:\/\/magyarnapok.ro\/2025\/a-hunyadi-sorozat-es-a-tortenelmi-valosag\/#primaryimage"},"thumbnailUrl":"https:\/\/magyarnapok.ro\/2025\/wp-content\/uploads\/2025\/08\/kmn2025_Hunyadi_Janos_0820_162029_026_DA-scaled.jpg","inLanguage":"hu"},{"@type":"WebPage","@id":"https:\/\/magyarnapok.ro\/2025\/a-hunyadi-sorozat-es-a-tortenelmi-valosag\/","url":"https:\/\/magyarnapok.ro\/2025\/a-hunyadi-sorozat-es-a-tortenelmi-valosag\/","name":"A Hunyadi-sorozat \u00e9s a t\u00f6rt\u00e9nelmi val\u00f3s\u00e1g - Kolozsv\u00e1ri Magyar Napok 2025","isPartOf":{"@id":"https:\/\/magyarnapok.ro\/2025\/#website"},"primaryImageOfPage":{"@id":"https:\/\/magyarnapok.ro\/2025\/a-hunyadi-sorozat-es-a-tortenelmi-valosag\/#primaryimage"},"image":{"@id":"https:\/\/magyarnapok.ro\/2025\/a-hunyadi-sorozat-es-a-tortenelmi-valosag\/#primaryimage"},"thumbnailUrl":"https:\/\/magyarnapok.ro\/2025\/wp-content\/uploads\/2025\/08\/kmn2025_Hunyadi_Janos_0820_162029_026_DA-scaled.jpg","datePublished":"2025-08-23T13:38:17+00:00","dateModified":"2025-08-23T13:38:18+00:00","breadcrumb":{"@id":"https:\/\/magyarnapok.ro\/2025\/a-hunyadi-sorozat-es-a-tortenelmi-valosag\/#breadcrumb"},"inLanguage":"hu","potentialAction":[{"@type":"ReadAction","target":["https:\/\/magyarnapok.ro\/2025\/a-hunyadi-sorozat-es-a-tortenelmi-valosag\/"]}]},{"@type":"ImageObject","inLanguage":"hu","@id":"https:\/\/magyarnapok.ro\/2025\/a-hunyadi-sorozat-es-a-tortenelmi-valosag\/#primaryimage","url":"https:\/\/magyarnapok.ro\/2025\/wp-content\/uploads\/2025\/08\/kmn2025_Hunyadi_Janos_0820_162029_026_DA-scaled.jpg","contentUrl":"https:\/\/magyarnapok.ro\/2025\/wp-content\/uploads\/2025\/08\/kmn2025_Hunyadi_Janos_0820_162029_026_DA-scaled.jpg","width":2560,"height":1707},{"@type":"BreadcrumbList","@id":"https:\/\/magyarnapok.ro\/2025\/a-hunyadi-sorozat-es-a-tortenelmi-valosag\/#breadcrumb","itemListElement":[{"@type":"ListItem","position":1,"name":"Kezd\u0151lap","item":"https:\/\/magyarnapok.ro\/2025\/"},{"@type":"ListItem","position":2,"name":"A Hunyadi-sorozat \u00e9s a t\u00f6rt\u00e9nelmi val\u00f3s\u00e1g"}]},{"@type":"WebSite","@id":"https:\/\/magyarnapok.ro\/2025\/#website","url":"https:\/\/magyarnapok.ro\/2025\/","name":"Kolozsv\u00e1ri Magyar Napok 2025","description":"Helyben vagyunk!","publisher":{"@id":"https:\/\/magyarnapok.ro\/2025\/#organization"},"potentialAction":[{"@type":"SearchAction","target":{"@type":"EntryPoint","urlTemplate":"https:\/\/magyarnapok.ro\/2025\/?s={search_term_string}"},"query-input":{"@type":"PropertyValueSpecification","valueRequired":true,"valueName":"search_term_string"}}],"inLanguage":"hu"},{"@type":"Organization","@id":"https:\/\/magyarnapok.ro\/2025\/#organization","name":"Kolozsv\u00e1ri Magyar Napok 2025","url":"https:\/\/magyarnapok.ro\/2025\/","logo":{"@type":"ImageObject","inLanguage":"hu","@id":"https:\/\/magyarnapok.ro\/2025\/#\/schema\/logo\/image\/","url":"https:\/\/magyarnapok.ro\/2025\/wp-content\/uploads\/2024\/03\/KMN2023-www-logo-01.png","contentUrl":"https:\/\/magyarnapok.ro\/2025\/wp-content\/uploads\/2024\/03\/KMN2023-www-logo-01.png","width":762,"height":589,"caption":"Kolozsv\u00e1ri Magyar Napok 2025"},"image":{"@id":"https:\/\/magyarnapok.ro\/2025\/#\/schema\/logo\/image\/"},"sameAs":["https:\/\/www.facebook.com\/magyarnapok","https:\/\/www.instagram.com\/magyarnapok\/","https:\/\/www.youtube.com\/c\/KolozsvriMagyarNapok2015","https:\/\/www.tiktok.com\/@kmn_kolozsvar"]},{"@type":"Person","@id":"https:\/\/magyarnapok.ro\/2025\/#\/schema\/person\/77f0be48cec9cbb561eae4af9718e407","name":"Iroda KMN","image":{"@type":"ImageObject","inLanguage":"hu","@id":"https:\/\/magyarnapok.ro\/2025\/#\/schema\/person\/image\/","url":"https:\/\/secure.gravatar.com\/avatar\/c76a009583d28b0444c57ef343316473da696b522d992ebb64dac6b650ae5da9?s=96&d=mm&r=g","contentUrl":"https:\/\/secure.gravatar.com\/avatar\/c76a009583d28b0444c57ef343316473da696b522d992ebb64dac6b650ae5da9?s=96&d=mm&r=g","caption":"Iroda KMN"},"url":"https:\/\/magyarnapok.ro\/2025\/author\/kmn_iroda\/"}]}},"lang":"hu","translations":{"hu":8824},"pll_sync_post":[],"_links":{"self":[{"href":"https:\/\/magyarnapok.ro\/2025\/wp-json\/wp\/v2\/posts\/8824","targetHints":{"allow":["GET"]}}],"collection":[{"href":"https:\/\/magyarnapok.ro\/2025\/wp-json\/wp\/v2\/posts"}],"about":[{"href":"https:\/\/magyarnapok.ro\/2025\/wp-json\/wp\/v2\/types\/post"}],"author":[{"embeddable":true,"href":"https:\/\/magyarnapok.ro\/2025\/wp-json\/wp\/v2\/users\/6"}],"replies":[{"embeddable":true,"href":"https:\/\/magyarnapok.ro\/2025\/wp-json\/wp\/v2\/comments?post=8824"}],"version-history":[{"count":1,"href":"https:\/\/magyarnapok.ro\/2025\/wp-json\/wp\/v2\/posts\/8824\/revisions"}],"predecessor-version":[{"id":8827,"href":"https:\/\/magyarnapok.ro\/2025\/wp-json\/wp\/v2\/posts\/8824\/revisions\/8827"}],"wp:featuredmedia":[{"embeddable":true,"href":"https:\/\/magyarnapok.ro\/2025\/wp-json\/wp\/v2\/media\/8826"}],"wp:attachment":[{"href":"https:\/\/magyarnapok.ro\/2025\/wp-json\/wp\/v2\/media?parent=8824"}],"wp:term":[{"taxonomy":"category","embeddable":true,"href":"https:\/\/magyarnapok.ro\/2025\/wp-json\/wp\/v2\/categories?post=8824"},{"taxonomy":"post_tag","embeddable":true,"href":"https:\/\/magyarnapok.ro\/2025\/wp-json\/wp\/v2\/tags?post=8824"}],"curies":[{"name":"wp","href":"https:\/\/api.w.org\/{rel}","templated":true}]}}