{"id":8828,"date":"2025-08-23T17:02:03","date_gmt":"2025-08-23T14:02:03","guid":{"rendered":"https:\/\/magyarnapok.ro\/2025\/?p=8828"},"modified":"2025-08-23T17:02:04","modified_gmt":"2025-08-23T14:02:04","slug":"kezdetektol-festmenyekben","status":"publish","type":"post","link":"https:\/\/magyarnapok.ro\/2025\/kezdetektol-festmenyekben\/","title":{"rendered":"Kezdetekt\u0151l festm\u00e9nyekben"},"content":{"rendered":"\n<p><strong><em>\u201eVajk, Hunyadi, Dugovics\u2014A magyar t\u00f6rt\u00e9nelmi fest\u00e9szet legnagyobb hat\u00e1s\u00fa alkot\u00e1sai\u201d <\/em><\/strong><strong>c\u00edmmel tartott Goda Zs\u00f3fia, a budapesti Sz\u00e9pm\u0171v\u00e9szeti M\u00fazeum m\u0171v\u00e9szett\u00f6rt\u00e9n\u00e9sze izgalmas el\u0151ad\u00e1st augusztus 21-\u00e9n, a B\u00e1nffy Mikl\u00f3s Operast\u00fadi\u00f3ban.<\/strong><\/p>\n\n\n\n<p>Ha az ember fest\u00e9szetre, t\u00f6rt\u00e9nelemre gondol felt\u00e9telez egy bizonyos fok\u00fa komolys\u00e1got, fegyelmezetts\u00e9get, s\u0151t a t\u00e9m\u00e1kkal kapcsolatos meg\u00e9rt\u00e9si neh\u00e9zs\u00e9get. Goda Zs\u00f3fia \u201eel\u0151ad\u00e1sa\u201d ellene ment mindennek. Olyan nyitotts\u00e1ggal, odaad\u00e1ssal, humorral, mindek\u00f6zben komolys\u00e1ggal mes\u00e9lt nek\u00fcnk festm\u00e9nyekr\u0151l, ha tehett\u00fck volna, m\u00e9g most is ott \u00fcln\u00e9nk \u00e9s hallgatn\u00e1nk \u0151t. \u00c9s igen, erre val\u00f3ban a \u201emes\u00e9lt\u201d a legjobb sz\u00f3, hisz\u2019 a k\u00f6z\u00f6ns\u00e9gben \u00fcl\u0151 t\u00edz \u00e9ves kisfi\u00fa figyelm\u00e9t is lek\u00f6t\u00f6tte.<\/p>\n\n\n\n<p>A \u201eMilyen arcot mutat a t\u00f6rt\u00e9nelem, ha a fest\u0151k ecsete form\u00e1lja?\u201d k\u00e9rd\u00e9s ment\u00e9n indultunk el, \u00e9s k\u00eds\u00e9rt\u00fck v\u00e9gig a magyarok t\u00f6rt\u00e9net\u00e9t ameddig id\u0151nk engedte. Zs\u00f3fia az el\u0151ad\u00e1s sor\u00e1n a romantikus t\u00f6rt\u00e9nelmi fest\u00e9szet remekm\u0171veib\u0151l v\u00e1logatott \u00e9s feltette azt a k\u00e9rd\u00e9st, hogy \u201evajon mindent elhihet\u00fcnk, amit a festm\u00e9nyeken l\u00e1tunk?\u201d<\/p>\n\n\n\n<p>Mi m\u00e1ssal kezdj\u00fcnk egy ilyen el\u0151ad\u00e1st, mint Munk\u00e1csy Honfoglal\u00e1s c\u00edm\u0171 festm\u00e9ny\u00e9vel? Egy 62 n\u00e9gyzetm\u00e9teres alkot\u00e1sr\u00f3l besz\u00e9l\u00fcnk, amelyen h\u00e1rom \u00e9ven kereszt\u00fcl dolgozott, hogy a milleniumi \u00e9vfordul\u00f3ra elk\u00e9sz\u00fclj\u00f6n vele. \u00c9rdekes m\u00f3don el\u0151bb k\u00e9rte fel a b\u00e9csi Sz\u00e9pm\u0171v\u00e9szeti M\u00fazeum egy festm\u00e9ny k\u00e9sz\u00edt\u00e9s\u00e9re, mint a magyar \u00e1llam, hossz\u00fa \u00e9vekbe telt, am\u00edg haz\u00e1j\u00e1ban is elismert\u00e9k, \u00e9s ebben nagy szerepet j\u00e1tszott J\u00f3kai M\u00f3r, aki \u2013 k\u00f6sz\u00f6netnyilv\u00e1n\u00edt\u00e1sk\u00e9nt \u2013 felker\u00fclt az alkot\u00e1sra a maga feh\u00e9r szak\u00e1ll\u00e1val \u00e9s p\u00f6d\u00f6rt bajusz\u00e1val. Munk\u00e1csy olyan komolyan vette a munk\u00e1j\u00e1t, hogy \u201eelment a magyar Alf\u00f6ldre, \u00e9s nagyon karakteres magyar- \u00e9s szl\u00e1v arcokat keresett, r\u00f3luk t\u00f6bbsz\u00e1z fotogr\u00e1fi\u00e1t k\u00e9sz\u00edtett, majd a m\u0171hely\u00e9ben ezeket haszn\u00e1lta\u201d \u2013mes\u00e9lte az el\u0151ad\u00f3.<\/p>\n\n\n\n<p>A Honfoglal\u00e1s ut\u00e1n r\u00e1t\u00e9rt\u00fcnk Vajk megkeresztel\u00e9s\u00e9re, amelyet Bencz\u00far Gyula festett. &nbsp;A p\u00e1ly\u00e1zatra beny\u00fajtott v\u00e1zlat\u00e1n sokkal ink\u00e1bb a pog\u00e1nys\u00e1g-kereszt\u00e9nys\u00e9g konfliktus\u00e1ra helyez\u0151d\u00f6tt a hangs\u00faly, a ma megtekinthet\u0151 v\u00e1ltozaton m\u00e1r kev\u00e9sb\u00e9 konkr\u00e9tan, sokkal ink\u00e1bb a keresztel\u00e9st, mint gesztust r\u00f6gz\u00edtette, amelyben az el\u0151bb eml\u00edtett ellent\u00e9tp\u00e1r az \u00e1rny\u00e9k-f\u00e9ny mot\u00edvum\u00e1ban teljes\u00fclt ki. \u00c9rdekess\u00e9g m\u00e9g, hogy a festm\u00e9nyen \u00e1br\u00e1zolt k\u00e9t kard a mai napig megtekinthet\u0151, felt\u00e9telezik, hogy az egyik k\u00f6z\u00fcl\u00fck Attil\u00e1\u00e9 lehetett. Munk\u00e1csyhoz hasonl\u00f3an Bencz\u00far is a t\u00f6k\u00e9letess\u00e9gre t\u00f6rekedett, \u00e9s igazi 10. sz\u00e1zadi templomot akart festeni, Magyarorsz\u00e1gon pedig ilyenre nem igaz\u00e1n volt p\u00e9lda: Velenc\u00e9be utazott, \u00e9s az ottani Szent M\u00e1rk-sz\u00e9kesegyh\u00e1z belsej\u00e9t haszn\u00e1lta mint\u00e1j\u00e1nak.<\/p>\n\n\n\n<p>Olyan sok \u00e9rdekes t\u00f6rt\u00e9netet hallhattunk, hogy alig lehet v\u00e1logatni k\u00f6z\u00fcl\u00fck. Az\u00e9rt m\u00e9g felteszem a k\u00e9rd\u00e9st a kedves olvas\u00f3knak, hogy \u00f6n\u00f6k tudt\u00e1k mi a \u201erenesz\u00e1nsz inkub\u00e1tor\u201d? A v\u00e1lasz pedig a frissen lev\u00e1gott diszn\u00f3gyomor, amelynek \u2013 mint megtudtuk \u2013 II. Ul\u00e1szl\u00f3 fia, II. Lajos is k\u00f6sz\u00f6nhette AZ \u00e9let\u00e9t.<\/p>\n\n\n\n<p>Benk\u0151 Bor\u00f3ka<\/p>\n","protected":false},"excerpt":{"rendered":"<p>\u201eVajk, Hunyadi, Dugovics\u2014A magyar t\u00f6rt\u00e9nelmi fest\u00e9szet legnagyobb hat\u00e1s\u00fa alkot\u00e1sai\u201d c\u00edmmel tartott Goda Zs\u00f3fia&#8230;<\/p>\n","protected":false},"author":6,"featured_media":8832,"comment_status":"closed","ping_status":"open","sticky":false,"template":"","format":"standard","meta":{"_acf_changed":false,"footnotes":""},"categories":[1],"tags":[],"class_list":["post-8828","post","type-post","status-publish","format-standard","has-post-thumbnail","hentry","category-egyeb"],"acf":[],"yoast_head":"<!-- This site is optimized with the Yoast SEO plugin v25.5 - https:\/\/yoast.com\/wordpress\/plugins\/seo\/ -->\n<title>Kezdetekt\u0151l festm\u00e9nyekben - Kolozsv\u00e1ri Magyar Napok 2025<\/title>\n<meta name=\"robots\" content=\"index, follow, max-snippet:-1, max-image-preview:large, max-video-preview:-1\" \/>\n<link rel=\"canonical\" href=\"https:\/\/magyarnapok.ro\/2025\/kezdetektol-festmenyekben\/\" \/>\n<meta property=\"og:locale\" content=\"hu_HU\" \/>\n<meta property=\"og:type\" content=\"article\" \/>\n<meta property=\"og:title\" content=\"Kezdetekt\u0151l festm\u00e9nyekben - Kolozsv\u00e1ri Magyar Napok 2025\" \/>\n<meta property=\"og:description\" content=\"\u201eVajk, Hunyadi, Dugovics\u2014A magyar t\u00f6rt\u00e9nelmi fest\u00e9szet legnagyobb hat\u00e1s\u00fa alkot\u00e1sai\u201d c\u00edmmel tartott Goda Zs\u00f3fia...\" \/>\n<meta property=\"og:url\" content=\"https:\/\/magyarnapok.ro\/2025\/kezdetektol-festmenyekben\/\" \/>\n<meta property=\"og:site_name\" content=\"Kolozsv\u00e1ri Magyar Napok 2025\" \/>\n<meta property=\"article:publisher\" content=\"https:\/\/www.facebook.com\/magyarnapok\" \/>\n<meta property=\"article:published_time\" content=\"2025-08-23T14:02:03+00:00\" \/>\n<meta property=\"article:modified_time\" content=\"2025-08-23T14:02:04+00:00\" \/>\n<meta property=\"og:image\" content=\"https:\/\/magyarnapok.ro\/2025\/wp-content\/uploads\/2025\/08\/kmn2025_kincses-kalendarium_0816_18181328_0089_VLB-scaled.jpg\" \/>\n\t<meta property=\"og:image:width\" content=\"2560\" \/>\n\t<meta property=\"og:image:height\" content=\"1707\" \/>\n\t<meta property=\"og:image:type\" content=\"image\/jpeg\" \/>\n<meta name=\"author\" content=\"Iroda KMN\" \/>\n<meta name=\"twitter:card\" content=\"summary_large_image\" \/>\n<meta name=\"twitter:label1\" content=\"Szerz\u0151:\" \/>\n\t<meta name=\"twitter:data1\" content=\"Iroda KMN\" \/>\n\t<meta name=\"twitter:label2\" content=\"Becs\u00fclt olvas\u00e1si id\u0151\" \/>\n\t<meta name=\"twitter:data2\" content=\"3 perc\" \/>\n<script type=\"application\/ld+json\" class=\"yoast-schema-graph\">{\"@context\":\"https:\/\/schema.org\",\"@graph\":[{\"@type\":\"Article\",\"@id\":\"https:\/\/magyarnapok.ro\/2025\/kezdetektol-festmenyekben\/#article\",\"isPartOf\":{\"@id\":\"https:\/\/magyarnapok.ro\/2025\/kezdetektol-festmenyekben\/\"},\"author\":{\"name\":\"Iroda KMN\",\"@id\":\"https:\/\/magyarnapok.ro\/2025\/#\/schema\/person\/77f0be48cec9cbb561eae4af9718e407\"},\"headline\":\"Kezdetekt\u0151l festm\u00e9nyekben\",\"datePublished\":\"2025-08-23T14:02:03+00:00\",\"dateModified\":\"2025-08-23T14:02:04+00:00\",\"mainEntityOfPage\":{\"@id\":\"https:\/\/magyarnapok.ro\/2025\/kezdetektol-festmenyekben\/\"},\"wordCount\":634,\"publisher\":{\"@id\":\"https:\/\/magyarnapok.ro\/2025\/#organization\"},\"image\":{\"@id\":\"https:\/\/magyarnapok.ro\/2025\/kezdetektol-festmenyekben\/#primaryimage\"},\"thumbnailUrl\":\"https:\/\/magyarnapok.ro\/2025\/wp-content\/uploads\/2025\/08\/kmn2025_kincses-kalendarium_0816_18181328_0089_VLB-scaled.jpg\",\"inLanguage\":\"hu\"},{\"@type\":\"WebPage\",\"@id\":\"https:\/\/magyarnapok.ro\/2025\/kezdetektol-festmenyekben\/\",\"url\":\"https:\/\/magyarnapok.ro\/2025\/kezdetektol-festmenyekben\/\",\"name\":\"Kezdetekt\u0151l festm\u00e9nyekben - Kolozsv\u00e1ri Magyar Napok 2025\",\"isPartOf\":{\"@id\":\"https:\/\/magyarnapok.ro\/2025\/#website\"},\"primaryImageOfPage\":{\"@id\":\"https:\/\/magyarnapok.ro\/2025\/kezdetektol-festmenyekben\/#primaryimage\"},\"image\":{\"@id\":\"https:\/\/magyarnapok.ro\/2025\/kezdetektol-festmenyekben\/#primaryimage\"},\"thumbnailUrl\":\"https:\/\/magyarnapok.ro\/2025\/wp-content\/uploads\/2025\/08\/kmn2025_kincses-kalendarium_0816_18181328_0089_VLB-scaled.jpg\",\"datePublished\":\"2025-08-23T14:02:03+00:00\",\"dateModified\":\"2025-08-23T14:02:04+00:00\",\"breadcrumb\":{\"@id\":\"https:\/\/magyarnapok.ro\/2025\/kezdetektol-festmenyekben\/#breadcrumb\"},\"inLanguage\":\"hu\",\"potentialAction\":[{\"@type\":\"ReadAction\",\"target\":[\"https:\/\/magyarnapok.ro\/2025\/kezdetektol-festmenyekben\/\"]}]},{\"@type\":\"ImageObject\",\"inLanguage\":\"hu\",\"@id\":\"https:\/\/magyarnapok.ro\/2025\/kezdetektol-festmenyekben\/#primaryimage\",\"url\":\"https:\/\/magyarnapok.ro\/2025\/wp-content\/uploads\/2025\/08\/kmn2025_kincses-kalendarium_0816_18181328_0089_VLB-scaled.jpg\",\"contentUrl\":\"https:\/\/magyarnapok.ro\/2025\/wp-content\/uploads\/2025\/08\/kmn2025_kincses-kalendarium_0816_18181328_0089_VLB-scaled.jpg\",\"width\":2560,\"height\":1707},{\"@type\":\"BreadcrumbList\",\"@id\":\"https:\/\/magyarnapok.ro\/2025\/kezdetektol-festmenyekben\/#breadcrumb\",\"itemListElement\":[{\"@type\":\"ListItem\",\"position\":1,\"name\":\"Kezd\u0151lap\",\"item\":\"https:\/\/magyarnapok.ro\/2025\/\"},{\"@type\":\"ListItem\",\"position\":2,\"name\":\"Kezdetekt\u0151l festm\u00e9nyekben\"}]},{\"@type\":\"WebSite\",\"@id\":\"https:\/\/magyarnapok.ro\/2025\/#website\",\"url\":\"https:\/\/magyarnapok.ro\/2025\/\",\"name\":\"Kolozsv\u00e1ri Magyar Napok 2025\",\"description\":\"Helyben vagyunk!\",\"publisher\":{\"@id\":\"https:\/\/magyarnapok.ro\/2025\/#organization\"},\"potentialAction\":[{\"@type\":\"SearchAction\",\"target\":{\"@type\":\"EntryPoint\",\"urlTemplate\":\"https:\/\/magyarnapok.ro\/2025\/?s={search_term_string}\"},\"query-input\":{\"@type\":\"PropertyValueSpecification\",\"valueRequired\":true,\"valueName\":\"search_term_string\"}}],\"inLanguage\":\"hu\"},{\"@type\":\"Organization\",\"@id\":\"https:\/\/magyarnapok.ro\/2025\/#organization\",\"name\":\"Kolozsv\u00e1ri Magyar Napok 2025\",\"url\":\"https:\/\/magyarnapok.ro\/2025\/\",\"logo\":{\"@type\":\"ImageObject\",\"inLanguage\":\"hu\",\"@id\":\"https:\/\/magyarnapok.ro\/2025\/#\/schema\/logo\/image\/\",\"url\":\"https:\/\/magyarnapok.ro\/2025\/wp-content\/uploads\/2024\/03\/KMN2023-www-logo-01.png\",\"contentUrl\":\"https:\/\/magyarnapok.ro\/2025\/wp-content\/uploads\/2024\/03\/KMN2023-www-logo-01.png\",\"width\":762,\"height\":589,\"caption\":\"Kolozsv\u00e1ri Magyar Napok 2025\"},\"image\":{\"@id\":\"https:\/\/magyarnapok.ro\/2025\/#\/schema\/logo\/image\/\"},\"sameAs\":[\"https:\/\/www.facebook.com\/magyarnapok\",\"https:\/\/www.instagram.com\/magyarnapok\/\",\"https:\/\/www.youtube.com\/c\/KolozsvriMagyarNapok2015\",\"https:\/\/www.tiktok.com\/@kmn_kolozsvar\"]},{\"@type\":\"Person\",\"@id\":\"https:\/\/magyarnapok.ro\/2025\/#\/schema\/person\/77f0be48cec9cbb561eae4af9718e407\",\"name\":\"Iroda KMN\",\"image\":{\"@type\":\"ImageObject\",\"inLanguage\":\"hu\",\"@id\":\"https:\/\/magyarnapok.ro\/2025\/#\/schema\/person\/image\/\",\"url\":\"https:\/\/secure.gravatar.com\/avatar\/c76a009583d28b0444c57ef343316473da696b522d992ebb64dac6b650ae5da9?s=96&d=mm&r=g\",\"contentUrl\":\"https:\/\/secure.gravatar.com\/avatar\/c76a009583d28b0444c57ef343316473da696b522d992ebb64dac6b650ae5da9?s=96&d=mm&r=g\",\"caption\":\"Iroda KMN\"},\"url\":\"https:\/\/magyarnapok.ro\/2025\/author\/kmn_iroda\/\"}]}<\/script>\n<!-- \/ Yoast SEO plugin. -->","yoast_head_json":{"title":"Kezdetekt\u0151l festm\u00e9nyekben - Kolozsv\u00e1ri Magyar Napok 2025","robots":{"index":"index","follow":"follow","max-snippet":"max-snippet:-1","max-image-preview":"max-image-preview:large","max-video-preview":"max-video-preview:-1"},"canonical":"https:\/\/magyarnapok.ro\/2025\/kezdetektol-festmenyekben\/","og_locale":"hu_HU","og_type":"article","og_title":"Kezdetekt\u0151l festm\u00e9nyekben - Kolozsv\u00e1ri Magyar Napok 2025","og_description":"\u201eVajk, Hunyadi, Dugovics\u2014A magyar t\u00f6rt\u00e9nelmi fest\u00e9szet legnagyobb hat\u00e1s\u00fa alkot\u00e1sai\u201d c\u00edmmel tartott Goda Zs\u00f3fia...","og_url":"https:\/\/magyarnapok.ro\/2025\/kezdetektol-festmenyekben\/","og_site_name":"Kolozsv\u00e1ri Magyar Napok 2025","article_publisher":"https:\/\/www.facebook.com\/magyarnapok","article_published_time":"2025-08-23T14:02:03+00:00","article_modified_time":"2025-08-23T14:02:04+00:00","og_image":[{"width":2560,"height":1707,"url":"https:\/\/magyarnapok.ro\/2025\/wp-content\/uploads\/2025\/08\/kmn2025_kincses-kalendarium_0816_18181328_0089_VLB-scaled.jpg","type":"image\/jpeg"}],"author":"Iroda KMN","twitter_card":"summary_large_image","twitter_misc":{"Szerz\u0151:":"Iroda KMN","Becs\u00fclt olvas\u00e1si id\u0151":"3 perc"},"schema":{"@context":"https:\/\/schema.org","@graph":[{"@type":"Article","@id":"https:\/\/magyarnapok.ro\/2025\/kezdetektol-festmenyekben\/#article","isPartOf":{"@id":"https:\/\/magyarnapok.ro\/2025\/kezdetektol-festmenyekben\/"},"author":{"name":"Iroda KMN","@id":"https:\/\/magyarnapok.ro\/2025\/#\/schema\/person\/77f0be48cec9cbb561eae4af9718e407"},"headline":"Kezdetekt\u0151l festm\u00e9nyekben","datePublished":"2025-08-23T14:02:03+00:00","dateModified":"2025-08-23T14:02:04+00:00","mainEntityOfPage":{"@id":"https:\/\/magyarnapok.ro\/2025\/kezdetektol-festmenyekben\/"},"wordCount":634,"publisher":{"@id":"https:\/\/magyarnapok.ro\/2025\/#organization"},"image":{"@id":"https:\/\/magyarnapok.ro\/2025\/kezdetektol-festmenyekben\/#primaryimage"},"thumbnailUrl":"https:\/\/magyarnapok.ro\/2025\/wp-content\/uploads\/2025\/08\/kmn2025_kincses-kalendarium_0816_18181328_0089_VLB-scaled.jpg","inLanguage":"hu"},{"@type":"WebPage","@id":"https:\/\/magyarnapok.ro\/2025\/kezdetektol-festmenyekben\/","url":"https:\/\/magyarnapok.ro\/2025\/kezdetektol-festmenyekben\/","name":"Kezdetekt\u0151l festm\u00e9nyekben - Kolozsv\u00e1ri Magyar Napok 2025","isPartOf":{"@id":"https:\/\/magyarnapok.ro\/2025\/#website"},"primaryImageOfPage":{"@id":"https:\/\/magyarnapok.ro\/2025\/kezdetektol-festmenyekben\/#primaryimage"},"image":{"@id":"https:\/\/magyarnapok.ro\/2025\/kezdetektol-festmenyekben\/#primaryimage"},"thumbnailUrl":"https:\/\/magyarnapok.ro\/2025\/wp-content\/uploads\/2025\/08\/kmn2025_kincses-kalendarium_0816_18181328_0089_VLB-scaled.jpg","datePublished":"2025-08-23T14:02:03+00:00","dateModified":"2025-08-23T14:02:04+00:00","breadcrumb":{"@id":"https:\/\/magyarnapok.ro\/2025\/kezdetektol-festmenyekben\/#breadcrumb"},"inLanguage":"hu","potentialAction":[{"@type":"ReadAction","target":["https:\/\/magyarnapok.ro\/2025\/kezdetektol-festmenyekben\/"]}]},{"@type":"ImageObject","inLanguage":"hu","@id":"https:\/\/magyarnapok.ro\/2025\/kezdetektol-festmenyekben\/#primaryimage","url":"https:\/\/magyarnapok.ro\/2025\/wp-content\/uploads\/2025\/08\/kmn2025_kincses-kalendarium_0816_18181328_0089_VLB-scaled.jpg","contentUrl":"https:\/\/magyarnapok.ro\/2025\/wp-content\/uploads\/2025\/08\/kmn2025_kincses-kalendarium_0816_18181328_0089_VLB-scaled.jpg","width":2560,"height":1707},{"@type":"BreadcrumbList","@id":"https:\/\/magyarnapok.ro\/2025\/kezdetektol-festmenyekben\/#breadcrumb","itemListElement":[{"@type":"ListItem","position":1,"name":"Kezd\u0151lap","item":"https:\/\/magyarnapok.ro\/2025\/"},{"@type":"ListItem","position":2,"name":"Kezdetekt\u0151l festm\u00e9nyekben"}]},{"@type":"WebSite","@id":"https:\/\/magyarnapok.ro\/2025\/#website","url":"https:\/\/magyarnapok.ro\/2025\/","name":"Kolozsv\u00e1ri Magyar Napok 2025","description":"Helyben vagyunk!","publisher":{"@id":"https:\/\/magyarnapok.ro\/2025\/#organization"},"potentialAction":[{"@type":"SearchAction","target":{"@type":"EntryPoint","urlTemplate":"https:\/\/magyarnapok.ro\/2025\/?s={search_term_string}"},"query-input":{"@type":"PropertyValueSpecification","valueRequired":true,"valueName":"search_term_string"}}],"inLanguage":"hu"},{"@type":"Organization","@id":"https:\/\/magyarnapok.ro\/2025\/#organization","name":"Kolozsv\u00e1ri Magyar Napok 2025","url":"https:\/\/magyarnapok.ro\/2025\/","logo":{"@type":"ImageObject","inLanguage":"hu","@id":"https:\/\/magyarnapok.ro\/2025\/#\/schema\/logo\/image\/","url":"https:\/\/magyarnapok.ro\/2025\/wp-content\/uploads\/2024\/03\/KMN2023-www-logo-01.png","contentUrl":"https:\/\/magyarnapok.ro\/2025\/wp-content\/uploads\/2024\/03\/KMN2023-www-logo-01.png","width":762,"height":589,"caption":"Kolozsv\u00e1ri Magyar Napok 2025"},"image":{"@id":"https:\/\/magyarnapok.ro\/2025\/#\/schema\/logo\/image\/"},"sameAs":["https:\/\/www.facebook.com\/magyarnapok","https:\/\/www.instagram.com\/magyarnapok\/","https:\/\/www.youtube.com\/c\/KolozsvriMagyarNapok2015","https:\/\/www.tiktok.com\/@kmn_kolozsvar"]},{"@type":"Person","@id":"https:\/\/magyarnapok.ro\/2025\/#\/schema\/person\/77f0be48cec9cbb561eae4af9718e407","name":"Iroda KMN","image":{"@type":"ImageObject","inLanguage":"hu","@id":"https:\/\/magyarnapok.ro\/2025\/#\/schema\/person\/image\/","url":"https:\/\/secure.gravatar.com\/avatar\/c76a009583d28b0444c57ef343316473da696b522d992ebb64dac6b650ae5da9?s=96&d=mm&r=g","contentUrl":"https:\/\/secure.gravatar.com\/avatar\/c76a009583d28b0444c57ef343316473da696b522d992ebb64dac6b650ae5da9?s=96&d=mm&r=g","caption":"Iroda KMN"},"url":"https:\/\/magyarnapok.ro\/2025\/author\/kmn_iroda\/"}]}},"lang":"hu","translations":{"hu":8828},"pll_sync_post":[],"_links":{"self":[{"href":"https:\/\/magyarnapok.ro\/2025\/wp-json\/wp\/v2\/posts\/8828","targetHints":{"allow":["GET"]}}],"collection":[{"href":"https:\/\/magyarnapok.ro\/2025\/wp-json\/wp\/v2\/posts"}],"about":[{"href":"https:\/\/magyarnapok.ro\/2025\/wp-json\/wp\/v2\/types\/post"}],"author":[{"embeddable":true,"href":"https:\/\/magyarnapok.ro\/2025\/wp-json\/wp\/v2\/users\/6"}],"replies":[{"embeddable":true,"href":"https:\/\/magyarnapok.ro\/2025\/wp-json\/wp\/v2\/comments?post=8828"}],"version-history":[{"count":1,"href":"https:\/\/magyarnapok.ro\/2025\/wp-json\/wp\/v2\/posts\/8828\/revisions"}],"predecessor-version":[{"id":8833,"href":"https:\/\/magyarnapok.ro\/2025\/wp-json\/wp\/v2\/posts\/8828\/revisions\/8833"}],"wp:featuredmedia":[{"embeddable":true,"href":"https:\/\/magyarnapok.ro\/2025\/wp-json\/wp\/v2\/media\/8832"}],"wp:attachment":[{"href":"https:\/\/magyarnapok.ro\/2025\/wp-json\/wp\/v2\/media?parent=8828"}],"wp:term":[{"taxonomy":"category","embeddable":true,"href":"https:\/\/magyarnapok.ro\/2025\/wp-json\/wp\/v2\/categories?post=8828"},{"taxonomy":"post_tag","embeddable":true,"href":"https:\/\/magyarnapok.ro\/2025\/wp-json\/wp\/v2\/tags?post=8828"}],"curies":[{"name":"wp","href":"https:\/\/api.w.org\/{rel}","templated":true}]}}