{"id":8834,"date":"2025-08-23T17:08:41","date_gmt":"2025-08-23T14:08:41","guid":{"rendered":"https:\/\/magyarnapok.ro\/2025\/?p=8834"},"modified":"2025-08-23T17:08:41","modified_gmt":"2025-08-23T14:08:41","slug":"a-beke-es-a-kisebbsegek","status":"publish","type":"post","link":"https:\/\/magyarnapok.ro\/2025\/a-beke-es-a-kisebbsegek\/","title":{"rendered":"A b\u00e9ke \u00e9s a kisebbs\u00e9gek"},"content":{"rendered":"\n<p>Magyarorsz\u00e1g Kolozsv\u00e1ri F\u0151konzul\u00e1tus\u00e1nak udvar\u00e1n, augusztus 22-\u00e9n, cs\u00fct\u00f6rt\u00f6k\u00f6n kerekasztal-besz\u00e9lget\u00e9s keret\u00e9ben Szil\u00e1gyi Zsolt, az Erd\u00e9lyi Magyar Sz\u00f6vets\u00e9g K\u00fcl\u00fcgyi- \u00e9s Nemzetpolitikai Kabinetj\u00e9nek vezet\u0151je \u00e9s Szalipszki Endre diplomata, Magyarorsz\u00e1g nyugalmazott beregsz\u00e1szi f\u0151konzulja Grezsa Csaba f\u0151konzul moder\u00e1l\u00e1s\u00e1val az \u0151shonos nemzeit kisebbs\u00e9gek \u00e9s a b\u00e9ke t\u00e9mak\u00f6reit j\u00e1rt\u00e1k k\u00f6r\u00fcl.<\/p>\n\n\n\n<p>Grezsa Csaba hangs\u00falyozta, hogy a besz\u00e9lget\u00e9s t\u00e9m\u00e1ja megker\u00fclhetetlen, mivel az \u0151shonos kisebbs\u00e9gek helyzete fontos k\u00e9rd\u00e9s Eur\u00f3pa-szerte \u2013 f\u0151k\u00e9pp a K\u00e1rp\u00e1t-medenc\u00e9ben.<\/p>\n\n\n\n<p>Szil\u00e1gyi Zsolt els\u0151sorban az eur\u00f3pai int\u00e9zm\u00e9nyek kisebbs\u00e9gekkel szembeni hanyags\u00e1g\u00e1t emelte ki, hiszen nem alakult ki egy olyan rendszer, amely biztos\u00edtan\u00e1 a kisebbs\u00e9gek jogait, \u00e9s eml\u00e9keztetett: annak ellen\u00e9re, hogy a Minority Safepack nagy nemzeti \u00f6sszefog\u00e1ssal j\u00f6tt l\u00e9tre, ezt \u201eaz Eur\u00f3pai Bizotts\u00e1g cinikus, arrog\u00e1ns, nem t\u00f6r\u0151d\u0151 m\u00f3don s\u00f6p\u00f6rte le\u201d.<\/p>\n\n\n\n<p>Szalipszki Endre tapasztalata szerint, diplomata p\u00e1lyafut\u00e1sa alatt az \u0151shonos kisebbs\u00e9gi l\u00e9t k\u00e9rd\u00e9se nem volt a diplom\u00e1ciai \u00e9s a k\u00e9toldal\u00fa kapcsolatok a f\u00f3kusz\u00e1ban. Elhangzott: Ukrajna saj\u00e1tos utat j\u00e1rt be ebben a t\u00e9m\u00e1ban, hiszen t\u00f6rv\u00e9nyeik alapj\u00e1n az ukr\u00e1n ter\u00fcleten \u00e9l\u0151 kisebbs\u00e9gek csak akkor lehetnek \u0151shonos k\u00f6z\u00f6ss\u00e9gek, ha \u201enincs anyaorsz\u00e1guk\u201d. Az \u00f6sszes t\u00f6bbi kisebbs\u00e9gre ez nem vonatozik.<\/p>\n\n\n\n<p>Szil\u00e1gyi kijelentette: az Eur\u00f3pai Bizotts\u00e1gnak nagyobb hat\u00e1sk\u00f6re kellene legyen abban az esetben, hogyha nincs b\u00e9ke a k\u00f6zponti korm\u00e1nyzat \u00e9s a kisebbs\u00e9gi k\u00f6z\u00f6ss\u00e9g k\u00f6z\u00f6tt, majd r\u00e1mutatott, hogy \u00e1ll\u00e1spontjuk a b\u00e9ke \u00e9s a stabilit\u00e1s csak akkor lehets\u00e9ges, ha a strat\u00e9giai c\u00e9lkit\u0171z\u00e9sekr\u0151l b\u00e9k\u00e9s p\u00e1rbesz\u00e9d folytathat\u00f3.<br><br><\/p>\n\n\n\n<p>Ezut\u00e1n Szalipszki az ukrajnai bels\u0151 politikai viszonyokat ismertette: k\u00f6zponti vez\u00e9rl\u00e9ssel a kisebbs\u00e9gek (f\u0151k\u00e9pp a magyarok) ellen lej\u00e1rat\u00f3 kamp\u00e1nyt hajtanak v\u00e9gre, pedig a k\u00e1rp\u00e1taljai ukr\u00e1nok toler\u00e1nsak az ott \u00e9l\u0151 magyarokkal szemben. Szil\u00e1gyi Zsolt az auton\u00f3mia fontoss\u00e1g\u00e1t emelte ki, amely \u201eb\u00e9k\u00e9t, biztons\u00e1got, gazdas\u00e1gi felemelked\u00e9st \u00e9s bizalmat k\u00e9pes teremteni a k\u00f6z\u00f6ss\u00e9g \u00e9s a k\u00f6zpont k\u00f6z\u00f6tt.\u201d<\/p>\n\n\n\n<p>A besz\u00e9lget\u00e9s v\u00e9g\u00e9n mindenki egyet\u00e9rtett abban, hogy az eur\u00f3pai int\u00e9zm\u00e9nyeknek sokkal akt\u00edvabban kellene cselekedni\u00fck az\u00e9rt, hogy a kisebbs\u00e9gek ne sz\u00e1m\u00edtsanak biztons\u00e1gi kock\u00e1zatnak, \u00e9s hogy a korm\u00e1nyzatok \u00e9s a kisebbs\u00e9gi k\u00f6z\u00f6ss\u00e9gek k\u00f6z\u00f6tti fesz\u00fclts\u00e9gekre p\u00e1rbesz\u00e9d seg\u00edts\u00e9g\u00e9vel megold\u00e1st tal\u00e1ljanak.&nbsp;<\/p>\n\n\n\n<p>Mih\u00e1ly Kriszta<\/p>\n","protected":false},"excerpt":{"rendered":"<p>Magyarorsz\u00e1g Kolozsv\u00e1ri F\u0151konzul\u00e1tus\u00e1nak udvar\u00e1n, kerekasztal-besz\u00e9lget\u00e9s keret\u00e9ben Szil\u00e1gyi Zsolt&#8230;<\/p>\n","protected":false},"author":6,"featured_media":8835,"comment_status":"closed","ping_status":"open","sticky":false,"template":"","format":"standard","meta":{"_acf_changed":false,"footnotes":""},"categories":[1],"tags":[],"class_list":["post-8834","post","type-post","status-publish","format-standard","has-post-thumbnail","hentry","category-egyeb"],"acf":[],"yoast_head":"<!-- This site is optimized with the Yoast SEO plugin v25.5 - https:\/\/yoast.com\/wordpress\/plugins\/seo\/ -->\n<title>A b\u00e9ke \u00e9s a kisebbs\u00e9gek - Kolozsv\u00e1ri Magyar Napok 2025<\/title>\n<meta name=\"robots\" content=\"index, follow, max-snippet:-1, max-image-preview:large, max-video-preview:-1\" \/>\n<link rel=\"canonical\" href=\"https:\/\/magyarnapok.ro\/2025\/a-beke-es-a-kisebbsegek\/\" \/>\n<meta property=\"og:locale\" content=\"hu_HU\" \/>\n<meta property=\"og:type\" content=\"article\" \/>\n<meta property=\"og:title\" content=\"A b\u00e9ke \u00e9s a kisebbs\u00e9gek - Kolozsv\u00e1ri Magyar Napok 2025\" \/>\n<meta property=\"og:description\" content=\"Magyarorsz\u00e1g Kolozsv\u00e1ri F\u0151konzul\u00e1tus\u00e1nak udvar\u00e1n, kerekasztal-besz\u00e9lget\u00e9s keret\u00e9ben Szil\u00e1gyi Zsolt...\" \/>\n<meta property=\"og:url\" content=\"https:\/\/magyarnapok.ro\/2025\/a-beke-es-a-kisebbsegek\/\" \/>\n<meta property=\"og:site_name\" content=\"Kolozsv\u00e1ri Magyar Napok 2025\" \/>\n<meta property=\"article:publisher\" content=\"https:\/\/www.facebook.com\/magyarnapok\" \/>\n<meta property=\"article:published_time\" content=\"2025-08-23T14:08:41+00:00\" \/>\n<meta property=\"og:image\" content=\"https:\/\/magyarnapok.ro\/2025\/wp-content\/uploads\/2025\/08\/ggg.jpg\" \/>\n\t<meta property=\"og:image:width\" content=\"1440\" \/>\n\t<meta property=\"og:image:height\" content=\"960\" \/>\n\t<meta property=\"og:image:type\" content=\"image\/jpeg\" \/>\n<meta name=\"author\" content=\"Iroda KMN\" \/>\n<meta name=\"twitter:card\" content=\"summary_large_image\" \/>\n<meta name=\"twitter:label1\" content=\"Szerz\u0151:\" \/>\n\t<meta name=\"twitter:data1\" content=\"Iroda KMN\" \/>\n\t<meta name=\"twitter:label2\" content=\"Becs\u00fclt olvas\u00e1si id\u0151\" \/>\n\t<meta name=\"twitter:data2\" content=\"2 perc\" \/>\n<script type=\"application\/ld+json\" class=\"yoast-schema-graph\">{\"@context\":\"https:\/\/schema.org\",\"@graph\":[{\"@type\":\"Article\",\"@id\":\"https:\/\/magyarnapok.ro\/2025\/a-beke-es-a-kisebbsegek\/#article\",\"isPartOf\":{\"@id\":\"https:\/\/magyarnapok.ro\/2025\/a-beke-es-a-kisebbsegek\/\"},\"author\":{\"name\":\"Iroda KMN\",\"@id\":\"https:\/\/magyarnapok.ro\/2025\/#\/schema\/person\/77f0be48cec9cbb561eae4af9718e407\"},\"headline\":\"A b\u00e9ke \u00e9s a kisebbs\u00e9gek\",\"datePublished\":\"2025-08-23T14:08:41+00:00\",\"mainEntityOfPage\":{\"@id\":\"https:\/\/magyarnapok.ro\/2025\/a-beke-es-a-kisebbsegek\/\"},\"wordCount\":494,\"publisher\":{\"@id\":\"https:\/\/magyarnapok.ro\/2025\/#organization\"},\"image\":{\"@id\":\"https:\/\/magyarnapok.ro\/2025\/a-beke-es-a-kisebbsegek\/#primaryimage\"},\"thumbnailUrl\":\"https:\/\/magyarnapok.ro\/2025\/wp-content\/uploads\/2025\/08\/ggg.jpg\",\"inLanguage\":\"hu\"},{\"@type\":\"WebPage\",\"@id\":\"https:\/\/magyarnapok.ro\/2025\/a-beke-es-a-kisebbsegek\/\",\"url\":\"https:\/\/magyarnapok.ro\/2025\/a-beke-es-a-kisebbsegek\/\",\"name\":\"A b\u00e9ke \u00e9s a kisebbs\u00e9gek - Kolozsv\u00e1ri Magyar Napok 2025\",\"isPartOf\":{\"@id\":\"https:\/\/magyarnapok.ro\/2025\/#website\"},\"primaryImageOfPage\":{\"@id\":\"https:\/\/magyarnapok.ro\/2025\/a-beke-es-a-kisebbsegek\/#primaryimage\"},\"image\":{\"@id\":\"https:\/\/magyarnapok.ro\/2025\/a-beke-es-a-kisebbsegek\/#primaryimage\"},\"thumbnailUrl\":\"https:\/\/magyarnapok.ro\/2025\/wp-content\/uploads\/2025\/08\/ggg.jpg\",\"datePublished\":\"2025-08-23T14:08:41+00:00\",\"breadcrumb\":{\"@id\":\"https:\/\/magyarnapok.ro\/2025\/a-beke-es-a-kisebbsegek\/#breadcrumb\"},\"inLanguage\":\"hu\",\"potentialAction\":[{\"@type\":\"ReadAction\",\"target\":[\"https:\/\/magyarnapok.ro\/2025\/a-beke-es-a-kisebbsegek\/\"]}]},{\"@type\":\"ImageObject\",\"inLanguage\":\"hu\",\"@id\":\"https:\/\/magyarnapok.ro\/2025\/a-beke-es-a-kisebbsegek\/#primaryimage\",\"url\":\"https:\/\/magyarnapok.ro\/2025\/wp-content\/uploads\/2025\/08\/ggg.jpg\",\"contentUrl\":\"https:\/\/magyarnapok.ro\/2025\/wp-content\/uploads\/2025\/08\/ggg.jpg\",\"width\":1440,\"height\":960},{\"@type\":\"BreadcrumbList\",\"@id\":\"https:\/\/magyarnapok.ro\/2025\/a-beke-es-a-kisebbsegek\/#breadcrumb\",\"itemListElement\":[{\"@type\":\"ListItem\",\"position\":1,\"name\":\"Kezd\u0151lap\",\"item\":\"https:\/\/magyarnapok.ro\/2025\/\"},{\"@type\":\"ListItem\",\"position\":2,\"name\":\"A b\u00e9ke \u00e9s a kisebbs\u00e9gek\"}]},{\"@type\":\"WebSite\",\"@id\":\"https:\/\/magyarnapok.ro\/2025\/#website\",\"url\":\"https:\/\/magyarnapok.ro\/2025\/\",\"name\":\"Kolozsv\u00e1ri Magyar Napok 2025\",\"description\":\"Helyben vagyunk!\",\"publisher\":{\"@id\":\"https:\/\/magyarnapok.ro\/2025\/#organization\"},\"potentialAction\":[{\"@type\":\"SearchAction\",\"target\":{\"@type\":\"EntryPoint\",\"urlTemplate\":\"https:\/\/magyarnapok.ro\/2025\/?s={search_term_string}\"},\"query-input\":{\"@type\":\"PropertyValueSpecification\",\"valueRequired\":true,\"valueName\":\"search_term_string\"}}],\"inLanguage\":\"hu\"},{\"@type\":\"Organization\",\"@id\":\"https:\/\/magyarnapok.ro\/2025\/#organization\",\"name\":\"Kolozsv\u00e1ri Magyar Napok 2025\",\"url\":\"https:\/\/magyarnapok.ro\/2025\/\",\"logo\":{\"@type\":\"ImageObject\",\"inLanguage\":\"hu\",\"@id\":\"https:\/\/magyarnapok.ro\/2025\/#\/schema\/logo\/image\/\",\"url\":\"https:\/\/magyarnapok.ro\/2025\/wp-content\/uploads\/2024\/03\/KMN2023-www-logo-01.png\",\"contentUrl\":\"https:\/\/magyarnapok.ro\/2025\/wp-content\/uploads\/2024\/03\/KMN2023-www-logo-01.png\",\"width\":762,\"height\":589,\"caption\":\"Kolozsv\u00e1ri Magyar Napok 2025\"},\"image\":{\"@id\":\"https:\/\/magyarnapok.ro\/2025\/#\/schema\/logo\/image\/\"},\"sameAs\":[\"https:\/\/www.facebook.com\/magyarnapok\",\"https:\/\/www.instagram.com\/magyarnapok\/\",\"https:\/\/www.youtube.com\/c\/KolozsvriMagyarNapok2015\",\"https:\/\/www.tiktok.com\/@kmn_kolozsvar\"]},{\"@type\":\"Person\",\"@id\":\"https:\/\/magyarnapok.ro\/2025\/#\/schema\/person\/77f0be48cec9cbb561eae4af9718e407\",\"name\":\"Iroda KMN\",\"image\":{\"@type\":\"ImageObject\",\"inLanguage\":\"hu\",\"@id\":\"https:\/\/magyarnapok.ro\/2025\/#\/schema\/person\/image\/\",\"url\":\"https:\/\/secure.gravatar.com\/avatar\/c76a009583d28b0444c57ef343316473da696b522d992ebb64dac6b650ae5da9?s=96&d=mm&r=g\",\"contentUrl\":\"https:\/\/secure.gravatar.com\/avatar\/c76a009583d28b0444c57ef343316473da696b522d992ebb64dac6b650ae5da9?s=96&d=mm&r=g\",\"caption\":\"Iroda KMN\"},\"url\":\"https:\/\/magyarnapok.ro\/2025\/author\/kmn_iroda\/\"}]}<\/script>\n<!-- \/ Yoast SEO plugin. -->","yoast_head_json":{"title":"A b\u00e9ke \u00e9s a kisebbs\u00e9gek - Kolozsv\u00e1ri Magyar Napok 2025","robots":{"index":"index","follow":"follow","max-snippet":"max-snippet:-1","max-image-preview":"max-image-preview:large","max-video-preview":"max-video-preview:-1"},"canonical":"https:\/\/magyarnapok.ro\/2025\/a-beke-es-a-kisebbsegek\/","og_locale":"hu_HU","og_type":"article","og_title":"A b\u00e9ke \u00e9s a kisebbs\u00e9gek - Kolozsv\u00e1ri Magyar Napok 2025","og_description":"Magyarorsz\u00e1g Kolozsv\u00e1ri F\u0151konzul\u00e1tus\u00e1nak udvar\u00e1n, kerekasztal-besz\u00e9lget\u00e9s keret\u00e9ben Szil\u00e1gyi Zsolt...","og_url":"https:\/\/magyarnapok.ro\/2025\/a-beke-es-a-kisebbsegek\/","og_site_name":"Kolozsv\u00e1ri Magyar Napok 2025","article_publisher":"https:\/\/www.facebook.com\/magyarnapok","article_published_time":"2025-08-23T14:08:41+00:00","og_image":[{"width":1440,"height":960,"url":"https:\/\/magyarnapok.ro\/2025\/wp-content\/uploads\/2025\/08\/ggg.jpg","type":"image\/jpeg"}],"author":"Iroda KMN","twitter_card":"summary_large_image","twitter_misc":{"Szerz\u0151:":"Iroda KMN","Becs\u00fclt olvas\u00e1si id\u0151":"2 perc"},"schema":{"@context":"https:\/\/schema.org","@graph":[{"@type":"Article","@id":"https:\/\/magyarnapok.ro\/2025\/a-beke-es-a-kisebbsegek\/#article","isPartOf":{"@id":"https:\/\/magyarnapok.ro\/2025\/a-beke-es-a-kisebbsegek\/"},"author":{"name":"Iroda KMN","@id":"https:\/\/magyarnapok.ro\/2025\/#\/schema\/person\/77f0be48cec9cbb561eae4af9718e407"},"headline":"A b\u00e9ke \u00e9s a kisebbs\u00e9gek","datePublished":"2025-08-23T14:08:41+00:00","mainEntityOfPage":{"@id":"https:\/\/magyarnapok.ro\/2025\/a-beke-es-a-kisebbsegek\/"},"wordCount":494,"publisher":{"@id":"https:\/\/magyarnapok.ro\/2025\/#organization"},"image":{"@id":"https:\/\/magyarnapok.ro\/2025\/a-beke-es-a-kisebbsegek\/#primaryimage"},"thumbnailUrl":"https:\/\/magyarnapok.ro\/2025\/wp-content\/uploads\/2025\/08\/ggg.jpg","inLanguage":"hu"},{"@type":"WebPage","@id":"https:\/\/magyarnapok.ro\/2025\/a-beke-es-a-kisebbsegek\/","url":"https:\/\/magyarnapok.ro\/2025\/a-beke-es-a-kisebbsegek\/","name":"A b\u00e9ke \u00e9s a kisebbs\u00e9gek - Kolozsv\u00e1ri Magyar Napok 2025","isPartOf":{"@id":"https:\/\/magyarnapok.ro\/2025\/#website"},"primaryImageOfPage":{"@id":"https:\/\/magyarnapok.ro\/2025\/a-beke-es-a-kisebbsegek\/#primaryimage"},"image":{"@id":"https:\/\/magyarnapok.ro\/2025\/a-beke-es-a-kisebbsegek\/#primaryimage"},"thumbnailUrl":"https:\/\/magyarnapok.ro\/2025\/wp-content\/uploads\/2025\/08\/ggg.jpg","datePublished":"2025-08-23T14:08:41+00:00","breadcrumb":{"@id":"https:\/\/magyarnapok.ro\/2025\/a-beke-es-a-kisebbsegek\/#breadcrumb"},"inLanguage":"hu","potentialAction":[{"@type":"ReadAction","target":["https:\/\/magyarnapok.ro\/2025\/a-beke-es-a-kisebbsegek\/"]}]},{"@type":"ImageObject","inLanguage":"hu","@id":"https:\/\/magyarnapok.ro\/2025\/a-beke-es-a-kisebbsegek\/#primaryimage","url":"https:\/\/magyarnapok.ro\/2025\/wp-content\/uploads\/2025\/08\/ggg.jpg","contentUrl":"https:\/\/magyarnapok.ro\/2025\/wp-content\/uploads\/2025\/08\/ggg.jpg","width":1440,"height":960},{"@type":"BreadcrumbList","@id":"https:\/\/magyarnapok.ro\/2025\/a-beke-es-a-kisebbsegek\/#breadcrumb","itemListElement":[{"@type":"ListItem","position":1,"name":"Kezd\u0151lap","item":"https:\/\/magyarnapok.ro\/2025\/"},{"@type":"ListItem","position":2,"name":"A b\u00e9ke \u00e9s a kisebbs\u00e9gek"}]},{"@type":"WebSite","@id":"https:\/\/magyarnapok.ro\/2025\/#website","url":"https:\/\/magyarnapok.ro\/2025\/","name":"Kolozsv\u00e1ri Magyar Napok 2025","description":"Helyben vagyunk!","publisher":{"@id":"https:\/\/magyarnapok.ro\/2025\/#organization"},"potentialAction":[{"@type":"SearchAction","target":{"@type":"EntryPoint","urlTemplate":"https:\/\/magyarnapok.ro\/2025\/?s={search_term_string}"},"query-input":{"@type":"PropertyValueSpecification","valueRequired":true,"valueName":"search_term_string"}}],"inLanguage":"hu"},{"@type":"Organization","@id":"https:\/\/magyarnapok.ro\/2025\/#organization","name":"Kolozsv\u00e1ri Magyar Napok 2025","url":"https:\/\/magyarnapok.ro\/2025\/","logo":{"@type":"ImageObject","inLanguage":"hu","@id":"https:\/\/magyarnapok.ro\/2025\/#\/schema\/logo\/image\/","url":"https:\/\/magyarnapok.ro\/2025\/wp-content\/uploads\/2024\/03\/KMN2023-www-logo-01.png","contentUrl":"https:\/\/magyarnapok.ro\/2025\/wp-content\/uploads\/2024\/03\/KMN2023-www-logo-01.png","width":762,"height":589,"caption":"Kolozsv\u00e1ri Magyar Napok 2025"},"image":{"@id":"https:\/\/magyarnapok.ro\/2025\/#\/schema\/logo\/image\/"},"sameAs":["https:\/\/www.facebook.com\/magyarnapok","https:\/\/www.instagram.com\/magyarnapok\/","https:\/\/www.youtube.com\/c\/KolozsvriMagyarNapok2015","https:\/\/www.tiktok.com\/@kmn_kolozsvar"]},{"@type":"Person","@id":"https:\/\/magyarnapok.ro\/2025\/#\/schema\/person\/77f0be48cec9cbb561eae4af9718e407","name":"Iroda KMN","image":{"@type":"ImageObject","inLanguage":"hu","@id":"https:\/\/magyarnapok.ro\/2025\/#\/schema\/person\/image\/","url":"https:\/\/secure.gravatar.com\/avatar\/c76a009583d28b0444c57ef343316473da696b522d992ebb64dac6b650ae5da9?s=96&d=mm&r=g","contentUrl":"https:\/\/secure.gravatar.com\/avatar\/c76a009583d28b0444c57ef343316473da696b522d992ebb64dac6b650ae5da9?s=96&d=mm&r=g","caption":"Iroda KMN"},"url":"https:\/\/magyarnapok.ro\/2025\/author\/kmn_iroda\/"}]}},"lang":"hu","translations":{"hu":8834},"pll_sync_post":[],"_links":{"self":[{"href":"https:\/\/magyarnapok.ro\/2025\/wp-json\/wp\/v2\/posts\/8834","targetHints":{"allow":["GET"]}}],"collection":[{"href":"https:\/\/magyarnapok.ro\/2025\/wp-json\/wp\/v2\/posts"}],"about":[{"href":"https:\/\/magyarnapok.ro\/2025\/wp-json\/wp\/v2\/types\/post"}],"author":[{"embeddable":true,"href":"https:\/\/magyarnapok.ro\/2025\/wp-json\/wp\/v2\/users\/6"}],"replies":[{"embeddable":true,"href":"https:\/\/magyarnapok.ro\/2025\/wp-json\/wp\/v2\/comments?post=8834"}],"version-history":[{"count":1,"href":"https:\/\/magyarnapok.ro\/2025\/wp-json\/wp\/v2\/posts\/8834\/revisions"}],"predecessor-version":[{"id":8836,"href":"https:\/\/magyarnapok.ro\/2025\/wp-json\/wp\/v2\/posts\/8834\/revisions\/8836"}],"wp:featuredmedia":[{"embeddable":true,"href":"https:\/\/magyarnapok.ro\/2025\/wp-json\/wp\/v2\/media\/8835"}],"wp:attachment":[{"href":"https:\/\/magyarnapok.ro\/2025\/wp-json\/wp\/v2\/media?parent=8834"}],"wp:term":[{"taxonomy":"category","embeddable":true,"href":"https:\/\/magyarnapok.ro\/2025\/wp-json\/wp\/v2\/categories?post=8834"},{"taxonomy":"post_tag","embeddable":true,"href":"https:\/\/magyarnapok.ro\/2025\/wp-json\/wp\/v2\/tags?post=8834"}],"curies":[{"name":"wp","href":"https:\/\/api.w.org\/{rel}","templated":true}]}}