{"id":8840,"date":"2025-08-23T17:14:29","date_gmt":"2025-08-23T14:14:29","guid":{"rendered":"https:\/\/magyarnapok.ro\/2025\/?p=8840"},"modified":"2025-08-23T17:15:12","modified_gmt":"2025-08-23T14:15:12","slug":"mi-hallatszik-a-csondben-in-memoriam-laszloffy-csaba","status":"publish","type":"post","link":"https:\/\/magyarnapok.ro\/2025\/mi-hallatszik-a-csondben-in-memoriam-laszloffy-csaba\/","title":{"rendered":"Mi hallatszik a cs\u00f6ndben? \u2013 In memoriam L\u00e1szl\u00f3ffy Csaba"},"content":{"rendered":"\n<p>L\u00e1szl\u00f3ffy Csaba neve minden bizonnyal \u00f6sszerforrt a kort\u00e1rs erd\u00e9lyi irodalommal: k\u00f6lt\u0151, pr\u00f3za\u00edr\u00f3, essz\u00e9ista \u00e9s a magyar nyelv mestere. \u00c9let\u00fatja m\u00e9lyen gy\u00f6kerezik az erd\u00e9lyi t\u00f6rt\u00e9nelmi sorosk\u00f6z\u00f6ss\u00e9gben \u00e9s annak tehervisel\u00e9s\u00e9ben. A sz\u00fcl\u0151f\u00f6ldje mellett eur\u00f3pai \u00e9s egyetemes dimenzi\u00f3kban is egyar\u00e1nt alkotott \u00e9s gondolkodott. Augusztus 20-\u00e1n megeml\u00e9kez\u00e9sre ker\u00fclt sor a B\u00e1nffy Mikl\u00f3s Operast\u00fadi\u00f3ban, melynek szervez\u0151i az Erd\u00e9lyi Magyar \u00cdr\u00f3k Lig\u00e1ja \u00e9s a Kincses Kolozsv\u00e1r Egyes\u00fclete voltak.<\/p>\n\n\n\n<p>Az egy\u00f3r\u00e1s besz\u00e9lget\u00e9sen az \u00e9rdekl\u0151d\u0151k szem\u00e9lyes t\u00f6rt\u00e9neteket, szakmai k\u00e9rd\u00e9sfelvet\u00e9seket hallhattak a m\u0171v\u00e9sz \u00e9let\u00fatj\u00e1r\u00f3l. Az ifj\u00fa Horv\u00e1th Z\u00f3lyom Bence \u00f6n\u00e1ll\u00f3 zongoraprodukci\u00f3ja nyitotta meg a rendezv\u00e9nyt, amely m\u00e9lt\u00f3k\u00e9pp tisztelget az imm\u00e1ron t\u00edz \u00e9ve elhunyt L\u00e1szl\u00f3ffy Csaba el\u0151tt.<\/p>\n\n\n\n<p>Katon\u00e1s l\u00e9ptek mellett kiv\u00e1l\u00f3 humor\u00e9rz\u00e9k \u00e9s h\u00e9tk\u00f6znapon t\u00fali embers\u00e9g jellemezte a k\u00f6lt\u0151t. Sz\u00e1ntai J\u00e1nos, a besz\u00e9lget\u00e9s moder\u00e1tora, szem\u00e9lyes tapasztalata szerint L\u00e1szl\u00f3ffy Csab\u00e1t a folyamatos gondolkod\u00e1s \u00e1llapot\u00e1ban l\u00e1thatta: \u201emindig p\u00f6rg\u00f6tt benne valami, amit meg is osztott az emberrel, amikor el\u00e9rkezett hozz\u00e1\u201d.<\/p>\n\n\n\n<p>A k\u00f6lt\u0151 p\u00e1ly\u00e1ja az 1960-as \u00e9vekben kezd\u0151d\u00f6tt \u00e9s az\u00f3ta a t\u00f6bb \u00e9vtizedes munk\u00e1ss\u00e1g\u00e1val a magyar irodalom egyik meghat\u00e1roz\u00f3 alakj\u00e1v\u00e1 v\u00e1lt. Sz\u00e1mos olyan probl\u00e9mafelvet\u00e9st fogalmazott meg m\u0171veiben, melyek \u00e9rintett\u00e9k a t\u00e1rsadalom \u00e9s a nyelv vesztes\u00e9g\u00e9t. Egyed Emese szerint L\u00e1szl\u00f3ffy megtestes\u00edt\u0151je egy \u201ere\u00e1lpolitikusnak \u00e9rtelmis\u00e9gi \u00edr\u00f3-b\u0151rben\u201d. Elmond\u00e1sa szerint L\u00e1szl\u00f3ffy Csaba mindig \u00e9rz\u00e9kenyen \u00e9s emp\u00e1ti\u00e1val ny\u00falt a t\u00e9m\u00e1khoz, amelyek foglalkoztatt\u00e1k. M\u0171veinek tematik\u00e1ja \u00e9s dr\u00e1m\u00e1inak c\u00edmei alapj\u00e1n sokan \u00fagy tartj\u00e1k sz\u00e1mon az irodalmi \u00e9letben, mint egy melankolikusabb szerz\u0151, ez a melank\u00f3lia azonban az \u00e9let\u00e9re kev\u00e9sb\u00e9 volt jellemz\u0151. Igaz, sokszor l\u00e1thatt\u00e1k mag\u00e1ban gondolkodva, de ennek ellen\u00e9re sokak \u00e1ltal szeretett ember volt, aki megannyi f\u00e9lek\u00e9ppen j\u00e1rult hozz\u00e1 az erd\u00e9lyi magyar irodalom \u00e9letben marad\u00e1s\u00e1hoz.<\/p>\n\n\n\n<p>Korpa Tam\u00e1s irodalomt\u00f6rt\u00e9n\u00e9sz szerint \u201ea nem mindenki \u00e1ltal ismert sziget\u201d metafor\u00e1ja jellemzi tal\u00e1n legjobban a k\u00f6lt\u0151t, akinek munk\u00e1ss\u00e1g\u00e1t fontos lenne tan\u00edtani \u00e9s \u00e9rt\u00e9keit tov\u00e1bbadni az \u00fajabb \u00e9s \u00fajabb nemzed\u00e9kek sz\u00e1m\u00e1ra. B\u00e1r L\u00e1szl\u00f3ffy Csaba hall\u00e1ss\u00e9r\u00fcltk\u00e9nt \u00e9lt, \u00edr\u00e1saiban sosem volt felfedezhet\u0151 a hi\u00e1ny. K\u00f6lt\u00e9szete a csend hangj\u00e1t k\u00f6zvet\u00edtette, azt a vil\u00e1got, amely \u00e9lesebben sz\u00f3lalhatott meg a k\u00fcls\u0151 zaj kiz\u00e1r\u00e1s\u00e1val. Kit\u0171n\u0151en tudott sz\u00e1jr\u00f3l olvasni, \u00edgy sz\u00f6vegeinek felolvas\u00e1s\u00e1n\u00e1l mindent pontosan \u00e9rtett.<\/p>\n\n\n\n<p>A besz\u00e9lget\u00e9s z\u00e1r\u00e1sak\u00e9nt a r\u00e9sztvev\u0151k az \u00e1ltaluk kiv\u00e1lasztott versek felolvas\u00e1s\u00e1val eml\u00e9keztek meg az erd\u00e9lyi magyar kort\u00e1rs irodalom figyelemre m\u00e9lt\u00f3 szerz\u0151j\u00e9re. Az esem\u00e9ny nemcsak visszatekint\u00e9s volt, hanem egy felsz\u00f3l\u00edt\u00e1s is egyben: A k\u00f6lt\u0151 cs\u00f6ndb\u0151l t\u00e1pl\u00e1lkoz\u00f3 figyelme olyan \u00f6r\u00f6ks\u00e9g, amelyet nem el\u00e9g felid\u00e9zni \u2013 \u0151rizn\u00fcnk \u00e9s \u00e1polnunk kell, ak\u00e1rcsak a m\u0171veit.<\/p>\n\n\n\n<p>Kasler Viktor<\/p>\n","protected":false},"excerpt":{"rendered":"<p>L\u00e1szl\u00f3ffy Csaba neve minden bizonnyal \u00f6sszerforrt a kort\u00e1rs erd\u00e9lyi irodalommal: k\u00f6lt\u0151, pr\u00f3za\u00edr\u00f3&#8230;<\/p>\n","protected":false},"author":6,"featured_media":8841,"comment_status":"closed","ping_status":"open","sticky":false,"template":"","format":"standard","meta":{"_acf_changed":false,"footnotes":""},"categories":[1],"tags":[],"class_list":["post-8840","post","type-post","status-publish","format-standard","has-post-thumbnail","hentry","category-egyeb"],"acf":[],"yoast_head":"<!-- This site is optimized with the Yoast SEO plugin v25.5 - https:\/\/yoast.com\/wordpress\/plugins\/seo\/ -->\n<title>Mi hallatszik a cs\u00f6ndben? \u2013 In memoriam L\u00e1szl\u00f3ffy Csaba - Kolozsv\u00e1ri Magyar Napok 2025<\/title>\n<meta name=\"robots\" content=\"index, follow, max-snippet:-1, max-image-preview:large, max-video-preview:-1\" \/>\n<link rel=\"canonical\" href=\"https:\/\/magyarnapok.ro\/2025\/mi-hallatszik-a-csondben-in-memoriam-laszloffy-csaba\/\" \/>\n<meta property=\"og:locale\" content=\"hu_HU\" \/>\n<meta property=\"og:type\" content=\"article\" \/>\n<meta property=\"og:title\" content=\"Mi hallatszik a cs\u00f6ndben? \u2013 In memoriam L\u00e1szl\u00f3ffy Csaba - Kolozsv\u00e1ri Magyar Napok 2025\" \/>\n<meta property=\"og:description\" content=\"L\u00e1szl\u00f3ffy Csaba neve minden bizonnyal \u00f6sszerforrt a kort\u00e1rs erd\u00e9lyi irodalommal: k\u00f6lt\u0151, pr\u00f3za\u00edr\u00f3...\" \/>\n<meta property=\"og:url\" content=\"https:\/\/magyarnapok.ro\/2025\/mi-hallatszik-a-csondben-in-memoriam-laszloffy-csaba\/\" \/>\n<meta property=\"og:site_name\" content=\"Kolozsv\u00e1ri Magyar Napok 2025\" \/>\n<meta property=\"article:publisher\" content=\"https:\/\/www.facebook.com\/magyarnapok\" \/>\n<meta property=\"article:published_time\" content=\"2025-08-23T14:14:29+00:00\" \/>\n<meta property=\"article:modified_time\" content=\"2025-08-23T14:15:12+00:00\" \/>\n<meta property=\"og:image\" content=\"https:\/\/magyarnapok.ro\/2025\/wp-content\/uploads\/2025\/08\/kmn2025_Laszloffy_Csaba_megemlekezes_0820_120807_4_PR-scaled.jpg\" \/>\n\t<meta property=\"og:image:width\" content=\"2560\" \/>\n\t<meta property=\"og:image:height\" content=\"1707\" \/>\n\t<meta property=\"og:image:type\" content=\"image\/jpeg\" \/>\n<meta name=\"author\" content=\"Iroda KMN\" \/>\n<meta name=\"twitter:card\" content=\"summary_large_image\" \/>\n<meta name=\"twitter:label1\" content=\"Szerz\u0151:\" \/>\n\t<meta name=\"twitter:data1\" content=\"Iroda KMN\" \/>\n\t<meta name=\"twitter:label2\" content=\"Becs\u00fclt olvas\u00e1si id\u0151\" \/>\n\t<meta name=\"twitter:data2\" content=\"3 perc\" \/>\n<script type=\"application\/ld+json\" class=\"yoast-schema-graph\">{\"@context\":\"https:\/\/schema.org\",\"@graph\":[{\"@type\":\"Article\",\"@id\":\"https:\/\/magyarnapok.ro\/2025\/mi-hallatszik-a-csondben-in-memoriam-laszloffy-csaba\/#article\",\"isPartOf\":{\"@id\":\"https:\/\/magyarnapok.ro\/2025\/mi-hallatszik-a-csondben-in-memoriam-laszloffy-csaba\/\"},\"author\":{\"name\":\"Iroda KMN\",\"@id\":\"https:\/\/magyarnapok.ro\/2025\/#\/schema\/person\/77f0be48cec9cbb561eae4af9718e407\"},\"headline\":\"Mi hallatszik a cs\u00f6ndben? \u2013 In memoriam L\u00e1szl\u00f3ffy Csaba\",\"datePublished\":\"2025-08-23T14:14:29+00:00\",\"dateModified\":\"2025-08-23T14:15:12+00:00\",\"mainEntityOfPage\":{\"@id\":\"https:\/\/magyarnapok.ro\/2025\/mi-hallatszik-a-csondben-in-memoriam-laszloffy-csaba\/\"},\"wordCount\":604,\"publisher\":{\"@id\":\"https:\/\/magyarnapok.ro\/2025\/#organization\"},\"image\":{\"@id\":\"https:\/\/magyarnapok.ro\/2025\/mi-hallatszik-a-csondben-in-memoriam-laszloffy-csaba\/#primaryimage\"},\"thumbnailUrl\":\"https:\/\/magyarnapok.ro\/2025\/wp-content\/uploads\/2025\/08\/kmn2025_Laszloffy_Csaba_megemlekezes_0820_120807_4_PR-scaled.jpg\",\"inLanguage\":\"hu\"},{\"@type\":\"WebPage\",\"@id\":\"https:\/\/magyarnapok.ro\/2025\/mi-hallatszik-a-csondben-in-memoriam-laszloffy-csaba\/\",\"url\":\"https:\/\/magyarnapok.ro\/2025\/mi-hallatszik-a-csondben-in-memoriam-laszloffy-csaba\/\",\"name\":\"Mi hallatszik a cs\u00f6ndben? \u2013 In memoriam L\u00e1szl\u00f3ffy Csaba - Kolozsv\u00e1ri Magyar Napok 2025\",\"isPartOf\":{\"@id\":\"https:\/\/magyarnapok.ro\/2025\/#website\"},\"primaryImageOfPage\":{\"@id\":\"https:\/\/magyarnapok.ro\/2025\/mi-hallatszik-a-csondben-in-memoriam-laszloffy-csaba\/#primaryimage\"},\"image\":{\"@id\":\"https:\/\/magyarnapok.ro\/2025\/mi-hallatszik-a-csondben-in-memoriam-laszloffy-csaba\/#primaryimage\"},\"thumbnailUrl\":\"https:\/\/magyarnapok.ro\/2025\/wp-content\/uploads\/2025\/08\/kmn2025_Laszloffy_Csaba_megemlekezes_0820_120807_4_PR-scaled.jpg\",\"datePublished\":\"2025-08-23T14:14:29+00:00\",\"dateModified\":\"2025-08-23T14:15:12+00:00\",\"breadcrumb\":{\"@id\":\"https:\/\/magyarnapok.ro\/2025\/mi-hallatszik-a-csondben-in-memoriam-laszloffy-csaba\/#breadcrumb\"},\"inLanguage\":\"hu\",\"potentialAction\":[{\"@type\":\"ReadAction\",\"target\":[\"https:\/\/magyarnapok.ro\/2025\/mi-hallatszik-a-csondben-in-memoriam-laszloffy-csaba\/\"]}]},{\"@type\":\"ImageObject\",\"inLanguage\":\"hu\",\"@id\":\"https:\/\/magyarnapok.ro\/2025\/mi-hallatszik-a-csondben-in-memoriam-laszloffy-csaba\/#primaryimage\",\"url\":\"https:\/\/magyarnapok.ro\/2025\/wp-content\/uploads\/2025\/08\/kmn2025_Laszloffy_Csaba_megemlekezes_0820_120807_4_PR-scaled.jpg\",\"contentUrl\":\"https:\/\/magyarnapok.ro\/2025\/wp-content\/uploads\/2025\/08\/kmn2025_Laszloffy_Csaba_megemlekezes_0820_120807_4_PR-scaled.jpg\",\"width\":2560,\"height\":1707},{\"@type\":\"BreadcrumbList\",\"@id\":\"https:\/\/magyarnapok.ro\/2025\/mi-hallatszik-a-csondben-in-memoriam-laszloffy-csaba\/#breadcrumb\",\"itemListElement\":[{\"@type\":\"ListItem\",\"position\":1,\"name\":\"Kezd\u0151lap\",\"item\":\"https:\/\/magyarnapok.ro\/2025\/\"},{\"@type\":\"ListItem\",\"position\":2,\"name\":\"Mi hallatszik a cs\u00f6ndben? \u2013 In memoriam L\u00e1szl\u00f3ffy Csaba\"}]},{\"@type\":\"WebSite\",\"@id\":\"https:\/\/magyarnapok.ro\/2025\/#website\",\"url\":\"https:\/\/magyarnapok.ro\/2025\/\",\"name\":\"Kolozsv\u00e1ri Magyar Napok 2025\",\"description\":\"Helyben vagyunk!\",\"publisher\":{\"@id\":\"https:\/\/magyarnapok.ro\/2025\/#organization\"},\"potentialAction\":[{\"@type\":\"SearchAction\",\"target\":{\"@type\":\"EntryPoint\",\"urlTemplate\":\"https:\/\/magyarnapok.ro\/2025\/?s={search_term_string}\"},\"query-input\":{\"@type\":\"PropertyValueSpecification\",\"valueRequired\":true,\"valueName\":\"search_term_string\"}}],\"inLanguage\":\"hu\"},{\"@type\":\"Organization\",\"@id\":\"https:\/\/magyarnapok.ro\/2025\/#organization\",\"name\":\"Kolozsv\u00e1ri Magyar Napok 2025\",\"url\":\"https:\/\/magyarnapok.ro\/2025\/\",\"logo\":{\"@type\":\"ImageObject\",\"inLanguage\":\"hu\",\"@id\":\"https:\/\/magyarnapok.ro\/2025\/#\/schema\/logo\/image\/\",\"url\":\"https:\/\/magyarnapok.ro\/2025\/wp-content\/uploads\/2024\/03\/KMN2023-www-logo-01.png\",\"contentUrl\":\"https:\/\/magyarnapok.ro\/2025\/wp-content\/uploads\/2024\/03\/KMN2023-www-logo-01.png\",\"width\":762,\"height\":589,\"caption\":\"Kolozsv\u00e1ri Magyar Napok 2025\"},\"image\":{\"@id\":\"https:\/\/magyarnapok.ro\/2025\/#\/schema\/logo\/image\/\"},\"sameAs\":[\"https:\/\/www.facebook.com\/magyarnapok\",\"https:\/\/www.instagram.com\/magyarnapok\/\",\"https:\/\/www.youtube.com\/c\/KolozsvriMagyarNapok2015\",\"https:\/\/www.tiktok.com\/@kmn_kolozsvar\"]},{\"@type\":\"Person\",\"@id\":\"https:\/\/magyarnapok.ro\/2025\/#\/schema\/person\/77f0be48cec9cbb561eae4af9718e407\",\"name\":\"Iroda KMN\",\"image\":{\"@type\":\"ImageObject\",\"inLanguage\":\"hu\",\"@id\":\"https:\/\/magyarnapok.ro\/2025\/#\/schema\/person\/image\/\",\"url\":\"https:\/\/secure.gravatar.com\/avatar\/c76a009583d28b0444c57ef343316473da696b522d992ebb64dac6b650ae5da9?s=96&d=mm&r=g\",\"contentUrl\":\"https:\/\/secure.gravatar.com\/avatar\/c76a009583d28b0444c57ef343316473da696b522d992ebb64dac6b650ae5da9?s=96&d=mm&r=g\",\"caption\":\"Iroda KMN\"},\"url\":\"https:\/\/magyarnapok.ro\/2025\/author\/kmn_iroda\/\"}]}<\/script>\n<!-- \/ Yoast SEO plugin. -->","yoast_head_json":{"title":"Mi hallatszik a cs\u00f6ndben? \u2013 In memoriam L\u00e1szl\u00f3ffy Csaba - Kolozsv\u00e1ri Magyar Napok 2025","robots":{"index":"index","follow":"follow","max-snippet":"max-snippet:-1","max-image-preview":"max-image-preview:large","max-video-preview":"max-video-preview:-1"},"canonical":"https:\/\/magyarnapok.ro\/2025\/mi-hallatszik-a-csondben-in-memoriam-laszloffy-csaba\/","og_locale":"hu_HU","og_type":"article","og_title":"Mi hallatszik a cs\u00f6ndben? \u2013 In memoriam L\u00e1szl\u00f3ffy Csaba - Kolozsv\u00e1ri Magyar Napok 2025","og_description":"L\u00e1szl\u00f3ffy Csaba neve minden bizonnyal \u00f6sszerforrt a kort\u00e1rs erd\u00e9lyi irodalommal: k\u00f6lt\u0151, pr\u00f3za\u00edr\u00f3...","og_url":"https:\/\/magyarnapok.ro\/2025\/mi-hallatszik-a-csondben-in-memoriam-laszloffy-csaba\/","og_site_name":"Kolozsv\u00e1ri Magyar Napok 2025","article_publisher":"https:\/\/www.facebook.com\/magyarnapok","article_published_time":"2025-08-23T14:14:29+00:00","article_modified_time":"2025-08-23T14:15:12+00:00","og_image":[{"width":2560,"height":1707,"url":"https:\/\/magyarnapok.ro\/2025\/wp-content\/uploads\/2025\/08\/kmn2025_Laszloffy_Csaba_megemlekezes_0820_120807_4_PR-scaled.jpg","type":"image\/jpeg"}],"author":"Iroda KMN","twitter_card":"summary_large_image","twitter_misc":{"Szerz\u0151:":"Iroda KMN","Becs\u00fclt olvas\u00e1si id\u0151":"3 perc"},"schema":{"@context":"https:\/\/schema.org","@graph":[{"@type":"Article","@id":"https:\/\/magyarnapok.ro\/2025\/mi-hallatszik-a-csondben-in-memoriam-laszloffy-csaba\/#article","isPartOf":{"@id":"https:\/\/magyarnapok.ro\/2025\/mi-hallatszik-a-csondben-in-memoriam-laszloffy-csaba\/"},"author":{"name":"Iroda KMN","@id":"https:\/\/magyarnapok.ro\/2025\/#\/schema\/person\/77f0be48cec9cbb561eae4af9718e407"},"headline":"Mi hallatszik a cs\u00f6ndben? \u2013 In memoriam L\u00e1szl\u00f3ffy Csaba","datePublished":"2025-08-23T14:14:29+00:00","dateModified":"2025-08-23T14:15:12+00:00","mainEntityOfPage":{"@id":"https:\/\/magyarnapok.ro\/2025\/mi-hallatszik-a-csondben-in-memoriam-laszloffy-csaba\/"},"wordCount":604,"publisher":{"@id":"https:\/\/magyarnapok.ro\/2025\/#organization"},"image":{"@id":"https:\/\/magyarnapok.ro\/2025\/mi-hallatszik-a-csondben-in-memoriam-laszloffy-csaba\/#primaryimage"},"thumbnailUrl":"https:\/\/magyarnapok.ro\/2025\/wp-content\/uploads\/2025\/08\/kmn2025_Laszloffy_Csaba_megemlekezes_0820_120807_4_PR-scaled.jpg","inLanguage":"hu"},{"@type":"WebPage","@id":"https:\/\/magyarnapok.ro\/2025\/mi-hallatszik-a-csondben-in-memoriam-laszloffy-csaba\/","url":"https:\/\/magyarnapok.ro\/2025\/mi-hallatszik-a-csondben-in-memoriam-laszloffy-csaba\/","name":"Mi hallatszik a cs\u00f6ndben? \u2013 In memoriam L\u00e1szl\u00f3ffy Csaba - Kolozsv\u00e1ri Magyar Napok 2025","isPartOf":{"@id":"https:\/\/magyarnapok.ro\/2025\/#website"},"primaryImageOfPage":{"@id":"https:\/\/magyarnapok.ro\/2025\/mi-hallatszik-a-csondben-in-memoriam-laszloffy-csaba\/#primaryimage"},"image":{"@id":"https:\/\/magyarnapok.ro\/2025\/mi-hallatszik-a-csondben-in-memoriam-laszloffy-csaba\/#primaryimage"},"thumbnailUrl":"https:\/\/magyarnapok.ro\/2025\/wp-content\/uploads\/2025\/08\/kmn2025_Laszloffy_Csaba_megemlekezes_0820_120807_4_PR-scaled.jpg","datePublished":"2025-08-23T14:14:29+00:00","dateModified":"2025-08-23T14:15:12+00:00","breadcrumb":{"@id":"https:\/\/magyarnapok.ro\/2025\/mi-hallatszik-a-csondben-in-memoriam-laszloffy-csaba\/#breadcrumb"},"inLanguage":"hu","potentialAction":[{"@type":"ReadAction","target":["https:\/\/magyarnapok.ro\/2025\/mi-hallatszik-a-csondben-in-memoriam-laszloffy-csaba\/"]}]},{"@type":"ImageObject","inLanguage":"hu","@id":"https:\/\/magyarnapok.ro\/2025\/mi-hallatszik-a-csondben-in-memoriam-laszloffy-csaba\/#primaryimage","url":"https:\/\/magyarnapok.ro\/2025\/wp-content\/uploads\/2025\/08\/kmn2025_Laszloffy_Csaba_megemlekezes_0820_120807_4_PR-scaled.jpg","contentUrl":"https:\/\/magyarnapok.ro\/2025\/wp-content\/uploads\/2025\/08\/kmn2025_Laszloffy_Csaba_megemlekezes_0820_120807_4_PR-scaled.jpg","width":2560,"height":1707},{"@type":"BreadcrumbList","@id":"https:\/\/magyarnapok.ro\/2025\/mi-hallatszik-a-csondben-in-memoriam-laszloffy-csaba\/#breadcrumb","itemListElement":[{"@type":"ListItem","position":1,"name":"Kezd\u0151lap","item":"https:\/\/magyarnapok.ro\/2025\/"},{"@type":"ListItem","position":2,"name":"Mi hallatszik a cs\u00f6ndben? \u2013 In memoriam L\u00e1szl\u00f3ffy Csaba"}]},{"@type":"WebSite","@id":"https:\/\/magyarnapok.ro\/2025\/#website","url":"https:\/\/magyarnapok.ro\/2025\/","name":"Kolozsv\u00e1ri Magyar Napok 2025","description":"Helyben vagyunk!","publisher":{"@id":"https:\/\/magyarnapok.ro\/2025\/#organization"},"potentialAction":[{"@type":"SearchAction","target":{"@type":"EntryPoint","urlTemplate":"https:\/\/magyarnapok.ro\/2025\/?s={search_term_string}"},"query-input":{"@type":"PropertyValueSpecification","valueRequired":true,"valueName":"search_term_string"}}],"inLanguage":"hu"},{"@type":"Organization","@id":"https:\/\/magyarnapok.ro\/2025\/#organization","name":"Kolozsv\u00e1ri Magyar Napok 2025","url":"https:\/\/magyarnapok.ro\/2025\/","logo":{"@type":"ImageObject","inLanguage":"hu","@id":"https:\/\/magyarnapok.ro\/2025\/#\/schema\/logo\/image\/","url":"https:\/\/magyarnapok.ro\/2025\/wp-content\/uploads\/2024\/03\/KMN2023-www-logo-01.png","contentUrl":"https:\/\/magyarnapok.ro\/2025\/wp-content\/uploads\/2024\/03\/KMN2023-www-logo-01.png","width":762,"height":589,"caption":"Kolozsv\u00e1ri Magyar Napok 2025"},"image":{"@id":"https:\/\/magyarnapok.ro\/2025\/#\/schema\/logo\/image\/"},"sameAs":["https:\/\/www.facebook.com\/magyarnapok","https:\/\/www.instagram.com\/magyarnapok\/","https:\/\/www.youtube.com\/c\/KolozsvriMagyarNapok2015","https:\/\/www.tiktok.com\/@kmn_kolozsvar"]},{"@type":"Person","@id":"https:\/\/magyarnapok.ro\/2025\/#\/schema\/person\/77f0be48cec9cbb561eae4af9718e407","name":"Iroda KMN","image":{"@type":"ImageObject","inLanguage":"hu","@id":"https:\/\/magyarnapok.ro\/2025\/#\/schema\/person\/image\/","url":"https:\/\/secure.gravatar.com\/avatar\/c76a009583d28b0444c57ef343316473da696b522d992ebb64dac6b650ae5da9?s=96&d=mm&r=g","contentUrl":"https:\/\/secure.gravatar.com\/avatar\/c76a009583d28b0444c57ef343316473da696b522d992ebb64dac6b650ae5da9?s=96&d=mm&r=g","caption":"Iroda KMN"},"url":"https:\/\/magyarnapok.ro\/2025\/author\/kmn_iroda\/"}]}},"lang":"hu","translations":{"hu":8840},"pll_sync_post":[],"_links":{"self":[{"href":"https:\/\/magyarnapok.ro\/2025\/wp-json\/wp\/v2\/posts\/8840","targetHints":{"allow":["GET"]}}],"collection":[{"href":"https:\/\/magyarnapok.ro\/2025\/wp-json\/wp\/v2\/posts"}],"about":[{"href":"https:\/\/magyarnapok.ro\/2025\/wp-json\/wp\/v2\/types\/post"}],"author":[{"embeddable":true,"href":"https:\/\/magyarnapok.ro\/2025\/wp-json\/wp\/v2\/users\/6"}],"replies":[{"embeddable":true,"href":"https:\/\/magyarnapok.ro\/2025\/wp-json\/wp\/v2\/comments?post=8840"}],"version-history":[{"count":2,"href":"https:\/\/magyarnapok.ro\/2025\/wp-json\/wp\/v2\/posts\/8840\/revisions"}],"predecessor-version":[{"id":8843,"href":"https:\/\/magyarnapok.ro\/2025\/wp-json\/wp\/v2\/posts\/8840\/revisions\/8843"}],"wp:featuredmedia":[{"embeddable":true,"href":"https:\/\/magyarnapok.ro\/2025\/wp-json\/wp\/v2\/media\/8841"}],"wp:attachment":[{"href":"https:\/\/magyarnapok.ro\/2025\/wp-json\/wp\/v2\/media?parent=8840"}],"wp:term":[{"taxonomy":"category","embeddable":true,"href":"https:\/\/magyarnapok.ro\/2025\/wp-json\/wp\/v2\/categories?post=8840"},{"taxonomy":"post_tag","embeddable":true,"href":"https:\/\/magyarnapok.ro\/2025\/wp-json\/wp\/v2\/tags?post=8840"}],"curies":[{"name":"wp","href":"https:\/\/api.w.org\/{rel}","templated":true}]}}