{"id":8860,"date":"2025-08-25T13:15:23","date_gmt":"2025-08-25T10:15:23","guid":{"rendered":"https:\/\/magyarnapok.ro\/2025\/?p=8860"},"modified":"2025-08-25T13:15:24","modified_gmt":"2025-08-25T10:15:24","slug":"veget-ert-a-16-kolozsvari-magyar-napok","status":"publish","type":"post","link":"https:\/\/magyarnapok.ro\/2025\/veget-ert-a-16-kolozsvari-magyar-napok\/","title":{"rendered":"V\u00c9GET \u00c9RT A 16. KOLOZSV\u00c1RI MAGYAR NAPOK"},"content":{"rendered":"\n<p><strong><em>Kapu Tibor k\u00f6sz\u00f6nt\u00f6tte Kolozsv\u00e1r F\u0151ter\u00e9n a kincses v\u00e1ros k\u00f6z\u00f6ns\u00e9g\u00e9t<\/em><\/strong><\/p>\n\n\n\n<p><strong>Vas\u00e1rnap este \u00fcnnep\u00e9lyes z\u00e1r\u00f3g\u00e1l\u00e1val \u00e9s Zor\u00e1n koncertj\u00e9vel v\u00e9get \u00e9rt a 16. Kolozsv\u00e1ri Magyar Napok. A K\u00e1rp\u00e1t-medence egyik legnagyobb kultur\u00e1lis seregszeml\u00e9j\u00e9nek z\u00e1r\u00f3esem\u00e9ny\u00e9n, Kolozsv\u00e1r F\u0151ter\u00e9n, szem\u00e9lyesen k\u00f6sz\u00f6nt\u00f6tte a kincses v\u00e1ros lak\u00f3it Kapu Tibor \u0171rhaj\u00f3s is. A b\u0151 egyhetes \u00fcnneps\u00e9gsorozat ideje alatt a 76 helysz\u00edn t\u00f6bb mint 500 programpontj\u00e1nak l\u00e1togatotts\u00e1ga el\u00e9rte a 250 ezret.<\/strong><\/p>\n\n\n\n<p>\u201eA Kolozsv\u00e1ri Magyar Napok ism\u00e9t megmutatta: helyben vagyunk. Nemcsak fizikailag, hanem lelkileg is otthonra tal\u00e1ltunk Kolozsv\u00e1r t\u00f6rt\u00e9nelmi utc\u00e1in, a Farkas utca forgatag\u00e1ban, a B\u00e1nffy-udvar mes\u00e9s falai k\u00f6z\u00f6tt. A mi feladatunk pedig nem m\u00e1s, mint j\u00f6v\u0151t biztos\u00edtani itt, itthon, Erd\u00e9lyben, Kolozsv\u00e1ron, ahol j\u00f3 fiatalnak \u00e9s \u00f6r\u00f6k fiatalnak lenni, ahol lehet\u0151s\u00e9gek \u00e9s megold\u00e1sok vannak, ahol p\u00e1rbesz\u00e9d van, ahol egy\u00fctt \u00fcnnepelj\u00fck a m\u00faltat, a j\u00f6v\u0151t \u00e9s a jelent\u201d \u2013 mondta a z\u00e1r\u00f3g\u00e1l\u00e1n elhangzott besz\u00e9d\u00e9ben Ol\u00e1h Emese. Kolozsv\u00e1r alpolg\u00e1rmestere hozz\u00e1tette: a Kolozsv\u00e1ri Magyar Napok ma m\u00e1r nem egyszer\u0171en egy fesztiv\u00e1l, hanem a hovatartoz\u00e1sunk \u00e9l\u0151 bizony\u00edt\u00e9ka, ahol a hagyom\u00e1nyaink \u00e9s k\u00f6z\u00f6s rem\u00e9nyeink \u00f6ssze\u00e9rnek, ahol nagyot \u00e1lmodhatunk, \u00e9s ahonnan er\u0151t mer\u00edthet\u00fcnk azok megval\u00f3s\u00edt\u00e1s\u00e1hoz.<\/p>\n\n\n\n<p>\u201eEgy csod\u00e1latos, \u00e9lm\u00e9nyekkel teli h\u00e9ten vagyunk t\u00fal, a Kolozsv\u00e1ri Magyar Napok szervez\u0151it pedig k\u00f6sz\u00f6net illeti mindez\u00e9rt. Mi, akik itt \u00e9l\u00fcnk Kolozsv\u00e1ron, tudjuk, hogy Kolozsv\u00e1r ereje a soksz\u00edn\u0171s\u00e9gben rejlik. Egy\u00fctt egy eur\u00f3pai v\u00e1rost \u00e9p\u00edt\u00fcnk, ahol mindenki otthon \u00e9rezheti mag\u00e1t, \u00e9s amelyre mindenki b\u00fcszke lehet. K\u00e9rem, folytassuk ezt a megkezdett utat\u201d \u2013 mondta Emil Boc. Kolozsv\u00e1r polg\u00e1rmestere besz\u00e9d\u00e9ben r\u00e1mutatott: a v\u00e1ros ereje a kult\u00far\u00e1ban \u00e9s az oktat\u00e1sban rejlik, \u00e9s mindent el kell k\u00f6vetni annak \u00e9rdek\u00e9ben, hogy a fiatalok sz\u00e1m\u00e1ra min\u00e9l t\u00f6bb lehet\u0151s\u00e9g \u00e1lljon rendelkez\u00e9sre, ezzel is megteremtve itthon marad\u00e1suk felt\u00e9teleit \u2013 f\u00fcggetlen\u00fcl a nemzetis\u00e9gi hovatartoz\u00e1st\u00f3l, itthon, \u201eCluj-Napoca\u201d-ban \u00e9s \u201eKolozsv\u00e1ron\u201d.<\/p>\n\n\n\n<p>\u201eM\u00e1r az els\u0151 Kolozsv\u00e1ri Magyar Napokra is sokan elj\u00f6ttek \u2013 magyarok \u00e9s a hozz\u00e1nk csatlakoz\u00f3 rom\u00e1n v\u00e1rost\u00e1rsaink. Az\u00f3ta, ahogy \u00fcnneps\u00e9gsorozatunk egyre csak n\u00f6vekedett, egyre t\u00f6bben \u00e9rkeztek hozz\u00e1nk Erd\u00e9lyb\u0151l, a K\u00e1rp\u00e1t-medence minden szeglet\u00e9b\u0151l, Eur\u00f3pa legt\u00f6bb orsz\u00e1g\u00e1b\u00f3l \u00e9s \u2013 adataink szerint \u2013 legal\u00e1bb n\u00e9gy kontinensr\u0151l is. De arra, hogy id\u00e9n \u00e1tl\u00e9pj\u00fck a f\u00f6ldi dimenzi\u00f3t, \u00e9s az \u0171rb\u0151l is fogadhatunk egy vend\u00e9get, m\u00e9g nem volt p\u00e9lda, \u00e9s \u00f3ri\u00e1si \u00f6r\u00f6met jelent sz\u00e1munkra\u201d \u2013 utalt z\u00e1r\u00f3besz\u00e9d\u00e9ben Gergely Bal\u00e1zs a Kolozsv\u00e1rra l\u00e1togat\u00f3 Kapu Tibor \u0171rhaj\u00f3s jelenl\u00e9t\u00e9re. A Kolozsv\u00e1ri Magyar Napok f\u0151szervez\u0151je r\u00e1mutatott: amikor elind\u00edtott\u00e1k a rendezv\u00e9nysorozat el\u0151k\u00e9sz\u00fcleteit, m\u00e9g nem tudt\u00e1k, hogy Kapu Tibor megtiszteli jelenl\u00e9t\u00e9vel a Kolozsv\u00e1ri Magyar Napokat, a rendezv\u00e9ny arculat\u00e1ban m\u00e9gis \u0171rperspekt\u00edv\u00e1b\u00f3l l\u00e1tszik a bolyg\u00f3nk, s az a j\u00f3l kivehet\u0151 pont, Kolozsv\u00e1r, ahol mindenki otthon \u00e9s helyben \u00e9rezheti mag\u00e1t. \u201eA gondvisel\u00e9s hozta \u00f6ssze Kapu Tibort, a magyarnapoz\u00f3kat \u00e9s minket, szervez\u0151ket itt, a kincses v\u00e1ros F\u0151ter\u00e9n. Isten hozott mindenkit, \u00e9s \u00fagy hiszem, hogy ameddig mi, kolozsv\u00e1ri magyarok itthon vagyunk a v\u00e1rosunkban, addig minden magyar ember \u2013 \u00e9rkezzen b\u00e1rhonnan is hozz\u00e1nk \u2013 itthon lesz vel\u00fcnk\u201d \u2013 mondta Gergely Bal\u00e1zs, aki besz\u00e9de z\u00e1r\u00e1sak\u00e9nt megk\u00f6sz\u00f6nte a t\u00e1mogat\u00f3k, a szervez\u0151k \u00e9s az \u00f6nk\u00e9ntesek munk\u00e1j\u00e1t, akik k\u00f6z\u00fcl t\u00f6bbeket a sz\u00ednpadra is sz\u00f3l\u00edtott.<\/p>\n\n\n\n<p>A z\u00e1r\u00f3g\u00e1la kiemelt pillanatak\u00e9nt \u00e9s a szervez\u0151k megh\u00edv\u00e1s\u00e1ra Kapu Tibor magyar \u0171rhaj\u00f3s l\u00e9pett az \u00e9rdekl\u0151d\u0151 t\u00f6mege el\u00e9, hogy a f\u0151t\u00e9ri nagysz\u00ednpadon k\u00f6sz\u00f6ntse az Kolozsv\u00e1ri Magyar Napok r\u00e9sztvev\u0151it. \u201eMi, \u0171rhaj\u00f3sok, azt szoktuk mondani, amikor elhagyjuk a F\u00f6ldet \u00e9s kimegy\u00fcnk a vil\u00e1g\u0171rbe, hogy att\u00f3l kezdve mi f\u00f6ldiek vagyunk, a F\u00f6ld nev\u0171 bolyg\u00f3r\u00f3l sz\u00e1rmazunk \u00e9s a F\u00f6ld teljes n\u00e9pess\u00e9g\u00e9t k\u00e9pviselj\u00fck. Szerintem ti is hasonl\u00f3 helyzetben vagytok Kolozsv\u00e1ron: az anyaorsz\u00e1gt\u00f3l egy kicsit t\u00e1volabb, de m\u00e9gis ugyan\u00fagy magyarnak \u00e9rzitek magatokat, mint mi f\u00f6ldieknek a vil\u00e1g\u0171rben. Amikor ott j\u00e1rtam, nem l\u00e1ttam orsz\u00e1ghat\u00e1rokat \u00e9s hat\u00e1r\u00e1tkel\u0151ket. De l\u00e1ttam a K\u00e1rp\u00e1t-medenc\u00e9t, a Dun\u00e1t, a Tisz\u00e1t, a Balatont, a Hargit\u00e1t, a Fert\u0151-tavat \u00e9s mindazt, ami minket magyarr\u00e1 tesz. Amit l\u00e1ttam, az \u00f6sszetartozott \u00e9s nem volt megosztott. Amit l\u00e1ttam, az egy volt \u00e9s nem sok k\u00fcl\u00f6n\u00e1ll\u00f3 dolog. Ahogy pedig Zor\u00e1n \u2013 a z\u00e1r\u00f3g\u00e1la zenei fell\u00e9p\u0151je \u2013 is hisz a t\u00e1gul\u00f3 vil\u00e1gban \u00e9s a l\u00e9zersug\u00e1rban, ez\u00e1ltal pedig tal\u00e1n az \u0171rkutat\u00e1sban, \u00fagy hisz\u00fcnk mi is bennetek\u201d \u2013 z\u00e1rta besz\u00e9d\u00e9t Kapu Tibor.<\/p>\n\n\n\n<p>Az idei Kolozsv\u00e1ri Magyar Napok 76 rendezv\u00e9nyhelysz\u00edn\u00e9nek t\u00f6bb mint 500 programpontja el\u00e9rte a 250 ezres l\u00e1togatotts\u00e1got. A programsorozat zenei sz\u00ednpadain 46 pop-, rock- \u00e9s jazzkoncert zajlott, valamint tov\u00e1bbi 12 klasszikus zenei koncert. A rendezv\u00e9nysorozat ideje alatt 35 k\u00e9pz\u0151m\u0171v\u00e9szeti ki\u00e1ll\u00edt\u00e1son, 31 v\u00e1rosismereti s\u00e9t\u00e1n, 44 filmvet\u00edt\u00e9sen, valamint 131 kerekasztal-besz\u00e9lget\u00e9sen \u00e9s el\u0151ad\u00e1son vehettek r\u00e9szt az \u00e9rdekl\u0151d\u0151k. A Farkas utca \u00fajra teljes hossz\u00e1ban fesztiv\u00e1lutc\u00e1v\u00e1 v\u00e1ltozott, ahol k\u00e9zm\u0171ves- \u00e9s k\u00f6nyvv\u00e1s\u00e1ron vehettek r\u00e9szt az \u00e9rdekl\u0151d\u0151k, de itt kapott helyet a m\u00fazeumok s\u00e9t\u00e1nya is. Szerd\u00e1t\u00f3l vas\u00e1rnapig 143 k\u00e9zm\u0171ves, 17 k\u00f6nyvkiad\u00f3 \u00e9s 17 m\u00fazeum mutatkozott be a magyarnapos k\u00f6z\u00f6ns\u00e9gnek. A Fogoly utca \u00fajra Borutcak\u00e9nt v\u00e1rta a K\u00e1rp\u00e1t-medence borainak szerelmeseit: 9 k\u00fcl\u00f6nb\u00f6z\u0151 pinc\u00e9szet ned\u0171it k\u00f3stolhatt\u00e1k meg az \u00e9rdekl\u0151d\u0151k. Az id\u00e9n hetedik kiad\u00e1s\u00e1hoz \u00e9rkezett KMN-Donaton Terepfut\u00f3verseny sor\u00e1n k\u00f6zel 600 jelentkez\u0151 m\u00e9rte \u00f6ssze \u00e1ll\u00f3k\u00e9pess\u00e9g\u00e9t t\u00f6bb koroszt\u00e1lyban \u00e9s n\u00e9gy k\u00fcl\u00f6nb\u00f6z\u0151 t\u00e1von, a versenynek is otthont ad\u00f3 kolozsv\u00e1ri falum\u00fazeum ter\u00fclet\u00e9n pedig \u00fajra megszervezt\u00e9k a hagyom\u00e1nyosnak sz\u00e1m\u00edt\u00f3 \u00f6r\u00f6mf\u0151z\u00e9st 28 csapat r\u00e9szv\u00e9tel\u00e9vel. A Kolozsv\u00e1ri Magyar Napok k\u00f6z\u00f6ns\u00e9ge az online t\u00e9rben is kiemelt \u00e9rdekl\u0151d\u00e9st mutatott a programsorozat ir\u00e1nt, hiszen csaknem 42 ezer egy\u00e9ni l\u00e1togat\u00f3ja volt a <a href=\"http:\/\/www.magyarnapok.ro\" target=\"_blank\" rel=\"noreferrer noopener\">www.magyarnapok.ro<\/a> oldalnak, a k\u00f6z\u00f6ss\u00e9gi m\u00e9di\u00e1ban megjelent tartalmakat pedig 6,5 milli\u00f3szor tekintett\u00e9k meg. A Kincses Kolozsv\u00e1r Egyes\u00fclet 151 partnerint\u00e9zm\u00e9nnyel k\u00f6z\u00f6sen szervezte meg a K\u00e1rp\u00e1t-medence egyik legnagyobb kultur\u00e1lis seregszeml\u00e9j\u00e9t, k\u00f6zel 100 t\u00e1mogat\u00f3 \u00e9s t\u00e1mogat\u00f3 int\u00e9zm\u00e9ny j\u00e1rult hozz\u00e1 a rendezv\u00e9nysorozat megval\u00f3s\u00edt\u00e1s\u00e1hoz, a 145 f\u0151s szervez\u0151csapatot pedig 120 \u00f6nk\u00e9ntes seg\u00edtette a b\u0151 egy h\u00e9t sor\u00e1n.&nbsp; A 17. Kolozsv\u00e1ri Magyar Napokat 2026. augusztus 16-23. k\u00f6z\u00f6tt szervezik meg.<\/p>\n\n\n\n<p><em>A Kincses Kolozsv\u00e1r Egyes\u00fclet sajt\u00f3irod\u00e1ja<\/em><\/p>\n","protected":false},"excerpt":{"rendered":"<p>Kapu Tibor k\u00f6sz\u00f6nt\u00f6tte Kolozsv\u00e1r F\u0151ter\u00e9n a kincses v\u00e1ros k\u00f6z\u00f6ns\u00e9g\u00e9t<\/p>\n","protected":false},"author":6,"featured_media":8861,"comment_status":"closed","ping_status":"open","sticky":false,"template":"","format":"standard","meta":{"_acf_changed":false,"footnotes":""},"categories":[1],"tags":[],"class_list":["post-8860","post","type-post","status-publish","format-standard","has-post-thumbnail","hentry","category-egyeb"],"acf":[],"yoast_head":"<!-- This site is optimized with the Yoast SEO plugin v25.5 - https:\/\/yoast.com\/wordpress\/plugins\/seo\/ -->\n<title>V\u00c9GET \u00c9RT A 16. KOLOZSV\u00c1RI MAGYAR NAPOK - Kolozsv\u00e1ri Magyar Napok 2025<\/title>\n<meta name=\"robots\" content=\"index, follow, max-snippet:-1, max-image-preview:large, max-video-preview:-1\" \/>\n<link rel=\"canonical\" href=\"https:\/\/magyarnapok.ro\/2025\/veget-ert-a-16-kolozsvari-magyar-napok\/\" \/>\n<meta property=\"og:locale\" content=\"hu_HU\" \/>\n<meta property=\"og:type\" content=\"article\" \/>\n<meta property=\"og:title\" content=\"V\u00c9GET \u00c9RT A 16. KOLOZSV\u00c1RI MAGYAR NAPOK - Kolozsv\u00e1ri Magyar Napok 2025\" \/>\n<meta property=\"og:description\" content=\"Kapu Tibor k\u00f6sz\u00f6nt\u00f6tte Kolozsv\u00e1r F\u0151ter\u00e9n a kincses v\u00e1ros k\u00f6z\u00f6ns\u00e9g\u00e9t\" \/>\n<meta property=\"og:url\" content=\"https:\/\/magyarnapok.ro\/2025\/veget-ert-a-16-kolozsvari-magyar-napok\/\" \/>\n<meta property=\"og:site_name\" content=\"Kolozsv\u00e1ri Magyar Napok 2025\" \/>\n<meta property=\"article:publisher\" content=\"https:\/\/www.facebook.com\/magyarnapok\" \/>\n<meta property=\"article:published_time\" content=\"2025-08-25T10:15:23+00:00\" \/>\n<meta property=\"article:modified_time\" content=\"2025-08-25T10:15:24+00:00\" \/>\n<meta property=\"og:image\" content=\"https:\/\/magyarnapok.ro\/2025\/wp-content\/uploads\/2025\/08\/3-scaled.jpg\" \/>\n\t<meta property=\"og:image:width\" content=\"2560\" \/>\n\t<meta property=\"og:image:height\" content=\"1709\" \/>\n\t<meta property=\"og:image:type\" content=\"image\/jpeg\" \/>\n<meta name=\"author\" content=\"Iroda KMN\" \/>\n<meta name=\"twitter:card\" content=\"summary_large_image\" \/>\n<meta name=\"twitter:label1\" content=\"Szerz\u0151:\" \/>\n\t<meta name=\"twitter:data1\" content=\"Iroda KMN\" \/>\n\t<meta name=\"twitter:label2\" content=\"Becs\u00fclt olvas\u00e1si id\u0151\" \/>\n\t<meta name=\"twitter:data2\" content=\"5 perc\" \/>\n<script type=\"application\/ld+json\" class=\"yoast-schema-graph\">{\"@context\":\"https:\/\/schema.org\",\"@graph\":[{\"@type\":\"Article\",\"@id\":\"https:\/\/magyarnapok.ro\/2025\/veget-ert-a-16-kolozsvari-magyar-napok\/#article\",\"isPartOf\":{\"@id\":\"https:\/\/magyarnapok.ro\/2025\/veget-ert-a-16-kolozsvari-magyar-napok\/\"},\"author\":{\"name\":\"Iroda KMN\",\"@id\":\"https:\/\/magyarnapok.ro\/2025\/#\/schema\/person\/77f0be48cec9cbb561eae4af9718e407\"},\"headline\":\"V\u00c9GET \u00c9RT A 16. KOLOZSV\u00c1RI MAGYAR NAPOK\",\"datePublished\":\"2025-08-25T10:15:23+00:00\",\"dateModified\":\"2025-08-25T10:15:24+00:00\",\"mainEntityOfPage\":{\"@id\":\"https:\/\/magyarnapok.ro\/2025\/veget-ert-a-16-kolozsvari-magyar-napok\/\"},\"wordCount\":1317,\"publisher\":{\"@id\":\"https:\/\/magyarnapok.ro\/2025\/#organization\"},\"image\":{\"@id\":\"https:\/\/magyarnapok.ro\/2025\/veget-ert-a-16-kolozsvari-magyar-napok\/#primaryimage\"},\"thumbnailUrl\":\"https:\/\/magyarnapok.ro\/2025\/wp-content\/uploads\/2025\/08\/3-scaled.jpg\",\"inLanguage\":\"hu\"},{\"@type\":\"WebPage\",\"@id\":\"https:\/\/magyarnapok.ro\/2025\/veget-ert-a-16-kolozsvari-magyar-napok\/\",\"url\":\"https:\/\/magyarnapok.ro\/2025\/veget-ert-a-16-kolozsvari-magyar-napok\/\",\"name\":\"V\u00c9GET \u00c9RT A 16. KOLOZSV\u00c1RI MAGYAR NAPOK - Kolozsv\u00e1ri Magyar Napok 2025\",\"isPartOf\":{\"@id\":\"https:\/\/magyarnapok.ro\/2025\/#website\"},\"primaryImageOfPage\":{\"@id\":\"https:\/\/magyarnapok.ro\/2025\/veget-ert-a-16-kolozsvari-magyar-napok\/#primaryimage\"},\"image\":{\"@id\":\"https:\/\/magyarnapok.ro\/2025\/veget-ert-a-16-kolozsvari-magyar-napok\/#primaryimage\"},\"thumbnailUrl\":\"https:\/\/magyarnapok.ro\/2025\/wp-content\/uploads\/2025\/08\/3-scaled.jpg\",\"datePublished\":\"2025-08-25T10:15:23+00:00\",\"dateModified\":\"2025-08-25T10:15:24+00:00\",\"breadcrumb\":{\"@id\":\"https:\/\/magyarnapok.ro\/2025\/veget-ert-a-16-kolozsvari-magyar-napok\/#breadcrumb\"},\"inLanguage\":\"hu\",\"potentialAction\":[{\"@type\":\"ReadAction\",\"target\":[\"https:\/\/magyarnapok.ro\/2025\/veget-ert-a-16-kolozsvari-magyar-napok\/\"]}]},{\"@type\":\"ImageObject\",\"inLanguage\":\"hu\",\"@id\":\"https:\/\/magyarnapok.ro\/2025\/veget-ert-a-16-kolozsvari-magyar-napok\/#primaryimage\",\"url\":\"https:\/\/magyarnapok.ro\/2025\/wp-content\/uploads\/2025\/08\/3-scaled.jpg\",\"contentUrl\":\"https:\/\/magyarnapok.ro\/2025\/wp-content\/uploads\/2025\/08\/3-scaled.jpg\",\"width\":2560,\"height\":1709},{\"@type\":\"BreadcrumbList\",\"@id\":\"https:\/\/magyarnapok.ro\/2025\/veget-ert-a-16-kolozsvari-magyar-napok\/#breadcrumb\",\"itemListElement\":[{\"@type\":\"ListItem\",\"position\":1,\"name\":\"Kezd\u0151lap\",\"item\":\"https:\/\/magyarnapok.ro\/2025\/\"},{\"@type\":\"ListItem\",\"position\":2,\"name\":\"V\u00c9GET \u00c9RT A 16. KOLOZSV\u00c1RI MAGYAR NAPOK\"}]},{\"@type\":\"WebSite\",\"@id\":\"https:\/\/magyarnapok.ro\/2025\/#website\",\"url\":\"https:\/\/magyarnapok.ro\/2025\/\",\"name\":\"Kolozsv\u00e1ri Magyar Napok 2025\",\"description\":\"Helyben vagyunk!\",\"publisher\":{\"@id\":\"https:\/\/magyarnapok.ro\/2025\/#organization\"},\"potentialAction\":[{\"@type\":\"SearchAction\",\"target\":{\"@type\":\"EntryPoint\",\"urlTemplate\":\"https:\/\/magyarnapok.ro\/2025\/?s={search_term_string}\"},\"query-input\":{\"@type\":\"PropertyValueSpecification\",\"valueRequired\":true,\"valueName\":\"search_term_string\"}}],\"inLanguage\":\"hu\"},{\"@type\":\"Organization\",\"@id\":\"https:\/\/magyarnapok.ro\/2025\/#organization\",\"name\":\"Kolozsv\u00e1ri Magyar Napok 2025\",\"url\":\"https:\/\/magyarnapok.ro\/2025\/\",\"logo\":{\"@type\":\"ImageObject\",\"inLanguage\":\"hu\",\"@id\":\"https:\/\/magyarnapok.ro\/2025\/#\/schema\/logo\/image\/\",\"url\":\"https:\/\/magyarnapok.ro\/2025\/wp-content\/uploads\/2024\/03\/KMN2023-www-logo-01.png\",\"contentUrl\":\"https:\/\/magyarnapok.ro\/2025\/wp-content\/uploads\/2024\/03\/KMN2023-www-logo-01.png\",\"width\":762,\"height\":589,\"caption\":\"Kolozsv\u00e1ri Magyar Napok 2025\"},\"image\":{\"@id\":\"https:\/\/magyarnapok.ro\/2025\/#\/schema\/logo\/image\/\"},\"sameAs\":[\"https:\/\/www.facebook.com\/magyarnapok\",\"https:\/\/www.instagram.com\/magyarnapok\/\",\"https:\/\/www.youtube.com\/c\/KolozsvriMagyarNapok2015\",\"https:\/\/www.tiktok.com\/@kmn_kolozsvar\"]},{\"@type\":\"Person\",\"@id\":\"https:\/\/magyarnapok.ro\/2025\/#\/schema\/person\/77f0be48cec9cbb561eae4af9718e407\",\"name\":\"Iroda KMN\",\"image\":{\"@type\":\"ImageObject\",\"inLanguage\":\"hu\",\"@id\":\"https:\/\/magyarnapok.ro\/2025\/#\/schema\/person\/image\/\",\"url\":\"https:\/\/secure.gravatar.com\/avatar\/c76a009583d28b0444c57ef343316473da696b522d992ebb64dac6b650ae5da9?s=96&d=mm&r=g\",\"contentUrl\":\"https:\/\/secure.gravatar.com\/avatar\/c76a009583d28b0444c57ef343316473da696b522d992ebb64dac6b650ae5da9?s=96&d=mm&r=g\",\"caption\":\"Iroda KMN\"},\"url\":\"https:\/\/magyarnapok.ro\/2025\/author\/kmn_iroda\/\"}]}<\/script>\n<!-- \/ Yoast SEO plugin. -->","yoast_head_json":{"title":"V\u00c9GET \u00c9RT A 16. KOLOZSV\u00c1RI MAGYAR NAPOK - Kolozsv\u00e1ri Magyar Napok 2025","robots":{"index":"index","follow":"follow","max-snippet":"max-snippet:-1","max-image-preview":"max-image-preview:large","max-video-preview":"max-video-preview:-1"},"canonical":"https:\/\/magyarnapok.ro\/2025\/veget-ert-a-16-kolozsvari-magyar-napok\/","og_locale":"hu_HU","og_type":"article","og_title":"V\u00c9GET \u00c9RT A 16. KOLOZSV\u00c1RI MAGYAR NAPOK - Kolozsv\u00e1ri Magyar Napok 2025","og_description":"Kapu Tibor k\u00f6sz\u00f6nt\u00f6tte Kolozsv\u00e1r F\u0151ter\u00e9n a kincses v\u00e1ros k\u00f6z\u00f6ns\u00e9g\u00e9t","og_url":"https:\/\/magyarnapok.ro\/2025\/veget-ert-a-16-kolozsvari-magyar-napok\/","og_site_name":"Kolozsv\u00e1ri Magyar Napok 2025","article_publisher":"https:\/\/www.facebook.com\/magyarnapok","article_published_time":"2025-08-25T10:15:23+00:00","article_modified_time":"2025-08-25T10:15:24+00:00","og_image":[{"width":2560,"height":1709,"url":"https:\/\/magyarnapok.ro\/2025\/wp-content\/uploads\/2025\/08\/3-scaled.jpg","type":"image\/jpeg"}],"author":"Iroda KMN","twitter_card":"summary_large_image","twitter_misc":{"Szerz\u0151:":"Iroda KMN","Becs\u00fclt olvas\u00e1si id\u0151":"5 perc"},"schema":{"@context":"https:\/\/schema.org","@graph":[{"@type":"Article","@id":"https:\/\/magyarnapok.ro\/2025\/veget-ert-a-16-kolozsvari-magyar-napok\/#article","isPartOf":{"@id":"https:\/\/magyarnapok.ro\/2025\/veget-ert-a-16-kolozsvari-magyar-napok\/"},"author":{"name":"Iroda KMN","@id":"https:\/\/magyarnapok.ro\/2025\/#\/schema\/person\/77f0be48cec9cbb561eae4af9718e407"},"headline":"V\u00c9GET \u00c9RT A 16. KOLOZSV\u00c1RI MAGYAR NAPOK","datePublished":"2025-08-25T10:15:23+00:00","dateModified":"2025-08-25T10:15:24+00:00","mainEntityOfPage":{"@id":"https:\/\/magyarnapok.ro\/2025\/veget-ert-a-16-kolozsvari-magyar-napok\/"},"wordCount":1317,"publisher":{"@id":"https:\/\/magyarnapok.ro\/2025\/#organization"},"image":{"@id":"https:\/\/magyarnapok.ro\/2025\/veget-ert-a-16-kolozsvari-magyar-napok\/#primaryimage"},"thumbnailUrl":"https:\/\/magyarnapok.ro\/2025\/wp-content\/uploads\/2025\/08\/3-scaled.jpg","inLanguage":"hu"},{"@type":"WebPage","@id":"https:\/\/magyarnapok.ro\/2025\/veget-ert-a-16-kolozsvari-magyar-napok\/","url":"https:\/\/magyarnapok.ro\/2025\/veget-ert-a-16-kolozsvari-magyar-napok\/","name":"V\u00c9GET \u00c9RT A 16. KOLOZSV\u00c1RI MAGYAR NAPOK - Kolozsv\u00e1ri Magyar Napok 2025","isPartOf":{"@id":"https:\/\/magyarnapok.ro\/2025\/#website"},"primaryImageOfPage":{"@id":"https:\/\/magyarnapok.ro\/2025\/veget-ert-a-16-kolozsvari-magyar-napok\/#primaryimage"},"image":{"@id":"https:\/\/magyarnapok.ro\/2025\/veget-ert-a-16-kolozsvari-magyar-napok\/#primaryimage"},"thumbnailUrl":"https:\/\/magyarnapok.ro\/2025\/wp-content\/uploads\/2025\/08\/3-scaled.jpg","datePublished":"2025-08-25T10:15:23+00:00","dateModified":"2025-08-25T10:15:24+00:00","breadcrumb":{"@id":"https:\/\/magyarnapok.ro\/2025\/veget-ert-a-16-kolozsvari-magyar-napok\/#breadcrumb"},"inLanguage":"hu","potentialAction":[{"@type":"ReadAction","target":["https:\/\/magyarnapok.ro\/2025\/veget-ert-a-16-kolozsvari-magyar-napok\/"]}]},{"@type":"ImageObject","inLanguage":"hu","@id":"https:\/\/magyarnapok.ro\/2025\/veget-ert-a-16-kolozsvari-magyar-napok\/#primaryimage","url":"https:\/\/magyarnapok.ro\/2025\/wp-content\/uploads\/2025\/08\/3-scaled.jpg","contentUrl":"https:\/\/magyarnapok.ro\/2025\/wp-content\/uploads\/2025\/08\/3-scaled.jpg","width":2560,"height":1709},{"@type":"BreadcrumbList","@id":"https:\/\/magyarnapok.ro\/2025\/veget-ert-a-16-kolozsvari-magyar-napok\/#breadcrumb","itemListElement":[{"@type":"ListItem","position":1,"name":"Kezd\u0151lap","item":"https:\/\/magyarnapok.ro\/2025\/"},{"@type":"ListItem","position":2,"name":"V\u00c9GET \u00c9RT A 16. KOLOZSV\u00c1RI MAGYAR NAPOK"}]},{"@type":"WebSite","@id":"https:\/\/magyarnapok.ro\/2025\/#website","url":"https:\/\/magyarnapok.ro\/2025\/","name":"Kolozsv\u00e1ri Magyar Napok 2025","description":"Helyben vagyunk!","publisher":{"@id":"https:\/\/magyarnapok.ro\/2025\/#organization"},"potentialAction":[{"@type":"SearchAction","target":{"@type":"EntryPoint","urlTemplate":"https:\/\/magyarnapok.ro\/2025\/?s={search_term_string}"},"query-input":{"@type":"PropertyValueSpecification","valueRequired":true,"valueName":"search_term_string"}}],"inLanguage":"hu"},{"@type":"Organization","@id":"https:\/\/magyarnapok.ro\/2025\/#organization","name":"Kolozsv\u00e1ri Magyar Napok 2025","url":"https:\/\/magyarnapok.ro\/2025\/","logo":{"@type":"ImageObject","inLanguage":"hu","@id":"https:\/\/magyarnapok.ro\/2025\/#\/schema\/logo\/image\/","url":"https:\/\/magyarnapok.ro\/2025\/wp-content\/uploads\/2024\/03\/KMN2023-www-logo-01.png","contentUrl":"https:\/\/magyarnapok.ro\/2025\/wp-content\/uploads\/2024\/03\/KMN2023-www-logo-01.png","width":762,"height":589,"caption":"Kolozsv\u00e1ri Magyar Napok 2025"},"image":{"@id":"https:\/\/magyarnapok.ro\/2025\/#\/schema\/logo\/image\/"},"sameAs":["https:\/\/www.facebook.com\/magyarnapok","https:\/\/www.instagram.com\/magyarnapok\/","https:\/\/www.youtube.com\/c\/KolozsvriMagyarNapok2015","https:\/\/www.tiktok.com\/@kmn_kolozsvar"]},{"@type":"Person","@id":"https:\/\/magyarnapok.ro\/2025\/#\/schema\/person\/77f0be48cec9cbb561eae4af9718e407","name":"Iroda KMN","image":{"@type":"ImageObject","inLanguage":"hu","@id":"https:\/\/magyarnapok.ro\/2025\/#\/schema\/person\/image\/","url":"https:\/\/secure.gravatar.com\/avatar\/c76a009583d28b0444c57ef343316473da696b522d992ebb64dac6b650ae5da9?s=96&d=mm&r=g","contentUrl":"https:\/\/secure.gravatar.com\/avatar\/c76a009583d28b0444c57ef343316473da696b522d992ebb64dac6b650ae5da9?s=96&d=mm&r=g","caption":"Iroda KMN"},"url":"https:\/\/magyarnapok.ro\/2025\/author\/kmn_iroda\/"}]}},"lang":"hu","translations":{"hu":8860},"pll_sync_post":[],"_links":{"self":[{"href":"https:\/\/magyarnapok.ro\/2025\/wp-json\/wp\/v2\/posts\/8860","targetHints":{"allow":["GET"]}}],"collection":[{"href":"https:\/\/magyarnapok.ro\/2025\/wp-json\/wp\/v2\/posts"}],"about":[{"href":"https:\/\/magyarnapok.ro\/2025\/wp-json\/wp\/v2\/types\/post"}],"author":[{"embeddable":true,"href":"https:\/\/magyarnapok.ro\/2025\/wp-json\/wp\/v2\/users\/6"}],"replies":[{"embeddable":true,"href":"https:\/\/magyarnapok.ro\/2025\/wp-json\/wp\/v2\/comments?post=8860"}],"version-history":[{"count":1,"href":"https:\/\/magyarnapok.ro\/2025\/wp-json\/wp\/v2\/posts\/8860\/revisions"}],"predecessor-version":[{"id":8862,"href":"https:\/\/magyarnapok.ro\/2025\/wp-json\/wp\/v2\/posts\/8860\/revisions\/8862"}],"wp:featuredmedia":[{"embeddable":true,"href":"https:\/\/magyarnapok.ro\/2025\/wp-json\/wp\/v2\/media\/8861"}],"wp:attachment":[{"href":"https:\/\/magyarnapok.ro\/2025\/wp-json\/wp\/v2\/media?parent=8860"}],"wp:term":[{"taxonomy":"category","embeddable":true,"href":"https:\/\/magyarnapok.ro\/2025\/wp-json\/wp\/v2\/categories?post=8860"},{"taxonomy":"post_tag","embeddable":true,"href":"https:\/\/magyarnapok.ro\/2025\/wp-json\/wp\/v2\/tags?post=8860"}],"curies":[{"name":"wp","href":"https:\/\/api.w.org\/{rel}","templated":true}]}}