{"id":8865,"date":"2025-08-26T22:45:22","date_gmt":"2025-08-26T19:45:22","guid":{"rendered":"https:\/\/magyarnapok.ro\/2025\/?p=8865"},"modified":"2025-08-26T22:45:23","modified_gmt":"2025-08-26T19:45:23","slug":"emlektabla-laszloffy-csaba-tiszteletere","status":"publish","type":"post","link":"https:\/\/magyarnapok.ro\/2025\/emlektabla-laszloffy-csaba-tiszteletere\/","title":{"rendered":"Eml\u00e9kt\u00e1bla L\u00e1szl\u00f3ffy Csaba tisztelet\u00e9re"},"content":{"rendered":"\n<p>Az erd\u00e9lyi magyar irodalom nagyrabecs\u00fclt alakj\u00e1nak, L\u00e1szl\u00f3ffy Csab\u00e1nak a tisztelet\u00e9re avattak eml\u00e9kt\u00e1bl\u00e1t a k\u00f6lt\u0151 egykori otthon\u00e1n\u00e1l a 16. Kolozsv\u00e1ri Magyar Napok keret\u00e9ben. Az \u00fcnneps\u00e9gen a n\u00e9pes k\u00f6z\u00f6ns\u00e9g mellett a k\u00f6lt\u0151 csal\u00e1dja is jelen volt. Besz\u00e9det mondott Boros Zolt\u00e1n, a bukaresti Magyar Ad\u00e1s nyugalmazott vezet\u0151je, illetve Korpa Tam\u00e1s k\u00f6lt\u0151, aki L\u00e1szl\u00f3ffy Csaba tan\u00edtv\u00e1nya, majd j\u00f3bar\u00e1tja volt.<\/p>\n\n\n\n<p>Korpa Tam\u00e1s az \u00fcnnepi besz\u00e9d\u00e9ben \u00edgy fogalmazott: \u201eL\u00e1szl\u00f3ffy Csaba \u00e9letm\u0171ve az erd\u00e9lyi magyar irodalom alak\u00edt\u00f3 r\u00e9sze \u00e9s r\u00e9szese, annak egyik k\u00fcl\u00f6n\u00e1ll\u00f3, nehezen besorolhat\u00f3 magaslata. B\u00e1r p\u00e1lyat\u00e1rsai k\u00f6z\u00fcl sokakkal osztozott a kisebbs\u00e9gi l\u00e9t k\u00e9rd\u00e9sfelvet\u00e9seiben, Csaba po\u00e9tik\u00e1ja kor\u00e1n a t\u00f6rt\u00e9neti \u00e9s mitopo\u00e9tikus t\u00e1vlat fel\u00e9 fordult. (&#8230;) Tisztelt jelenl\u00e9v\u0151k, engedj\u00e9k meg, hogy e t\u00e1bla avat\u00e1skor a k\u00f6lt\u0151, \u00edr\u00f3, m\u0171ford\u00edt\u00f3, szerkeszt\u0151, felel\u0151s \u00e9rtelmis\u00e9givel egy\u00fctt eml\u00e9kezz\u00fcnk azokra az id\u0151kre is, amikor a k\u00f6lt\u00e9szet nemcsak k\u00f6nyvekben, hanem emberek k\u00f6z\u00f6tt, levelekben, k\u00f6z\u00f6s besz\u00e9lget\u00e9sekben, tal\u00e1lkoz\u00e1sokban, v\u00e9rre men\u0151 vit\u00e1kban, sorok k\u00f6z\u00f6tti feh\u00e9r labirintusokban, kolozsv\u00e1ri d\u00e9lut\u00e1nokban \u00e9lt. Az eml\u00e9kt\u00e1bla nem a m\u00falt lez\u00e1r\u00e1sa, hanem annak a biztos\u00edt\u00e9ka, hogy L\u00e1szl\u00f3ffy Csaba m\u0171ve \u00e9s szelleme tov\u00e1bb \u00e9l a magyar irodalom jelen\u00e9ben, j\u00f6v\u0151j\u00e9ben.\u201d<\/p>\n\n\n\n<p>L\u00e1szl\u00f3ffy Csaba a kolozsv\u00e1ri kult\u00fart\u00f6rt\u00e9net meghat\u00e1roz\u00f3 szem\u00e9lyis\u00e9ge volt, a B\u00e1stya utcai lak\u00e1s\u00e1n elhelyezett eml\u00e9kt\u00e1bla pedig m\u00e9lt\u00f3 monumentum egy olyan embernek, aki a diktat\u00fara \u00e9vei alatt, a magyar \u00e9rtelmis\u00e9gre nehezed\u0151 elviselhetetlen nyom\u00e1s ellen\u00e9re is k\u00e9pes volt \u00e1ldozatos munk\u00e1val, odaad\u00e1ssal szolg\u00e1lni a hat\u00e1rhelyzetben l\u00e9tez\u0151 magyar kult\u00far\u00e1t.<\/p>\n\n\n\n<p>Ferencz \u00c1d\u00e1m<\/p>\n","protected":false},"excerpt":{"rendered":"<p>Az erd\u00e9lyi magyar irodalom nagyrabecs\u00fclt alakj\u00e1nak, L\u00e1szl\u00f3ffy Csab\u00e1nak&#8230;<\/p>\n","protected":false},"author":6,"featured_media":8866,"comment_status":"closed","ping_status":"open","sticky":false,"template":"","format":"standard","meta":{"_acf_changed":false,"footnotes":""},"categories":[1],"tags":[],"class_list":["post-8865","post","type-post","status-publish","format-standard","has-post-thumbnail","hentry","category-egyeb"],"acf":[],"yoast_head":"<!-- This site is optimized with the Yoast SEO plugin v25.5 - https:\/\/yoast.com\/wordpress\/plugins\/seo\/ -->\n<title>Eml\u00e9kt\u00e1bla L\u00e1szl\u00f3ffy Csaba tisztelet\u00e9re - Kolozsv\u00e1ri Magyar Napok 2025<\/title>\n<meta name=\"robots\" content=\"index, follow, max-snippet:-1, max-image-preview:large, max-video-preview:-1\" \/>\n<link rel=\"canonical\" href=\"https:\/\/magyarnapok.ro\/2025\/emlektabla-laszloffy-csaba-tiszteletere\/\" \/>\n<meta property=\"og:locale\" content=\"hu_HU\" \/>\n<meta property=\"og:type\" content=\"article\" \/>\n<meta property=\"og:title\" content=\"Eml\u00e9kt\u00e1bla L\u00e1szl\u00f3ffy Csaba tisztelet\u00e9re - Kolozsv\u00e1ri Magyar Napok 2025\" \/>\n<meta property=\"og:description\" content=\"Az erd\u00e9lyi magyar irodalom nagyrabecs\u00fclt alakj\u00e1nak, L\u00e1szl\u00f3ffy Csab\u00e1nak...\" \/>\n<meta property=\"og:url\" content=\"https:\/\/magyarnapok.ro\/2025\/emlektabla-laszloffy-csaba-tiszteletere\/\" \/>\n<meta property=\"og:site_name\" content=\"Kolozsv\u00e1ri Magyar Napok 2025\" \/>\n<meta property=\"article:publisher\" content=\"https:\/\/www.facebook.com\/magyarnapok\" \/>\n<meta property=\"article:published_time\" content=\"2025-08-26T19:45:22+00:00\" \/>\n<meta property=\"article:modified_time\" content=\"2025-08-26T19:45:23+00:00\" \/>\n<meta property=\"og:image\" content=\"https:\/\/magyarnapok.ro\/2025\/wp-content\/uploads\/2025\/08\/kmn2025_emlektabla_avatas_0820_112432_107_PR-scaled.jpg\" \/>\n\t<meta property=\"og:image:width\" content=\"2560\" \/>\n\t<meta property=\"og:image:height\" content=\"1707\" \/>\n\t<meta property=\"og:image:type\" content=\"image\/jpeg\" \/>\n<meta name=\"author\" content=\"Iroda KMN\" \/>\n<meta name=\"twitter:card\" content=\"summary_large_image\" \/>\n<meta name=\"twitter:label1\" content=\"Szerz\u0151:\" \/>\n\t<meta name=\"twitter:data1\" content=\"Iroda KMN\" \/>\n\t<meta name=\"twitter:label2\" content=\"Becs\u00fclt olvas\u00e1si id\u0151\" \/>\n\t<meta name=\"twitter:data2\" content=\"2 perc\" \/>\n<script type=\"application\/ld+json\" class=\"yoast-schema-graph\">{\"@context\":\"https:\/\/schema.org\",\"@graph\":[{\"@type\":\"Article\",\"@id\":\"https:\/\/magyarnapok.ro\/2025\/emlektabla-laszloffy-csaba-tiszteletere\/#article\",\"isPartOf\":{\"@id\":\"https:\/\/magyarnapok.ro\/2025\/emlektabla-laszloffy-csaba-tiszteletere\/\"},\"author\":{\"name\":\"Iroda KMN\",\"@id\":\"https:\/\/magyarnapok.ro\/2025\/#\/schema\/person\/77f0be48cec9cbb561eae4af9718e407\"},\"headline\":\"Eml\u00e9kt\u00e1bla L\u00e1szl\u00f3ffy Csaba tisztelet\u00e9re\",\"datePublished\":\"2025-08-26T19:45:22+00:00\",\"dateModified\":\"2025-08-26T19:45:23+00:00\",\"mainEntityOfPage\":{\"@id\":\"https:\/\/magyarnapok.ro\/2025\/emlektabla-laszloffy-csaba-tiszteletere\/\"},\"wordCount\":358,\"publisher\":{\"@id\":\"https:\/\/magyarnapok.ro\/2025\/#organization\"},\"image\":{\"@id\":\"https:\/\/magyarnapok.ro\/2025\/emlektabla-laszloffy-csaba-tiszteletere\/#primaryimage\"},\"thumbnailUrl\":\"https:\/\/magyarnapok.ro\/2025\/wp-content\/uploads\/2025\/08\/kmn2025_emlektabla_avatas_0820_112432_107_PR-scaled.jpg\",\"inLanguage\":\"hu\"},{\"@type\":\"WebPage\",\"@id\":\"https:\/\/magyarnapok.ro\/2025\/emlektabla-laszloffy-csaba-tiszteletere\/\",\"url\":\"https:\/\/magyarnapok.ro\/2025\/emlektabla-laszloffy-csaba-tiszteletere\/\",\"name\":\"Eml\u00e9kt\u00e1bla L\u00e1szl\u00f3ffy Csaba tisztelet\u00e9re - Kolozsv\u00e1ri Magyar Napok 2025\",\"isPartOf\":{\"@id\":\"https:\/\/magyarnapok.ro\/2025\/#website\"},\"primaryImageOfPage\":{\"@id\":\"https:\/\/magyarnapok.ro\/2025\/emlektabla-laszloffy-csaba-tiszteletere\/#primaryimage\"},\"image\":{\"@id\":\"https:\/\/magyarnapok.ro\/2025\/emlektabla-laszloffy-csaba-tiszteletere\/#primaryimage\"},\"thumbnailUrl\":\"https:\/\/magyarnapok.ro\/2025\/wp-content\/uploads\/2025\/08\/kmn2025_emlektabla_avatas_0820_112432_107_PR-scaled.jpg\",\"datePublished\":\"2025-08-26T19:45:22+00:00\",\"dateModified\":\"2025-08-26T19:45:23+00:00\",\"breadcrumb\":{\"@id\":\"https:\/\/magyarnapok.ro\/2025\/emlektabla-laszloffy-csaba-tiszteletere\/#breadcrumb\"},\"inLanguage\":\"hu\",\"potentialAction\":[{\"@type\":\"ReadAction\",\"target\":[\"https:\/\/magyarnapok.ro\/2025\/emlektabla-laszloffy-csaba-tiszteletere\/\"]}]},{\"@type\":\"ImageObject\",\"inLanguage\":\"hu\",\"@id\":\"https:\/\/magyarnapok.ro\/2025\/emlektabla-laszloffy-csaba-tiszteletere\/#primaryimage\",\"url\":\"https:\/\/magyarnapok.ro\/2025\/wp-content\/uploads\/2025\/08\/kmn2025_emlektabla_avatas_0820_112432_107_PR-scaled.jpg\",\"contentUrl\":\"https:\/\/magyarnapok.ro\/2025\/wp-content\/uploads\/2025\/08\/kmn2025_emlektabla_avatas_0820_112432_107_PR-scaled.jpg\",\"width\":2560,\"height\":1707},{\"@type\":\"BreadcrumbList\",\"@id\":\"https:\/\/magyarnapok.ro\/2025\/emlektabla-laszloffy-csaba-tiszteletere\/#breadcrumb\",\"itemListElement\":[{\"@type\":\"ListItem\",\"position\":1,\"name\":\"Kezd\u0151lap\",\"item\":\"https:\/\/magyarnapok.ro\/2025\/\"},{\"@type\":\"ListItem\",\"position\":2,\"name\":\"Eml\u00e9kt\u00e1bla L\u00e1szl\u00f3ffy Csaba tisztelet\u00e9re\"}]},{\"@type\":\"WebSite\",\"@id\":\"https:\/\/magyarnapok.ro\/2025\/#website\",\"url\":\"https:\/\/magyarnapok.ro\/2025\/\",\"name\":\"Kolozsv\u00e1ri Magyar Napok 2025\",\"description\":\"Helyben vagyunk!\",\"publisher\":{\"@id\":\"https:\/\/magyarnapok.ro\/2025\/#organization\"},\"potentialAction\":[{\"@type\":\"SearchAction\",\"target\":{\"@type\":\"EntryPoint\",\"urlTemplate\":\"https:\/\/magyarnapok.ro\/2025\/?s={search_term_string}\"},\"query-input\":{\"@type\":\"PropertyValueSpecification\",\"valueRequired\":true,\"valueName\":\"search_term_string\"}}],\"inLanguage\":\"hu\"},{\"@type\":\"Organization\",\"@id\":\"https:\/\/magyarnapok.ro\/2025\/#organization\",\"name\":\"Kolozsv\u00e1ri Magyar Napok 2025\",\"url\":\"https:\/\/magyarnapok.ro\/2025\/\",\"logo\":{\"@type\":\"ImageObject\",\"inLanguage\":\"hu\",\"@id\":\"https:\/\/magyarnapok.ro\/2025\/#\/schema\/logo\/image\/\",\"url\":\"https:\/\/magyarnapok.ro\/2025\/wp-content\/uploads\/2024\/03\/KMN2023-www-logo-01.png\",\"contentUrl\":\"https:\/\/magyarnapok.ro\/2025\/wp-content\/uploads\/2024\/03\/KMN2023-www-logo-01.png\",\"width\":762,\"height\":589,\"caption\":\"Kolozsv\u00e1ri Magyar Napok 2025\"},\"image\":{\"@id\":\"https:\/\/magyarnapok.ro\/2025\/#\/schema\/logo\/image\/\"},\"sameAs\":[\"https:\/\/www.facebook.com\/magyarnapok\",\"https:\/\/www.instagram.com\/magyarnapok\/\",\"https:\/\/www.youtube.com\/c\/KolozsvriMagyarNapok2015\",\"https:\/\/www.tiktok.com\/@kmn_kolozsvar\"]},{\"@type\":\"Person\",\"@id\":\"https:\/\/magyarnapok.ro\/2025\/#\/schema\/person\/77f0be48cec9cbb561eae4af9718e407\",\"name\":\"Iroda KMN\",\"image\":{\"@type\":\"ImageObject\",\"inLanguage\":\"hu\",\"@id\":\"https:\/\/magyarnapok.ro\/2025\/#\/schema\/person\/image\/\",\"url\":\"https:\/\/secure.gravatar.com\/avatar\/c76a009583d28b0444c57ef343316473da696b522d992ebb64dac6b650ae5da9?s=96&d=mm&r=g\",\"contentUrl\":\"https:\/\/secure.gravatar.com\/avatar\/c76a009583d28b0444c57ef343316473da696b522d992ebb64dac6b650ae5da9?s=96&d=mm&r=g\",\"caption\":\"Iroda KMN\"},\"url\":\"https:\/\/magyarnapok.ro\/2025\/author\/kmn_iroda\/\"}]}<\/script>\n<!-- \/ Yoast SEO plugin. -->","yoast_head_json":{"title":"Eml\u00e9kt\u00e1bla L\u00e1szl\u00f3ffy Csaba tisztelet\u00e9re - Kolozsv\u00e1ri Magyar Napok 2025","robots":{"index":"index","follow":"follow","max-snippet":"max-snippet:-1","max-image-preview":"max-image-preview:large","max-video-preview":"max-video-preview:-1"},"canonical":"https:\/\/magyarnapok.ro\/2025\/emlektabla-laszloffy-csaba-tiszteletere\/","og_locale":"hu_HU","og_type":"article","og_title":"Eml\u00e9kt\u00e1bla L\u00e1szl\u00f3ffy Csaba tisztelet\u00e9re - Kolozsv\u00e1ri Magyar Napok 2025","og_description":"Az erd\u00e9lyi magyar irodalom nagyrabecs\u00fclt alakj\u00e1nak, L\u00e1szl\u00f3ffy Csab\u00e1nak...","og_url":"https:\/\/magyarnapok.ro\/2025\/emlektabla-laszloffy-csaba-tiszteletere\/","og_site_name":"Kolozsv\u00e1ri Magyar Napok 2025","article_publisher":"https:\/\/www.facebook.com\/magyarnapok","article_published_time":"2025-08-26T19:45:22+00:00","article_modified_time":"2025-08-26T19:45:23+00:00","og_image":[{"width":2560,"height":1707,"url":"https:\/\/magyarnapok.ro\/2025\/wp-content\/uploads\/2025\/08\/kmn2025_emlektabla_avatas_0820_112432_107_PR-scaled.jpg","type":"image\/jpeg"}],"author":"Iroda KMN","twitter_card":"summary_large_image","twitter_misc":{"Szerz\u0151:":"Iroda KMN","Becs\u00fclt olvas\u00e1si id\u0151":"2 perc"},"schema":{"@context":"https:\/\/schema.org","@graph":[{"@type":"Article","@id":"https:\/\/magyarnapok.ro\/2025\/emlektabla-laszloffy-csaba-tiszteletere\/#article","isPartOf":{"@id":"https:\/\/magyarnapok.ro\/2025\/emlektabla-laszloffy-csaba-tiszteletere\/"},"author":{"name":"Iroda KMN","@id":"https:\/\/magyarnapok.ro\/2025\/#\/schema\/person\/77f0be48cec9cbb561eae4af9718e407"},"headline":"Eml\u00e9kt\u00e1bla L\u00e1szl\u00f3ffy Csaba tisztelet\u00e9re","datePublished":"2025-08-26T19:45:22+00:00","dateModified":"2025-08-26T19:45:23+00:00","mainEntityOfPage":{"@id":"https:\/\/magyarnapok.ro\/2025\/emlektabla-laszloffy-csaba-tiszteletere\/"},"wordCount":358,"publisher":{"@id":"https:\/\/magyarnapok.ro\/2025\/#organization"},"image":{"@id":"https:\/\/magyarnapok.ro\/2025\/emlektabla-laszloffy-csaba-tiszteletere\/#primaryimage"},"thumbnailUrl":"https:\/\/magyarnapok.ro\/2025\/wp-content\/uploads\/2025\/08\/kmn2025_emlektabla_avatas_0820_112432_107_PR-scaled.jpg","inLanguage":"hu"},{"@type":"WebPage","@id":"https:\/\/magyarnapok.ro\/2025\/emlektabla-laszloffy-csaba-tiszteletere\/","url":"https:\/\/magyarnapok.ro\/2025\/emlektabla-laszloffy-csaba-tiszteletere\/","name":"Eml\u00e9kt\u00e1bla L\u00e1szl\u00f3ffy Csaba tisztelet\u00e9re - Kolozsv\u00e1ri Magyar Napok 2025","isPartOf":{"@id":"https:\/\/magyarnapok.ro\/2025\/#website"},"primaryImageOfPage":{"@id":"https:\/\/magyarnapok.ro\/2025\/emlektabla-laszloffy-csaba-tiszteletere\/#primaryimage"},"image":{"@id":"https:\/\/magyarnapok.ro\/2025\/emlektabla-laszloffy-csaba-tiszteletere\/#primaryimage"},"thumbnailUrl":"https:\/\/magyarnapok.ro\/2025\/wp-content\/uploads\/2025\/08\/kmn2025_emlektabla_avatas_0820_112432_107_PR-scaled.jpg","datePublished":"2025-08-26T19:45:22+00:00","dateModified":"2025-08-26T19:45:23+00:00","breadcrumb":{"@id":"https:\/\/magyarnapok.ro\/2025\/emlektabla-laszloffy-csaba-tiszteletere\/#breadcrumb"},"inLanguage":"hu","potentialAction":[{"@type":"ReadAction","target":["https:\/\/magyarnapok.ro\/2025\/emlektabla-laszloffy-csaba-tiszteletere\/"]}]},{"@type":"ImageObject","inLanguage":"hu","@id":"https:\/\/magyarnapok.ro\/2025\/emlektabla-laszloffy-csaba-tiszteletere\/#primaryimage","url":"https:\/\/magyarnapok.ro\/2025\/wp-content\/uploads\/2025\/08\/kmn2025_emlektabla_avatas_0820_112432_107_PR-scaled.jpg","contentUrl":"https:\/\/magyarnapok.ro\/2025\/wp-content\/uploads\/2025\/08\/kmn2025_emlektabla_avatas_0820_112432_107_PR-scaled.jpg","width":2560,"height":1707},{"@type":"BreadcrumbList","@id":"https:\/\/magyarnapok.ro\/2025\/emlektabla-laszloffy-csaba-tiszteletere\/#breadcrumb","itemListElement":[{"@type":"ListItem","position":1,"name":"Kezd\u0151lap","item":"https:\/\/magyarnapok.ro\/2025\/"},{"@type":"ListItem","position":2,"name":"Eml\u00e9kt\u00e1bla L\u00e1szl\u00f3ffy Csaba tisztelet\u00e9re"}]},{"@type":"WebSite","@id":"https:\/\/magyarnapok.ro\/2025\/#website","url":"https:\/\/magyarnapok.ro\/2025\/","name":"Kolozsv\u00e1ri Magyar Napok 2025","description":"Helyben vagyunk!","publisher":{"@id":"https:\/\/magyarnapok.ro\/2025\/#organization"},"potentialAction":[{"@type":"SearchAction","target":{"@type":"EntryPoint","urlTemplate":"https:\/\/magyarnapok.ro\/2025\/?s={search_term_string}"},"query-input":{"@type":"PropertyValueSpecification","valueRequired":true,"valueName":"search_term_string"}}],"inLanguage":"hu"},{"@type":"Organization","@id":"https:\/\/magyarnapok.ro\/2025\/#organization","name":"Kolozsv\u00e1ri Magyar Napok 2025","url":"https:\/\/magyarnapok.ro\/2025\/","logo":{"@type":"ImageObject","inLanguage":"hu","@id":"https:\/\/magyarnapok.ro\/2025\/#\/schema\/logo\/image\/","url":"https:\/\/magyarnapok.ro\/2025\/wp-content\/uploads\/2024\/03\/KMN2023-www-logo-01.png","contentUrl":"https:\/\/magyarnapok.ro\/2025\/wp-content\/uploads\/2024\/03\/KMN2023-www-logo-01.png","width":762,"height":589,"caption":"Kolozsv\u00e1ri Magyar Napok 2025"},"image":{"@id":"https:\/\/magyarnapok.ro\/2025\/#\/schema\/logo\/image\/"},"sameAs":["https:\/\/www.facebook.com\/magyarnapok","https:\/\/www.instagram.com\/magyarnapok\/","https:\/\/www.youtube.com\/c\/KolozsvriMagyarNapok2015","https:\/\/www.tiktok.com\/@kmn_kolozsvar"]},{"@type":"Person","@id":"https:\/\/magyarnapok.ro\/2025\/#\/schema\/person\/77f0be48cec9cbb561eae4af9718e407","name":"Iroda KMN","image":{"@type":"ImageObject","inLanguage":"hu","@id":"https:\/\/magyarnapok.ro\/2025\/#\/schema\/person\/image\/","url":"https:\/\/secure.gravatar.com\/avatar\/c76a009583d28b0444c57ef343316473da696b522d992ebb64dac6b650ae5da9?s=96&d=mm&r=g","contentUrl":"https:\/\/secure.gravatar.com\/avatar\/c76a009583d28b0444c57ef343316473da696b522d992ebb64dac6b650ae5da9?s=96&d=mm&r=g","caption":"Iroda KMN"},"url":"https:\/\/magyarnapok.ro\/2025\/author\/kmn_iroda\/"}]}},"lang":"hu","translations":{"hu":8865},"pll_sync_post":[],"_links":{"self":[{"href":"https:\/\/magyarnapok.ro\/2025\/wp-json\/wp\/v2\/posts\/8865","targetHints":{"allow":["GET"]}}],"collection":[{"href":"https:\/\/magyarnapok.ro\/2025\/wp-json\/wp\/v2\/posts"}],"about":[{"href":"https:\/\/magyarnapok.ro\/2025\/wp-json\/wp\/v2\/types\/post"}],"author":[{"embeddable":true,"href":"https:\/\/magyarnapok.ro\/2025\/wp-json\/wp\/v2\/users\/6"}],"replies":[{"embeddable":true,"href":"https:\/\/magyarnapok.ro\/2025\/wp-json\/wp\/v2\/comments?post=8865"}],"version-history":[{"count":1,"href":"https:\/\/magyarnapok.ro\/2025\/wp-json\/wp\/v2\/posts\/8865\/revisions"}],"predecessor-version":[{"id":8867,"href":"https:\/\/magyarnapok.ro\/2025\/wp-json\/wp\/v2\/posts\/8865\/revisions\/8867"}],"wp:featuredmedia":[{"embeddable":true,"href":"https:\/\/magyarnapok.ro\/2025\/wp-json\/wp\/v2\/media\/8866"}],"wp:attachment":[{"href":"https:\/\/magyarnapok.ro\/2025\/wp-json\/wp\/v2\/media?parent=8865"}],"wp:term":[{"taxonomy":"category","embeddable":true,"href":"https:\/\/magyarnapok.ro\/2025\/wp-json\/wp\/v2\/categories?post=8865"},{"taxonomy":"post_tag","embeddable":true,"href":"https:\/\/magyarnapok.ro\/2025\/wp-json\/wp\/v2\/tags?post=8865"}],"curies":[{"name":"wp","href":"https:\/\/api.w.org\/{rel}","templated":true}]}}