{"id":8868,"date":"2025-08-26T22:55:39","date_gmt":"2025-08-26T19:55:39","guid":{"rendered":"https:\/\/magyarnapok.ro\/2025\/?p=8868"},"modified":"2025-08-26T22:55:39","modified_gmt":"2025-08-26T19:55:39","slug":"hogy-nezett-ki-matyas-kiraly","status":"publish","type":"post","link":"https:\/\/magyarnapok.ro\/2025\/hogy-nezett-ki-matyas-kiraly\/","title":{"rendered":"Hogy n\u00e9zett ki M\u00e1ty\u00e1s kir\u00e1ly?"},"content":{"rendered":"\n<p>Augusztus 24-\u00e9n, a Kolozsv\u00e1ri Magyar Napok utols\u00f3 napj\u00e1n, a Kincses Kolozsv\u00e1r Egyes\u00fclet \u00e9s a Sapientia EMTE Kolozsv\u00e1ri Kar szervez\u00e9s\u00e9ben minikonferenci\u00e1t tartottak <em>Nagy kir\u00e1lyok \u2013 emberi arcok. Eml\u00e9kez\u00e9s \u00e9s megeleven\u00edt\u00e9s<\/em> c\u00edmmel. A h\u00e1zigazda Lupescu Radu t\u00f6rt\u00e9n\u00e9sz volt.<\/p>\n\n\n\n<p>A Sapientia Tudom\u00e1nyegyetem Hunyadi M\u00e1ty\u00e1s term\u00e9ben megtartott konferenci\u00e1n Dr. Szabados Gy\u00f6rgy \u00e9s G\u00e1bor Emese tartott el\u0151ad\u00e1st \u2013 el\u0151bbi a kir\u00e1lyi temetkez\u00e9sekr\u0151l, ut\u00f3bbi tudom\u00e1nyos arcrekonstrukci\u00f3r\u00f3l sz\u00f3lt.<\/p>\n\n\n\n<p>Dr. Szabados Gy\u00f6rgy t\u00f6rt\u00e9n\u00e9sz <em>Teste Feh\u00e9rv\u00e1rott nyugszik \u2013 Kir\u00e1lyi temetkez\u00e9sek a Sz\u0171z M\u00e1ria-bazilik\u00e1ban<\/em> c\u00edm\u0171 el\u0151ad\u00e1s\u00e1t tartotta meg. El\u0151bb ismertette az I. (Szent) Istv\u00e1n kir\u00e1ly \u00e1ltal alap\u00edtott sz\u00e9kesfeh\u00e9rv\u00e1ri bazilika k\u00f6z\u00e9pkori jelent\u0151s\u00e9g\u00e9t, mint magyar koron\u00e1z\u00f3v\u00e1ros, k\u00e9s\u0151bb pedig kir\u00e1lyi temetkez\u00e9si hely. Dr. Szabados Gy\u00f6rgy kiemelte, hogy az \u00f6sszes magyar kir\u00e1ly k\u00f6z\u00fcl 15-16 kir\u00e1lyt temettek el ott, ami val\u00f3j\u00e1ban 1031-ben m\u00e1r alkalmas volt arra, hogy egy \u00c1rp\u00e1d-h\u00e1zi f\u00e9rfit eltemessenek (Szent Imre herceget). A t\u00f6rt\u00e9n\u00e9sz ugyanakkor ismertette a 12. sz\u00e1zadi rekonstru\u00e1lt bazilika rajz\u00e1t \u2013 a kutat\u00e1sok alapj\u00e1n feltehet\u0151leg \u00edgy n\u00e9zhetett ki a templom. Dr. Szabados Gy\u00f6rgy elmondta, hogy 1848. december 5-\u00e9n a bazilik\u00e1t felt\u00e1r\u00f3 r\u00e9g\u00e9szek egy m\u00e1rv\u00e1nykopors\u00f3t tal\u00e1ltak, amiben egy kir\u00e1lyi csontv\u00e1zat fedeztek fel. \u00c9rdy J\u00e1nos \u00e9s Pauer J\u00e1nos, a Nemzeti M\u00fazeum szakemberei meg\u00e1llap\u00edtott\u00e1k, hogy egy kir\u00e1lyi h\u00e1zasp\u00e1r, pontosabban III. B\u00e9la kir\u00e1ly, \u00e9s feles\u00e9ge Antiochiai Anna volt. A k\u00e9t s\u00edr mellett m\u00e9g ott volt III. B\u00e9la fi\u00fa\u00e1gi rokon\u00e1nak, egy v\u00e1rand\u00f3s n\u0151nek \u00e9s egy rossz megtart\u00e1s\u00fa csontv\u00e1znak is a maradv\u00e1nya. Az archeogenetika (r\u00e9g\u00e9szeti-genetika) tudom\u00e1ny seg\u00edts\u00e9g\u00e9vel el lehetett k\u00e9sz\u00edteni k\u00e9s\u0151bb III. B\u00e9la arcrekonstrukci\u00f3j\u00e1t is.<\/p>\n\n\n\n<p>G\u00e1bor Emese arcrekonstrukci\u00f3-specialista, portr\u00e9szobr\u00e1sz izgalmas t\u00e9m\u00e1val \u00e9rkezett. Besz\u00e9lt v\u00e1lasztott szakm\u00e1ja legfontosabb k\u00e9rd\u00e9seir\u0151l, majd elmondta: az arcrekonstrukci\u00f3hoz t\u00f6bbek k\u00f6zt sz\u00fcks\u00e9ges egy j\u00f3 koponya, r\u00e9g\u00e9szeti \u00e9s genetikai vizsg\u00e1lati jegyz\u0151k\u00f6nyv, egy laborat\u00f3rium \u00e9s egy m\u0171terem, portr\u00e9szobr\u00e1szati-, embertani \u00e9s arcrekonstrukci\u00f3s gyakorlat, m\u00fazeumi h\u00e1tt\u00e9r, valamint anyagi forr\u00e1s. G\u00e1bor Emese k\u00e9pekkel szeml\u00e9ltette az arcrekonstrukci\u00f3s folyamatokat, bemutatta a Magyar Pantheonb\u00f3l elk\u00e9sz\u00fclt munk\u00e1it, illetve besz\u00e9l a szakmai kih\u00edv\u00e1sokr\u00f3l is. Az el\u0151ad\u00e1s f\u0151 t\u00e9m\u00e1ja a sz\u00e9kesfeh\u00e9rv\u00e1ri ossz\u00e1riumban kor\u00e1bban felfedezett I\/10-es lelet koponya-arcrekonstrukci\u00f3ja volt, ami feltehet\u0151leg M\u00e1ty\u00e1s kir\u00e1ly\u00e9 lehet.<\/p>\n\n\n\n<p>M\u00e1ty\u00e1s kir\u00e1ly fia, Corvin J\u00e1nos \u00e9s unok\u00e1ja, Corvin Krist\u00f3f kopony\u00e1i alapj\u00e1n siker\u00fclt rekonstru\u00e1lni az arcukat, \u00e9s G\u00e1bor Emese kutat\u00e1sai alapj\u00e1n \u00fagy t\u0171nik, hogy az I\/10-es koponya hasonl\u00edt Corvin J\u00e1nos \u00e9s Corvin Krist\u00f3f kopony\u00e1j\u00e1hoz. A kutat\u00f3k ezt a hipot\u00e9zist visszautas\u00edtott\u00e1k, de Martin Trautmann antropol\u00f3gus meger\u0151s\u00edtette G\u00e1bor Emese inform\u00e1ci\u00f3it, aki tanulm\u00e1ny\u00e1t t\u00f6bbsz\u00f6r\u00f6sen is pr\u00f3b\u00e1lta publik\u00e1lni, de v\u00e9g\u00fcl mindig meghi\u00fasult. Id\u00e9n tavasszal m\u00e9gis siker\u00fclt a felfedez\u00e9seket nyilv\u00e1noss\u00e1gra hozni.<\/p>\n\n\n\n<p>Mih\u00e1ly Kriszta<\/p>\n","protected":false},"excerpt":{"rendered":"<p>Augusztus 24-\u00e9n, a Kolozsv\u00e1ri Magyar Napok utols\u00f3 napj\u00e1n&#8230;<\/p>\n","protected":false},"author":6,"featured_media":8869,"comment_status":"closed","ping_status":"open","sticky":false,"template":"","format":"standard","meta":{"_acf_changed":false,"footnotes":""},"categories":[1],"tags":[],"class_list":["post-8868","post","type-post","status-publish","format-standard","has-post-thumbnail","hentry","category-egyeb"],"acf":[],"yoast_head":"<!-- This site is optimized with the Yoast SEO plugin v25.5 - https:\/\/yoast.com\/wordpress\/plugins\/seo\/ -->\n<title>Hogy n\u00e9zett ki M\u00e1ty\u00e1s kir\u00e1ly? - Kolozsv\u00e1ri Magyar Napok 2025<\/title>\n<meta name=\"robots\" content=\"index, follow, max-snippet:-1, max-image-preview:large, max-video-preview:-1\" \/>\n<link rel=\"canonical\" href=\"https:\/\/magyarnapok.ro\/2025\/hogy-nezett-ki-matyas-kiraly\/\" \/>\n<meta property=\"og:locale\" content=\"hu_HU\" \/>\n<meta property=\"og:type\" content=\"article\" \/>\n<meta property=\"og:title\" content=\"Hogy n\u00e9zett ki M\u00e1ty\u00e1s kir\u00e1ly? - Kolozsv\u00e1ri Magyar Napok 2025\" \/>\n<meta property=\"og:description\" content=\"Augusztus 24-\u00e9n, a Kolozsv\u00e1ri Magyar Napok utols\u00f3 napj\u00e1n...\" \/>\n<meta property=\"og:url\" content=\"https:\/\/magyarnapok.ro\/2025\/hogy-nezett-ki-matyas-kiraly\/\" \/>\n<meta property=\"og:site_name\" content=\"Kolozsv\u00e1ri Magyar Napok 2025\" \/>\n<meta property=\"article:publisher\" content=\"https:\/\/www.facebook.com\/magyarnapok\" \/>\n<meta property=\"article:published_time\" content=\"2025-08-26T19:55:39+00:00\" \/>\n<meta property=\"og:image\" content=\"https:\/\/magyarnapok.ro\/2025\/wp-content\/uploads\/2025\/08\/KMN2025_Nagy_Kiralyok_0824_18_10_04_7688_RN-scaled.jpg\" \/>\n\t<meta property=\"og:image:width\" content=\"2560\" \/>\n\t<meta property=\"og:image:height\" content=\"1707\" \/>\n\t<meta property=\"og:image:type\" content=\"image\/jpeg\" \/>\n<meta name=\"author\" content=\"Iroda KMN\" \/>\n<meta name=\"twitter:card\" content=\"summary_large_image\" \/>\n<meta name=\"twitter:label1\" content=\"Szerz\u0151:\" \/>\n\t<meta name=\"twitter:data1\" content=\"Iroda KMN\" \/>\n\t<meta name=\"twitter:label2\" content=\"Becs\u00fclt olvas\u00e1si id\u0151\" \/>\n\t<meta name=\"twitter:data2\" content=\"3 perc\" \/>\n<script type=\"application\/ld+json\" class=\"yoast-schema-graph\">{\"@context\":\"https:\/\/schema.org\",\"@graph\":[{\"@type\":\"Article\",\"@id\":\"https:\/\/magyarnapok.ro\/2025\/hogy-nezett-ki-matyas-kiraly\/#article\",\"isPartOf\":{\"@id\":\"https:\/\/magyarnapok.ro\/2025\/hogy-nezett-ki-matyas-kiraly\/\"},\"author\":{\"name\":\"Iroda KMN\",\"@id\":\"https:\/\/magyarnapok.ro\/2025\/#\/schema\/person\/77f0be48cec9cbb561eae4af9718e407\"},\"headline\":\"Hogy n\u00e9zett ki M\u00e1ty\u00e1s kir\u00e1ly?\",\"datePublished\":\"2025-08-26T19:55:39+00:00\",\"mainEntityOfPage\":{\"@id\":\"https:\/\/magyarnapok.ro\/2025\/hogy-nezett-ki-matyas-kiraly\/\"},\"wordCount\":624,\"publisher\":{\"@id\":\"https:\/\/magyarnapok.ro\/2025\/#organization\"},\"image\":{\"@id\":\"https:\/\/magyarnapok.ro\/2025\/hogy-nezett-ki-matyas-kiraly\/#primaryimage\"},\"thumbnailUrl\":\"https:\/\/magyarnapok.ro\/2025\/wp-content\/uploads\/2025\/08\/KMN2025_Nagy_Kiralyok_0824_18_10_04_7688_RN-scaled.jpg\",\"inLanguage\":\"hu\"},{\"@type\":\"WebPage\",\"@id\":\"https:\/\/magyarnapok.ro\/2025\/hogy-nezett-ki-matyas-kiraly\/\",\"url\":\"https:\/\/magyarnapok.ro\/2025\/hogy-nezett-ki-matyas-kiraly\/\",\"name\":\"Hogy n\u00e9zett ki M\u00e1ty\u00e1s kir\u00e1ly? - Kolozsv\u00e1ri Magyar Napok 2025\",\"isPartOf\":{\"@id\":\"https:\/\/magyarnapok.ro\/2025\/#website\"},\"primaryImageOfPage\":{\"@id\":\"https:\/\/magyarnapok.ro\/2025\/hogy-nezett-ki-matyas-kiraly\/#primaryimage\"},\"image\":{\"@id\":\"https:\/\/magyarnapok.ro\/2025\/hogy-nezett-ki-matyas-kiraly\/#primaryimage\"},\"thumbnailUrl\":\"https:\/\/magyarnapok.ro\/2025\/wp-content\/uploads\/2025\/08\/KMN2025_Nagy_Kiralyok_0824_18_10_04_7688_RN-scaled.jpg\",\"datePublished\":\"2025-08-26T19:55:39+00:00\",\"breadcrumb\":{\"@id\":\"https:\/\/magyarnapok.ro\/2025\/hogy-nezett-ki-matyas-kiraly\/#breadcrumb\"},\"inLanguage\":\"hu\",\"potentialAction\":[{\"@type\":\"ReadAction\",\"target\":[\"https:\/\/magyarnapok.ro\/2025\/hogy-nezett-ki-matyas-kiraly\/\"]}]},{\"@type\":\"ImageObject\",\"inLanguage\":\"hu\",\"@id\":\"https:\/\/magyarnapok.ro\/2025\/hogy-nezett-ki-matyas-kiraly\/#primaryimage\",\"url\":\"https:\/\/magyarnapok.ro\/2025\/wp-content\/uploads\/2025\/08\/KMN2025_Nagy_Kiralyok_0824_18_10_04_7688_RN-scaled.jpg\",\"contentUrl\":\"https:\/\/magyarnapok.ro\/2025\/wp-content\/uploads\/2025\/08\/KMN2025_Nagy_Kiralyok_0824_18_10_04_7688_RN-scaled.jpg\",\"width\":2560,\"height\":1707},{\"@type\":\"BreadcrumbList\",\"@id\":\"https:\/\/magyarnapok.ro\/2025\/hogy-nezett-ki-matyas-kiraly\/#breadcrumb\",\"itemListElement\":[{\"@type\":\"ListItem\",\"position\":1,\"name\":\"Kezd\u0151lap\",\"item\":\"https:\/\/magyarnapok.ro\/2025\/\"},{\"@type\":\"ListItem\",\"position\":2,\"name\":\"Hogy n\u00e9zett ki M\u00e1ty\u00e1s kir\u00e1ly?\"}]},{\"@type\":\"WebSite\",\"@id\":\"https:\/\/magyarnapok.ro\/2025\/#website\",\"url\":\"https:\/\/magyarnapok.ro\/2025\/\",\"name\":\"Kolozsv\u00e1ri Magyar Napok 2025\",\"description\":\"Helyben vagyunk!\",\"publisher\":{\"@id\":\"https:\/\/magyarnapok.ro\/2025\/#organization\"},\"potentialAction\":[{\"@type\":\"SearchAction\",\"target\":{\"@type\":\"EntryPoint\",\"urlTemplate\":\"https:\/\/magyarnapok.ro\/2025\/?s={search_term_string}\"},\"query-input\":{\"@type\":\"PropertyValueSpecification\",\"valueRequired\":true,\"valueName\":\"search_term_string\"}}],\"inLanguage\":\"hu\"},{\"@type\":\"Organization\",\"@id\":\"https:\/\/magyarnapok.ro\/2025\/#organization\",\"name\":\"Kolozsv\u00e1ri Magyar Napok 2025\",\"url\":\"https:\/\/magyarnapok.ro\/2025\/\",\"logo\":{\"@type\":\"ImageObject\",\"inLanguage\":\"hu\",\"@id\":\"https:\/\/magyarnapok.ro\/2025\/#\/schema\/logo\/image\/\",\"url\":\"https:\/\/magyarnapok.ro\/2025\/wp-content\/uploads\/2024\/03\/KMN2023-www-logo-01.png\",\"contentUrl\":\"https:\/\/magyarnapok.ro\/2025\/wp-content\/uploads\/2024\/03\/KMN2023-www-logo-01.png\",\"width\":762,\"height\":589,\"caption\":\"Kolozsv\u00e1ri Magyar Napok 2025\"},\"image\":{\"@id\":\"https:\/\/magyarnapok.ro\/2025\/#\/schema\/logo\/image\/\"},\"sameAs\":[\"https:\/\/www.facebook.com\/magyarnapok\",\"https:\/\/www.instagram.com\/magyarnapok\/\",\"https:\/\/www.youtube.com\/c\/KolozsvriMagyarNapok2015\",\"https:\/\/www.tiktok.com\/@kmn_kolozsvar\"]},{\"@type\":\"Person\",\"@id\":\"https:\/\/magyarnapok.ro\/2025\/#\/schema\/person\/77f0be48cec9cbb561eae4af9718e407\",\"name\":\"Iroda KMN\",\"image\":{\"@type\":\"ImageObject\",\"inLanguage\":\"hu\",\"@id\":\"https:\/\/magyarnapok.ro\/2025\/#\/schema\/person\/image\/\",\"url\":\"https:\/\/secure.gravatar.com\/avatar\/c76a009583d28b0444c57ef343316473da696b522d992ebb64dac6b650ae5da9?s=96&d=mm&r=g\",\"contentUrl\":\"https:\/\/secure.gravatar.com\/avatar\/c76a009583d28b0444c57ef343316473da696b522d992ebb64dac6b650ae5da9?s=96&d=mm&r=g\",\"caption\":\"Iroda KMN\"},\"url\":\"https:\/\/magyarnapok.ro\/2025\/author\/kmn_iroda\/\"}]}<\/script>\n<!-- \/ Yoast SEO plugin. -->","yoast_head_json":{"title":"Hogy n\u00e9zett ki M\u00e1ty\u00e1s kir\u00e1ly? - Kolozsv\u00e1ri Magyar Napok 2025","robots":{"index":"index","follow":"follow","max-snippet":"max-snippet:-1","max-image-preview":"max-image-preview:large","max-video-preview":"max-video-preview:-1"},"canonical":"https:\/\/magyarnapok.ro\/2025\/hogy-nezett-ki-matyas-kiraly\/","og_locale":"hu_HU","og_type":"article","og_title":"Hogy n\u00e9zett ki M\u00e1ty\u00e1s kir\u00e1ly? - Kolozsv\u00e1ri Magyar Napok 2025","og_description":"Augusztus 24-\u00e9n, a Kolozsv\u00e1ri Magyar Napok utols\u00f3 napj\u00e1n...","og_url":"https:\/\/magyarnapok.ro\/2025\/hogy-nezett-ki-matyas-kiraly\/","og_site_name":"Kolozsv\u00e1ri Magyar Napok 2025","article_publisher":"https:\/\/www.facebook.com\/magyarnapok","article_published_time":"2025-08-26T19:55:39+00:00","og_image":[{"width":2560,"height":1707,"url":"https:\/\/magyarnapok.ro\/2025\/wp-content\/uploads\/2025\/08\/KMN2025_Nagy_Kiralyok_0824_18_10_04_7688_RN-scaled.jpg","type":"image\/jpeg"}],"author":"Iroda KMN","twitter_card":"summary_large_image","twitter_misc":{"Szerz\u0151:":"Iroda KMN","Becs\u00fclt olvas\u00e1si id\u0151":"3 perc"},"schema":{"@context":"https:\/\/schema.org","@graph":[{"@type":"Article","@id":"https:\/\/magyarnapok.ro\/2025\/hogy-nezett-ki-matyas-kiraly\/#article","isPartOf":{"@id":"https:\/\/magyarnapok.ro\/2025\/hogy-nezett-ki-matyas-kiraly\/"},"author":{"name":"Iroda KMN","@id":"https:\/\/magyarnapok.ro\/2025\/#\/schema\/person\/77f0be48cec9cbb561eae4af9718e407"},"headline":"Hogy n\u00e9zett ki M\u00e1ty\u00e1s kir\u00e1ly?","datePublished":"2025-08-26T19:55:39+00:00","mainEntityOfPage":{"@id":"https:\/\/magyarnapok.ro\/2025\/hogy-nezett-ki-matyas-kiraly\/"},"wordCount":624,"publisher":{"@id":"https:\/\/magyarnapok.ro\/2025\/#organization"},"image":{"@id":"https:\/\/magyarnapok.ro\/2025\/hogy-nezett-ki-matyas-kiraly\/#primaryimage"},"thumbnailUrl":"https:\/\/magyarnapok.ro\/2025\/wp-content\/uploads\/2025\/08\/KMN2025_Nagy_Kiralyok_0824_18_10_04_7688_RN-scaled.jpg","inLanguage":"hu"},{"@type":"WebPage","@id":"https:\/\/magyarnapok.ro\/2025\/hogy-nezett-ki-matyas-kiraly\/","url":"https:\/\/magyarnapok.ro\/2025\/hogy-nezett-ki-matyas-kiraly\/","name":"Hogy n\u00e9zett ki M\u00e1ty\u00e1s kir\u00e1ly? - Kolozsv\u00e1ri Magyar Napok 2025","isPartOf":{"@id":"https:\/\/magyarnapok.ro\/2025\/#website"},"primaryImageOfPage":{"@id":"https:\/\/magyarnapok.ro\/2025\/hogy-nezett-ki-matyas-kiraly\/#primaryimage"},"image":{"@id":"https:\/\/magyarnapok.ro\/2025\/hogy-nezett-ki-matyas-kiraly\/#primaryimage"},"thumbnailUrl":"https:\/\/magyarnapok.ro\/2025\/wp-content\/uploads\/2025\/08\/KMN2025_Nagy_Kiralyok_0824_18_10_04_7688_RN-scaled.jpg","datePublished":"2025-08-26T19:55:39+00:00","breadcrumb":{"@id":"https:\/\/magyarnapok.ro\/2025\/hogy-nezett-ki-matyas-kiraly\/#breadcrumb"},"inLanguage":"hu","potentialAction":[{"@type":"ReadAction","target":["https:\/\/magyarnapok.ro\/2025\/hogy-nezett-ki-matyas-kiraly\/"]}]},{"@type":"ImageObject","inLanguage":"hu","@id":"https:\/\/magyarnapok.ro\/2025\/hogy-nezett-ki-matyas-kiraly\/#primaryimage","url":"https:\/\/magyarnapok.ro\/2025\/wp-content\/uploads\/2025\/08\/KMN2025_Nagy_Kiralyok_0824_18_10_04_7688_RN-scaled.jpg","contentUrl":"https:\/\/magyarnapok.ro\/2025\/wp-content\/uploads\/2025\/08\/KMN2025_Nagy_Kiralyok_0824_18_10_04_7688_RN-scaled.jpg","width":2560,"height":1707},{"@type":"BreadcrumbList","@id":"https:\/\/magyarnapok.ro\/2025\/hogy-nezett-ki-matyas-kiraly\/#breadcrumb","itemListElement":[{"@type":"ListItem","position":1,"name":"Kezd\u0151lap","item":"https:\/\/magyarnapok.ro\/2025\/"},{"@type":"ListItem","position":2,"name":"Hogy n\u00e9zett ki M\u00e1ty\u00e1s kir\u00e1ly?"}]},{"@type":"WebSite","@id":"https:\/\/magyarnapok.ro\/2025\/#website","url":"https:\/\/magyarnapok.ro\/2025\/","name":"Kolozsv\u00e1ri Magyar Napok 2025","description":"Helyben vagyunk!","publisher":{"@id":"https:\/\/magyarnapok.ro\/2025\/#organization"},"potentialAction":[{"@type":"SearchAction","target":{"@type":"EntryPoint","urlTemplate":"https:\/\/magyarnapok.ro\/2025\/?s={search_term_string}"},"query-input":{"@type":"PropertyValueSpecification","valueRequired":true,"valueName":"search_term_string"}}],"inLanguage":"hu"},{"@type":"Organization","@id":"https:\/\/magyarnapok.ro\/2025\/#organization","name":"Kolozsv\u00e1ri Magyar Napok 2025","url":"https:\/\/magyarnapok.ro\/2025\/","logo":{"@type":"ImageObject","inLanguage":"hu","@id":"https:\/\/magyarnapok.ro\/2025\/#\/schema\/logo\/image\/","url":"https:\/\/magyarnapok.ro\/2025\/wp-content\/uploads\/2024\/03\/KMN2023-www-logo-01.png","contentUrl":"https:\/\/magyarnapok.ro\/2025\/wp-content\/uploads\/2024\/03\/KMN2023-www-logo-01.png","width":762,"height":589,"caption":"Kolozsv\u00e1ri Magyar Napok 2025"},"image":{"@id":"https:\/\/magyarnapok.ro\/2025\/#\/schema\/logo\/image\/"},"sameAs":["https:\/\/www.facebook.com\/magyarnapok","https:\/\/www.instagram.com\/magyarnapok\/","https:\/\/www.youtube.com\/c\/KolozsvriMagyarNapok2015","https:\/\/www.tiktok.com\/@kmn_kolozsvar"]},{"@type":"Person","@id":"https:\/\/magyarnapok.ro\/2025\/#\/schema\/person\/77f0be48cec9cbb561eae4af9718e407","name":"Iroda KMN","image":{"@type":"ImageObject","inLanguage":"hu","@id":"https:\/\/magyarnapok.ro\/2025\/#\/schema\/person\/image\/","url":"https:\/\/secure.gravatar.com\/avatar\/c76a009583d28b0444c57ef343316473da696b522d992ebb64dac6b650ae5da9?s=96&d=mm&r=g","contentUrl":"https:\/\/secure.gravatar.com\/avatar\/c76a009583d28b0444c57ef343316473da696b522d992ebb64dac6b650ae5da9?s=96&d=mm&r=g","caption":"Iroda KMN"},"url":"https:\/\/magyarnapok.ro\/2025\/author\/kmn_iroda\/"}]}},"lang":"hu","translations":{"hu":8868},"pll_sync_post":[],"_links":{"self":[{"href":"https:\/\/magyarnapok.ro\/2025\/wp-json\/wp\/v2\/posts\/8868","targetHints":{"allow":["GET"]}}],"collection":[{"href":"https:\/\/magyarnapok.ro\/2025\/wp-json\/wp\/v2\/posts"}],"about":[{"href":"https:\/\/magyarnapok.ro\/2025\/wp-json\/wp\/v2\/types\/post"}],"author":[{"embeddable":true,"href":"https:\/\/magyarnapok.ro\/2025\/wp-json\/wp\/v2\/users\/6"}],"replies":[{"embeddable":true,"href":"https:\/\/magyarnapok.ro\/2025\/wp-json\/wp\/v2\/comments?post=8868"}],"version-history":[{"count":1,"href":"https:\/\/magyarnapok.ro\/2025\/wp-json\/wp\/v2\/posts\/8868\/revisions"}],"predecessor-version":[{"id":8870,"href":"https:\/\/magyarnapok.ro\/2025\/wp-json\/wp\/v2\/posts\/8868\/revisions\/8870"}],"wp:featuredmedia":[{"embeddable":true,"href":"https:\/\/magyarnapok.ro\/2025\/wp-json\/wp\/v2\/media\/8869"}],"wp:attachment":[{"href":"https:\/\/magyarnapok.ro\/2025\/wp-json\/wp\/v2\/media?parent=8868"}],"wp:term":[{"taxonomy":"category","embeddable":true,"href":"https:\/\/magyarnapok.ro\/2025\/wp-json\/wp\/v2\/categories?post=8868"},{"taxonomy":"post_tag","embeddable":true,"href":"https:\/\/magyarnapok.ro\/2025\/wp-json\/wp\/v2\/tags?post=8868"}],"curies":[{"name":"wp","href":"https:\/\/api.w.org\/{rel}","templated":true}]}}