{"id":8874,"date":"2025-08-27T21:57:39","date_gmt":"2025-08-27T18:57:39","guid":{"rendered":"https:\/\/magyarnapok.ro\/2025\/?p=8874"},"modified":"2025-08-27T21:57:40","modified_gmt":"2025-08-27T18:57:40","slug":"munkacsyval-a-golgotan","status":"publish","type":"post","link":"https:\/\/magyarnapok.ro\/2025\/munkacsyval-a-golgotan\/","title":{"rendered":"Munk\u00e1csyval a Golgot\u00e1n"},"content":{"rendered":"\n<p><strong>\u00c9rdekes el\u0151ad\u00e1son vehettek r\u00e9szt az \u00e9rdekl\u0151d\u0151k augusztus 22-\u00e9n a B\u00e1nffy Mikl\u00f3s Operast\u00fadi\u00f3ban. Marina Eszterrel, a budapesti Sz\u00e9pm\u0171v\u00e9szeti M\u00fazeum m\u0171v\u00e9szett\u00f6rt\u00e9n\u00e9sz\u00e9vel poros utakra t\u00e9vedt\u00fcnk, hogy betekint\u00e9st nyerj\u00fcnk az egyik legnagyobb fest\u0151nk, Munk\u00e1csy Mih\u00e1ly munk\u00e1ss\u00e1g\u00e1ba.<\/strong><\/p>\n\n\n\n<p>Honnan is kezdhetn\u00e9nk egy ilyen el\u0151ad\u00e1st, mint mag\u00e1t\u00f3l a fest\u0151t\u0151l, pontosabban az 1881-ben k\u00e9sz\u00fclt \u00f6narck\u00e9p\u00e9t\u0151l. Az 1844-ben sz\u00fcletett fest\u0151 ekkor m\u00e1r egy \u00e9rett f\u00e9rfi, m\u00e1r megfestette a Krisztus-tril\u00f3gi\u00e1j\u00e1t, \u00e9ppen ez\u00e9rt <em>\u201enagyon szuggeszt\u00edv tekintettel \u00e1br\u00e1zolta mag\u00e1t, nagypolg\u00e1ri viseletben<\/em>\u201d. No, de az \u00e9lete nem volt mindig olyan f\u00e9nyes, a testv\u00e9reivel egy\u00fctt \u00e1rv\u00e1n n\u0151tt fel, elker\u00fclve anyai nagyb\u00e1tyj\u00e1hoz, aki egy\u00e1ltal\u00e1n nem volt j\u00f3 apafigura, nem tartotta a kis Munk\u00e1csyt \u00e9les esz\u0171nek, ez\u00e9rt szakm\u00e1t tan\u00edttatott vele: asztalosinass\u00e1got. Napl\u00f3j\u00e1ban le\u00edrta, hogy hossz\u00fa h\u00f3napok teltek el \u00fagy, hogy nem evett m\u00e1st csak zs\u00edros kenyeret hagym\u00e1val. Szervezete legyeng\u00fclt, \u00edgy hazat\u00e9rt l\u00e1badozni, \u00e9s tal\u00e1lkozott egy v\u00e1ndorfest\u0151vel, Szamosi Elekkel, aki r\u00f6gt\u00f6n a fest\u0151i p\u00e1ly\u00e1ra b\u00edztatta azok ut\u00e1n, hogy l\u00e1tta beteg\u00e1gyban k\u00e9sz\u00fclt rajzait. \u00cdgy indult el teh\u00e1t a kis Munk\u00e1csy az \u00fatj\u00e1n, amely sor\u00e1n a fest\u0151i realizmus atyja lett.<\/p>\n\n\n\n<p>Minderre az <em>\u201e\u00c1s\u00edt\u00f3 inas\u201d<\/em> c\u00edm\u0171 festm\u00e9nye egy t\u00f6k\u00e9letes p\u00e9lda, hiszen a reggel \u00e9bredez\u0151 <em>kisember<\/em> pillanat\u00e1t ragadja meg. Megtudtuk, hogy elkezdi a paraszti r\u00e9teget, a h\u00e9tk\u00f6znapi h\u0151s\u00f6ket v\u00e1szonra vinni, amelynek akkor politikai, s\u0151t, t\u00f6rt\u00e9nelmi oka is volt. Azt is megtudtuk, hogy az 1870-ben elk\u00e9sz\u00fclt <em>\u201eSiralomh\u00e1z\u201d-<\/em> festm\u00e9nye alak\u00edtotta meg kultusz\u00e1t, \u00e9s P\u00e1rizsig rep\u00edtette \u0151t.<\/p>\n\n\n\n<p>Aki l\u00e1tott m\u00e1r \u00e9l\u0151ben Munk\u00e1csy-festm\u00e9nyt, ak\u00e1r a Krisztus-tril\u00f3gi\u00e1t Debrecenben, az \u00e9szre veheti, hogy rendk\u00edv\u00fcl s\u00f6t\u00e9tek bizonyos r\u00e9szei. Megtudtuk, hogy ennek az alapoz\u00f3anyag az oka, amelyet f\u0151leg az 1800-as \u00e9vek elej\u00e9n haszn\u00e1ltak. Az aszfaltb\u00f3l, lenolajb\u00f3l \u00e9s gumiar\u00e1bikumb\u00f3l k\u00e9sz\u00fclt anyag sz\u00e9p, s\u00f6t\u00e9t alapot biztos\u00edtott a festm\u00e9nyeknek, amely el\u0151seg\u00edtette az olajsz\u00ednek \u00e9l\u00e9nks\u00e9g\u00e9t, viszont id\u0151vel k\u00e9miai reakci\u00f3ba l\u00e9pett vel\u00fck. Az ilyen technik\u00e1val k\u00e9sz\u00fclt alkot\u00e1sok m\u00e1ra m\u00e1r, ak\u00e1rmennyire is pr\u00f3b\u00e1lj\u00e1k lass\u00edtani a folyamatot, els\u00f6t\u00e9t\u00fcltek, \u00e9s id\u0151vel teljesen el fognak t\u0171nni.<\/p>\n\n\n\n<p>Munk\u00e1csy tudatosan k\u00eds\u00e9rletezett a f\u00e9ny-\u00e1rny\u00e9k technik\u00e1j\u00e1val, amely el\u0151revet\u00edti az impresszionizmust, annak ellen\u00e9re, hogy \u0151 mindig is realista fest\u0151 volt \u2013 hangs\u00falyozta Marina Eszter. Ezt a vizsg\u00e1latot nagyon sz\u00e9pen \u00e9szre lehet venni a \u201e<em>R\u0151zsehord\u00f3<\/em>\u201d c\u00edm\u0171 festm\u00e9ny\u00e9n.<\/p>\n\n\n\n<p>A \u201e<em>Krisztus Pil\u00e1tus el\u0151tt<\/em>\u201d, a \u201e<em>Golgota<\/em>\u201d tal\u00e1n a legismertebb, \u00e9s legl\u00e9legzetel\u00e1ll\u00edt\u00f3bb alkot\u00e1s munk\u00e1i k\u00f6z\u00fcl. Modelljeir\u0151l fotogr\u00e1fi\u00e1kat k\u00e9sz\u00edtett, \u00e9s annak alapj\u00e1n dolgozott. Munk\u00e1csy elhivatotts\u00e1g\u00e1t \u00e9s szenved\u00e9ly\u00e9t az is bizony\u00edtja, hogy miut\u00e1n a Golgota Krisztus\u00e1hoz modellt \u00e1ll\u00f3 f\u00e9rfi megs\u00e9r\u00fclt, \u0151 maga \u00e1llt fel a keresztre, \u00edgy lett saj\u00e1t maga festm\u00e9ny\u00e9nek modellje.<\/p>\n\n\n\n<p>Benk\u0151 Bor\u00f3ka<\/p>\n","protected":false},"excerpt":{"rendered":"<p>\u00c9rdekes el\u0151ad\u00e1son vehettek r\u00e9szt az \u00e9rdekl\u0151d\u0151k augusztus 22-\u00e9n&#8230;<\/p>\n","protected":false},"author":6,"featured_media":8875,"comment_status":"closed","ping_status":"open","sticky":false,"template":"","format":"standard","meta":{"_acf_changed":false,"footnotes":""},"categories":[1],"tags":[],"class_list":["post-8874","post","type-post","status-publish","format-standard","has-post-thumbnail","hentry","category-egyeb"],"acf":[],"yoast_head":"<!-- This site is optimized with the Yoast SEO plugin v25.5 - https:\/\/yoast.com\/wordpress\/plugins\/seo\/ -->\n<title>Munk\u00e1csyval a Golgot\u00e1n - Kolozsv\u00e1ri Magyar Napok 2025<\/title>\n<meta name=\"robots\" content=\"index, follow, max-snippet:-1, max-image-preview:large, max-video-preview:-1\" \/>\n<link rel=\"canonical\" href=\"https:\/\/magyarnapok.ro\/2025\/munkacsyval-a-golgotan\/\" \/>\n<meta property=\"og:locale\" content=\"hu_HU\" \/>\n<meta property=\"og:type\" content=\"article\" \/>\n<meta property=\"og:title\" content=\"Munk\u00e1csyval a Golgot\u00e1n - Kolozsv\u00e1ri Magyar Napok 2025\" \/>\n<meta property=\"og:description\" content=\"\u00c9rdekes el\u0151ad\u00e1son vehettek r\u00e9szt az \u00e9rdekl\u0151d\u0151k augusztus 22-\u00e9n...\" \/>\n<meta property=\"og:url\" content=\"https:\/\/magyarnapok.ro\/2025\/munkacsyval-a-golgotan\/\" \/>\n<meta property=\"og:site_name\" content=\"Kolozsv\u00e1ri Magyar Napok 2025\" \/>\n<meta property=\"article:publisher\" content=\"https:\/\/www.facebook.com\/magyarnapok\" \/>\n<meta property=\"article:published_time\" content=\"2025-08-27T18:57:39+00:00\" \/>\n<meta property=\"article:modified_time\" content=\"2025-08-27T18:57:40+00:00\" \/>\n<meta property=\"og:image\" content=\"https:\/\/magyarnapok.ro\/2025\/wp-content\/uploads\/2025\/08\/kmn2025_kincses-kalendarium_0816_17170815_0035_VLB-scaled.jpg\" \/>\n\t<meta property=\"og:image:width\" content=\"2560\" \/>\n\t<meta property=\"og:image:height\" content=\"1707\" \/>\n\t<meta property=\"og:image:type\" content=\"image\/jpeg\" \/>\n<meta name=\"author\" content=\"Iroda KMN\" \/>\n<meta name=\"twitter:card\" content=\"summary_large_image\" \/>\n<meta name=\"twitter:label1\" content=\"Szerz\u0151:\" \/>\n\t<meta name=\"twitter:data1\" content=\"Iroda KMN\" \/>\n\t<meta name=\"twitter:label2\" content=\"Becs\u00fclt olvas\u00e1si id\u0151\" \/>\n\t<meta name=\"twitter:data2\" content=\"3 perc\" \/>\n<script type=\"application\/ld+json\" class=\"yoast-schema-graph\">{\"@context\":\"https:\/\/schema.org\",\"@graph\":[{\"@type\":\"Article\",\"@id\":\"https:\/\/magyarnapok.ro\/2025\/munkacsyval-a-golgotan\/#article\",\"isPartOf\":{\"@id\":\"https:\/\/magyarnapok.ro\/2025\/munkacsyval-a-golgotan\/\"},\"author\":{\"name\":\"Iroda KMN\",\"@id\":\"https:\/\/magyarnapok.ro\/2025\/#\/schema\/person\/77f0be48cec9cbb561eae4af9718e407\"},\"headline\":\"Munk\u00e1csyval a Golgot\u00e1n\",\"datePublished\":\"2025-08-27T18:57:39+00:00\",\"dateModified\":\"2025-08-27T18:57:40+00:00\",\"mainEntityOfPage\":{\"@id\":\"https:\/\/magyarnapok.ro\/2025\/munkacsyval-a-golgotan\/\"},\"wordCount\":605,\"publisher\":{\"@id\":\"https:\/\/magyarnapok.ro\/2025\/#organization\"},\"image\":{\"@id\":\"https:\/\/magyarnapok.ro\/2025\/munkacsyval-a-golgotan\/#primaryimage\"},\"thumbnailUrl\":\"https:\/\/magyarnapok.ro\/2025\/wp-content\/uploads\/2025\/08\/kmn2025_kincses-kalendarium_0816_17170815_0035_VLB-scaled.jpg\",\"inLanguage\":\"hu\"},{\"@type\":\"WebPage\",\"@id\":\"https:\/\/magyarnapok.ro\/2025\/munkacsyval-a-golgotan\/\",\"url\":\"https:\/\/magyarnapok.ro\/2025\/munkacsyval-a-golgotan\/\",\"name\":\"Munk\u00e1csyval a Golgot\u00e1n - Kolozsv\u00e1ri Magyar Napok 2025\",\"isPartOf\":{\"@id\":\"https:\/\/magyarnapok.ro\/2025\/#website\"},\"primaryImageOfPage\":{\"@id\":\"https:\/\/magyarnapok.ro\/2025\/munkacsyval-a-golgotan\/#primaryimage\"},\"image\":{\"@id\":\"https:\/\/magyarnapok.ro\/2025\/munkacsyval-a-golgotan\/#primaryimage\"},\"thumbnailUrl\":\"https:\/\/magyarnapok.ro\/2025\/wp-content\/uploads\/2025\/08\/kmn2025_kincses-kalendarium_0816_17170815_0035_VLB-scaled.jpg\",\"datePublished\":\"2025-08-27T18:57:39+00:00\",\"dateModified\":\"2025-08-27T18:57:40+00:00\",\"breadcrumb\":{\"@id\":\"https:\/\/magyarnapok.ro\/2025\/munkacsyval-a-golgotan\/#breadcrumb\"},\"inLanguage\":\"hu\",\"potentialAction\":[{\"@type\":\"ReadAction\",\"target\":[\"https:\/\/magyarnapok.ro\/2025\/munkacsyval-a-golgotan\/\"]}]},{\"@type\":\"ImageObject\",\"inLanguage\":\"hu\",\"@id\":\"https:\/\/magyarnapok.ro\/2025\/munkacsyval-a-golgotan\/#primaryimage\",\"url\":\"https:\/\/magyarnapok.ro\/2025\/wp-content\/uploads\/2025\/08\/kmn2025_kincses-kalendarium_0816_17170815_0035_VLB-scaled.jpg\",\"contentUrl\":\"https:\/\/magyarnapok.ro\/2025\/wp-content\/uploads\/2025\/08\/kmn2025_kincses-kalendarium_0816_17170815_0035_VLB-scaled.jpg\",\"width\":2560,\"height\":1707},{\"@type\":\"BreadcrumbList\",\"@id\":\"https:\/\/magyarnapok.ro\/2025\/munkacsyval-a-golgotan\/#breadcrumb\",\"itemListElement\":[{\"@type\":\"ListItem\",\"position\":1,\"name\":\"Kezd\u0151lap\",\"item\":\"https:\/\/magyarnapok.ro\/2025\/\"},{\"@type\":\"ListItem\",\"position\":2,\"name\":\"Munk\u00e1csyval a Golgot\u00e1n\"}]},{\"@type\":\"WebSite\",\"@id\":\"https:\/\/magyarnapok.ro\/2025\/#website\",\"url\":\"https:\/\/magyarnapok.ro\/2025\/\",\"name\":\"Kolozsv\u00e1ri Magyar Napok 2025\",\"description\":\"Helyben vagyunk!\",\"publisher\":{\"@id\":\"https:\/\/magyarnapok.ro\/2025\/#organization\"},\"potentialAction\":[{\"@type\":\"SearchAction\",\"target\":{\"@type\":\"EntryPoint\",\"urlTemplate\":\"https:\/\/magyarnapok.ro\/2025\/?s={search_term_string}\"},\"query-input\":{\"@type\":\"PropertyValueSpecification\",\"valueRequired\":true,\"valueName\":\"search_term_string\"}}],\"inLanguage\":\"hu\"},{\"@type\":\"Organization\",\"@id\":\"https:\/\/magyarnapok.ro\/2025\/#organization\",\"name\":\"Kolozsv\u00e1ri Magyar Napok 2025\",\"url\":\"https:\/\/magyarnapok.ro\/2025\/\",\"logo\":{\"@type\":\"ImageObject\",\"inLanguage\":\"hu\",\"@id\":\"https:\/\/magyarnapok.ro\/2025\/#\/schema\/logo\/image\/\",\"url\":\"https:\/\/magyarnapok.ro\/2025\/wp-content\/uploads\/2024\/03\/KMN2023-www-logo-01.png\",\"contentUrl\":\"https:\/\/magyarnapok.ro\/2025\/wp-content\/uploads\/2024\/03\/KMN2023-www-logo-01.png\",\"width\":762,\"height\":589,\"caption\":\"Kolozsv\u00e1ri Magyar Napok 2025\"},\"image\":{\"@id\":\"https:\/\/magyarnapok.ro\/2025\/#\/schema\/logo\/image\/\"},\"sameAs\":[\"https:\/\/www.facebook.com\/magyarnapok\",\"https:\/\/www.instagram.com\/magyarnapok\/\",\"https:\/\/www.youtube.com\/c\/KolozsvriMagyarNapok2015\",\"https:\/\/www.tiktok.com\/@kmn_kolozsvar\"]},{\"@type\":\"Person\",\"@id\":\"https:\/\/magyarnapok.ro\/2025\/#\/schema\/person\/77f0be48cec9cbb561eae4af9718e407\",\"name\":\"Iroda KMN\",\"image\":{\"@type\":\"ImageObject\",\"inLanguage\":\"hu\",\"@id\":\"https:\/\/magyarnapok.ro\/2025\/#\/schema\/person\/image\/\",\"url\":\"https:\/\/secure.gravatar.com\/avatar\/c76a009583d28b0444c57ef343316473da696b522d992ebb64dac6b650ae5da9?s=96&d=mm&r=g\",\"contentUrl\":\"https:\/\/secure.gravatar.com\/avatar\/c76a009583d28b0444c57ef343316473da696b522d992ebb64dac6b650ae5da9?s=96&d=mm&r=g\",\"caption\":\"Iroda KMN\"},\"url\":\"https:\/\/magyarnapok.ro\/2025\/author\/kmn_iroda\/\"}]}<\/script>\n<!-- \/ Yoast SEO plugin. -->","yoast_head_json":{"title":"Munk\u00e1csyval a Golgot\u00e1n - Kolozsv\u00e1ri Magyar Napok 2025","robots":{"index":"index","follow":"follow","max-snippet":"max-snippet:-1","max-image-preview":"max-image-preview:large","max-video-preview":"max-video-preview:-1"},"canonical":"https:\/\/magyarnapok.ro\/2025\/munkacsyval-a-golgotan\/","og_locale":"hu_HU","og_type":"article","og_title":"Munk\u00e1csyval a Golgot\u00e1n - Kolozsv\u00e1ri Magyar Napok 2025","og_description":"\u00c9rdekes el\u0151ad\u00e1son vehettek r\u00e9szt az \u00e9rdekl\u0151d\u0151k augusztus 22-\u00e9n...","og_url":"https:\/\/magyarnapok.ro\/2025\/munkacsyval-a-golgotan\/","og_site_name":"Kolozsv\u00e1ri Magyar Napok 2025","article_publisher":"https:\/\/www.facebook.com\/magyarnapok","article_published_time":"2025-08-27T18:57:39+00:00","article_modified_time":"2025-08-27T18:57:40+00:00","og_image":[{"width":2560,"height":1707,"url":"https:\/\/magyarnapok.ro\/2025\/wp-content\/uploads\/2025\/08\/kmn2025_kincses-kalendarium_0816_17170815_0035_VLB-scaled.jpg","type":"image\/jpeg"}],"author":"Iroda KMN","twitter_card":"summary_large_image","twitter_misc":{"Szerz\u0151:":"Iroda KMN","Becs\u00fclt olvas\u00e1si id\u0151":"3 perc"},"schema":{"@context":"https:\/\/schema.org","@graph":[{"@type":"Article","@id":"https:\/\/magyarnapok.ro\/2025\/munkacsyval-a-golgotan\/#article","isPartOf":{"@id":"https:\/\/magyarnapok.ro\/2025\/munkacsyval-a-golgotan\/"},"author":{"name":"Iroda KMN","@id":"https:\/\/magyarnapok.ro\/2025\/#\/schema\/person\/77f0be48cec9cbb561eae4af9718e407"},"headline":"Munk\u00e1csyval a Golgot\u00e1n","datePublished":"2025-08-27T18:57:39+00:00","dateModified":"2025-08-27T18:57:40+00:00","mainEntityOfPage":{"@id":"https:\/\/magyarnapok.ro\/2025\/munkacsyval-a-golgotan\/"},"wordCount":605,"publisher":{"@id":"https:\/\/magyarnapok.ro\/2025\/#organization"},"image":{"@id":"https:\/\/magyarnapok.ro\/2025\/munkacsyval-a-golgotan\/#primaryimage"},"thumbnailUrl":"https:\/\/magyarnapok.ro\/2025\/wp-content\/uploads\/2025\/08\/kmn2025_kincses-kalendarium_0816_17170815_0035_VLB-scaled.jpg","inLanguage":"hu"},{"@type":"WebPage","@id":"https:\/\/magyarnapok.ro\/2025\/munkacsyval-a-golgotan\/","url":"https:\/\/magyarnapok.ro\/2025\/munkacsyval-a-golgotan\/","name":"Munk\u00e1csyval a Golgot\u00e1n - Kolozsv\u00e1ri Magyar Napok 2025","isPartOf":{"@id":"https:\/\/magyarnapok.ro\/2025\/#website"},"primaryImageOfPage":{"@id":"https:\/\/magyarnapok.ro\/2025\/munkacsyval-a-golgotan\/#primaryimage"},"image":{"@id":"https:\/\/magyarnapok.ro\/2025\/munkacsyval-a-golgotan\/#primaryimage"},"thumbnailUrl":"https:\/\/magyarnapok.ro\/2025\/wp-content\/uploads\/2025\/08\/kmn2025_kincses-kalendarium_0816_17170815_0035_VLB-scaled.jpg","datePublished":"2025-08-27T18:57:39+00:00","dateModified":"2025-08-27T18:57:40+00:00","breadcrumb":{"@id":"https:\/\/magyarnapok.ro\/2025\/munkacsyval-a-golgotan\/#breadcrumb"},"inLanguage":"hu","potentialAction":[{"@type":"ReadAction","target":["https:\/\/magyarnapok.ro\/2025\/munkacsyval-a-golgotan\/"]}]},{"@type":"ImageObject","inLanguage":"hu","@id":"https:\/\/magyarnapok.ro\/2025\/munkacsyval-a-golgotan\/#primaryimage","url":"https:\/\/magyarnapok.ro\/2025\/wp-content\/uploads\/2025\/08\/kmn2025_kincses-kalendarium_0816_17170815_0035_VLB-scaled.jpg","contentUrl":"https:\/\/magyarnapok.ro\/2025\/wp-content\/uploads\/2025\/08\/kmn2025_kincses-kalendarium_0816_17170815_0035_VLB-scaled.jpg","width":2560,"height":1707},{"@type":"BreadcrumbList","@id":"https:\/\/magyarnapok.ro\/2025\/munkacsyval-a-golgotan\/#breadcrumb","itemListElement":[{"@type":"ListItem","position":1,"name":"Kezd\u0151lap","item":"https:\/\/magyarnapok.ro\/2025\/"},{"@type":"ListItem","position":2,"name":"Munk\u00e1csyval a Golgot\u00e1n"}]},{"@type":"WebSite","@id":"https:\/\/magyarnapok.ro\/2025\/#website","url":"https:\/\/magyarnapok.ro\/2025\/","name":"Kolozsv\u00e1ri Magyar Napok 2025","description":"Helyben vagyunk!","publisher":{"@id":"https:\/\/magyarnapok.ro\/2025\/#organization"},"potentialAction":[{"@type":"SearchAction","target":{"@type":"EntryPoint","urlTemplate":"https:\/\/magyarnapok.ro\/2025\/?s={search_term_string}"},"query-input":{"@type":"PropertyValueSpecification","valueRequired":true,"valueName":"search_term_string"}}],"inLanguage":"hu"},{"@type":"Organization","@id":"https:\/\/magyarnapok.ro\/2025\/#organization","name":"Kolozsv\u00e1ri Magyar Napok 2025","url":"https:\/\/magyarnapok.ro\/2025\/","logo":{"@type":"ImageObject","inLanguage":"hu","@id":"https:\/\/magyarnapok.ro\/2025\/#\/schema\/logo\/image\/","url":"https:\/\/magyarnapok.ro\/2025\/wp-content\/uploads\/2024\/03\/KMN2023-www-logo-01.png","contentUrl":"https:\/\/magyarnapok.ro\/2025\/wp-content\/uploads\/2024\/03\/KMN2023-www-logo-01.png","width":762,"height":589,"caption":"Kolozsv\u00e1ri Magyar Napok 2025"},"image":{"@id":"https:\/\/magyarnapok.ro\/2025\/#\/schema\/logo\/image\/"},"sameAs":["https:\/\/www.facebook.com\/magyarnapok","https:\/\/www.instagram.com\/magyarnapok\/","https:\/\/www.youtube.com\/c\/KolozsvriMagyarNapok2015","https:\/\/www.tiktok.com\/@kmn_kolozsvar"]},{"@type":"Person","@id":"https:\/\/magyarnapok.ro\/2025\/#\/schema\/person\/77f0be48cec9cbb561eae4af9718e407","name":"Iroda KMN","image":{"@type":"ImageObject","inLanguage":"hu","@id":"https:\/\/magyarnapok.ro\/2025\/#\/schema\/person\/image\/","url":"https:\/\/secure.gravatar.com\/avatar\/c76a009583d28b0444c57ef343316473da696b522d992ebb64dac6b650ae5da9?s=96&d=mm&r=g","contentUrl":"https:\/\/secure.gravatar.com\/avatar\/c76a009583d28b0444c57ef343316473da696b522d992ebb64dac6b650ae5da9?s=96&d=mm&r=g","caption":"Iroda KMN"},"url":"https:\/\/magyarnapok.ro\/2025\/author\/kmn_iroda\/"}]}},"lang":"hu","translations":{"hu":8874},"pll_sync_post":[],"_links":{"self":[{"href":"https:\/\/magyarnapok.ro\/2025\/wp-json\/wp\/v2\/posts\/8874","targetHints":{"allow":["GET"]}}],"collection":[{"href":"https:\/\/magyarnapok.ro\/2025\/wp-json\/wp\/v2\/posts"}],"about":[{"href":"https:\/\/magyarnapok.ro\/2025\/wp-json\/wp\/v2\/types\/post"}],"author":[{"embeddable":true,"href":"https:\/\/magyarnapok.ro\/2025\/wp-json\/wp\/v2\/users\/6"}],"replies":[{"embeddable":true,"href":"https:\/\/magyarnapok.ro\/2025\/wp-json\/wp\/v2\/comments?post=8874"}],"version-history":[{"count":1,"href":"https:\/\/magyarnapok.ro\/2025\/wp-json\/wp\/v2\/posts\/8874\/revisions"}],"predecessor-version":[{"id":8876,"href":"https:\/\/magyarnapok.ro\/2025\/wp-json\/wp\/v2\/posts\/8874\/revisions\/8876"}],"wp:featuredmedia":[{"embeddable":true,"href":"https:\/\/magyarnapok.ro\/2025\/wp-json\/wp\/v2\/media\/8875"}],"wp:attachment":[{"href":"https:\/\/magyarnapok.ro\/2025\/wp-json\/wp\/v2\/media?parent=8874"}],"wp:term":[{"taxonomy":"category","embeddable":true,"href":"https:\/\/magyarnapok.ro\/2025\/wp-json\/wp\/v2\/categories?post=8874"},{"taxonomy":"post_tag","embeddable":true,"href":"https:\/\/magyarnapok.ro\/2025\/wp-json\/wp\/v2\/tags?post=8874"}],"curies":[{"name":"wp","href":"https:\/\/api.w.org\/{rel}","templated":true}]}}