{"id":8877,"date":"2025-08-27T22:10:53","date_gmt":"2025-08-27T19:10:53","guid":{"rendered":"https:\/\/magyarnapok.ro\/2025\/?p=8877"},"modified":"2025-08-27T22:10:53","modified_gmt":"2025-08-27T19:10:53","slug":"szinyei-merse-pal-a-vibralo-szinu-festeszet-magyar-uttoroje","status":"publish","type":"post","link":"https:\/\/magyarnapok.ro\/2025\/szinyei-merse-pal-a-vibralo-szinu-festeszet-magyar-uttoroje\/","title":{"rendered":"Szinyei Merse P\u00e1l, a vibr\u00e1l\u00f3 sz\u00edn\u0171 fest\u00e9szet magyar \u00fatt\u00f6r\u0151je"},"content":{"rendered":"\n<p>A B\u00e1nffy Mikl\u00f3s Operast\u00fadi\u00f3ban a budapesti Magyar Nemzeti Gal\u00e9ria \u00e9s a Kincses Kolozsv\u00e1r Egyes\u00fclet szervez\u00e9s\u00e9ben, Bali Bettina, a gal\u00e9ria m\u0171v\u00e9szett\u00f6rt\u00e9n\u00e9sze mutatta be Szinyei Merse P\u00e1l k\u00e9pz\u0151m\u0171v\u00e9sz kiemelked\u0151 \u00e9let\u00faj\u00e1t \u00e9s m\u0171v\u00e9szet\u00e9t, augusztus 23-\u00e1n, a Kolozsv\u00e1ri Magyar Napokon.<\/p>\n\n\n\n<p>Szinyei Merse P\u00e1l fest\u0151 \u00e9let\u00e9nek egyik legfontosabb festm\u00e9nye a Maj\u00e1lis c. alkot\u00e1sa volt. Szinyei egy, a bar\u00e1tokkal megtartott piknikez\u00e9sb\u0151l inspir\u00e1l\u00f3dott. A bar\u00e1tai \u00e1lltak neki modellt, \u00e9s Szinyei sz\u00e1nd\u00e9kosan szerette volna azt a l\u00e1tszatot kelteni, hogy ez nem egy megkompon\u00e1lt jelenet. A festm\u00e9ny \u201eazt a benyom\u00e1st kelti, hogy t\u00e9nyleg ott vagyunk a szabadban, mintha \u00e9rezn\u00e9nk a szell\u0151t, \u00e9rezn\u00e9nk a vir\u00e1g illat\u00e1t\u201d \u2013 hangzott el az el\u0151ad\u00e1s sor\u00e1n. Szinyei leny\u0171g\u00f6z\u0151en \u00e9l\u00e9nk, vid\u00e1m, sz\u00e9p sz\u00edneket haszn\u00e1lt, f\u0151leg komplementer sz\u00edneket, ami nem volt szokv\u00e1nyos ebben az id\u0151ben. Bali Bettina elmondta, hogy a festm\u00e9nyen a fest\u0151 is megjelenik. Az ikonikus alkot\u00e1s egy \u00e9vig k\u00e9sz\u00fclt, \u00e9s legel\u0151sz\u00f6r nem aratott nagy sikert (p\u00e9ld\u00e1ul az 1873-as b\u00e9csi vil\u00e1gki\u00e1ll\u00edt\u00e1son), sok kritikus felh\u00e1bor\u00edt\u00f3nak tartotta a sz\u00ednek haszn\u00e1lat\u00e1t.<\/p>\n\n\n\n<p>A kudarc ut\u00e1n hazat\u00e9rt jernyei birtok\u00e1ra, ahol csal\u00e1dj\u00e1nak \u00e9s rokonainak is portr\u00e9kat k\u00e9sz\u00edtett. Az egyik ilyen kiemelked\u0151 portr\u00e9 \u2013 ugyancsak az \u00e9l\u00e9nk sz\u00ednek haszn\u00e1lata miatt \u2013 a \u201eLilaruh\u00e1s n\u0151\u201d, amin Szinyei feles\u00e9ge, Probstner Zs\u00f3fia szerepel. A \u201eL\u00e9ghaj\u00f3\u201d c. festm\u00e9ny is egy ikonikus alkot\u00e1s volt, de a \u201ePacsirta\u201d c. m\u0171ve is formabont\u00f3 festm\u00e9nyk\u00e9nt ismert. Kelety Guszt\u00e1v fest\u0151 szerint a k\u00e9p egy \u201esz\u00ednez\u0151 \u0151rj\u00f6ng\u00e9s\u201d. Ezut\u00e1n se volt akad\u00e1lymentes Szinyei \u00e9lete, h\u00e1zass\u00e1ga megs\u00ednylette n\u00e9gy gyermeke elveszt\u00e9s\u00e9t, ezut\u00e1n pedig m\u00e1r nem festett annyit.<\/p>\n\n\n\n<p>Az 1896-os millenniumi ki\u00e1ll\u00edt\u00e1son fordult a kocka: a nagyb\u00e1nyai m\u0171v\u00e9szeti k\u00f6r (Ferenczy K\u00e1roly, R\u00e9ti Istv\u00e1n, Thorma J\u00e1nos) zsenik\u00e9nt tekintett Szinyeire, hiszen a 20 \u00e9vvel ezel\u0151tt festett k\u00e9pei hasonl\u00f3ak voltak a nagyb\u00e1nyai m\u0171v\u00e9szek st\u00edlus\u00e1hoz. Ezut\u00e1n indult el Szinyei Merse P\u00e1l diadalmenete. A \u201eH\u00f3olvad\u00e1s\u201d c\u00edm\u0171, egyik legkiemelked\u0151bb k\u00e9p\u00e9t is ki\u00e1ll\u00edtj\u00e1k a millenniumi \u00fcnneps\u00e9geken, ami R\u00e9ti Istv\u00e1n szerint \u201eennek a kis v\u00e1szonnak szinte kozmikus hangulata, s\u00falyos, sz\u0171kszav\u00fa igazmond\u00e1sa, magyar illata megragadott, mint egy vallom\u00e1s.\u201d Szinyei id\u0151s kor\u00e1ra v\u00e9gre megtal\u00e1lja azokat az embereket, akik ugyanazt az attit\u0171d\u00f6t k\u00e9pviselik, mint \u0151: 1896 ut\u00e1n 180-an fokos fordulatot vett \u00e9lete, rengeteg helyre h\u00edvj\u00e1k meg, p\u00e9ldak\u00e9pk\u00e9nt n\u00e9ztek fel r\u00e1. 1920-ban hunyt el, hal\u00e1la ut\u00e1n 40 nappal pedig l\u00e9trehozt\u00e1k a Szinyei Merse T\u00e1rsas\u00e1got, ami a fiatal m\u0171v\u00e9szeket t\u00e1mogatta.<\/p>\n\n\n\n<p>Bali Bettina el\u0151ad\u00e1sa v\u00e9g\u00e9n kijelentette, hogy Szinyei Merse P\u00e1l annak ellen\u00e9re, hogy letette az impresszionizmus alapjait a magyar fest\u00e9szetben \u00e9s m\u0171vei rendelkeznek impresszionista tulajdons\u00e1gokkal, nem tartozik ehhez az ir\u00e1nyzathoz. A bemutat\u00f3 egy gyors Szinyei-kv\u00edzzel z\u00e1rult.<\/p>\n\n\n\n<p>Mih\u00e1ly Kriszta<\/p>\n","protected":false},"excerpt":{"rendered":"<p>A B\u00e1nffy Mikl\u00f3s Operast\u00fadi\u00f3ban a budapesti Magyar Nemzeti Gal\u00e9ria \u00e9s a Kincses&#8230;<\/p>\n","protected":false},"author":6,"featured_media":8878,"comment_status":"closed","ping_status":"open","sticky":false,"template":"","format":"standard","meta":{"_acf_changed":false,"footnotes":""},"categories":[1],"tags":[],"class_list":["post-8877","post","type-post","status-publish","format-standard","has-post-thumbnail","hentry","category-egyeb"],"acf":[],"yoast_head":"<!-- This site is optimized with the Yoast SEO plugin v25.5 - https:\/\/yoast.com\/wordpress\/plugins\/seo\/ -->\n<title>Szinyei Merse P\u00e1l, a vibr\u00e1l\u00f3 sz\u00edn\u0171 fest\u00e9szet magyar \u00fatt\u00f6r\u0151je - Kolozsv\u00e1ri Magyar Napok 2025<\/title>\n<meta name=\"robots\" content=\"index, follow, max-snippet:-1, max-image-preview:large, max-video-preview:-1\" \/>\n<link rel=\"canonical\" href=\"https:\/\/magyarnapok.ro\/2025\/szinyei-merse-pal-a-vibralo-szinu-festeszet-magyar-uttoroje\/\" \/>\n<meta property=\"og:locale\" content=\"hu_HU\" \/>\n<meta property=\"og:type\" content=\"article\" \/>\n<meta property=\"og:title\" content=\"Szinyei Merse P\u00e1l, a vibr\u00e1l\u00f3 sz\u00edn\u0171 fest\u00e9szet magyar \u00fatt\u00f6r\u0151je - Kolozsv\u00e1ri Magyar Napok 2025\" \/>\n<meta property=\"og:description\" content=\"A B\u00e1nffy Mikl\u00f3s Operast\u00fadi\u00f3ban a budapesti Magyar Nemzeti Gal\u00e9ria \u00e9s a Kincses...\" \/>\n<meta property=\"og:url\" content=\"https:\/\/magyarnapok.ro\/2025\/szinyei-merse-pal-a-vibralo-szinu-festeszet-magyar-uttoroje\/\" \/>\n<meta property=\"og:site_name\" content=\"Kolozsv\u00e1ri Magyar Napok 2025\" \/>\n<meta property=\"article:publisher\" content=\"https:\/\/www.facebook.com\/magyarnapok\" \/>\n<meta property=\"article:published_time\" content=\"2025-08-27T19:10:53+00:00\" \/>\n<meta property=\"og:image\" content=\"https:\/\/magyarnapok.ro\/2025\/wp-content\/uploads\/2025\/08\/kmn2025_naputfestojecsontvary_0824_14223361_TZS-scaled.jpg\" \/>\n\t<meta property=\"og:image:width\" content=\"2560\" \/>\n\t<meta property=\"og:image:height\" content=\"1707\" \/>\n\t<meta property=\"og:image:type\" content=\"image\/jpeg\" \/>\n<meta name=\"author\" content=\"Iroda KMN\" \/>\n<meta name=\"twitter:card\" content=\"summary_large_image\" \/>\n<meta name=\"twitter:label1\" content=\"Szerz\u0151:\" \/>\n\t<meta name=\"twitter:data1\" content=\"Iroda KMN\" \/>\n\t<meta name=\"twitter:label2\" content=\"Becs\u00fclt olvas\u00e1si id\u0151\" \/>\n\t<meta name=\"twitter:data2\" content=\"3 perc\" \/>\n<script type=\"application\/ld+json\" class=\"yoast-schema-graph\">{\"@context\":\"https:\/\/schema.org\",\"@graph\":[{\"@type\":\"Article\",\"@id\":\"https:\/\/magyarnapok.ro\/2025\/szinyei-merse-pal-a-vibralo-szinu-festeszet-magyar-uttoroje\/#article\",\"isPartOf\":{\"@id\":\"https:\/\/magyarnapok.ro\/2025\/szinyei-merse-pal-a-vibralo-szinu-festeszet-magyar-uttoroje\/\"},\"author\":{\"name\":\"Iroda KMN\",\"@id\":\"https:\/\/magyarnapok.ro\/2025\/#\/schema\/person\/77f0be48cec9cbb561eae4af9718e407\"},\"headline\":\"Szinyei Merse P\u00e1l, a vibr\u00e1l\u00f3 sz\u00edn\u0171 fest\u00e9szet magyar \u00fatt\u00f6r\u0151je\",\"datePublished\":\"2025-08-27T19:10:53+00:00\",\"mainEntityOfPage\":{\"@id\":\"https:\/\/magyarnapok.ro\/2025\/szinyei-merse-pal-a-vibralo-szinu-festeszet-magyar-uttoroje\/\"},\"wordCount\":590,\"publisher\":{\"@id\":\"https:\/\/magyarnapok.ro\/2025\/#organization\"},\"image\":{\"@id\":\"https:\/\/magyarnapok.ro\/2025\/szinyei-merse-pal-a-vibralo-szinu-festeszet-magyar-uttoroje\/#primaryimage\"},\"thumbnailUrl\":\"https:\/\/magyarnapok.ro\/2025\/wp-content\/uploads\/2025\/08\/kmn2025_naputfestojecsontvary_0824_14223361_TZS-scaled.jpg\",\"inLanguage\":\"hu\"},{\"@type\":\"WebPage\",\"@id\":\"https:\/\/magyarnapok.ro\/2025\/szinyei-merse-pal-a-vibralo-szinu-festeszet-magyar-uttoroje\/\",\"url\":\"https:\/\/magyarnapok.ro\/2025\/szinyei-merse-pal-a-vibralo-szinu-festeszet-magyar-uttoroje\/\",\"name\":\"Szinyei Merse P\u00e1l, a vibr\u00e1l\u00f3 sz\u00edn\u0171 fest\u00e9szet magyar \u00fatt\u00f6r\u0151je - Kolozsv\u00e1ri Magyar Napok 2025\",\"isPartOf\":{\"@id\":\"https:\/\/magyarnapok.ro\/2025\/#website\"},\"primaryImageOfPage\":{\"@id\":\"https:\/\/magyarnapok.ro\/2025\/szinyei-merse-pal-a-vibralo-szinu-festeszet-magyar-uttoroje\/#primaryimage\"},\"image\":{\"@id\":\"https:\/\/magyarnapok.ro\/2025\/szinyei-merse-pal-a-vibralo-szinu-festeszet-magyar-uttoroje\/#primaryimage\"},\"thumbnailUrl\":\"https:\/\/magyarnapok.ro\/2025\/wp-content\/uploads\/2025\/08\/kmn2025_naputfestojecsontvary_0824_14223361_TZS-scaled.jpg\",\"datePublished\":\"2025-08-27T19:10:53+00:00\",\"breadcrumb\":{\"@id\":\"https:\/\/magyarnapok.ro\/2025\/szinyei-merse-pal-a-vibralo-szinu-festeszet-magyar-uttoroje\/#breadcrumb\"},\"inLanguage\":\"hu\",\"potentialAction\":[{\"@type\":\"ReadAction\",\"target\":[\"https:\/\/magyarnapok.ro\/2025\/szinyei-merse-pal-a-vibralo-szinu-festeszet-magyar-uttoroje\/\"]}]},{\"@type\":\"ImageObject\",\"inLanguage\":\"hu\",\"@id\":\"https:\/\/magyarnapok.ro\/2025\/szinyei-merse-pal-a-vibralo-szinu-festeszet-magyar-uttoroje\/#primaryimage\",\"url\":\"https:\/\/magyarnapok.ro\/2025\/wp-content\/uploads\/2025\/08\/kmn2025_naputfestojecsontvary_0824_14223361_TZS-scaled.jpg\",\"contentUrl\":\"https:\/\/magyarnapok.ro\/2025\/wp-content\/uploads\/2025\/08\/kmn2025_naputfestojecsontvary_0824_14223361_TZS-scaled.jpg\",\"width\":2560,\"height\":1707},{\"@type\":\"BreadcrumbList\",\"@id\":\"https:\/\/magyarnapok.ro\/2025\/szinyei-merse-pal-a-vibralo-szinu-festeszet-magyar-uttoroje\/#breadcrumb\",\"itemListElement\":[{\"@type\":\"ListItem\",\"position\":1,\"name\":\"Kezd\u0151lap\",\"item\":\"https:\/\/magyarnapok.ro\/2025\/\"},{\"@type\":\"ListItem\",\"position\":2,\"name\":\"Szinyei Merse P\u00e1l, a vibr\u00e1l\u00f3 sz\u00edn\u0171 fest\u00e9szet magyar \u00fatt\u00f6r\u0151je\"}]},{\"@type\":\"WebSite\",\"@id\":\"https:\/\/magyarnapok.ro\/2025\/#website\",\"url\":\"https:\/\/magyarnapok.ro\/2025\/\",\"name\":\"Kolozsv\u00e1ri Magyar Napok 2025\",\"description\":\"Helyben vagyunk!\",\"publisher\":{\"@id\":\"https:\/\/magyarnapok.ro\/2025\/#organization\"},\"potentialAction\":[{\"@type\":\"SearchAction\",\"target\":{\"@type\":\"EntryPoint\",\"urlTemplate\":\"https:\/\/magyarnapok.ro\/2025\/?s={search_term_string}\"},\"query-input\":{\"@type\":\"PropertyValueSpecification\",\"valueRequired\":true,\"valueName\":\"search_term_string\"}}],\"inLanguage\":\"hu\"},{\"@type\":\"Organization\",\"@id\":\"https:\/\/magyarnapok.ro\/2025\/#organization\",\"name\":\"Kolozsv\u00e1ri Magyar Napok 2025\",\"url\":\"https:\/\/magyarnapok.ro\/2025\/\",\"logo\":{\"@type\":\"ImageObject\",\"inLanguage\":\"hu\",\"@id\":\"https:\/\/magyarnapok.ro\/2025\/#\/schema\/logo\/image\/\",\"url\":\"https:\/\/magyarnapok.ro\/2025\/wp-content\/uploads\/2024\/03\/KMN2023-www-logo-01.png\",\"contentUrl\":\"https:\/\/magyarnapok.ro\/2025\/wp-content\/uploads\/2024\/03\/KMN2023-www-logo-01.png\",\"width\":762,\"height\":589,\"caption\":\"Kolozsv\u00e1ri Magyar Napok 2025\"},\"image\":{\"@id\":\"https:\/\/magyarnapok.ro\/2025\/#\/schema\/logo\/image\/\"},\"sameAs\":[\"https:\/\/www.facebook.com\/magyarnapok\",\"https:\/\/www.instagram.com\/magyarnapok\/\",\"https:\/\/www.youtube.com\/c\/KolozsvriMagyarNapok2015\",\"https:\/\/www.tiktok.com\/@kmn_kolozsvar\"]},{\"@type\":\"Person\",\"@id\":\"https:\/\/magyarnapok.ro\/2025\/#\/schema\/person\/77f0be48cec9cbb561eae4af9718e407\",\"name\":\"Iroda KMN\",\"image\":{\"@type\":\"ImageObject\",\"inLanguage\":\"hu\",\"@id\":\"https:\/\/magyarnapok.ro\/2025\/#\/schema\/person\/image\/\",\"url\":\"https:\/\/secure.gravatar.com\/avatar\/c76a009583d28b0444c57ef343316473da696b522d992ebb64dac6b650ae5da9?s=96&d=mm&r=g\",\"contentUrl\":\"https:\/\/secure.gravatar.com\/avatar\/c76a009583d28b0444c57ef343316473da696b522d992ebb64dac6b650ae5da9?s=96&d=mm&r=g\",\"caption\":\"Iroda KMN\"},\"url\":\"https:\/\/magyarnapok.ro\/2025\/author\/kmn_iroda\/\"}]}<\/script>\n<!-- \/ Yoast SEO plugin. -->","yoast_head_json":{"title":"Szinyei Merse P\u00e1l, a vibr\u00e1l\u00f3 sz\u00edn\u0171 fest\u00e9szet magyar \u00fatt\u00f6r\u0151je - Kolozsv\u00e1ri Magyar Napok 2025","robots":{"index":"index","follow":"follow","max-snippet":"max-snippet:-1","max-image-preview":"max-image-preview:large","max-video-preview":"max-video-preview:-1"},"canonical":"https:\/\/magyarnapok.ro\/2025\/szinyei-merse-pal-a-vibralo-szinu-festeszet-magyar-uttoroje\/","og_locale":"hu_HU","og_type":"article","og_title":"Szinyei Merse P\u00e1l, a vibr\u00e1l\u00f3 sz\u00edn\u0171 fest\u00e9szet magyar \u00fatt\u00f6r\u0151je - Kolozsv\u00e1ri Magyar Napok 2025","og_description":"A B\u00e1nffy Mikl\u00f3s Operast\u00fadi\u00f3ban a budapesti Magyar Nemzeti Gal\u00e9ria \u00e9s a Kincses...","og_url":"https:\/\/magyarnapok.ro\/2025\/szinyei-merse-pal-a-vibralo-szinu-festeszet-magyar-uttoroje\/","og_site_name":"Kolozsv\u00e1ri Magyar Napok 2025","article_publisher":"https:\/\/www.facebook.com\/magyarnapok","article_published_time":"2025-08-27T19:10:53+00:00","og_image":[{"width":2560,"height":1707,"url":"https:\/\/magyarnapok.ro\/2025\/wp-content\/uploads\/2025\/08\/kmn2025_naputfestojecsontvary_0824_14223361_TZS-scaled.jpg","type":"image\/jpeg"}],"author":"Iroda KMN","twitter_card":"summary_large_image","twitter_misc":{"Szerz\u0151:":"Iroda KMN","Becs\u00fclt olvas\u00e1si id\u0151":"3 perc"},"schema":{"@context":"https:\/\/schema.org","@graph":[{"@type":"Article","@id":"https:\/\/magyarnapok.ro\/2025\/szinyei-merse-pal-a-vibralo-szinu-festeszet-magyar-uttoroje\/#article","isPartOf":{"@id":"https:\/\/magyarnapok.ro\/2025\/szinyei-merse-pal-a-vibralo-szinu-festeszet-magyar-uttoroje\/"},"author":{"name":"Iroda KMN","@id":"https:\/\/magyarnapok.ro\/2025\/#\/schema\/person\/77f0be48cec9cbb561eae4af9718e407"},"headline":"Szinyei Merse P\u00e1l, a vibr\u00e1l\u00f3 sz\u00edn\u0171 fest\u00e9szet magyar \u00fatt\u00f6r\u0151je","datePublished":"2025-08-27T19:10:53+00:00","mainEntityOfPage":{"@id":"https:\/\/magyarnapok.ro\/2025\/szinyei-merse-pal-a-vibralo-szinu-festeszet-magyar-uttoroje\/"},"wordCount":590,"publisher":{"@id":"https:\/\/magyarnapok.ro\/2025\/#organization"},"image":{"@id":"https:\/\/magyarnapok.ro\/2025\/szinyei-merse-pal-a-vibralo-szinu-festeszet-magyar-uttoroje\/#primaryimage"},"thumbnailUrl":"https:\/\/magyarnapok.ro\/2025\/wp-content\/uploads\/2025\/08\/kmn2025_naputfestojecsontvary_0824_14223361_TZS-scaled.jpg","inLanguage":"hu"},{"@type":"WebPage","@id":"https:\/\/magyarnapok.ro\/2025\/szinyei-merse-pal-a-vibralo-szinu-festeszet-magyar-uttoroje\/","url":"https:\/\/magyarnapok.ro\/2025\/szinyei-merse-pal-a-vibralo-szinu-festeszet-magyar-uttoroje\/","name":"Szinyei Merse P\u00e1l, a vibr\u00e1l\u00f3 sz\u00edn\u0171 fest\u00e9szet magyar \u00fatt\u00f6r\u0151je - Kolozsv\u00e1ri Magyar Napok 2025","isPartOf":{"@id":"https:\/\/magyarnapok.ro\/2025\/#website"},"primaryImageOfPage":{"@id":"https:\/\/magyarnapok.ro\/2025\/szinyei-merse-pal-a-vibralo-szinu-festeszet-magyar-uttoroje\/#primaryimage"},"image":{"@id":"https:\/\/magyarnapok.ro\/2025\/szinyei-merse-pal-a-vibralo-szinu-festeszet-magyar-uttoroje\/#primaryimage"},"thumbnailUrl":"https:\/\/magyarnapok.ro\/2025\/wp-content\/uploads\/2025\/08\/kmn2025_naputfestojecsontvary_0824_14223361_TZS-scaled.jpg","datePublished":"2025-08-27T19:10:53+00:00","breadcrumb":{"@id":"https:\/\/magyarnapok.ro\/2025\/szinyei-merse-pal-a-vibralo-szinu-festeszet-magyar-uttoroje\/#breadcrumb"},"inLanguage":"hu","potentialAction":[{"@type":"ReadAction","target":["https:\/\/magyarnapok.ro\/2025\/szinyei-merse-pal-a-vibralo-szinu-festeszet-magyar-uttoroje\/"]}]},{"@type":"ImageObject","inLanguage":"hu","@id":"https:\/\/magyarnapok.ro\/2025\/szinyei-merse-pal-a-vibralo-szinu-festeszet-magyar-uttoroje\/#primaryimage","url":"https:\/\/magyarnapok.ro\/2025\/wp-content\/uploads\/2025\/08\/kmn2025_naputfestojecsontvary_0824_14223361_TZS-scaled.jpg","contentUrl":"https:\/\/magyarnapok.ro\/2025\/wp-content\/uploads\/2025\/08\/kmn2025_naputfestojecsontvary_0824_14223361_TZS-scaled.jpg","width":2560,"height":1707},{"@type":"BreadcrumbList","@id":"https:\/\/magyarnapok.ro\/2025\/szinyei-merse-pal-a-vibralo-szinu-festeszet-magyar-uttoroje\/#breadcrumb","itemListElement":[{"@type":"ListItem","position":1,"name":"Kezd\u0151lap","item":"https:\/\/magyarnapok.ro\/2025\/"},{"@type":"ListItem","position":2,"name":"Szinyei Merse P\u00e1l, a vibr\u00e1l\u00f3 sz\u00edn\u0171 fest\u00e9szet magyar \u00fatt\u00f6r\u0151je"}]},{"@type":"WebSite","@id":"https:\/\/magyarnapok.ro\/2025\/#website","url":"https:\/\/magyarnapok.ro\/2025\/","name":"Kolozsv\u00e1ri Magyar Napok 2025","description":"Helyben vagyunk!","publisher":{"@id":"https:\/\/magyarnapok.ro\/2025\/#organization"},"potentialAction":[{"@type":"SearchAction","target":{"@type":"EntryPoint","urlTemplate":"https:\/\/magyarnapok.ro\/2025\/?s={search_term_string}"},"query-input":{"@type":"PropertyValueSpecification","valueRequired":true,"valueName":"search_term_string"}}],"inLanguage":"hu"},{"@type":"Organization","@id":"https:\/\/magyarnapok.ro\/2025\/#organization","name":"Kolozsv\u00e1ri Magyar Napok 2025","url":"https:\/\/magyarnapok.ro\/2025\/","logo":{"@type":"ImageObject","inLanguage":"hu","@id":"https:\/\/magyarnapok.ro\/2025\/#\/schema\/logo\/image\/","url":"https:\/\/magyarnapok.ro\/2025\/wp-content\/uploads\/2024\/03\/KMN2023-www-logo-01.png","contentUrl":"https:\/\/magyarnapok.ro\/2025\/wp-content\/uploads\/2024\/03\/KMN2023-www-logo-01.png","width":762,"height":589,"caption":"Kolozsv\u00e1ri Magyar Napok 2025"},"image":{"@id":"https:\/\/magyarnapok.ro\/2025\/#\/schema\/logo\/image\/"},"sameAs":["https:\/\/www.facebook.com\/magyarnapok","https:\/\/www.instagram.com\/magyarnapok\/","https:\/\/www.youtube.com\/c\/KolozsvriMagyarNapok2015","https:\/\/www.tiktok.com\/@kmn_kolozsvar"]},{"@type":"Person","@id":"https:\/\/magyarnapok.ro\/2025\/#\/schema\/person\/77f0be48cec9cbb561eae4af9718e407","name":"Iroda KMN","image":{"@type":"ImageObject","inLanguage":"hu","@id":"https:\/\/magyarnapok.ro\/2025\/#\/schema\/person\/image\/","url":"https:\/\/secure.gravatar.com\/avatar\/c76a009583d28b0444c57ef343316473da696b522d992ebb64dac6b650ae5da9?s=96&d=mm&r=g","contentUrl":"https:\/\/secure.gravatar.com\/avatar\/c76a009583d28b0444c57ef343316473da696b522d992ebb64dac6b650ae5da9?s=96&d=mm&r=g","caption":"Iroda KMN"},"url":"https:\/\/magyarnapok.ro\/2025\/author\/kmn_iroda\/"}]}},"lang":"hu","translations":{"hu":8877},"pll_sync_post":[],"_links":{"self":[{"href":"https:\/\/magyarnapok.ro\/2025\/wp-json\/wp\/v2\/posts\/8877","targetHints":{"allow":["GET"]}}],"collection":[{"href":"https:\/\/magyarnapok.ro\/2025\/wp-json\/wp\/v2\/posts"}],"about":[{"href":"https:\/\/magyarnapok.ro\/2025\/wp-json\/wp\/v2\/types\/post"}],"author":[{"embeddable":true,"href":"https:\/\/magyarnapok.ro\/2025\/wp-json\/wp\/v2\/users\/6"}],"replies":[{"embeddable":true,"href":"https:\/\/magyarnapok.ro\/2025\/wp-json\/wp\/v2\/comments?post=8877"}],"version-history":[{"count":1,"href":"https:\/\/magyarnapok.ro\/2025\/wp-json\/wp\/v2\/posts\/8877\/revisions"}],"predecessor-version":[{"id":8879,"href":"https:\/\/magyarnapok.ro\/2025\/wp-json\/wp\/v2\/posts\/8877\/revisions\/8879"}],"wp:featuredmedia":[{"embeddable":true,"href":"https:\/\/magyarnapok.ro\/2025\/wp-json\/wp\/v2\/media\/8878"}],"wp:attachment":[{"href":"https:\/\/magyarnapok.ro\/2025\/wp-json\/wp\/v2\/media?parent=8877"}],"wp:term":[{"taxonomy":"category","embeddable":true,"href":"https:\/\/magyarnapok.ro\/2025\/wp-json\/wp\/v2\/categories?post=8877"},{"taxonomy":"post_tag","embeddable":true,"href":"https:\/\/magyarnapok.ro\/2025\/wp-json\/wp\/v2\/tags?post=8877"}],"curies":[{"name":"wp","href":"https:\/\/api.w.org\/{rel}","templated":true}]}}