{"id":8925,"date":"2026-03-19T14:09:40","date_gmt":"2026-03-19T12:09:40","guid":{"rendered":"https:\/\/magyarnapok.ro\/2025\/?p=8925"},"modified":"2026-03-19T14:09:41","modified_gmt":"2026-03-19T12:09:41","slug":"tart-kapukkal-17-kolozsvari-magyar-napok","status":"publish","type":"post","link":"https:\/\/magyarnapok.ro\/2025\/tart-kapukkal-17-kolozsvari-magyar-napok\/","title":{"rendered":"T\u00e1rt kapukkal &#8211; 17. Kolozsv\u00e1ri Magyar Napok"},"content":{"rendered":"\n<p><strong>Az augusztus 16-23. k\u00f6z\u00f6tt imm\u00e1r a 17. kiad\u00e1s\u00e1val jelentkez\u0151 Kolozsv\u00e1ri Magyar Napokkal kapcsolatos legfontosabb tudnival\u00f3kat ismertette Gergely Bal\u00e1zs, a Kincses Kolozsv\u00e1r Egyes\u00fclet eln\u00f6ke, a Kolozsv\u00e1ri Magyar Napok f\u0151szervez\u0151je, Szab\u00f3 Lilla, a rendezv\u00e9nysorozat programigazgat\u00f3ja \u00e9s Grezsa Csaba, Magyarorsz\u00e1g kolozsv\u00e1ri f\u0151konzulja. Az esem\u00e9ny egyben egy \u00faj kolozsv\u00e1ri kultur\u00e1lis t\u00e9r, a Kolozsv\u00e1ri Magyar Szalon sajt\u00f3bemutat\u00f3ja is volt. A Farkas utca 8. sz\u00e1m alatt tal\u00e1lhat\u00f3 Szalont a Maier-Orosz Judit kolozsv\u00e1ri \u00fasz\u00f3bajnok \u00e1ltal alap\u00edtott Orosz Alap\u00edtv\u00e1ny \u00e9s a Kincses Kolozsv\u00e1r Egyes\u00fclet k\u00f6z\u00f6sen m\u0171k\u00f6dteti, \u00e9s hamarosan a nagyk\u00f6z\u00f6ns\u00e9g sz\u00e1m\u00e1ra is megnyitj\u00e1k. Az alap\u00edt\u00f3k sz\u00e1nd\u00e9ka szerint a Kolozsv\u00e1ri Magyar Szalon \u2013 a Kolozsv\u00e1ri Magyar Napok \u00e1lland\u00f3, eg\u00e9sz \u00e9vben m\u0171k\u00f6d\u0151 programhelysz\u00ednek\u00e9nt \u2013 a kincses v\u00e1ros legv\u00e1ltozatosabb kultur\u00e1lis esem\u00e9nyeinek lesz otthona. <\/strong><\/p>\n\n\n\n<p>A sajt\u00f3t\u00e1j\u00e9koztat\u00f3 elej\u00e9n Gergely Bal\u00e1zs k\u00f6sz\u00f6nt\u00f6tte az Erd\u00e9lyi Magyar Fesztiv\u00e1l Sz\u00f6vets\u00e9g jelenl\u00e9v\u0151 tagjait, akik a legjelent\u0151sebb erd\u00e9lyi magyar fesztiv\u00e1lok k\u00e9pviselet\u00e9ben \u00e9rkeztek Kolozsv\u00e1rra, hogy r\u00e9szt vegyen a Sz\u00f6vets\u00e9g \u00e9ves k\u00f6zgy\u0171l\u00e9s\u00e9n \u00e9s szakmai napjain. \u201eA Kolozsv\u00e1ri Magyar Napokat 18 \u00e9vvel ezel\u0151tt kezdt\u00fck el tervezgetni, a j\u00f3r\u00e9szt az\u00f3ta is egy\u00fctt gondolkod\u00f3 \u00e9s munk\u00e1lkod\u00f3 k\u00f6z\u00f6ss\u00e9g\u00fcnk pedig m\u00e1r a kezdetekkor is azt gondolta, hogy l\u00e9teznie kell egy olyan nagyszab\u00e1s\u00fa magyar kultur\u00e1lis seregszeml\u00e9nek Kolozsv\u00e1ron, amely nemcsak \u00fajra birtokba veszi a kincses v\u00e1ros tereit, hanem bemutatja a nagyk\u00f6z\u00f6ns\u00e9g sz\u00e1m\u00e1ra kultur\u00e1lis kincseink legjav\u00e1t is. Id\u00e9n tizenhetedik alkalommal h\u00edvjuk \u00fcnnepelni Kolozsv\u00e1r, Erd\u00e9ly \u00e9s a K\u00e1rp\u00e1t-medence magyars\u00e1g\u00e1t, valamint a vel\u00fcnk egy\u00fctt \u00e9l\u0151 t\u00e1rsnemzeteket, \u00e9s kiemelked\u0151 \u00f6r\u00f6m, hogy a Kolozsv\u00e1ri Magyar Napok \u00fajabb kiad\u00e1sa mellett arr\u00f3l is besz\u00e1molhatunk, hogy a kincses v\u00e1ros egy \u00fajabb kultur\u00e1lis t\u00e9rrel gazdagodott, hiszen \u2013 az idei Kolozsv\u00e1ri Magyar Napok <em>T\u00e1rt kapukkal<\/em> jelmondat\u00e1hoz h\u00edven \u2013 hamarosan a nagyk\u00f6z\u00f6ns\u00e9g sz\u00e1m\u00e1ra is sz\u00e9lesre t\u00e1rja kapuit a Kolozsv\u00e1ri Magyar Szalon\u201d \u2013 mondta Gergely Bal\u00e1zs. A Kolozsv\u00e1ri Magyar Napok f\u0151szervez\u0151je \u00e9s a Kincses Kolozsv\u00e1r Egyes\u00fclet eln\u00f6ke hozz\u00e1tette: szimbolikus jelent\u0151s\u00e9ggel is b\u00edr, hogy a Kolozsv\u00e1ri Magyar Szalon \u00e9pp abban a Farkas utc\u00e1ban tal\u00e1lhat\u00f3, amelyet Kolozsv\u00e1r \u201evia sacra\u201d-jak\u00e9nt ismernek, s ahol a v\u00e1ros magyar k\u00f6z\u00f6ss\u00e9g\u00e9nek legfontosabb oktat\u00e1si int\u00e9zm\u00e9nyei, hit\u00e9leti k\u00f6zpontjai \u00e9s szimb\u00f3lumai, valamint f\u0151\u00fari palot\u00e1i tal\u00e1lhat\u00f3k. \u201eAz a t\u00e9ny, hogy a Kolozsv\u00e1ri Magyar Szalon megnyithatja kapuit, legink\u00e1bb Maier-Orosz Juditnak k\u00f6sz\u00f6nhet\u0151, aki szenior \u00fasz\u00f3k\u00e9nt, sz\u00e1mos vil\u00e1g- \u00e9s Eur\u00f3pa-bajnoki c\u00edm birtokosak\u00e9nt, valamint egy nagy m\u00falt\u00fa kolozsv\u00e1ri csal\u00e1d lesz\u00e1rmazottjak\u00e9nt \u00fagy \u00e9rezte, hogy tev\u0151legesen is hozz\u00e1 szeretne j\u00e1rulni Kolozsv\u00e1r kultur\u00e1lis \u00e9let\u00e9nek gyarap\u00edt\u00e1s\u00e1hoz. Ennek megfelel\u0151en az \u00e1ltala l\u00e9trehozott Orosz Alap\u00edtv\u00e1ny \u2013 amely a Kolozsv\u00e1ri Magyar Szalon \u00e9p\u00fclet\u00e9nek tulajdonosa \u2013 a Kincses Kolozsv\u00e1r Egyes\u00fclet, ez\u00e1ltal pedig a Kolozsv\u00e1ri Magyar Napok rendelkez\u00e9s\u00e9re bocs\u00e1totta a fel\u00faj\u00edtott \u00e9s a k\u00f6z\u00f6ss\u00e9gi \u00e9lethez sz\u00fcks\u00e9ges legkorszer\u0171bb technik\u00e1val felszerelt teret, hogy az eg\u00e9sz \u00e9vben szolg\u00e1lhassa Kolozsv\u00e1r vir\u00e1gz\u00f3 kultur\u00e1lis \u00e9let\u00e9t. K\u00f6sz\u00f6net \u00e9s megbecs\u00fcl\u00e9s illeti ez\u00e9rt Maier-Orosz Juditot, s hissz\u00fck, hogy \u2013 a Kolozsv\u00e1ri Magyar Napok mint\u00e1j\u00e1ra \u2013 a Kolozsv\u00e1ri Magyar Szalon is egy olyan kultur\u00e1lis t\u00e9rr\u00e9 v\u00e1lik, ahova ha egyszer bel\u00e9p a l\u00e1togat\u00f3, nemcsak j\u00f3l \u00e9rzi mag\u00e1t, hanem bizony\u00e1ra vissza is t\u00e9r majd\u201d \u2013 mondta Gergely Bal\u00e1zs, majd hozz\u00e1tette: a Kolozsv\u00e1ri Magyar Napokkal is az a c\u00e9ljuk, hogy a magyar kult\u00fara legjav\u00e1t tegy\u00e9k el\u00e9rhet\u0151v\u00e9 a lehet\u0151 legsz\u00e9lesebb k\u00f6z\u00f6ns\u00e9g sz\u00e1m\u00e1ra. \u201eIdei jelmondatunkkal is arra k\u00edv\u00e1njuk felh\u00edvni a figyelmet, hogy k\u00f6z\u00f6ss\u00e9g\u00fcnknek nincs takargatnival\u00f3ja, b\u00fcszk\u00e9k vagyunk az \u00e9rt\u00e9keinkre, s mindazok a kultur\u00e1lis kincseink, amelyek a <em>kapun bel\u00fcl<\/em> felhalmoz\u00f3dtak az \u00e9vsz\u00e1zadok sor\u00e1n, b\u00e1rki sz\u00e1m\u00e1ra megismerhet\u0151k \u00e9s gyarap\u00edthat\u00f3k legyenek\u201d \u2013 mondta a Gergely Bal\u00e1zs, aki felsz\u00f3lal\u00e1sa z\u00e1r\u00e1sak\u00e9nt megk\u00f6sz\u00f6nte mindazok k\u00f6zrem\u0171k\u00f6d\u0151 seg\u00edts\u00e9g\u00e9t, akik az elm\u00falt id\u0151szakban hozz\u00e1j\u00e1rultak a Kolozsv\u00e1ri Magyar Szalon fel\u00faj\u00edt\u00e1s\u00e1hoz \u00e9s beind\u00edt\u00e1s\u00e1hoz. <\/p>\n\n\n\n<p>Kolozsv\u00e1r kultur\u00e1lis \u00e9lete mindig a tal\u00e1lkoz\u00e1sokb\u00f3l, a gondolatok cser\u00e9j\u00e9b\u0151l \u00e9s az \u00e9l\u0151 p\u00e1rbesz\u00e9db\u0151l t\u00e1pl\u00e1lkozott. E hagyom\u00e1ny szellem\u00e9ben j\u00f6tt l\u00e9tre a Kolozsv\u00e1ri Magyar Szalon is, hogy eg\u00e9sz \u00e9ven \u00e1t lehet\u0151s\u00e9get teremtsen kultur\u00e1lis \u00e9s tudom\u00e1nyos el\u0151ad\u00e1sokra, k\u00e9pz\u0151m\u0171v\u00e9szeti ki\u00e1ll\u00edt\u00e1sokra, filmklubokra \u00e9s kamarazenei estekre \u2013 olyan l\u00e9pt\u00e9kben, amely meg\u0151rzi a szem\u00e9lyes jelenl\u00e9t \u00e9s az egym\u00e1sra figyel\u00e9s bens\u0151s\u00e9gess\u00e9g\u00e9t. A Szalon m\u0171k\u00f6dtet\u0151inek c\u00e9lja, hogy ne csup\u00e1n esem\u00e9nyek helysz\u00edne legyen, hanem \u00e9l\u0151 szellemi jelenl\u00e9t Kolozsv\u00e1r kultur\u00e1lis \u00e9let\u00e9ben. <\/p>\n\n\n\n<p>A sajt\u00f3t\u00e1j\u00e9koztat\u00f3n elhangzott: a Szalon a j\u00f6v\u0151 h\u00e9t folyam\u00e1n a nagyk\u00f6z\u00f6ns\u00e9g sz\u00e1m\u00e1ra is l\u00e1togathat\u00f3v\u00e1 v\u00e1lik, amikor is megnyitj\u00e1k a Sipos L\u00e1szl\u00f3 fest\u0151m\u0171v\u00e9sz alkot\u00e1sait bemutat\u00f3 t\u00e1rlatot. Az esem\u00e9ny r\u00e9szleteir\u0151l a szervez\u0151k hamarosan r\u00e9szletes t\u00e1j\u00e9koztat\u00e1st is adnak. Addig is \u2013 a Kolozsv\u00e1ri Magyar Szalon azon \u00e1lland\u00f3 ki\u00e1ll\u00edt\u00e1sak\u00e9nt, amely minden olyan alkalommal megtekinthet\u0151 lesz, amikor \u00e9pp nem m\u00e1s k\u00e9pz\u0151m\u0171v\u00e9szeti t\u00e1rlatnak biztos\u00edtanak helyet \u2013 a sajt\u00f3t\u00e1j\u00e9koztat\u00f3 r\u00e9sztvev\u0151i a Kolozsv\u00e1ri Magyar Napok elm\u00falt 16 \u00e9v\u00e9b\u0151l sz\u00e1rmaz\u00f3 legjobb f\u00e9nyk\u00e9pek t\u00e1rlat\u00e1t tekinthett\u00e9k meg. A ki\u00e1ll\u00edt\u00e1s egy t\u00f6bb mint 100 ezer felv\u00e9telb\u0151l \u00e1ll\u00f3 gy\u0171jtem\u00e9ny v\u00e1logat\u00e1sa, a szelekci\u00f3 Vakarcs L\u00f3r\u00e1nd fotogr\u00e1fus kur\u00e1tori munk\u00e1j\u00e1t dics\u00e9ri, a ki\u00e1ll\u00edtott f\u00e9nyk\u00e9peket pedig a Kolozsv\u00e1ri Magyar Napok fot\u00f3s st\u00e1bj\u00e1nak tagjai k\u00e9sz\u00edtett\u00e9k, n\u00e9v szerint: Kiss G\u00e1bor, P\u00e1szka R\u00f3bert, Radui Norbert, Szab\u00f3 Cs. Tam\u00e1s, Szentes Z\u00e1gon, Tompa R\u00e9ka \u00e9s Vakarcs L\u00f3r\u00e1nd. <\/p>\n\n\n\n<p><strong>Nyit\u00f3g\u00e1la \u2013 Kall\u00f3s Zolt\u00e1nra eml\u00e9kezve<\/strong> <\/p>\n\n\n\n<p>A sajt\u00f3t\u00e1j\u00e9koztat\u00f3n elhangzott: a Kolozsv\u00e1ri Magyar Napok \u00fcnnep\u00e9lyes nyit\u00f3g\u00e1l\u00e1j\u00e1ra augusztus 17-\u00e9n (h\u00e9tf\u0151n) 19 \u00f3r\u00e1t\u00f3l ker\u00fcl sor a Kolozsv\u00e1ri Magyar Opera nagyterm\u00e9ben. A Kall\u00f3s Zolt\u00e1n n\u00e9prajzkutat\u00f3 eml\u00e9k\u00e9re szervez\u0151d\u0151 \u00e9s sz\u00fclet\u00e9s\u00e9nek sz\u00e1zadik \u00e9vfordul\u00f3j\u00e1t \u00fcnnepl\u0151 g\u00e1lam\u0171sor el\u0151k\u00e9sz\u00fcletei m\u00e1r elkezd\u0151dtek, az azzal kapcsolatos r\u00e9szletekr\u0151l pedig egy k\u00e9s\u0151bbi id\u0151pontban adnak t\u00e1j\u00e9koztat\u00e1st a szervez\u0151k. <\/p>\n\n\n\n<p><strong>\u00dajra jelentkeznek a k\u00f6zkedvelt magyarnapos programok \u00e9s programhelysz\u00ednek <\/strong><\/p>\n\n\n\n<p>A sajt\u00f3t\u00e1j\u00e9koztat\u00f3n Szab\u00f3 Lilla is k\u00f6sz\u00f6nt\u00f6tte az Erd\u00e9lyi Magyar Fesztiv\u00e1l Sz\u00f6vets\u00e9g megjelent tagjait, valamint \u00f6r\u00f6m\u00e9t fejezte ki a Kolozsv\u00e1ri Magyar Szalon l\u00e9trej\u00f6tt\u00e9vel kapcsolatban, majd hangs\u00falyozta: a Kolozsv\u00e1ri Magyar Napok idei kiad\u00e1sa alkalm\u00e1val igyekeznek kiemelt figyelmet ford\u00edtani az olyan t\u00f6rt\u00e9nelmi \u00e9vfordul\u00f3kra, mint Kall\u00f3s Zolt\u00e1n sz\u00fclet\u00e9s\u00e9nek 100-ik, M\u00e1rton \u00c1ron sz\u00fclet\u00e9s\u00e9nek 130-ik, az Erd\u00e9lyi Helikon megalakul\u00e1s\u00e1nak 100-ik vagy \u00e9pp a moh\u00e1csi csata 500-ik \u00e9vfordul\u00f3ja. <\/p>\n\n\n\n<p>A rendezv\u00e9nysorozat programigazgat\u00f3ja elmondta: a Kolozsv\u00e1ri Magyar Napok ideje alatt ism\u00e9t fesztiv\u00e1lutc\u00e1v\u00e1 alakul a Farkas utca, ahol (szerd\u00e1t\u00f3l vas\u00e1rnapig) erd\u00e9lyi k\u00e9zm\u0171vesek \u00e9s \u0151stermel\u0151k port\u00e9k\u00e1i k\u00f6z\u00fcl v\u00e1logathatnak a magyarnapoz\u00f3k. Szint\u00e9n a Farkas utca, valamint az arra mer\u0151leges utc\u00e1k adnak helyet a M\u00fazeumok S\u00e9t\u00e1ny\u00e1nak \u00e9s a k\u00f6nyvv\u00e1s\u00e1rnak is, a Kolozsv\u00e1ri Reform\u00e1tus Koll\u00e9gium udvar\u00e1n ism\u00e9t Folkudvar m\u0171k\u00f6dik majd (az Erd\u00e9lyi Hagyom\u00e1nyok H\u00e1za szervez\u00e9s\u00e9ben), a Herepei-h\u00e1z udvar\u00e1n ism\u00e9t a Refo-udvar programjain vehetnek r\u00e9szt az \u00e9rdekl\u0151d\u0151k, a Romkertben pedig a Salina Compania hagyom\u00e1ny\u0151rz\u0151i v\u00e1rj\u00e1k a k\u00f6z\u00e9pkor ir\u00e1nt \u00e9rdekl\u0151d\u0151 kicsiket \u00e9s nagyokat. A Fogoly utca \u00fajra Borutc\u00e1v\u00e1 alakul, hogy a K\u00e1rp\u00e1t-medence legfinomabb ned\u0171it kedvel\u0151k megk\u00f3stolhass\u00e1k az ut\u00f3bbi \u00e9vek legjobb borait, augusztus 22-\u00e9n (szombaton) pedig a 8. KMN Donaton Fut\u00f3versenyen m\u00e9rhetik \u00f6ssze \u00e1ll\u00f3k\u00e9pess\u00e9g\u00fcket a jelentkez\u0151k a t\u00f6r\u00f6kv\u00e1g\u00e1si falum\u00fazeum (Romulus Vuia Etnogr\u00e1fiai Park) ter\u00fclet\u00e9n. Ugyanitt \u2013 \u00e9s szint\u00e9n szombaton \u2013 a hagyom\u00e1nyos \u00f6r\u00f6mf\u0151z\u00e9sre is v\u00e1rj\u00e1k majd a jelentkez\u0151 csapatokat \u00e9s a r\u00e9sztvev\u0151ket. A Szentegyh\u00e1z utca 4. sz\u00e1m alatt napk\u00f6zben Ifj\u00fas\u00e1gi Udvar m\u0171k\u00f6dik majd, a Redutban pedig ism\u00e9t a klasszikus zen\u00e9j\u00e9 lesz a f\u0151szerep. Sokak k\u00f6zkedvelt helysz\u00edn\u00e9n, a B\u00e1nffy-udvarban id\u00e9n is k\u00f6nny\u0171zenei produkci\u00f3kat l\u00e1thatnak \u00e9s hallhatnak az \u00e9rdekl\u0151d\u0151k \u2013 a r\u00e9szletes zenei k\u00edn\u00e1latr\u00f3l egy k\u00e9s\u0151bbi id\u0151pontban adnak t\u00e1j\u00e9koztat\u00e1st a szervez\u0151k, ugyanakkor az m\u00e1r most tudhat\u00f3, hogy az udvar zenei fell\u00e9p\u0151i m\u00e1r a Magyar Napok nyit\u00f3h\u00e9tv\u00e9g\u00e9j\u00e9n v\u00e1rni fogj\u00e1k az \u00e9rdekl\u0151d\u0151ket, ugyanis ekkor M\u00e1sik J\u00e1nos, valamint Ferenczi Gy\u00f6rgy \u00e9s a Rackajam produkci\u00f3inak \u00f6rvendhetnek a magyarnapoz\u00f3k \u2013, Magyarorsz\u00e1g kolozsv\u00e1ri f\u0151konzul\u00e1tus\u00e1nak udvar\u00e1n pedig \u2013 a #F\u0151t\u00e9r23 programhelysz\u00ednen, valamint a konzul\u00e1tus szervez\u00e9s\u00e9ben \u2013 f\u0151k\u00e9nt magyarorsz\u00e1gi megh\u00edvottakkal tal\u00e1lkozhatnak majd az \u00e9rdekl\u0151d\u0151k.<\/p>\n\n\n\n<p><strong> #F\u0151t\u00e9r23 \u2013 a konzul\u00e1tus szervez\u00e9s\u00e9ben <\/strong><\/p>\n\n\n\n<p>Grezsa Csaba \u00f6r\u00f6m\u00e9t fejezte ki azzal kapcsolatban, hogy a Kolozsv\u00e1ri Magyar Napok \u00fcnneps\u00e9gsorozat\u00e1ba bekapcsol\u00f3dva, imm\u00e1r negyedik \u00e9ve jelentkezhet \u00f6n\u00e1ll\u00f3 programhelysz\u00ednnel \u2013 #F\u0151\u00e9tr23 n\u00e9v alatt \u2013 Magyarorsz\u00e1g kolozsv\u00e1r f\u0151konzul\u00e1tusa. \u201eId\u00e9n is sz\u00ednes programk\u00edn\u00e1lattal k\u00e9sz\u00fcl\u00fcnk, amelyben helyet kapnak majd a gasztron\u00f3miai bemutat\u00f3k, a kultur\u00e1lis \u00e9s k\u00f6z\u00e9leti besz\u00e9lget\u00e9sek, valamint az esti, k\u00f6nny\u0171zenei koncertek is. A Kolozsv\u00e1ri Magyar Napok a K\u00e1rp\u00e1t-medence egyik legfontosabb rendezv\u00e9nysorozata, az pedig csak j\u00f3les\u0151 kih\u00edv\u00e1st jelent, hogy egy ilyen sz\u00ednes kultur\u00e1lis k\u00edn\u00e1latban megtal\u00e1ljuk a legmegfelel\u0151bb m\u00f3dj\u00e1t annak, hogy bemutassuk Magyarorsz\u00e1g kult\u00far\u00e1j\u00e1t. Koll\u00e9g\u00e1immal egy ideje m\u00e1r \u00e1thangoltuk napt\u00e1runkat egy saj\u00e1tos, Magyar Napokt\u00f3l Magyar Napokig tart\u00f3 id\u0151sz\u00e1m\u00edt\u00e1sra, \u00e9s biztos\u00edthatok mindenkit, hogy a #F\u0151t\u00e9r23 programhelysz\u00edn is t\u00e1rt kapukkal fogja v\u00e1rni az \u00e9rdekl\u0151d\u0151ket\u201d \u2013 mondta Grezsa Csaba. A f\u0151konzul hozz\u00e1tette: terveik szerint a Kolozsv\u00e1ri Magyar Napok ideje alatt keddt\u0151l vas\u00e1rnapig v\u00e1rj\u00e1k majd a l\u00e1togat\u00f3kat, a r\u00e9szletes programk\u00edn\u00e1latr\u00f3l pedig a rendezv\u00e9ny k\u00f6zeledt\u00e9vel adnak r\u00e9szletes t\u00e1j\u00e9koztat\u00e1st. <\/p>\n\n\n\n<p><strong>F\u0151t\u00e9ri nagykoncertek <\/strong><\/p>\n\n\n\n<p>A Kolozsv\u00e1ri Magyar Napok nagysz\u00ednpada id\u00e9n is sz\u00e1mos zenei k\u00fcl\u00f6nlegess\u00e9get \u00e9s garant\u00e1ltan feledhetetlen bulit k\u00edn\u00e1l a kolozsv\u00e1riaknak, valamint a kincses v\u00e1rosba l\u00e1togat\u00f3knak. Augusztus 18-\u00e1n \u2013 a hagyom\u00e1nyoknak megfelel\u0151en, valamint a Magyar Napok t\u00e1rsrendezv\u00e9nyek\u00e9nt \u2013 a 28. Szent Istv\u00e1n-napi N\u00e9pt\u00e1nctal\u00e1lkoz\u00f3 g\u00e1lam\u0171sor\u00e1ra ker\u00fcl sor. Ezt k\u00f6vet\u0151en (szerd\u00e1t\u00f3l) sz\u00e1mos koncerttel \u00e9s szt\u00e1rfell\u00e9p\u0151vel v\u00e1rj\u00e1k az \u00e9rdekl\u0151d\u0151ket. A szervez\u0151k mostani sajt\u00f3t\u00e1j\u00e9koztat\u00f3jukon \u2013 \u00e9s a teljess\u00e9g ig\u00e9nye n\u00e9lk\u00fcl \u2013 bejelentett\u00e9k: augusztus 19-\u00e9n 21 \u00f3r\u00e1t\u00f3l a Valkusz Mil\u00e1n \u00e9s Marics Peti alkotta Valmar zenekar l\u00e9p sz\u00ednpadra, augusztus 20-\u00e1n 19 \u00f3r\u00e1t\u00f3l \u2013 nemzeti \u00fcnnep\u00fcnk\u00f6n \u2013, pedig a Monarchia Operett nagyszab\u00e1s\u00fa, \u00fcnnepi m\u0171sor\u00e1nak \u00f6rvendhetnek a kolozsv\u00e1riak. Szint\u00e9n augusztus 20-\u00e1n l\u00e9p a f\u0151t\u00e9ri nagysz\u00ednpadra a Heaven Street Seven zenekar is. A produkci\u00f3 k\u00fcl\u00f6nlegess\u00e9ge, hogy a form\u00e1ci\u00f3 t\u00edz \u00e9vvel ezel\u0151tti feloszl\u00e1sa \u00f3ta nem zen\u00e9lt egy\u00fctt, \u00e9s id\u00e9n is mind\u00f6ssze h\u00e1rom koncertet adnak, amelyek k\u00f6z\u00fcl az egyik a kolozsv\u00e1ri lesz. Augusztus 21-\u00e9n (p\u00e9nteken) a Magna Cum Laude ad koncertet, augusztus 22-\u00e9n (szombaton) pedig \u00c1kos t\u00e9r vissza Kolozsv\u00e1r F\u0151ter\u00e9re. A Kolozsv\u00e1ri Magyar Napok z\u00e1r\u00f3napj\u00e1n a Kolozsv\u00e1ri Magyar Opera nagy n\u00e9pszer\u0171s\u00e9gnek \u00f6rvend\u0151 produkci\u00f3j\u00e1t, a Valahol Eur\u00f3p\u00e1bant l\u00e1thatj\u00e1k \u2013 szabadt\u00e9ren \u00e9s a f\u0151t\u00e9ri nagysz\u00ednpadon \u2013 a programsorozat r\u00e9sztvev\u0151i. A szervez\u0151k elmondt\u00e1k: a k\u00f6zelj\u00f6v\u0151ben t\u00e1j\u00e9koztat\u00e1st adnak majd a tov\u00e1bbi f\u0151t\u00e9ri fell\u00e9p\u0151kr\u0151l is. <\/p>\n\n\n\n<p><strong>Ki\u00e1ll\u00edt\u00e1sok a B\u00e1nffy-palot\u00e1ban <\/strong><\/p>\n\n\n\n<p>Ahogy azt a Kolozsv\u00e1ri Magyar Napok k\u00f6z\u00f6ns\u00e9ge m\u00e1r megszokhatta, a B\u00e1nffy-palot\u00e1ban m\u0171k\u00f6d\u0151 M\u0171v\u00e9szeti M\u00fazeum is v\u00e1ltozatos ki\u00e1ll\u00edt\u00e1sokkal v\u00e1rja majd az \u00e9rdekl\u0151d\u0151ket \u2013 m\u00e1r az \u00fcnnepi nyit\u00f3g\u00e1l\u00e1t megel\u0151z\u0151 napokt\u00f3l. Itt ker\u00fcl megszervez\u00e9sre a kolozsv\u00e1ri sz\u00fclet\u00e9s\u0171 Cseh Guszt\u00e1v \u00e9letm\u0171ki\u00e1ll\u00edt\u00e1sa, amelynek keret\u00e9ben az 1985-ben elhunyt grafikusm\u0171v\u00e9sz munk\u00e1ib\u00f3l l\u00e1thatnak egy reprezentat\u00edv v\u00e1logat\u00e1st a l\u00e1togat\u00f3k, valamint ugyanitt tekinthetik majd meg a Helikon 100 eml\u00e9k\u00e9vhez k\u00f6t\u0151d\u0151 t\u00e1rlatot is. Mint ismeretes, id\u00e9n lesz 100 \u00e9ve annak, hogy Kem\u00e9ny J\u00e1nos \u00e9s feles\u00e9ge, Auguszta megh\u00edv\u00e1s\u00e1ra, a Marosv\u00e9csen \u00f6sszegy\u0171lt erd\u00e9lyi \u00edr\u00f3k l\u00e9trehozt\u00e1k az egyik legjelent\u0151sebb erd\u00e9lyi magyar \u00edr\u00f3k\u00f6z\u00f6ss\u00e9get, az Erd\u00e9lyi Helikont. Ugyancsak a B\u00e1nffy-palota ad otthont majd a Gy\u00f6rk\u00f6s M\u00e1nyi Albert-\u00e9letm\u0171ki\u00e1ll\u00edt\u00e1snak, \u00e9s egy kib\u0151v\u00edtett form\u00e1ban jelentkezik \u00fajra az a kolozsv\u00e1ri k\u00e9peslap-ki\u00e1ll\u00edt\u00e1s is, amely k\u00e9t \u00e9ve Kolozsv\u00e1r F\u0151ter\u00e9t, a hajdan volt \u00e9s ma is ott \u00e1ll\u00f3 k\u00f6zt\u00e9ri alkot\u00e1sokat, valamint a F\u0151t\u00e9rr\u0151l bel\u00e1that\u00f3 utcar\u00e9szleteket mutatta be az 1890-es \u00e9vekt\u0151l a modern id\u0151kig, az idei t\u00e1rlat v\u00e1llal\u00e1sa azonban enn\u00e9l is ambici\u00f3zusabb: imm\u00e1r a r\u00e9gvolt Kolozsv\u00e1r tov\u00e1bbi emblematikus tereit, utc\u00e1it \u00e9s t\u00f6rt\u00e9nelmi jelent\u0151s\u00e9g\u0171 \u00e9p\u00fcleteit is bemutatni sz\u00e1nd\u00e9kozik, \u00e1tfog\u00f3 v\u00e1logat\u00e1s\u00e1t adva annak a csaknem t\u00edzezer k\u00e9peslapnak, amelyet Bense Jen\u0151 \u00e9s Gergely Bal\u00e1zs gy\u0171jt\u00f6ttek \u00f6ssze az elm\u00falt \u00e9vtizedekben. \u00c1lland\u00f3 t\u00e1rlat-helysz\u00ednk\u00e9nt jelentkezik id\u00e9n is a Szentegyh\u00e1z utca 4. sz\u00e1m alatt tal\u00e1lhat\u00f3 ki\u00e1ll\u00edt\u00f3t\u00e9r, ahol Kall\u00f3s Zolt\u00e1n sz\u00fclet\u00e9s\u00e9nek 100 \u00e9vfordul\u00f3ja alkalm\u00e1b\u00f3l ny\u00edlik t\u00e1rlat, a Szab\u00f3k-b\u00e1sty\u00e1j\u00e1ban pedig a fenn\u00e1ll\u00e1s\u00e1nak 60-ik \u00e9vfordul\u00f3j\u00e1t \u00fcnnepl\u0151 Kolozsv\u00e1ri Amat\u0151r Barlang\u00e1sz Klub k\u00e9sz\u00fcl ki\u00e1ll\u00edt\u00e1ssal. <\/p>\n\n\n\n<p><strong>\u00c1prilis 24-ig v\u00e1rj\u00e1k a programfelaj\u00e1nl\u00e1sokat <\/strong><\/p>\n\n\n\n<p>A sajt\u00f3t\u00e1j\u00e9koztat\u00f3 v\u00e9g\u00e9n elhangzott: \u00e1prilis 24-ig k\u00fcldhetik be \u2013 a kolozsvar@magyarnapok.ro c\u00edmre \u2013 programfelaj\u00e1nl\u00e1saikat mindazok a civil-kultur\u00e1lis szervez\u0151d\u00e9sek, akik saj\u00e1t rendezv\u00e9nyeikkel k\u00edv\u00e1nnak megjelenni a 17. Kolozsv\u00e1ri Magyar Napok programk\u00edn\u00e1lat\u00e1ban. A rendezv\u00e9nysorozattal kapcsolatos tov\u00e1bbi inform\u00e1ci\u00f3k pedig el\u00e9rhet\u0151k lesznek a magyarnapok Facebook-, Instagram- \u00e9s TikTok-oldal\u00e1n, valamint a rendezv\u00e9ny k\u00f6zeledt\u00e9vel el\u00e9rhet\u0151v\u00e9 v\u00e1l\u00f3 www.magyarnapok.ro oldalon.<\/p>\n","protected":false},"excerpt":{"rendered":"<p>Az augusztus 16-23. k\u00f6z\u00f6tt imm\u00e1r a 17. kiad\u00e1s\u00e1val jelentkez\u0151 Kolozsv\u00e1ri Magyar Napokkal kapcsolatos legfontosabb tudnival\u00f3kat ismertette Gergely Bal\u00e1zs, a Kincses Kolozsv\u00e1r Egyes\u00fclet eln\u00f6ke, a Kolozsv\u00e1ri Magyar Napok f\u0151szervez\u0151je, Szab\u00f3 Lilla, a rendezv\u00e9nysorozat programigazgat\u00f3ja \u00e9s Grezsa Csaba, Magyarorsz\u00e1g kolozsv\u00e1ri f\u0151konzulja. Az esem\u00e9ny egyben egy \u00faj kolozsv\u00e1ri kultur\u00e1lis t\u00e9r, a Kolozsv\u00e1ri Magyar Szalon sajt\u00f3bemutat\u00f3ja is volt. A [&hellip;]<\/p>\n","protected":false},"author":11,"featured_media":8926,"comment_status":"closed","ping_status":"open","sticky":false,"template":"","format":"standard","meta":{"_acf_changed":false,"footnotes":""},"categories":[1],"tags":[],"class_list":["post-8925","post","type-post","status-publish","format-standard","has-post-thumbnail","hentry","category-egyeb"],"acf":[],"yoast_head":"<!-- This site is optimized with the Yoast SEO plugin v25.5 - https:\/\/yoast.com\/wordpress\/plugins\/seo\/ -->\n<title>T\u00e1rt kapukkal - 17. Kolozsv\u00e1ri Magyar Napok - Kolozsv\u00e1ri Magyar Napok 2025<\/title>\n<meta name=\"robots\" content=\"index, follow, max-snippet:-1, max-image-preview:large, max-video-preview:-1\" \/>\n<link rel=\"canonical\" href=\"https:\/\/magyarnapok.ro\/2025\/tart-kapukkal-17-kolozsvari-magyar-napok\/\" \/>\n<meta property=\"og:locale\" content=\"hu_HU\" \/>\n<meta property=\"og:type\" content=\"article\" \/>\n<meta property=\"og:title\" content=\"T\u00e1rt kapukkal - 17. Kolozsv\u00e1ri Magyar Napok - Kolozsv\u00e1ri Magyar Napok 2025\" \/>\n<meta property=\"og:description\" content=\"Az augusztus 16-23. k\u00f6z\u00f6tt imm\u00e1r a 17. kiad\u00e1s\u00e1val jelentkez\u0151 Kolozsv\u00e1ri Magyar Napokkal kapcsolatos legfontosabb tudnival\u00f3kat ismertette Gergely Bal\u00e1zs, a Kincses Kolozsv\u00e1r Egyes\u00fclet eln\u00f6ke, a Kolozsv\u00e1ri Magyar Napok f\u0151szervez\u0151je, Szab\u00f3 Lilla, a rendezv\u00e9nysorozat programigazgat\u00f3ja \u00e9s Grezsa Csaba, Magyarorsz\u00e1g kolozsv\u00e1ri f\u0151konzulja. Az esem\u00e9ny egyben egy \u00faj kolozsv\u00e1ri kultur\u00e1lis t\u00e9r, a Kolozsv\u00e1ri Magyar Szalon sajt\u00f3bemutat\u00f3ja is volt. A [&hellip;]\" \/>\n<meta property=\"og:url\" content=\"https:\/\/magyarnapok.ro\/2025\/tart-kapukkal-17-kolozsvari-magyar-napok\/\" \/>\n<meta property=\"og:site_name\" content=\"Kolozsv\u00e1ri Magyar Napok 2025\" \/>\n<meta property=\"article:publisher\" content=\"https:\/\/www.facebook.com\/magyarnapok\" \/>\n<meta property=\"article:published_time\" content=\"2026-03-19T12:09:40+00:00\" \/>\n<meta property=\"article:modified_time\" content=\"2026-03-19T12:09:41+00:00\" \/>\n<meta property=\"og:image\" content=\"https:\/\/magyarnapok.ro\/2025\/wp-content\/uploads\/2026\/03\/kmn-2026_szalon_0319_11110214_0012_VLB-scaled.jpg\" \/>\n\t<meta property=\"og:image:width\" content=\"2560\" \/>\n\t<meta property=\"og:image:height\" content=\"1707\" \/>\n\t<meta property=\"og:image:type\" content=\"image\/jpeg\" \/>\n<meta name=\"author\" content=\"Tam\u00e1s Lovassy Cseh\" \/>\n<meta name=\"twitter:card\" content=\"summary_large_image\" \/>\n<meta name=\"twitter:label1\" content=\"Szerz\u0151:\" \/>\n\t<meta name=\"twitter:data1\" content=\"Tam\u00e1s Lovassy Cseh\" \/>\n\t<meta name=\"twitter:label2\" content=\"Becs\u00fclt olvas\u00e1si id\u0151\" \/>\n\t<meta name=\"twitter:data2\" content=\"10 perc\" \/>\n<script type=\"application\/ld+json\" class=\"yoast-schema-graph\">{\"@context\":\"https:\/\/schema.org\",\"@graph\":[{\"@type\":\"Article\",\"@id\":\"https:\/\/magyarnapok.ro\/2025\/tart-kapukkal-17-kolozsvari-magyar-napok\/#article\",\"isPartOf\":{\"@id\":\"https:\/\/magyarnapok.ro\/2025\/tart-kapukkal-17-kolozsvari-magyar-napok\/\"},\"author\":{\"name\":\"Tam\u00e1s Lovassy Cseh\",\"@id\":\"https:\/\/magyarnapok.ro\/2025\/#\/schema\/person\/7a7860b12c473932cc8e514998537e1a\"},\"headline\":\"T\u00e1rt kapukkal &#8211; 17. Kolozsv\u00e1ri Magyar Napok\",\"datePublished\":\"2026-03-19T12:09:40+00:00\",\"dateModified\":\"2026-03-19T12:09:41+00:00\",\"mainEntityOfPage\":{\"@id\":\"https:\/\/magyarnapok.ro\/2025\/tart-kapukkal-17-kolozsvari-magyar-napok\/\"},\"wordCount\":2815,\"publisher\":{\"@id\":\"https:\/\/magyarnapok.ro\/2025\/#organization\"},\"image\":{\"@id\":\"https:\/\/magyarnapok.ro\/2025\/tart-kapukkal-17-kolozsvari-magyar-napok\/#primaryimage\"},\"thumbnailUrl\":\"https:\/\/magyarnapok.ro\/2025\/wp-content\/uploads\/2026\/03\/kmn-2026_szalon_0319_11110214_0012_VLB-scaled.jpg\",\"inLanguage\":\"hu\"},{\"@type\":\"WebPage\",\"@id\":\"https:\/\/magyarnapok.ro\/2025\/tart-kapukkal-17-kolozsvari-magyar-napok\/\",\"url\":\"https:\/\/magyarnapok.ro\/2025\/tart-kapukkal-17-kolozsvari-magyar-napok\/\",\"name\":\"T\u00e1rt kapukkal - 17. Kolozsv\u00e1ri Magyar Napok - Kolozsv\u00e1ri Magyar Napok 2025\",\"isPartOf\":{\"@id\":\"https:\/\/magyarnapok.ro\/2025\/#website\"},\"primaryImageOfPage\":{\"@id\":\"https:\/\/magyarnapok.ro\/2025\/tart-kapukkal-17-kolozsvari-magyar-napok\/#primaryimage\"},\"image\":{\"@id\":\"https:\/\/magyarnapok.ro\/2025\/tart-kapukkal-17-kolozsvari-magyar-napok\/#primaryimage\"},\"thumbnailUrl\":\"https:\/\/magyarnapok.ro\/2025\/wp-content\/uploads\/2026\/03\/kmn-2026_szalon_0319_11110214_0012_VLB-scaled.jpg\",\"datePublished\":\"2026-03-19T12:09:40+00:00\",\"dateModified\":\"2026-03-19T12:09:41+00:00\",\"breadcrumb\":{\"@id\":\"https:\/\/magyarnapok.ro\/2025\/tart-kapukkal-17-kolozsvari-magyar-napok\/#breadcrumb\"},\"inLanguage\":\"hu\",\"potentialAction\":[{\"@type\":\"ReadAction\",\"target\":[\"https:\/\/magyarnapok.ro\/2025\/tart-kapukkal-17-kolozsvari-magyar-napok\/\"]}]},{\"@type\":\"ImageObject\",\"inLanguage\":\"hu\",\"@id\":\"https:\/\/magyarnapok.ro\/2025\/tart-kapukkal-17-kolozsvari-magyar-napok\/#primaryimage\",\"url\":\"https:\/\/magyarnapok.ro\/2025\/wp-content\/uploads\/2026\/03\/kmn-2026_szalon_0319_11110214_0012_VLB-scaled.jpg\",\"contentUrl\":\"https:\/\/magyarnapok.ro\/2025\/wp-content\/uploads\/2026\/03\/kmn-2026_szalon_0319_11110214_0012_VLB-scaled.jpg\",\"width\":2560,\"height\":1707},{\"@type\":\"BreadcrumbList\",\"@id\":\"https:\/\/magyarnapok.ro\/2025\/tart-kapukkal-17-kolozsvari-magyar-napok\/#breadcrumb\",\"itemListElement\":[{\"@type\":\"ListItem\",\"position\":1,\"name\":\"Kezd\u0151lap\",\"item\":\"https:\/\/magyarnapok.ro\/2025\/\"},{\"@type\":\"ListItem\",\"position\":2,\"name\":\"T\u00e1rt kapukkal &#8211; 17. Kolozsv\u00e1ri Magyar Napok\"}]},{\"@type\":\"WebSite\",\"@id\":\"https:\/\/magyarnapok.ro\/2025\/#website\",\"url\":\"https:\/\/magyarnapok.ro\/2025\/\",\"name\":\"Kolozsv\u00e1ri Magyar Napok 2025\",\"description\":\"Helyben vagyunk!\",\"publisher\":{\"@id\":\"https:\/\/magyarnapok.ro\/2025\/#organization\"},\"potentialAction\":[{\"@type\":\"SearchAction\",\"target\":{\"@type\":\"EntryPoint\",\"urlTemplate\":\"https:\/\/magyarnapok.ro\/2025\/?s={search_term_string}\"},\"query-input\":{\"@type\":\"PropertyValueSpecification\",\"valueRequired\":true,\"valueName\":\"search_term_string\"}}],\"inLanguage\":\"hu\"},{\"@type\":\"Organization\",\"@id\":\"https:\/\/magyarnapok.ro\/2025\/#organization\",\"name\":\"Kolozsv\u00e1ri Magyar Napok 2025\",\"url\":\"https:\/\/magyarnapok.ro\/2025\/\",\"logo\":{\"@type\":\"ImageObject\",\"inLanguage\":\"hu\",\"@id\":\"https:\/\/magyarnapok.ro\/2025\/#\/schema\/logo\/image\/\",\"url\":\"https:\/\/magyarnapok.ro\/2025\/wp-content\/uploads\/2024\/03\/KMN2023-www-logo-01.png\",\"contentUrl\":\"https:\/\/magyarnapok.ro\/2025\/wp-content\/uploads\/2024\/03\/KMN2023-www-logo-01.png\",\"width\":762,\"height\":589,\"caption\":\"Kolozsv\u00e1ri Magyar Napok 2025\"},\"image\":{\"@id\":\"https:\/\/magyarnapok.ro\/2025\/#\/schema\/logo\/image\/\"},\"sameAs\":[\"https:\/\/www.facebook.com\/magyarnapok\",\"https:\/\/www.instagram.com\/magyarnapok\/\",\"https:\/\/www.youtube.com\/c\/KolozsvriMagyarNapok2015\",\"https:\/\/www.tiktok.com\/@kmn_kolozsvar\"]},{\"@type\":\"Person\",\"@id\":\"https:\/\/magyarnapok.ro\/2025\/#\/schema\/person\/7a7860b12c473932cc8e514998537e1a\",\"name\":\"Tam\u00e1s Lovassy Cseh\",\"image\":{\"@type\":\"ImageObject\",\"inLanguage\":\"hu\",\"@id\":\"https:\/\/magyarnapok.ro\/2025\/#\/schema\/person\/image\/\",\"url\":\"https:\/\/secure.gravatar.com\/avatar\/4133cddc47b09222e9404029aecc85e8f138911d384031062807c2b8c25f4e1c?s=96&d=mm&r=g\",\"contentUrl\":\"https:\/\/secure.gravatar.com\/avatar\/4133cddc47b09222e9404029aecc85e8f138911d384031062807c2b8c25f4e1c?s=96&d=mm&r=g\",\"caption\":\"Tam\u00e1s Lovassy Cseh\"},\"url\":\"https:\/\/magyarnapok.ro\/2025\/author\/elcsete\/\"}]}<\/script>\n<!-- \/ Yoast SEO plugin. -->","yoast_head_json":{"title":"T\u00e1rt kapukkal - 17. Kolozsv\u00e1ri Magyar Napok - Kolozsv\u00e1ri Magyar Napok 2025","robots":{"index":"index","follow":"follow","max-snippet":"max-snippet:-1","max-image-preview":"max-image-preview:large","max-video-preview":"max-video-preview:-1"},"canonical":"https:\/\/magyarnapok.ro\/2025\/tart-kapukkal-17-kolozsvari-magyar-napok\/","og_locale":"hu_HU","og_type":"article","og_title":"T\u00e1rt kapukkal - 17. Kolozsv\u00e1ri Magyar Napok - Kolozsv\u00e1ri Magyar Napok 2025","og_description":"Az augusztus 16-23. k\u00f6z\u00f6tt imm\u00e1r a 17. kiad\u00e1s\u00e1val jelentkez\u0151 Kolozsv\u00e1ri Magyar Napokkal kapcsolatos legfontosabb tudnival\u00f3kat ismertette Gergely Bal\u00e1zs, a Kincses Kolozsv\u00e1r Egyes\u00fclet eln\u00f6ke, a Kolozsv\u00e1ri Magyar Napok f\u0151szervez\u0151je, Szab\u00f3 Lilla, a rendezv\u00e9nysorozat programigazgat\u00f3ja \u00e9s Grezsa Csaba, Magyarorsz\u00e1g kolozsv\u00e1ri f\u0151konzulja. Az esem\u00e9ny egyben egy \u00faj kolozsv\u00e1ri kultur\u00e1lis t\u00e9r, a Kolozsv\u00e1ri Magyar Szalon sajt\u00f3bemutat\u00f3ja is volt. A [&hellip;]","og_url":"https:\/\/magyarnapok.ro\/2025\/tart-kapukkal-17-kolozsvari-magyar-napok\/","og_site_name":"Kolozsv\u00e1ri Magyar Napok 2025","article_publisher":"https:\/\/www.facebook.com\/magyarnapok","article_published_time":"2026-03-19T12:09:40+00:00","article_modified_time":"2026-03-19T12:09:41+00:00","og_image":[{"width":2560,"height":1707,"url":"https:\/\/magyarnapok.ro\/2025\/wp-content\/uploads\/2026\/03\/kmn-2026_szalon_0319_11110214_0012_VLB-scaled.jpg","type":"image\/jpeg"}],"author":"Tam\u00e1s Lovassy Cseh","twitter_card":"summary_large_image","twitter_misc":{"Szerz\u0151:":"Tam\u00e1s Lovassy Cseh","Becs\u00fclt olvas\u00e1si id\u0151":"10 perc"},"schema":{"@context":"https:\/\/schema.org","@graph":[{"@type":"Article","@id":"https:\/\/magyarnapok.ro\/2025\/tart-kapukkal-17-kolozsvari-magyar-napok\/#article","isPartOf":{"@id":"https:\/\/magyarnapok.ro\/2025\/tart-kapukkal-17-kolozsvari-magyar-napok\/"},"author":{"name":"Tam\u00e1s Lovassy Cseh","@id":"https:\/\/magyarnapok.ro\/2025\/#\/schema\/person\/7a7860b12c473932cc8e514998537e1a"},"headline":"T\u00e1rt kapukkal &#8211; 17. Kolozsv\u00e1ri Magyar Napok","datePublished":"2026-03-19T12:09:40+00:00","dateModified":"2026-03-19T12:09:41+00:00","mainEntityOfPage":{"@id":"https:\/\/magyarnapok.ro\/2025\/tart-kapukkal-17-kolozsvari-magyar-napok\/"},"wordCount":2815,"publisher":{"@id":"https:\/\/magyarnapok.ro\/2025\/#organization"},"image":{"@id":"https:\/\/magyarnapok.ro\/2025\/tart-kapukkal-17-kolozsvari-magyar-napok\/#primaryimage"},"thumbnailUrl":"https:\/\/magyarnapok.ro\/2025\/wp-content\/uploads\/2026\/03\/kmn-2026_szalon_0319_11110214_0012_VLB-scaled.jpg","inLanguage":"hu"},{"@type":"WebPage","@id":"https:\/\/magyarnapok.ro\/2025\/tart-kapukkal-17-kolozsvari-magyar-napok\/","url":"https:\/\/magyarnapok.ro\/2025\/tart-kapukkal-17-kolozsvari-magyar-napok\/","name":"T\u00e1rt kapukkal - 17. Kolozsv\u00e1ri Magyar Napok - Kolozsv\u00e1ri Magyar Napok 2025","isPartOf":{"@id":"https:\/\/magyarnapok.ro\/2025\/#website"},"primaryImageOfPage":{"@id":"https:\/\/magyarnapok.ro\/2025\/tart-kapukkal-17-kolozsvari-magyar-napok\/#primaryimage"},"image":{"@id":"https:\/\/magyarnapok.ro\/2025\/tart-kapukkal-17-kolozsvari-magyar-napok\/#primaryimage"},"thumbnailUrl":"https:\/\/magyarnapok.ro\/2025\/wp-content\/uploads\/2026\/03\/kmn-2026_szalon_0319_11110214_0012_VLB-scaled.jpg","datePublished":"2026-03-19T12:09:40+00:00","dateModified":"2026-03-19T12:09:41+00:00","breadcrumb":{"@id":"https:\/\/magyarnapok.ro\/2025\/tart-kapukkal-17-kolozsvari-magyar-napok\/#breadcrumb"},"inLanguage":"hu","potentialAction":[{"@type":"ReadAction","target":["https:\/\/magyarnapok.ro\/2025\/tart-kapukkal-17-kolozsvari-magyar-napok\/"]}]},{"@type":"ImageObject","inLanguage":"hu","@id":"https:\/\/magyarnapok.ro\/2025\/tart-kapukkal-17-kolozsvari-magyar-napok\/#primaryimage","url":"https:\/\/magyarnapok.ro\/2025\/wp-content\/uploads\/2026\/03\/kmn-2026_szalon_0319_11110214_0012_VLB-scaled.jpg","contentUrl":"https:\/\/magyarnapok.ro\/2025\/wp-content\/uploads\/2026\/03\/kmn-2026_szalon_0319_11110214_0012_VLB-scaled.jpg","width":2560,"height":1707},{"@type":"BreadcrumbList","@id":"https:\/\/magyarnapok.ro\/2025\/tart-kapukkal-17-kolozsvari-magyar-napok\/#breadcrumb","itemListElement":[{"@type":"ListItem","position":1,"name":"Kezd\u0151lap","item":"https:\/\/magyarnapok.ro\/2025\/"},{"@type":"ListItem","position":2,"name":"T\u00e1rt kapukkal &#8211; 17. Kolozsv\u00e1ri Magyar Napok"}]},{"@type":"WebSite","@id":"https:\/\/magyarnapok.ro\/2025\/#website","url":"https:\/\/magyarnapok.ro\/2025\/","name":"Kolozsv\u00e1ri Magyar Napok 2025","description":"Helyben vagyunk!","publisher":{"@id":"https:\/\/magyarnapok.ro\/2025\/#organization"},"potentialAction":[{"@type":"SearchAction","target":{"@type":"EntryPoint","urlTemplate":"https:\/\/magyarnapok.ro\/2025\/?s={search_term_string}"},"query-input":{"@type":"PropertyValueSpecification","valueRequired":true,"valueName":"search_term_string"}}],"inLanguage":"hu"},{"@type":"Organization","@id":"https:\/\/magyarnapok.ro\/2025\/#organization","name":"Kolozsv\u00e1ri Magyar Napok 2025","url":"https:\/\/magyarnapok.ro\/2025\/","logo":{"@type":"ImageObject","inLanguage":"hu","@id":"https:\/\/magyarnapok.ro\/2025\/#\/schema\/logo\/image\/","url":"https:\/\/magyarnapok.ro\/2025\/wp-content\/uploads\/2024\/03\/KMN2023-www-logo-01.png","contentUrl":"https:\/\/magyarnapok.ro\/2025\/wp-content\/uploads\/2024\/03\/KMN2023-www-logo-01.png","width":762,"height":589,"caption":"Kolozsv\u00e1ri Magyar Napok 2025"},"image":{"@id":"https:\/\/magyarnapok.ro\/2025\/#\/schema\/logo\/image\/"},"sameAs":["https:\/\/www.facebook.com\/magyarnapok","https:\/\/www.instagram.com\/magyarnapok\/","https:\/\/www.youtube.com\/c\/KolozsvriMagyarNapok2015","https:\/\/www.tiktok.com\/@kmn_kolozsvar"]},{"@type":"Person","@id":"https:\/\/magyarnapok.ro\/2025\/#\/schema\/person\/7a7860b12c473932cc8e514998537e1a","name":"Tam\u00e1s Lovassy Cseh","image":{"@type":"ImageObject","inLanguage":"hu","@id":"https:\/\/magyarnapok.ro\/2025\/#\/schema\/person\/image\/","url":"https:\/\/secure.gravatar.com\/avatar\/4133cddc47b09222e9404029aecc85e8f138911d384031062807c2b8c25f4e1c?s=96&d=mm&r=g","contentUrl":"https:\/\/secure.gravatar.com\/avatar\/4133cddc47b09222e9404029aecc85e8f138911d384031062807c2b8c25f4e1c?s=96&d=mm&r=g","caption":"Tam\u00e1s Lovassy Cseh"},"url":"https:\/\/magyarnapok.ro\/2025\/author\/elcsete\/"}]}},"lang":"hu","translations":{"hu":8925},"pll_sync_post":[],"_links":{"self":[{"href":"https:\/\/magyarnapok.ro\/2025\/wp-json\/wp\/v2\/posts\/8925","targetHints":{"allow":["GET"]}}],"collection":[{"href":"https:\/\/magyarnapok.ro\/2025\/wp-json\/wp\/v2\/posts"}],"about":[{"href":"https:\/\/magyarnapok.ro\/2025\/wp-json\/wp\/v2\/types\/post"}],"author":[{"embeddable":true,"href":"https:\/\/magyarnapok.ro\/2025\/wp-json\/wp\/v2\/users\/11"}],"replies":[{"embeddable":true,"href":"https:\/\/magyarnapok.ro\/2025\/wp-json\/wp\/v2\/comments?post=8925"}],"version-history":[{"count":1,"href":"https:\/\/magyarnapok.ro\/2025\/wp-json\/wp\/v2\/posts\/8925\/revisions"}],"predecessor-version":[{"id":8927,"href":"https:\/\/magyarnapok.ro\/2025\/wp-json\/wp\/v2\/posts\/8925\/revisions\/8927"}],"wp:featuredmedia":[{"embeddable":true,"href":"https:\/\/magyarnapok.ro\/2025\/wp-json\/wp\/v2\/media\/8926"}],"wp:attachment":[{"href":"https:\/\/magyarnapok.ro\/2025\/wp-json\/wp\/v2\/media?parent=8925"}],"wp:term":[{"taxonomy":"category","embeddable":true,"href":"https:\/\/magyarnapok.ro\/2025\/wp-json\/wp\/v2\/categories?post=8925"},{"taxonomy":"post_tag","embeddable":true,"href":"https:\/\/magyarnapok.ro\/2025\/wp-json\/wp\/v2\/tags?post=8925"}],"curies":[{"name":"wp","href":"https:\/\/api.w.org\/{rel}","templated":true}]}}